{"id":11642,"date":"2022-07-13T16:08:19","date_gmt":"2022-07-13T19:08:19","guid":{"rendered":"https:\/\/alprestamo.com\/blog\/2022\/07\/13\/el-dolar-y-el-euro-cotizan-a-la-par-por-primera-desde-finales-de-2002\/"},"modified":"2022-07-13T16:08:19","modified_gmt":"2022-07-13T19:08:19","slug":"el-dolar-y-el-euro-cotizan-a-la-par-por-primera-desde-finales-de-2002","status":"publish","type":"post","link":"https:\/\/alprestamo.com\/blog\/el-dolar-y-el-euro-cotizan-a-la-par-por-primera-desde-finales-de-2002\/","title":{"rendered":"El d\u00f3lar y el euro cotizan a la par por primera desde finales de 2002"},"content":{"rendered":"\n<p>El d\u00eda de ayer fue hist\u00f3rico en el mundo de las finanzas debido a que el d\u00f3lar y el euro llegaron a cotizar a la par despu\u00e9s de 20 a\u00f1os, rompiendo un umbral simb\u00f3lico que no se daba hace mucho. Es la primera vez que sucede desde que se cre\u00f3 la moneda de la Uni\u00f3n Europea lo que caus\u00f3 revuelo en los mercados.<\/p>\n\n\n\n<p>En el siguiente art\u00edculo te contamos el por qu\u00e9 de esta inedita paridad.<\/p>\n\n\n\n<p><strong>Contexto y efectos reflejados en la econom\u00eda<\/strong><\/p>\n\n\n\n<p>La guerra Rusia-Ucrania sigue teniendo efectos en el resto de Europa, lo que hizo cambiar el rumbo econ\u00f3mico de distintos pa\u00edses como as\u00ed tambi\u00e9n establecer posiciones estrat\u00e9gicas y determinantes frente a este gran conflicto. Tal es as\u00ed, que actualmente hay temores crecientes de que Europa caiga en una recesi\u00f3n producto del impacto que tiene la guerra en los precios de la energ\u00eda y otros commodities.<\/p>\n\n\n\n<p>En este contexto, la cotizaci\u00f3n del euro frente al d\u00f3lar acentu\u00f3 su debilidad y qued\u00f3 reflejado ya que la moneda europea lleg\u00f3 a la paridad con la divisa estadounidense por primera vez desde diciembre de 2002, cuando se cre\u00f3 el euro.&nbsp;<\/p>\n\n\n\n<p>M\u00e1s concretamente, el cruce del euro con la moneda estadounidense lleg\u00f3 hasta un m\u00ednimo de 1,0053 d\u00f3lares por unidad, el nivel m\u00e1s bajo desde diciembre de 2002, un 1,1% por debajo del precio del cierre de la rueda anterior. Lo que genera una acumulaci\u00f3n en t\u00e9rminos de depreciaci\u00f3n de alrededor del 12% respecto del d\u00f3lar en lo que va del a\u00f1o y lo que gener\u00f3 tambi\u00e9n que los principales mercados burs\u00e1tiles de Europa retrocedieran bruscamente.<\/p>\n\n\n\n<p>Al ser tan llamativo este movimiento, provoc\u00f3 diversas especulaciones sobre una posible intervenci\u00f3n del Banco Central Europeo (BCE), pero esto por el momento fue negado por fuentes de Reuters.&nbsp;<\/p>\n\n\n\n<p><strong>\u00bfA qu\u00e9 se debe esta paridad?<\/strong><\/p>\n\n\n\n<p>Ya era noticia que por primera vez en mucho tiempo, Estados Unidos hab\u00eda alcanzado niveles de inflaci\u00f3n in\u00e9ditos, pero este no es el \u00fanico pa\u00eds que afronta con el problema. Este es un dilema mundial, ya que estos son los niveles m\u00e1s altos en d\u00e9cadas por el aumento de los precios de la energ\u00eda, sumado a la postura de la Fed de subir las tasas de inter\u00e9s en Estados Unidos de manera m\u00e1s agresiva que el Banco Central Europeo (BCE). Esto, en definitiva, tuvo consecuencias en el mercado europeo y es un factor clave para la p\u00e9rdida del valor del euro.<\/p>\n\n\n\n<p>Como dijimos previamente, a esto se le suma el impacto de la guerra de Rusia y Ucrania, sorpresiva para muchos pa\u00edses, pero que finalmente tuvo como consecuencia la complicaci\u00f3n en el acceso al gas y al petr\u00f3leo de Rusia, principal fuente de energ\u00eda de la zona euro. Paralelamente, la empresa rusa Gazprom inici\u00f3 un mantenimiento en su gasoducto Nord Stream 1.<\/p>\n\n\n\n<p>Aunque te\u00f3ricamente se trata de un trabajo que se program\u00f3 con mucha anticipaci\u00f3n, el temor es que, dado el nivel de tensi\u00f3n entre Rusia y Occidente, Gazprom podr\u00eda aprovechar la oportunidad para simplemente no abrir las v\u00e1lvulas de nuevo y afectar de esta forma el suministro del Viejo Continente.<\/p>\n\n\n\n<p><strong>\u00bfC\u00f3mo afecta esto en nuestras econom\u00edas?<\/strong><\/p>\n\n\n\n<p>Si bien ninguna de las dos monedas son las oficiales en Argentina, tanto los movimientos del d\u00f3lar como del euro tienen impacto en precios de diferentes productos, como as\u00ed tambi\u00e9n a nivel mercado en general. Por eso, mientras m\u00e1s informados estemos, mayores herramientas tendremos en <a href=\\\"https:\/\/alprestamo.com\/blog\/como-planificar-a-la-hora-de-invertir-en-argentina\/\\\">t\u00e9rminos de inversi\u00f3n<\/a> o si conviene tener d\u00f3lares ahorrados por ejemplo o no.<\/p>\n","protected":false},"excerpt":{"rendered":"<p>El d\u00eda de ayer fue hist\u00f3rico en el mundo de las finanzas debido a que el d\u00f3lar y el euro llegaron a cotizar a la par despu\u00e9s de 20 a\u00f1os, rompiendo un umbral simb\u00f3lico que no se daba hace mucho. Es la primera vez que sucede desde que se cre\u00f3 la moneda de la Uni\u00f3n &hellip;<\/p>\n<p class=\"read-more\"> <a class=\"\" href=\"https:\/\/alprestamo.com\/blog\/el-dolar-y-el-euro-cotizan-a-la-par-por-primera-desde-finales-de-2002\/\"> <span class=\"screen-reader-text\">El d\u00f3lar y el euro cotizan a la par por primera desde finales de 2002<\/span> Leer m\u00e1s &raquo;<\/a><\/p>\n","protected":false},"author":1,"featured_media":11644,"comment_status":"closed","ping_status":"closed","sticky":false,"template":"","format":"standard","meta":{"_uag_custom_page_level_css":"","site-sidebar-layout":"default","site-content-layout":"default","ast-global-header-display":"","ast-banner-title-visibility":"","ast-main-header-display":"","ast-hfb-above-header-display":"","ast-hfb-below-header-display":"","ast-hfb-mobile-header-display":"","site-post-title":"","ast-breadcrumbs-content":"","ast-featured-img":"","footer-sml-layout":"","theme-transparent-header-meta":"","adv-header-id-meta":"","stick-header-meta":"","header-above-stick-meta":"","header-main-stick-meta":"","header-below-stick-meta":"","footnotes":""},"categories":[92,20],"tags":[],"class_list":["post-11642","post","type-post","status-publish","format-standard","has-post-thumbnail","hentry","category-ar","category-economia-finanzas-ar"],"acf":[],"yoast_head":"<!-- This site is optimized with the Yoast SEO plugin v23.2 - https:\/\/yoast.com\/wordpress\/plugins\/seo\/ -->\n<title>El d\u00f3lar y el euro cotizan a la par por primera desde finales de 2002<\/title>\n<meta name=\"description\" content=\"El d\u00eda de ayer fue hist\u00f3rico en el mundo de las finanzas debido a que el d\u00f3lar y el euro llegaron a cotizar a la par despu\u00e9s de 20 a\u00f1os, rompiendo un\" \/>\n<meta name=\"robots\" content=\"index, follow, max-snippet:-1, max-image-preview:large, max-video-preview:-1\" \/>\n<link rel=\"canonical\" href=\"https:\/\/alprestamo.com\/blog\/el-dolar-y-el-euro-cotizan-a-la-par-por-primera-desde-finales-de-2002\/\" \/>\n<meta property=\"og:locale\" content=\"es_ES\" \/>\n<meta property=\"og:type\" content=\"article\" \/>\n<meta property=\"og:title\" content=\"El d\u00f3lar y el euro cotizan a la par por primera desde finales de 2002\" \/>\n<meta property=\"og:description\" content=\"El d\u00eda de ayer fue hist\u00f3rico en el mundo de las finanzas debido a que el d\u00f3lar y el euro llegaron a cotizar a la par despu\u00e9s de 20 a\u00f1os, rompiendo un\" \/>\n<meta property=\"og:url\" content=\"https:\/\/alprestamo.com\/blog\/el-dolar-y-el-euro-cotizan-a-la-par-por-primera-desde-finales-de-2002\/\" \/>\n<meta property=\"og:site_name\" content=\"Alprestamo - Hacemos que todo suceda\" \/>\n<meta property=\"article:published_time\" content=\"2022-07-13T19:08:19+00:00\" \/>\n<meta property=\"og:image\" content=\"https:\/\/alprestamo.com\/blog\/wp-content\/uploads\/2022\/07\/Euro.webp\" \/>\n\t<meta property=\"og:image:width\" content=\"919\" \/>\n\t<meta property=\"og:image:height\" content=\"520\" \/>\n\t<meta property=\"og:image:type\" content=\"image\/webp\" \/>\n<meta name=\"author\" content=\"admin\" \/>\n<meta name=\"twitter:card\" content=\"summary_large_image\" \/>\n<meta name=\"twitter:label1\" content=\"Escrito por\" \/>\n\t<meta name=\"twitter:data1\" content=\"admin\" \/>\n\t<meta name=\"twitter:label2\" content=\"Tiempo de lectura\" \/>\n\t<meta name=\"twitter:data2\" content=\"3 minutos\" \/>\n<script type=\"application\/ld+json\" class=\"yoast-schema-graph\">{\"@context\":\"https:\/\/schema.org\",\"@graph\":[{\"@type\":\"NewsArticle\",\"@id\":\"https:\/\/alprestamo.com\/blog\/el-dolar-y-el-euro-cotizan-a-la-par-por-primera-desde-finales-de-2002\/#article\",\"isPartOf\":{\"@id\":\"https:\/\/alprestamo.com\/blog\/el-dolar-y-el-euro-cotizan-a-la-par-por-primera-desde-finales-de-2002\/\"},\"author\":{\"name\":\"admin\",\"@id\":\"https:\/\/alprestamo.com\/blog\/#\/schema\/person\/86edda628d7db14ad76fcc0be09cf939\"},\"headline\":\"El d\u00f3lar y el euro cotizan a la par por primera desde finales de 2002\",\"datePublished\":\"2022-07-13T19:08:19+00:00\",\"dateModified\":\"2022-07-13T19:08:19+00:00\",\"mainEntityOfPage\":{\"@id\":\"https:\/\/alprestamo.com\/blog\/el-dolar-y-el-euro-cotizan-a-la-par-por-primera-desde-finales-de-2002\/\"},\"wordCount\":640,\"publisher\":{\"@id\":\"https:\/\/alprestamo.com\/blog\/#organization\"},\"image\":{\"@id\":\"https:\/\/alprestamo.com\/blog\/el-dolar-y-el-euro-cotizan-a-la-par-por-primera-desde-finales-de-2002\/#primaryimage\"},\"thumbnailUrl\":\"https:\/\/alprestamo.com\/blog\/wp-content\/uploads\/2022\/07\/Euro.webp\",\"articleSection\":[\"AR\",\"Econom\u00eda y finanzas\"],\"inLanguage\":\"es-AR\"},{\"@type\":\"WebPage\",\"@id\":\"https:\/\/alprestamo.com\/blog\/el-dolar-y-el-euro-cotizan-a-la-par-por-primera-desde-finales-de-2002\/\",\"url\":\"https:\/\/alprestamo.com\/blog\/el-dolar-y-el-euro-cotizan-a-la-par-por-primera-desde-finales-de-2002\/\",\"name\":\"El d\u00f3lar y el euro cotizan a la par por primera desde finales de 2002\",\"isPartOf\":{\"@id\":\"https:\/\/alprestamo.com\/blog\/#website\"},\"primaryImageOfPage\":{\"@id\":\"https:\/\/alprestamo.com\/blog\/el-dolar-y-el-euro-cotizan-a-la-par-por-primera-desde-finales-de-2002\/#primaryimage\"},\"image\":{\"@id\":\"https:\/\/alprestamo.com\/blog\/el-dolar-y-el-euro-cotizan-a-la-par-por-primera-desde-finales-de-2002\/#primaryimage\"},\"thumbnailUrl\":\"https:\/\/alprestamo.com\/blog\/wp-content\/uploads\/2022\/07\/Euro.webp\",\"datePublished\":\"2022-07-13T19:08:19+00:00\",\"dateModified\":\"2022-07-13T19:08:19+00:00\",\"description\":\"El d\u00eda de ayer fue hist\u00f3rico en el mundo de las finanzas debido a que el d\u00f3lar y el euro llegaron a cotizar a la par despu\u00e9s de 20 a\u00f1os, rompiendo un\",\"breadcrumb\":{\"@id\":\"https:\/\/alprestamo.com\/blog\/el-dolar-y-el-euro-cotizan-a-la-par-por-primera-desde-finales-de-2002\/#breadcrumb\"},\"inLanguage\":\"es-AR\",\"potentialAction\":[{\"@type\":\"ReadAction\",\"target\":[\"https:\/\/alprestamo.com\/blog\/el-dolar-y-el-euro-cotizan-a-la-par-por-primera-desde-finales-de-2002\/\"]}]},{\"@type\":\"ImageObject\",\"inLanguage\":\"es-AR\",\"@id\":\"https:\/\/alprestamo.com\/blog\/el-dolar-y-el-euro-cotizan-a-la-par-por-primera-desde-finales-de-2002\/#primaryimage\",\"url\":\"https:\/\/alprestamo.com\/blog\/wp-content\/uploads\/2022\/07\/Euro.webp\",\"contentUrl\":\"https:\/\/alprestamo.com\/blog\/wp-content\/uploads\/2022\/07\/Euro.webp\",\"width\":919,\"height\":520,\"caption\":\"Euro\"},{\"@type\":\"BreadcrumbList\",\"@id\":\"https:\/\/alprestamo.com\/blog\/el-dolar-y-el-euro-cotizan-a-la-par-por-primera-desde-finales-de-2002\/#breadcrumb\",\"itemListElement\":[{\"@type\":\"ListItem\",\"position\":1,\"name\":\"Home\",\"item\":\"https:\/\/alprestamo.com\/blog\/\"},{\"@type\":\"ListItem\",\"position\":2,\"name\":\"El d\u00f3lar y el euro cotizan a la par por primera desde finales de 2002\"}]},{\"@type\":\"WebSite\",\"@id\":\"https:\/\/alprestamo.com\/blog\/#website\",\"url\":\"https:\/\/alprestamo.com\/blog\/\",\"name\":\"Alprestamo\",\"description\":\"Hacemos que todo suceda\",\"publisher\":{\"@id\":\"https:\/\/alprestamo.com\/blog\/#organization\"},\"potentialAction\":[{\"@type\":\"SearchAction\",\"target\":{\"@type\":\"EntryPoint\",\"urlTemplate\":\"https:\/\/alprestamo.com\/blog\/?s={search_term_string}\"},\"query-input\":\"required name=search_term_string\"}],\"inLanguage\":\"es-AR\"},{\"@type\":\"Organization\",\"@id\":\"https:\/\/alprestamo.com\/blog\/#organization\",\"name\":\"Alprestamo\",\"url\":\"https:\/\/alprestamo.com\/blog\/\",\"logo\":{\"@type\":\"ImageObject\",\"inLanguage\":\"es-AR\",\"@id\":\"https:\/\/alprestamo.com\/blog\/#\/schema\/logo\/image\/\",\"url\":\"https:\/\/alprestamo.com\/blog\/wp-content\/uploads\/2022\/10\/Imagotipo_Blanco.svg\",\"contentUrl\":\"https:\/\/alprestamo.com\/blog\/wp-content\/uploads\/2022\/10\/Imagotipo_Blanco.svg\",\"width\":1199,\"height\":203,\"caption\":\"Alprestamo\"},\"image\":{\"@id\":\"https:\/\/alprestamo.com\/blog\/#\/schema\/logo\/image\/\"}},{\"@type\":\"Person\",\"@id\":\"https:\/\/alprestamo.com\/blog\/#\/schema\/person\/86edda628d7db14ad76fcc0be09cf939\",\"name\":\"admin\",\"image\":{\"@type\":\"ImageObject\",\"inLanguage\":\"es-AR\",\"@id\":\"https:\/\/alprestamo.com\/blog\/#\/schema\/person\/image\/\",\"url\":\"https:\/\/secure.gravatar.com\/avatar\/72868a6451caea79ae74926511fb9e4a?s=96&d=mm&r=g\",\"contentUrl\":\"https:\/\/secure.gravatar.com\/avatar\/72868a6451caea79ae74926511fb9e4a?s=96&d=mm&r=g\",\"caption\":\"admin\"},\"sameAs\":[\"https:\/\/alprestamo.com\/blog\"],\"url\":\"https:\/\/alprestamo.com\/blog\/author\/admin\/\"}]}<\/script>\n<!-- \/ Yoast SEO plugin. -->","yoast_head_json":{"title":"El d\u00f3lar y el euro cotizan a la par por primera desde finales de 2002","description":"El d\u00eda de ayer fue hist\u00f3rico en el mundo de las finanzas debido a que el d\u00f3lar y el euro llegaron a cotizar a la par despu\u00e9s de 20 a\u00f1os, rompiendo un","robots":{"index":"index","follow":"follow","max-snippet":"max-snippet:-1","max-image-preview":"max-image-preview:large","max-video-preview":"max-video-preview:-1"},"canonical":"https:\/\/alprestamo.com\/blog\/el-dolar-y-el-euro-cotizan-a-la-par-por-primera-desde-finales-de-2002\/","og_locale":"es_ES","og_type":"article","og_title":"El d\u00f3lar y el euro cotizan a la par por primera desde finales de 2002","og_description":"El d\u00eda de ayer fue hist\u00f3rico en el mundo de las finanzas debido a que el d\u00f3lar y el euro llegaron a cotizar a la par despu\u00e9s de 20 a\u00f1os, rompiendo un","og_url":"https:\/\/alprestamo.com\/blog\/el-dolar-y-el-euro-cotizan-a-la-par-por-primera-desde-finales-de-2002\/","og_site_name":"Alprestamo - Hacemos que todo suceda","article_published_time":"2022-07-13T19:08:19+00:00","og_image":[{"width":919,"height":520,"url":"https:\/\/alprestamo.com\/blog\/wp-content\/uploads\/2022\/07\/Euro.webp","type":"image\/webp"}],"author":"admin","twitter_card":"summary_large_image","twitter_misc":{"Escrito por":"admin","Tiempo de lectura":"3 minutos"},"schema":{"@context":"https:\/\/schema.org","@graph":[{"@type":"NewsArticle","@id":"https:\/\/alprestamo.com\/blog\/el-dolar-y-el-euro-cotizan-a-la-par-por-primera-desde-finales-de-2002\/#article","isPartOf":{"@id":"https:\/\/alprestamo.com\/blog\/el-dolar-y-el-euro-cotizan-a-la-par-por-primera-desde-finales-de-2002\/"},"author":{"name":"admin","@id":"https:\/\/alprestamo.com\/blog\/#\/schema\/person\/86edda628d7db14ad76fcc0be09cf939"},"headline":"El d\u00f3lar y el euro cotizan a la par por primera desde finales de 2002","datePublished":"2022-07-13T19:08:19+00:00","dateModified":"2022-07-13T19:08:19+00:00","mainEntityOfPage":{"@id":"https:\/\/alprestamo.com\/blog\/el-dolar-y-el-euro-cotizan-a-la-par-por-primera-desde-finales-de-2002\/"},"wordCount":640,"publisher":{"@id":"https:\/\/alprestamo.com\/blog\/#organization"},"image":{"@id":"https:\/\/alprestamo.com\/blog\/el-dolar-y-el-euro-cotizan-a-la-par-por-primera-desde-finales-de-2002\/#primaryimage"},"thumbnailUrl":"https:\/\/alprestamo.com\/blog\/wp-content\/uploads\/2022\/07\/Euro.webp","articleSection":["AR","Econom\u00eda y finanzas"],"inLanguage":"es-AR"},{"@type":"WebPage","@id":"https:\/\/alprestamo.com\/blog\/el-dolar-y-el-euro-cotizan-a-la-par-por-primera-desde-finales-de-2002\/","url":"https:\/\/alprestamo.com\/blog\/el-dolar-y-el-euro-cotizan-a-la-par-por-primera-desde-finales-de-2002\/","name":"El d\u00f3lar y el euro cotizan a la par por primera desde finales de 2002","isPartOf":{"@id":"https:\/\/alprestamo.com\/blog\/#website"},"primaryImageOfPage":{"@id":"https:\/\/alprestamo.com\/blog\/el-dolar-y-el-euro-cotizan-a-la-par-por-primera-desde-finales-de-2002\/#primaryimage"},"image":{"@id":"https:\/\/alprestamo.com\/blog\/el-dolar-y-el-euro-cotizan-a-la-par-por-primera-desde-finales-de-2002\/#primaryimage"},"thumbnailUrl":"https:\/\/alprestamo.com\/blog\/wp-content\/uploads\/2022\/07\/Euro.webp","datePublished":"2022-07-13T19:08:19+00:00","dateModified":"2022-07-13T19:08:19+00:00","description":"El d\u00eda de ayer fue hist\u00f3rico en el mundo de las finanzas debido a que el d\u00f3lar y el euro llegaron a cotizar a la par despu\u00e9s de 20 a\u00f1os, rompiendo un","breadcrumb":{"@id":"https:\/\/alprestamo.com\/blog\/el-dolar-y-el-euro-cotizan-a-la-par-por-primera-desde-finales-de-2002\/#breadcrumb"},"inLanguage":"es-AR","potentialAction":[{"@type":"ReadAction","target":["https:\/\/alprestamo.com\/blog\/el-dolar-y-el-euro-cotizan-a-la-par-por-primera-desde-finales-de-2002\/"]}]},{"@type":"ImageObject","inLanguage":"es-AR","@id":"https:\/\/alprestamo.com\/blog\/el-dolar-y-el-euro-cotizan-a-la-par-por-primera-desde-finales-de-2002\/#primaryimage","url":"https:\/\/alprestamo.com\/blog\/wp-content\/uploads\/2022\/07\/Euro.webp","contentUrl":"https:\/\/alprestamo.com\/blog\/wp-content\/uploads\/2022\/07\/Euro.webp","width":919,"height":520,"caption":"Euro"},{"@type":"BreadcrumbList","@id":"https:\/\/alprestamo.com\/blog\/el-dolar-y-el-euro-cotizan-a-la-par-por-primera-desde-finales-de-2002\/#breadcrumb","itemListElement":[{"@type":"ListItem","position":1,"name":"Home","item":"https:\/\/alprestamo.com\/blog\/"},{"@type":"ListItem","position":2,"name":"El d\u00f3lar y el euro cotizan a la par por primera desde finales de 2002"}]},{"@type":"WebSite","@id":"https:\/\/alprestamo.com\/blog\/#website","url":"https:\/\/alprestamo.com\/blog\/","name":"Alprestamo","description":"Hacemos que todo suceda","publisher":{"@id":"https:\/\/alprestamo.com\/blog\/#organization"},"potentialAction":[{"@type":"SearchAction","target":{"@type":"EntryPoint","urlTemplate":"https:\/\/alprestamo.com\/blog\/?s={search_term_string}"},"query-input":"required name=search_term_string"}],"inLanguage":"es-AR"},{"@type":"Organization","@id":"https:\/\/alprestamo.com\/blog\/#organization","name":"Alprestamo","url":"https:\/\/alprestamo.com\/blog\/","logo":{"@type":"ImageObject","inLanguage":"es-AR","@id":"https:\/\/alprestamo.com\/blog\/#\/schema\/logo\/image\/","url":"https:\/\/alprestamo.com\/blog\/wp-content\/uploads\/2022\/10\/Imagotipo_Blanco.svg","contentUrl":"https:\/\/alprestamo.com\/blog\/wp-content\/uploads\/2022\/10\/Imagotipo_Blanco.svg","width":1199,"height":203,"caption":"Alprestamo"},"image":{"@id":"https:\/\/alprestamo.com\/blog\/#\/schema\/logo\/image\/"}},{"@type":"Person","@id":"https:\/\/alprestamo.com\/blog\/#\/schema\/person\/86edda628d7db14ad76fcc0be09cf939","name":"admin","image":{"@type":"ImageObject","inLanguage":"es-AR","@id":"https:\/\/alprestamo.com\/blog\/#\/schema\/person\/image\/","url":"https:\/\/secure.gravatar.com\/avatar\/72868a6451caea79ae74926511fb9e4a?s=96&d=mm&r=g","contentUrl":"https:\/\/secure.gravatar.com\/avatar\/72868a6451caea79ae74926511fb9e4a?s=96&d=mm&r=g","caption":"admin"},"sameAs":["https:\/\/alprestamo.com\/blog"],"url":"https:\/\/alprestamo.com\/blog\/author\/admin\/"}]}},"uagb_featured_image_src":{"full":["https:\/\/alprestamo.com\/blog\/wp-content\/uploads\/2022\/07\/Euro.webp",919,520,false],"thumbnail":["https:\/\/alprestamo.com\/blog\/wp-content\/uploads\/2022\/07\/Euro-150x150.webp",150,150,true],"medium":["https:\/\/alprestamo.com\/blog\/wp-content\/uploads\/2022\/07\/Euro-300x170.webp",300,170,true],"medium_large":["https:\/\/alprestamo.com\/blog\/wp-content\/uploads\/2022\/07\/Euro-768x435.webp",768,435,true],"large":["https:\/\/alprestamo.com\/blog\/wp-content\/uploads\/2022\/07\/Euro.webp",919,520,false],"1536x1536":["https:\/\/alprestamo.com\/blog\/wp-content\/uploads\/2022\/07\/Euro.webp",919,520,false],"2048x2048":["https:\/\/alprestamo.com\/blog\/wp-content\/uploads\/2022\/07\/Euro.webp",919,520,false]},"uagb_author_info":{"display_name":"admin","author_link":"https:\/\/alprestamo.com\/blog\/author\/admin\/"},"uagb_comment_info":0,"uagb_excerpt":"El d\u00eda de ayer fue hist\u00f3rico en el mundo de las finanzas debido a que el d\u00f3lar y el euro llegaron a cotizar a la par despu\u00e9s de 20 a\u00f1os, rompiendo un umbral simb\u00f3lico que no se daba hace mucho. Es la primera vez que sucede desde que se cre\u00f3 la moneda de la Uni\u00f3n&hellip;","rttpg_featured_image_url":{"full":["https:\/\/alprestamo.com\/blog\/wp-content\/uploads\/2022\/07\/Euro.webp",919,520,false],"landscape":["https:\/\/alprestamo.com\/blog\/wp-content\/uploads\/2022\/07\/Euro.webp",919,520,false],"portraits":["https:\/\/alprestamo.com\/blog\/wp-content\/uploads\/2022\/07\/Euro.webp",919,520,false],"thumbnail":["https:\/\/alprestamo.com\/blog\/wp-content\/uploads\/2022\/07\/Euro-150x150.webp",150,150,true],"medium":["https:\/\/alprestamo.com\/blog\/wp-content\/uploads\/2022\/07\/Euro-300x170.webp",300,170,true],"large":["https:\/\/alprestamo.com\/blog\/wp-content\/uploads\/2022\/07\/Euro.webp",919,520,false],"1536x1536":["https:\/\/alprestamo.com\/blog\/wp-content\/uploads\/2022\/07\/Euro.webp",919,520,false],"2048x2048":["https:\/\/alprestamo.com\/blog\/wp-content\/uploads\/2022\/07\/Euro.webp",919,520,false],"rt_custom":["https:\/\/alprestamo.com\/blog\/wp-content\/uploads\/2022\/07\/Euro.webp",919,520,false]},"rttpg_author":{"display_name":"admin","author_link":"https:\/\/alprestamo.com\/blog\/author\/admin\/"},"rttpg_comment":0,"rttpg_category":"<a href=\"https:\/\/alprestamo.com\/blog\/categoria\/ar\/\" rel=\"category tag\">AR<\/a> <a href=\"https:\/\/alprestamo.com\/blog\/categoria\/ar\/economia-finanzas-ar\/\" rel=\"category tag\">Econom\u00eda y finanzas<\/a>","rttpg_excerpt":"El d\u00eda de ayer fue hist\u00f3rico en el mundo de las finanzas debido a que el d\u00f3lar y el euro llegaron a cotizar a la par despu\u00e9s de 20 a\u00f1os, rompiendo un umbral simb\u00f3lico que no se daba hace mucho. Es la primera vez que sucede desde que se cre\u00f3 la moneda de la Uni\u00f3n&hellip;","_links":{"self":[{"href":"https:\/\/alprestamo.com\/blog\/wp-json\/wp\/v2\/posts\/11642"}],"collection":[{"href":"https:\/\/alprestamo.com\/blog\/wp-json\/wp\/v2\/posts"}],"about":[{"href":"https:\/\/alprestamo.com\/blog\/wp-json\/wp\/v2\/types\/post"}],"author":[{"embeddable":true,"href":"https:\/\/alprestamo.com\/blog\/wp-json\/wp\/v2\/users\/1"}],"replies":[{"embeddable":true,"href":"https:\/\/alprestamo.com\/blog\/wp-json\/wp\/v2\/comments?post=11642"}],"version-history":[{"count":0,"href":"https:\/\/alprestamo.com\/blog\/wp-json\/wp\/v2\/posts\/11642\/revisions"}],"wp:featuredmedia":[{"embeddable":true,"href":"https:\/\/alprestamo.com\/blog\/wp-json\/wp\/v2\/media\/11644"}],"wp:attachment":[{"href":"https:\/\/alprestamo.com\/blog\/wp-json\/wp\/v2\/media?parent=11642"}],"wp:term":[{"taxonomy":"category","embeddable":true,"href":"https:\/\/alprestamo.com\/blog\/wp-json\/wp\/v2\/categories?post=11642"},{"taxonomy":"post_tag","embeddable":true,"href":"https:\/\/alprestamo.com\/blog\/wp-json\/wp\/v2\/tags?post=11642"}],"curies":[{"name":"wp","href":"https:\/\/api.w.org\/{rel}","templated":true}]}}