{"id":13191,"date":"2022-08-24T08:00:00","date_gmt":"2022-08-24T11:00:00","guid":{"rendered":"https:\/\/alprestamo.com\/blog\/2022\/08\/24\/mi-beca-para-empezar-como-acceder-al-beneficio-2\/"},"modified":"2022-08-24T08:00:00","modified_gmt":"2022-08-24T11:00:00","slug":"mi-beca-para-empezar-como-acceder-al-beneficio-2","status":"publish","type":"post","link":"https:\/\/alprestamo.com\/blog\/mi-beca-para-empezar-como-acceder-al-beneficio-2\/","title":{"rendered":"\u201cMi Beca para Empezar\u201d: \u00bfc\u00f3mo acceder al beneficio?"},"content":{"rendered":"\n<p>Pronto estar\u00e1 comenzando el ciclo escolar 2022-2023 y el programa \u201cMi Beca para Empezar\u201d resulta de mucha ayuda para miles de estudiantes mexicanos en un contexto como el actual. Este es un programa que consiste en un <a href=\\\"https:\/\/alprestamo.com\/blog\/pension-del-bienestar-como-obtener-el-beneficio-de-la-tarjeta-si-ya-caduco\/\\\">apoyo econ\u00f3mico<\/a> que brinda el Gobierno de la Ciudad de M\u00e9xico a estudiantes de escuelas p\u00fablicas de la Educaci\u00f3n B\u00e1sica y tiene como objetivo principal evitar la deserci\u00f3n de los estudiantes. Este recurso est\u00e1 dirigido fundamentalmente a los alumnos pertenecientes a familias de bajos recursos o en rezago.<\/p>\n\n\n\n<p><strong>\u00bfC\u00f3mo puedo ser acreedor del programa?<\/strong><\/p>\n\n\n\n<p>Para ser beneficiaria o beneficiario, el \u00fanico requisito de acceso al programa que se exige es que los alumnos est\u00e9n matriculados en escuela p\u00fablica de nivel preescolar, primaria o secundaria, Centros de Atenci\u00f3n M\u00faltiple de nivel preescolar, primaria, secundaria y laboral. Tambi\u00e9n pueden ser parte del mismo, adultos que est\u00e9n inscritos o matriculados en nivel b\u00e1sico primaria y secundaria en la Ciudad de M\u00e9xico para el ciclo escolar 2022-2023, quienes deber\u00e1n estar registrados al programa y ser validados por la Autoridad Educativa Federal de la Ciudad de M\u00e9xico.<\/p>\n\n\n\n<p>Los dep\u00f3sitos del programa se realizan los primeros diez d\u00edas h\u00e1biles de cada vez a lo largo del ciclo escolar 2022-2023.<\/p>\n\n\n\n<p><strong>\u00bfCu\u00e1l es el procedimiento para inscribirme?<\/strong><\/p>\n\n\n\n<p>Quienes deseen formar parte del programa deber\u00e1n cumplir con los requisitos antes mencionados como as\u00ed tambi\u00e9n, deber\u00e1n realizar su registro en la siguiente p\u00e1gina registro.mibecaparaempezar.cdmx.gob.mx.<\/p>\n\n\n\n<p>En la plataforma se deber\u00e1n completar ciertos datos tales como grado, nivel, CCT, nombre de la escuela, nombre completo del alumno o alumna, CURP, nombre completo del tutor, tel\u00e9fono de contacto, correo y domicilio, as\u00ed como los datos de la persona autorizada como segundo contacto.<\/p>\n\n\n\n<p>Una vez completado el registro, se otorgar\u00e1 un Comprobante de Registro que los tutores podr\u00e1n descargar de la misma.<\/p>\n\n\n\n<p>Luego se solicitar\u00e1 la validaci\u00f3n de la Autoridad Educativa Federal de la Ciudad de M\u00e9xico y\/o de la Instituci\u00f3n o Dependencia Educativa responsable, lo cual ser\u00e1 requisito primordial para que la persona derechohabiente reciba su apoyo econ\u00f3mico.<\/p>\n\n\n\n<p>Si una persona que cursa sus estudios de educaci\u00f3n b\u00e1sica realiza un cambio de escuela particular o de otra Entidad Federativa a una escuela P\u00fablica de la Ciudad de M\u00e9xico, podr\u00e1 hacer el registro al programa a trav\u00e9s de la Aplicaci\u00f3n designada los cuales recibir\u00e1n su dispersi\u00f3n a partir del mes siguiente de su registro previa validaci\u00f3n de la Autoridad Educativa Federal de la Ciudad de M\u00e9xico y\/o de la Instituci\u00f3n o Dependencia Educativa responsable.<\/p>\n\n\n\n<p>Una vez autorizada la validaci\u00f3n, el solicitante ser\u00e1 notificado y deber\u00e1 entregar los siguientes documentos en el lugar que le indiquen:<\/p>\n\n\n\n<ul class=\"wp-block-list\"><li>Constancia de estudios vigente del ciclo escolar 2021-2022 y 2022-2023 seg\u00fan sea el caso, en original debidamente firmada y sellada por su autoridad educativa responsable.<\/li><li>Clave \u00danica de Registro de Poblaci\u00f3n (CURP) actualizado del menor o persona adulta que cursar\u00e1 los estudios de educaci\u00f3n b\u00e1sica en original y copia.<\/li><li>Identificaci\u00f3n oficial del padre, madre o tutor (INE, licencia de conducir, c\u00e9dula profesional, pasaporte, y\/o constancia de tr\u00e1mite respecto de la solicitud de reconocimiento de condici\u00f3n de refugiado) en original y copia.<\/li><\/ul>\n\n\n\n<p><strong>\u00bfCu\u00e1les son los montos otorgados por la Mi Beca para Empezar?<\/strong><\/p>\n\n\n\n<p>Los montos que otorga el programa de Mi Beca para Empezar dependen principalmente del nivel escolar. Los mismos son:<\/p>\n\n\n\n<ul class=\"wp-block-list\"><li>Nivel preescolar: 300 pesos mensuales<\/li><li>Nivel primaria y secundaria: 330 pesos mensuales<\/li><li>Centros de Atenci\u00f3n M\u00faltiple nivel prescolar, primaria, secundaria y laboral: 400 pesos mensuales.<\/li><\/ul>\n\n\n\n<p>Esta ayuda resulta fundamental para miles de estudiantes y familias de M\u00e9xico, que hoy en d\u00eda quiz\u00e1s, sin este beneficio, se les dificultar\u00eda seguir adelante con los estudios. Por eso es importante, conocer las herramientas y recursos que tiene el estado, porque a pesar de que la situaci\u00f3n financiera y econ\u00f3mica de muchos ciudadanos sea compleja, este tipo de programas puede ser muy valiosa en momentos espec\u00edficos.<\/p>\n","protected":false},"excerpt":{"rendered":"<p>Pronto estar\u00e1 comenzando el ciclo escolar 2022-2023 y el programa \u201cMi Beca para Empezar\u201d resulta de mucha ayuda para miles de estudiantes mexicanos en un contexto como el actual. Este es un programa que consiste en un apoyo econ\u00f3mico que brinda el Gobierno de la Ciudad de M\u00e9xico a estudiantes de escuelas p\u00fablicas de la &hellip;<\/p>\n<p class=\"read-more\"> <a class=\"\" href=\"https:\/\/alprestamo.com\/blog\/mi-beca-para-empezar-como-acceder-al-beneficio-2\/\"> <span class=\"screen-reader-text\">\u201cMi Beca para Empezar\u201d: \u00bfc\u00f3mo acceder al beneficio?<\/span> Leer m\u00e1s &raquo;<\/a><\/p>\n","protected":false},"author":1,"featured_media":12942,"comment_status":"closed","ping_status":"closed","sticky":false,"template":"","format":"standard","meta":{"_uag_custom_page_level_css":"","site-sidebar-layout":"default","site-content-layout":"default","ast-global-header-display":"","ast-banner-title-visibility":"","ast-main-header-display":"","ast-hfb-above-header-display":"","ast-hfb-below-header-display":"","ast-hfb-mobile-header-display":"","site-post-title":"","ast-breadcrumbs-content":"","ast-featured-img":"","footer-sml-layout":"","theme-transparent-header-meta":"","adv-header-id-meta":"","stick-header-meta":"","header-above-stick-meta":"","header-main-stick-meta":"","header-below-stick-meta":"","footnotes":""},"categories":[32],"tags":[],"class_list":["post-13191","post","type-post","status-publish","format-standard","has-post-thumbnail","hentry","category-programas-sociales-mx"],"acf":[],"yoast_head":"<!-- This site is optimized with the Yoast SEO plugin v23.2 - https:\/\/yoast.com\/wordpress\/plugins\/seo\/ -->\n<title>\u201cMi Beca para Empezar\u201d: \u00bfc\u00f3mo acceder al beneficio?<\/title>\n<meta name=\"description\" content=\"Pronto estar\u00e1 comenzando el ciclo escolar 2022-2023 y el programa \u201cMi Beca para Empezar\u201d resulta de mucha ayuda para miles de estudiantes mexicanos en un\" \/>\n<meta name=\"robots\" content=\"index, follow, max-snippet:-1, max-image-preview:large, max-video-preview:-1\" \/>\n<link rel=\"canonical\" href=\"https:\/\/alprestamo.com\/blog\/mi-beca-para-empezar-como-acceder-al-beneficio-2\/\" \/>\n<meta property=\"og:locale\" content=\"es_ES\" \/>\n<meta property=\"og:type\" content=\"article\" \/>\n<meta property=\"og:title\" content=\"\u201cMi Beca para Empezar\u201d: \u00bfc\u00f3mo acceder al beneficio?\" \/>\n<meta property=\"og:description\" content=\"Pronto estar\u00e1 comenzando el ciclo escolar 2022-2023 y el programa \u201cMi Beca para Empezar\u201d resulta de mucha ayuda para miles de estudiantes mexicanos en un\" \/>\n<meta property=\"og:url\" content=\"https:\/\/alprestamo.com\/blog\/mi-beca-para-empezar-como-acceder-al-beneficio-2\/\" \/>\n<meta property=\"og:site_name\" content=\"Alprestamo - Hacemos que todo suceda\" \/>\n<meta property=\"article:published_time\" content=\"2022-08-24T11:00:00+00:00\" \/>\n<meta property=\"og:image\" content=\"https:\/\/alprestamo.com\/blog\/wp-content\/uploads\/2022\/08\/Mi-Beca-para-Empezar.jpeg\" \/>\n\t<meta property=\"og:image:width\" content=\"1024\" \/>\n\t<meta property=\"og:image:height\" content=\"683\" \/>\n\t<meta property=\"og:image:type\" content=\"image\/jpeg\" \/>\n<meta name=\"author\" content=\"admin\" \/>\n<meta name=\"twitter:card\" content=\"summary_large_image\" \/>\n<meta name=\"twitter:label1\" content=\"Escrito por\" \/>\n\t<meta name=\"twitter:data1\" content=\"admin\" \/>\n\t<meta name=\"twitter:label2\" content=\"Tiempo de lectura\" \/>\n\t<meta name=\"twitter:data2\" content=\"3 minutos\" \/>\n<script type=\"application\/ld+json\" class=\"yoast-schema-graph\">{\"@context\":\"https:\/\/schema.org\",\"@graph\":[{\"@type\":\"NewsArticle\",\"@id\":\"https:\/\/alprestamo.com\/blog\/mi-beca-para-empezar-como-acceder-al-beneficio-2\/#article\",\"isPartOf\":{\"@id\":\"https:\/\/alprestamo.com\/blog\/mi-beca-para-empezar-como-acceder-al-beneficio-2\/\"},\"author\":{\"name\":\"admin\",\"@id\":\"https:\/\/alprestamo.com\/blog\/#\/schema\/person\/86edda628d7db14ad76fcc0be09cf939\"},\"headline\":\"\u201cMi Beca para Empezar\u201d: \u00bfc\u00f3mo acceder al beneficio?\",\"datePublished\":\"2022-08-24T11:00:00+00:00\",\"dateModified\":\"2022-08-24T11:00:00+00:00\",\"mainEntityOfPage\":{\"@id\":\"https:\/\/alprestamo.com\/blog\/mi-beca-para-empezar-como-acceder-al-beneficio-2\/\"},\"wordCount\":706,\"publisher\":{\"@id\":\"https:\/\/alprestamo.com\/blog\/#organization\"},\"image\":{\"@id\":\"https:\/\/alprestamo.com\/blog\/mi-beca-para-empezar-como-acceder-al-beneficio-2\/#primaryimage\"},\"thumbnailUrl\":\"https:\/\/alprestamo.com\/blog\/wp-content\/uploads\/2022\/08\/Mi-Beca-para-Empezar.jpeg\",\"articleSection\":[\"Programas Sociales\"],\"inLanguage\":\"es-AR\"},{\"@type\":\"WebPage\",\"@id\":\"https:\/\/alprestamo.com\/blog\/mi-beca-para-empezar-como-acceder-al-beneficio-2\/\",\"url\":\"https:\/\/alprestamo.com\/blog\/mi-beca-para-empezar-como-acceder-al-beneficio-2\/\",\"name\":\"\u201cMi Beca para Empezar\u201d: \u00bfc\u00f3mo acceder al beneficio?\",\"isPartOf\":{\"@id\":\"https:\/\/alprestamo.com\/blog\/#website\"},\"primaryImageOfPage\":{\"@id\":\"https:\/\/alprestamo.com\/blog\/mi-beca-para-empezar-como-acceder-al-beneficio-2\/#primaryimage\"},\"image\":{\"@id\":\"https:\/\/alprestamo.com\/blog\/mi-beca-para-empezar-como-acceder-al-beneficio-2\/#primaryimage\"},\"thumbnailUrl\":\"https:\/\/alprestamo.com\/blog\/wp-content\/uploads\/2022\/08\/Mi-Beca-para-Empezar.jpeg\",\"datePublished\":\"2022-08-24T11:00:00+00:00\",\"dateModified\":\"2022-08-24T11:00:00+00:00\",\"description\":\"Pronto estar\u00e1 comenzando el ciclo escolar 2022-2023 y el programa \u201cMi Beca para Empezar\u201d resulta de mucha ayuda para miles de estudiantes mexicanos en un\",\"breadcrumb\":{\"@id\":\"https:\/\/alprestamo.com\/blog\/mi-beca-para-empezar-como-acceder-al-beneficio-2\/#breadcrumb\"},\"inLanguage\":\"es-AR\",\"potentialAction\":[{\"@type\":\"ReadAction\",\"target\":[\"https:\/\/alprestamo.com\/blog\/mi-beca-para-empezar-como-acceder-al-beneficio-2\/\"]}]},{\"@type\":\"ImageObject\",\"inLanguage\":\"es-AR\",\"@id\":\"https:\/\/alprestamo.com\/blog\/mi-beca-para-empezar-como-acceder-al-beneficio-2\/#primaryimage\",\"url\":\"https:\/\/alprestamo.com\/blog\/wp-content\/uploads\/2022\/08\/Mi-Beca-para-Empezar.jpeg\",\"contentUrl\":\"https:\/\/alprestamo.com\/blog\/wp-content\/uploads\/2022\/08\/Mi-Beca-para-Empezar.jpeg\",\"width\":1024,\"height\":683,\"caption\":\"\u201cMi Beca para Empezar\u201d\"},{\"@type\":\"BreadcrumbList\",\"@id\":\"https:\/\/alprestamo.com\/blog\/mi-beca-para-empezar-como-acceder-al-beneficio-2\/#breadcrumb\",\"itemListElement\":[{\"@type\":\"ListItem\",\"position\":1,\"name\":\"Home\",\"item\":\"https:\/\/alprestamo.com\/blog\/\"},{\"@type\":\"ListItem\",\"position\":2,\"name\":\"\u201cMi Beca para Empezar\u201d: \u00bfc\u00f3mo acceder al beneficio?\"}]},{\"@type\":\"WebSite\",\"@id\":\"https:\/\/alprestamo.com\/blog\/#website\",\"url\":\"https:\/\/alprestamo.com\/blog\/\",\"name\":\"Alprestamo\",\"description\":\"Hacemos que todo suceda\",\"publisher\":{\"@id\":\"https:\/\/alprestamo.com\/blog\/#organization\"},\"potentialAction\":[{\"@type\":\"SearchAction\",\"target\":{\"@type\":\"EntryPoint\",\"urlTemplate\":\"https:\/\/alprestamo.com\/blog\/?s={search_term_string}\"},\"query-input\":\"required name=search_term_string\"}],\"inLanguage\":\"es-AR\"},{\"@type\":\"Organization\",\"@id\":\"https:\/\/alprestamo.com\/blog\/#organization\",\"name\":\"Alprestamo\",\"url\":\"https:\/\/alprestamo.com\/blog\/\",\"logo\":{\"@type\":\"ImageObject\",\"inLanguage\":\"es-AR\",\"@id\":\"https:\/\/alprestamo.com\/blog\/#\/schema\/logo\/image\/\",\"url\":\"https:\/\/alprestamo.com\/blog\/wp-content\/uploads\/2022\/10\/Imagotipo_Blanco.svg\",\"contentUrl\":\"https:\/\/alprestamo.com\/blog\/wp-content\/uploads\/2022\/10\/Imagotipo_Blanco.svg\",\"width\":1199,\"height\":203,\"caption\":\"Alprestamo\"},\"image\":{\"@id\":\"https:\/\/alprestamo.com\/blog\/#\/schema\/logo\/image\/\"}},{\"@type\":\"Person\",\"@id\":\"https:\/\/alprestamo.com\/blog\/#\/schema\/person\/86edda628d7db14ad76fcc0be09cf939\",\"name\":\"admin\",\"image\":{\"@type\":\"ImageObject\",\"inLanguage\":\"es-AR\",\"@id\":\"https:\/\/alprestamo.com\/blog\/#\/schema\/person\/image\/\",\"url\":\"https:\/\/secure.gravatar.com\/avatar\/72868a6451caea79ae74926511fb9e4a?s=96&d=mm&r=g\",\"contentUrl\":\"https:\/\/secure.gravatar.com\/avatar\/72868a6451caea79ae74926511fb9e4a?s=96&d=mm&r=g\",\"caption\":\"admin\"},\"sameAs\":[\"https:\/\/alprestamo.com\/blog\"],\"url\":\"https:\/\/alprestamo.com\/blog\/author\/admin\/\"}]}<\/script>\n<!-- \/ Yoast SEO plugin. -->","yoast_head_json":{"title":"\u201cMi Beca para Empezar\u201d: \u00bfc\u00f3mo acceder al beneficio?","description":"Pronto estar\u00e1 comenzando el ciclo escolar 2022-2023 y el programa \u201cMi Beca para Empezar\u201d resulta de mucha ayuda para miles de estudiantes mexicanos en un","robots":{"index":"index","follow":"follow","max-snippet":"max-snippet:-1","max-image-preview":"max-image-preview:large","max-video-preview":"max-video-preview:-1"},"canonical":"https:\/\/alprestamo.com\/blog\/mi-beca-para-empezar-como-acceder-al-beneficio-2\/","og_locale":"es_ES","og_type":"article","og_title":"\u201cMi Beca para Empezar\u201d: \u00bfc\u00f3mo acceder al beneficio?","og_description":"Pronto estar\u00e1 comenzando el ciclo escolar 2022-2023 y el programa \u201cMi Beca para Empezar\u201d resulta de mucha ayuda para miles de estudiantes mexicanos en un","og_url":"https:\/\/alprestamo.com\/blog\/mi-beca-para-empezar-como-acceder-al-beneficio-2\/","og_site_name":"Alprestamo - Hacemos que todo suceda","article_published_time":"2022-08-24T11:00:00+00:00","og_image":[{"width":1024,"height":683,"url":"https:\/\/alprestamo.com\/blog\/wp-content\/uploads\/2022\/08\/Mi-Beca-para-Empezar.jpeg","type":"image\/jpeg"}],"author":"admin","twitter_card":"summary_large_image","twitter_misc":{"Escrito por":"admin","Tiempo de lectura":"3 minutos"},"schema":{"@context":"https:\/\/schema.org","@graph":[{"@type":"NewsArticle","@id":"https:\/\/alprestamo.com\/blog\/mi-beca-para-empezar-como-acceder-al-beneficio-2\/#article","isPartOf":{"@id":"https:\/\/alprestamo.com\/blog\/mi-beca-para-empezar-como-acceder-al-beneficio-2\/"},"author":{"name":"admin","@id":"https:\/\/alprestamo.com\/blog\/#\/schema\/person\/86edda628d7db14ad76fcc0be09cf939"},"headline":"\u201cMi Beca para Empezar\u201d: \u00bfc\u00f3mo acceder al beneficio?","datePublished":"2022-08-24T11:00:00+00:00","dateModified":"2022-08-24T11:00:00+00:00","mainEntityOfPage":{"@id":"https:\/\/alprestamo.com\/blog\/mi-beca-para-empezar-como-acceder-al-beneficio-2\/"},"wordCount":706,"publisher":{"@id":"https:\/\/alprestamo.com\/blog\/#organization"},"image":{"@id":"https:\/\/alprestamo.com\/blog\/mi-beca-para-empezar-como-acceder-al-beneficio-2\/#primaryimage"},"thumbnailUrl":"https:\/\/alprestamo.com\/blog\/wp-content\/uploads\/2022\/08\/Mi-Beca-para-Empezar.jpeg","articleSection":["Programas Sociales"],"inLanguage":"es-AR"},{"@type":"WebPage","@id":"https:\/\/alprestamo.com\/blog\/mi-beca-para-empezar-como-acceder-al-beneficio-2\/","url":"https:\/\/alprestamo.com\/blog\/mi-beca-para-empezar-como-acceder-al-beneficio-2\/","name":"\u201cMi Beca para Empezar\u201d: \u00bfc\u00f3mo acceder al beneficio?","isPartOf":{"@id":"https:\/\/alprestamo.com\/blog\/#website"},"primaryImageOfPage":{"@id":"https:\/\/alprestamo.com\/blog\/mi-beca-para-empezar-como-acceder-al-beneficio-2\/#primaryimage"},"image":{"@id":"https:\/\/alprestamo.com\/blog\/mi-beca-para-empezar-como-acceder-al-beneficio-2\/#primaryimage"},"thumbnailUrl":"https:\/\/alprestamo.com\/blog\/wp-content\/uploads\/2022\/08\/Mi-Beca-para-Empezar.jpeg","datePublished":"2022-08-24T11:00:00+00:00","dateModified":"2022-08-24T11:00:00+00:00","description":"Pronto estar\u00e1 comenzando el ciclo escolar 2022-2023 y el programa \u201cMi Beca para Empezar\u201d resulta de mucha ayuda para miles de estudiantes mexicanos en un","breadcrumb":{"@id":"https:\/\/alprestamo.com\/blog\/mi-beca-para-empezar-como-acceder-al-beneficio-2\/#breadcrumb"},"inLanguage":"es-AR","potentialAction":[{"@type":"ReadAction","target":["https:\/\/alprestamo.com\/blog\/mi-beca-para-empezar-como-acceder-al-beneficio-2\/"]}]},{"@type":"ImageObject","inLanguage":"es-AR","@id":"https:\/\/alprestamo.com\/blog\/mi-beca-para-empezar-como-acceder-al-beneficio-2\/#primaryimage","url":"https:\/\/alprestamo.com\/blog\/wp-content\/uploads\/2022\/08\/Mi-Beca-para-Empezar.jpeg","contentUrl":"https:\/\/alprestamo.com\/blog\/wp-content\/uploads\/2022\/08\/Mi-Beca-para-Empezar.jpeg","width":1024,"height":683,"caption":"\u201cMi Beca para Empezar\u201d"},{"@type":"BreadcrumbList","@id":"https:\/\/alprestamo.com\/blog\/mi-beca-para-empezar-como-acceder-al-beneficio-2\/#breadcrumb","itemListElement":[{"@type":"ListItem","position":1,"name":"Home","item":"https:\/\/alprestamo.com\/blog\/"},{"@type":"ListItem","position":2,"name":"\u201cMi Beca para Empezar\u201d: \u00bfc\u00f3mo acceder al beneficio?"}]},{"@type":"WebSite","@id":"https:\/\/alprestamo.com\/blog\/#website","url":"https:\/\/alprestamo.com\/blog\/","name":"Alprestamo","description":"Hacemos que todo suceda","publisher":{"@id":"https:\/\/alprestamo.com\/blog\/#organization"},"potentialAction":[{"@type":"SearchAction","target":{"@type":"EntryPoint","urlTemplate":"https:\/\/alprestamo.com\/blog\/?s={search_term_string}"},"query-input":"required name=search_term_string"}],"inLanguage":"es-AR"},{"@type":"Organization","@id":"https:\/\/alprestamo.com\/blog\/#organization","name":"Alprestamo","url":"https:\/\/alprestamo.com\/blog\/","logo":{"@type":"ImageObject","inLanguage":"es-AR","@id":"https:\/\/alprestamo.com\/blog\/#\/schema\/logo\/image\/","url":"https:\/\/alprestamo.com\/blog\/wp-content\/uploads\/2022\/10\/Imagotipo_Blanco.svg","contentUrl":"https:\/\/alprestamo.com\/blog\/wp-content\/uploads\/2022\/10\/Imagotipo_Blanco.svg","width":1199,"height":203,"caption":"Alprestamo"},"image":{"@id":"https:\/\/alprestamo.com\/blog\/#\/schema\/logo\/image\/"}},{"@type":"Person","@id":"https:\/\/alprestamo.com\/blog\/#\/schema\/person\/86edda628d7db14ad76fcc0be09cf939","name":"admin","image":{"@type":"ImageObject","inLanguage":"es-AR","@id":"https:\/\/alprestamo.com\/blog\/#\/schema\/person\/image\/","url":"https:\/\/secure.gravatar.com\/avatar\/72868a6451caea79ae74926511fb9e4a?s=96&d=mm&r=g","contentUrl":"https:\/\/secure.gravatar.com\/avatar\/72868a6451caea79ae74926511fb9e4a?s=96&d=mm&r=g","caption":"admin"},"sameAs":["https:\/\/alprestamo.com\/blog"],"url":"https:\/\/alprestamo.com\/blog\/author\/admin\/"}]}},"uagb_featured_image_src":{"full":["https:\/\/alprestamo.com\/blog\/wp-content\/uploads\/2022\/08\/Mi-Beca-para-Empezar.jpeg",1024,683,false],"thumbnail":["https:\/\/alprestamo.com\/blog\/wp-content\/uploads\/2022\/08\/Mi-Beca-para-Empezar-150x150.jpeg",150,150,true],"medium":["https:\/\/alprestamo.com\/blog\/wp-content\/uploads\/2022\/08\/Mi-Beca-para-Empezar-300x200.jpeg",300,200,true],"medium_large":["https:\/\/alprestamo.com\/blog\/wp-content\/uploads\/2022\/08\/Mi-Beca-para-Empezar-768x512.jpeg",768,512,true],"large":["https:\/\/alprestamo.com\/blog\/wp-content\/uploads\/2022\/08\/Mi-Beca-para-Empezar.jpeg",1024,683,false],"1536x1536":["https:\/\/alprestamo.com\/blog\/wp-content\/uploads\/2022\/08\/Mi-Beca-para-Empezar.jpeg",1024,683,false],"2048x2048":["https:\/\/alprestamo.com\/blog\/wp-content\/uploads\/2022\/08\/Mi-Beca-para-Empezar.jpeg",1024,683,false]},"uagb_author_info":{"display_name":"admin","author_link":"https:\/\/alprestamo.com\/blog\/author\/admin\/"},"uagb_comment_info":0,"uagb_excerpt":"Pronto estar\u00e1 comenzando el ciclo escolar 2022-2023 y el programa \u201cMi Beca para Empezar\u201d resulta de mucha ayuda para miles de estudiantes mexicanos en un contexto como el actual. Este es un programa que consiste en un apoyo econ\u00f3mico que brinda el Gobierno de la Ciudad de M\u00e9xico a estudiantes de escuelas p\u00fablicas de la&hellip;","rttpg_featured_image_url":{"full":["https:\/\/alprestamo.com\/blog\/wp-content\/uploads\/2022\/08\/Mi-Beca-para-Empezar.jpeg",1024,683,false],"landscape":["https:\/\/alprestamo.com\/blog\/wp-content\/uploads\/2022\/08\/Mi-Beca-para-Empezar.jpeg",1024,683,false],"portraits":["https:\/\/alprestamo.com\/blog\/wp-content\/uploads\/2022\/08\/Mi-Beca-para-Empezar.jpeg",1024,683,false],"thumbnail":["https:\/\/alprestamo.com\/blog\/wp-content\/uploads\/2022\/08\/Mi-Beca-para-Empezar-150x150.jpeg",150,150,true],"medium":["https:\/\/alprestamo.com\/blog\/wp-content\/uploads\/2022\/08\/Mi-Beca-para-Empezar-300x200.jpeg",300,200,true],"large":["https:\/\/alprestamo.com\/blog\/wp-content\/uploads\/2022\/08\/Mi-Beca-para-Empezar.jpeg",1024,683,false],"1536x1536":["https:\/\/alprestamo.com\/blog\/wp-content\/uploads\/2022\/08\/Mi-Beca-para-Empezar.jpeg",1024,683,false],"2048x2048":["https:\/\/alprestamo.com\/blog\/wp-content\/uploads\/2022\/08\/Mi-Beca-para-Empezar.jpeg",1024,683,false],"rt_custom":["https:\/\/alprestamo.com\/blog\/wp-content\/uploads\/2022\/08\/Mi-Beca-para-Empezar.jpeg",1024,683,false]},"rttpg_author":{"display_name":"admin","author_link":"https:\/\/alprestamo.com\/blog\/author\/admin\/"},"rttpg_comment":0,"rttpg_category":"<a href=\"https:\/\/alprestamo.com\/blog\/categoria\/mx\/programas-sociales-mx\/\" rel=\"category tag\">Programas Sociales<\/a>","rttpg_excerpt":"Pronto estar\u00e1 comenzando el ciclo escolar 2022-2023 y el programa \u201cMi Beca para Empezar\u201d resulta de mucha ayuda para miles de estudiantes mexicanos en un contexto como el actual. Este es un programa que consiste en un apoyo econ\u00f3mico que brinda el Gobierno de la Ciudad de M\u00e9xico a estudiantes de escuelas p\u00fablicas de la&hellip;","_links":{"self":[{"href":"https:\/\/alprestamo.com\/blog\/wp-json\/wp\/v2\/posts\/13191"}],"collection":[{"href":"https:\/\/alprestamo.com\/blog\/wp-json\/wp\/v2\/posts"}],"about":[{"href":"https:\/\/alprestamo.com\/blog\/wp-json\/wp\/v2\/types\/post"}],"author":[{"embeddable":true,"href":"https:\/\/alprestamo.com\/blog\/wp-json\/wp\/v2\/users\/1"}],"replies":[{"embeddable":true,"href":"https:\/\/alprestamo.com\/blog\/wp-json\/wp\/v2\/comments?post=13191"}],"version-history":[{"count":0,"href":"https:\/\/alprestamo.com\/blog\/wp-json\/wp\/v2\/posts\/13191\/revisions"}],"wp:featuredmedia":[{"embeddable":true,"href":"https:\/\/alprestamo.com\/blog\/wp-json\/wp\/v2\/media\/12942"}],"wp:attachment":[{"href":"https:\/\/alprestamo.com\/blog\/wp-json\/wp\/v2\/media?parent=13191"}],"wp:term":[{"taxonomy":"category","embeddable":true,"href":"https:\/\/alprestamo.com\/blog\/wp-json\/wp\/v2\/categories?post=13191"},{"taxonomy":"post_tag","embeddable":true,"href":"https:\/\/alprestamo.com\/blog\/wp-json\/wp\/v2\/tags?post=13191"}],"curies":[{"name":"wp","href":"https:\/\/api.w.org\/{rel}","templated":true}]}}