{"id":13239,"date":"2022-09-12T08:00:00","date_gmt":"2022-09-12T11:00:00","guid":{"rendered":"https:\/\/alprestamo.com\/blog\/2022\/09\/12\/soy-inquilino-en-buenos-aires-de-cuanto-sera-el-aumento-en-septiembre\/"},"modified":"2022-09-12T08:00:00","modified_gmt":"2022-09-12T11:00:00","slug":"soy-inquilino-en-buenos-aires-de-cuanto-sera-el-aumento-en-septiembre","status":"publish","type":"post","link":"https:\/\/alprestamo.com\/blog\/soy-inquilino-en-buenos-aires-de-cuanto-sera-el-aumento-en-septiembre\/","title":{"rendered":"Soy inquilino en Buenos Aires: \u00bfde cu\u00e1nto ser\u00e1 el aumento en septiembre?"},"content":{"rendered":"\n<p>Entre las principales caracter\u00edsticas de la<strong> Ley de Alquileres<\/strong> que rige en Argentina desde 2020, est\u00e1n que los <strong>contratos pasan a ser de tres a\u00f1os<\/strong> y los <strong>aumentos son anuales<\/strong>.<\/p>\n\n\n\n<p>En el caso de que est\u00e9s alquilando en Argentina, y m\u00e1s especificamente en la provincia o Ciudad de Buenos Aires, es importante que sepas que \u2013de haber firmado el contrato en <strong>septiembre de 2021 o 2020<\/strong>\u2013, a partir de este mes deber\u00e1s pagar un <strong>aumento del 60% en el alquiler mensual<\/strong>.&nbsp;<\/p>\n\n\n\n<p>Sin embargo, para saber exactamente en cu\u00e1nto quedar\u00e1 el monto que tendr\u00e1s que pagar es importante tener en cuenta la <strong>fecha<\/strong> en la que firmaste el contrato de alquiler.<\/p>\n\n\n\n<p><strong>\u00bfC\u00f3mo calculo el aumento del alquiler?<\/strong><\/p>\n\n\n\n<p>Para calcular en cu\u00e1nto te quedar\u00e1 el monto a pagar por mes de alquiler, deber\u00e1s ingresar en la p\u00e1gina web del Banco Central y acceder al <a href=\\\"https:\/\/www.bcra.gob.ar\/PublicacionesEstadisticas\/Principales_variables_datos.asp?serie=7988&amp;detalle=%CDndice%20para%20Contratos%20de%20Locaci%F3n%20(ICL-Ley%2027.551,%20con%20dos%20decimales,%20base%2030.6.20=1)\\\">\u00cdndice para Contratos de Locaci\u00f3n<\/a> (ICL).<\/p>\n\n\n\n<p>Luego, podr\u00e1s calcular la variaci\u00f3n correspondiente entre la fecha en la que firmaste el contrato y la actual.&nbsp; Por ejemplo, si firmaste tu contrato el 1 de septiembre de 2021, tendr\u00e1s que dividir el ICL actualizado con el de ese d\u00eda.<\/p>\n\n\n\n<p>Por \u00faltimo, deber\u00e1s multiplicar ese resultado por el valor del precio original del alquiler. As\u00ed, tendr\u00e1s el <strong>valor estimado que pagar\u00e1s a partir de septiembre de este a\u00f1o<\/strong>.<\/p>\n\n\n\n<p><strong>\u00bfCu\u00e1nto sale vivir en Buenos Aires?<\/strong><\/p>\n\n\n\n<p>La Ciudad de Buenos Aires es <strong>una de las ciudades m\u00e1s caras<\/strong>, si no la m\u00e1s cara, del pa\u00eds. Seg\u00fan un estudio realizado por una entidad privada, en agosto los alquileres de monoambientes en la ciudad <strong>subieron un 12,2% en agosto<\/strong> respecto de julio (sin contar expensas o servicios de gas, luz y\/o agua).&nbsp;<\/p>\n\n\n\n<p>Adem\u00e1s, el precio promedio de alquileres de un monoambiente en agosto era de <strong>$61.000 por mes<\/strong>. A su vez, un <strong>dos ambientes<\/strong> est\u00e1 alrededor de<strong> $74.500<\/strong> y un<strong> tres ambientes<\/strong>, <strong>$100.600<\/strong> en promedio.<\/p>\n\n\n\n<p>Sin embargo, seg\u00fan una reciente encuesta realizada por una plataforma de real estate, <strong>la mayor\u00eda (54%) de los <\/strong><a href=\\\"https:\/\/alprestamo.com\/blog\/cuanto-dinero-necesitas-para-mudarte-solo-en-argentina\/\\\"><strong>jovenes<\/strong><\/a><strong> encuestados de entre 18 y 35 a\u00f1os siguen eligiendo mudarse a CABA<\/strong>.<\/p>\n\n\n\n<p>Entre las <strong>razones<\/strong> por las cuales eligen mudarse a la ciudad, est\u00e1n la facilidad de acceso a escuelas, la universidad y el trabajo, la seguridad, y la cercan\u00eda a plazas y parques p\u00fablicos.<\/p>\n\n\n\n<p><strong>Qu\u00e9 dice la Ley de Alquileres<\/strong><\/p>\n\n\n\n<p>Desde 2020, existe en Argentina una nueva Ley de Alquileres que establece dos modificaciones principales:&nbsp;<\/p>\n\n\n\n<ul class=\"wp-block-list\"><li>La primera, como mencionamos previamente, es que los <strong>contratos pasan a ser de tres a\u00f1os<\/strong> y los <strong>aumentos anuales<\/strong>. Estos se establecen por una f\u00f3rmula que se compone de la siguiente forma: 50% evoluci\u00f3n de salarios (Ripte) + 50% inflaci\u00f3n Indec (IPC).<\/li><li>La <strong>comisi\u00f3n inmobiliaria<\/strong> contemplada por la ley es del <strong>5%<\/strong> del total del contrato.&nbsp;<\/li><li>Actualmente, la persona que quiera alquilar en Argentina debe proponer al menos <strong>dos opciones de garant\u00eda<\/strong>. Estas pueden incluir: un t\u00edtulo de propiedad, un aval bancario, un seguro de cauci\u00f3n, una garant\u00eda de fianza o garant\u00eda personal de inquilino o inquilina (recibo de sueldo, certificado de ingresos o cualquier otro medio).<\/li><\/ul>\n\n\n\n<p><strong>\u00bfNecesit\u00e1s ayuda econ\u00f3mica?<\/strong><\/p>\n\n\n\n<p>Si tu alquiler subi\u00f3 mucho este mes y no te alcanza el dinero para poder afrontar este gasto, pod\u00e9s considerar la posiblidad de pedir un pr\u00e9stamo en <strong>Alprestamo<\/strong>.<\/p>\n\n\n\n<p>Somos una plataforma que ofrece servicios financieros, vinculando a los usuarios que buscan una soluci\u00f3n con entidades que puedan proveerla. \u00a1Todo en simples pasos y de forma gratuita!<\/p>\n","protected":false},"excerpt":{"rendered":"<p>Entre las principales caracter\u00edsticas de la Ley de Alquileres que rige en Argentina desde 2020, est\u00e1n que los contratos pasan a ser de tres a\u00f1os y los aumentos son anuales. En el caso de que est\u00e9s alquilando en Argentina, y m\u00e1s especificamente en la provincia o Ciudad de Buenos Aires, es importante que sepas que &hellip;<\/p>\n<p class=\"read-more\"> <a class=\"\" href=\"https:\/\/alprestamo.com\/blog\/soy-inquilino-en-buenos-aires-de-cuanto-sera-el-aumento-en-septiembre\/\"> <span class=\"screen-reader-text\">Soy inquilino en Buenos Aires: \u00bfde cu\u00e1nto ser\u00e1 el aumento en septiembre?<\/span> Leer m\u00e1s &raquo;<\/a><\/p>\n","protected":false},"author":1,"featured_media":13241,"comment_status":"closed","ping_status":"closed","sticky":false,"template":"","format":"standard","meta":{"_uag_custom_page_level_css":"","site-sidebar-layout":"default","site-content-layout":"default","ast-global-header-display":"","ast-banner-title-visibility":"","ast-main-header-display":"","ast-hfb-above-header-display":"","ast-hfb-below-header-display":"","ast-hfb-mobile-header-display":"","site-post-title":"","ast-breadcrumbs-content":"","ast-featured-img":"","footer-sml-layout":"","theme-transparent-header-meta":"","adv-header-id-meta":"","stick-header-meta":"","header-above-stick-meta":"","header-main-stick-meta":"","header-below-stick-meta":"","footnotes":""},"categories":[92,20],"tags":[],"class_list":["post-13239","post","type-post","status-publish","format-standard","has-post-thumbnail","hentry","category-ar","category-economia-finanzas-ar"],"acf":[],"yoast_head":"<!-- This site is optimized with the Yoast SEO plugin v23.2 - https:\/\/yoast.com\/wordpress\/plugins\/seo\/ -->\n<title>Soy inquilino en Buenos Aires: \u00bfde cu\u00e1nto ser\u00e1 el aumento en septiembre?<\/title>\n<meta name=\"description\" content=\"Entre las principales caracter\u00edsticas de la Ley de Alquileres que rige en Argentina desde 2020, est\u00e1n que los contratos pasan a ser de tres a\u00f1os y los\" \/>\n<meta name=\"robots\" content=\"index, follow, max-snippet:-1, max-image-preview:large, max-video-preview:-1\" \/>\n<link rel=\"canonical\" href=\"https:\/\/alprestamo.com\/blog\/soy-inquilino-en-buenos-aires-de-cuanto-sera-el-aumento-en-septiembre\/\" \/>\n<meta property=\"og:locale\" content=\"es_ES\" \/>\n<meta property=\"og:type\" content=\"article\" \/>\n<meta property=\"og:title\" content=\"Soy inquilino en Buenos Aires: \u00bfde cu\u00e1nto ser\u00e1 el aumento en septiembre?\" \/>\n<meta property=\"og:description\" content=\"Entre las principales caracter\u00edsticas de la Ley de Alquileres que rige en Argentina desde 2020, est\u00e1n que los contratos pasan a ser de tres a\u00f1os y los\" \/>\n<meta property=\"og:url\" content=\"https:\/\/alprestamo.com\/blog\/soy-inquilino-en-buenos-aires-de-cuanto-sera-el-aumento-en-septiembre\/\" \/>\n<meta property=\"og:site_name\" content=\"Alprestamo - Hacemos que todo suceda\" \/>\n<meta property=\"article:published_time\" content=\"2022-09-12T11:00:00+00:00\" \/>\n<meta property=\"og:image\" content=\"https:\/\/alprestamo.com\/blog\/wp-content\/uploads\/2022\/09\/ley-de-alquileres.jpeg\" \/>\n\t<meta property=\"og:image:width\" content=\"1200\" \/>\n\t<meta property=\"og:image:height\" content=\"800\" \/>\n\t<meta property=\"og:image:type\" content=\"image\/jpeg\" \/>\n<meta name=\"author\" content=\"admin\" \/>\n<meta name=\"twitter:card\" content=\"summary_large_image\" \/>\n<meta name=\"twitter:label1\" content=\"Escrito por\" \/>\n\t<meta name=\"twitter:data1\" content=\"admin\" \/>\n\t<meta name=\"twitter:label2\" content=\"Tiempo de lectura\" \/>\n\t<meta name=\"twitter:data2\" content=\"3 minutos\" \/>\n<script type=\"application\/ld+json\" class=\"yoast-schema-graph\">{\"@context\":\"https:\/\/schema.org\",\"@graph\":[{\"@type\":\"NewsArticle\",\"@id\":\"https:\/\/alprestamo.com\/blog\/soy-inquilino-en-buenos-aires-de-cuanto-sera-el-aumento-en-septiembre\/#article\",\"isPartOf\":{\"@id\":\"https:\/\/alprestamo.com\/blog\/soy-inquilino-en-buenos-aires-de-cuanto-sera-el-aumento-en-septiembre\/\"},\"author\":{\"name\":\"admin\",\"@id\":\"https:\/\/alprestamo.com\/blog\/#\/schema\/person\/86edda628d7db14ad76fcc0be09cf939\"},\"headline\":\"Soy inquilino en Buenos Aires: \u00bfde cu\u00e1nto ser\u00e1 el aumento en septiembre?\",\"datePublished\":\"2022-09-12T11:00:00+00:00\",\"dateModified\":\"2022-09-12T11:00:00+00:00\",\"mainEntityOfPage\":{\"@id\":\"https:\/\/alprestamo.com\/blog\/soy-inquilino-en-buenos-aires-de-cuanto-sera-el-aumento-en-septiembre\/\"},\"wordCount\":610,\"publisher\":{\"@id\":\"https:\/\/alprestamo.com\/blog\/#organization\"},\"image\":{\"@id\":\"https:\/\/alprestamo.com\/blog\/soy-inquilino-en-buenos-aires-de-cuanto-sera-el-aumento-en-septiembre\/#primaryimage\"},\"thumbnailUrl\":\"https:\/\/alprestamo.com\/blog\/wp-content\/uploads\/2022\/09\/ley-de-alquileres.jpeg\",\"articleSection\":[\"AR\",\"Econom\u00eda y finanzas\"],\"inLanguage\":\"es-AR\"},{\"@type\":\"WebPage\",\"@id\":\"https:\/\/alprestamo.com\/blog\/soy-inquilino-en-buenos-aires-de-cuanto-sera-el-aumento-en-septiembre\/\",\"url\":\"https:\/\/alprestamo.com\/blog\/soy-inquilino-en-buenos-aires-de-cuanto-sera-el-aumento-en-septiembre\/\",\"name\":\"Soy inquilino en Buenos Aires: \u00bfde cu\u00e1nto ser\u00e1 el aumento en septiembre?\",\"isPartOf\":{\"@id\":\"https:\/\/alprestamo.com\/blog\/#website\"},\"primaryImageOfPage\":{\"@id\":\"https:\/\/alprestamo.com\/blog\/soy-inquilino-en-buenos-aires-de-cuanto-sera-el-aumento-en-septiembre\/#primaryimage\"},\"image\":{\"@id\":\"https:\/\/alprestamo.com\/blog\/soy-inquilino-en-buenos-aires-de-cuanto-sera-el-aumento-en-septiembre\/#primaryimage\"},\"thumbnailUrl\":\"https:\/\/alprestamo.com\/blog\/wp-content\/uploads\/2022\/09\/ley-de-alquileres.jpeg\",\"datePublished\":\"2022-09-12T11:00:00+00:00\",\"dateModified\":\"2022-09-12T11:00:00+00:00\",\"description\":\"Entre las principales caracter\u00edsticas de la Ley de Alquileres que rige en Argentina desde 2020, est\u00e1n que los contratos pasan a ser de tres a\u00f1os y los\",\"breadcrumb\":{\"@id\":\"https:\/\/alprestamo.com\/blog\/soy-inquilino-en-buenos-aires-de-cuanto-sera-el-aumento-en-septiembre\/#breadcrumb\"},\"inLanguage\":\"es-AR\",\"potentialAction\":[{\"@type\":\"ReadAction\",\"target\":[\"https:\/\/alprestamo.com\/blog\/soy-inquilino-en-buenos-aires-de-cuanto-sera-el-aumento-en-septiembre\/\"]}]},{\"@type\":\"ImageObject\",\"inLanguage\":\"es-AR\",\"@id\":\"https:\/\/alprestamo.com\/blog\/soy-inquilino-en-buenos-aires-de-cuanto-sera-el-aumento-en-septiembre\/#primaryimage\",\"url\":\"https:\/\/alprestamo.com\/blog\/wp-content\/uploads\/2022\/09\/ley-de-alquileres.jpeg\",\"contentUrl\":\"https:\/\/alprestamo.com\/blog\/wp-content\/uploads\/2022\/09\/ley-de-alquileres.jpeg\",\"width\":1200,\"height\":800,\"caption\":\"ley de alquileres\"},{\"@type\":\"BreadcrumbList\",\"@id\":\"https:\/\/alprestamo.com\/blog\/soy-inquilino-en-buenos-aires-de-cuanto-sera-el-aumento-en-septiembre\/#breadcrumb\",\"itemListElement\":[{\"@type\":\"ListItem\",\"position\":1,\"name\":\"Home\",\"item\":\"https:\/\/alprestamo.com\/blog\/\"},{\"@type\":\"ListItem\",\"position\":2,\"name\":\"Soy inquilino en Buenos Aires: \u00bfde cu\u00e1nto ser\u00e1 el aumento en septiembre?\"}]},{\"@type\":\"WebSite\",\"@id\":\"https:\/\/alprestamo.com\/blog\/#website\",\"url\":\"https:\/\/alprestamo.com\/blog\/\",\"name\":\"Alprestamo\",\"description\":\"Hacemos que todo suceda\",\"publisher\":{\"@id\":\"https:\/\/alprestamo.com\/blog\/#organization\"},\"potentialAction\":[{\"@type\":\"SearchAction\",\"target\":{\"@type\":\"EntryPoint\",\"urlTemplate\":\"https:\/\/alprestamo.com\/blog\/?s={search_term_string}\"},\"query-input\":\"required name=search_term_string\"}],\"inLanguage\":\"es-AR\"},{\"@type\":\"Organization\",\"@id\":\"https:\/\/alprestamo.com\/blog\/#organization\",\"name\":\"Alprestamo\",\"url\":\"https:\/\/alprestamo.com\/blog\/\",\"logo\":{\"@type\":\"ImageObject\",\"inLanguage\":\"es-AR\",\"@id\":\"https:\/\/alprestamo.com\/blog\/#\/schema\/logo\/image\/\",\"url\":\"https:\/\/alprestamo.com\/blog\/wp-content\/uploads\/2022\/10\/Imagotipo_Blanco.svg\",\"contentUrl\":\"https:\/\/alprestamo.com\/blog\/wp-content\/uploads\/2022\/10\/Imagotipo_Blanco.svg\",\"width\":1199,\"height\":203,\"caption\":\"Alprestamo\"},\"image\":{\"@id\":\"https:\/\/alprestamo.com\/blog\/#\/schema\/logo\/image\/\"}},{\"@type\":\"Person\",\"@id\":\"https:\/\/alprestamo.com\/blog\/#\/schema\/person\/86edda628d7db14ad76fcc0be09cf939\",\"name\":\"admin\",\"image\":{\"@type\":\"ImageObject\",\"inLanguage\":\"es-AR\",\"@id\":\"https:\/\/alprestamo.com\/blog\/#\/schema\/person\/image\/\",\"url\":\"https:\/\/secure.gravatar.com\/avatar\/72868a6451caea79ae74926511fb9e4a?s=96&d=mm&r=g\",\"contentUrl\":\"https:\/\/secure.gravatar.com\/avatar\/72868a6451caea79ae74926511fb9e4a?s=96&d=mm&r=g\",\"caption\":\"admin\"},\"sameAs\":[\"https:\/\/alprestamo.com\/blog\"],\"url\":\"https:\/\/alprestamo.com\/blog\/author\/admin\/\"}]}<\/script>\n<!-- \/ Yoast SEO plugin. -->","yoast_head_json":{"title":"Soy inquilino en Buenos Aires: \u00bfde cu\u00e1nto ser\u00e1 el aumento en septiembre?","description":"Entre las principales caracter\u00edsticas de la Ley de Alquileres que rige en Argentina desde 2020, est\u00e1n que los contratos pasan a ser de tres a\u00f1os y los","robots":{"index":"index","follow":"follow","max-snippet":"max-snippet:-1","max-image-preview":"max-image-preview:large","max-video-preview":"max-video-preview:-1"},"canonical":"https:\/\/alprestamo.com\/blog\/soy-inquilino-en-buenos-aires-de-cuanto-sera-el-aumento-en-septiembre\/","og_locale":"es_ES","og_type":"article","og_title":"Soy inquilino en Buenos Aires: \u00bfde cu\u00e1nto ser\u00e1 el aumento en septiembre?","og_description":"Entre las principales caracter\u00edsticas de la Ley de Alquileres que rige en Argentina desde 2020, est\u00e1n que los contratos pasan a ser de tres a\u00f1os y los","og_url":"https:\/\/alprestamo.com\/blog\/soy-inquilino-en-buenos-aires-de-cuanto-sera-el-aumento-en-septiembre\/","og_site_name":"Alprestamo - Hacemos que todo suceda","article_published_time":"2022-09-12T11:00:00+00:00","og_image":[{"width":1200,"height":800,"url":"https:\/\/alprestamo.com\/blog\/wp-content\/uploads\/2022\/09\/ley-de-alquileres.jpeg","type":"image\/jpeg"}],"author":"admin","twitter_card":"summary_large_image","twitter_misc":{"Escrito por":"admin","Tiempo de lectura":"3 minutos"},"schema":{"@context":"https:\/\/schema.org","@graph":[{"@type":"NewsArticle","@id":"https:\/\/alprestamo.com\/blog\/soy-inquilino-en-buenos-aires-de-cuanto-sera-el-aumento-en-septiembre\/#article","isPartOf":{"@id":"https:\/\/alprestamo.com\/blog\/soy-inquilino-en-buenos-aires-de-cuanto-sera-el-aumento-en-septiembre\/"},"author":{"name":"admin","@id":"https:\/\/alprestamo.com\/blog\/#\/schema\/person\/86edda628d7db14ad76fcc0be09cf939"},"headline":"Soy inquilino en Buenos Aires: \u00bfde cu\u00e1nto ser\u00e1 el aumento en septiembre?","datePublished":"2022-09-12T11:00:00+00:00","dateModified":"2022-09-12T11:00:00+00:00","mainEntityOfPage":{"@id":"https:\/\/alprestamo.com\/blog\/soy-inquilino-en-buenos-aires-de-cuanto-sera-el-aumento-en-septiembre\/"},"wordCount":610,"publisher":{"@id":"https:\/\/alprestamo.com\/blog\/#organization"},"image":{"@id":"https:\/\/alprestamo.com\/blog\/soy-inquilino-en-buenos-aires-de-cuanto-sera-el-aumento-en-septiembre\/#primaryimage"},"thumbnailUrl":"https:\/\/alprestamo.com\/blog\/wp-content\/uploads\/2022\/09\/ley-de-alquileres.jpeg","articleSection":["AR","Econom\u00eda y finanzas"],"inLanguage":"es-AR"},{"@type":"WebPage","@id":"https:\/\/alprestamo.com\/blog\/soy-inquilino-en-buenos-aires-de-cuanto-sera-el-aumento-en-septiembre\/","url":"https:\/\/alprestamo.com\/blog\/soy-inquilino-en-buenos-aires-de-cuanto-sera-el-aumento-en-septiembre\/","name":"Soy inquilino en Buenos Aires: \u00bfde cu\u00e1nto ser\u00e1 el aumento en septiembre?","isPartOf":{"@id":"https:\/\/alprestamo.com\/blog\/#website"},"primaryImageOfPage":{"@id":"https:\/\/alprestamo.com\/blog\/soy-inquilino-en-buenos-aires-de-cuanto-sera-el-aumento-en-septiembre\/#primaryimage"},"image":{"@id":"https:\/\/alprestamo.com\/blog\/soy-inquilino-en-buenos-aires-de-cuanto-sera-el-aumento-en-septiembre\/#primaryimage"},"thumbnailUrl":"https:\/\/alprestamo.com\/blog\/wp-content\/uploads\/2022\/09\/ley-de-alquileres.jpeg","datePublished":"2022-09-12T11:00:00+00:00","dateModified":"2022-09-12T11:00:00+00:00","description":"Entre las principales caracter\u00edsticas de la Ley de Alquileres que rige en Argentina desde 2020, est\u00e1n que los contratos pasan a ser de tres a\u00f1os y los","breadcrumb":{"@id":"https:\/\/alprestamo.com\/blog\/soy-inquilino-en-buenos-aires-de-cuanto-sera-el-aumento-en-septiembre\/#breadcrumb"},"inLanguage":"es-AR","potentialAction":[{"@type":"ReadAction","target":["https:\/\/alprestamo.com\/blog\/soy-inquilino-en-buenos-aires-de-cuanto-sera-el-aumento-en-septiembre\/"]}]},{"@type":"ImageObject","inLanguage":"es-AR","@id":"https:\/\/alprestamo.com\/blog\/soy-inquilino-en-buenos-aires-de-cuanto-sera-el-aumento-en-septiembre\/#primaryimage","url":"https:\/\/alprestamo.com\/blog\/wp-content\/uploads\/2022\/09\/ley-de-alquileres.jpeg","contentUrl":"https:\/\/alprestamo.com\/blog\/wp-content\/uploads\/2022\/09\/ley-de-alquileres.jpeg","width":1200,"height":800,"caption":"ley de alquileres"},{"@type":"BreadcrumbList","@id":"https:\/\/alprestamo.com\/blog\/soy-inquilino-en-buenos-aires-de-cuanto-sera-el-aumento-en-septiembre\/#breadcrumb","itemListElement":[{"@type":"ListItem","position":1,"name":"Home","item":"https:\/\/alprestamo.com\/blog\/"},{"@type":"ListItem","position":2,"name":"Soy inquilino en Buenos Aires: \u00bfde cu\u00e1nto ser\u00e1 el aumento en septiembre?"}]},{"@type":"WebSite","@id":"https:\/\/alprestamo.com\/blog\/#website","url":"https:\/\/alprestamo.com\/blog\/","name":"Alprestamo","description":"Hacemos que todo suceda","publisher":{"@id":"https:\/\/alprestamo.com\/blog\/#organization"},"potentialAction":[{"@type":"SearchAction","target":{"@type":"EntryPoint","urlTemplate":"https:\/\/alprestamo.com\/blog\/?s={search_term_string}"},"query-input":"required name=search_term_string"}],"inLanguage":"es-AR"},{"@type":"Organization","@id":"https:\/\/alprestamo.com\/blog\/#organization","name":"Alprestamo","url":"https:\/\/alprestamo.com\/blog\/","logo":{"@type":"ImageObject","inLanguage":"es-AR","@id":"https:\/\/alprestamo.com\/blog\/#\/schema\/logo\/image\/","url":"https:\/\/alprestamo.com\/blog\/wp-content\/uploads\/2022\/10\/Imagotipo_Blanco.svg","contentUrl":"https:\/\/alprestamo.com\/blog\/wp-content\/uploads\/2022\/10\/Imagotipo_Blanco.svg","width":1199,"height":203,"caption":"Alprestamo"},"image":{"@id":"https:\/\/alprestamo.com\/blog\/#\/schema\/logo\/image\/"}},{"@type":"Person","@id":"https:\/\/alprestamo.com\/blog\/#\/schema\/person\/86edda628d7db14ad76fcc0be09cf939","name":"admin","image":{"@type":"ImageObject","inLanguage":"es-AR","@id":"https:\/\/alprestamo.com\/blog\/#\/schema\/person\/image\/","url":"https:\/\/secure.gravatar.com\/avatar\/72868a6451caea79ae74926511fb9e4a?s=96&d=mm&r=g","contentUrl":"https:\/\/secure.gravatar.com\/avatar\/72868a6451caea79ae74926511fb9e4a?s=96&d=mm&r=g","caption":"admin"},"sameAs":["https:\/\/alprestamo.com\/blog"],"url":"https:\/\/alprestamo.com\/blog\/author\/admin\/"}]}},"uagb_featured_image_src":{"full":["https:\/\/alprestamo.com\/blog\/wp-content\/uploads\/2022\/09\/ley-de-alquileres.jpeg",1200,800,false],"thumbnail":["https:\/\/alprestamo.com\/blog\/wp-content\/uploads\/2022\/09\/ley-de-alquileres-150x150.jpeg",150,150,true],"medium":["https:\/\/alprestamo.com\/blog\/wp-content\/uploads\/2022\/09\/ley-de-alquileres-300x200.jpeg",300,200,true],"medium_large":["https:\/\/alprestamo.com\/blog\/wp-content\/uploads\/2022\/09\/ley-de-alquileres-768x512.jpeg",768,512,true],"large":["https:\/\/alprestamo.com\/blog\/wp-content\/uploads\/2022\/09\/ley-de-alquileres-1024x683.jpeg",1024,683,true],"1536x1536":["https:\/\/alprestamo.com\/blog\/wp-content\/uploads\/2022\/09\/ley-de-alquileres.jpeg",1200,800,false],"2048x2048":["https:\/\/alprestamo.com\/blog\/wp-content\/uploads\/2022\/09\/ley-de-alquileres.jpeg",1200,800,false]},"uagb_author_info":{"display_name":"admin","author_link":"https:\/\/alprestamo.com\/blog\/author\/admin\/"},"uagb_comment_info":0,"uagb_excerpt":"Entre las principales caracter\u00edsticas de la Ley de Alquileres que rige en Argentina desde 2020, est\u00e1n que los contratos pasan a ser de tres a\u00f1os y los aumentos son anuales. En el caso de que est\u00e9s alquilando en Argentina, y m\u00e1s especificamente en la provincia o Ciudad de Buenos Aires, es importante que sepas que&hellip;","rttpg_featured_image_url":{"full":["https:\/\/alprestamo.com\/blog\/wp-content\/uploads\/2022\/09\/ley-de-alquileres.jpeg",1200,800,false],"landscape":["https:\/\/alprestamo.com\/blog\/wp-content\/uploads\/2022\/09\/ley-de-alquileres.jpeg",1200,800,false],"portraits":["https:\/\/alprestamo.com\/blog\/wp-content\/uploads\/2022\/09\/ley-de-alquileres.jpeg",1200,800,false],"thumbnail":["https:\/\/alprestamo.com\/blog\/wp-content\/uploads\/2022\/09\/ley-de-alquileres-150x150.jpeg",150,150,true],"medium":["https:\/\/alprestamo.com\/blog\/wp-content\/uploads\/2022\/09\/ley-de-alquileres-300x200.jpeg",300,200,true],"large":["https:\/\/alprestamo.com\/blog\/wp-content\/uploads\/2022\/09\/ley-de-alquileres-1024x683.jpeg",1024,683,true],"1536x1536":["https:\/\/alprestamo.com\/blog\/wp-content\/uploads\/2022\/09\/ley-de-alquileres.jpeg",1200,800,false],"2048x2048":["https:\/\/alprestamo.com\/blog\/wp-content\/uploads\/2022\/09\/ley-de-alquileres.jpeg",1200,800,false],"rt_custom":["https:\/\/alprestamo.com\/blog\/wp-content\/uploads\/2022\/09\/ley-de-alquileres.jpeg",1200,800,false]},"rttpg_author":{"display_name":"admin","author_link":"https:\/\/alprestamo.com\/blog\/author\/admin\/"},"rttpg_comment":0,"rttpg_category":"<a href=\"https:\/\/alprestamo.com\/blog\/categoria\/ar\/\" rel=\"category tag\">AR<\/a> <a href=\"https:\/\/alprestamo.com\/blog\/categoria\/ar\/economia-finanzas-ar\/\" rel=\"category tag\">Econom\u00eda y finanzas<\/a>","rttpg_excerpt":"Entre las principales caracter\u00edsticas de la Ley de Alquileres que rige en Argentina desde 2020, est\u00e1n que los contratos pasan a ser de tres a\u00f1os y los aumentos son anuales. En el caso de que est\u00e9s alquilando en Argentina, y m\u00e1s especificamente en la provincia o Ciudad de Buenos Aires, es importante que sepas que&hellip;","_links":{"self":[{"href":"https:\/\/alprestamo.com\/blog\/wp-json\/wp\/v2\/posts\/13239"}],"collection":[{"href":"https:\/\/alprestamo.com\/blog\/wp-json\/wp\/v2\/posts"}],"about":[{"href":"https:\/\/alprestamo.com\/blog\/wp-json\/wp\/v2\/types\/post"}],"author":[{"embeddable":true,"href":"https:\/\/alprestamo.com\/blog\/wp-json\/wp\/v2\/users\/1"}],"replies":[{"embeddable":true,"href":"https:\/\/alprestamo.com\/blog\/wp-json\/wp\/v2\/comments?post=13239"}],"version-history":[{"count":0,"href":"https:\/\/alprestamo.com\/blog\/wp-json\/wp\/v2\/posts\/13239\/revisions"}],"wp:featuredmedia":[{"embeddable":true,"href":"https:\/\/alprestamo.com\/blog\/wp-json\/wp\/v2\/media\/13241"}],"wp:attachment":[{"href":"https:\/\/alprestamo.com\/blog\/wp-json\/wp\/v2\/media?parent=13239"}],"wp:term":[{"taxonomy":"category","embeddable":true,"href":"https:\/\/alprestamo.com\/blog\/wp-json\/wp\/v2\/categories?post=13239"},{"taxonomy":"post_tag","embeddable":true,"href":"https:\/\/alprestamo.com\/blog\/wp-json\/wp\/v2\/tags?post=13239"}],"curies":[{"name":"wp","href":"https:\/\/api.w.org\/{rel}","templated":true}]}}