{"id":13673,"date":"2022-10-03T20:00:00","date_gmt":"2022-10-03T23:00:00","guid":{"rendered":"https:\/\/alprestamo.com\/blog\/2022\/10\/03\/economia-en-tiempos-de-crisis-como-me-preparo\/"},"modified":"2022-10-03T20:00:00","modified_gmt":"2022-10-03T23:00:00","slug":"economia-en-tiempos-de-crisis-como-me-preparo","status":"publish","type":"post","link":"https:\/\/alprestamo.com\/blog\/economia-en-tiempos-de-crisis-como-me-preparo\/","title":{"rendered":"Econom\u00eda en tiempos de crisis: \u00bfC\u00f3mo me preparo?"},"content":{"rendered":"\n<p>La palabra crisis se puede definir como una \u201csituaci\u00f3n grave y decisiva que pone en peligro el desarrollo de un asunto o un proceso\u201d. Por lo tanto, una crisis econ\u00f3mica se trata de una situaci\u00f3n grave para la econom\u00eda. T\u00e9cnicamente, una crisis econ\u00f3mica se puede definir como <strong>la parte del ciclo econ\u00f3mico en la que se produce un decrecimiento considerable de la econom\u00eda durante un periodo prolongado.&nbsp;<\/strong><\/p>\n\n\n\n<p>Las crisis pueden ser locales o globales. Un ejemplo actual y f\u00e1cil para identificar una <strong>crisis global es la pandemia de coronavirus<\/strong> que tuvo un impacto a nivel mundial. Si bien actualmente por la globalizaci\u00f3n las crisis tienden a ser mundiales tambi\u00e9n existen las locales que apuntan a situaciones que tienen mayor impacto en el pa\u00eds donde se producen como cuando en Argentina por ejemplo, cambia el titular del ministerio de econom\u00eda.&nbsp;<\/p>\n\n\n\n<p>Pese a que muchas veces pareciera que esas variables y n\u00fameros que debaten los analistas y se escuchan mucho m\u00e1s en momentos de crisis son lejanas, tienen impacto en toda la poblaci\u00f3n econ\u00f3mica. Quiz\u00e1s la forma m\u00e1s f\u00e1cil de advertirlo es la<strong> <\/strong><a href=\\\"https:\/\/alprestamo.com\/blog\/inflacion-record-5-metodos-creativos-para-ahorrar\/\\\"><strong>inflaci\u00f3n<\/strong><\/a><strong> <\/strong>que tiene un impacto en nuestro bolsillo. El aumento generalizado de precios hace que nuestra moneda se deprecie, es decir, que cada vez valga menos. En pocas palabras, el mismo billete alcanza cada vez para comprar menos cosas y por lo tanto, nuestro poder adquisitivo como consumidores se reduce. Sumado a esto, las crisis tambi\u00e9n impactan en otras variables como el mercado de trabajo, suele aumentar el desempleo, o la <a href=\\\"https:\/\/alprestamo.com\/blog\/creditos-en-argentina-es-facil-acceder-a-uno\/\\\">falta de cr\u00e9dito<\/a> ya que los financiadores adoptan una actitud m\u00e1s conservadora ante contextos vol\u00e1tiles.&nbsp;<\/p>\n\n\n\n<h2 class=\"wp-block-heading\">Contexto econ\u00f3mico mundial post pandemia y argentino<\/h2>\n\n\n\n<p>La pandemia irrumpi\u00f3 de manera inesperada y su impacto fue a nivel global. <strong>En Estados Unidos, la inflaci\u00f3n alcanz\u00f3 su punto m\u00e1s alto en 40 a\u00f1os y se ubic\u00f3 en un 9,1% anual<\/strong>. El aumento anual de los precios est\u00e1 muy lejos de donde se encontraba antes de la pandemia y de la tasa de inflaci\u00f3n objetivo de la Reserva Federal del 2%.<\/p>\n\n\n\n<p>A su vez, luego lleg\u00f3 la <strong>guerra en Ucrania que produjo fuertes incrementos en las commodities o en la energ\u00eda.<\/strong> Adem\u00e1s, impact\u00f3 en el valor del euro: la moneda cay\u00f3 a sus niveles m\u00e1s bajos hasta tocar paridad con el d\u00f3lar, situaci\u00f3n que no ocurr\u00eda desde 2002.&nbsp;<\/p>\n\n\n\n<p>En Argentina, la inflaci\u00f3n tiene din\u00e1mica propia pero tambi\u00e9n <strong>alcanz\u00f3 un r\u00e9cord desde la convertibilidad. <\/strong>En Agosto, y por segundo mes consecutivo, se ubic\u00f3 en un nivel de 7% o m\u00e1s y las estimaciones privadas muestran que la anual se encamina a las tres cifras. Mientras que en el primer semestre la mayor\u00eda de los pa\u00edses experiment\u00f3 un fogonazo inflacionario por una conjunci\u00f3n entre los efectos de la pospandemia, el impacto de la pol\u00edtica monetaria expansiva para mitigar los efectos del Covid-19 y el conflicto en Ucrania, los n\u00fameros de la regi\u00f3n muestras cierta estabilizaci\u00f3n de la cual nuestro pa\u00eds se diferencia. Para citar solo a modo de ejemplo, Brasil logr\u00f3 en julio una ca\u00edda del 0,68%, el primer registro de inflaci\u00f3n \u201cnegativa\u201d luego de 25 meses consecutivos en alza. En Bolivia el dato acumulado anual en agosto fue 1,6. Por lo tanto, la inflaci\u00f3n de la Argentina en los \u00faltimos dos meses fue cuatro veces m\u00e1s alta que la suba de precios que se registr\u00f3 en Bolivia en todo un a\u00f1o.<\/p>\n\n\n\n<h2 class=\"wp-block-heading\">\u00bfC\u00f3mo me preparo para una crisis?<\/h2>\n\n\n\n<p>Es dif\u00edcil estar preparado para una crisis. Sin embargo, existen algunos consejos para poder enfrentarlas lo mejor posible. En primer lugar <strong>tener nuestras finanzas econ\u00f3micas ordenadas y contar con una <\/strong><a href=\\\"https:\/\/alprestamo.com\/blog\/inflacion-record-5-metodos-creativos-para-ahorrar\/\\\"><strong>reserva de emergencia<\/strong><\/a> como es recomendable har\u00e1 que contemos con un extra de recursos para atravesar la situaci\u00f3n ya que no es posible saber cu\u00e1nto durar\u00e1 una crisis cuando comienzan.&nbsp;<\/p>\n\n\n\n<p>Por otro lado, uno de los primeros consejos es buscar estar informado, saber qu\u00e9 est\u00e1 pasando no solo en nuestro pa\u00eds, sino tambi\u00e9n en contexto econ\u00f3mico mundial para saber qu\u00e9 medidas se pueden tomar para proteger nuestros ahorros.&nbsp;<\/p>\n\n\n\n<p>Existen muchas maneras de mantenerse informado. Quiz\u00e1s lo m\u00e1s f\u00e1cil es estar al tanto de las diferentes variables econ\u00f3micas que tienen impacto en nuestra vida diaria: <strong>la inflaci\u00f3n o las variaciones en el tipo de cambio, sobre todo del d\u00f3lar<\/strong>. En Argentina, son temas que ocupan los diarios cotidianamente pero tambi\u00e9n se pueden seguir mediante los organismos oficiales. Pero se puede incluir tambi\u00e9n la tasa de inter\u00e9s del Banco Central ya que de eso depender\u00e1 la tasa de endeudamiento tanto en tarjetas de cr\u00e9ditos como en cualquier otro cr\u00e9dito que adquiramos. Sumado a esto, se pueden seguir los movimientos de commodities, instrumentos financieros o carteras de inversi\u00f3n en p\u00e1ginas especializadas.&nbsp; &nbsp; &nbsp; &nbsp;<\/p>\n\n\n\n<h2 class=\"wp-block-heading\">\u00bfQu\u00e9 hacer con los ahorros y con el dinero invertido?<\/h2>\n\n\n\n<p>Debido a la alta inflaci\u00f3n, en Argentina es frecuente ahorrar en alguna moneda fuerte. Los ahorros que a\u00fan no fueron invertidos, entonces, podemos mantenerlos en una moneda como el d\u00f3lar o el euro. Pero no es la \u00fanica opci\u00f3n, tambi\u00e9n se pueden colocar en Fondos Comunes de Inversi\u00f3n (FCI), tambi\u00e9n conocidos como \u201cmoney market\u201d. Son fondos de disponibilidad inmediata, es decir, que es posible disponer de nuestro dinero de forma instant\u00e1nea cuando lo deseemos pero mientras permanecen all\u00ed generan rentabilidad.&nbsp;&nbsp;<\/p>\n\n\n\n<h2 class=\"wp-block-heading\">\u00bfQu\u00e9 activos y reservas de valor suelen funcionar en tiempos de crisis?<\/h2>\n\n\n\n<p>En momentos de crisis y contextos vol\u00e1tiles, es <strong>mucho m\u00e1s segura la renta fija que la renta variable. <\/strong>Pese a que todas las inversiones implican un riesgo, te\u00f3ricamente, deber\u00eda ser menor en este tipo de rentas porque como su nombre lo indica, la rentabilidad es fija. Tambi\u00e9n vale aclarar que, a menor riesgo, menor rentabilidad y aunque su riesgo sea menor, muchas veces este tipo de activos no resultan inversiones atractivas.&nbsp;<\/p>\n\n\n\n<p><strong>Algunas de las opciones a las que podemos recurrir para nuestro dinero invertido son:&nbsp;<\/strong><\/p>\n\n\n\n<ol class=\"wp-block-list\"><li>Bonos del Tesoro o bonos corporativos de Estados Unidos.<\/li><li>Comprar metales preciosos, como el oro y la plata. El oro es el principal activo refugio del mundo porque <a href=\\\"https:\/\/alprestamo.com\/blog\/el-precio-del-oro-llego-a-su-maximo-historico-me-sirve-invertir-en-este-metal\/\\\">se caracteriza por aumentar de valor en \u00e9pocas de incertidumbre<\/a>. Sin embargo, suele estar valorizado en d\u00f3lares por ser la moneda de reserva mundial, que en las crisis tambi\u00e9n puede fortalecerse.&nbsp;<\/li><li>Tener acciones de compa\u00f1\u00edas antic\u00edclicas como empresas de servicios b\u00e1sicos o consumo masivo.&nbsp;<\/li><li>Comprar propiedades inmobiliarias.<\/li><\/ol>\n\n\n\n<p>Adem\u00e1s, es recomendable diversificar tu cartera de inversiones, es decir, no aportar y apostar todos tus ahorros a una sola opci\u00f3n para evitar perderlos en caso de que no funcione.<\/p>\n\n\n\n<p>La volatilidad que se produce en los mercados cuando estallan las crisis econ\u00f3micas genera riesgos pero tambi\u00e9n oportunidades. Los m\u00e1s arriesgados se atreven a invertir en aquellos mercados que, en tiempos de crisis, pueden generar grandes rentabilidades pero tambi\u00e9n grandes p\u00e9rdidas, para poder determinar cuales son los sectores m\u00e1s afectados es importante identificar el origen de la misma.&nbsp;<\/p>\n","protected":false},"excerpt":{"rendered":"<p>La palabra crisis se puede definir como una \u201csituaci\u00f3n grave y decisiva que pone en peligro el desarrollo de un asunto o un proceso\u201d. Por lo tanto, una crisis econ\u00f3mica se trata de una situaci\u00f3n grave para la econom\u00eda. T\u00e9cnicamente, una crisis econ\u00f3mica se puede definir como la parte del ciclo econ\u00f3mico en la que &hellip;<\/p>\n<p class=\"read-more\"> <a class=\"\" href=\"https:\/\/alprestamo.com\/blog\/economia-en-tiempos-de-crisis-como-me-preparo\/\"> <span class=\"screen-reader-text\">Econom\u00eda en tiempos de crisis: \u00bfC\u00f3mo me preparo?<\/span> Leer m\u00e1s &raquo;<\/a><\/p>\n","protected":false},"author":1,"featured_media":13675,"comment_status":"closed","ping_status":"closed","sticky":false,"template":"","format":"standard","meta":{"_uag_custom_page_level_css":"","site-sidebar-layout":"default","site-content-layout":"default","ast-global-header-display":"","ast-banner-title-visibility":"","ast-main-header-display":"","ast-hfb-above-header-display":"","ast-hfb-below-header-display":"","ast-hfb-mobile-header-display":"","site-post-title":"","ast-breadcrumbs-content":"","ast-featured-img":"","footer-sml-layout":"","theme-transparent-header-meta":"","adv-header-id-meta":"","stick-header-meta":"","header-above-stick-meta":"","header-main-stick-meta":"","header-below-stick-meta":"","footnotes":""},"categories":[92,16,20],"tags":[],"class_list":["post-13673","post","type-post","status-publish","format-standard","has-post-thumbnail","hentry","category-ar","category-consejos-financieros-ar","category-economia-finanzas-ar"],"acf":[],"yoast_head":"<!-- This site is optimized with the Yoast SEO plugin v23.2 - https:\/\/yoast.com\/wordpress\/plugins\/seo\/ -->\n<title>Econom\u00eda en tiempos de crisis: \u00bfC\u00f3mo me preparo?<\/title>\n<meta name=\"description\" content=\"La palabra crisis se puede definir como una \u201csituaci\u00f3n grave y decisiva que pone en peligro el desarrollo de un asunto o un proceso\u201d. Por lo tanto, una\" \/>\n<meta name=\"robots\" content=\"index, follow, max-snippet:-1, max-image-preview:large, max-video-preview:-1\" \/>\n<link rel=\"canonical\" href=\"https:\/\/alprestamo.com\/blog\/economia-en-tiempos-de-crisis-como-me-preparo\/\" \/>\n<meta property=\"og:locale\" content=\"es_ES\" \/>\n<meta property=\"og:type\" content=\"article\" \/>\n<meta property=\"og:title\" content=\"Econom\u00eda en tiempos de crisis: \u00bfC\u00f3mo me preparo?\" \/>\n<meta property=\"og:description\" content=\"La palabra crisis se puede definir como una \u201csituaci\u00f3n grave y decisiva que pone en peligro el desarrollo de un asunto o un proceso\u201d. Por lo tanto, una\" \/>\n<meta property=\"og:url\" content=\"https:\/\/alprestamo.com\/blog\/economia-en-tiempos-de-crisis-como-me-preparo\/\" \/>\n<meta property=\"og:site_name\" content=\"Alprestamo - Hacemos que todo suceda\" \/>\n<meta property=\"article:published_time\" content=\"2022-10-03T23:00:00+00:00\" \/>\n<meta property=\"og:image\" content=\"https:\/\/alprestamo.com\/blog\/wp-content\/uploads\/2022\/09\/Economia-en-tiempos-de-crisis.jpg\" \/>\n\t<meta property=\"og:image:width\" content=\"1200\" \/>\n\t<meta property=\"og:image:height\" content=\"655\" \/>\n\t<meta property=\"og:image:type\" content=\"image\/jpeg\" \/>\n<meta name=\"author\" content=\"admin\" \/>\n<meta name=\"twitter:card\" content=\"summary_large_image\" \/>\n<meta name=\"twitter:label1\" content=\"Escrito por\" \/>\n\t<meta name=\"twitter:data1\" content=\"admin\" \/>\n\t<meta name=\"twitter:label2\" content=\"Tiempo de lectura\" \/>\n\t<meta name=\"twitter:data2\" content=\"6 minutos\" \/>\n<script type=\"application\/ld+json\" class=\"yoast-schema-graph\">{\"@context\":\"https:\/\/schema.org\",\"@graph\":[{\"@type\":\"NewsArticle\",\"@id\":\"https:\/\/alprestamo.com\/blog\/economia-en-tiempos-de-crisis-como-me-preparo\/#article\",\"isPartOf\":{\"@id\":\"https:\/\/alprestamo.com\/blog\/economia-en-tiempos-de-crisis-como-me-preparo\/\"},\"author\":{\"name\":\"admin\",\"@id\":\"https:\/\/alprestamo.com\/blog\/#\/schema\/person\/86edda628d7db14ad76fcc0be09cf939\"},\"headline\":\"Econom\u00eda en tiempos de crisis: \u00bfC\u00f3mo me preparo?\",\"datePublished\":\"2022-10-03T23:00:00+00:00\",\"dateModified\":\"2022-10-03T23:00:00+00:00\",\"mainEntityOfPage\":{\"@id\":\"https:\/\/alprestamo.com\/blog\/economia-en-tiempos-de-crisis-como-me-preparo\/\"},\"wordCount\":1240,\"publisher\":{\"@id\":\"https:\/\/alprestamo.com\/blog\/#organization\"},\"image\":{\"@id\":\"https:\/\/alprestamo.com\/blog\/economia-en-tiempos-de-crisis-como-me-preparo\/#primaryimage\"},\"thumbnailUrl\":\"https:\/\/alprestamo.com\/blog\/wp-content\/uploads\/2022\/09\/Economia-en-tiempos-de-crisis.jpg\",\"articleSection\":[\"AR\",\"Consejos financieros\",\"Econom\u00eda y finanzas\"],\"inLanguage\":\"es-AR\"},{\"@type\":\"WebPage\",\"@id\":\"https:\/\/alprestamo.com\/blog\/economia-en-tiempos-de-crisis-como-me-preparo\/\",\"url\":\"https:\/\/alprestamo.com\/blog\/economia-en-tiempos-de-crisis-como-me-preparo\/\",\"name\":\"Econom\u00eda en tiempos de crisis: \u00bfC\u00f3mo me preparo?\",\"isPartOf\":{\"@id\":\"https:\/\/alprestamo.com\/blog\/#website\"},\"primaryImageOfPage\":{\"@id\":\"https:\/\/alprestamo.com\/blog\/economia-en-tiempos-de-crisis-como-me-preparo\/#primaryimage\"},\"image\":{\"@id\":\"https:\/\/alprestamo.com\/blog\/economia-en-tiempos-de-crisis-como-me-preparo\/#primaryimage\"},\"thumbnailUrl\":\"https:\/\/alprestamo.com\/blog\/wp-content\/uploads\/2022\/09\/Economia-en-tiempos-de-crisis.jpg\",\"datePublished\":\"2022-10-03T23:00:00+00:00\",\"dateModified\":\"2022-10-03T23:00:00+00:00\",\"description\":\"La palabra crisis se puede definir como una \u201csituaci\u00f3n grave y decisiva que pone en peligro el desarrollo de un asunto o un proceso\u201d. Por lo tanto, una\",\"breadcrumb\":{\"@id\":\"https:\/\/alprestamo.com\/blog\/economia-en-tiempos-de-crisis-como-me-preparo\/#breadcrumb\"},\"inLanguage\":\"es-AR\",\"potentialAction\":[{\"@type\":\"ReadAction\",\"target\":[\"https:\/\/alprestamo.com\/blog\/economia-en-tiempos-de-crisis-como-me-preparo\/\"]}]},{\"@type\":\"ImageObject\",\"inLanguage\":\"es-AR\",\"@id\":\"https:\/\/alprestamo.com\/blog\/economia-en-tiempos-de-crisis-como-me-preparo\/#primaryimage\",\"url\":\"https:\/\/alprestamo.com\/blog\/wp-content\/uploads\/2022\/09\/Economia-en-tiempos-de-crisis.jpg\",\"contentUrl\":\"https:\/\/alprestamo.com\/blog\/wp-content\/uploads\/2022\/09\/Economia-en-tiempos-de-crisis.jpg\",\"width\":1200,\"height\":655,\"caption\":\"Econom\u00eda en tiempos de crisis\"},{\"@type\":\"BreadcrumbList\",\"@id\":\"https:\/\/alprestamo.com\/blog\/economia-en-tiempos-de-crisis-como-me-preparo\/#breadcrumb\",\"itemListElement\":[{\"@type\":\"ListItem\",\"position\":1,\"name\":\"Home\",\"item\":\"https:\/\/alprestamo.com\/blog\/\"},{\"@type\":\"ListItem\",\"position\":2,\"name\":\"Econom\u00eda en tiempos de crisis: \u00bfC\u00f3mo me preparo?\"}]},{\"@type\":\"WebSite\",\"@id\":\"https:\/\/alprestamo.com\/blog\/#website\",\"url\":\"https:\/\/alprestamo.com\/blog\/\",\"name\":\"Alprestamo\",\"description\":\"Hacemos que todo suceda\",\"publisher\":{\"@id\":\"https:\/\/alprestamo.com\/blog\/#organization\"},\"potentialAction\":[{\"@type\":\"SearchAction\",\"target\":{\"@type\":\"EntryPoint\",\"urlTemplate\":\"https:\/\/alprestamo.com\/blog\/?s={search_term_string}\"},\"query-input\":\"required name=search_term_string\"}],\"inLanguage\":\"es-AR\"},{\"@type\":\"Organization\",\"@id\":\"https:\/\/alprestamo.com\/blog\/#organization\",\"name\":\"Alprestamo\",\"url\":\"https:\/\/alprestamo.com\/blog\/\",\"logo\":{\"@type\":\"ImageObject\",\"inLanguage\":\"es-AR\",\"@id\":\"https:\/\/alprestamo.com\/blog\/#\/schema\/logo\/image\/\",\"url\":\"https:\/\/alprestamo.com\/blog\/wp-content\/uploads\/2022\/10\/Imagotipo_Blanco.svg\",\"contentUrl\":\"https:\/\/alprestamo.com\/blog\/wp-content\/uploads\/2022\/10\/Imagotipo_Blanco.svg\",\"width\":1199,\"height\":203,\"caption\":\"Alprestamo\"},\"image\":{\"@id\":\"https:\/\/alprestamo.com\/blog\/#\/schema\/logo\/image\/\"}},{\"@type\":\"Person\",\"@id\":\"https:\/\/alprestamo.com\/blog\/#\/schema\/person\/86edda628d7db14ad76fcc0be09cf939\",\"name\":\"admin\",\"image\":{\"@type\":\"ImageObject\",\"inLanguage\":\"es-AR\",\"@id\":\"https:\/\/alprestamo.com\/blog\/#\/schema\/person\/image\/\",\"url\":\"https:\/\/secure.gravatar.com\/avatar\/72868a6451caea79ae74926511fb9e4a?s=96&d=mm&r=g\",\"contentUrl\":\"https:\/\/secure.gravatar.com\/avatar\/72868a6451caea79ae74926511fb9e4a?s=96&d=mm&r=g\",\"caption\":\"admin\"},\"sameAs\":[\"https:\/\/alprestamo.com\/blog\"],\"url\":\"https:\/\/alprestamo.com\/blog\/author\/admin\/\"}]}<\/script>\n<!-- \/ Yoast SEO plugin. -->","yoast_head_json":{"title":"Econom\u00eda en tiempos de crisis: \u00bfC\u00f3mo me preparo?","description":"La palabra crisis se puede definir como una \u201csituaci\u00f3n grave y decisiva que pone en peligro el desarrollo de un asunto o un proceso\u201d. Por lo tanto, una","robots":{"index":"index","follow":"follow","max-snippet":"max-snippet:-1","max-image-preview":"max-image-preview:large","max-video-preview":"max-video-preview:-1"},"canonical":"https:\/\/alprestamo.com\/blog\/economia-en-tiempos-de-crisis-como-me-preparo\/","og_locale":"es_ES","og_type":"article","og_title":"Econom\u00eda en tiempos de crisis: \u00bfC\u00f3mo me preparo?","og_description":"La palabra crisis se puede definir como una \u201csituaci\u00f3n grave y decisiva que pone en peligro el desarrollo de un asunto o un proceso\u201d. Por lo tanto, una","og_url":"https:\/\/alprestamo.com\/blog\/economia-en-tiempos-de-crisis-como-me-preparo\/","og_site_name":"Alprestamo - Hacemos que todo suceda","article_published_time":"2022-10-03T23:00:00+00:00","og_image":[{"width":1200,"height":655,"url":"https:\/\/alprestamo.com\/blog\/wp-content\/uploads\/2022\/09\/Economia-en-tiempos-de-crisis.jpg","type":"image\/jpeg"}],"author":"admin","twitter_card":"summary_large_image","twitter_misc":{"Escrito por":"admin","Tiempo de lectura":"6 minutos"},"schema":{"@context":"https:\/\/schema.org","@graph":[{"@type":"NewsArticle","@id":"https:\/\/alprestamo.com\/blog\/economia-en-tiempos-de-crisis-como-me-preparo\/#article","isPartOf":{"@id":"https:\/\/alprestamo.com\/blog\/economia-en-tiempos-de-crisis-como-me-preparo\/"},"author":{"name":"admin","@id":"https:\/\/alprestamo.com\/blog\/#\/schema\/person\/86edda628d7db14ad76fcc0be09cf939"},"headline":"Econom\u00eda en tiempos de crisis: \u00bfC\u00f3mo me preparo?","datePublished":"2022-10-03T23:00:00+00:00","dateModified":"2022-10-03T23:00:00+00:00","mainEntityOfPage":{"@id":"https:\/\/alprestamo.com\/blog\/economia-en-tiempos-de-crisis-como-me-preparo\/"},"wordCount":1240,"publisher":{"@id":"https:\/\/alprestamo.com\/blog\/#organization"},"image":{"@id":"https:\/\/alprestamo.com\/blog\/economia-en-tiempos-de-crisis-como-me-preparo\/#primaryimage"},"thumbnailUrl":"https:\/\/alprestamo.com\/blog\/wp-content\/uploads\/2022\/09\/Economia-en-tiempos-de-crisis.jpg","articleSection":["AR","Consejos financieros","Econom\u00eda y finanzas"],"inLanguage":"es-AR"},{"@type":"WebPage","@id":"https:\/\/alprestamo.com\/blog\/economia-en-tiempos-de-crisis-como-me-preparo\/","url":"https:\/\/alprestamo.com\/blog\/economia-en-tiempos-de-crisis-como-me-preparo\/","name":"Econom\u00eda en tiempos de crisis: \u00bfC\u00f3mo me preparo?","isPartOf":{"@id":"https:\/\/alprestamo.com\/blog\/#website"},"primaryImageOfPage":{"@id":"https:\/\/alprestamo.com\/blog\/economia-en-tiempos-de-crisis-como-me-preparo\/#primaryimage"},"image":{"@id":"https:\/\/alprestamo.com\/blog\/economia-en-tiempos-de-crisis-como-me-preparo\/#primaryimage"},"thumbnailUrl":"https:\/\/alprestamo.com\/blog\/wp-content\/uploads\/2022\/09\/Economia-en-tiempos-de-crisis.jpg","datePublished":"2022-10-03T23:00:00+00:00","dateModified":"2022-10-03T23:00:00+00:00","description":"La palabra crisis se puede definir como una \u201csituaci\u00f3n grave y decisiva que pone en peligro el desarrollo de un asunto o un proceso\u201d. Por lo tanto, una","breadcrumb":{"@id":"https:\/\/alprestamo.com\/blog\/economia-en-tiempos-de-crisis-como-me-preparo\/#breadcrumb"},"inLanguage":"es-AR","potentialAction":[{"@type":"ReadAction","target":["https:\/\/alprestamo.com\/blog\/economia-en-tiempos-de-crisis-como-me-preparo\/"]}]},{"@type":"ImageObject","inLanguage":"es-AR","@id":"https:\/\/alprestamo.com\/blog\/economia-en-tiempos-de-crisis-como-me-preparo\/#primaryimage","url":"https:\/\/alprestamo.com\/blog\/wp-content\/uploads\/2022\/09\/Economia-en-tiempos-de-crisis.jpg","contentUrl":"https:\/\/alprestamo.com\/blog\/wp-content\/uploads\/2022\/09\/Economia-en-tiempos-de-crisis.jpg","width":1200,"height":655,"caption":"Econom\u00eda en tiempos de crisis"},{"@type":"BreadcrumbList","@id":"https:\/\/alprestamo.com\/blog\/economia-en-tiempos-de-crisis-como-me-preparo\/#breadcrumb","itemListElement":[{"@type":"ListItem","position":1,"name":"Home","item":"https:\/\/alprestamo.com\/blog\/"},{"@type":"ListItem","position":2,"name":"Econom\u00eda en tiempos de crisis: \u00bfC\u00f3mo me preparo?"}]},{"@type":"WebSite","@id":"https:\/\/alprestamo.com\/blog\/#website","url":"https:\/\/alprestamo.com\/blog\/","name":"Alprestamo","description":"Hacemos que todo suceda","publisher":{"@id":"https:\/\/alprestamo.com\/blog\/#organization"},"potentialAction":[{"@type":"SearchAction","target":{"@type":"EntryPoint","urlTemplate":"https:\/\/alprestamo.com\/blog\/?s={search_term_string}"},"query-input":"required name=search_term_string"}],"inLanguage":"es-AR"},{"@type":"Organization","@id":"https:\/\/alprestamo.com\/blog\/#organization","name":"Alprestamo","url":"https:\/\/alprestamo.com\/blog\/","logo":{"@type":"ImageObject","inLanguage":"es-AR","@id":"https:\/\/alprestamo.com\/blog\/#\/schema\/logo\/image\/","url":"https:\/\/alprestamo.com\/blog\/wp-content\/uploads\/2022\/10\/Imagotipo_Blanco.svg","contentUrl":"https:\/\/alprestamo.com\/blog\/wp-content\/uploads\/2022\/10\/Imagotipo_Blanco.svg","width":1199,"height":203,"caption":"Alprestamo"},"image":{"@id":"https:\/\/alprestamo.com\/blog\/#\/schema\/logo\/image\/"}},{"@type":"Person","@id":"https:\/\/alprestamo.com\/blog\/#\/schema\/person\/86edda628d7db14ad76fcc0be09cf939","name":"admin","image":{"@type":"ImageObject","inLanguage":"es-AR","@id":"https:\/\/alprestamo.com\/blog\/#\/schema\/person\/image\/","url":"https:\/\/secure.gravatar.com\/avatar\/72868a6451caea79ae74926511fb9e4a?s=96&d=mm&r=g","contentUrl":"https:\/\/secure.gravatar.com\/avatar\/72868a6451caea79ae74926511fb9e4a?s=96&d=mm&r=g","caption":"admin"},"sameAs":["https:\/\/alprestamo.com\/blog"],"url":"https:\/\/alprestamo.com\/blog\/author\/admin\/"}]}},"uagb_featured_image_src":{"full":["https:\/\/alprestamo.com\/blog\/wp-content\/uploads\/2022\/09\/Economia-en-tiempos-de-crisis.jpg",1200,655,false],"thumbnail":["https:\/\/alprestamo.com\/blog\/wp-content\/uploads\/2022\/09\/Economia-en-tiempos-de-crisis-150x150.jpg",150,150,true],"medium":["https:\/\/alprestamo.com\/blog\/wp-content\/uploads\/2022\/09\/Economia-en-tiempos-de-crisis-300x164.jpg",300,164,true],"medium_large":["https:\/\/alprestamo.com\/blog\/wp-content\/uploads\/2022\/09\/Economia-en-tiempos-de-crisis-768x419.jpg",768,419,true],"large":["https:\/\/alprestamo.com\/blog\/wp-content\/uploads\/2022\/09\/Economia-en-tiempos-de-crisis-1024x559.jpg",1024,559,true],"1536x1536":["https:\/\/alprestamo.com\/blog\/wp-content\/uploads\/2022\/09\/Economia-en-tiempos-de-crisis.jpg",1200,655,false],"2048x2048":["https:\/\/alprestamo.com\/blog\/wp-content\/uploads\/2022\/09\/Economia-en-tiempos-de-crisis.jpg",1200,655,false]},"uagb_author_info":{"display_name":"admin","author_link":"https:\/\/alprestamo.com\/blog\/author\/admin\/"},"uagb_comment_info":0,"uagb_excerpt":"La palabra crisis se puede definir como una \u201csituaci\u00f3n grave y decisiva que pone en peligro el desarrollo de un asunto o un proceso\u201d. Por lo tanto, una crisis econ\u00f3mica se trata de una situaci\u00f3n grave para la econom\u00eda. T\u00e9cnicamente, una crisis econ\u00f3mica se puede definir como la parte del ciclo econ\u00f3mico en la que&hellip;","rttpg_featured_image_url":{"full":["https:\/\/alprestamo.com\/blog\/wp-content\/uploads\/2022\/09\/Economia-en-tiempos-de-crisis.jpg",1200,655,false],"landscape":["https:\/\/alprestamo.com\/blog\/wp-content\/uploads\/2022\/09\/Economia-en-tiempos-de-crisis.jpg",1200,655,false],"portraits":["https:\/\/alprestamo.com\/blog\/wp-content\/uploads\/2022\/09\/Economia-en-tiempos-de-crisis.jpg",1200,655,false],"thumbnail":["https:\/\/alprestamo.com\/blog\/wp-content\/uploads\/2022\/09\/Economia-en-tiempos-de-crisis-150x150.jpg",150,150,true],"medium":["https:\/\/alprestamo.com\/blog\/wp-content\/uploads\/2022\/09\/Economia-en-tiempos-de-crisis-300x164.jpg",300,164,true],"large":["https:\/\/alprestamo.com\/blog\/wp-content\/uploads\/2022\/09\/Economia-en-tiempos-de-crisis-1024x559.jpg",1024,559,true],"1536x1536":["https:\/\/alprestamo.com\/blog\/wp-content\/uploads\/2022\/09\/Economia-en-tiempos-de-crisis.jpg",1200,655,false],"2048x2048":["https:\/\/alprestamo.com\/blog\/wp-content\/uploads\/2022\/09\/Economia-en-tiempos-de-crisis.jpg",1200,655,false],"rt_custom":["https:\/\/alprestamo.com\/blog\/wp-content\/uploads\/2022\/09\/Economia-en-tiempos-de-crisis.jpg",1200,655,false]},"rttpg_author":{"display_name":"admin","author_link":"https:\/\/alprestamo.com\/blog\/author\/admin\/"},"rttpg_comment":0,"rttpg_category":"<a href=\"https:\/\/alprestamo.com\/blog\/categoria\/ar\/\" rel=\"category tag\">AR<\/a> <a href=\"https:\/\/alprestamo.com\/blog\/categoria\/ar\/consejos-financieros-ar\/\" rel=\"category tag\">Consejos financieros<\/a> <a href=\"https:\/\/alprestamo.com\/blog\/categoria\/ar\/economia-finanzas-ar\/\" rel=\"category tag\">Econom\u00eda y finanzas<\/a>","rttpg_excerpt":"La palabra crisis se puede definir como una \u201csituaci\u00f3n grave y decisiva que pone en peligro el desarrollo de un asunto o un proceso\u201d. Por lo tanto, una crisis econ\u00f3mica se trata de una situaci\u00f3n grave para la econom\u00eda. T\u00e9cnicamente, una crisis econ\u00f3mica se puede definir como la parte del ciclo econ\u00f3mico en la que&hellip;","_links":{"self":[{"href":"https:\/\/alprestamo.com\/blog\/wp-json\/wp\/v2\/posts\/13673"}],"collection":[{"href":"https:\/\/alprestamo.com\/blog\/wp-json\/wp\/v2\/posts"}],"about":[{"href":"https:\/\/alprestamo.com\/blog\/wp-json\/wp\/v2\/types\/post"}],"author":[{"embeddable":true,"href":"https:\/\/alprestamo.com\/blog\/wp-json\/wp\/v2\/users\/1"}],"replies":[{"embeddable":true,"href":"https:\/\/alprestamo.com\/blog\/wp-json\/wp\/v2\/comments?post=13673"}],"version-history":[{"count":0,"href":"https:\/\/alprestamo.com\/blog\/wp-json\/wp\/v2\/posts\/13673\/revisions"}],"wp:featuredmedia":[{"embeddable":true,"href":"https:\/\/alprestamo.com\/blog\/wp-json\/wp\/v2\/media\/13675"}],"wp:attachment":[{"href":"https:\/\/alprestamo.com\/blog\/wp-json\/wp\/v2\/media?parent=13673"}],"wp:term":[{"taxonomy":"category","embeddable":true,"href":"https:\/\/alprestamo.com\/blog\/wp-json\/wp\/v2\/categories?post=13673"},{"taxonomy":"post_tag","embeddable":true,"href":"https:\/\/alprestamo.com\/blog\/wp-json\/wp\/v2\/tags?post=13673"}],"curies":[{"name":"wp","href":"https:\/\/api.w.org\/{rel}","templated":true}]}}