{"id":13725,"date":"2022-10-04T11:11:17","date_gmt":"2022-10-04T14:11:17","guid":{"rendered":"https:\/\/alprestamo.com\/blog\/2022\/10\/04\/nuevo-plan-contra-la-inflacion-como-hacer-crecer-tus-ahorros\/"},"modified":"2022-10-04T11:11:17","modified_gmt":"2022-10-04T14:11:17","slug":"nuevo-plan-contra-la-inflacion-como-hacer-crecer-tus-ahorros","status":"publish","type":"post","link":"https:\/\/alprestamo.com\/blog\/nuevo-plan-contra-la-inflacion-como-hacer-crecer-tus-ahorros\/","title":{"rendered":"Nuevo plan contra la inflaci\u00f3n: \u00bfc\u00f3mo hacer crecer tus ahorros?\u00a0"},"content":{"rendered":"\n<p>El lunes 2 de octubre <strong>AMLO estableci\u00f3 un programa para frenar la inflaci\u00f3n mediante un acuerdo con distintas empresas: el \u201cAcuerdo de Apertura contra la Inflaci\u00f3n y la Carest\u00eda\u201d.<\/strong><\/p>\n\n\n\n<p>El Gobierno mexicano anunci\u00f3 que el objetivo del plan ser\u00e1 reducir los altos niveles de <a href=\\\"https:\/\/alprestamo.com\/blog\/aumento-de-precios-en-los-alimentos-y-servicios-basicos-como-hago-para-ahorrar-en-mis-consumos\/\\\">inflaci\u00f3n<\/a> en el pa\u00eds. Es importante destacar que la inflaci\u00f3n en la primera quincena de septiembre se posicion\u00f3 en un <strong>8.76%, una de las m\u00e1s altas en los \u00faltimos 20 a\u00f1os.<\/strong><\/p>\n\n\n\n<p>El gobierno del presidente Andr\u00e9s Manuel L\u00f3pez Obrador y la iniciativa privada suscribieron un nuevo acuerdo contra la inflaci\u00f3n. Y uno de los<strong> objetivos del programa es reducir el costo de la <\/strong><a href=\\\"https:\/\/alprestamo.com\/blog\/mexico-los-precios-aumentan-pero-aun-asi-se-desperdicia-mas-del-30-de-los-alimentos\/\\\"><strong>canasta b\u00e1sica<\/strong><\/a><strong> en un 8%<\/strong>. Actualmente, los 24 productos de la canasta tienen un costo de 129 mil pesos; con el acuerdo, se busca <strong>bajarlo a 39 mil pesos<\/strong>.<\/p>\n\n\n\n<p>Entre los puntos del acuerdo, el gobierno federal otorgar\u00e1 a las empresas privadas una <strong>licencia universal<\/strong> que exime a las compa\u00f1\u00edas de tr\u00e1mites y permisos, tanto sanitarios como fitosanitarios, as\u00ed como al impuesto general de importaci\u00f3n de alimentos o insumos para la elaboraci\u00f3n de sus productos.<\/p>\n\n\n\n<p><strong>Rogelio Ram\u00edrez de la O<\/strong>, secretario de Hacienda, anunci\u00f3 el compromiso de <strong>las empresas que producen harina de ma\u00edz para tortilla a no aumentar los precios, para alcanzar un precio promedio un 3% menor al actual.<\/strong><\/p>\n\n\n\n<p><strong>\u00bfCu\u00e1les son las empresas que se sumar\u00e1n al acuerdo?<\/strong><\/p>\n\n\n\n<ol class=\"wp-block-list\"><li>Antonio Su\u00e1rez Guti\u00e9rrez, de <strong>Tuny (at\u00fan)<\/strong><\/li><li>Leovy Carranza Beltr\u00e1n, de <strong>Grupo Pinsa- Dolores (at\u00fan)<\/strong><\/li><li>Juan Antonio Gonz\u00e1les Moreno, de <strong>Grupo Grupo- Maseca (tortillas)<\/strong><\/li><li>Altagracia G\u00f3mez Sierra, de<strong> Minsa (tortillas)<\/strong><\/li><li>Daniel Salazar Ferrer, de <strong>Bachoco (pollo y huevo)<\/strong><\/li><li>Isidro \u00c1vila Lupercio, de <strong>San Juan (huevo)<\/strong><\/li><li>Jes\u00fas Vizcarra Calder\u00f3n <strong>Su Karne (carne de res)<\/strong><\/li><li>Arnulfo Ortiz, de Grupo <strong>Gusi (carne de res)<\/strong><\/li><li>Jos\u00e9 Zaga Mizrahi, de <strong>Opormex (carne de cerdo)&nbsp;<\/strong><\/li><li>Eugenio Caballero Sada, de <strong>Sigma Alimentos (carne de cerdo)<\/strong><\/li><li>Guillherme Loureiro y Javier Trevi\u00f1o, de<strong> Walmart (distribuidores)<\/strong><\/li><li>Ricardo Mart\u00edn Bringas, de<strong> Soriana (distribuidores)<\/strong><\/li><li>Alfonso Celis, de <strong>Socorro (huevo)<\/strong><\/li><li>Antonio Chedraui Obeso, de<strong> Chedraui (distribuidores)<\/strong><\/li><li>Alfonso Rosales Wybo, de<strong> Verde Valle (distribuidores)<\/strong><\/li><\/ol>\n\n\n\n<p><strong>\u00bfC\u00f3mo hacer crecer tus ahorros frente a una inflaci\u00f3n que no para de crecer?<\/strong><\/p>\n\n\n\n<p>Gestionar bien las finanzas personales y mantener una buena econom\u00eda genera tranquilidad, particularmente en tiempos de crisis e incertidumbre. Esta estabilidad puede llegar a trav\u00e9s del <a href=\\\"https:\/\/alprestamo.com\/blog\/cuales-son-las-mejores-cuentas-de-ahorro-en-mexico\/\\\">ahorro<\/a> y la <a href=\\\"https:\/\/alprestamo.com\/blog\/en-epocas-de-alta-inflacion-me-conviene-entrar-en-un-fondo-de-inversion\/\\\">inversi\u00f3n<\/a>.<\/p>\n\n\n\n<p>M\u00e1s all\u00e1 de las decisiones tomadas por el gobierno de M\u00e9xico, <strong>es importante que nosotros conozcamos c\u00f3mo combatir la inflaci\u00f3n desde nuestros consumos.<\/strong> Por eso, queremos presentarte una gu\u00eda pr\u00e1ctica para que hagas crecer tus ahorros.&nbsp;<\/p>\n\n\n\n<p>Muchos de nosotros sabemos c\u00f3mo ahorrar. Sin embargo, no somos tantos los que sabemos <strong>qu\u00e9 hacer con esos ahorros<\/strong>. Algunas personas gastan el dinero en sus vacaciones, otras compran inmuebles, y varias <a href=\\\"https:\/\/alprestamo.com\/blog\/pagar-tus-deudas-estrategias-y-consecuencias-de-no-hacerlo\/\\\">pagan sus deudas<\/a>.<\/p>\n\n\n\n<p>Sin embargo, algunas personas deciden <strong>invertir <\/strong>para hacer crecer ese monto que tienen guardado \u201cbajo el colch\u00f3n\u201d o en alg\u00fan banco.<\/p>\n\n\n\n<p>La <strong>inversi\u00f3n<\/strong> es un paso que muchos damos a la hora de aumentar aquello que guardamos todos los meses; y aunque tiene sus ventajas, es importante tener algunos recaudos.<\/p>\n\n\n\n<p><strong>Estas son algunas recomendaciones a considerar:<\/strong><\/p>\n\n\n\n<ul class=\"wp-block-list\"><li>Realizar un presupuesto para saber de <strong>cu\u00e1nto es tu capacidad de dinero para invertir.<\/strong><\/li><li>Fijar una <strong>meta<\/strong> y el plazo para conseguirla<strong>.<\/strong><\/li><li><strong>Investigar y comparar<\/strong> los productos financieros en donde puedes invertir.<\/li><li>Diversificar el dinero<strong>. Colocar los ahorros en m\u00e1s de un producto financiero, as\u00ed se reduce el riesgo.<\/strong><\/li><li>Para invertir, tambi\u00e9n es importante aclarar que no se necesita tener una gran cantidad de dinero; se puede arrancar <strong>hasta con $1.000.<\/strong><\/li><\/ul>\n\n\n\n<p><strong>Ahorrar nos permite alcanzar objetivos a corto y mediano plazo. <\/strong>Sin embargo, <strong>la inversi\u00f3n nos permite tener una visi\u00f3n m\u00e1s a largo plazo.<\/strong><\/p>\n\n\n\n<p>Aprender a invertir puede generarnos muchas ganancias sin siquiera movernos de nuestra casa. Por eso, te recomendamos que leas diariamente nuestro <a href=\\\"https:\/\/alprestamo.com\/blog\/mexico\/\\\">blog,<\/a> un espacio lleno de consejos y m\u00e9todos para cuidar tu <strong>econom\u00eda personal<\/strong>.<\/p>\n","protected":false},"excerpt":{"rendered":"<p>El lunes 2 de octubre AMLO estableci\u00f3 un programa para frenar la inflaci\u00f3n mediante un acuerdo con distintas empresas: el \u201cAcuerdo de Apertura contra la Inflaci\u00f3n y la Carest\u00eda\u201d. El Gobierno mexicano anunci\u00f3 que el objetivo del plan ser\u00e1 reducir los altos niveles de inflaci\u00f3n en el pa\u00eds. Es importante destacar que la inflaci\u00f3n en &hellip;<\/p>\n<p class=\"read-more\"> <a class=\"\" href=\"https:\/\/alprestamo.com\/blog\/nuevo-plan-contra-la-inflacion-como-hacer-crecer-tus-ahorros\/\"> <span class=\"screen-reader-text\">Nuevo plan contra la inflaci\u00f3n: \u00bfc\u00f3mo hacer crecer tus ahorros?\u00a0<\/span> Leer m\u00e1s &raquo;<\/a><\/p>\n","protected":false},"author":1,"featured_media":13727,"comment_status":"closed","ping_status":"closed","sticky":false,"template":"","format":"standard","meta":{"_uag_custom_page_level_css":"","site-sidebar-layout":"default","site-content-layout":"default","ast-global-header-display":"","ast-banner-title-visibility":"","ast-main-header-display":"","ast-hfb-above-header-display":"","ast-hfb-below-header-display":"","ast-hfb-mobile-header-display":"","site-post-title":"","ast-breadcrumbs-content":"","ast-featured-img":"","footer-sml-layout":"","theme-transparent-header-meta":"","adv-header-id-meta":"","stick-header-meta":"","header-above-stick-meta":"","header-main-stick-meta":"","header-below-stick-meta":"","footnotes":""},"categories":[19,45],"tags":[],"class_list":["post-13725","post","type-post","status-publish","format-standard","has-post-thumbnail","hentry","category-consejos-financieros-mx","category-economia-finanzas-mx"],"acf":[],"yoast_head":"<!-- This site is optimized with the Yoast SEO plugin v23.2 - https:\/\/yoast.com\/wordpress\/plugins\/seo\/ -->\n<title>Nuevo plan contra la inflaci\u00f3n: \u00bfc\u00f3mo hacer crecer tus ahorros?\u00a0<\/title>\n<meta name=\"description\" content=\"El lunes 2 de octubre AMLO estableci\u00f3 un programa para frenar la inflaci\u00f3n mediante un acuerdo con distintas empresas: el \u201cAcuerdo de Apertura contra la\" \/>\n<meta name=\"robots\" content=\"index, follow, max-snippet:-1, max-image-preview:large, max-video-preview:-1\" \/>\n<link rel=\"canonical\" href=\"https:\/\/alprestamo.com\/blog\/nuevo-plan-contra-la-inflacion-como-hacer-crecer-tus-ahorros\/\" \/>\n<meta property=\"og:locale\" content=\"es_ES\" \/>\n<meta property=\"og:type\" content=\"article\" \/>\n<meta property=\"og:title\" content=\"Nuevo plan contra la inflaci\u00f3n: \u00bfc\u00f3mo hacer crecer tus ahorros?\u00a0\" \/>\n<meta property=\"og:description\" content=\"El lunes 2 de octubre AMLO estableci\u00f3 un programa para frenar la inflaci\u00f3n mediante un acuerdo con distintas empresas: el \u201cAcuerdo de Apertura contra la\" \/>\n<meta property=\"og:url\" content=\"https:\/\/alprestamo.com\/blog\/nuevo-plan-contra-la-inflacion-como-hacer-crecer-tus-ahorros\/\" \/>\n<meta property=\"og:site_name\" content=\"Alprestamo - Hacemos que todo suceda\" \/>\n<meta property=\"article:published_time\" content=\"2022-10-04T14:11:17+00:00\" \/>\n<meta property=\"og:image\" content=\"https:\/\/alprestamo.com\/blog\/wp-content\/uploads\/2022\/10\/plan-contra-la-inflacio\u0301n.jpeg\" \/>\n\t<meta property=\"og:image:width\" content=\"1440\" \/>\n\t<meta property=\"og:image:height\" content=\"810\" \/>\n\t<meta property=\"og:image:type\" content=\"image\/jpeg\" \/>\n<meta name=\"author\" content=\"admin\" \/>\n<meta name=\"twitter:card\" content=\"summary_large_image\" \/>\n<meta name=\"twitter:label1\" content=\"Escrito por\" \/>\n\t<meta name=\"twitter:data1\" content=\"admin\" \/>\n\t<meta name=\"twitter:label2\" content=\"Tiempo de lectura\" \/>\n\t<meta name=\"twitter:data2\" content=\"3 minutos\" \/>\n<script type=\"application\/ld+json\" class=\"yoast-schema-graph\">{\"@context\":\"https:\/\/schema.org\",\"@graph\":[{\"@type\":\"NewsArticle\",\"@id\":\"https:\/\/alprestamo.com\/blog\/nuevo-plan-contra-la-inflacion-como-hacer-crecer-tus-ahorros\/#article\",\"isPartOf\":{\"@id\":\"https:\/\/alprestamo.com\/blog\/nuevo-plan-contra-la-inflacion-como-hacer-crecer-tus-ahorros\/\"},\"author\":{\"name\":\"admin\",\"@id\":\"https:\/\/alprestamo.com\/blog\/#\/schema\/person\/86edda628d7db14ad76fcc0be09cf939\"},\"headline\":\"Nuevo plan contra la inflaci\u00f3n: \u00bfc\u00f3mo hacer crecer tus ahorros?\u00a0\",\"datePublished\":\"2022-10-04T14:11:17+00:00\",\"dateModified\":\"2022-10-04T14:11:17+00:00\",\"mainEntityOfPage\":{\"@id\":\"https:\/\/alprestamo.com\/blog\/nuevo-plan-contra-la-inflacion-como-hacer-crecer-tus-ahorros\/\"},\"wordCount\":694,\"publisher\":{\"@id\":\"https:\/\/alprestamo.com\/blog\/#organization\"},\"image\":{\"@id\":\"https:\/\/alprestamo.com\/blog\/nuevo-plan-contra-la-inflacion-como-hacer-crecer-tus-ahorros\/#primaryimage\"},\"thumbnailUrl\":\"https:\/\/alprestamo.com\/blog\/wp-content\/uploads\/2022\/10\/plan-contra-la-inflacio\u0301n.jpeg\",\"articleSection\":[\"Consejos financieros\",\"Econom\u00eda y finanzas\"],\"inLanguage\":\"es-AR\"},{\"@type\":\"WebPage\",\"@id\":\"https:\/\/alprestamo.com\/blog\/nuevo-plan-contra-la-inflacion-como-hacer-crecer-tus-ahorros\/\",\"url\":\"https:\/\/alprestamo.com\/blog\/nuevo-plan-contra-la-inflacion-como-hacer-crecer-tus-ahorros\/\",\"name\":\"Nuevo plan contra la inflaci\u00f3n: \u00bfc\u00f3mo hacer crecer tus ahorros?\u00a0\",\"isPartOf\":{\"@id\":\"https:\/\/alprestamo.com\/blog\/#website\"},\"primaryImageOfPage\":{\"@id\":\"https:\/\/alprestamo.com\/blog\/nuevo-plan-contra-la-inflacion-como-hacer-crecer-tus-ahorros\/#primaryimage\"},\"image\":{\"@id\":\"https:\/\/alprestamo.com\/blog\/nuevo-plan-contra-la-inflacion-como-hacer-crecer-tus-ahorros\/#primaryimage\"},\"thumbnailUrl\":\"https:\/\/alprestamo.com\/blog\/wp-content\/uploads\/2022\/10\/plan-contra-la-inflacio\u0301n.jpeg\",\"datePublished\":\"2022-10-04T14:11:17+00:00\",\"dateModified\":\"2022-10-04T14:11:17+00:00\",\"description\":\"El lunes 2 de octubre AMLO estableci\u00f3 un programa para frenar la inflaci\u00f3n mediante un acuerdo con distintas empresas: el \u201cAcuerdo de Apertura contra la\",\"breadcrumb\":{\"@id\":\"https:\/\/alprestamo.com\/blog\/nuevo-plan-contra-la-inflacion-como-hacer-crecer-tus-ahorros\/#breadcrumb\"},\"inLanguage\":\"es-AR\",\"potentialAction\":[{\"@type\":\"ReadAction\",\"target\":[\"https:\/\/alprestamo.com\/blog\/nuevo-plan-contra-la-inflacion-como-hacer-crecer-tus-ahorros\/\"]}]},{\"@type\":\"ImageObject\",\"inLanguage\":\"es-AR\",\"@id\":\"https:\/\/alprestamo.com\/blog\/nuevo-plan-contra-la-inflacion-como-hacer-crecer-tus-ahorros\/#primaryimage\",\"url\":\"https:\/\/alprestamo.com\/blog\/wp-content\/uploads\/2022\/10\/plan-contra-la-inflacio\u0301n.jpeg\",\"contentUrl\":\"https:\/\/alprestamo.com\/blog\/wp-content\/uploads\/2022\/10\/plan-contra-la-inflacio\u0301n.jpeg\",\"width\":1440,\"height\":810,\"caption\":\"plan contra la inflacio\u0301n\"},{\"@type\":\"BreadcrumbList\",\"@id\":\"https:\/\/alprestamo.com\/blog\/nuevo-plan-contra-la-inflacion-como-hacer-crecer-tus-ahorros\/#breadcrumb\",\"itemListElement\":[{\"@type\":\"ListItem\",\"position\":1,\"name\":\"Home\",\"item\":\"https:\/\/alprestamo.com\/blog\/\"},{\"@type\":\"ListItem\",\"position\":2,\"name\":\"Nuevo plan contra la inflaci\u00f3n: \u00bfc\u00f3mo hacer crecer tus ahorros?\u00a0\"}]},{\"@type\":\"WebSite\",\"@id\":\"https:\/\/alprestamo.com\/blog\/#website\",\"url\":\"https:\/\/alprestamo.com\/blog\/\",\"name\":\"Alprestamo\",\"description\":\"Hacemos que todo suceda\",\"publisher\":{\"@id\":\"https:\/\/alprestamo.com\/blog\/#organization\"},\"potentialAction\":[{\"@type\":\"SearchAction\",\"target\":{\"@type\":\"EntryPoint\",\"urlTemplate\":\"https:\/\/alprestamo.com\/blog\/?s={search_term_string}\"},\"query-input\":\"required name=search_term_string\"}],\"inLanguage\":\"es-AR\"},{\"@type\":\"Organization\",\"@id\":\"https:\/\/alprestamo.com\/blog\/#organization\",\"name\":\"Alprestamo\",\"url\":\"https:\/\/alprestamo.com\/blog\/\",\"logo\":{\"@type\":\"ImageObject\",\"inLanguage\":\"es-AR\",\"@id\":\"https:\/\/alprestamo.com\/blog\/#\/schema\/logo\/image\/\",\"url\":\"https:\/\/alprestamo.com\/blog\/wp-content\/uploads\/2022\/10\/Imagotipo_Blanco.svg\",\"contentUrl\":\"https:\/\/alprestamo.com\/blog\/wp-content\/uploads\/2022\/10\/Imagotipo_Blanco.svg\",\"width\":1199,\"height\":203,\"caption\":\"Alprestamo\"},\"image\":{\"@id\":\"https:\/\/alprestamo.com\/blog\/#\/schema\/logo\/image\/\"}},{\"@type\":\"Person\",\"@id\":\"https:\/\/alprestamo.com\/blog\/#\/schema\/person\/86edda628d7db14ad76fcc0be09cf939\",\"name\":\"admin\",\"image\":{\"@type\":\"ImageObject\",\"inLanguage\":\"es-AR\",\"@id\":\"https:\/\/alprestamo.com\/blog\/#\/schema\/person\/image\/\",\"url\":\"https:\/\/secure.gravatar.com\/avatar\/72868a6451caea79ae74926511fb9e4a?s=96&d=mm&r=g\",\"contentUrl\":\"https:\/\/secure.gravatar.com\/avatar\/72868a6451caea79ae74926511fb9e4a?s=96&d=mm&r=g\",\"caption\":\"admin\"},\"sameAs\":[\"https:\/\/alprestamo.com\/blog\"],\"url\":\"https:\/\/alprestamo.com\/blog\/author\/admin\/\"}]}<\/script>\n<!-- \/ Yoast SEO plugin. -->","yoast_head_json":{"title":"Nuevo plan contra la inflaci\u00f3n: \u00bfc\u00f3mo hacer crecer tus ahorros?\u00a0","description":"El lunes 2 de octubre AMLO estableci\u00f3 un programa para frenar la inflaci\u00f3n mediante un acuerdo con distintas empresas: el \u201cAcuerdo de Apertura contra la","robots":{"index":"index","follow":"follow","max-snippet":"max-snippet:-1","max-image-preview":"max-image-preview:large","max-video-preview":"max-video-preview:-1"},"canonical":"https:\/\/alprestamo.com\/blog\/nuevo-plan-contra-la-inflacion-como-hacer-crecer-tus-ahorros\/","og_locale":"es_ES","og_type":"article","og_title":"Nuevo plan contra la inflaci\u00f3n: \u00bfc\u00f3mo hacer crecer tus ahorros?\u00a0","og_description":"El lunes 2 de octubre AMLO estableci\u00f3 un programa para frenar la inflaci\u00f3n mediante un acuerdo con distintas empresas: el \u201cAcuerdo de Apertura contra la","og_url":"https:\/\/alprestamo.com\/blog\/nuevo-plan-contra-la-inflacion-como-hacer-crecer-tus-ahorros\/","og_site_name":"Alprestamo - Hacemos que todo suceda","article_published_time":"2022-10-04T14:11:17+00:00","og_image":[{"width":1440,"height":810,"url":"https:\/\/alprestamo.com\/blog\/wp-content\/uploads\/2022\/10\/plan-contra-la-inflacio\u0301n.jpeg","type":"image\/jpeg"}],"author":"admin","twitter_card":"summary_large_image","twitter_misc":{"Escrito por":"admin","Tiempo de lectura":"3 minutos"},"schema":{"@context":"https:\/\/schema.org","@graph":[{"@type":"NewsArticle","@id":"https:\/\/alprestamo.com\/blog\/nuevo-plan-contra-la-inflacion-como-hacer-crecer-tus-ahorros\/#article","isPartOf":{"@id":"https:\/\/alprestamo.com\/blog\/nuevo-plan-contra-la-inflacion-como-hacer-crecer-tus-ahorros\/"},"author":{"name":"admin","@id":"https:\/\/alprestamo.com\/blog\/#\/schema\/person\/86edda628d7db14ad76fcc0be09cf939"},"headline":"Nuevo plan contra la inflaci\u00f3n: \u00bfc\u00f3mo hacer crecer tus ahorros?\u00a0","datePublished":"2022-10-04T14:11:17+00:00","dateModified":"2022-10-04T14:11:17+00:00","mainEntityOfPage":{"@id":"https:\/\/alprestamo.com\/blog\/nuevo-plan-contra-la-inflacion-como-hacer-crecer-tus-ahorros\/"},"wordCount":694,"publisher":{"@id":"https:\/\/alprestamo.com\/blog\/#organization"},"image":{"@id":"https:\/\/alprestamo.com\/blog\/nuevo-plan-contra-la-inflacion-como-hacer-crecer-tus-ahorros\/#primaryimage"},"thumbnailUrl":"https:\/\/alprestamo.com\/blog\/wp-content\/uploads\/2022\/10\/plan-contra-la-inflacio\u0301n.jpeg","articleSection":["Consejos financieros","Econom\u00eda y finanzas"],"inLanguage":"es-AR"},{"@type":"WebPage","@id":"https:\/\/alprestamo.com\/blog\/nuevo-plan-contra-la-inflacion-como-hacer-crecer-tus-ahorros\/","url":"https:\/\/alprestamo.com\/blog\/nuevo-plan-contra-la-inflacion-como-hacer-crecer-tus-ahorros\/","name":"Nuevo plan contra la inflaci\u00f3n: \u00bfc\u00f3mo hacer crecer tus ahorros?\u00a0","isPartOf":{"@id":"https:\/\/alprestamo.com\/blog\/#website"},"primaryImageOfPage":{"@id":"https:\/\/alprestamo.com\/blog\/nuevo-plan-contra-la-inflacion-como-hacer-crecer-tus-ahorros\/#primaryimage"},"image":{"@id":"https:\/\/alprestamo.com\/blog\/nuevo-plan-contra-la-inflacion-como-hacer-crecer-tus-ahorros\/#primaryimage"},"thumbnailUrl":"https:\/\/alprestamo.com\/blog\/wp-content\/uploads\/2022\/10\/plan-contra-la-inflacio\u0301n.jpeg","datePublished":"2022-10-04T14:11:17+00:00","dateModified":"2022-10-04T14:11:17+00:00","description":"El lunes 2 de octubre AMLO estableci\u00f3 un programa para frenar la inflaci\u00f3n mediante un acuerdo con distintas empresas: el \u201cAcuerdo de Apertura contra la","breadcrumb":{"@id":"https:\/\/alprestamo.com\/blog\/nuevo-plan-contra-la-inflacion-como-hacer-crecer-tus-ahorros\/#breadcrumb"},"inLanguage":"es-AR","potentialAction":[{"@type":"ReadAction","target":["https:\/\/alprestamo.com\/blog\/nuevo-plan-contra-la-inflacion-como-hacer-crecer-tus-ahorros\/"]}]},{"@type":"ImageObject","inLanguage":"es-AR","@id":"https:\/\/alprestamo.com\/blog\/nuevo-plan-contra-la-inflacion-como-hacer-crecer-tus-ahorros\/#primaryimage","url":"https:\/\/alprestamo.com\/blog\/wp-content\/uploads\/2022\/10\/plan-contra-la-inflacio\u0301n.jpeg","contentUrl":"https:\/\/alprestamo.com\/blog\/wp-content\/uploads\/2022\/10\/plan-contra-la-inflacio\u0301n.jpeg","width":1440,"height":810,"caption":"plan contra la inflacio\u0301n"},{"@type":"BreadcrumbList","@id":"https:\/\/alprestamo.com\/blog\/nuevo-plan-contra-la-inflacion-como-hacer-crecer-tus-ahorros\/#breadcrumb","itemListElement":[{"@type":"ListItem","position":1,"name":"Home","item":"https:\/\/alprestamo.com\/blog\/"},{"@type":"ListItem","position":2,"name":"Nuevo plan contra la inflaci\u00f3n: \u00bfc\u00f3mo hacer crecer tus ahorros?\u00a0"}]},{"@type":"WebSite","@id":"https:\/\/alprestamo.com\/blog\/#website","url":"https:\/\/alprestamo.com\/blog\/","name":"Alprestamo","description":"Hacemos que todo suceda","publisher":{"@id":"https:\/\/alprestamo.com\/blog\/#organization"},"potentialAction":[{"@type":"SearchAction","target":{"@type":"EntryPoint","urlTemplate":"https:\/\/alprestamo.com\/blog\/?s={search_term_string}"},"query-input":"required name=search_term_string"}],"inLanguage":"es-AR"},{"@type":"Organization","@id":"https:\/\/alprestamo.com\/blog\/#organization","name":"Alprestamo","url":"https:\/\/alprestamo.com\/blog\/","logo":{"@type":"ImageObject","inLanguage":"es-AR","@id":"https:\/\/alprestamo.com\/blog\/#\/schema\/logo\/image\/","url":"https:\/\/alprestamo.com\/blog\/wp-content\/uploads\/2022\/10\/Imagotipo_Blanco.svg","contentUrl":"https:\/\/alprestamo.com\/blog\/wp-content\/uploads\/2022\/10\/Imagotipo_Blanco.svg","width":1199,"height":203,"caption":"Alprestamo"},"image":{"@id":"https:\/\/alprestamo.com\/blog\/#\/schema\/logo\/image\/"}},{"@type":"Person","@id":"https:\/\/alprestamo.com\/blog\/#\/schema\/person\/86edda628d7db14ad76fcc0be09cf939","name":"admin","image":{"@type":"ImageObject","inLanguage":"es-AR","@id":"https:\/\/alprestamo.com\/blog\/#\/schema\/person\/image\/","url":"https:\/\/secure.gravatar.com\/avatar\/72868a6451caea79ae74926511fb9e4a?s=96&d=mm&r=g","contentUrl":"https:\/\/secure.gravatar.com\/avatar\/72868a6451caea79ae74926511fb9e4a?s=96&d=mm&r=g","caption":"admin"},"sameAs":["https:\/\/alprestamo.com\/blog"],"url":"https:\/\/alprestamo.com\/blog\/author\/admin\/"}]}},"uagb_featured_image_src":{"full":["https:\/\/alprestamo.com\/blog\/wp-content\/uploads\/2022\/10\/plan-contra-la-inflacio\u0301n.jpeg",1440,810,false],"thumbnail":["https:\/\/alprestamo.com\/blog\/wp-content\/uploads\/2022\/10\/plan-contra-la-inflacio\u0301n-150x150.jpeg",150,150,true],"medium":["https:\/\/alprestamo.com\/blog\/wp-content\/uploads\/2022\/10\/plan-contra-la-inflacio\u0301n-300x169.jpeg",300,169,true],"medium_large":["https:\/\/alprestamo.com\/blog\/wp-content\/uploads\/2022\/10\/plan-contra-la-inflacio\u0301n-768x432.jpeg",768,432,true],"large":["https:\/\/alprestamo.com\/blog\/wp-content\/uploads\/2022\/10\/plan-contra-la-inflacio\u0301n-1024x576.jpeg",1024,576,true],"1536x1536":["https:\/\/alprestamo.com\/blog\/wp-content\/uploads\/2022\/10\/plan-contra-la-inflacio\u0301n.jpeg",1440,810,false],"2048x2048":["https:\/\/alprestamo.com\/blog\/wp-content\/uploads\/2022\/10\/plan-contra-la-inflacio\u0301n.jpeg",1440,810,false]},"uagb_author_info":{"display_name":"admin","author_link":"https:\/\/alprestamo.com\/blog\/author\/admin\/"},"uagb_comment_info":0,"uagb_excerpt":"El lunes 2 de octubre AMLO estableci\u00f3 un programa para frenar la inflaci\u00f3n mediante un acuerdo con distintas empresas: el \u201cAcuerdo de Apertura contra la Inflaci\u00f3n y la Carest\u00eda\u201d. El Gobierno mexicano anunci\u00f3 que el objetivo del plan ser\u00e1 reducir los altos niveles de inflaci\u00f3n en el pa\u00eds. Es importante destacar que la inflaci\u00f3n en&hellip;","rttpg_featured_image_url":{"full":["https:\/\/alprestamo.com\/blog\/wp-content\/uploads\/2022\/10\/plan-contra-la-inflacio\u0301n.jpeg",1440,810,false],"landscape":["https:\/\/alprestamo.com\/blog\/wp-content\/uploads\/2022\/10\/plan-contra-la-inflacio\u0301n.jpeg",1440,810,false],"portraits":["https:\/\/alprestamo.com\/blog\/wp-content\/uploads\/2022\/10\/plan-contra-la-inflacio\u0301n.jpeg",1440,810,false],"thumbnail":["https:\/\/alprestamo.com\/blog\/wp-content\/uploads\/2022\/10\/plan-contra-la-inflacio\u0301n-150x150.jpeg",150,150,true],"medium":["https:\/\/alprestamo.com\/blog\/wp-content\/uploads\/2022\/10\/plan-contra-la-inflacio\u0301n-300x169.jpeg",300,169,true],"large":["https:\/\/alprestamo.com\/blog\/wp-content\/uploads\/2022\/10\/plan-contra-la-inflacio\u0301n-1024x576.jpeg",1024,576,true],"1536x1536":["https:\/\/alprestamo.com\/blog\/wp-content\/uploads\/2022\/10\/plan-contra-la-inflacio\u0301n.jpeg",1440,810,false],"2048x2048":["https:\/\/alprestamo.com\/blog\/wp-content\/uploads\/2022\/10\/plan-contra-la-inflacio\u0301n.jpeg",1440,810,false],"rt_custom":["https:\/\/alprestamo.com\/blog\/wp-content\/uploads\/2022\/10\/plan-contra-la-inflacio\u0301n.jpeg",1440,810,false]},"rttpg_author":{"display_name":"admin","author_link":"https:\/\/alprestamo.com\/blog\/author\/admin\/"},"rttpg_comment":0,"rttpg_category":"<a href=\"https:\/\/alprestamo.com\/blog\/categoria\/mx\/consejos-financieros-mx\/\" rel=\"category tag\">Consejos financieros<\/a> <a href=\"https:\/\/alprestamo.com\/blog\/categoria\/mx\/economia-finanzas-mx\/\" rel=\"category tag\">Econom\u00eda y finanzas<\/a>","rttpg_excerpt":"El lunes 2 de octubre AMLO estableci\u00f3 un programa para frenar la inflaci\u00f3n mediante un acuerdo con distintas empresas: el \u201cAcuerdo de Apertura contra la Inflaci\u00f3n y la Carest\u00eda\u201d. El Gobierno mexicano anunci\u00f3 que el objetivo del plan ser\u00e1 reducir los altos niveles de inflaci\u00f3n en el pa\u00eds. Es importante destacar que la inflaci\u00f3n en&hellip;","_links":{"self":[{"href":"https:\/\/alprestamo.com\/blog\/wp-json\/wp\/v2\/posts\/13725"}],"collection":[{"href":"https:\/\/alprestamo.com\/blog\/wp-json\/wp\/v2\/posts"}],"about":[{"href":"https:\/\/alprestamo.com\/blog\/wp-json\/wp\/v2\/types\/post"}],"author":[{"embeddable":true,"href":"https:\/\/alprestamo.com\/blog\/wp-json\/wp\/v2\/users\/1"}],"replies":[{"embeddable":true,"href":"https:\/\/alprestamo.com\/blog\/wp-json\/wp\/v2\/comments?post=13725"}],"version-history":[{"count":0,"href":"https:\/\/alprestamo.com\/blog\/wp-json\/wp\/v2\/posts\/13725\/revisions"}],"wp:featuredmedia":[{"embeddable":true,"href":"https:\/\/alprestamo.com\/blog\/wp-json\/wp\/v2\/media\/13727"}],"wp:attachment":[{"href":"https:\/\/alprestamo.com\/blog\/wp-json\/wp\/v2\/media?parent=13725"}],"wp:term":[{"taxonomy":"category","embeddable":true,"href":"https:\/\/alprestamo.com\/blog\/wp-json\/wp\/v2\/categories?post=13725"},{"taxonomy":"post_tag","embeddable":true,"href":"https:\/\/alprestamo.com\/blog\/wp-json\/wp\/v2\/tags?post=13725"}],"curies":[{"name":"wp","href":"https:\/\/api.w.org\/{rel}","templated":true}]}}