{"id":19297,"date":"2022-12-21T11:42:51","date_gmt":"2022-12-21T14:42:51","guid":{"rendered":"https:\/\/alprestamo.com\/blog\/uncategorized\/mexico-de-cuanto-sera-la-pension-universal-para-personas-con-discapacidad\/"},"modified":"2023-12-04T16:32:29","modified_gmt":"2023-12-04T19:32:29","slug":"mexico-de-cuanto-sera-la-pension-universal-para-personas-con-discapacidad","status":"publish","type":"post","link":"https:\/\/alprestamo.com\/blog\/mexico-de-cuanto-sera-la-pension-universal-para-personas-con-discapacidad\/","title":{"rendered":"M\u00e9xico: \u00bfde cu\u00e1nto ser\u00e1 la pensi\u00f3n universal para personas con discapacidad?"},"content":{"rendered":"\n<p>Las <strong>personas con discapacidad<\/strong> sufren m\u00faltiples <strong>injusticias<\/strong> que los perjudican de forma estructural y en todos los aspectos de su vida. En M\u00e9xico, por ejemplo, <strong>la cantidad de personas con discapacidad que viven en situaci\u00f3n de pobreza casi que se duplic\u00f3<\/strong> entre 2010 y 2016, pasando de alrededor de 2.9 millones a 4.3 millones en un plazo de seis a\u00f1os.<\/p>\n\n\n\n<p>En este marco, el objetivo de la pensi\u00f3n universal es contribuir al bienestar de las personas con discapacidad y disminuir la brecha de desigualdad que los afecta negativamente. A trav\u00e9s de la transferencia de un ingreso bimestral, adem\u00e1s, el gobierno busca contribuir al acceso de una mejor calidad de vida y disminuir la pobreza de este sector poblacional.<\/p>\n\n\n\n<p>El programa comprende a:<\/p>\n\n\n\n<ul class=\"wp-block-list\">\n<li>Todas las ni\u00f1as, ni\u00f1os, adolescentes y j\u00f3venes de 0 a 29 a\u00f1os de todo el territorio nacional.<\/li>\n\n\n\n<li>Los adultos con discapacidad de entre 30 y 64 a\u00f1os que viven en los municipios integrantes de pueblos ind\u00edgenas.<\/li>\n\n\n\n<li>Los adultos de entre 30 y 67 a\u00f1os que viven en zonas urbanas con alto grado de marginaci\u00f3n, pobreza y altos \u00edndices delictivos.<\/li>\n<\/ul>\n\n\n\n<div class=\"wp-block-uagb-advanced-heading uagb-block-5d33537e\"><h2 class=\"uagb-heading-text\"><strong>\u00bfCu\u00e1les son los cambios que se esperan para 2023?<\/strong>&nbsp;<\/h2><\/div>\n\n\n\n<p>En M\u00e9xico, <strong>14 de los 32 estados ya cuentan con la Pensi\u00f3n Universal para Personas con Discapacidad. <\/strong>Esto es gracias a los convenios firmados por la secretaria del Bienestar, Ariadna Montiel, con los diferentes gobiernos.&nbsp;<\/p>\n\n\n\n<p>Gracias a estas acciones, 258 mil personas se han visto beneficiadas en los \u00faltimos meses, aunque el total es de 1.3 millones de personas y, para fin de a\u00f1o, el n\u00famero de beneficiarios podr\u00eda aumentar ya que <strong>existe el compromiso de las entidades con la Secretar\u00eda del Bienestar de destinar los recursos necesarios para institucionalizar la pensi\u00f3n antes del 31 de diciembre.<\/strong><\/p>\n\n\n\n<p>El pr\u00f3ximo a\u00f1o, el gobierno mexicano aplicar\u00e1 un<strong> incremento en el monto de la pensi\u00f3n <\/strong>para personas con discapacidad, inform\u00f3 Montiel.<\/p>\n\n\n\n<p>Durante la conferencia del presidente<strong> Andr\u00e9s Manuel L\u00f3pez Obrador<\/strong>, la funcionaria detall\u00f3 que para 2023 el monto de esta <strong>pensi\u00f3n<\/strong> <strong>pasar\u00e1 de 2.800 a 2.950 pesos mexicanos. <\/strong>Esto representa un aumento de casi 1.6 millones de pesos entre 2022 y 2024.<\/p>\n\n\n\n<div class=\"wp-block-uagb-advanced-heading uagb-block-7ef71f07\"><h2 class=\"uagb-heading-text\"><strong>Por una pensi\u00f3n universal para 2023<\/strong><\/h2><\/div>\n\n\n\n<p>De acuerdo con Montiel, el programa de pensiones para personas con discapacidad <strong>ser\u00e1 universal en 14 entidades del pa\u00eds<\/strong>, de las cuales los gobiernos aportar\u00e1n el 50% de la misma para personas mayores de 29 a\u00f1os.<\/p>\n\n\n\n<p>Se trata de:<\/p>\n\n\n\n<ul class=\"wp-block-list\">\n<li>Baja California<\/li>\n\n\n\n<li>Baja California Sur<\/li>\n\n\n\n<li>Campeche<\/li>\n\n\n\n<li>Chiapas<\/li>\n\n\n\n<li>Colima<\/li>\n\n\n\n<li>Ciudad de M\u00e9xico<\/li>\n\n\n\n<li>Guerrero<\/li>\n\n\n\n<li>Michoac\u00e1n<\/li>\n\n\n\n<li>Nayarit<\/li>\n\n\n\n<li>Puebla<\/li>\n\n\n\n<li>Sinaloa<\/li>\n\n\n\n<li>Sonora<\/li>\n\n\n\n<li>Tlaxcala<\/li>\n\n\n\n<li>Zacatecas<\/li>\n<\/ul>\n\n\n\n<p>Tan solo en estas entidades, <strong>258.888 personas con discapacidad <\/strong>ser\u00e1n beneficiadas con esta <strong>pensi\u00f3n<\/strong>. Sin embargo, y tal como mencionamos previamente, el objetivo es que la pensi\u00f3n sea efectivamente universal; es decir, que alcance a todos los estados mexicanos.&nbsp;<\/p>\n","protected":false},"excerpt":{"rendered":"<p>Las personas con discapacidad sufren m\u00faltiples injusticias que los perjudican de forma estructural y en todos los aspectos de su vida. En M\u00e9xico, por ejemplo, la cantidad de personas con discapacidad que viven en situaci\u00f3n de pobreza casi que se duplic\u00f3 entre 2010 y 2016, pasando de alrededor de 2.9 millones a 4.3 millones en &hellip;<\/p>\n<p class=\"read-more\"> <a class=\"\" href=\"https:\/\/alprestamo.com\/blog\/mexico-de-cuanto-sera-la-pension-universal-para-personas-con-discapacidad\/\"> <span class=\"screen-reader-text\">M\u00e9xico: \u00bfde cu\u00e1nto ser\u00e1 la pensi\u00f3n universal para personas con discapacidad?<\/span> Leer m\u00e1s &raquo;<\/a><\/p>\n","protected":false},"author":1,"featured_media":19304,"comment_status":"closed","ping_status":"closed","sticky":false,"template":"","format":"standard","meta":{"_uag_custom_page_level_css":"","site-sidebar-layout":"default","site-content-layout":"default","ast-global-header-display":"","ast-banner-title-visibility":"","ast-main-header-display":"","ast-hfb-above-header-display":"","ast-hfb-below-header-display":"","ast-hfb-mobile-header-display":"","site-post-title":"","ast-breadcrumbs-content":"","ast-featured-img":"","footer-sml-layout":"","theme-transparent-header-meta":"","adv-header-id-meta":"","stick-header-meta":"","header-above-stick-meta":"","header-main-stick-meta":"","header-below-stick-meta":"","footnotes":""},"categories":[130,32],"tags":[],"class_list":["post-19297","post","type-post","status-publish","format-standard","has-post-thumbnail","hentry","category-mx","category-programas-sociales-mx"],"acf":[],"yoast_head":"<!-- This site is optimized with the Yoast SEO plugin v23.2 - https:\/\/yoast.com\/wordpress\/plugins\/seo\/ -->\n<title>M\u00e9xico: \u00bfde cu\u00e1nto ser\u00e1 la pensi\u00f3n universal para personas con discapacidad?<\/title>\n<meta name=\"description\" content=\"Las personas con discapacidad sufren m\u00faltiples injusticias que los perjudican de forma estructural y en todos los aspectos de su vida. En M\u00e9xico, por\" \/>\n<meta name=\"robots\" content=\"index, follow, max-snippet:-1, max-image-preview:large, max-video-preview:-1\" \/>\n<link rel=\"canonical\" href=\"https:\/\/alprestamo.com\/blog\/mexico-de-cuanto-sera-la-pension-universal-para-personas-con-discapacidad\/\" \/>\n<meta property=\"og:locale\" content=\"es_ES\" \/>\n<meta property=\"og:type\" content=\"article\" \/>\n<meta property=\"og:title\" content=\"M\u00e9xico: \u00bfde cu\u00e1nto ser\u00e1 la pensi\u00f3n universal para personas con discapacidad?\" \/>\n<meta property=\"og:description\" content=\"Las personas con discapacidad sufren m\u00faltiples injusticias que los perjudican de forma estructural y en todos los aspectos de su vida. En M\u00e9xico, por\" \/>\n<meta property=\"og:url\" content=\"https:\/\/alprestamo.com\/blog\/mexico-de-cuanto-sera-la-pension-universal-para-personas-con-discapacidad\/\" \/>\n<meta property=\"og:site_name\" content=\"Alprestamo - Hacemos que todo suceda\" \/>\n<meta property=\"article:published_time\" content=\"2022-12-21T14:42:51+00:00\" \/>\n<meta property=\"article:modified_time\" content=\"2023-12-04T19:32:29+00:00\" \/>\n<meta property=\"og:image\" content=\"https:\/\/alprestamo.com\/blog\/wp-content\/uploads\/2022\/12\/pensio\u0301n-discapacidad.webp\" \/>\n\t<meta property=\"og:image:width\" content=\"768\" \/>\n\t<meta property=\"og:image:height\" content=\"432\" \/>\n\t<meta property=\"og:image:type\" content=\"image\/webp\" \/>\n<meta name=\"author\" content=\"admin\" \/>\n<meta name=\"twitter:card\" content=\"summary_large_image\" \/>\n<meta name=\"twitter:label1\" content=\"Escrito por\" \/>\n\t<meta name=\"twitter:data1\" content=\"admin\" \/>\n\t<meta name=\"twitter:label2\" content=\"Tiempo de lectura\" \/>\n\t<meta name=\"twitter:data2\" content=\"2 minutos\" \/>\n<script type=\"application\/ld+json\" class=\"yoast-schema-graph\">{\"@context\":\"https:\/\/schema.org\",\"@graph\":[{\"@type\":\"NewsArticle\",\"@id\":\"https:\/\/alprestamo.com\/blog\/mexico-de-cuanto-sera-la-pension-universal-para-personas-con-discapacidad\/#article\",\"isPartOf\":{\"@id\":\"https:\/\/alprestamo.com\/blog\/mexico-de-cuanto-sera-la-pension-universal-para-personas-con-discapacidad\/\"},\"author\":{\"name\":\"admin\",\"@id\":\"https:\/\/alprestamo.com\/blog\/#\/schema\/person\/86edda628d7db14ad76fcc0be09cf939\"},\"headline\":\"M\u00e9xico: \u00bfde cu\u00e1nto ser\u00e1 la pensi\u00f3n universal para personas con discapacidad?\",\"datePublished\":\"2022-12-21T14:42:51+00:00\",\"dateModified\":\"2023-12-04T19:32:29+00:00\",\"mainEntityOfPage\":{\"@id\":\"https:\/\/alprestamo.com\/blog\/mexico-de-cuanto-sera-la-pension-universal-para-personas-con-discapacidad\/\"},\"wordCount\":480,\"publisher\":{\"@id\":\"https:\/\/alprestamo.com\/blog\/#organization\"},\"image\":{\"@id\":\"https:\/\/alprestamo.com\/blog\/mexico-de-cuanto-sera-la-pension-universal-para-personas-con-discapacidad\/#primaryimage\"},\"thumbnailUrl\":\"https:\/\/alprestamo.com\/blog\/wp-content\/uploads\/2022\/12\/pensio\u0301n-discapacidad.webp\",\"articleSection\":[\"MX\",\"Programas Sociales\"],\"inLanguage\":\"es-AR\"},{\"@type\":\"WebPage\",\"@id\":\"https:\/\/alprestamo.com\/blog\/mexico-de-cuanto-sera-la-pension-universal-para-personas-con-discapacidad\/\",\"url\":\"https:\/\/alprestamo.com\/blog\/mexico-de-cuanto-sera-la-pension-universal-para-personas-con-discapacidad\/\",\"name\":\"M\u00e9xico: \u00bfde cu\u00e1nto ser\u00e1 la pensi\u00f3n universal para personas con discapacidad?\",\"isPartOf\":{\"@id\":\"https:\/\/alprestamo.com\/blog\/#website\"},\"primaryImageOfPage\":{\"@id\":\"https:\/\/alprestamo.com\/blog\/mexico-de-cuanto-sera-la-pension-universal-para-personas-con-discapacidad\/#primaryimage\"},\"image\":{\"@id\":\"https:\/\/alprestamo.com\/blog\/mexico-de-cuanto-sera-la-pension-universal-para-personas-con-discapacidad\/#primaryimage\"},\"thumbnailUrl\":\"https:\/\/alprestamo.com\/blog\/wp-content\/uploads\/2022\/12\/pensio\u0301n-discapacidad.webp\",\"datePublished\":\"2022-12-21T14:42:51+00:00\",\"dateModified\":\"2023-12-04T19:32:29+00:00\",\"description\":\"Las personas con discapacidad sufren m\u00faltiples injusticias que los perjudican de forma estructural y en todos los aspectos de su vida. En M\u00e9xico, por\",\"breadcrumb\":{\"@id\":\"https:\/\/alprestamo.com\/blog\/mexico-de-cuanto-sera-la-pension-universal-para-personas-con-discapacidad\/#breadcrumb\"},\"inLanguage\":\"es-AR\",\"potentialAction\":[{\"@type\":\"ReadAction\",\"target\":[\"https:\/\/alprestamo.com\/blog\/mexico-de-cuanto-sera-la-pension-universal-para-personas-con-discapacidad\/\"]}]},{\"@type\":\"ImageObject\",\"inLanguage\":\"es-AR\",\"@id\":\"https:\/\/alprestamo.com\/blog\/mexico-de-cuanto-sera-la-pension-universal-para-personas-con-discapacidad\/#primaryimage\",\"url\":\"https:\/\/alprestamo.com\/blog\/wp-content\/uploads\/2022\/12\/pensio\u0301n-discapacidad.webp\",\"contentUrl\":\"https:\/\/alprestamo.com\/blog\/wp-content\/uploads\/2022\/12\/pensio\u0301n-discapacidad.webp\",\"width\":768,\"height\":432,\"caption\":\"pensio\u0301n discapacidad\"},{\"@type\":\"BreadcrumbList\",\"@id\":\"https:\/\/alprestamo.com\/blog\/mexico-de-cuanto-sera-la-pension-universal-para-personas-con-discapacidad\/#breadcrumb\",\"itemListElement\":[{\"@type\":\"ListItem\",\"position\":1,\"name\":\"Home\",\"item\":\"https:\/\/alprestamo.com\/blog\/\"},{\"@type\":\"ListItem\",\"position\":2,\"name\":\"M\u00e9xico: \u00bfde cu\u00e1nto ser\u00e1 la pensi\u00f3n universal para personas con discapacidad?\"}]},{\"@type\":\"WebSite\",\"@id\":\"https:\/\/alprestamo.com\/blog\/#website\",\"url\":\"https:\/\/alprestamo.com\/blog\/\",\"name\":\"Alprestamo\",\"description\":\"Hacemos que todo suceda\",\"publisher\":{\"@id\":\"https:\/\/alprestamo.com\/blog\/#organization\"},\"potentialAction\":[{\"@type\":\"SearchAction\",\"target\":{\"@type\":\"EntryPoint\",\"urlTemplate\":\"https:\/\/alprestamo.com\/blog\/?s={search_term_string}\"},\"query-input\":\"required name=search_term_string\"}],\"inLanguage\":\"es-AR\"},{\"@type\":\"Organization\",\"@id\":\"https:\/\/alprestamo.com\/blog\/#organization\",\"name\":\"Alprestamo\",\"url\":\"https:\/\/alprestamo.com\/blog\/\",\"logo\":{\"@type\":\"ImageObject\",\"inLanguage\":\"es-AR\",\"@id\":\"https:\/\/alprestamo.com\/blog\/#\/schema\/logo\/image\/\",\"url\":\"https:\/\/alprestamo.com\/blog\/wp-content\/uploads\/2022\/10\/Imagotipo_Blanco.svg\",\"contentUrl\":\"https:\/\/alprestamo.com\/blog\/wp-content\/uploads\/2022\/10\/Imagotipo_Blanco.svg\",\"width\":1199,\"height\":203,\"caption\":\"Alprestamo\"},\"image\":{\"@id\":\"https:\/\/alprestamo.com\/blog\/#\/schema\/logo\/image\/\"}},{\"@type\":\"Person\",\"@id\":\"https:\/\/alprestamo.com\/blog\/#\/schema\/person\/86edda628d7db14ad76fcc0be09cf939\",\"name\":\"admin\",\"image\":{\"@type\":\"ImageObject\",\"inLanguage\":\"es-AR\",\"@id\":\"https:\/\/alprestamo.com\/blog\/#\/schema\/person\/image\/\",\"url\":\"https:\/\/secure.gravatar.com\/avatar\/72868a6451caea79ae74926511fb9e4a?s=96&d=mm&r=g\",\"contentUrl\":\"https:\/\/secure.gravatar.com\/avatar\/72868a6451caea79ae74926511fb9e4a?s=96&d=mm&r=g\",\"caption\":\"admin\"},\"sameAs\":[\"https:\/\/alprestamo.com\/blog\"],\"url\":\"https:\/\/alprestamo.com\/blog\/author\/admin\/\"}]}<\/script>\n<!-- \/ Yoast SEO plugin. -->","yoast_head_json":{"title":"M\u00e9xico: \u00bfde cu\u00e1nto ser\u00e1 la pensi\u00f3n universal para personas con discapacidad?","description":"Las personas con discapacidad sufren m\u00faltiples injusticias que los perjudican de forma estructural y en todos los aspectos de su vida. En M\u00e9xico, por","robots":{"index":"index","follow":"follow","max-snippet":"max-snippet:-1","max-image-preview":"max-image-preview:large","max-video-preview":"max-video-preview:-1"},"canonical":"https:\/\/alprestamo.com\/blog\/mexico-de-cuanto-sera-la-pension-universal-para-personas-con-discapacidad\/","og_locale":"es_ES","og_type":"article","og_title":"M\u00e9xico: \u00bfde cu\u00e1nto ser\u00e1 la pensi\u00f3n universal para personas con discapacidad?","og_description":"Las personas con discapacidad sufren m\u00faltiples injusticias que los perjudican de forma estructural y en todos los aspectos de su vida. En M\u00e9xico, por","og_url":"https:\/\/alprestamo.com\/blog\/mexico-de-cuanto-sera-la-pension-universal-para-personas-con-discapacidad\/","og_site_name":"Alprestamo - Hacemos que todo suceda","article_published_time":"2022-12-21T14:42:51+00:00","article_modified_time":"2023-12-04T19:32:29+00:00","og_image":[{"width":768,"height":432,"url":"https:\/\/alprestamo.com\/blog\/wp-content\/uploads\/2022\/12\/pensio\u0301n-discapacidad.webp","type":"image\/webp"}],"author":"admin","twitter_card":"summary_large_image","twitter_misc":{"Escrito por":"admin","Tiempo de lectura":"2 minutos"},"schema":{"@context":"https:\/\/schema.org","@graph":[{"@type":"NewsArticle","@id":"https:\/\/alprestamo.com\/blog\/mexico-de-cuanto-sera-la-pension-universal-para-personas-con-discapacidad\/#article","isPartOf":{"@id":"https:\/\/alprestamo.com\/blog\/mexico-de-cuanto-sera-la-pension-universal-para-personas-con-discapacidad\/"},"author":{"name":"admin","@id":"https:\/\/alprestamo.com\/blog\/#\/schema\/person\/86edda628d7db14ad76fcc0be09cf939"},"headline":"M\u00e9xico: \u00bfde cu\u00e1nto ser\u00e1 la pensi\u00f3n universal para personas con discapacidad?","datePublished":"2022-12-21T14:42:51+00:00","dateModified":"2023-12-04T19:32:29+00:00","mainEntityOfPage":{"@id":"https:\/\/alprestamo.com\/blog\/mexico-de-cuanto-sera-la-pension-universal-para-personas-con-discapacidad\/"},"wordCount":480,"publisher":{"@id":"https:\/\/alprestamo.com\/blog\/#organization"},"image":{"@id":"https:\/\/alprestamo.com\/blog\/mexico-de-cuanto-sera-la-pension-universal-para-personas-con-discapacidad\/#primaryimage"},"thumbnailUrl":"https:\/\/alprestamo.com\/blog\/wp-content\/uploads\/2022\/12\/pensio\u0301n-discapacidad.webp","articleSection":["MX","Programas Sociales"],"inLanguage":"es-AR"},{"@type":"WebPage","@id":"https:\/\/alprestamo.com\/blog\/mexico-de-cuanto-sera-la-pension-universal-para-personas-con-discapacidad\/","url":"https:\/\/alprestamo.com\/blog\/mexico-de-cuanto-sera-la-pension-universal-para-personas-con-discapacidad\/","name":"M\u00e9xico: \u00bfde cu\u00e1nto ser\u00e1 la pensi\u00f3n universal para personas con discapacidad?","isPartOf":{"@id":"https:\/\/alprestamo.com\/blog\/#website"},"primaryImageOfPage":{"@id":"https:\/\/alprestamo.com\/blog\/mexico-de-cuanto-sera-la-pension-universal-para-personas-con-discapacidad\/#primaryimage"},"image":{"@id":"https:\/\/alprestamo.com\/blog\/mexico-de-cuanto-sera-la-pension-universal-para-personas-con-discapacidad\/#primaryimage"},"thumbnailUrl":"https:\/\/alprestamo.com\/blog\/wp-content\/uploads\/2022\/12\/pensio\u0301n-discapacidad.webp","datePublished":"2022-12-21T14:42:51+00:00","dateModified":"2023-12-04T19:32:29+00:00","description":"Las personas con discapacidad sufren m\u00faltiples injusticias que los perjudican de forma estructural y en todos los aspectos de su vida. En M\u00e9xico, por","breadcrumb":{"@id":"https:\/\/alprestamo.com\/blog\/mexico-de-cuanto-sera-la-pension-universal-para-personas-con-discapacidad\/#breadcrumb"},"inLanguage":"es-AR","potentialAction":[{"@type":"ReadAction","target":["https:\/\/alprestamo.com\/blog\/mexico-de-cuanto-sera-la-pension-universal-para-personas-con-discapacidad\/"]}]},{"@type":"ImageObject","inLanguage":"es-AR","@id":"https:\/\/alprestamo.com\/blog\/mexico-de-cuanto-sera-la-pension-universal-para-personas-con-discapacidad\/#primaryimage","url":"https:\/\/alprestamo.com\/blog\/wp-content\/uploads\/2022\/12\/pensio\u0301n-discapacidad.webp","contentUrl":"https:\/\/alprestamo.com\/blog\/wp-content\/uploads\/2022\/12\/pensio\u0301n-discapacidad.webp","width":768,"height":432,"caption":"pensio\u0301n discapacidad"},{"@type":"BreadcrumbList","@id":"https:\/\/alprestamo.com\/blog\/mexico-de-cuanto-sera-la-pension-universal-para-personas-con-discapacidad\/#breadcrumb","itemListElement":[{"@type":"ListItem","position":1,"name":"Home","item":"https:\/\/alprestamo.com\/blog\/"},{"@type":"ListItem","position":2,"name":"M\u00e9xico: \u00bfde cu\u00e1nto ser\u00e1 la pensi\u00f3n universal para personas con discapacidad?"}]},{"@type":"WebSite","@id":"https:\/\/alprestamo.com\/blog\/#website","url":"https:\/\/alprestamo.com\/blog\/","name":"Alprestamo","description":"Hacemos que todo suceda","publisher":{"@id":"https:\/\/alprestamo.com\/blog\/#organization"},"potentialAction":[{"@type":"SearchAction","target":{"@type":"EntryPoint","urlTemplate":"https:\/\/alprestamo.com\/blog\/?s={search_term_string}"},"query-input":"required name=search_term_string"}],"inLanguage":"es-AR"},{"@type":"Organization","@id":"https:\/\/alprestamo.com\/blog\/#organization","name":"Alprestamo","url":"https:\/\/alprestamo.com\/blog\/","logo":{"@type":"ImageObject","inLanguage":"es-AR","@id":"https:\/\/alprestamo.com\/blog\/#\/schema\/logo\/image\/","url":"https:\/\/alprestamo.com\/blog\/wp-content\/uploads\/2022\/10\/Imagotipo_Blanco.svg","contentUrl":"https:\/\/alprestamo.com\/blog\/wp-content\/uploads\/2022\/10\/Imagotipo_Blanco.svg","width":1199,"height":203,"caption":"Alprestamo"},"image":{"@id":"https:\/\/alprestamo.com\/blog\/#\/schema\/logo\/image\/"}},{"@type":"Person","@id":"https:\/\/alprestamo.com\/blog\/#\/schema\/person\/86edda628d7db14ad76fcc0be09cf939","name":"admin","image":{"@type":"ImageObject","inLanguage":"es-AR","@id":"https:\/\/alprestamo.com\/blog\/#\/schema\/person\/image\/","url":"https:\/\/secure.gravatar.com\/avatar\/72868a6451caea79ae74926511fb9e4a?s=96&d=mm&r=g","contentUrl":"https:\/\/secure.gravatar.com\/avatar\/72868a6451caea79ae74926511fb9e4a?s=96&d=mm&r=g","caption":"admin"},"sameAs":["https:\/\/alprestamo.com\/blog"],"url":"https:\/\/alprestamo.com\/blog\/author\/admin\/"}]}},"uagb_featured_image_src":{"full":["https:\/\/alprestamo.com\/blog\/wp-content\/uploads\/2022\/12\/pensio\u0301n-discapacidad.webp",768,432,false],"thumbnail":["https:\/\/alprestamo.com\/blog\/wp-content\/uploads\/2022\/12\/pensio\u0301n-discapacidad-150x150.webp",150,150,true],"medium":["https:\/\/alprestamo.com\/blog\/wp-content\/uploads\/2022\/12\/pensio\u0301n-discapacidad-300x169.webp",300,169,true],"medium_large":["https:\/\/alprestamo.com\/blog\/wp-content\/uploads\/2022\/12\/pensio\u0301n-discapacidad.webp",768,432,false],"large":["https:\/\/alprestamo.com\/blog\/wp-content\/uploads\/2022\/12\/pensio\u0301n-discapacidad.webp",768,432,false],"1536x1536":["https:\/\/alprestamo.com\/blog\/wp-content\/uploads\/2022\/12\/pensio\u0301n-discapacidad.webp",768,432,false],"2048x2048":["https:\/\/alprestamo.com\/blog\/wp-content\/uploads\/2022\/12\/pensio\u0301n-discapacidad.webp",768,432,false]},"uagb_author_info":{"display_name":"admin","author_link":"https:\/\/alprestamo.com\/blog\/author\/admin\/"},"uagb_comment_info":0,"uagb_excerpt":"Las personas con discapacidad sufren m\u00faltiples injusticias que los perjudican de forma estructural y en todos los aspectos de su vida. En M\u00e9xico, por ejemplo, la cantidad de personas con discapacidad que viven en situaci\u00f3n de pobreza casi que se duplic\u00f3 entre 2010 y 2016, pasando de alrededor de 2.9 millones a 4.3 millones en&hellip;","rttpg_featured_image_url":{"full":["https:\/\/alprestamo.com\/blog\/wp-content\/uploads\/2022\/12\/pensio\u0301n-discapacidad.webp",768,432,false],"landscape":["https:\/\/alprestamo.com\/blog\/wp-content\/uploads\/2022\/12\/pensio\u0301n-discapacidad.webp",768,432,false],"portraits":["https:\/\/alprestamo.com\/blog\/wp-content\/uploads\/2022\/12\/pensio\u0301n-discapacidad.webp",768,432,false],"thumbnail":["https:\/\/alprestamo.com\/blog\/wp-content\/uploads\/2022\/12\/pensio\u0301n-discapacidad-150x150.webp",150,150,true],"medium":["https:\/\/alprestamo.com\/blog\/wp-content\/uploads\/2022\/12\/pensio\u0301n-discapacidad-300x169.webp",300,169,true],"large":["https:\/\/alprestamo.com\/blog\/wp-content\/uploads\/2022\/12\/pensio\u0301n-discapacidad.webp",768,432,false],"1536x1536":["https:\/\/alprestamo.com\/blog\/wp-content\/uploads\/2022\/12\/pensio\u0301n-discapacidad.webp",768,432,false],"2048x2048":["https:\/\/alprestamo.com\/blog\/wp-content\/uploads\/2022\/12\/pensio\u0301n-discapacidad.webp",768,432,false],"rt_custom":["https:\/\/alprestamo.com\/blog\/wp-content\/uploads\/2022\/12\/pensio\u0301n-discapacidad.webp",768,432,false]},"rttpg_author":{"display_name":"admin","author_link":"https:\/\/alprestamo.com\/blog\/author\/admin\/"},"rttpg_comment":0,"rttpg_category":"<a href=\"https:\/\/alprestamo.com\/blog\/categoria\/mx\/\" rel=\"category tag\">MX<\/a> <a href=\"https:\/\/alprestamo.com\/blog\/categoria\/mx\/programas-sociales-mx\/\" rel=\"category tag\">Programas Sociales<\/a>","rttpg_excerpt":"Las personas con discapacidad sufren m\u00faltiples injusticias que los perjudican de forma estructural y en todos los aspectos de su vida. En M\u00e9xico, por ejemplo, la cantidad de personas con discapacidad que viven en situaci\u00f3n de pobreza casi que se duplic\u00f3 entre 2010 y 2016, pasando de alrededor de 2.9 millones a 4.3 millones en&hellip;","_links":{"self":[{"href":"https:\/\/alprestamo.com\/blog\/wp-json\/wp\/v2\/posts\/19297"}],"collection":[{"href":"https:\/\/alprestamo.com\/blog\/wp-json\/wp\/v2\/posts"}],"about":[{"href":"https:\/\/alprestamo.com\/blog\/wp-json\/wp\/v2\/types\/post"}],"author":[{"embeddable":true,"href":"https:\/\/alprestamo.com\/blog\/wp-json\/wp\/v2\/users\/1"}],"replies":[{"embeddable":true,"href":"https:\/\/alprestamo.com\/blog\/wp-json\/wp\/v2\/comments?post=19297"}],"version-history":[{"count":1,"href":"https:\/\/alprestamo.com\/blog\/wp-json\/wp\/v2\/posts\/19297\/revisions"}],"predecessor-version":[{"id":34581,"href":"https:\/\/alprestamo.com\/blog\/wp-json\/wp\/v2\/posts\/19297\/revisions\/34581"}],"wp:featuredmedia":[{"embeddable":true,"href":"https:\/\/alprestamo.com\/blog\/wp-json\/wp\/v2\/media\/19304"}],"wp:attachment":[{"href":"https:\/\/alprestamo.com\/blog\/wp-json\/wp\/v2\/media?parent=19297"}],"wp:term":[{"taxonomy":"category","embeddable":true,"href":"https:\/\/alprestamo.com\/blog\/wp-json\/wp\/v2\/categories?post=19297"},{"taxonomy":"post_tag","embeddable":true,"href":"https:\/\/alprestamo.com\/blog\/wp-json\/wp\/v2\/tags?post=19297"}],"curies":[{"name":"wp","href":"https:\/\/api.w.org\/{rel}","templated":true}]}}