{"id":19484,"date":"2022-12-28T17:43:44","date_gmt":"2022-12-28T20:43:44","guid":{"rendered":"https:\/\/alprestamo.com\/blog\/uncategorized\/pension-del-bienestar-cambios-para-el-2023\/"},"modified":"2022-12-28T17:43:44","modified_gmt":"2022-12-28T20:43:44","slug":"pension-del-bienestar-cambios-para-el-2023","status":"publish","type":"post","link":"https:\/\/alprestamo.com\/blog\/pension-del-bienestar-cambios-para-el-2023\/","title":{"rendered":"Pensi\u00f3n del Bienestar: cambios para el 2023"},"content":{"rendered":"\n<p>El presidente de M\u00e9xico, Andr\u00e9s Manuel L\u00f3pez Obrador, anunci\u00f3 un<a href=\\\"https:\/\/alprestamo.com\/blog\/pension-bienestar-de-cuanto-sera-el-aumento-para-2023\/\\\"> incremento de la Pensi\u00f3n del Bienestar<\/a> para adultos mayores.&nbsp;<\/p>\n\n\n\n<h2 class=\"wp-block-heading\">\u00bfQu\u00e9 es la pensi\u00f3n del Bienestar 2023?<\/h2>\n\n\n\n<p>La pensi\u00f3n del bienestar es un programa del gobierno mexicano que <a href=\\\"https:\/\/alprestamo.com\/blog\/pension-del-bienestar-todas-las-novedades-de-cara-al-2023\/\\\">atiende a todos los adultos mayores<\/a> de 68 a\u00f1os de todo el pa\u00eds, y a los adultos mayores de 65 a\u00f1os que viven en los municipios integrantes de pueblos ind\u00edgenas.<\/p>\n\n\n\n<h2 class=\"wp-block-heading\">\u00bfCu\u00e1nto se pagan y quienes la cobran?<\/h2>\n\n\n\n<p><strong>La pueden cobrar los adultos mayores del pa\u00eds a partir de sus 68 a\u00f1os y a partir de los 65 en caso de que sean integrantes de pueblos ind\u00edgenas.<\/strong> Al d\u00eda de hoy, m\u00e1s de 10 mil 500 adultos mayores reciben 3 mil 850 pesos de ayuda econ\u00f3mica por parte del gobierno de M\u00e9xico cada dos meses. Aunque para formar parte de este programa se tendr\u00e1n que considerar algunos requisitos y llevar a cabo una serie de pasos.<\/p>\n\n\n\n<p>El ingreso al programa es a trav\u00e9s de las visitas domiciliarias que realiza el personal de la Secretar\u00eda de Bienestar, que registran a cada solicitante.&nbsp;<\/p>\n\n\n\n<h2 class=\"wp-block-heading\">Cambios en los montos de la Pensi\u00f3n del Bienestar para el 2023<\/h2>\n\n\n\n<p><strong>El gobierno nacional anunci\u00f3 que para 2023 el incremento ser\u00e1 del 25%. <\/strong>El aumento entonces ser\u00e1 de 962 pesos con 50 centavos. De ese modo, el monto de la pensi\u00f3n total, que a la fecha es de 3 mil 850 pesos, ser\u00eda de 4 mil 812 pesos con 50 centavos.<\/p>\n\n\n\n<p>El presidente adem\u00e1s afirm\u00f3 que el incremento ser\u00e1 gradual hasta el fin de su sexenio, es decir, hasta el 2024.&nbsp;<\/p>\n","protected":false},"excerpt":{"rendered":"<p>El presidente de M\u00e9xico, Andr\u00e9s Manuel L\u00f3pez Obrador, anunci\u00f3 un incremento de la Pensi\u00f3n del Bienestar para adultos mayores.&nbsp; \u00bfQu\u00e9 es la pensi\u00f3n del Bienestar 2023? La pensi\u00f3n del bienestar es un programa del gobierno mexicano que atiende a todos los adultos mayores de 68 a\u00f1os de todo el pa\u00eds, y a los adultos mayores &hellip;<\/p>\n<p class=\"read-more\"> <a class=\"\" href=\"https:\/\/alprestamo.com\/blog\/pension-del-bienestar-cambios-para-el-2023\/\"> <span class=\"screen-reader-text\">Pensi\u00f3n del Bienestar: cambios para el 2023<\/span> Leer m\u00e1s &raquo;<\/a><\/p>\n","protected":false},"author":1,"featured_media":19487,"comment_status":"closed","ping_status":"closed","sticky":false,"template":"","format":"standard","meta":{"_uag_custom_page_level_css":"","site-sidebar-layout":"default","site-content-layout":"default","ast-global-header-display":"","ast-banner-title-visibility":"","ast-main-header-display":"","ast-hfb-above-header-display":"","ast-hfb-below-header-display":"","ast-hfb-mobile-header-display":"","site-post-title":"","ast-breadcrumbs-content":"","ast-featured-img":"","footer-sml-layout":"","theme-transparent-header-meta":"","adv-header-id-meta":"","stick-header-meta":"","header-above-stick-meta":"","header-main-stick-meta":"","header-below-stick-meta":"","footnotes":""},"categories":[32],"tags":[],"class_list":["post-19484","post","type-post","status-publish","format-standard","has-post-thumbnail","hentry","category-programas-sociales-mx"],"acf":[],"yoast_head":"<!-- This site is optimized with the Yoast SEO plugin v23.2 - https:\/\/yoast.com\/wordpress\/plugins\/seo\/ -->\n<title>Pensi\u00f3n del Bienestar: cambios para el 2023<\/title>\n<meta name=\"description\" content=\"El presidente de M\u00e9xico, Andr\u00e9s Manuel L\u00f3pez Obrador, anunci\u00f3 un incremento de la Pensi\u00f3n del Bienestar para adultos mayores.&nbsp; \u00bfQu\u00e9 es la pensi\u00f3n del\" \/>\n<meta name=\"robots\" content=\"index, follow, max-snippet:-1, max-image-preview:large, max-video-preview:-1\" \/>\n<link rel=\"canonical\" href=\"https:\/\/alprestamo.com\/blog\/pension-del-bienestar-cambios-para-el-2023\/\" \/>\n<meta property=\"og:locale\" content=\"es_ES\" \/>\n<meta property=\"og:type\" content=\"article\" \/>\n<meta property=\"og:title\" content=\"Pensi\u00f3n del Bienestar: cambios para el 2023\" \/>\n<meta property=\"og:description\" content=\"El presidente de M\u00e9xico, Andr\u00e9s Manuel L\u00f3pez Obrador, anunci\u00f3 un incremento de la Pensi\u00f3n del Bienestar para adultos mayores.&nbsp; \u00bfQu\u00e9 es la pensi\u00f3n del\" \/>\n<meta property=\"og:url\" content=\"https:\/\/alprestamo.com\/blog\/pension-del-bienestar-cambios-para-el-2023\/\" \/>\n<meta property=\"og:site_name\" content=\"Alprestamo - Hacemos que todo suceda\" \/>\n<meta property=\"article:published_time\" content=\"2022-12-28T20:43:44+00:00\" \/>\n<meta property=\"og:image\" content=\"https:\/\/alprestamo.com\/blog\/wp-content\/uploads\/2022\/12\/Pensio\u0301n-del-Bienestar-.jpeg\" \/>\n\t<meta property=\"og:image:width\" content=\"1200\" \/>\n\t<meta property=\"og:image:height\" content=\"630\" \/>\n\t<meta property=\"og:image:type\" content=\"image\/jpeg\" \/>\n<meta name=\"author\" content=\"admin\" \/>\n<meta name=\"twitter:card\" content=\"summary_large_image\" \/>\n<meta name=\"twitter:label1\" content=\"Escrito por\" \/>\n\t<meta name=\"twitter:data1\" content=\"admin\" \/>\n\t<meta name=\"twitter:label2\" content=\"Tiempo de lectura\" \/>\n\t<meta name=\"twitter:data2\" content=\"1 minuto\" \/>\n<script type=\"application\/ld+json\" class=\"yoast-schema-graph\">{\"@context\":\"https:\/\/schema.org\",\"@graph\":[{\"@type\":\"NewsArticle\",\"@id\":\"https:\/\/alprestamo.com\/blog\/pension-del-bienestar-cambios-para-el-2023\/#article\",\"isPartOf\":{\"@id\":\"https:\/\/alprestamo.com\/blog\/pension-del-bienestar-cambios-para-el-2023\/\"},\"author\":{\"name\":\"admin\",\"@id\":\"https:\/\/alprestamo.com\/blog\/#\/schema\/person\/86edda628d7db14ad76fcc0be09cf939\"},\"headline\":\"Pensi\u00f3n del Bienestar: cambios para el 2023\",\"datePublished\":\"2022-12-28T20:43:44+00:00\",\"dateModified\":\"2022-12-28T20:43:44+00:00\",\"mainEntityOfPage\":{\"@id\":\"https:\/\/alprestamo.com\/blog\/pension-del-bienestar-cambios-para-el-2023\/\"},\"wordCount\":274,\"publisher\":{\"@id\":\"https:\/\/alprestamo.com\/blog\/#organization\"},\"image\":{\"@id\":\"https:\/\/alprestamo.com\/blog\/pension-del-bienestar-cambios-para-el-2023\/#primaryimage\"},\"thumbnailUrl\":\"https:\/\/alprestamo.com\/blog\/wp-content\/uploads\/2022\/12\/Pensio\u0301n-del-Bienestar-.jpeg\",\"articleSection\":[\"Programas Sociales\"],\"inLanguage\":\"es-AR\"},{\"@type\":\"WebPage\",\"@id\":\"https:\/\/alprestamo.com\/blog\/pension-del-bienestar-cambios-para-el-2023\/\",\"url\":\"https:\/\/alprestamo.com\/blog\/pension-del-bienestar-cambios-para-el-2023\/\",\"name\":\"Pensi\u00f3n del Bienestar: cambios para el 2023\",\"isPartOf\":{\"@id\":\"https:\/\/alprestamo.com\/blog\/#website\"},\"primaryImageOfPage\":{\"@id\":\"https:\/\/alprestamo.com\/blog\/pension-del-bienestar-cambios-para-el-2023\/#primaryimage\"},\"image\":{\"@id\":\"https:\/\/alprestamo.com\/blog\/pension-del-bienestar-cambios-para-el-2023\/#primaryimage\"},\"thumbnailUrl\":\"https:\/\/alprestamo.com\/blog\/wp-content\/uploads\/2022\/12\/Pensio\u0301n-del-Bienestar-.jpeg\",\"datePublished\":\"2022-12-28T20:43:44+00:00\",\"dateModified\":\"2022-12-28T20:43:44+00:00\",\"description\":\"El presidente de M\u00e9xico, Andr\u00e9s Manuel L\u00f3pez Obrador, anunci\u00f3 un incremento de la Pensi\u00f3n del Bienestar para adultos mayores.&nbsp; \u00bfQu\u00e9 es la pensi\u00f3n del\",\"breadcrumb\":{\"@id\":\"https:\/\/alprestamo.com\/blog\/pension-del-bienestar-cambios-para-el-2023\/#breadcrumb\"},\"inLanguage\":\"es-AR\",\"potentialAction\":[{\"@type\":\"ReadAction\",\"target\":[\"https:\/\/alprestamo.com\/blog\/pension-del-bienestar-cambios-para-el-2023\/\"]}]},{\"@type\":\"ImageObject\",\"inLanguage\":\"es-AR\",\"@id\":\"https:\/\/alprestamo.com\/blog\/pension-del-bienestar-cambios-para-el-2023\/#primaryimage\",\"url\":\"https:\/\/alprestamo.com\/blog\/wp-content\/uploads\/2022\/12\/Pensio\u0301n-del-Bienestar-.jpeg\",\"contentUrl\":\"https:\/\/alprestamo.com\/blog\/wp-content\/uploads\/2022\/12\/Pensio\u0301n-del-Bienestar-.jpeg\",\"width\":1200,\"height\":630,\"caption\":\"Pensio\u0301n del Bienestar-\"},{\"@type\":\"BreadcrumbList\",\"@id\":\"https:\/\/alprestamo.com\/blog\/pension-del-bienestar-cambios-para-el-2023\/#breadcrumb\",\"itemListElement\":[{\"@type\":\"ListItem\",\"position\":1,\"name\":\"Home\",\"item\":\"https:\/\/alprestamo.com\/blog\/\"},{\"@type\":\"ListItem\",\"position\":2,\"name\":\"Pensi\u00f3n del Bienestar: cambios para el 2023\"}]},{\"@type\":\"WebSite\",\"@id\":\"https:\/\/alprestamo.com\/blog\/#website\",\"url\":\"https:\/\/alprestamo.com\/blog\/\",\"name\":\"Alprestamo\",\"description\":\"Hacemos que todo suceda\",\"publisher\":{\"@id\":\"https:\/\/alprestamo.com\/blog\/#organization\"},\"potentialAction\":[{\"@type\":\"SearchAction\",\"target\":{\"@type\":\"EntryPoint\",\"urlTemplate\":\"https:\/\/alprestamo.com\/blog\/?s={search_term_string}\"},\"query-input\":\"required name=search_term_string\"}],\"inLanguage\":\"es-AR\"},{\"@type\":\"Organization\",\"@id\":\"https:\/\/alprestamo.com\/blog\/#organization\",\"name\":\"Alprestamo\",\"url\":\"https:\/\/alprestamo.com\/blog\/\",\"logo\":{\"@type\":\"ImageObject\",\"inLanguage\":\"es-AR\",\"@id\":\"https:\/\/alprestamo.com\/blog\/#\/schema\/logo\/image\/\",\"url\":\"https:\/\/alprestamo.com\/blog\/wp-content\/uploads\/2022\/10\/Imagotipo_Blanco.svg\",\"contentUrl\":\"https:\/\/alprestamo.com\/blog\/wp-content\/uploads\/2022\/10\/Imagotipo_Blanco.svg\",\"width\":1199,\"height\":203,\"caption\":\"Alprestamo\"},\"image\":{\"@id\":\"https:\/\/alprestamo.com\/blog\/#\/schema\/logo\/image\/\"}},{\"@type\":\"Person\",\"@id\":\"https:\/\/alprestamo.com\/blog\/#\/schema\/person\/86edda628d7db14ad76fcc0be09cf939\",\"name\":\"admin\",\"image\":{\"@type\":\"ImageObject\",\"inLanguage\":\"es-AR\",\"@id\":\"https:\/\/alprestamo.com\/blog\/#\/schema\/person\/image\/\",\"url\":\"https:\/\/secure.gravatar.com\/avatar\/72868a6451caea79ae74926511fb9e4a?s=96&d=mm&r=g\",\"contentUrl\":\"https:\/\/secure.gravatar.com\/avatar\/72868a6451caea79ae74926511fb9e4a?s=96&d=mm&r=g\",\"caption\":\"admin\"},\"sameAs\":[\"https:\/\/alprestamo.com\/blog\"],\"url\":\"https:\/\/alprestamo.com\/blog\/author\/admin\/\"}]}<\/script>\n<!-- \/ Yoast SEO plugin. -->","yoast_head_json":{"title":"Pensi\u00f3n del Bienestar: cambios para el 2023","description":"El presidente de M\u00e9xico, Andr\u00e9s Manuel L\u00f3pez Obrador, anunci\u00f3 un incremento de la Pensi\u00f3n del Bienestar para adultos mayores.&nbsp; \u00bfQu\u00e9 es la pensi\u00f3n del","robots":{"index":"index","follow":"follow","max-snippet":"max-snippet:-1","max-image-preview":"max-image-preview:large","max-video-preview":"max-video-preview:-1"},"canonical":"https:\/\/alprestamo.com\/blog\/pension-del-bienestar-cambios-para-el-2023\/","og_locale":"es_ES","og_type":"article","og_title":"Pensi\u00f3n del Bienestar: cambios para el 2023","og_description":"El presidente de M\u00e9xico, Andr\u00e9s Manuel L\u00f3pez Obrador, anunci\u00f3 un incremento de la Pensi\u00f3n del Bienestar para adultos mayores.&nbsp; \u00bfQu\u00e9 es la pensi\u00f3n del","og_url":"https:\/\/alprestamo.com\/blog\/pension-del-bienestar-cambios-para-el-2023\/","og_site_name":"Alprestamo - Hacemos que todo suceda","article_published_time":"2022-12-28T20:43:44+00:00","og_image":[{"width":1200,"height":630,"url":"https:\/\/alprestamo.com\/blog\/wp-content\/uploads\/2022\/12\/Pensio\u0301n-del-Bienestar-.jpeg","type":"image\/jpeg"}],"author":"admin","twitter_card":"summary_large_image","twitter_misc":{"Escrito por":"admin","Tiempo de lectura":"1 minuto"},"schema":{"@context":"https:\/\/schema.org","@graph":[{"@type":"NewsArticle","@id":"https:\/\/alprestamo.com\/blog\/pension-del-bienestar-cambios-para-el-2023\/#article","isPartOf":{"@id":"https:\/\/alprestamo.com\/blog\/pension-del-bienestar-cambios-para-el-2023\/"},"author":{"name":"admin","@id":"https:\/\/alprestamo.com\/blog\/#\/schema\/person\/86edda628d7db14ad76fcc0be09cf939"},"headline":"Pensi\u00f3n del Bienestar: cambios para el 2023","datePublished":"2022-12-28T20:43:44+00:00","dateModified":"2022-12-28T20:43:44+00:00","mainEntityOfPage":{"@id":"https:\/\/alprestamo.com\/blog\/pension-del-bienestar-cambios-para-el-2023\/"},"wordCount":274,"publisher":{"@id":"https:\/\/alprestamo.com\/blog\/#organization"},"image":{"@id":"https:\/\/alprestamo.com\/blog\/pension-del-bienestar-cambios-para-el-2023\/#primaryimage"},"thumbnailUrl":"https:\/\/alprestamo.com\/blog\/wp-content\/uploads\/2022\/12\/Pensio\u0301n-del-Bienestar-.jpeg","articleSection":["Programas Sociales"],"inLanguage":"es-AR"},{"@type":"WebPage","@id":"https:\/\/alprestamo.com\/blog\/pension-del-bienestar-cambios-para-el-2023\/","url":"https:\/\/alprestamo.com\/blog\/pension-del-bienestar-cambios-para-el-2023\/","name":"Pensi\u00f3n del Bienestar: cambios para el 2023","isPartOf":{"@id":"https:\/\/alprestamo.com\/blog\/#website"},"primaryImageOfPage":{"@id":"https:\/\/alprestamo.com\/blog\/pension-del-bienestar-cambios-para-el-2023\/#primaryimage"},"image":{"@id":"https:\/\/alprestamo.com\/blog\/pension-del-bienestar-cambios-para-el-2023\/#primaryimage"},"thumbnailUrl":"https:\/\/alprestamo.com\/blog\/wp-content\/uploads\/2022\/12\/Pensio\u0301n-del-Bienestar-.jpeg","datePublished":"2022-12-28T20:43:44+00:00","dateModified":"2022-12-28T20:43:44+00:00","description":"El presidente de M\u00e9xico, Andr\u00e9s Manuel L\u00f3pez Obrador, anunci\u00f3 un incremento de la Pensi\u00f3n del Bienestar para adultos mayores.&nbsp; \u00bfQu\u00e9 es la pensi\u00f3n del","breadcrumb":{"@id":"https:\/\/alprestamo.com\/blog\/pension-del-bienestar-cambios-para-el-2023\/#breadcrumb"},"inLanguage":"es-AR","potentialAction":[{"@type":"ReadAction","target":["https:\/\/alprestamo.com\/blog\/pension-del-bienestar-cambios-para-el-2023\/"]}]},{"@type":"ImageObject","inLanguage":"es-AR","@id":"https:\/\/alprestamo.com\/blog\/pension-del-bienestar-cambios-para-el-2023\/#primaryimage","url":"https:\/\/alprestamo.com\/blog\/wp-content\/uploads\/2022\/12\/Pensio\u0301n-del-Bienestar-.jpeg","contentUrl":"https:\/\/alprestamo.com\/blog\/wp-content\/uploads\/2022\/12\/Pensio\u0301n-del-Bienestar-.jpeg","width":1200,"height":630,"caption":"Pensio\u0301n del Bienestar-"},{"@type":"BreadcrumbList","@id":"https:\/\/alprestamo.com\/blog\/pension-del-bienestar-cambios-para-el-2023\/#breadcrumb","itemListElement":[{"@type":"ListItem","position":1,"name":"Home","item":"https:\/\/alprestamo.com\/blog\/"},{"@type":"ListItem","position":2,"name":"Pensi\u00f3n del Bienestar: cambios para el 2023"}]},{"@type":"WebSite","@id":"https:\/\/alprestamo.com\/blog\/#website","url":"https:\/\/alprestamo.com\/blog\/","name":"Alprestamo","description":"Hacemos que todo suceda","publisher":{"@id":"https:\/\/alprestamo.com\/blog\/#organization"},"potentialAction":[{"@type":"SearchAction","target":{"@type":"EntryPoint","urlTemplate":"https:\/\/alprestamo.com\/blog\/?s={search_term_string}"},"query-input":"required name=search_term_string"}],"inLanguage":"es-AR"},{"@type":"Organization","@id":"https:\/\/alprestamo.com\/blog\/#organization","name":"Alprestamo","url":"https:\/\/alprestamo.com\/blog\/","logo":{"@type":"ImageObject","inLanguage":"es-AR","@id":"https:\/\/alprestamo.com\/blog\/#\/schema\/logo\/image\/","url":"https:\/\/alprestamo.com\/blog\/wp-content\/uploads\/2022\/10\/Imagotipo_Blanco.svg","contentUrl":"https:\/\/alprestamo.com\/blog\/wp-content\/uploads\/2022\/10\/Imagotipo_Blanco.svg","width":1199,"height":203,"caption":"Alprestamo"},"image":{"@id":"https:\/\/alprestamo.com\/blog\/#\/schema\/logo\/image\/"}},{"@type":"Person","@id":"https:\/\/alprestamo.com\/blog\/#\/schema\/person\/86edda628d7db14ad76fcc0be09cf939","name":"admin","image":{"@type":"ImageObject","inLanguage":"es-AR","@id":"https:\/\/alprestamo.com\/blog\/#\/schema\/person\/image\/","url":"https:\/\/secure.gravatar.com\/avatar\/72868a6451caea79ae74926511fb9e4a?s=96&d=mm&r=g","contentUrl":"https:\/\/secure.gravatar.com\/avatar\/72868a6451caea79ae74926511fb9e4a?s=96&d=mm&r=g","caption":"admin"},"sameAs":["https:\/\/alprestamo.com\/blog"],"url":"https:\/\/alprestamo.com\/blog\/author\/admin\/"}]}},"uagb_featured_image_src":{"full":["https:\/\/alprestamo.com\/blog\/wp-content\/uploads\/2022\/12\/Pensio\u0301n-del-Bienestar-.jpeg",1200,630,false],"thumbnail":["https:\/\/alprestamo.com\/blog\/wp-content\/uploads\/2022\/12\/Pensio\u0301n-del-Bienestar--150x150.jpeg",150,150,true],"medium":["https:\/\/alprestamo.com\/blog\/wp-content\/uploads\/2022\/12\/Pensio\u0301n-del-Bienestar--300x158.jpeg",300,158,true],"medium_large":["https:\/\/alprestamo.com\/blog\/wp-content\/uploads\/2022\/12\/Pensio\u0301n-del-Bienestar--768x403.jpeg",768,403,true],"large":["https:\/\/alprestamo.com\/blog\/wp-content\/uploads\/2022\/12\/Pensio\u0301n-del-Bienestar--1024x538.jpeg",1024,538,true],"1536x1536":["https:\/\/alprestamo.com\/blog\/wp-content\/uploads\/2022\/12\/Pensio\u0301n-del-Bienestar-.jpeg",1200,630,false],"2048x2048":["https:\/\/alprestamo.com\/blog\/wp-content\/uploads\/2022\/12\/Pensio\u0301n-del-Bienestar-.jpeg",1200,630,false]},"uagb_author_info":{"display_name":"admin","author_link":"https:\/\/alprestamo.com\/blog\/author\/admin\/"},"uagb_comment_info":0,"uagb_excerpt":"El presidente de M\u00e9xico, Andr\u00e9s Manuel L\u00f3pez Obrador, anunci\u00f3 un incremento de la Pensi\u00f3n del Bienestar para adultos mayores.&nbsp; \u00bfQu\u00e9 es la pensi\u00f3n del Bienestar 2023? La pensi\u00f3n del bienestar es un programa del gobierno mexicano que atiende a todos los adultos mayores de 68 a\u00f1os de todo el pa\u00eds, y a los adultos mayores&hellip;","rttpg_featured_image_url":{"full":["https:\/\/alprestamo.com\/blog\/wp-content\/uploads\/2022\/12\/Pensio\u0301n-del-Bienestar-.jpeg",1200,630,false],"landscape":["https:\/\/alprestamo.com\/blog\/wp-content\/uploads\/2022\/12\/Pensio\u0301n-del-Bienestar-.jpeg",1200,630,false],"portraits":["https:\/\/alprestamo.com\/blog\/wp-content\/uploads\/2022\/12\/Pensio\u0301n-del-Bienestar-.jpeg",1200,630,false],"thumbnail":["https:\/\/alprestamo.com\/blog\/wp-content\/uploads\/2022\/12\/Pensio\u0301n-del-Bienestar--150x150.jpeg",150,150,true],"medium":["https:\/\/alprestamo.com\/blog\/wp-content\/uploads\/2022\/12\/Pensio\u0301n-del-Bienestar--300x158.jpeg",300,158,true],"large":["https:\/\/alprestamo.com\/blog\/wp-content\/uploads\/2022\/12\/Pensio\u0301n-del-Bienestar--1024x538.jpeg",1024,538,true],"1536x1536":["https:\/\/alprestamo.com\/blog\/wp-content\/uploads\/2022\/12\/Pensio\u0301n-del-Bienestar-.jpeg",1200,630,false],"2048x2048":["https:\/\/alprestamo.com\/blog\/wp-content\/uploads\/2022\/12\/Pensio\u0301n-del-Bienestar-.jpeg",1200,630,false],"rt_custom":["https:\/\/alprestamo.com\/blog\/wp-content\/uploads\/2022\/12\/Pensio\u0301n-del-Bienestar-.jpeg",1200,630,false]},"rttpg_author":{"display_name":"admin","author_link":"https:\/\/alprestamo.com\/blog\/author\/admin\/"},"rttpg_comment":0,"rttpg_category":"<a href=\"https:\/\/alprestamo.com\/blog\/categoria\/mx\/programas-sociales-mx\/\" rel=\"category tag\">Programas Sociales<\/a>","rttpg_excerpt":"El presidente de M\u00e9xico, Andr\u00e9s Manuel L\u00f3pez Obrador, anunci\u00f3 un incremento de la Pensi\u00f3n del Bienestar para adultos mayores.&nbsp; \u00bfQu\u00e9 es la pensi\u00f3n del Bienestar 2023? La pensi\u00f3n del bienestar es un programa del gobierno mexicano que atiende a todos los adultos mayores de 68 a\u00f1os de todo el pa\u00eds, y a los adultos mayores&hellip;","_links":{"self":[{"href":"https:\/\/alprestamo.com\/blog\/wp-json\/wp\/v2\/posts\/19484"}],"collection":[{"href":"https:\/\/alprestamo.com\/blog\/wp-json\/wp\/v2\/posts"}],"about":[{"href":"https:\/\/alprestamo.com\/blog\/wp-json\/wp\/v2\/types\/post"}],"author":[{"embeddable":true,"href":"https:\/\/alprestamo.com\/blog\/wp-json\/wp\/v2\/users\/1"}],"replies":[{"embeddable":true,"href":"https:\/\/alprestamo.com\/blog\/wp-json\/wp\/v2\/comments?post=19484"}],"version-history":[{"count":0,"href":"https:\/\/alprestamo.com\/blog\/wp-json\/wp\/v2\/posts\/19484\/revisions"}],"wp:featuredmedia":[{"embeddable":true,"href":"https:\/\/alprestamo.com\/blog\/wp-json\/wp\/v2\/media\/19487"}],"wp:attachment":[{"href":"https:\/\/alprestamo.com\/blog\/wp-json\/wp\/v2\/media?parent=19484"}],"wp:term":[{"taxonomy":"category","embeddable":true,"href":"https:\/\/alprestamo.com\/blog\/wp-json\/wp\/v2\/categories?post=19484"},{"taxonomy":"post_tag","embeddable":true,"href":"https:\/\/alprestamo.com\/blog\/wp-json\/wp\/v2\/tags?post=19484"}],"curies":[{"name":"wp","href":"https:\/\/api.w.org\/{rel}","templated":true}]}}