{"id":20624,"date":"2023-02-14T11:24:08","date_gmt":"2023-02-14T14:24:08","guid":{"rendered":"https:\/\/alprestamo.com\/blog\/uncategorized\/colombia-mayor-2023-cuando-pagan-el-beneficio\/"},"modified":"2023-02-14T11:24:08","modified_gmt":"2023-02-14T14:24:08","slug":"colombia-mayor-2023-cuando-pagan-el-beneficio","status":"publish","type":"post","link":"https:\/\/alprestamo.com\/blog\/colombia-mayor-2023-cuando-pagan-el-beneficio\/","title":{"rendered":"Colombia Mayor 2023: cu\u00e1ndo pagan el beneficio"},"content":{"rendered":"\n<p>Estamos a mitad del mes de febrero y muchas personas quieren saber cu\u00e1ndo se paga el primer giro de Colombia Mayor, programa de Protecci\u00f3n Social al Adulto Mayor que ayuda a miles de beneficiarios en el pa\u00eds.<\/p>\n\n\n\n<p>Ya se ha confirmado desde Prosperidad Social que el programa contin\u00faa y que se encuentran realizando el cronograma de pagos para este 2023.<\/p>\n\n\n\n<p>Tal es as\u00ed que el Subdirector Carlos Chinchilla comunic\u00f3 que los beneficiarios deben estar muy atentos al cronograma ya que este est\u00e1 en proceso de realizaci\u00f3n\u00a0y que el mismo ser\u00e1 f\u00e1cilmente consultable a trav\u00e9s de sus medios de comunicaci\u00f3n.<\/p>\n\n\n\n<p>El monto del beneficio contin\u00faa en un valor de $80 mil, hasta que no surta efecto la reforma pensional.<\/p>\n\n\n\n<p><strong>\u00bfC\u00f3mo se planifica el Cronograma de Pagos?<\/strong><\/p>\n\n\n\n<p>En el 2022, Prosperidad Social realiz\u00f3 la primera <a href=\\\"https:\/\/alprestamo.com\/blog\/5-recomendaciones-para-pedir-un-prestamo-en-colombia\/\\\">transferencia monetaria<\/a> del a\u00f1o para los beneficiarios del programa de Protecci\u00f3n Social al Adulto Mayor Colombia Mayor desde el 17 hasta el 25 de febrero. Tal es as\u00ed, que la segunda transferencia monetaria del a\u00f1o se realiz\u00f3 desde el lunes 28 de febrero hasta el 11 de marzo.<\/p>\n\n\n\n<p>Es por eso, que se espera que en este mes de febrero comiencen los pagos de las n\u00f3minas correspondientes a enero y febrero, a penas el organismo comunique de manera oficial y los efectivice.<\/p>\n\n\n\n<p><strong>\u00bfQu\u00e9 requisitos son necesarios para ser beneficiario de Colombia Mayor?<\/strong><\/p>\n\n\n\n<p>Para poder inscribirse y ser beneficiario de Colombia Mayor, es necesario cumplir con los siguientes requisitos:<\/p>\n\n\n\n<ul class=\"wp-block-list\"><li>Ser colombiano.<\/li><li>Haber residido durante los \u00faltimos diez (10) a\u00f1os en el territorio nacional.<\/li><li>Tener m\u00ednimo tres a\u00f1os menos de la edad que se requiere para pensionarse por vejez (Actualmente 54 a\u00f1os para mujeres y 59 para hombres).<\/li><li>Carecer de rentas o ingresos suficientes para subsistir.<\/li><li>De acuerdo con SISB\u00c9N IV, se toman todos los niveles de los grupos A y B y C hasta el subgrupo C1.<\/li><\/ul>\n\n\n\n<p><strong>\u00bfCu\u00e1les son los criterios de priorizaci\u00f3n?<\/strong><\/p>\n\n\n\n<p>Los criterios de priorizaci\u00f3n tienen el objetivo de seleccionar como beneficiarios del programa exclusivamente a los adultos mayores en las condiciones de pobreza m\u00e1s cr\u00edticas. Estos son:<\/p>\n\n\n\n<ul class=\"wp-block-list\"><li>La edad del aspirante.<\/li><li>Puntaje del SISB\u00c9N o listado censal.<\/li><li>La minusval\u00eda o discapacidad f\u00edsica o mental del aspirante.<\/li><li>Personas a cargo del aspirante.<\/li><li>Ser adulto mayor que vive solo y no depende econ\u00f3micamente de ninguna persona<\/li><li>Haber perdido el subsidio al aporte en pensi\u00f3n por llegar a la edad de 65 a\u00f1os y no contar con capacidad econ\u00f3mica para continuar efectuando aportes a dicho sistema. En este evento, el beneficiario deber\u00e1 informar que con este subsidio realizar\u00e1 el aporte a pensi\u00f3n con el fin de cumplir los requisitos. Este criterio se utilizar\u00e1 cuando al beneficiario le hagan falta m\u00e1ximo 100 semanas de cotizaci\u00f3n.<\/li><li>P\u00e9rdida de subsidio por traslado a otro municipio.<\/li><li>Fecha de solicitud de inscripci\u00f3n al programa en el municipio.<\/li><\/ul>\n\n\n\n<p><strong>\u00bfC\u00f3mo puedo inscribirme?<\/strong><\/p>\n\n\n\n<p>El adulto mayor que necesite inscribirse al programa debe acercarse a la alcald\u00eda de su municipio con su c\u00e9dula de ciudadan\u00eda en f\u00edsico. En la mayor\u00eda de los entes territoriales el tr\u00e1mite se realiza en la Oficina de Atenci\u00f3n al Adulto Mayor, en la ciudad de Bogot\u00e1 se adelanta en las Subdirecciones Locales de la Secretar\u00eda de Integraci\u00f3n Social, antiguos COL.<\/p>\n\n\n\n<p>Luego, la persona responsable del tr\u00e1mite en la alcald\u00eda municipal o distrital corrobora el cumplimiento de los requisitos revisando su c\u00e9dula de ciudadan\u00eda en f\u00edsico y diligenciando la inscripci\u00f3n en el Sistema de Informaci\u00f3n de Colombia Mayor.<\/p>\n\n\n\n<p>A trav\u00e9s del cruce con bases de datos externas se verifica y valida que el ciudadano inscrito no reciba pensi\u00f3n alguna o perciba renta.<\/p>\n\n\n\n<p>Luego el sistema se procesa la informaci\u00f3n de los potenciales beneficiarios a quienes se les aplican los Criterios de priorizaci\u00f3n los cuales determinan el orden para asignar cupos una vez se tengan disponibles.<\/p>\n\n\n\n<p>Los listados de priorizaci\u00f3n son muy importantes debido a que cada municipio tiene un cupo establecido para el programa; en la medida que se liberan cupos sigue en estricto orden de ingreso los potenciales beneficiarios, de acuerdo con esos criterios<\/p>\n\n\n\n<p><strong>\u00bfQu\u00e9 novedades hay sobre las fechas para el Bono $500 mil?<\/strong><\/p>\n\n\n\n<p>En el marco de la discusi\u00f3n sobre la reforma previsional para que los <a href=\\\"https:\/\/alprestamo.com\/blog\/aumento-en-el-beneficio-colombia-mayor-2023-quienes-cobraran-los-500-mil-pesos-y-a-partir-de-cuando\/\\\">adultos mayores reciban $500 mil mensuales<\/a> y puedan tener una mejor calidad de vida, el proceso que el Presidente Gustavo Petro lidera est\u00e1 avanzando y presentar\u00e1n a discusi\u00f3n de la ciudadan\u00eda y el Congreso.<\/p>\n\n\n\n<p>Este proceso se inici\u00f3 en el mes de noviembre del 2022, y actualmente contin\u00faa su curso, entrar\u00e1 a debates y se radicar\u00e1 en el Congreso de la Rep\u00fablica.<\/p>\n","protected":false},"excerpt":{"rendered":"<p>Estamos a mitad del mes de febrero y muchas personas quieren saber cu\u00e1ndo se paga el primer giro de Colombia Mayor, programa de Protecci\u00f3n Social al Adulto Mayor que ayuda a miles de beneficiarios en el pa\u00eds. Ya se ha confirmado desde Prosperidad Social que el programa contin\u00faa y que se encuentran realizando el cronograma &hellip;<\/p>\n<p class=\"read-more\"> <a class=\"\" href=\"https:\/\/alprestamo.com\/blog\/colombia-mayor-2023-cuando-pagan-el-beneficio\/\"> <span class=\"screen-reader-text\">Colombia Mayor 2023: cu\u00e1ndo pagan el beneficio<\/span> Leer m\u00e1s &raquo;<\/a><\/p>\n","protected":false},"author":1,"featured_media":20626,"comment_status":"closed","ping_status":"closed","sticky":false,"template":"","format":"standard","meta":{"_uag_custom_page_level_css":"","site-sidebar-layout":"default","site-content-layout":"default","ast-global-header-display":"","ast-banner-title-visibility":"","ast-main-header-display":"","ast-hfb-above-header-display":"","ast-hfb-below-header-display":"","ast-hfb-mobile-header-display":"","site-post-title":"","ast-breadcrumbs-content":"","ast-featured-img":"","footer-sml-layout":"","theme-transparent-header-meta":"","adv-header-id-meta":"","stick-header-meta":"","header-above-stick-meta":"","header-main-stick-meta":"","header-below-stick-meta":"","footnotes":""},"categories":[98,100],"tags":[],"class_list":["post-20624","post","type-post","status-publish","format-standard","has-post-thumbnail","hentry","category-co","category-programas-sociales"],"acf":[],"yoast_head":"<!-- This site is optimized with the Yoast SEO plugin v23.2 - https:\/\/yoast.com\/wordpress\/plugins\/seo\/ -->\n<title>Colombia Mayor 2023: cu\u00e1ndo pagan el beneficio<\/title>\n<meta name=\"description\" content=\"Estamos a mitad del mes de febrero y muchas personas quieren saber cu\u00e1ndo se paga el primer giro de Colombia Mayor, programa de Protecci\u00f3n Social al\" \/>\n<meta name=\"robots\" content=\"index, follow, max-snippet:-1, max-image-preview:large, max-video-preview:-1\" \/>\n<link rel=\"canonical\" href=\"https:\/\/alprestamo.com\/blog\/colombia-mayor-2023-cuando-pagan-el-beneficio\/\" \/>\n<meta property=\"og:locale\" content=\"es_ES\" \/>\n<meta property=\"og:type\" content=\"article\" \/>\n<meta property=\"og:title\" content=\"Colombia Mayor 2023: cu\u00e1ndo pagan el beneficio\" \/>\n<meta property=\"og:description\" content=\"Estamos a mitad del mes de febrero y muchas personas quieren saber cu\u00e1ndo se paga el primer giro de Colombia Mayor, programa de Protecci\u00f3n Social al\" \/>\n<meta property=\"og:url\" content=\"https:\/\/alprestamo.com\/blog\/colombia-mayor-2023-cuando-pagan-el-beneficio\/\" \/>\n<meta property=\"og:site_name\" content=\"Alprestamo - Hacemos que todo suceda\" \/>\n<meta property=\"article:published_time\" content=\"2023-02-14T14:24:08+00:00\" \/>\n<meta property=\"og:image\" content=\"https:\/\/alprestamo.com\/blog\/wp-content\/uploads\/2023\/02\/Colombia-Mayor-2023-cua\u0301ndo-pagan-el-beneficio.jpeg\" \/>\n\t<meta property=\"og:image:width\" content=\"1920\" \/>\n\t<meta property=\"og:image:height\" content=\"1079\" \/>\n\t<meta property=\"og:image:type\" content=\"image\/jpeg\" \/>\n<meta name=\"author\" content=\"admin\" \/>\n<meta name=\"twitter:card\" content=\"summary_large_image\" \/>\n<meta name=\"twitter:label1\" content=\"Escrito por\" \/>\n\t<meta name=\"twitter:data1\" content=\"admin\" \/>\n\t<meta name=\"twitter:label2\" content=\"Tiempo de lectura\" \/>\n\t<meta name=\"twitter:data2\" content=\"4 minutos\" \/>\n<script type=\"application\/ld+json\" class=\"yoast-schema-graph\">{\"@context\":\"https:\/\/schema.org\",\"@graph\":[{\"@type\":\"NewsArticle\",\"@id\":\"https:\/\/alprestamo.com\/blog\/colombia-mayor-2023-cuando-pagan-el-beneficio\/#article\",\"isPartOf\":{\"@id\":\"https:\/\/alprestamo.com\/blog\/colombia-mayor-2023-cuando-pagan-el-beneficio\/\"},\"author\":{\"name\":\"admin\",\"@id\":\"https:\/\/alprestamo.com\/blog\/#\/schema\/person\/86edda628d7db14ad76fcc0be09cf939\"},\"headline\":\"Colombia Mayor 2023: cu\u00e1ndo pagan el beneficio\",\"datePublished\":\"2023-02-14T14:24:08+00:00\",\"dateModified\":\"2023-02-14T14:24:08+00:00\",\"mainEntityOfPage\":{\"@id\":\"https:\/\/alprestamo.com\/blog\/colombia-mayor-2023-cuando-pagan-el-beneficio\/\"},\"wordCount\":805,\"publisher\":{\"@id\":\"https:\/\/alprestamo.com\/blog\/#organization\"},\"image\":{\"@id\":\"https:\/\/alprestamo.com\/blog\/colombia-mayor-2023-cuando-pagan-el-beneficio\/#primaryimage\"},\"thumbnailUrl\":\"https:\/\/alprestamo.com\/blog\/wp-content\/uploads\/2023\/02\/Colombia-Mayor-2023-cua\u0301ndo-pagan-el-beneficio.jpeg\",\"articleSection\":[\"CO\",\"Programas sociales\"],\"inLanguage\":\"es-AR\"},{\"@type\":\"WebPage\",\"@id\":\"https:\/\/alprestamo.com\/blog\/colombia-mayor-2023-cuando-pagan-el-beneficio\/\",\"url\":\"https:\/\/alprestamo.com\/blog\/colombia-mayor-2023-cuando-pagan-el-beneficio\/\",\"name\":\"Colombia Mayor 2023: cu\u00e1ndo pagan el beneficio\",\"isPartOf\":{\"@id\":\"https:\/\/alprestamo.com\/blog\/#website\"},\"primaryImageOfPage\":{\"@id\":\"https:\/\/alprestamo.com\/blog\/colombia-mayor-2023-cuando-pagan-el-beneficio\/#primaryimage\"},\"image\":{\"@id\":\"https:\/\/alprestamo.com\/blog\/colombia-mayor-2023-cuando-pagan-el-beneficio\/#primaryimage\"},\"thumbnailUrl\":\"https:\/\/alprestamo.com\/blog\/wp-content\/uploads\/2023\/02\/Colombia-Mayor-2023-cua\u0301ndo-pagan-el-beneficio.jpeg\",\"datePublished\":\"2023-02-14T14:24:08+00:00\",\"dateModified\":\"2023-02-14T14:24:08+00:00\",\"description\":\"Estamos a mitad del mes de febrero y muchas personas quieren saber cu\u00e1ndo se paga el primer giro de Colombia Mayor, programa de Protecci\u00f3n Social al\",\"breadcrumb\":{\"@id\":\"https:\/\/alprestamo.com\/blog\/colombia-mayor-2023-cuando-pagan-el-beneficio\/#breadcrumb\"},\"inLanguage\":\"es-AR\",\"potentialAction\":[{\"@type\":\"ReadAction\",\"target\":[\"https:\/\/alprestamo.com\/blog\/colombia-mayor-2023-cuando-pagan-el-beneficio\/\"]}]},{\"@type\":\"ImageObject\",\"inLanguage\":\"es-AR\",\"@id\":\"https:\/\/alprestamo.com\/blog\/colombia-mayor-2023-cuando-pagan-el-beneficio\/#primaryimage\",\"url\":\"https:\/\/alprestamo.com\/blog\/wp-content\/uploads\/2023\/02\/Colombia-Mayor-2023-cua\u0301ndo-pagan-el-beneficio.jpeg\",\"contentUrl\":\"https:\/\/alprestamo.com\/blog\/wp-content\/uploads\/2023\/02\/Colombia-Mayor-2023-cua\u0301ndo-pagan-el-beneficio.jpeg\",\"width\":1920,\"height\":1079,\"caption\":\"Colombia Mayor 2023- cua\u0301ndo pagan el beneficio\"},{\"@type\":\"BreadcrumbList\",\"@id\":\"https:\/\/alprestamo.com\/blog\/colombia-mayor-2023-cuando-pagan-el-beneficio\/#breadcrumb\",\"itemListElement\":[{\"@type\":\"ListItem\",\"position\":1,\"name\":\"Home\",\"item\":\"https:\/\/alprestamo.com\/blog\/\"},{\"@type\":\"ListItem\",\"position\":2,\"name\":\"Colombia Mayor 2023: cu\u00e1ndo pagan el beneficio\"}]},{\"@type\":\"WebSite\",\"@id\":\"https:\/\/alprestamo.com\/blog\/#website\",\"url\":\"https:\/\/alprestamo.com\/blog\/\",\"name\":\"Alprestamo\",\"description\":\"Hacemos que todo suceda\",\"publisher\":{\"@id\":\"https:\/\/alprestamo.com\/blog\/#organization\"},\"potentialAction\":[{\"@type\":\"SearchAction\",\"target\":{\"@type\":\"EntryPoint\",\"urlTemplate\":\"https:\/\/alprestamo.com\/blog\/?s={search_term_string}\"},\"query-input\":\"required name=search_term_string\"}],\"inLanguage\":\"es-AR\"},{\"@type\":\"Organization\",\"@id\":\"https:\/\/alprestamo.com\/blog\/#organization\",\"name\":\"Alprestamo\",\"url\":\"https:\/\/alprestamo.com\/blog\/\",\"logo\":{\"@type\":\"ImageObject\",\"inLanguage\":\"es-AR\",\"@id\":\"https:\/\/alprestamo.com\/blog\/#\/schema\/logo\/image\/\",\"url\":\"https:\/\/alprestamo.com\/blog\/wp-content\/uploads\/2022\/10\/Imagotipo_Blanco.svg\",\"contentUrl\":\"https:\/\/alprestamo.com\/blog\/wp-content\/uploads\/2022\/10\/Imagotipo_Blanco.svg\",\"width\":1199,\"height\":203,\"caption\":\"Alprestamo\"},\"image\":{\"@id\":\"https:\/\/alprestamo.com\/blog\/#\/schema\/logo\/image\/\"}},{\"@type\":\"Person\",\"@id\":\"https:\/\/alprestamo.com\/blog\/#\/schema\/person\/86edda628d7db14ad76fcc0be09cf939\",\"name\":\"admin\",\"image\":{\"@type\":\"ImageObject\",\"inLanguage\":\"es-AR\",\"@id\":\"https:\/\/alprestamo.com\/blog\/#\/schema\/person\/image\/\",\"url\":\"https:\/\/secure.gravatar.com\/avatar\/72868a6451caea79ae74926511fb9e4a?s=96&d=mm&r=g\",\"contentUrl\":\"https:\/\/secure.gravatar.com\/avatar\/72868a6451caea79ae74926511fb9e4a?s=96&d=mm&r=g\",\"caption\":\"admin\"},\"sameAs\":[\"https:\/\/alprestamo.com\/blog\"],\"url\":\"https:\/\/alprestamo.com\/blog\/author\/admin\/\"}]}<\/script>\n<!-- \/ Yoast SEO plugin. -->","yoast_head_json":{"title":"Colombia Mayor 2023: cu\u00e1ndo pagan el beneficio","description":"Estamos a mitad del mes de febrero y muchas personas quieren saber cu\u00e1ndo se paga el primer giro de Colombia Mayor, programa de Protecci\u00f3n Social al","robots":{"index":"index","follow":"follow","max-snippet":"max-snippet:-1","max-image-preview":"max-image-preview:large","max-video-preview":"max-video-preview:-1"},"canonical":"https:\/\/alprestamo.com\/blog\/colombia-mayor-2023-cuando-pagan-el-beneficio\/","og_locale":"es_ES","og_type":"article","og_title":"Colombia Mayor 2023: cu\u00e1ndo pagan el beneficio","og_description":"Estamos a mitad del mes de febrero y muchas personas quieren saber cu\u00e1ndo se paga el primer giro de Colombia Mayor, programa de Protecci\u00f3n Social al","og_url":"https:\/\/alprestamo.com\/blog\/colombia-mayor-2023-cuando-pagan-el-beneficio\/","og_site_name":"Alprestamo - Hacemos que todo suceda","article_published_time":"2023-02-14T14:24:08+00:00","og_image":[{"width":1920,"height":1079,"url":"https:\/\/alprestamo.com\/blog\/wp-content\/uploads\/2023\/02\/Colombia-Mayor-2023-cua\u0301ndo-pagan-el-beneficio.jpeg","type":"image\/jpeg"}],"author":"admin","twitter_card":"summary_large_image","twitter_misc":{"Escrito por":"admin","Tiempo de lectura":"4 minutos"},"schema":{"@context":"https:\/\/schema.org","@graph":[{"@type":"NewsArticle","@id":"https:\/\/alprestamo.com\/blog\/colombia-mayor-2023-cuando-pagan-el-beneficio\/#article","isPartOf":{"@id":"https:\/\/alprestamo.com\/blog\/colombia-mayor-2023-cuando-pagan-el-beneficio\/"},"author":{"name":"admin","@id":"https:\/\/alprestamo.com\/blog\/#\/schema\/person\/86edda628d7db14ad76fcc0be09cf939"},"headline":"Colombia Mayor 2023: cu\u00e1ndo pagan el beneficio","datePublished":"2023-02-14T14:24:08+00:00","dateModified":"2023-02-14T14:24:08+00:00","mainEntityOfPage":{"@id":"https:\/\/alprestamo.com\/blog\/colombia-mayor-2023-cuando-pagan-el-beneficio\/"},"wordCount":805,"publisher":{"@id":"https:\/\/alprestamo.com\/blog\/#organization"},"image":{"@id":"https:\/\/alprestamo.com\/blog\/colombia-mayor-2023-cuando-pagan-el-beneficio\/#primaryimage"},"thumbnailUrl":"https:\/\/alprestamo.com\/blog\/wp-content\/uploads\/2023\/02\/Colombia-Mayor-2023-cua\u0301ndo-pagan-el-beneficio.jpeg","articleSection":["CO","Programas sociales"],"inLanguage":"es-AR"},{"@type":"WebPage","@id":"https:\/\/alprestamo.com\/blog\/colombia-mayor-2023-cuando-pagan-el-beneficio\/","url":"https:\/\/alprestamo.com\/blog\/colombia-mayor-2023-cuando-pagan-el-beneficio\/","name":"Colombia Mayor 2023: cu\u00e1ndo pagan el beneficio","isPartOf":{"@id":"https:\/\/alprestamo.com\/blog\/#website"},"primaryImageOfPage":{"@id":"https:\/\/alprestamo.com\/blog\/colombia-mayor-2023-cuando-pagan-el-beneficio\/#primaryimage"},"image":{"@id":"https:\/\/alprestamo.com\/blog\/colombia-mayor-2023-cuando-pagan-el-beneficio\/#primaryimage"},"thumbnailUrl":"https:\/\/alprestamo.com\/blog\/wp-content\/uploads\/2023\/02\/Colombia-Mayor-2023-cua\u0301ndo-pagan-el-beneficio.jpeg","datePublished":"2023-02-14T14:24:08+00:00","dateModified":"2023-02-14T14:24:08+00:00","description":"Estamos a mitad del mes de febrero y muchas personas quieren saber cu\u00e1ndo se paga el primer giro de Colombia Mayor, programa de Protecci\u00f3n Social al","breadcrumb":{"@id":"https:\/\/alprestamo.com\/blog\/colombia-mayor-2023-cuando-pagan-el-beneficio\/#breadcrumb"},"inLanguage":"es-AR","potentialAction":[{"@type":"ReadAction","target":["https:\/\/alprestamo.com\/blog\/colombia-mayor-2023-cuando-pagan-el-beneficio\/"]}]},{"@type":"ImageObject","inLanguage":"es-AR","@id":"https:\/\/alprestamo.com\/blog\/colombia-mayor-2023-cuando-pagan-el-beneficio\/#primaryimage","url":"https:\/\/alprestamo.com\/blog\/wp-content\/uploads\/2023\/02\/Colombia-Mayor-2023-cua\u0301ndo-pagan-el-beneficio.jpeg","contentUrl":"https:\/\/alprestamo.com\/blog\/wp-content\/uploads\/2023\/02\/Colombia-Mayor-2023-cua\u0301ndo-pagan-el-beneficio.jpeg","width":1920,"height":1079,"caption":"Colombia Mayor 2023- cua\u0301ndo pagan el beneficio"},{"@type":"BreadcrumbList","@id":"https:\/\/alprestamo.com\/blog\/colombia-mayor-2023-cuando-pagan-el-beneficio\/#breadcrumb","itemListElement":[{"@type":"ListItem","position":1,"name":"Home","item":"https:\/\/alprestamo.com\/blog\/"},{"@type":"ListItem","position":2,"name":"Colombia Mayor 2023: cu\u00e1ndo pagan el beneficio"}]},{"@type":"WebSite","@id":"https:\/\/alprestamo.com\/blog\/#website","url":"https:\/\/alprestamo.com\/blog\/","name":"Alprestamo","description":"Hacemos que todo suceda","publisher":{"@id":"https:\/\/alprestamo.com\/blog\/#organization"},"potentialAction":[{"@type":"SearchAction","target":{"@type":"EntryPoint","urlTemplate":"https:\/\/alprestamo.com\/blog\/?s={search_term_string}"},"query-input":"required name=search_term_string"}],"inLanguage":"es-AR"},{"@type":"Organization","@id":"https:\/\/alprestamo.com\/blog\/#organization","name":"Alprestamo","url":"https:\/\/alprestamo.com\/blog\/","logo":{"@type":"ImageObject","inLanguage":"es-AR","@id":"https:\/\/alprestamo.com\/blog\/#\/schema\/logo\/image\/","url":"https:\/\/alprestamo.com\/blog\/wp-content\/uploads\/2022\/10\/Imagotipo_Blanco.svg","contentUrl":"https:\/\/alprestamo.com\/blog\/wp-content\/uploads\/2022\/10\/Imagotipo_Blanco.svg","width":1199,"height":203,"caption":"Alprestamo"},"image":{"@id":"https:\/\/alprestamo.com\/blog\/#\/schema\/logo\/image\/"}},{"@type":"Person","@id":"https:\/\/alprestamo.com\/blog\/#\/schema\/person\/86edda628d7db14ad76fcc0be09cf939","name":"admin","image":{"@type":"ImageObject","inLanguage":"es-AR","@id":"https:\/\/alprestamo.com\/blog\/#\/schema\/person\/image\/","url":"https:\/\/secure.gravatar.com\/avatar\/72868a6451caea79ae74926511fb9e4a?s=96&d=mm&r=g","contentUrl":"https:\/\/secure.gravatar.com\/avatar\/72868a6451caea79ae74926511fb9e4a?s=96&d=mm&r=g","caption":"admin"},"sameAs":["https:\/\/alprestamo.com\/blog"],"url":"https:\/\/alprestamo.com\/blog\/author\/admin\/"}]}},"uagb_featured_image_src":{"full":["https:\/\/alprestamo.com\/blog\/wp-content\/uploads\/2023\/02\/Colombia-Mayor-2023-cua\u0301ndo-pagan-el-beneficio.jpeg",1920,1079,false],"thumbnail":["https:\/\/alprestamo.com\/blog\/wp-content\/uploads\/2023\/02\/Colombia-Mayor-2023-cua\u0301ndo-pagan-el-beneficio-150x150.jpeg",150,150,true],"medium":["https:\/\/alprestamo.com\/blog\/wp-content\/uploads\/2023\/02\/Colombia-Mayor-2023-cua\u0301ndo-pagan-el-beneficio-300x169.jpeg",300,169,true],"medium_large":["https:\/\/alprestamo.com\/blog\/wp-content\/uploads\/2023\/02\/Colombia-Mayor-2023-cua\u0301ndo-pagan-el-beneficio-768x432.jpeg",768,432,true],"large":["https:\/\/alprestamo.com\/blog\/wp-content\/uploads\/2023\/02\/Colombia-Mayor-2023-cua\u0301ndo-pagan-el-beneficio-1024x575.jpeg",1024,575,true],"1536x1536":["https:\/\/alprestamo.com\/blog\/wp-content\/uploads\/2023\/02\/Colombia-Mayor-2023-cua\u0301ndo-pagan-el-beneficio-1536x863.jpeg",1536,863,true],"2048x2048":["https:\/\/alprestamo.com\/blog\/wp-content\/uploads\/2023\/02\/Colombia-Mayor-2023-cua\u0301ndo-pagan-el-beneficio.jpeg",1920,1079,false]},"uagb_author_info":{"display_name":"admin","author_link":"https:\/\/alprestamo.com\/blog\/author\/admin\/"},"uagb_comment_info":0,"uagb_excerpt":"Estamos a mitad del mes de febrero y muchas personas quieren saber cu\u00e1ndo se paga el primer giro de Colombia Mayor, programa de Protecci\u00f3n Social al Adulto Mayor que ayuda a miles de beneficiarios en el pa\u00eds. Ya se ha confirmado desde Prosperidad Social que el programa contin\u00faa y que se encuentran realizando el cronograma&hellip;","rttpg_featured_image_url":{"full":["https:\/\/alprestamo.com\/blog\/wp-content\/uploads\/2023\/02\/Colombia-Mayor-2023-cua\u0301ndo-pagan-el-beneficio.jpeg",1920,1079,false],"landscape":["https:\/\/alprestamo.com\/blog\/wp-content\/uploads\/2023\/02\/Colombia-Mayor-2023-cua\u0301ndo-pagan-el-beneficio.jpeg",1920,1079,false],"portraits":["https:\/\/alprestamo.com\/blog\/wp-content\/uploads\/2023\/02\/Colombia-Mayor-2023-cua\u0301ndo-pagan-el-beneficio.jpeg",1920,1079,false],"thumbnail":["https:\/\/alprestamo.com\/blog\/wp-content\/uploads\/2023\/02\/Colombia-Mayor-2023-cua\u0301ndo-pagan-el-beneficio-150x150.jpeg",150,150,true],"medium":["https:\/\/alprestamo.com\/blog\/wp-content\/uploads\/2023\/02\/Colombia-Mayor-2023-cua\u0301ndo-pagan-el-beneficio-300x169.jpeg",300,169,true],"large":["https:\/\/alprestamo.com\/blog\/wp-content\/uploads\/2023\/02\/Colombia-Mayor-2023-cua\u0301ndo-pagan-el-beneficio-1024x575.jpeg",1024,575,true],"1536x1536":["https:\/\/alprestamo.com\/blog\/wp-content\/uploads\/2023\/02\/Colombia-Mayor-2023-cua\u0301ndo-pagan-el-beneficio-1536x863.jpeg",1536,863,true],"2048x2048":["https:\/\/alprestamo.com\/blog\/wp-content\/uploads\/2023\/02\/Colombia-Mayor-2023-cua\u0301ndo-pagan-el-beneficio.jpeg",1920,1079,false],"rt_custom":["https:\/\/alprestamo.com\/blog\/wp-content\/uploads\/2023\/02\/Colombia-Mayor-2023-cua\u0301ndo-pagan-el-beneficio.jpeg",1920,1079,false]},"rttpg_author":{"display_name":"admin","author_link":"https:\/\/alprestamo.com\/blog\/author\/admin\/"},"rttpg_comment":0,"rttpg_category":"<a href=\"https:\/\/alprestamo.com\/blog\/categoria\/co\/\" rel=\"category tag\">CO<\/a> <a href=\"https:\/\/alprestamo.com\/blog\/categoria\/co\/programas-sociales\/\" rel=\"category tag\">Programas sociales<\/a>","rttpg_excerpt":"Estamos a mitad del mes de febrero y muchas personas quieren saber cu\u00e1ndo se paga el primer giro de Colombia Mayor, programa de Protecci\u00f3n Social al Adulto Mayor que ayuda a miles de beneficiarios en el pa\u00eds. Ya se ha confirmado desde Prosperidad Social que el programa contin\u00faa y que se encuentran realizando el cronograma&hellip;","_links":{"self":[{"href":"https:\/\/alprestamo.com\/blog\/wp-json\/wp\/v2\/posts\/20624"}],"collection":[{"href":"https:\/\/alprestamo.com\/blog\/wp-json\/wp\/v2\/posts"}],"about":[{"href":"https:\/\/alprestamo.com\/blog\/wp-json\/wp\/v2\/types\/post"}],"author":[{"embeddable":true,"href":"https:\/\/alprestamo.com\/blog\/wp-json\/wp\/v2\/users\/1"}],"replies":[{"embeddable":true,"href":"https:\/\/alprestamo.com\/blog\/wp-json\/wp\/v2\/comments?post=20624"}],"version-history":[{"count":0,"href":"https:\/\/alprestamo.com\/blog\/wp-json\/wp\/v2\/posts\/20624\/revisions"}],"wp:featuredmedia":[{"embeddable":true,"href":"https:\/\/alprestamo.com\/blog\/wp-json\/wp\/v2\/media\/20626"}],"wp:attachment":[{"href":"https:\/\/alprestamo.com\/blog\/wp-json\/wp\/v2\/media?parent=20624"}],"wp:term":[{"taxonomy":"category","embeddable":true,"href":"https:\/\/alprestamo.com\/blog\/wp-json\/wp\/v2\/categories?post=20624"},{"taxonomy":"post_tag","embeddable":true,"href":"https:\/\/alprestamo.com\/blog\/wp-json\/wp\/v2\/tags?post=20624"}],"curies":[{"name":"wp","href":"https:\/\/api.w.org\/{rel}","templated":true}]}}