{"id":20738,"date":"2023-02-22T11:07:54","date_gmt":"2023-02-22T14:07:54","guid":{"rendered":"https:\/\/alprestamo.com\/blog\/uncategorized\/anuncian-cambios-para-mi-casa-ya-quienes-seran-los-nuevos-beneficiarios\/"},"modified":"2023-02-22T11:07:54","modified_gmt":"2023-02-22T14:07:54","slug":"anuncian-cambios-para-mi-casa-ya-quienes-seran-los-nuevos-beneficiarios","status":"publish","type":"post","link":"https:\/\/alprestamo.com\/blog\/anuncian-cambios-para-mi-casa-ya-quienes-seran-los-nuevos-beneficiarios\/","title":{"rendered":"Anuncian cambios para Mi Casa Ya: \u00bfQui\u00e9nes ser\u00e1n los nuevos beneficiarios?"},"content":{"rendered":"\n<p>Los subsidios de Mi Casa Ya s\u00ed se mantendr\u00e1n en este Gobierno de Gustavo Petro. Sin embargo, el Ministerio de Vivienda anunci\u00f3 cambios en los requisitos para acceder al beneficio para que las personas m\u00e1s vulnerables del pa\u00eds tengan m\u00e1s facilidades de tener casa propia.<\/p>\n\n\n\n<p>El programa seguir\u00e1 dirigido a colombianos que no hayan sido beneficiarios de un subsidio de vivienda o cobertura a la tasa de inter\u00e9s en otras ocasiones ni que sean propietarios de inmuebles.<\/p>\n\n\n\n<p>Desde ahora, el hogar interesado debe estar registrado en el Sistema de Identificaci\u00f3n de Potenciales Beneficiarios de Programas Sociales (Sisb\u00e9n IV), y tener una clasificaci\u00f3n igual o inferior a D11 para hogares urbanos y D20 para hogares rurales.&nbsp;<\/p>\n\n\n\n<p>En contexto: Las ventas de vivienda nueva descendieron 50 por ciento en enero<\/p>\n\n\n\n<p>Si un ciudadano quiere ser beneficiario, debe buscar en el mercado inmobiliario la vivienda de inter\u00e9s social o prioritario que prefiera, luego debe acercarse a la entidad financiera o de econom\u00eda solidaria de preferencia, o a la caja de compensaci\u00f3n familiar, donde tramitar\u00e1 el cr\u00e9dito hipotecario o leasing habitacional.<\/p>\n\n\n\n<p>Lo que ofrece Mi Casa Ya<\/p>\n\n\n\n<p>Existen dos modalidades. El primero es un subsidio a la cuota inicial que su monto depender\u00e1 de la calificaci\u00f3n que el beneficiario tenga en el Sisb\u00e9n.<\/p>\n\n\n\n<p>En \u00e1reas urbanas, los hogares en Sisb\u00e9n clasificados entre los grupos A1 y C7 reciben un subsidio de 30 salarios m\u00ednimos mensuales legales vigentes, es decir 34,8 millones de pesos en 2023, para el pago de su cuota inicial. Por su parte, los hogares con una clasificaci\u00f3n de Sisb\u00e9n entre C8 y D11 tendr\u00e1n un subsidio correspondiente a 20 SMMLV o 23,2 millones de pesos.<\/p>\n\n\n\n<p>Le puede interesar: \u00bfC\u00f3mo comprar una Vivienda de Inter\u00e9s Social?<\/p>\n\n\n\n<p>En \u00e1reas rurales, aquellos con Sisb\u00e9n entre A1 y C14 reciben un subsidio de 30 SMMLV, mientras que a los que tienen una clasificaci\u00f3n de Sisb\u00e9n entre C15 y D20, se les otorgar\u00e1 un subsidio de 20 SMMLV.<\/p>\n\n\n\n<p>El otro beneficio es la tasa de inter\u00e9s del cr\u00e9dito hipotecario o leasing por los primeros siete a\u00f1os. Si el inmueble adquirido es vivienda de inter\u00e9s prioritario (VIP) la cobertura ser\u00e1 de 5 puntos porcentuales sobre la tasa pactada con la entidad financiera. Si es vivienda de inter\u00e9s social (VIS) de m\u00e1s de 90 millones de pesos, el beneficio ser\u00e1 de 4 puntos porcentuales.<\/p>\n\n\n\n<p>A todo hogar interesado en el programa se le asignar\u00e1 un puntaje de 0 a 100. Los subsidios se entregar\u00e1n a los interesados con m\u00e1s puntos.<\/p>\n\n\n\n<p>Ser\u00e1 fundamental su puntaje en el Sisb\u00e9n y si usted es v\u00edctima del conflicto, mujer cabeza de hogar, persona de la tercera edad, ind\u00edgena, entre otras poblaciones vulnerables, su solicitud ante el Ministerio de Vivienda tendr\u00e1 m\u00e1s prioridad, es decir, tiene m\u00e1s chance de que le aprueben el subsidio.<\/p>\n\n\n\n<p>Los nuevos sistemas de puntos tambi\u00e9n priorizan a los hogares de zonas rurales y a los habitantes de municipios de categor\u00eda 5 y 6.<\/p>\n","protected":false},"excerpt":{"rendered":"<p>Los subsidios de Mi Casa Ya s\u00ed se mantendr\u00e1n en este Gobierno de Gustavo Petro. Sin embargo, el Ministerio de Vivienda anunci\u00f3 cambios en los requisitos para acceder al beneficio para que las personas m\u00e1s vulnerables del pa\u00eds tengan m\u00e1s facilidades de tener casa propia. El programa seguir\u00e1 dirigido a colombianos que no hayan sido &hellip;<\/p>\n<p class=\"read-more\"> <a class=\"\" href=\"https:\/\/alprestamo.com\/blog\/anuncian-cambios-para-mi-casa-ya-quienes-seran-los-nuevos-beneficiarios\/\"> <span class=\"screen-reader-text\">Anuncian cambios para Mi Casa Ya: \u00bfQui\u00e9nes ser\u00e1n los nuevos beneficiarios?<\/span> Leer m\u00e1s &raquo;<\/a><\/p>\n","protected":false},"author":1,"featured_media":20740,"comment_status":"closed","ping_status":"closed","sticky":false,"template":"","format":"standard","meta":{"_uag_custom_page_level_css":"","site-sidebar-layout":"default","site-content-layout":"default","ast-global-header-display":"","ast-banner-title-visibility":"","ast-main-header-display":"","ast-hfb-above-header-display":"","ast-hfb-below-header-display":"","ast-hfb-mobile-header-display":"","site-post-title":"","ast-breadcrumbs-content":"","ast-featured-img":"","footer-sml-layout":"","theme-transparent-header-meta":"","adv-header-id-meta":"","stick-header-meta":"","header-above-stick-meta":"","header-main-stick-meta":"","header-below-stick-meta":"","footnotes":""},"categories":[98,100],"tags":[],"class_list":["post-20738","post","type-post","status-publish","format-standard","has-post-thumbnail","hentry","category-co","category-programas-sociales"],"acf":[],"yoast_head":"<!-- This site is optimized with the Yoast SEO plugin v23.2 - https:\/\/yoast.com\/wordpress\/plugins\/seo\/ -->\n<title>Anuncian cambios para Mi Casa Ya: \u00bfQui\u00e9nes ser\u00e1n los nuevos beneficiarios?<\/title>\n<meta name=\"description\" content=\"Los subsidios de Mi Casa Ya s\u00ed se mantendr\u00e1n en este Gobierno de Gustavo Petro. Sin embargo, el Ministerio de Vivienda anunci\u00f3 cambios en los requisitos\" \/>\n<meta name=\"robots\" content=\"index, follow, max-snippet:-1, max-image-preview:large, max-video-preview:-1\" \/>\n<link rel=\"canonical\" href=\"https:\/\/alprestamo.com\/blog\/anuncian-cambios-para-mi-casa-ya-quienes-seran-los-nuevos-beneficiarios\/\" \/>\n<meta property=\"og:locale\" content=\"es_ES\" \/>\n<meta property=\"og:type\" content=\"article\" \/>\n<meta property=\"og:title\" content=\"Anuncian cambios para Mi Casa Ya: \u00bfQui\u00e9nes ser\u00e1n los nuevos beneficiarios?\" \/>\n<meta property=\"og:description\" content=\"Los subsidios de Mi Casa Ya s\u00ed se mantendr\u00e1n en este Gobierno de Gustavo Petro. Sin embargo, el Ministerio de Vivienda anunci\u00f3 cambios en los requisitos\" \/>\n<meta property=\"og:url\" content=\"https:\/\/alprestamo.com\/blog\/anuncian-cambios-para-mi-casa-ya-quienes-seran-los-nuevos-beneficiarios\/\" \/>\n<meta property=\"og:site_name\" content=\"Alprestamo - Hacemos que todo suceda\" \/>\n<meta property=\"article:published_time\" content=\"2023-02-22T14:07:54+00:00\" \/>\n<meta property=\"og:image\" content=\"https:\/\/alprestamo.com\/blog\/wp-content\/uploads\/2023\/02\/co-categoria.jpeg\" \/>\n\t<meta property=\"og:image:width\" content=\"700\" \/>\n\t<meta property=\"og:image:height\" content=\"613\" \/>\n\t<meta property=\"og:image:type\" content=\"image\/jpeg\" \/>\n<meta name=\"author\" content=\"admin\" \/>\n<meta name=\"twitter:card\" content=\"summary_large_image\" \/>\n<meta name=\"twitter:label1\" content=\"Escrito por\" \/>\n\t<meta name=\"twitter:data1\" content=\"admin\" \/>\n\t<meta name=\"twitter:label2\" content=\"Tiempo de lectura\" \/>\n\t<meta name=\"twitter:data2\" content=\"3 minutos\" \/>\n<script type=\"application\/ld+json\" class=\"yoast-schema-graph\">{\"@context\":\"https:\/\/schema.org\",\"@graph\":[{\"@type\":\"NewsArticle\",\"@id\":\"https:\/\/alprestamo.com\/blog\/anuncian-cambios-para-mi-casa-ya-quienes-seran-los-nuevos-beneficiarios\/#article\",\"isPartOf\":{\"@id\":\"https:\/\/alprestamo.com\/blog\/anuncian-cambios-para-mi-casa-ya-quienes-seran-los-nuevos-beneficiarios\/\"},\"author\":{\"name\":\"admin\",\"@id\":\"https:\/\/alprestamo.com\/blog\/#\/schema\/person\/86edda628d7db14ad76fcc0be09cf939\"},\"headline\":\"Anuncian cambios para Mi Casa Ya: \u00bfQui\u00e9nes ser\u00e1n los nuevos beneficiarios?\",\"datePublished\":\"2023-02-22T14:07:54+00:00\",\"dateModified\":\"2023-02-22T14:07:54+00:00\",\"mainEntityOfPage\":{\"@id\":\"https:\/\/alprestamo.com\/blog\/anuncian-cambios-para-mi-casa-ya-quienes-seran-los-nuevos-beneficiarios\/\"},\"wordCount\":523,\"publisher\":{\"@id\":\"https:\/\/alprestamo.com\/blog\/#organization\"},\"image\":{\"@id\":\"https:\/\/alprestamo.com\/blog\/anuncian-cambios-para-mi-casa-ya-quienes-seran-los-nuevos-beneficiarios\/#primaryimage\"},\"thumbnailUrl\":\"https:\/\/alprestamo.com\/blog\/wp-content\/uploads\/2023\/02\/co-categoria.jpeg\",\"articleSection\":[\"CO\",\"Programas sociales\"],\"inLanguage\":\"es-AR\"},{\"@type\":\"WebPage\",\"@id\":\"https:\/\/alprestamo.com\/blog\/anuncian-cambios-para-mi-casa-ya-quienes-seran-los-nuevos-beneficiarios\/\",\"url\":\"https:\/\/alprestamo.com\/blog\/anuncian-cambios-para-mi-casa-ya-quienes-seran-los-nuevos-beneficiarios\/\",\"name\":\"Anuncian cambios para Mi Casa Ya: \u00bfQui\u00e9nes ser\u00e1n los nuevos beneficiarios?\",\"isPartOf\":{\"@id\":\"https:\/\/alprestamo.com\/blog\/#website\"},\"primaryImageOfPage\":{\"@id\":\"https:\/\/alprestamo.com\/blog\/anuncian-cambios-para-mi-casa-ya-quienes-seran-los-nuevos-beneficiarios\/#primaryimage\"},\"image\":{\"@id\":\"https:\/\/alprestamo.com\/blog\/anuncian-cambios-para-mi-casa-ya-quienes-seran-los-nuevos-beneficiarios\/#primaryimage\"},\"thumbnailUrl\":\"https:\/\/alprestamo.com\/blog\/wp-content\/uploads\/2023\/02\/co-categoria.jpeg\",\"datePublished\":\"2023-02-22T14:07:54+00:00\",\"dateModified\":\"2023-02-22T14:07:54+00:00\",\"description\":\"Los subsidios de Mi Casa Ya s\u00ed se mantendr\u00e1n en este Gobierno de Gustavo Petro. Sin embargo, el Ministerio de Vivienda anunci\u00f3 cambios en los requisitos\",\"breadcrumb\":{\"@id\":\"https:\/\/alprestamo.com\/blog\/anuncian-cambios-para-mi-casa-ya-quienes-seran-los-nuevos-beneficiarios\/#breadcrumb\"},\"inLanguage\":\"es-AR\",\"potentialAction\":[{\"@type\":\"ReadAction\",\"target\":[\"https:\/\/alprestamo.com\/blog\/anuncian-cambios-para-mi-casa-ya-quienes-seran-los-nuevos-beneficiarios\/\"]}]},{\"@type\":\"ImageObject\",\"inLanguage\":\"es-AR\",\"@id\":\"https:\/\/alprestamo.com\/blog\/anuncian-cambios-para-mi-casa-ya-quienes-seran-los-nuevos-beneficiarios\/#primaryimage\",\"url\":\"https:\/\/alprestamo.com\/blog\/wp-content\/uploads\/2023\/02\/co-categoria.jpeg\",\"contentUrl\":\"https:\/\/alprestamo.com\/blog\/wp-content\/uploads\/2023\/02\/co-categoria.jpeg\",\"width\":700,\"height\":613,\"caption\":\"co-categoria\"},{\"@type\":\"BreadcrumbList\",\"@id\":\"https:\/\/alprestamo.com\/blog\/anuncian-cambios-para-mi-casa-ya-quienes-seran-los-nuevos-beneficiarios\/#breadcrumb\",\"itemListElement\":[{\"@type\":\"ListItem\",\"position\":1,\"name\":\"Home\",\"item\":\"https:\/\/alprestamo.com\/blog\/\"},{\"@type\":\"ListItem\",\"position\":2,\"name\":\"Anuncian cambios para Mi Casa Ya: \u00bfQui\u00e9nes ser\u00e1n los nuevos beneficiarios?\"}]},{\"@type\":\"WebSite\",\"@id\":\"https:\/\/alprestamo.com\/blog\/#website\",\"url\":\"https:\/\/alprestamo.com\/blog\/\",\"name\":\"Alprestamo\",\"description\":\"Hacemos que todo suceda\",\"publisher\":{\"@id\":\"https:\/\/alprestamo.com\/blog\/#organization\"},\"potentialAction\":[{\"@type\":\"SearchAction\",\"target\":{\"@type\":\"EntryPoint\",\"urlTemplate\":\"https:\/\/alprestamo.com\/blog\/?s={search_term_string}\"},\"query-input\":\"required name=search_term_string\"}],\"inLanguage\":\"es-AR\"},{\"@type\":\"Organization\",\"@id\":\"https:\/\/alprestamo.com\/blog\/#organization\",\"name\":\"Alprestamo\",\"url\":\"https:\/\/alprestamo.com\/blog\/\",\"logo\":{\"@type\":\"ImageObject\",\"inLanguage\":\"es-AR\",\"@id\":\"https:\/\/alprestamo.com\/blog\/#\/schema\/logo\/image\/\",\"url\":\"https:\/\/alprestamo.com\/blog\/wp-content\/uploads\/2022\/10\/Imagotipo_Blanco.svg\",\"contentUrl\":\"https:\/\/alprestamo.com\/blog\/wp-content\/uploads\/2022\/10\/Imagotipo_Blanco.svg\",\"width\":1199,\"height\":203,\"caption\":\"Alprestamo\"},\"image\":{\"@id\":\"https:\/\/alprestamo.com\/blog\/#\/schema\/logo\/image\/\"}},{\"@type\":\"Person\",\"@id\":\"https:\/\/alprestamo.com\/blog\/#\/schema\/person\/86edda628d7db14ad76fcc0be09cf939\",\"name\":\"admin\",\"image\":{\"@type\":\"ImageObject\",\"inLanguage\":\"es-AR\",\"@id\":\"https:\/\/alprestamo.com\/blog\/#\/schema\/person\/image\/\",\"url\":\"https:\/\/secure.gravatar.com\/avatar\/72868a6451caea79ae74926511fb9e4a?s=96&d=mm&r=g\",\"contentUrl\":\"https:\/\/secure.gravatar.com\/avatar\/72868a6451caea79ae74926511fb9e4a?s=96&d=mm&r=g\",\"caption\":\"admin\"},\"sameAs\":[\"https:\/\/alprestamo.com\/blog\"],\"url\":\"https:\/\/alprestamo.com\/blog\/author\/admin\/\"}]}<\/script>\n<!-- \/ Yoast SEO plugin. -->","yoast_head_json":{"title":"Anuncian cambios para Mi Casa Ya: \u00bfQui\u00e9nes ser\u00e1n los nuevos beneficiarios?","description":"Los subsidios de Mi Casa Ya s\u00ed se mantendr\u00e1n en este Gobierno de Gustavo Petro. Sin embargo, el Ministerio de Vivienda anunci\u00f3 cambios en los requisitos","robots":{"index":"index","follow":"follow","max-snippet":"max-snippet:-1","max-image-preview":"max-image-preview:large","max-video-preview":"max-video-preview:-1"},"canonical":"https:\/\/alprestamo.com\/blog\/anuncian-cambios-para-mi-casa-ya-quienes-seran-los-nuevos-beneficiarios\/","og_locale":"es_ES","og_type":"article","og_title":"Anuncian cambios para Mi Casa Ya: \u00bfQui\u00e9nes ser\u00e1n los nuevos beneficiarios?","og_description":"Los subsidios de Mi Casa Ya s\u00ed se mantendr\u00e1n en este Gobierno de Gustavo Petro. Sin embargo, el Ministerio de Vivienda anunci\u00f3 cambios en los requisitos","og_url":"https:\/\/alprestamo.com\/blog\/anuncian-cambios-para-mi-casa-ya-quienes-seran-los-nuevos-beneficiarios\/","og_site_name":"Alprestamo - Hacemos que todo suceda","article_published_time":"2023-02-22T14:07:54+00:00","og_image":[{"width":700,"height":613,"url":"https:\/\/alprestamo.com\/blog\/wp-content\/uploads\/2023\/02\/co-categoria.jpeg","type":"image\/jpeg"}],"author":"admin","twitter_card":"summary_large_image","twitter_misc":{"Escrito por":"admin","Tiempo de lectura":"3 minutos"},"schema":{"@context":"https:\/\/schema.org","@graph":[{"@type":"NewsArticle","@id":"https:\/\/alprestamo.com\/blog\/anuncian-cambios-para-mi-casa-ya-quienes-seran-los-nuevos-beneficiarios\/#article","isPartOf":{"@id":"https:\/\/alprestamo.com\/blog\/anuncian-cambios-para-mi-casa-ya-quienes-seran-los-nuevos-beneficiarios\/"},"author":{"name":"admin","@id":"https:\/\/alprestamo.com\/blog\/#\/schema\/person\/86edda628d7db14ad76fcc0be09cf939"},"headline":"Anuncian cambios para Mi Casa Ya: \u00bfQui\u00e9nes ser\u00e1n los nuevos beneficiarios?","datePublished":"2023-02-22T14:07:54+00:00","dateModified":"2023-02-22T14:07:54+00:00","mainEntityOfPage":{"@id":"https:\/\/alprestamo.com\/blog\/anuncian-cambios-para-mi-casa-ya-quienes-seran-los-nuevos-beneficiarios\/"},"wordCount":523,"publisher":{"@id":"https:\/\/alprestamo.com\/blog\/#organization"},"image":{"@id":"https:\/\/alprestamo.com\/blog\/anuncian-cambios-para-mi-casa-ya-quienes-seran-los-nuevos-beneficiarios\/#primaryimage"},"thumbnailUrl":"https:\/\/alprestamo.com\/blog\/wp-content\/uploads\/2023\/02\/co-categoria.jpeg","articleSection":["CO","Programas sociales"],"inLanguage":"es-AR"},{"@type":"WebPage","@id":"https:\/\/alprestamo.com\/blog\/anuncian-cambios-para-mi-casa-ya-quienes-seran-los-nuevos-beneficiarios\/","url":"https:\/\/alprestamo.com\/blog\/anuncian-cambios-para-mi-casa-ya-quienes-seran-los-nuevos-beneficiarios\/","name":"Anuncian cambios para Mi Casa Ya: \u00bfQui\u00e9nes ser\u00e1n los nuevos beneficiarios?","isPartOf":{"@id":"https:\/\/alprestamo.com\/blog\/#website"},"primaryImageOfPage":{"@id":"https:\/\/alprestamo.com\/blog\/anuncian-cambios-para-mi-casa-ya-quienes-seran-los-nuevos-beneficiarios\/#primaryimage"},"image":{"@id":"https:\/\/alprestamo.com\/blog\/anuncian-cambios-para-mi-casa-ya-quienes-seran-los-nuevos-beneficiarios\/#primaryimage"},"thumbnailUrl":"https:\/\/alprestamo.com\/blog\/wp-content\/uploads\/2023\/02\/co-categoria.jpeg","datePublished":"2023-02-22T14:07:54+00:00","dateModified":"2023-02-22T14:07:54+00:00","description":"Los subsidios de Mi Casa Ya s\u00ed se mantendr\u00e1n en este Gobierno de Gustavo Petro. Sin embargo, el Ministerio de Vivienda anunci\u00f3 cambios en los requisitos","breadcrumb":{"@id":"https:\/\/alprestamo.com\/blog\/anuncian-cambios-para-mi-casa-ya-quienes-seran-los-nuevos-beneficiarios\/#breadcrumb"},"inLanguage":"es-AR","potentialAction":[{"@type":"ReadAction","target":["https:\/\/alprestamo.com\/blog\/anuncian-cambios-para-mi-casa-ya-quienes-seran-los-nuevos-beneficiarios\/"]}]},{"@type":"ImageObject","inLanguage":"es-AR","@id":"https:\/\/alprestamo.com\/blog\/anuncian-cambios-para-mi-casa-ya-quienes-seran-los-nuevos-beneficiarios\/#primaryimage","url":"https:\/\/alprestamo.com\/blog\/wp-content\/uploads\/2023\/02\/co-categoria.jpeg","contentUrl":"https:\/\/alprestamo.com\/blog\/wp-content\/uploads\/2023\/02\/co-categoria.jpeg","width":700,"height":613,"caption":"co-categoria"},{"@type":"BreadcrumbList","@id":"https:\/\/alprestamo.com\/blog\/anuncian-cambios-para-mi-casa-ya-quienes-seran-los-nuevos-beneficiarios\/#breadcrumb","itemListElement":[{"@type":"ListItem","position":1,"name":"Home","item":"https:\/\/alprestamo.com\/blog\/"},{"@type":"ListItem","position":2,"name":"Anuncian cambios para Mi Casa Ya: \u00bfQui\u00e9nes ser\u00e1n los nuevos beneficiarios?"}]},{"@type":"WebSite","@id":"https:\/\/alprestamo.com\/blog\/#website","url":"https:\/\/alprestamo.com\/blog\/","name":"Alprestamo","description":"Hacemos que todo suceda","publisher":{"@id":"https:\/\/alprestamo.com\/blog\/#organization"},"potentialAction":[{"@type":"SearchAction","target":{"@type":"EntryPoint","urlTemplate":"https:\/\/alprestamo.com\/blog\/?s={search_term_string}"},"query-input":"required name=search_term_string"}],"inLanguage":"es-AR"},{"@type":"Organization","@id":"https:\/\/alprestamo.com\/blog\/#organization","name":"Alprestamo","url":"https:\/\/alprestamo.com\/blog\/","logo":{"@type":"ImageObject","inLanguage":"es-AR","@id":"https:\/\/alprestamo.com\/blog\/#\/schema\/logo\/image\/","url":"https:\/\/alprestamo.com\/blog\/wp-content\/uploads\/2022\/10\/Imagotipo_Blanco.svg","contentUrl":"https:\/\/alprestamo.com\/blog\/wp-content\/uploads\/2022\/10\/Imagotipo_Blanco.svg","width":1199,"height":203,"caption":"Alprestamo"},"image":{"@id":"https:\/\/alprestamo.com\/blog\/#\/schema\/logo\/image\/"}},{"@type":"Person","@id":"https:\/\/alprestamo.com\/blog\/#\/schema\/person\/86edda628d7db14ad76fcc0be09cf939","name":"admin","image":{"@type":"ImageObject","inLanguage":"es-AR","@id":"https:\/\/alprestamo.com\/blog\/#\/schema\/person\/image\/","url":"https:\/\/secure.gravatar.com\/avatar\/72868a6451caea79ae74926511fb9e4a?s=96&d=mm&r=g","contentUrl":"https:\/\/secure.gravatar.com\/avatar\/72868a6451caea79ae74926511fb9e4a?s=96&d=mm&r=g","caption":"admin"},"sameAs":["https:\/\/alprestamo.com\/blog"],"url":"https:\/\/alprestamo.com\/blog\/author\/admin\/"}]}},"uagb_featured_image_src":{"full":["https:\/\/alprestamo.com\/blog\/wp-content\/uploads\/2023\/02\/co-categoria.jpeg",700,613,false],"thumbnail":["https:\/\/alprestamo.com\/blog\/wp-content\/uploads\/2023\/02\/co-categoria-150x150.jpeg",150,150,true],"medium":["https:\/\/alprestamo.com\/blog\/wp-content\/uploads\/2023\/02\/co-categoria-300x263.jpeg",300,263,true],"medium_large":["https:\/\/alprestamo.com\/blog\/wp-content\/uploads\/2023\/02\/co-categoria.jpeg",700,613,false],"large":["https:\/\/alprestamo.com\/blog\/wp-content\/uploads\/2023\/02\/co-categoria.jpeg",700,613,false],"1536x1536":["https:\/\/alprestamo.com\/blog\/wp-content\/uploads\/2023\/02\/co-categoria.jpeg",700,613,false],"2048x2048":["https:\/\/alprestamo.com\/blog\/wp-content\/uploads\/2023\/02\/co-categoria.jpeg",700,613,false]},"uagb_author_info":{"display_name":"admin","author_link":"https:\/\/alprestamo.com\/blog\/author\/admin\/"},"uagb_comment_info":0,"uagb_excerpt":"Los subsidios de Mi Casa Ya s\u00ed se mantendr\u00e1n en este Gobierno de Gustavo Petro. Sin embargo, el Ministerio de Vivienda anunci\u00f3 cambios en los requisitos para acceder al beneficio para que las personas m\u00e1s vulnerables del pa\u00eds tengan m\u00e1s facilidades de tener casa propia. El programa seguir\u00e1 dirigido a colombianos que no hayan sido&hellip;","rttpg_featured_image_url":{"full":["https:\/\/alprestamo.com\/blog\/wp-content\/uploads\/2023\/02\/co-categoria.jpeg",700,613,false],"landscape":["https:\/\/alprestamo.com\/blog\/wp-content\/uploads\/2023\/02\/co-categoria.jpeg",700,613,false],"portraits":["https:\/\/alprestamo.com\/blog\/wp-content\/uploads\/2023\/02\/co-categoria.jpeg",700,613,false],"thumbnail":["https:\/\/alprestamo.com\/blog\/wp-content\/uploads\/2023\/02\/co-categoria-150x150.jpeg",150,150,true],"medium":["https:\/\/alprestamo.com\/blog\/wp-content\/uploads\/2023\/02\/co-categoria-300x263.jpeg",300,263,true],"large":["https:\/\/alprestamo.com\/blog\/wp-content\/uploads\/2023\/02\/co-categoria.jpeg",700,613,false],"1536x1536":["https:\/\/alprestamo.com\/blog\/wp-content\/uploads\/2023\/02\/co-categoria.jpeg",700,613,false],"2048x2048":["https:\/\/alprestamo.com\/blog\/wp-content\/uploads\/2023\/02\/co-categoria.jpeg",700,613,false],"rt_custom":["https:\/\/alprestamo.com\/blog\/wp-content\/uploads\/2023\/02\/co-categoria.jpeg",700,613,false]},"rttpg_author":{"display_name":"admin","author_link":"https:\/\/alprestamo.com\/blog\/author\/admin\/"},"rttpg_comment":0,"rttpg_category":"<a href=\"https:\/\/alprestamo.com\/blog\/categoria\/co\/\" rel=\"category tag\">CO<\/a> <a href=\"https:\/\/alprestamo.com\/blog\/categoria\/co\/programas-sociales\/\" rel=\"category tag\">Programas sociales<\/a>","rttpg_excerpt":"Los subsidios de Mi Casa Ya s\u00ed se mantendr\u00e1n en este Gobierno de Gustavo Petro. Sin embargo, el Ministerio de Vivienda anunci\u00f3 cambios en los requisitos para acceder al beneficio para que las personas m\u00e1s vulnerables del pa\u00eds tengan m\u00e1s facilidades de tener casa propia. El programa seguir\u00e1 dirigido a colombianos que no hayan sido&hellip;","_links":{"self":[{"href":"https:\/\/alprestamo.com\/blog\/wp-json\/wp\/v2\/posts\/20738"}],"collection":[{"href":"https:\/\/alprestamo.com\/blog\/wp-json\/wp\/v2\/posts"}],"about":[{"href":"https:\/\/alprestamo.com\/blog\/wp-json\/wp\/v2\/types\/post"}],"author":[{"embeddable":true,"href":"https:\/\/alprestamo.com\/blog\/wp-json\/wp\/v2\/users\/1"}],"replies":[{"embeddable":true,"href":"https:\/\/alprestamo.com\/blog\/wp-json\/wp\/v2\/comments?post=20738"}],"version-history":[{"count":0,"href":"https:\/\/alprestamo.com\/blog\/wp-json\/wp\/v2\/posts\/20738\/revisions"}],"wp:featuredmedia":[{"embeddable":true,"href":"https:\/\/alprestamo.com\/blog\/wp-json\/wp\/v2\/media\/20740"}],"wp:attachment":[{"href":"https:\/\/alprestamo.com\/blog\/wp-json\/wp\/v2\/media?parent=20738"}],"wp:term":[{"taxonomy":"category","embeddable":true,"href":"https:\/\/alprestamo.com\/blog\/wp-json\/wp\/v2\/categories?post=20738"},{"taxonomy":"post_tag","embeddable":true,"href":"https:\/\/alprestamo.com\/blog\/wp-json\/wp\/v2\/tags?post=20738"}],"curies":[{"name":"wp","href":"https:\/\/api.w.org\/{rel}","templated":true}]}}