{"id":20907,"date":"2023-02-28T11:46:28","date_gmt":"2023-02-28T14:46:28","guid":{"rendered":"https:\/\/alprestamo.com\/blog\/uncategorized\/que-beneficios-sociales-mantendra-el-gobierno-durante-2023\/"},"modified":"2023-02-28T11:46:28","modified_gmt":"2023-02-28T14:46:28","slug":"que-beneficios-sociales-mantendra-el-gobierno-durante-2023","status":"publish","type":"post","link":"https:\/\/alprestamo.com\/blog\/que-beneficios-sociales-mantendra-el-gobierno-durante-2023\/","title":{"rendered":"\u00bfQu\u00e9 beneficios sociales mantendr\u00e1 el gobierno durante 2023?"},"content":{"rendered":"\n<p>El gobierno anunci\u00f3 una serie de cambios en el mercado del superg\u00e1s y de beneficios sociales que se extender\u00e1n durante el 2023 en Uruguay, a pocos d\u00edas de que se termine un nuevo a\u00f1o y se informen los nuevos aumentos en las tarifas p\u00fablicas, en una conferencia de prensa de la que participaron el ministro de Industria, Energ\u00eda y Miner\u00eda (MIEM), Omar Paganini; el ministro de Desarrollo Social (Mides), Mart\u00edn Lema; y el presidente de la Administraci\u00f3n Nacional de Combustibles, Alcohol y Portland (ANCAP), Alejandro Stipanicic.<\/p>\n\n\n\n<p>Uno de los anuncios m\u00e1s importantes de la jornada fue el mantenimiento de ciertas pol\u00edticas y beneficios sociales respecto a las tarifas de energ\u00eda. As\u00ed, junto con el subsidio del 50% en la recarga del superg\u00e1s, tambi\u00e9n el bono social Mides-UTE se mantendr\u00e1 durante el 2023.<\/p>\n\n\n\n<p>Esta medida consiste en una bonificaci\u00f3n a la factura de energ\u00eda el\u00e9ctrica de los hogares m\u00e1s vulnerables asociados a diferentes programas Mides, al Plan de Inclusi\u00f3n Social y a otros colectivos que se han ido incorporando gradualmente al sistema. En total, se estiman m\u00e1s de 145.000 hogares que acceden a dicha bonificaci\u00f3n, con descuentos de hasta el 95%.<\/p>\n\n\n\n<p>Otra medida que tambi\u00e9n continuar\u00e1 durante el a\u00f1o pr\u00f3ximo es la eliminaci\u00f3n del tope de ingresos laborales para mantener las asignaciones familiares, que se implementa desde el pasado 1\u00b0 de enero.<\/p>\n\n\n\n<p><strong>Pr\u00f3rroga en los descuentos en la recarga del superg\u00e1s<\/strong><\/p>\n\n\n\n<p>Otro de los anuncios fue dado por Paganini, quien confirm\u00f3 que, como resultado del trabajo conjunto entre ANCAP, el MIEM y el Mides, se prorrogar\u00e1 el descuento del 50% en el precio de la recarga de superg\u00e1s, por lo menos durante los pr\u00f3ximos seis meses.<\/p>\n\n\n\n<p>Esta pr\u00f3rroga \u2014que permite una recarga por mes por hogar a mitad de precio\u2014 impactar\u00e1 a alrededor de 136.000 hogares que ya hicieron uso del beneficio desde junio, frente a los 8.000 que accedieron a \u00e9l en a\u00f1os anteriores, cuando el descuento era del 15%.<\/p>\n\n\n\n<p>Asimismo, ANCAP invertir\u00e1 1 mill\u00f3n de d\u00f3lares por mes para sostener la iniciativa \u2014gracias a su s\u00f3lida posici\u00f3n financiera\u2014, sin que esto signifique un encarecimiento del precio de la garrafa para el resto de la poblaci\u00f3n.<\/p>\n\n\n\n<p><strong>Cambios en el mercado del superg\u00e1s<\/strong><\/p>\n\n\n\n<p>La mayor modificaci\u00f3n en el mercado del superg\u00e1s es la reciente adjudicaci\u00f3n de las plantas de envasado de ANCAP a Riogas y Acodike, quienes ya gestionaban las instalaciones pero que, ahora, pasar\u00e1n a hacerlo por plazo de ocho y cinco a\u00f1os, respectivamente. Esta decisi\u00f3n \u2014que traer\u00e1 nuevas adjudicaciones tambi\u00e9n durante el 2023\u2014 persigue el objetivo de regularizar un sector que tiene reglamentos de otra \u00e9poca y que est\u00e1 incrementando la competencia, tal y como expres\u00f3 Stipanicic.<\/p>\n\n\n\n<p>Asimismo, estas licitaciones de las plantas de envasado se complementar\u00e1n con otra para la empresa Distribuidora Uruguaya de Combustibles S.A. (Ducsa), propiedad de ANCAP, para as\u00ed poder formar parte del servicio de envasado de su propia garrafa, con lo que ello implica a nivel de costos y precios al consumidor final. Algo que tambi\u00e9n influir\u00e1 en la mayor libertad y competencia en el sector.<\/p>\n","protected":false},"excerpt":{"rendered":"<p>El gobierno anunci\u00f3 una serie de cambios en el mercado del superg\u00e1s y de beneficios sociales que se extender\u00e1n durante el 2023 en Uruguay, a pocos d\u00edas de que se termine un nuevo a\u00f1o y se informen los nuevos aumentos en las tarifas p\u00fablicas, en una conferencia de prensa de la que participaron el ministro &hellip;<\/p>\n<p class=\"read-more\"> <a class=\"\" href=\"https:\/\/alprestamo.com\/blog\/que-beneficios-sociales-mantendra-el-gobierno-durante-2023\/\"> <span class=\"screen-reader-text\">\u00bfQu\u00e9 beneficios sociales mantendr\u00e1 el gobierno durante 2023?<\/span> Leer m\u00e1s &raquo;<\/a><\/p>\n","protected":false},"author":1,"featured_media":20909,"comment_status":"closed","ping_status":"closed","sticky":false,"template":"","format":"standard","meta":{"_uag_custom_page_level_css":"","site-sidebar-layout":"default","site-content-layout":"default","ast-global-header-display":"","ast-banner-title-visibility":"","ast-main-header-display":"","ast-hfb-above-header-display":"","ast-hfb-below-header-display":"","ast-hfb-mobile-header-display":"","site-post-title":"","ast-breadcrumbs-content":"","ast-featured-img":"","footer-sml-layout":"","theme-transparent-header-meta":"","adv-header-id-meta":"","stick-header-meta":"","header-above-stick-meta":"","header-main-stick-meta":"","header-below-stick-meta":"","footnotes":""},"categories":[35,94],"tags":[],"class_list":["post-20907","post","type-post","status-publish","format-standard","has-post-thumbnail","hentry","category-programas-sociales-uy","category-uy"],"acf":[],"yoast_head":"<!-- This site is optimized with the Yoast SEO plugin v23.2 - https:\/\/yoast.com\/wordpress\/plugins\/seo\/ -->\n<title>\u00bfQu\u00e9 beneficios sociales mantendr\u00e1 el gobierno durante 2023?<\/title>\n<meta name=\"description\" content=\"El gobierno anunci\u00f3 una serie de cambios en el mercado del superg\u00e1s y de beneficios sociales que se extender\u00e1n durante el 2023 en Uruguay, a pocos d\u00edas de\" \/>\n<meta name=\"robots\" content=\"index, follow, max-snippet:-1, max-image-preview:large, max-video-preview:-1\" \/>\n<link rel=\"canonical\" href=\"https:\/\/alprestamo.com\/blog\/que-beneficios-sociales-mantendra-el-gobierno-durante-2023\/\" \/>\n<meta property=\"og:locale\" content=\"es_ES\" \/>\n<meta property=\"og:type\" content=\"article\" \/>\n<meta property=\"og:title\" content=\"\u00bfQu\u00e9 beneficios sociales mantendr\u00e1 el gobierno durante 2023?\" \/>\n<meta property=\"og:description\" content=\"El gobierno anunci\u00f3 una serie de cambios en el mercado del superg\u00e1s y de beneficios sociales que se extender\u00e1n durante el 2023 en Uruguay, a pocos d\u00edas de\" \/>\n<meta property=\"og:url\" content=\"https:\/\/alprestamo.com\/blog\/que-beneficios-sociales-mantendra-el-gobierno-durante-2023\/\" \/>\n<meta property=\"og:site_name\" content=\"Alprestamo - Hacemos que todo suceda\" \/>\n<meta property=\"article:published_time\" content=\"2023-02-28T14:46:28+00:00\" \/>\n<meta property=\"og:image\" content=\"https:\/\/alprestamo.com\/blog\/wp-content\/uploads\/2023\/02\/programas-sociales-uruguay.webp\" \/>\n\t<meta property=\"og:image:width\" content=\"730\" \/>\n\t<meta property=\"og:image:height\" content=\"410\" \/>\n\t<meta property=\"og:image:type\" content=\"image\/webp\" \/>\n<meta name=\"author\" content=\"admin\" \/>\n<meta name=\"twitter:card\" content=\"summary_large_image\" \/>\n<meta name=\"twitter:label1\" content=\"Escrito por\" \/>\n\t<meta name=\"twitter:data1\" content=\"admin\" \/>\n\t<meta name=\"twitter:label2\" content=\"Tiempo de lectura\" \/>\n\t<meta name=\"twitter:data2\" content=\"3 minutos\" \/>\n<script type=\"application\/ld+json\" class=\"yoast-schema-graph\">{\"@context\":\"https:\/\/schema.org\",\"@graph\":[{\"@type\":\"NewsArticle\",\"@id\":\"https:\/\/alprestamo.com\/blog\/que-beneficios-sociales-mantendra-el-gobierno-durante-2023\/#article\",\"isPartOf\":{\"@id\":\"https:\/\/alprestamo.com\/blog\/que-beneficios-sociales-mantendra-el-gobierno-durante-2023\/\"},\"author\":{\"name\":\"admin\",\"@id\":\"https:\/\/alprestamo.com\/blog\/#\/schema\/person\/86edda628d7db14ad76fcc0be09cf939\"},\"headline\":\"\u00bfQu\u00e9 beneficios sociales mantendr\u00e1 el gobierno durante 2023?\",\"datePublished\":\"2023-02-28T14:46:28+00:00\",\"dateModified\":\"2023-02-28T14:46:28+00:00\",\"mainEntityOfPage\":{\"@id\":\"https:\/\/alprestamo.com\/blog\/que-beneficios-sociales-mantendra-el-gobierno-durante-2023\/\"},\"wordCount\":544,\"publisher\":{\"@id\":\"https:\/\/alprestamo.com\/blog\/#organization\"},\"image\":{\"@id\":\"https:\/\/alprestamo.com\/blog\/que-beneficios-sociales-mantendra-el-gobierno-durante-2023\/#primaryimage\"},\"thumbnailUrl\":\"https:\/\/alprestamo.com\/blog\/wp-content\/uploads\/2023\/02\/programas-sociales-uruguay.webp\",\"articleSection\":[\"Programas sociales\",\"UY\"],\"inLanguage\":\"es-AR\"},{\"@type\":\"WebPage\",\"@id\":\"https:\/\/alprestamo.com\/blog\/que-beneficios-sociales-mantendra-el-gobierno-durante-2023\/\",\"url\":\"https:\/\/alprestamo.com\/blog\/que-beneficios-sociales-mantendra-el-gobierno-durante-2023\/\",\"name\":\"\u00bfQu\u00e9 beneficios sociales mantendr\u00e1 el gobierno durante 2023?\",\"isPartOf\":{\"@id\":\"https:\/\/alprestamo.com\/blog\/#website\"},\"primaryImageOfPage\":{\"@id\":\"https:\/\/alprestamo.com\/blog\/que-beneficios-sociales-mantendra-el-gobierno-durante-2023\/#primaryimage\"},\"image\":{\"@id\":\"https:\/\/alprestamo.com\/blog\/que-beneficios-sociales-mantendra-el-gobierno-durante-2023\/#primaryimage\"},\"thumbnailUrl\":\"https:\/\/alprestamo.com\/blog\/wp-content\/uploads\/2023\/02\/programas-sociales-uruguay.webp\",\"datePublished\":\"2023-02-28T14:46:28+00:00\",\"dateModified\":\"2023-02-28T14:46:28+00:00\",\"description\":\"El gobierno anunci\u00f3 una serie de cambios en el mercado del superg\u00e1s y de beneficios sociales que se extender\u00e1n durante el 2023 en Uruguay, a pocos d\u00edas de\",\"breadcrumb\":{\"@id\":\"https:\/\/alprestamo.com\/blog\/que-beneficios-sociales-mantendra-el-gobierno-durante-2023\/#breadcrumb\"},\"inLanguage\":\"es-AR\",\"potentialAction\":[{\"@type\":\"ReadAction\",\"target\":[\"https:\/\/alprestamo.com\/blog\/que-beneficios-sociales-mantendra-el-gobierno-durante-2023\/\"]}]},{\"@type\":\"ImageObject\",\"inLanguage\":\"es-AR\",\"@id\":\"https:\/\/alprestamo.com\/blog\/que-beneficios-sociales-mantendra-el-gobierno-durante-2023\/#primaryimage\",\"url\":\"https:\/\/alprestamo.com\/blog\/wp-content\/uploads\/2023\/02\/programas-sociales-uruguay.webp\",\"contentUrl\":\"https:\/\/alprestamo.com\/blog\/wp-content\/uploads\/2023\/02\/programas-sociales-uruguay.webp\",\"width\":730,\"height\":410,\"caption\":\"programas sociales uruguay\"},{\"@type\":\"BreadcrumbList\",\"@id\":\"https:\/\/alprestamo.com\/blog\/que-beneficios-sociales-mantendra-el-gobierno-durante-2023\/#breadcrumb\",\"itemListElement\":[{\"@type\":\"ListItem\",\"position\":1,\"name\":\"Home\",\"item\":\"https:\/\/alprestamo.com\/blog\/\"},{\"@type\":\"ListItem\",\"position\":2,\"name\":\"\u00bfQu\u00e9 beneficios sociales mantendr\u00e1 el gobierno durante 2023?\"}]},{\"@type\":\"WebSite\",\"@id\":\"https:\/\/alprestamo.com\/blog\/#website\",\"url\":\"https:\/\/alprestamo.com\/blog\/\",\"name\":\"Alprestamo\",\"description\":\"Hacemos que todo suceda\",\"publisher\":{\"@id\":\"https:\/\/alprestamo.com\/blog\/#organization\"},\"potentialAction\":[{\"@type\":\"SearchAction\",\"target\":{\"@type\":\"EntryPoint\",\"urlTemplate\":\"https:\/\/alprestamo.com\/blog\/?s={search_term_string}\"},\"query-input\":\"required name=search_term_string\"}],\"inLanguage\":\"es-AR\"},{\"@type\":\"Organization\",\"@id\":\"https:\/\/alprestamo.com\/blog\/#organization\",\"name\":\"Alprestamo\",\"url\":\"https:\/\/alprestamo.com\/blog\/\",\"logo\":{\"@type\":\"ImageObject\",\"inLanguage\":\"es-AR\",\"@id\":\"https:\/\/alprestamo.com\/blog\/#\/schema\/logo\/image\/\",\"url\":\"https:\/\/alprestamo.com\/blog\/wp-content\/uploads\/2022\/10\/Imagotipo_Blanco.svg\",\"contentUrl\":\"https:\/\/alprestamo.com\/blog\/wp-content\/uploads\/2022\/10\/Imagotipo_Blanco.svg\",\"width\":1199,\"height\":203,\"caption\":\"Alprestamo\"},\"image\":{\"@id\":\"https:\/\/alprestamo.com\/blog\/#\/schema\/logo\/image\/\"}},{\"@type\":\"Person\",\"@id\":\"https:\/\/alprestamo.com\/blog\/#\/schema\/person\/86edda628d7db14ad76fcc0be09cf939\",\"name\":\"admin\",\"image\":{\"@type\":\"ImageObject\",\"inLanguage\":\"es-AR\",\"@id\":\"https:\/\/alprestamo.com\/blog\/#\/schema\/person\/image\/\",\"url\":\"https:\/\/secure.gravatar.com\/avatar\/72868a6451caea79ae74926511fb9e4a?s=96&d=mm&r=g\",\"contentUrl\":\"https:\/\/secure.gravatar.com\/avatar\/72868a6451caea79ae74926511fb9e4a?s=96&d=mm&r=g\",\"caption\":\"admin\"},\"sameAs\":[\"https:\/\/alprestamo.com\/blog\"],\"url\":\"https:\/\/alprestamo.com\/blog\/author\/admin\/\"}]}<\/script>\n<!-- \/ Yoast SEO plugin. -->","yoast_head_json":{"title":"\u00bfQu\u00e9 beneficios sociales mantendr\u00e1 el gobierno durante 2023?","description":"El gobierno anunci\u00f3 una serie de cambios en el mercado del superg\u00e1s y de beneficios sociales que se extender\u00e1n durante el 2023 en Uruguay, a pocos d\u00edas de","robots":{"index":"index","follow":"follow","max-snippet":"max-snippet:-1","max-image-preview":"max-image-preview:large","max-video-preview":"max-video-preview:-1"},"canonical":"https:\/\/alprestamo.com\/blog\/que-beneficios-sociales-mantendra-el-gobierno-durante-2023\/","og_locale":"es_ES","og_type":"article","og_title":"\u00bfQu\u00e9 beneficios sociales mantendr\u00e1 el gobierno durante 2023?","og_description":"El gobierno anunci\u00f3 una serie de cambios en el mercado del superg\u00e1s y de beneficios sociales que se extender\u00e1n durante el 2023 en Uruguay, a pocos d\u00edas de","og_url":"https:\/\/alprestamo.com\/blog\/que-beneficios-sociales-mantendra-el-gobierno-durante-2023\/","og_site_name":"Alprestamo - Hacemos que todo suceda","article_published_time":"2023-02-28T14:46:28+00:00","og_image":[{"width":730,"height":410,"url":"https:\/\/alprestamo.com\/blog\/wp-content\/uploads\/2023\/02\/programas-sociales-uruguay.webp","type":"image\/webp"}],"author":"admin","twitter_card":"summary_large_image","twitter_misc":{"Escrito por":"admin","Tiempo de lectura":"3 minutos"},"schema":{"@context":"https:\/\/schema.org","@graph":[{"@type":"NewsArticle","@id":"https:\/\/alprestamo.com\/blog\/que-beneficios-sociales-mantendra-el-gobierno-durante-2023\/#article","isPartOf":{"@id":"https:\/\/alprestamo.com\/blog\/que-beneficios-sociales-mantendra-el-gobierno-durante-2023\/"},"author":{"name":"admin","@id":"https:\/\/alprestamo.com\/blog\/#\/schema\/person\/86edda628d7db14ad76fcc0be09cf939"},"headline":"\u00bfQu\u00e9 beneficios sociales mantendr\u00e1 el gobierno durante 2023?","datePublished":"2023-02-28T14:46:28+00:00","dateModified":"2023-02-28T14:46:28+00:00","mainEntityOfPage":{"@id":"https:\/\/alprestamo.com\/blog\/que-beneficios-sociales-mantendra-el-gobierno-durante-2023\/"},"wordCount":544,"publisher":{"@id":"https:\/\/alprestamo.com\/blog\/#organization"},"image":{"@id":"https:\/\/alprestamo.com\/blog\/que-beneficios-sociales-mantendra-el-gobierno-durante-2023\/#primaryimage"},"thumbnailUrl":"https:\/\/alprestamo.com\/blog\/wp-content\/uploads\/2023\/02\/programas-sociales-uruguay.webp","articleSection":["Programas sociales","UY"],"inLanguage":"es-AR"},{"@type":"WebPage","@id":"https:\/\/alprestamo.com\/blog\/que-beneficios-sociales-mantendra-el-gobierno-durante-2023\/","url":"https:\/\/alprestamo.com\/blog\/que-beneficios-sociales-mantendra-el-gobierno-durante-2023\/","name":"\u00bfQu\u00e9 beneficios sociales mantendr\u00e1 el gobierno durante 2023?","isPartOf":{"@id":"https:\/\/alprestamo.com\/blog\/#website"},"primaryImageOfPage":{"@id":"https:\/\/alprestamo.com\/blog\/que-beneficios-sociales-mantendra-el-gobierno-durante-2023\/#primaryimage"},"image":{"@id":"https:\/\/alprestamo.com\/blog\/que-beneficios-sociales-mantendra-el-gobierno-durante-2023\/#primaryimage"},"thumbnailUrl":"https:\/\/alprestamo.com\/blog\/wp-content\/uploads\/2023\/02\/programas-sociales-uruguay.webp","datePublished":"2023-02-28T14:46:28+00:00","dateModified":"2023-02-28T14:46:28+00:00","description":"El gobierno anunci\u00f3 una serie de cambios en el mercado del superg\u00e1s y de beneficios sociales que se extender\u00e1n durante el 2023 en Uruguay, a pocos d\u00edas de","breadcrumb":{"@id":"https:\/\/alprestamo.com\/blog\/que-beneficios-sociales-mantendra-el-gobierno-durante-2023\/#breadcrumb"},"inLanguage":"es-AR","potentialAction":[{"@type":"ReadAction","target":["https:\/\/alprestamo.com\/blog\/que-beneficios-sociales-mantendra-el-gobierno-durante-2023\/"]}]},{"@type":"ImageObject","inLanguage":"es-AR","@id":"https:\/\/alprestamo.com\/blog\/que-beneficios-sociales-mantendra-el-gobierno-durante-2023\/#primaryimage","url":"https:\/\/alprestamo.com\/blog\/wp-content\/uploads\/2023\/02\/programas-sociales-uruguay.webp","contentUrl":"https:\/\/alprestamo.com\/blog\/wp-content\/uploads\/2023\/02\/programas-sociales-uruguay.webp","width":730,"height":410,"caption":"programas sociales uruguay"},{"@type":"BreadcrumbList","@id":"https:\/\/alprestamo.com\/blog\/que-beneficios-sociales-mantendra-el-gobierno-durante-2023\/#breadcrumb","itemListElement":[{"@type":"ListItem","position":1,"name":"Home","item":"https:\/\/alprestamo.com\/blog\/"},{"@type":"ListItem","position":2,"name":"\u00bfQu\u00e9 beneficios sociales mantendr\u00e1 el gobierno durante 2023?"}]},{"@type":"WebSite","@id":"https:\/\/alprestamo.com\/blog\/#website","url":"https:\/\/alprestamo.com\/blog\/","name":"Alprestamo","description":"Hacemos que todo suceda","publisher":{"@id":"https:\/\/alprestamo.com\/blog\/#organization"},"potentialAction":[{"@type":"SearchAction","target":{"@type":"EntryPoint","urlTemplate":"https:\/\/alprestamo.com\/blog\/?s={search_term_string}"},"query-input":"required name=search_term_string"}],"inLanguage":"es-AR"},{"@type":"Organization","@id":"https:\/\/alprestamo.com\/blog\/#organization","name":"Alprestamo","url":"https:\/\/alprestamo.com\/blog\/","logo":{"@type":"ImageObject","inLanguage":"es-AR","@id":"https:\/\/alprestamo.com\/blog\/#\/schema\/logo\/image\/","url":"https:\/\/alprestamo.com\/blog\/wp-content\/uploads\/2022\/10\/Imagotipo_Blanco.svg","contentUrl":"https:\/\/alprestamo.com\/blog\/wp-content\/uploads\/2022\/10\/Imagotipo_Blanco.svg","width":1199,"height":203,"caption":"Alprestamo"},"image":{"@id":"https:\/\/alprestamo.com\/blog\/#\/schema\/logo\/image\/"}},{"@type":"Person","@id":"https:\/\/alprestamo.com\/blog\/#\/schema\/person\/86edda628d7db14ad76fcc0be09cf939","name":"admin","image":{"@type":"ImageObject","inLanguage":"es-AR","@id":"https:\/\/alprestamo.com\/blog\/#\/schema\/person\/image\/","url":"https:\/\/secure.gravatar.com\/avatar\/72868a6451caea79ae74926511fb9e4a?s=96&d=mm&r=g","contentUrl":"https:\/\/secure.gravatar.com\/avatar\/72868a6451caea79ae74926511fb9e4a?s=96&d=mm&r=g","caption":"admin"},"sameAs":["https:\/\/alprestamo.com\/blog"],"url":"https:\/\/alprestamo.com\/blog\/author\/admin\/"}]}},"uagb_featured_image_src":{"full":["https:\/\/alprestamo.com\/blog\/wp-content\/uploads\/2023\/02\/programas-sociales-uruguay.webp",730,410,false],"thumbnail":["https:\/\/alprestamo.com\/blog\/wp-content\/uploads\/2023\/02\/programas-sociales-uruguay-150x150.webp",150,150,true],"medium":["https:\/\/alprestamo.com\/blog\/wp-content\/uploads\/2023\/02\/programas-sociales-uruguay-300x168.webp",300,168,true],"medium_large":["https:\/\/alprestamo.com\/blog\/wp-content\/uploads\/2023\/02\/programas-sociales-uruguay.webp",730,410,false],"large":["https:\/\/alprestamo.com\/blog\/wp-content\/uploads\/2023\/02\/programas-sociales-uruguay.webp",730,410,false],"1536x1536":["https:\/\/alprestamo.com\/blog\/wp-content\/uploads\/2023\/02\/programas-sociales-uruguay.webp",730,410,false],"2048x2048":["https:\/\/alprestamo.com\/blog\/wp-content\/uploads\/2023\/02\/programas-sociales-uruguay.webp",730,410,false]},"uagb_author_info":{"display_name":"admin","author_link":"https:\/\/alprestamo.com\/blog\/author\/admin\/"},"uagb_comment_info":0,"uagb_excerpt":"El gobierno anunci\u00f3 una serie de cambios en el mercado del superg\u00e1s y de beneficios sociales que se extender\u00e1n durante el 2023 en Uruguay, a pocos d\u00edas de que se termine un nuevo a\u00f1o y se informen los nuevos aumentos en las tarifas p\u00fablicas, en una conferencia de prensa de la que participaron el ministro&hellip;","rttpg_featured_image_url":{"full":["https:\/\/alprestamo.com\/blog\/wp-content\/uploads\/2023\/02\/programas-sociales-uruguay.webp",730,410,false],"landscape":["https:\/\/alprestamo.com\/blog\/wp-content\/uploads\/2023\/02\/programas-sociales-uruguay.webp",730,410,false],"portraits":["https:\/\/alprestamo.com\/blog\/wp-content\/uploads\/2023\/02\/programas-sociales-uruguay.webp",730,410,false],"thumbnail":["https:\/\/alprestamo.com\/blog\/wp-content\/uploads\/2023\/02\/programas-sociales-uruguay-150x150.webp",150,150,true],"medium":["https:\/\/alprestamo.com\/blog\/wp-content\/uploads\/2023\/02\/programas-sociales-uruguay-300x168.webp",300,168,true],"large":["https:\/\/alprestamo.com\/blog\/wp-content\/uploads\/2023\/02\/programas-sociales-uruguay.webp",730,410,false],"1536x1536":["https:\/\/alprestamo.com\/blog\/wp-content\/uploads\/2023\/02\/programas-sociales-uruguay.webp",730,410,false],"2048x2048":["https:\/\/alprestamo.com\/blog\/wp-content\/uploads\/2023\/02\/programas-sociales-uruguay.webp",730,410,false],"rt_custom":["https:\/\/alprestamo.com\/blog\/wp-content\/uploads\/2023\/02\/programas-sociales-uruguay.webp",730,410,false]},"rttpg_author":{"display_name":"admin","author_link":"https:\/\/alprestamo.com\/blog\/author\/admin\/"},"rttpg_comment":0,"rttpg_category":"<a href=\"https:\/\/alprestamo.com\/blog\/categoria\/uy\/programas-sociales-uy\/\" rel=\"category tag\">Programas sociales<\/a> <a href=\"https:\/\/alprestamo.com\/blog\/categoria\/uy\/\" rel=\"category tag\">UY<\/a>","rttpg_excerpt":"El gobierno anunci\u00f3 una serie de cambios en el mercado del superg\u00e1s y de beneficios sociales que se extender\u00e1n durante el 2023 en Uruguay, a pocos d\u00edas de que se termine un nuevo a\u00f1o y se informen los nuevos aumentos en las tarifas p\u00fablicas, en una conferencia de prensa de la que participaron el ministro&hellip;","_links":{"self":[{"href":"https:\/\/alprestamo.com\/blog\/wp-json\/wp\/v2\/posts\/20907"}],"collection":[{"href":"https:\/\/alprestamo.com\/blog\/wp-json\/wp\/v2\/posts"}],"about":[{"href":"https:\/\/alprestamo.com\/blog\/wp-json\/wp\/v2\/types\/post"}],"author":[{"embeddable":true,"href":"https:\/\/alprestamo.com\/blog\/wp-json\/wp\/v2\/users\/1"}],"replies":[{"embeddable":true,"href":"https:\/\/alprestamo.com\/blog\/wp-json\/wp\/v2\/comments?post=20907"}],"version-history":[{"count":0,"href":"https:\/\/alprestamo.com\/blog\/wp-json\/wp\/v2\/posts\/20907\/revisions"}],"wp:featuredmedia":[{"embeddable":true,"href":"https:\/\/alprestamo.com\/blog\/wp-json\/wp\/v2\/media\/20909"}],"wp:attachment":[{"href":"https:\/\/alprestamo.com\/blog\/wp-json\/wp\/v2\/media?parent=20907"}],"wp:term":[{"taxonomy":"category","embeddable":true,"href":"https:\/\/alprestamo.com\/blog\/wp-json\/wp\/v2\/categories?post=20907"},{"taxonomy":"post_tag","embeddable":true,"href":"https:\/\/alprestamo.com\/blog\/wp-json\/wp\/v2\/tags?post=20907"}],"curies":[{"name":"wp","href":"https:\/\/api.w.org\/{rel}","templated":true}]}}