{"id":20911,"date":"2023-02-28T12:02:25","date_gmt":"2023-02-28T15:02:25","guid":{"rendered":"https:\/\/alprestamo.com\/blog\/uncategorized\/beca-benito-juarez-cual-es-la-fecha-de-cobro-del-beneficio-de-hasta-5-150\/"},"modified":"2023-12-05T14:42:45","modified_gmt":"2023-12-05T17:42:45","slug":"beca-benito-juarez-cual-es-la-fecha-de-cobro-del-beneficio-de-hasta-5-150","status":"publish","type":"post","link":"https:\/\/alprestamo.com\/blog\/beca-benito-juarez-cual-es-la-fecha-de-cobro-del-beneficio-de-hasta-5-150\/","title":{"rendered":"Beca Benito Juarez: \u00bfcu\u00e1l es la fecha de cobro del beneficio de hasta $5.150?"},"content":{"rendered":"\n<p>La<strong> Beca Benito Ju\u00e1rez<\/strong> est\u00e1 orientada a las familias que tienen hijos peque\u00f1os y adolescentes que est\u00e9n cursando la educaci\u00f3n inicial, preescolar, primaria o secundaria.<strong> Tiene el objetivo de solventar las necesidades de los alumnos y evitar la deserci\u00f3n escolar.\u00a0<\/strong><\/p>\n\n\n\n<p>Seg\u00fan las autoridades, <strong>en 2023 este apoyo tendr\u00e1 un aumento<\/strong>, adem\u00e1s de que los beneficiarios recibir\u00e1n un <strong>pago doble<\/strong>. Por medio de la p\u00e1gina oficial de las becas Benito Ju\u00e1rez, se inform\u00f3 que <strong>los estudiantes residentes de toda la Rep\u00fablica Mexicana <\/strong>\u2013excepto aquellos que vivan en Coahuila y el Estado de M\u00e9xico\u2013<strong> recibir\u00e1n el monto total de su beca en tres periodos a lo largo del a\u00f1o.<\/strong><\/p>\n\n\n\n<div class=\"wp-block-uagb-advanced-heading uagb-block-ae24c26c\"><h2 class=\"uagb-heading-text\"><strong>\u00bfCu\u00e1les son los montos?<\/strong><\/h2><\/div>\n\n\n\n<p>El dep\u00f3sito se llevar\u00e1 a cabo <strong>a partir de la segunda semana de febrero<\/strong> e ir\u00e1 <strong>hasta la tercera semana de marzo<\/strong>. Corresponder\u00e1 a un pago total de $1.750 para los estudiantes de educaci\u00f3n b\u00e1sica y de media superior. En tanto, ser\u00e1n $5.150 para superior. A continuaci\u00f3n, todos los montos:<\/p>\n\n\n\n<ul class=\"wp-block-list\">\n<li>Estudiantes de educaci\u00f3n b\u00e1sica: <strong>$1.750.<\/strong><\/li>\n\n\n\n<li>Estudiantes de educaci\u00f3n media superior: <strong>$1.750.<\/strong><\/li>\n\n\n\n<li>Estudiantes de educaci\u00f3n superior: <strong>$5.150.<\/strong><\/li>\n<\/ul>\n\n\n\n<div class=\"wp-block-uagb-advanced-heading uagb-block-6c85c077\"><h2 class=\"uagb-heading-text\"><strong>Calendario de pagos 2023<\/strong><\/h2><\/div>\n\n\n\n<p>La Coordinaci\u00f3n Nacional de Becas para el Bienestar Benito Ju\u00e1rez (CNBBJ) inform\u00f3 que el primer pago del 2023 de las Becas Benito Ju\u00e1rez se realizar\u00e1 <strong>a partir de la segunda semana del mes de febrero y finalizar\u00e1 hasta mediados de marzo<\/strong>. Este pago corresponde al periodo enero-febrero y marzo-abril.<\/p>\n\n\n\n<ul class=\"wp-block-list\">\n<li>El<strong> <\/strong>primer pago comenz\u00f3 a ser distribuido desde la segunda semana del mes de febrero y corresponde al monto de los primeros dos meses del periodo vigente.<\/li>\n\n\n\n<li>El segundo pago est\u00e1 contemplado para su dep\u00f3sito en el mes de junio. A diferencia de la primera exhibici\u00f3n, la cantidad ser\u00e1 m\u00e1s grande debido a que contempla cuatro de los diez meses.&nbsp;<\/li>\n\n\n\n<li>El \u00faltimo dep\u00f3sito del a\u00f1o, para completar el esquema, tambi\u00e9n ser\u00e1 por concepto de los \u00faltimos cuatro meses del programa ser\u00e1 depositar\u00e1n a partir del mes de noviembre.<\/li>\n<\/ul>\n\n\n\n<p>Los beneficiarios que radiquen en las entidades de<strong> <\/strong>Coahuila y Estado de M\u00e9xico<strong> recibir\u00e1n un pago doble con motivo de que en las pr\u00f3ximas semanas iniciar\u00e1n las campa\u00f1as pol\u00edticas<\/strong> rumbo a las elecciones de junio pr\u00f3ximo.<\/p>\n\n\n\n<div class=\"wp-block-uagb-advanced-heading uagb-block-a5472884\"><h2 class=\"uagb-heading-text\"><strong>Beca Benito Ju\u00e1rez 2023: \u00bfC\u00f3mo me inscribo?<\/strong><\/h2><\/div>\n\n\n\n<p>Para inscribirte, debes ingresar a la p\u00e1gina o acercarte a la Coordinaci\u00f3n Nacional de Becas para el Bienestar Benito Ju\u00e1rez. Ante cualquier duda, tambi\u00e9n puedes comunicarte al n\u00famero 55 1162 0300. Para el tr\u00e1mite deber\u00e1s contar con los siguientes datos:<\/p>\n\n\n\n<ul class=\"wp-block-list\">\n<li>Clave \u00danica de Registro de Poblaci\u00f3n (CURP).<\/li>\n\n\n\n<li>Seleccionar la oficina m\u00e1s cercana a tu domicilio para realizar una cita.<\/li>\n\n\n\n<li>Elegir fecha y hora.<\/li>\n\n\n\n<li>Confirmar la cita.<\/li>\n<\/ul>\n\n\n\n<div class=\"wp-block-uagb-advanced-heading uagb-block-c8f86da1\"><h2 class=\"uagb-heading-text\"><strong>Los documentos necesario<\/strong>s<\/h2><\/div>\n\n\n\n<ul class=\"wp-block-list\">\n<li>Identificaci\u00f3n nacional oficial con fotograf\u00eda.<\/li>\n\n\n\n<li>Comprobante de domicilio cuya vigencia no exceda de los 3 meses.<\/li>\n\n\n\n<li>Credencial escolar y constancia de inscripci\u00f3n ante el ciclo escolar actual.<\/li>\n\n\n\n<li>Acta de nacimiento en original y copia.<\/li>\n\n\n\n<li>CURP impreso.<\/li>\n\n\n\n<li>Identificaci\u00f3n nacional vigente del representante legal.<\/li>\n\n\n\n<li>Boleta de calificaciones m\u00e1s reciente o constancia de inscripci\u00f3n.<\/li>\n\n\n\n<li>Formato de autorizaci\u00f3n de captura y utilizaci\u00f3n de imagen.<\/li>\n<\/ul>\n","protected":false},"excerpt":{"rendered":"<p>La Beca Benito Ju\u00e1rez est\u00e1 orientada a las familias que tienen hijos peque\u00f1os y adolescentes que est\u00e9n cursando la educaci\u00f3n inicial, preescolar, primaria o secundaria. Tiene el objetivo de solventar las necesidades de los alumnos y evitar la deserci\u00f3n escolar.\u00a0 Seg\u00fan las autoridades, en 2023 este apoyo tendr\u00e1 un aumento, adem\u00e1s de que los beneficiarios &hellip;<\/p>\n<p class=\"read-more\"> <a class=\"\" href=\"https:\/\/alprestamo.com\/blog\/beca-benito-juarez-cual-es-la-fecha-de-cobro-del-beneficio-de-hasta-5-150\/\"> <span class=\"screen-reader-text\">Beca Benito Juarez: \u00bfcu\u00e1l es la fecha de cobro del beneficio de hasta $5.150?<\/span> Leer m\u00e1s &raquo;<\/a><\/p>\n","protected":false},"author":1,"featured_media":20913,"comment_status":"closed","ping_status":"closed","sticky":false,"template":"","format":"standard","meta":{"_uag_custom_page_level_css":"","site-sidebar-layout":"default","site-content-layout":"default","ast-global-header-display":"","ast-banner-title-visibility":"","ast-main-header-display":"","ast-hfb-above-header-display":"","ast-hfb-below-header-display":"","ast-hfb-mobile-header-display":"","site-post-title":"","ast-breadcrumbs-content":"","ast-featured-img":"","footer-sml-layout":"","theme-transparent-header-meta":"","adv-header-id-meta":"","stick-header-meta":"","header-above-stick-meta":"","header-main-stick-meta":"","header-below-stick-meta":"","footnotes":""},"categories":[130,32],"tags":[],"class_list":["post-20911","post","type-post","status-publish","format-standard","has-post-thumbnail","hentry","category-mx","category-programas-sociales-mx"],"acf":[],"yoast_head":"<!-- This site is optimized with the Yoast SEO plugin v23.2 - https:\/\/yoast.com\/wordpress\/plugins\/seo\/ -->\n<title>Beca Benito Juarez: \u00bfcu\u00e1l es la fecha de cobro del beneficio de hasta $5.150?<\/title>\n<meta name=\"description\" content=\"La Beca Benito Ju\u00e1rez est\u00e1 orientada a las familias que tienen hijos peque\u00f1os y adolescentes que est\u00e9n cursando la educaci\u00f3n inicial, preescolar, primaria\" \/>\n<meta name=\"robots\" content=\"index, follow, max-snippet:-1, max-image-preview:large, max-video-preview:-1\" \/>\n<link rel=\"canonical\" href=\"https:\/\/alprestamo.com\/blog\/beca-benito-juarez-cual-es-la-fecha-de-cobro-del-beneficio-de-hasta-5-150\/\" \/>\n<meta property=\"og:locale\" content=\"es_ES\" \/>\n<meta property=\"og:type\" content=\"article\" \/>\n<meta property=\"og:title\" content=\"Beca Benito Juarez: \u00bfcu\u00e1l es la fecha de cobro del beneficio de hasta $5.150?\" \/>\n<meta property=\"og:description\" content=\"La Beca Benito Ju\u00e1rez est\u00e1 orientada a las familias que tienen hijos peque\u00f1os y adolescentes que est\u00e9n cursando la educaci\u00f3n inicial, preescolar, primaria\" \/>\n<meta property=\"og:url\" content=\"https:\/\/alprestamo.com\/blog\/beca-benito-juarez-cual-es-la-fecha-de-cobro-del-beneficio-de-hasta-5-150\/\" \/>\n<meta property=\"og:site_name\" content=\"Alprestamo - Hacemos que todo suceda\" \/>\n<meta property=\"article:published_time\" content=\"2023-02-28T15:02:25+00:00\" \/>\n<meta property=\"article:modified_time\" content=\"2023-12-05T17:42:45+00:00\" \/>\n<meta property=\"og:image\" content=\"https:\/\/alprestamo.com\/blog\/wp-content\/uploads\/2023\/02\/Cobro-Beca-Benito-Juarez-.jpeg\" \/>\n\t<meta property=\"og:image:width\" content=\"1200\" \/>\n\t<meta property=\"og:image:height\" content=\"740\" \/>\n\t<meta property=\"og:image:type\" content=\"image\/jpeg\" \/>\n<meta name=\"author\" content=\"admin\" \/>\n<meta name=\"twitter:card\" content=\"summary_large_image\" \/>\n<meta name=\"twitter:label1\" content=\"Escrito por\" \/>\n\t<meta name=\"twitter:data1\" content=\"admin\" \/>\n\t<meta name=\"twitter:label2\" content=\"Tiempo de lectura\" \/>\n\t<meta name=\"twitter:data2\" content=\"3 minutos\" \/>\n<script type=\"application\/ld+json\" class=\"yoast-schema-graph\">{\"@context\":\"https:\/\/schema.org\",\"@graph\":[{\"@type\":\"NewsArticle\",\"@id\":\"https:\/\/alprestamo.com\/blog\/beca-benito-juarez-cual-es-la-fecha-de-cobro-del-beneficio-de-hasta-5-150\/#article\",\"isPartOf\":{\"@id\":\"https:\/\/alprestamo.com\/blog\/beca-benito-juarez-cual-es-la-fecha-de-cobro-del-beneficio-de-hasta-5-150\/\"},\"author\":{\"name\":\"admin\",\"@id\":\"https:\/\/alprestamo.com\/blog\/#\/schema\/person\/86edda628d7db14ad76fcc0be09cf939\"},\"headline\":\"Beca Benito Juarez: \u00bfcu\u00e1l es la fecha de cobro del beneficio de hasta $5.150?\",\"datePublished\":\"2023-02-28T15:02:25+00:00\",\"dateModified\":\"2023-12-05T17:42:45+00:00\",\"mainEntityOfPage\":{\"@id\":\"https:\/\/alprestamo.com\/blog\/beca-benito-juarez-cual-es-la-fecha-de-cobro-del-beneficio-de-hasta-5-150\/\"},\"wordCount\":552,\"publisher\":{\"@id\":\"https:\/\/alprestamo.com\/blog\/#organization\"},\"image\":{\"@id\":\"https:\/\/alprestamo.com\/blog\/beca-benito-juarez-cual-es-la-fecha-de-cobro-del-beneficio-de-hasta-5-150\/#primaryimage\"},\"thumbnailUrl\":\"https:\/\/alprestamo.com\/blog\/wp-content\/uploads\/2023\/02\/Cobro-Beca-Benito-Juarez-.jpeg\",\"articleSection\":[\"MX\",\"Programas Sociales\"],\"inLanguage\":\"es-AR\"},{\"@type\":\"WebPage\",\"@id\":\"https:\/\/alprestamo.com\/blog\/beca-benito-juarez-cual-es-la-fecha-de-cobro-del-beneficio-de-hasta-5-150\/\",\"url\":\"https:\/\/alprestamo.com\/blog\/beca-benito-juarez-cual-es-la-fecha-de-cobro-del-beneficio-de-hasta-5-150\/\",\"name\":\"Beca Benito Juarez: \u00bfcu\u00e1l es la fecha de cobro del beneficio de hasta $5.150?\",\"isPartOf\":{\"@id\":\"https:\/\/alprestamo.com\/blog\/#website\"},\"primaryImageOfPage\":{\"@id\":\"https:\/\/alprestamo.com\/blog\/beca-benito-juarez-cual-es-la-fecha-de-cobro-del-beneficio-de-hasta-5-150\/#primaryimage\"},\"image\":{\"@id\":\"https:\/\/alprestamo.com\/blog\/beca-benito-juarez-cual-es-la-fecha-de-cobro-del-beneficio-de-hasta-5-150\/#primaryimage\"},\"thumbnailUrl\":\"https:\/\/alprestamo.com\/blog\/wp-content\/uploads\/2023\/02\/Cobro-Beca-Benito-Juarez-.jpeg\",\"datePublished\":\"2023-02-28T15:02:25+00:00\",\"dateModified\":\"2023-12-05T17:42:45+00:00\",\"description\":\"La Beca Benito Ju\u00e1rez est\u00e1 orientada a las familias que tienen hijos peque\u00f1os y adolescentes que est\u00e9n cursando la educaci\u00f3n inicial, preescolar, primaria\",\"breadcrumb\":{\"@id\":\"https:\/\/alprestamo.com\/blog\/beca-benito-juarez-cual-es-la-fecha-de-cobro-del-beneficio-de-hasta-5-150\/#breadcrumb\"},\"inLanguage\":\"es-AR\",\"potentialAction\":[{\"@type\":\"ReadAction\",\"target\":[\"https:\/\/alprestamo.com\/blog\/beca-benito-juarez-cual-es-la-fecha-de-cobro-del-beneficio-de-hasta-5-150\/\"]}]},{\"@type\":\"ImageObject\",\"inLanguage\":\"es-AR\",\"@id\":\"https:\/\/alprestamo.com\/blog\/beca-benito-juarez-cual-es-la-fecha-de-cobro-del-beneficio-de-hasta-5-150\/#primaryimage\",\"url\":\"https:\/\/alprestamo.com\/blog\/wp-content\/uploads\/2023\/02\/Cobro-Beca-Benito-Juarez-.jpeg\",\"contentUrl\":\"https:\/\/alprestamo.com\/blog\/wp-content\/uploads\/2023\/02\/Cobro-Beca-Benito-Juarez-.jpeg\",\"width\":1200,\"height\":740,\"caption\":\"Cobro Beca Benito Juarez-\"},{\"@type\":\"BreadcrumbList\",\"@id\":\"https:\/\/alprestamo.com\/blog\/beca-benito-juarez-cual-es-la-fecha-de-cobro-del-beneficio-de-hasta-5-150\/#breadcrumb\",\"itemListElement\":[{\"@type\":\"ListItem\",\"position\":1,\"name\":\"Home\",\"item\":\"https:\/\/alprestamo.com\/blog\/\"},{\"@type\":\"ListItem\",\"position\":2,\"name\":\"Beca Benito Juarez: \u00bfcu\u00e1l es la fecha de cobro del beneficio de hasta $5.150?\"}]},{\"@type\":\"WebSite\",\"@id\":\"https:\/\/alprestamo.com\/blog\/#website\",\"url\":\"https:\/\/alprestamo.com\/blog\/\",\"name\":\"Alprestamo\",\"description\":\"Hacemos que todo suceda\",\"publisher\":{\"@id\":\"https:\/\/alprestamo.com\/blog\/#organization\"},\"potentialAction\":[{\"@type\":\"SearchAction\",\"target\":{\"@type\":\"EntryPoint\",\"urlTemplate\":\"https:\/\/alprestamo.com\/blog\/?s={search_term_string}\"},\"query-input\":\"required name=search_term_string\"}],\"inLanguage\":\"es-AR\"},{\"@type\":\"Organization\",\"@id\":\"https:\/\/alprestamo.com\/blog\/#organization\",\"name\":\"Alprestamo\",\"url\":\"https:\/\/alprestamo.com\/blog\/\",\"logo\":{\"@type\":\"ImageObject\",\"inLanguage\":\"es-AR\",\"@id\":\"https:\/\/alprestamo.com\/blog\/#\/schema\/logo\/image\/\",\"url\":\"https:\/\/alprestamo.com\/blog\/wp-content\/uploads\/2022\/10\/Imagotipo_Blanco.svg\",\"contentUrl\":\"https:\/\/alprestamo.com\/blog\/wp-content\/uploads\/2022\/10\/Imagotipo_Blanco.svg\",\"width\":1199,\"height\":203,\"caption\":\"Alprestamo\"},\"image\":{\"@id\":\"https:\/\/alprestamo.com\/blog\/#\/schema\/logo\/image\/\"}},{\"@type\":\"Person\",\"@id\":\"https:\/\/alprestamo.com\/blog\/#\/schema\/person\/86edda628d7db14ad76fcc0be09cf939\",\"name\":\"admin\",\"image\":{\"@type\":\"ImageObject\",\"inLanguage\":\"es-AR\",\"@id\":\"https:\/\/alprestamo.com\/blog\/#\/schema\/person\/image\/\",\"url\":\"https:\/\/secure.gravatar.com\/avatar\/72868a6451caea79ae74926511fb9e4a?s=96&d=mm&r=g\",\"contentUrl\":\"https:\/\/secure.gravatar.com\/avatar\/72868a6451caea79ae74926511fb9e4a?s=96&d=mm&r=g\",\"caption\":\"admin\"},\"sameAs\":[\"https:\/\/alprestamo.com\/blog\"],\"url\":\"https:\/\/alprestamo.com\/blog\/author\/admin\/\"}]}<\/script>\n<!-- \/ Yoast SEO plugin. -->","yoast_head_json":{"title":"Beca Benito Juarez: \u00bfcu\u00e1l es la fecha de cobro del beneficio de hasta $5.150?","description":"La Beca Benito Ju\u00e1rez est\u00e1 orientada a las familias que tienen hijos peque\u00f1os y adolescentes que est\u00e9n cursando la educaci\u00f3n inicial, preescolar, primaria","robots":{"index":"index","follow":"follow","max-snippet":"max-snippet:-1","max-image-preview":"max-image-preview:large","max-video-preview":"max-video-preview:-1"},"canonical":"https:\/\/alprestamo.com\/blog\/beca-benito-juarez-cual-es-la-fecha-de-cobro-del-beneficio-de-hasta-5-150\/","og_locale":"es_ES","og_type":"article","og_title":"Beca Benito Juarez: \u00bfcu\u00e1l es la fecha de cobro del beneficio de hasta $5.150?","og_description":"La Beca Benito Ju\u00e1rez est\u00e1 orientada a las familias que tienen hijos peque\u00f1os y adolescentes que est\u00e9n cursando la educaci\u00f3n inicial, preescolar, primaria","og_url":"https:\/\/alprestamo.com\/blog\/beca-benito-juarez-cual-es-la-fecha-de-cobro-del-beneficio-de-hasta-5-150\/","og_site_name":"Alprestamo - Hacemos que todo suceda","article_published_time":"2023-02-28T15:02:25+00:00","article_modified_time":"2023-12-05T17:42:45+00:00","og_image":[{"width":1200,"height":740,"url":"https:\/\/alprestamo.com\/blog\/wp-content\/uploads\/2023\/02\/Cobro-Beca-Benito-Juarez-.jpeg","type":"image\/jpeg"}],"author":"admin","twitter_card":"summary_large_image","twitter_misc":{"Escrito por":"admin","Tiempo de lectura":"3 minutos"},"schema":{"@context":"https:\/\/schema.org","@graph":[{"@type":"NewsArticle","@id":"https:\/\/alprestamo.com\/blog\/beca-benito-juarez-cual-es-la-fecha-de-cobro-del-beneficio-de-hasta-5-150\/#article","isPartOf":{"@id":"https:\/\/alprestamo.com\/blog\/beca-benito-juarez-cual-es-la-fecha-de-cobro-del-beneficio-de-hasta-5-150\/"},"author":{"name":"admin","@id":"https:\/\/alprestamo.com\/blog\/#\/schema\/person\/86edda628d7db14ad76fcc0be09cf939"},"headline":"Beca Benito Juarez: \u00bfcu\u00e1l es la fecha de cobro del beneficio de hasta $5.150?","datePublished":"2023-02-28T15:02:25+00:00","dateModified":"2023-12-05T17:42:45+00:00","mainEntityOfPage":{"@id":"https:\/\/alprestamo.com\/blog\/beca-benito-juarez-cual-es-la-fecha-de-cobro-del-beneficio-de-hasta-5-150\/"},"wordCount":552,"publisher":{"@id":"https:\/\/alprestamo.com\/blog\/#organization"},"image":{"@id":"https:\/\/alprestamo.com\/blog\/beca-benito-juarez-cual-es-la-fecha-de-cobro-del-beneficio-de-hasta-5-150\/#primaryimage"},"thumbnailUrl":"https:\/\/alprestamo.com\/blog\/wp-content\/uploads\/2023\/02\/Cobro-Beca-Benito-Juarez-.jpeg","articleSection":["MX","Programas Sociales"],"inLanguage":"es-AR"},{"@type":"WebPage","@id":"https:\/\/alprestamo.com\/blog\/beca-benito-juarez-cual-es-la-fecha-de-cobro-del-beneficio-de-hasta-5-150\/","url":"https:\/\/alprestamo.com\/blog\/beca-benito-juarez-cual-es-la-fecha-de-cobro-del-beneficio-de-hasta-5-150\/","name":"Beca Benito Juarez: \u00bfcu\u00e1l es la fecha de cobro del beneficio de hasta $5.150?","isPartOf":{"@id":"https:\/\/alprestamo.com\/blog\/#website"},"primaryImageOfPage":{"@id":"https:\/\/alprestamo.com\/blog\/beca-benito-juarez-cual-es-la-fecha-de-cobro-del-beneficio-de-hasta-5-150\/#primaryimage"},"image":{"@id":"https:\/\/alprestamo.com\/blog\/beca-benito-juarez-cual-es-la-fecha-de-cobro-del-beneficio-de-hasta-5-150\/#primaryimage"},"thumbnailUrl":"https:\/\/alprestamo.com\/blog\/wp-content\/uploads\/2023\/02\/Cobro-Beca-Benito-Juarez-.jpeg","datePublished":"2023-02-28T15:02:25+00:00","dateModified":"2023-12-05T17:42:45+00:00","description":"La Beca Benito Ju\u00e1rez est\u00e1 orientada a las familias que tienen hijos peque\u00f1os y adolescentes que est\u00e9n cursando la educaci\u00f3n inicial, preescolar, primaria","breadcrumb":{"@id":"https:\/\/alprestamo.com\/blog\/beca-benito-juarez-cual-es-la-fecha-de-cobro-del-beneficio-de-hasta-5-150\/#breadcrumb"},"inLanguage":"es-AR","potentialAction":[{"@type":"ReadAction","target":["https:\/\/alprestamo.com\/blog\/beca-benito-juarez-cual-es-la-fecha-de-cobro-del-beneficio-de-hasta-5-150\/"]}]},{"@type":"ImageObject","inLanguage":"es-AR","@id":"https:\/\/alprestamo.com\/blog\/beca-benito-juarez-cual-es-la-fecha-de-cobro-del-beneficio-de-hasta-5-150\/#primaryimage","url":"https:\/\/alprestamo.com\/blog\/wp-content\/uploads\/2023\/02\/Cobro-Beca-Benito-Juarez-.jpeg","contentUrl":"https:\/\/alprestamo.com\/blog\/wp-content\/uploads\/2023\/02\/Cobro-Beca-Benito-Juarez-.jpeg","width":1200,"height":740,"caption":"Cobro Beca Benito Juarez-"},{"@type":"BreadcrumbList","@id":"https:\/\/alprestamo.com\/blog\/beca-benito-juarez-cual-es-la-fecha-de-cobro-del-beneficio-de-hasta-5-150\/#breadcrumb","itemListElement":[{"@type":"ListItem","position":1,"name":"Home","item":"https:\/\/alprestamo.com\/blog\/"},{"@type":"ListItem","position":2,"name":"Beca Benito Juarez: \u00bfcu\u00e1l es la fecha de cobro del beneficio de hasta $5.150?"}]},{"@type":"WebSite","@id":"https:\/\/alprestamo.com\/blog\/#website","url":"https:\/\/alprestamo.com\/blog\/","name":"Alprestamo","description":"Hacemos que todo suceda","publisher":{"@id":"https:\/\/alprestamo.com\/blog\/#organization"},"potentialAction":[{"@type":"SearchAction","target":{"@type":"EntryPoint","urlTemplate":"https:\/\/alprestamo.com\/blog\/?s={search_term_string}"},"query-input":"required name=search_term_string"}],"inLanguage":"es-AR"},{"@type":"Organization","@id":"https:\/\/alprestamo.com\/blog\/#organization","name":"Alprestamo","url":"https:\/\/alprestamo.com\/blog\/","logo":{"@type":"ImageObject","inLanguage":"es-AR","@id":"https:\/\/alprestamo.com\/blog\/#\/schema\/logo\/image\/","url":"https:\/\/alprestamo.com\/blog\/wp-content\/uploads\/2022\/10\/Imagotipo_Blanco.svg","contentUrl":"https:\/\/alprestamo.com\/blog\/wp-content\/uploads\/2022\/10\/Imagotipo_Blanco.svg","width":1199,"height":203,"caption":"Alprestamo"},"image":{"@id":"https:\/\/alprestamo.com\/blog\/#\/schema\/logo\/image\/"}},{"@type":"Person","@id":"https:\/\/alprestamo.com\/blog\/#\/schema\/person\/86edda628d7db14ad76fcc0be09cf939","name":"admin","image":{"@type":"ImageObject","inLanguage":"es-AR","@id":"https:\/\/alprestamo.com\/blog\/#\/schema\/person\/image\/","url":"https:\/\/secure.gravatar.com\/avatar\/72868a6451caea79ae74926511fb9e4a?s=96&d=mm&r=g","contentUrl":"https:\/\/secure.gravatar.com\/avatar\/72868a6451caea79ae74926511fb9e4a?s=96&d=mm&r=g","caption":"admin"},"sameAs":["https:\/\/alprestamo.com\/blog"],"url":"https:\/\/alprestamo.com\/blog\/author\/admin\/"}]}},"uagb_featured_image_src":{"full":["https:\/\/alprestamo.com\/blog\/wp-content\/uploads\/2023\/02\/Cobro-Beca-Benito-Juarez-.jpeg",1200,740,false],"thumbnail":["https:\/\/alprestamo.com\/blog\/wp-content\/uploads\/2023\/02\/Cobro-Beca-Benito-Juarez--150x150.jpeg",150,150,true],"medium":["https:\/\/alprestamo.com\/blog\/wp-content\/uploads\/2023\/02\/Cobro-Beca-Benito-Juarez--300x185.jpeg",300,185,true],"medium_large":["https:\/\/alprestamo.com\/blog\/wp-content\/uploads\/2023\/02\/Cobro-Beca-Benito-Juarez--768x474.jpeg",768,474,true],"large":["https:\/\/alprestamo.com\/blog\/wp-content\/uploads\/2023\/02\/Cobro-Beca-Benito-Juarez--1024x631.jpeg",1024,631,true],"1536x1536":["https:\/\/alprestamo.com\/blog\/wp-content\/uploads\/2023\/02\/Cobro-Beca-Benito-Juarez-.jpeg",1200,740,false],"2048x2048":["https:\/\/alprestamo.com\/blog\/wp-content\/uploads\/2023\/02\/Cobro-Beca-Benito-Juarez-.jpeg",1200,740,false]},"uagb_author_info":{"display_name":"admin","author_link":"https:\/\/alprestamo.com\/blog\/author\/admin\/"},"uagb_comment_info":0,"uagb_excerpt":"La Beca Benito Ju\u00e1rez est\u00e1 orientada a las familias que tienen hijos peque\u00f1os y adolescentes que est\u00e9n cursando la educaci\u00f3n inicial, preescolar, primaria o secundaria. Tiene el objetivo de solventar las necesidades de los alumnos y evitar la deserci\u00f3n escolar.\u00a0 Seg\u00fan las autoridades, en 2023 este apoyo tendr\u00e1 un aumento, adem\u00e1s de que los beneficiarios&hellip;","rttpg_featured_image_url":{"full":["https:\/\/alprestamo.com\/blog\/wp-content\/uploads\/2023\/02\/Cobro-Beca-Benito-Juarez-.jpeg",1200,740,false],"landscape":["https:\/\/alprestamo.com\/blog\/wp-content\/uploads\/2023\/02\/Cobro-Beca-Benito-Juarez-.jpeg",1200,740,false],"portraits":["https:\/\/alprestamo.com\/blog\/wp-content\/uploads\/2023\/02\/Cobro-Beca-Benito-Juarez-.jpeg",1200,740,false],"thumbnail":["https:\/\/alprestamo.com\/blog\/wp-content\/uploads\/2023\/02\/Cobro-Beca-Benito-Juarez--150x150.jpeg",150,150,true],"medium":["https:\/\/alprestamo.com\/blog\/wp-content\/uploads\/2023\/02\/Cobro-Beca-Benito-Juarez--300x185.jpeg",300,185,true],"large":["https:\/\/alprestamo.com\/blog\/wp-content\/uploads\/2023\/02\/Cobro-Beca-Benito-Juarez--1024x631.jpeg",1024,631,true],"1536x1536":["https:\/\/alprestamo.com\/blog\/wp-content\/uploads\/2023\/02\/Cobro-Beca-Benito-Juarez-.jpeg",1200,740,false],"2048x2048":["https:\/\/alprestamo.com\/blog\/wp-content\/uploads\/2023\/02\/Cobro-Beca-Benito-Juarez-.jpeg",1200,740,false],"rt_custom":["https:\/\/alprestamo.com\/blog\/wp-content\/uploads\/2023\/02\/Cobro-Beca-Benito-Juarez-.jpeg",1200,740,false]},"rttpg_author":{"display_name":"admin","author_link":"https:\/\/alprestamo.com\/blog\/author\/admin\/"},"rttpg_comment":0,"rttpg_category":"<a href=\"https:\/\/alprestamo.com\/blog\/categoria\/mx\/\" rel=\"category tag\">MX<\/a> <a href=\"https:\/\/alprestamo.com\/blog\/categoria\/mx\/programas-sociales-mx\/\" rel=\"category tag\">Programas Sociales<\/a>","rttpg_excerpt":"La Beca Benito Ju\u00e1rez est\u00e1 orientada a las familias que tienen hijos peque\u00f1os y adolescentes que est\u00e9n cursando la educaci\u00f3n inicial, preescolar, primaria o secundaria. Tiene el objetivo de solventar las necesidades de los alumnos y evitar la deserci\u00f3n escolar.\u00a0 Seg\u00fan las autoridades, en 2023 este apoyo tendr\u00e1 un aumento, adem\u00e1s de que los beneficiarios&hellip;","_links":{"self":[{"href":"https:\/\/alprestamo.com\/blog\/wp-json\/wp\/v2\/posts\/20911"}],"collection":[{"href":"https:\/\/alprestamo.com\/blog\/wp-json\/wp\/v2\/posts"}],"about":[{"href":"https:\/\/alprestamo.com\/blog\/wp-json\/wp\/v2\/types\/post"}],"author":[{"embeddable":true,"href":"https:\/\/alprestamo.com\/blog\/wp-json\/wp\/v2\/users\/1"}],"replies":[{"embeddable":true,"href":"https:\/\/alprestamo.com\/blog\/wp-json\/wp\/v2\/comments?post=20911"}],"version-history":[{"count":1,"href":"https:\/\/alprestamo.com\/blog\/wp-json\/wp\/v2\/posts\/20911\/revisions"}],"predecessor-version":[{"id":34705,"href":"https:\/\/alprestamo.com\/blog\/wp-json\/wp\/v2\/posts\/20911\/revisions\/34705"}],"wp:featuredmedia":[{"embeddable":true,"href":"https:\/\/alprestamo.com\/blog\/wp-json\/wp\/v2\/media\/20913"}],"wp:attachment":[{"href":"https:\/\/alprestamo.com\/blog\/wp-json\/wp\/v2\/media?parent=20911"}],"wp:term":[{"taxonomy":"category","embeddable":true,"href":"https:\/\/alprestamo.com\/blog\/wp-json\/wp\/v2\/categories?post=20911"},{"taxonomy":"post_tag","embeddable":true,"href":"https:\/\/alprestamo.com\/blog\/wp-json\/wp\/v2\/tags?post=20911"}],"curies":[{"name":"wp","href":"https:\/\/api.w.org\/{rel}","templated":true}]}}