{"id":22484,"date":"2023-05-10T12:31:19","date_gmt":"2023-05-10T15:31:19","guid":{"rendered":"https:\/\/alprestamo.com\/blog\/?p=22484"},"modified":"2023-12-05T15:10:27","modified_gmt":"2023-12-05T18:10:27","slug":"jovenes-en-accion-como-recibo-el-incentivo","status":"publish","type":"post","link":"https:\/\/alprestamo.com\/blog\/jovenes-en-accion-como-recibo-el-incentivo\/","title":{"rendered":"J\u00f3venes en Acci\u00f3n: \u00bfc\u00f3mo recibo el incentivo?"},"content":{"rendered":"\n<p>El <strong>Departamento para la Prosperidad Social<\/strong> lanz\u00f3 hace varios a\u00f1os el programa adscrito <strong>J\u00f3venes en Acci\u00f3n<\/strong>, que busca entregar transferencias financieras a j\u00f3venes estudiantes de educaci\u00f3n t\u00e9cnica, tecnol\u00f3gica o profesional, con el objetivo de incentivar la formaci\u00f3n de personas en situaci\u00f3n de vulnerabilidad.<\/p>\n\n\n\n<p>A su vez, se ofrecen <strong>acciones complementarias<\/strong> para fortalecer las capacidades de la poblaci\u00f3n y generar oportunidades.<\/p>\n\n\n\n<div class=\"wp-block-uagb-advanced-heading uagb-block-06155e8a\"><h2 class=\"uagb-heading-text\"><strong>\u00bfCu\u00e1les son los requisitos para participar del programa?<\/strong><\/h2><\/div>\n\n\n\n<p>Los beneficiarios deben cumplir con los siguientes requisitos para formar parte del programa J\u00f3venes en Acci\u00f3n:<\/p>\n\n\n\n<ul class=\"wp-block-list\">\n<li>Tener entre 14 y 28 a\u00f1os.<\/li>\n\n\n\n<li>Ser bachiller de media vocacional.<\/li>\n\n\n\n<li>No tener t\u00edtulo profesional universitario.<\/li>\n\n\n\n<li>Estar incluido en listas censales del ICBF, listados censales ind\u00edgenas o tener el Sisb\u00e9n vigente.<\/li>\n\n\n\n<li>No estudiar en una universidad privada.<\/li>\n\n\n\n<li>No recibir apoyo de sostenimiento o IFC del Sena.<\/li>\n<\/ul>\n\n\n\n<p>Adem\u00e1s, los beneficiarios deben cumplir con sus compromisos estudiantiles para continuar recibiendo los incentivos.\u00a0<\/p>\n\n\n\n<p>Para verificar si el beneficiario contin\u00faa en J\u00f3venes en Acci\u00f3n, deber\u00e1 entrar al portal de informaci\u00f3n del programa con usuario y contrase\u00f1a para hacer la consulta.<\/p>\n\n\n\n<div class=\"wp-block-uagb-advanced-heading uagb-block-5af32545\"><h2 class=\"uagb-heading-text\"><strong>\u00bfC\u00f3mo y cu\u00e1ndo recibo el incentivo?<\/strong><\/h2><\/div>\n\n\n\n<p><strong>Desde el 28 de abril hasta el 16 de mayo, se estar\u00e1 llevando a cabo la segunda jornada de entregas de incentivos<\/strong>.<\/p>\n\n\n\n<p>Alrededor de 341.000 beneficiarios est\u00e1n recibiendo las transferencias; de los cuales, casi 280 mil pertenecen a instituciones de educaci\u00f3n superior, 60 mil est\u00e1n realizando programas t\u00e9cnicos o tecnol\u00f3gicos del Sena y poco m\u00e1s de mil reciben incentivos del ciclo anterior.<\/p>\n\n\n\n<p>Las transacciones se est\u00e1n realizando a trav\u00e9s de Daviplata, un producto de Davivienda. En algunos casos, se realiza con aliados de la entidad bancaria a trav\u00e9s de giros.<\/p>\n\n\n\n<p>Los beneficiarios recibir\u00e1n un mensaje de texto indicando el lugar y la fecha para reclamar la transferencia. Ante cualquier falla se puede comunicar al #688 o en el bot\u00f3n \u201c\u00bfNecesita ayuda?\u201d que se encuentra en Daviplata.<\/p>\n\n\n\n<div class=\"wp-block-uagb-advanced-heading uagb-block-39344944\"><h2 class=\"uagb-heading-text\"><strong>C\u00f3mo solicitar un pr\u00e9stamo<\/strong><\/h2><\/div>\n\n\n\n<p>Puedes pedir un <strong>pr\u00e9stamo sin moverte de tu casa<\/strong>. Ingresa a <a href=\"http:\/\/alprestamo.com\/co\">Alprestamo<\/a>, completa el formulario online y conoce las mejores opciones.\u00a0<\/p>\n","protected":false},"excerpt":{"rendered":"<p>El Departamento para la Prosperidad Social lanz\u00f3 hace varios a\u00f1os el programa adscrito J\u00f3venes en Acci\u00f3n, que busca entregar transferencias financieras a j\u00f3venes estudiantes de educaci\u00f3n t\u00e9cnica, tecnol\u00f3gica o profesional, con el objetivo de incentivar la formaci\u00f3n de personas en situaci\u00f3n de vulnerabilidad. A su vez, se ofrecen acciones complementarias para fortalecer las capacidades de &hellip;<\/p>\n<p class=\"read-more\"> <a class=\"\" href=\"https:\/\/alprestamo.com\/blog\/jovenes-en-accion-como-recibo-el-incentivo\/\"> <span class=\"screen-reader-text\">J\u00f3venes en Acci\u00f3n: \u00bfc\u00f3mo recibo el incentivo?<\/span> Leer m\u00e1s &raquo;<\/a><\/p>\n","protected":false},"author":9,"featured_media":22485,"comment_status":"closed","ping_status":"closed","sticky":false,"template":"","format":"standard","meta":{"_uag_custom_page_level_css":"","site-sidebar-layout":"default","site-content-layout":"default","ast-global-header-display":"","ast-banner-title-visibility":"","ast-main-header-display":"","ast-hfb-above-header-display":"","ast-hfb-below-header-display":"","ast-hfb-mobile-header-display":"","site-post-title":"","ast-breadcrumbs-content":"","ast-featured-img":"","footer-sml-layout":"","theme-transparent-header-meta":"","adv-header-id-meta":"","stick-header-meta":"","header-above-stick-meta":"","header-main-stick-meta":"","header-below-stick-meta":"","footnotes":""},"categories":[98,100],"tags":[],"class_list":["post-22484","post","type-post","status-publish","format-standard","has-post-thumbnail","hentry","category-co","category-programas-sociales"],"acf":[],"yoast_head":"<!-- This site is optimized with the Yoast SEO plugin v23.2 - https:\/\/yoast.com\/wordpress\/plugins\/seo\/ -->\n<title>J\u00f3venes en Acci\u00f3n: \u00bfc\u00f3mo recibo el incentivo?<\/title>\n<meta name=\"description\" content=\"El Departamento para la Prosperidad Social lanz\u00f3 hace varios a\u00f1os el programa adscrito J\u00f3venes en Acci\u00f3n, que busca entregar transferencias financieras a\" \/>\n<meta name=\"robots\" content=\"index, follow, max-snippet:-1, max-image-preview:large, max-video-preview:-1\" \/>\n<link rel=\"canonical\" href=\"https:\/\/alprestamo.com\/blog\/jovenes-en-accion-como-recibo-el-incentivo\/\" \/>\n<meta property=\"og:locale\" content=\"es_ES\" \/>\n<meta property=\"og:type\" content=\"article\" \/>\n<meta property=\"og:title\" content=\"J\u00f3venes en Acci\u00f3n: \u00bfc\u00f3mo recibo el incentivo?\" \/>\n<meta property=\"og:description\" content=\"El Departamento para la Prosperidad Social lanz\u00f3 hace varios a\u00f1os el programa adscrito J\u00f3venes en Acci\u00f3n, que busca entregar transferencias financieras a\" \/>\n<meta property=\"og:url\" content=\"https:\/\/alprestamo.com\/blog\/jovenes-en-accion-como-recibo-el-incentivo\/\" \/>\n<meta property=\"og:site_name\" content=\"Alprestamo - Hacemos que todo suceda\" \/>\n<meta property=\"article:published_time\" content=\"2023-05-10T15:31:19+00:00\" \/>\n<meta property=\"article:modified_time\" content=\"2023-12-05T18:10:27+00:00\" \/>\n<meta property=\"og:image\" content=\"https:\/\/alprestamo.com\/blog\/wp-content\/uploads\/2023\/05\/jovenes-en-accion.png\" \/>\n\t<meta property=\"og:image:width\" content=\"1111\" \/>\n\t<meta property=\"og:image:height\" content=\"623\" \/>\n\t<meta property=\"og:image:type\" content=\"image\/png\" \/>\n<meta name=\"author\" content=\"Ramiro Querejeta\" \/>\n<meta name=\"twitter:card\" content=\"summary_large_image\" \/>\n<meta name=\"twitter:label1\" content=\"Escrito por\" \/>\n\t<meta name=\"twitter:data1\" content=\"Ramiro Querejeta\" \/>\n\t<meta name=\"twitter:label2\" content=\"Tiempo de lectura\" \/>\n\t<meta name=\"twitter:data2\" content=\"2 minutos\" \/>\n<script type=\"application\/ld+json\" class=\"yoast-schema-graph\">{\"@context\":\"https:\/\/schema.org\",\"@graph\":[{\"@type\":\"NewsArticle\",\"@id\":\"https:\/\/alprestamo.com\/blog\/jovenes-en-accion-como-recibo-el-incentivo\/#article\",\"isPartOf\":{\"@id\":\"https:\/\/alprestamo.com\/blog\/jovenes-en-accion-como-recibo-el-incentivo\/\"},\"author\":{\"name\":\"Ramiro Querejeta\",\"@id\":\"https:\/\/alprestamo.com\/blog\/#\/schema\/person\/4c568603ceb381762b4c9062d42c7627\"},\"headline\":\"J\u00f3venes en Acci\u00f3n: \u00bfc\u00f3mo recibo el incentivo?\",\"datePublished\":\"2023-05-10T15:31:19+00:00\",\"dateModified\":\"2023-12-05T18:10:27+00:00\",\"mainEntityOfPage\":{\"@id\":\"https:\/\/alprestamo.com\/blog\/jovenes-en-accion-como-recibo-el-incentivo\/\"},\"wordCount\":368,\"publisher\":{\"@id\":\"https:\/\/alprestamo.com\/blog\/#organization\"},\"image\":{\"@id\":\"https:\/\/alprestamo.com\/blog\/jovenes-en-accion-como-recibo-el-incentivo\/#primaryimage\"},\"thumbnailUrl\":\"https:\/\/alprestamo.com\/blog\/wp-content\/uploads\/2023\/05\/jovenes-en-accion.png\",\"articleSection\":[\"CO\",\"Programas sociales\"],\"inLanguage\":\"es-AR\"},{\"@type\":\"WebPage\",\"@id\":\"https:\/\/alprestamo.com\/blog\/jovenes-en-accion-como-recibo-el-incentivo\/\",\"url\":\"https:\/\/alprestamo.com\/blog\/jovenes-en-accion-como-recibo-el-incentivo\/\",\"name\":\"J\u00f3venes en Acci\u00f3n: \u00bfc\u00f3mo recibo el incentivo?\",\"isPartOf\":{\"@id\":\"https:\/\/alprestamo.com\/blog\/#website\"},\"primaryImageOfPage\":{\"@id\":\"https:\/\/alprestamo.com\/blog\/jovenes-en-accion-como-recibo-el-incentivo\/#primaryimage\"},\"image\":{\"@id\":\"https:\/\/alprestamo.com\/blog\/jovenes-en-accion-como-recibo-el-incentivo\/#primaryimage\"},\"thumbnailUrl\":\"https:\/\/alprestamo.com\/blog\/wp-content\/uploads\/2023\/05\/jovenes-en-accion.png\",\"datePublished\":\"2023-05-10T15:31:19+00:00\",\"dateModified\":\"2023-12-05T18:10:27+00:00\",\"description\":\"El Departamento para la Prosperidad Social lanz\u00f3 hace varios a\u00f1os el programa adscrito J\u00f3venes en Acci\u00f3n, que busca entregar transferencias financieras a\",\"breadcrumb\":{\"@id\":\"https:\/\/alprestamo.com\/blog\/jovenes-en-accion-como-recibo-el-incentivo\/#breadcrumb\"},\"inLanguage\":\"es-AR\",\"potentialAction\":[{\"@type\":\"ReadAction\",\"target\":[\"https:\/\/alprestamo.com\/blog\/jovenes-en-accion-como-recibo-el-incentivo\/\"]}]},{\"@type\":\"ImageObject\",\"inLanguage\":\"es-AR\",\"@id\":\"https:\/\/alprestamo.com\/blog\/jovenes-en-accion-como-recibo-el-incentivo\/#primaryimage\",\"url\":\"https:\/\/alprestamo.com\/blog\/wp-content\/uploads\/2023\/05\/jovenes-en-accion.png\",\"contentUrl\":\"https:\/\/alprestamo.com\/blog\/wp-content\/uploads\/2023\/05\/jovenes-en-accion.png\",\"width\":1111,\"height\":623,\"caption\":\"Jovenes en acci\u00f3n\"},{\"@type\":\"BreadcrumbList\",\"@id\":\"https:\/\/alprestamo.com\/blog\/jovenes-en-accion-como-recibo-el-incentivo\/#breadcrumb\",\"itemListElement\":[{\"@type\":\"ListItem\",\"position\":1,\"name\":\"Home\",\"item\":\"https:\/\/alprestamo.com\/blog\/\"},{\"@type\":\"ListItem\",\"position\":2,\"name\":\"J\u00f3venes en Acci\u00f3n: \u00bfc\u00f3mo recibo el incentivo?\"}]},{\"@type\":\"WebSite\",\"@id\":\"https:\/\/alprestamo.com\/blog\/#website\",\"url\":\"https:\/\/alprestamo.com\/blog\/\",\"name\":\"Alprestamo\",\"description\":\"Hacemos que todo suceda\",\"publisher\":{\"@id\":\"https:\/\/alprestamo.com\/blog\/#organization\"},\"potentialAction\":[{\"@type\":\"SearchAction\",\"target\":{\"@type\":\"EntryPoint\",\"urlTemplate\":\"https:\/\/alprestamo.com\/blog\/?s={search_term_string}\"},\"query-input\":\"required name=search_term_string\"}],\"inLanguage\":\"es-AR\"},{\"@type\":\"Organization\",\"@id\":\"https:\/\/alprestamo.com\/blog\/#organization\",\"name\":\"Alprestamo\",\"url\":\"https:\/\/alprestamo.com\/blog\/\",\"logo\":{\"@type\":\"ImageObject\",\"inLanguage\":\"es-AR\",\"@id\":\"https:\/\/alprestamo.com\/blog\/#\/schema\/logo\/image\/\",\"url\":\"https:\/\/alprestamo.com\/blog\/wp-content\/uploads\/2022\/10\/Imagotipo_Blanco.svg\",\"contentUrl\":\"https:\/\/alprestamo.com\/blog\/wp-content\/uploads\/2022\/10\/Imagotipo_Blanco.svg\",\"width\":1199,\"height\":203,\"caption\":\"Alprestamo\"},\"image\":{\"@id\":\"https:\/\/alprestamo.com\/blog\/#\/schema\/logo\/image\/\"}},{\"@type\":\"Person\",\"@id\":\"https:\/\/alprestamo.com\/blog\/#\/schema\/person\/4c568603ceb381762b4c9062d42c7627\",\"name\":\"Ramiro Querejeta\",\"image\":{\"@type\":\"ImageObject\",\"inLanguage\":\"es-AR\",\"@id\":\"https:\/\/alprestamo.com\/blog\/#\/schema\/person\/image\/\",\"url\":\"https:\/\/alprestamo.com\/blog\/wp-content\/uploads\/2025\/08\/1688503693490-150x150.jpeg\",\"contentUrl\":\"https:\/\/alprestamo.com\/blog\/wp-content\/uploads\/2025\/08\/1688503693490-150x150.jpeg\",\"caption\":\"Ramiro Querejeta\"},\"url\":\"https:\/\/alprestamo.com\/blog\/author\/ramiro\/\"}]}<\/script>\n<!-- \/ Yoast SEO plugin. -->","yoast_head_json":{"title":"J\u00f3venes en Acci\u00f3n: \u00bfc\u00f3mo recibo el incentivo?","description":"El Departamento para la Prosperidad Social lanz\u00f3 hace varios a\u00f1os el programa adscrito J\u00f3venes en Acci\u00f3n, que busca entregar transferencias financieras a","robots":{"index":"index","follow":"follow","max-snippet":"max-snippet:-1","max-image-preview":"max-image-preview:large","max-video-preview":"max-video-preview:-1"},"canonical":"https:\/\/alprestamo.com\/blog\/jovenes-en-accion-como-recibo-el-incentivo\/","og_locale":"es_ES","og_type":"article","og_title":"J\u00f3venes en Acci\u00f3n: \u00bfc\u00f3mo recibo el incentivo?","og_description":"El Departamento para la Prosperidad Social lanz\u00f3 hace varios a\u00f1os el programa adscrito J\u00f3venes en Acci\u00f3n, que busca entregar transferencias financieras a","og_url":"https:\/\/alprestamo.com\/blog\/jovenes-en-accion-como-recibo-el-incentivo\/","og_site_name":"Alprestamo - Hacemos que todo suceda","article_published_time":"2023-05-10T15:31:19+00:00","article_modified_time":"2023-12-05T18:10:27+00:00","og_image":[{"width":1111,"height":623,"url":"https:\/\/alprestamo.com\/blog\/wp-content\/uploads\/2023\/05\/jovenes-en-accion.png","type":"image\/png"}],"author":"Ramiro Querejeta","twitter_card":"summary_large_image","twitter_misc":{"Escrito por":"Ramiro Querejeta","Tiempo de lectura":"2 minutos"},"schema":{"@context":"https:\/\/schema.org","@graph":[{"@type":"NewsArticle","@id":"https:\/\/alprestamo.com\/blog\/jovenes-en-accion-como-recibo-el-incentivo\/#article","isPartOf":{"@id":"https:\/\/alprestamo.com\/blog\/jovenes-en-accion-como-recibo-el-incentivo\/"},"author":{"name":"Ramiro Querejeta","@id":"https:\/\/alprestamo.com\/blog\/#\/schema\/person\/4c568603ceb381762b4c9062d42c7627"},"headline":"J\u00f3venes en Acci\u00f3n: \u00bfc\u00f3mo recibo el incentivo?","datePublished":"2023-05-10T15:31:19+00:00","dateModified":"2023-12-05T18:10:27+00:00","mainEntityOfPage":{"@id":"https:\/\/alprestamo.com\/blog\/jovenes-en-accion-como-recibo-el-incentivo\/"},"wordCount":368,"publisher":{"@id":"https:\/\/alprestamo.com\/blog\/#organization"},"image":{"@id":"https:\/\/alprestamo.com\/blog\/jovenes-en-accion-como-recibo-el-incentivo\/#primaryimage"},"thumbnailUrl":"https:\/\/alprestamo.com\/blog\/wp-content\/uploads\/2023\/05\/jovenes-en-accion.png","articleSection":["CO","Programas sociales"],"inLanguage":"es-AR"},{"@type":"WebPage","@id":"https:\/\/alprestamo.com\/blog\/jovenes-en-accion-como-recibo-el-incentivo\/","url":"https:\/\/alprestamo.com\/blog\/jovenes-en-accion-como-recibo-el-incentivo\/","name":"J\u00f3venes en Acci\u00f3n: \u00bfc\u00f3mo recibo el incentivo?","isPartOf":{"@id":"https:\/\/alprestamo.com\/blog\/#website"},"primaryImageOfPage":{"@id":"https:\/\/alprestamo.com\/blog\/jovenes-en-accion-como-recibo-el-incentivo\/#primaryimage"},"image":{"@id":"https:\/\/alprestamo.com\/blog\/jovenes-en-accion-como-recibo-el-incentivo\/#primaryimage"},"thumbnailUrl":"https:\/\/alprestamo.com\/blog\/wp-content\/uploads\/2023\/05\/jovenes-en-accion.png","datePublished":"2023-05-10T15:31:19+00:00","dateModified":"2023-12-05T18:10:27+00:00","description":"El Departamento para la Prosperidad Social lanz\u00f3 hace varios a\u00f1os el programa adscrito J\u00f3venes en Acci\u00f3n, que busca entregar transferencias financieras a","breadcrumb":{"@id":"https:\/\/alprestamo.com\/blog\/jovenes-en-accion-como-recibo-el-incentivo\/#breadcrumb"},"inLanguage":"es-AR","potentialAction":[{"@type":"ReadAction","target":["https:\/\/alprestamo.com\/blog\/jovenes-en-accion-como-recibo-el-incentivo\/"]}]},{"@type":"ImageObject","inLanguage":"es-AR","@id":"https:\/\/alprestamo.com\/blog\/jovenes-en-accion-como-recibo-el-incentivo\/#primaryimage","url":"https:\/\/alprestamo.com\/blog\/wp-content\/uploads\/2023\/05\/jovenes-en-accion.png","contentUrl":"https:\/\/alprestamo.com\/blog\/wp-content\/uploads\/2023\/05\/jovenes-en-accion.png","width":1111,"height":623,"caption":"Jovenes en acci\u00f3n"},{"@type":"BreadcrumbList","@id":"https:\/\/alprestamo.com\/blog\/jovenes-en-accion-como-recibo-el-incentivo\/#breadcrumb","itemListElement":[{"@type":"ListItem","position":1,"name":"Home","item":"https:\/\/alprestamo.com\/blog\/"},{"@type":"ListItem","position":2,"name":"J\u00f3venes en Acci\u00f3n: \u00bfc\u00f3mo recibo el incentivo?"}]},{"@type":"WebSite","@id":"https:\/\/alprestamo.com\/blog\/#website","url":"https:\/\/alprestamo.com\/blog\/","name":"Alprestamo","description":"Hacemos que todo suceda","publisher":{"@id":"https:\/\/alprestamo.com\/blog\/#organization"},"potentialAction":[{"@type":"SearchAction","target":{"@type":"EntryPoint","urlTemplate":"https:\/\/alprestamo.com\/blog\/?s={search_term_string}"},"query-input":"required name=search_term_string"}],"inLanguage":"es-AR"},{"@type":"Organization","@id":"https:\/\/alprestamo.com\/blog\/#organization","name":"Alprestamo","url":"https:\/\/alprestamo.com\/blog\/","logo":{"@type":"ImageObject","inLanguage":"es-AR","@id":"https:\/\/alprestamo.com\/blog\/#\/schema\/logo\/image\/","url":"https:\/\/alprestamo.com\/blog\/wp-content\/uploads\/2022\/10\/Imagotipo_Blanco.svg","contentUrl":"https:\/\/alprestamo.com\/blog\/wp-content\/uploads\/2022\/10\/Imagotipo_Blanco.svg","width":1199,"height":203,"caption":"Alprestamo"},"image":{"@id":"https:\/\/alprestamo.com\/blog\/#\/schema\/logo\/image\/"}},{"@type":"Person","@id":"https:\/\/alprestamo.com\/blog\/#\/schema\/person\/4c568603ceb381762b4c9062d42c7627","name":"Ramiro Querejeta","image":{"@type":"ImageObject","inLanguage":"es-AR","@id":"https:\/\/alprestamo.com\/blog\/#\/schema\/person\/image\/","url":"https:\/\/alprestamo.com\/blog\/wp-content\/uploads\/2025\/08\/1688503693490-150x150.jpeg","contentUrl":"https:\/\/alprestamo.com\/blog\/wp-content\/uploads\/2025\/08\/1688503693490-150x150.jpeg","caption":"Ramiro Querejeta"},"url":"https:\/\/alprestamo.com\/blog\/author\/ramiro\/"}]}},"uagb_featured_image_src":{"full":["https:\/\/alprestamo.com\/blog\/wp-content\/uploads\/2023\/05\/jovenes-en-accion.png",1111,623,false],"thumbnail":["https:\/\/alprestamo.com\/blog\/wp-content\/uploads\/2023\/05\/jovenes-en-accion-150x150.png",150,150,true],"medium":["https:\/\/alprestamo.com\/blog\/wp-content\/uploads\/2023\/05\/jovenes-en-accion-300x168.png",300,168,true],"medium_large":["https:\/\/alprestamo.com\/blog\/wp-content\/uploads\/2023\/05\/jovenes-en-accion-768x431.png",768,431,true],"large":["https:\/\/alprestamo.com\/blog\/wp-content\/uploads\/2023\/05\/jovenes-en-accion-1024x574.png",1024,574,true],"1536x1536":["https:\/\/alprestamo.com\/blog\/wp-content\/uploads\/2023\/05\/jovenes-en-accion.png",1111,623,false],"2048x2048":["https:\/\/alprestamo.com\/blog\/wp-content\/uploads\/2023\/05\/jovenes-en-accion.png",1111,623,false]},"uagb_author_info":{"display_name":"Ramiro Querejeta","author_link":"https:\/\/alprestamo.com\/blog\/author\/ramiro\/"},"uagb_comment_info":0,"uagb_excerpt":"El Departamento para la Prosperidad Social lanz\u00f3 hace varios a\u00f1os el programa adscrito J\u00f3venes en Acci\u00f3n, que busca entregar transferencias financieras a j\u00f3venes estudiantes de educaci\u00f3n t\u00e9cnica, tecnol\u00f3gica o profesional, con el objetivo de incentivar la formaci\u00f3n de personas en situaci\u00f3n de vulnerabilidad. A su vez, se ofrecen acciones complementarias para fortalecer las capacidades de&hellip;","rttpg_featured_image_url":{"full":["https:\/\/alprestamo.com\/blog\/wp-content\/uploads\/2023\/05\/jovenes-en-accion.png",1111,623,false],"landscape":["https:\/\/alprestamo.com\/blog\/wp-content\/uploads\/2023\/05\/jovenes-en-accion.png",1111,623,false],"portraits":["https:\/\/alprestamo.com\/blog\/wp-content\/uploads\/2023\/05\/jovenes-en-accion.png",1111,623,false],"thumbnail":["https:\/\/alprestamo.com\/blog\/wp-content\/uploads\/2023\/05\/jovenes-en-accion-150x150.png",150,150,true],"medium":["https:\/\/alprestamo.com\/blog\/wp-content\/uploads\/2023\/05\/jovenes-en-accion-300x168.png",300,168,true],"large":["https:\/\/alprestamo.com\/blog\/wp-content\/uploads\/2023\/05\/jovenes-en-accion-1024x574.png",1024,574,true],"1536x1536":["https:\/\/alprestamo.com\/blog\/wp-content\/uploads\/2023\/05\/jovenes-en-accion.png",1111,623,false],"2048x2048":["https:\/\/alprestamo.com\/blog\/wp-content\/uploads\/2023\/05\/jovenes-en-accion.png",1111,623,false],"rt_custom":["https:\/\/alprestamo.com\/blog\/wp-content\/uploads\/2023\/05\/jovenes-en-accion.png",1111,623,false]},"rttpg_author":{"display_name":"Ramiro Querejeta","author_link":"https:\/\/alprestamo.com\/blog\/author\/ramiro\/"},"rttpg_comment":0,"rttpg_category":"<a href=\"https:\/\/alprestamo.com\/blog\/categoria\/co\/\" rel=\"category tag\">CO<\/a> <a href=\"https:\/\/alprestamo.com\/blog\/categoria\/co\/programas-sociales\/\" rel=\"category tag\">Programas sociales<\/a>","rttpg_excerpt":"El Departamento para la Prosperidad Social lanz\u00f3 hace varios a\u00f1os el programa adscrito J\u00f3venes en Acci\u00f3n, que busca entregar transferencias financieras a j\u00f3venes estudiantes de educaci\u00f3n t\u00e9cnica, tecnol\u00f3gica o profesional, con el objetivo de incentivar la formaci\u00f3n de personas en situaci\u00f3n de vulnerabilidad. A su vez, se ofrecen acciones complementarias para fortalecer las capacidades de&hellip;","_links":{"self":[{"href":"https:\/\/alprestamo.com\/blog\/wp-json\/wp\/v2\/posts\/22484"}],"collection":[{"href":"https:\/\/alprestamo.com\/blog\/wp-json\/wp\/v2\/posts"}],"about":[{"href":"https:\/\/alprestamo.com\/blog\/wp-json\/wp\/v2\/types\/post"}],"author":[{"embeddable":true,"href":"https:\/\/alprestamo.com\/blog\/wp-json\/wp\/v2\/users\/9"}],"replies":[{"embeddable":true,"href":"https:\/\/alprestamo.com\/blog\/wp-json\/wp\/v2\/comments?post=22484"}],"version-history":[{"count":3,"href":"https:\/\/alprestamo.com\/blog\/wp-json\/wp\/v2\/posts\/22484\/revisions"}],"predecessor-version":[{"id":34724,"href":"https:\/\/alprestamo.com\/blog\/wp-json\/wp\/v2\/posts\/22484\/revisions\/34724"}],"wp:featuredmedia":[{"embeddable":true,"href":"https:\/\/alprestamo.com\/blog\/wp-json\/wp\/v2\/media\/22485"}],"wp:attachment":[{"href":"https:\/\/alprestamo.com\/blog\/wp-json\/wp\/v2\/media?parent=22484"}],"wp:term":[{"taxonomy":"category","embeddable":true,"href":"https:\/\/alprestamo.com\/blog\/wp-json\/wp\/v2\/categories?post=22484"},{"taxonomy":"post_tag","embeddable":true,"href":"https:\/\/alprestamo.com\/blog\/wp-json\/wp\/v2\/tags?post=22484"}],"curies":[{"name":"wp","href":"https:\/\/api.w.org\/{rel}","templated":true}]}}