{"id":22894,"date":"2023-05-16T09:00:00","date_gmt":"2023-05-16T12:00:00","guid":{"rendered":"https:\/\/alprestamo.com\/blog\/?p=22894"},"modified":"2023-05-16T09:00:00","modified_gmt":"2023-05-16T12:00:00","slug":"retrasos-en-la-pension-bienestar-cuando-y-como-recibo-los-pagos","status":"publish","type":"post","link":"https:\/\/alprestamo.com\/blog\/retrasos-en-la-pension-bienestar-cuando-y-como-recibo-los-pagos\/","title":{"rendered":"Retrasos en la Pensi\u00f3n Bienestar: \u00bfcu\u00e1ndo y c\u00f3mo recibo los pagos?"},"content":{"rendered":"\n<p><em>Te explicamos los posibles retrasos en la Pensi\u00f3n Bienestar (y las soluciones en caso de que no hayas recibido tu pago correspondiente).<\/em><\/p>\n\n\n\n<p>Durante el mes de mayo, los beneficiarios de la <strong>Pensi\u00f3n Bienestar 2023<\/strong> recibir\u00e1n su pago correspondiente al bimestre mayo-junio a trav\u00e9s de su tarjeta del Bienestar o de otra instituci\u00f3n bancaria.&nbsp;<\/p>\n\n\n\n<p>Sin embargo, <strong>las autoridades a cargo del programa han informado que algunos beneficiarios podr\u00edan recibir su pago en una fecha distinta a la estipulada en el calendario de entrega<\/strong>, lo que causar\u00eda un retraso en su \u00faltimo dep\u00f3sito.<\/p>\n\n\n\n<p>La titular de la Secretar\u00eda del Bienestar, Ariadna Montes, explic\u00f3 que el pago correspondiente al bimestre mayo-junio 2023 se realizar\u00e1<strong> a partir del 3 de mayo hasta el 17 del mismo mes<\/strong>, y se emitir\u00e1 el dep\u00f3sito conforme a la primera letra del apellido paterno.&nbsp;<\/p>\n\n\n\n<p>La finalidad de esta medida es <strong>evitar la saturaci\u00f3n del sistema<\/strong>, ya que este mes aquellas personas con tarjetas de los bancos Banamex y BBVA <strong>deber\u00e1n migrar su cuenta al Banco del Bienestar<\/strong> para seguir recibiendo el dep\u00f3sito del apoyo econ\u00f3mico.<\/p>\n\n\n\n<p><strong>\u00bfC\u00f3mo solucionar el retraso en el pago?<\/strong><\/p>\n\n\n\n<p>En algunos casos, los adultos mayores <strong>podr\u00edan ver reflejado el dep\u00f3sito de la Pensi\u00f3n Bienestar hasta 72 horas despu\u00e9s del d\u00eda correspondiente al calendario de entrega.<\/strong> Si despu\u00e9s de este plazo a\u00fan no han visto el dep\u00f3sito reflejado en su cuenta, se recomienda marcar a la L\u00ednea del Bienestar al n\u00famero 800 63 94 264 para realizar el reporte y dar seguimiento al problema.<\/p>\n\n\n\n<p>La coordinadora regional de programas sociales del Gobierno federal, Elizabeth Guzm\u00e1n Argueta, explic\u00f3 que en marzo tambi\u00e9n se presentaron retrasos en la dispersi\u00f3n de los apoyos correspondientes al segundo bimestre del a\u00f1o, pero en ese caso fue de hasta 10 d\u00edas debido a fallas en el sistema bancario del dep\u00f3sito de varios programas asistenciales federales.<\/p>\n\n\n\n<p><strong>\u00bfQuienes recibir\u00e1n doble pago en mayo?<\/strong><\/p>\n\n\n\n<p>El programa de Pensi\u00f3n para el Bienestar de Adultos Mayores beneficiar\u00e1 a aquellos que <a href=\"https:\/\/alprestamo.com\/blog\/mx\/planes-sociales-mx\/pension-del-bienestar-cuando-debo-cambiar-mi-tarjeta-en-abril-2\/\">a\u00fan no han recibido su tarjeta<\/a>, permiti\u00e9ndoles recibir el apoyo econ\u00f3mico correspondiente a los bimestres de marzo-abril y mayo-junio. <strong>Con una entrega de MXN 4.800 por bimestre.<\/strong><\/p>\n\n\n\n<p>Por otro lado, aquellos que ya recibieron su apoyo econ\u00f3mico por el periodo de marzo y abril solo recibir\u00e1n el monto de un semestre.<\/p>\n\n\n\n<p>La entrega de MXN 4.800 se realizar\u00e1 en las tarjetas del Banco del Bienestar o de otras entidades financieras, as\u00ed como de forma presencial en caso necesario.<\/p>\n\n\n\n<p>De esta forma, los beneficiarios podr\u00e1n recibir su apoyo econ\u00f3mico de forma segura y oportuna, asegurando que puedan hacer frente a sus necesidades.<\/p>\n","protected":false},"excerpt":{"rendered":"<p>Te explicamos los posibles retrasos en la Pensi\u00f3n Bienestar (y las soluciones en caso de que no hayas recibido tu pago correspondiente). Durante el mes de mayo, los beneficiarios de la Pensi\u00f3n Bienestar 2023 recibir\u00e1n su pago correspondiente al bimestre mayo-junio a trav\u00e9s de su tarjeta del Bienestar o de otra instituci\u00f3n bancaria.&nbsp; Sin embargo, &hellip;<\/p>\n<p class=\"read-more\"> <a class=\"\" href=\"https:\/\/alprestamo.com\/blog\/retrasos-en-la-pension-bienestar-cuando-y-como-recibo-los-pagos\/\"> <span class=\"screen-reader-text\">Retrasos en la Pensi\u00f3n Bienestar: \u00bfcu\u00e1ndo y c\u00f3mo recibo los pagos?<\/span> Leer m\u00e1s &raquo;<\/a><\/p>\n","protected":false},"author":9,"featured_media":22896,"comment_status":"closed","ping_status":"closed","sticky":false,"template":"","format":"standard","meta":{"_uag_custom_page_level_css":"","site-sidebar-layout":"default","site-content-layout":"default","ast-global-header-display":"","ast-banner-title-visibility":"","ast-main-header-display":"","ast-hfb-above-header-display":"","ast-hfb-below-header-display":"","ast-hfb-mobile-header-display":"","site-post-title":"","ast-breadcrumbs-content":"","ast-featured-img":"","footer-sml-layout":"","theme-transparent-header-meta":"","adv-header-id-meta":"","stick-header-meta":"","header-above-stick-meta":"","header-main-stick-meta":"","header-below-stick-meta":"","footnotes":""},"categories":[130,32],"tags":[],"class_list":["post-22894","post","type-post","status-publish","format-standard","has-post-thumbnail","hentry","category-mx","category-programas-sociales-mx"],"acf":[],"yoast_head":"<!-- This site is optimized with the Yoast SEO plugin v23.2 - https:\/\/yoast.com\/wordpress\/plugins\/seo\/ -->\n<title>Retrasos en la Pensi\u00f3n Bienestar: \u00bfcu\u00e1ndo y c\u00f3mo recibo los pagos?<\/title>\n<meta name=\"description\" content=\"Te explicamos los posibles retrasos en la Pensi\u00f3n Bienestar (y las soluciones en caso de que no hayas recibido tu pago correspondiente). Durante el mes de\" \/>\n<meta name=\"robots\" content=\"index, follow, max-snippet:-1, max-image-preview:large, max-video-preview:-1\" \/>\n<link rel=\"canonical\" href=\"https:\/\/alprestamo.com\/blog\/retrasos-en-la-pension-bienestar-cuando-y-como-recibo-los-pagos\/\" \/>\n<meta property=\"og:locale\" content=\"es_ES\" \/>\n<meta property=\"og:type\" content=\"article\" \/>\n<meta property=\"og:title\" content=\"Retrasos en la Pensi\u00f3n Bienestar: \u00bfcu\u00e1ndo y c\u00f3mo recibo los pagos?\" \/>\n<meta property=\"og:description\" content=\"Te explicamos los posibles retrasos en la Pensi\u00f3n Bienestar (y las soluciones en caso de que no hayas recibido tu pago correspondiente). Durante el mes de\" \/>\n<meta property=\"og:url\" content=\"https:\/\/alprestamo.com\/blog\/retrasos-en-la-pension-bienestar-cuando-y-como-recibo-los-pagos\/\" \/>\n<meta property=\"og:site_name\" content=\"Alprestamo - Hacemos que todo suceda\" \/>\n<meta property=\"article:published_time\" content=\"2023-05-16T12:00:00+00:00\" \/>\n<meta property=\"og:image\" content=\"https:\/\/alprestamo.com\/blog\/wp-content\/uploads\/2023\/05\/pension-mx.webp\" \/>\n\t<meta property=\"og:image:width\" content=\"1200\" \/>\n\t<meta property=\"og:image:height\" content=\"621\" \/>\n\t<meta property=\"og:image:type\" content=\"image\/webp\" \/>\n<meta name=\"author\" content=\"Ramiro Querejeta\" \/>\n<meta name=\"twitter:card\" content=\"summary_large_image\" \/>\n<meta name=\"twitter:label1\" content=\"Escrito por\" \/>\n\t<meta name=\"twitter:data1\" content=\"Ramiro Querejeta\" \/>\n\t<meta name=\"twitter:label2\" content=\"Tiempo de lectura\" \/>\n\t<meta name=\"twitter:data2\" content=\"2 minutos\" \/>\n<script type=\"application\/ld+json\" class=\"yoast-schema-graph\">{\"@context\":\"https:\/\/schema.org\",\"@graph\":[{\"@type\":\"NewsArticle\",\"@id\":\"https:\/\/alprestamo.com\/blog\/retrasos-en-la-pension-bienestar-cuando-y-como-recibo-los-pagos\/#article\",\"isPartOf\":{\"@id\":\"https:\/\/alprestamo.com\/blog\/retrasos-en-la-pension-bienestar-cuando-y-como-recibo-los-pagos\/\"},\"author\":{\"name\":\"Ramiro Querejeta\",\"@id\":\"https:\/\/alprestamo.com\/blog\/#\/schema\/person\/4c568603ceb381762b4c9062d42c7627\"},\"headline\":\"Retrasos en la Pensi\u00f3n Bienestar: \u00bfcu\u00e1ndo y c\u00f3mo recibo los pagos?\",\"datePublished\":\"2023-05-16T12:00:00+00:00\",\"dateModified\":\"2023-05-16T12:00:00+00:00\",\"mainEntityOfPage\":{\"@id\":\"https:\/\/alprestamo.com\/blog\/retrasos-en-la-pension-bienestar-cuando-y-como-recibo-los-pagos\/\"},\"wordCount\":468,\"publisher\":{\"@id\":\"https:\/\/alprestamo.com\/blog\/#organization\"},\"image\":{\"@id\":\"https:\/\/alprestamo.com\/blog\/retrasos-en-la-pension-bienestar-cuando-y-como-recibo-los-pagos\/#primaryimage\"},\"thumbnailUrl\":\"https:\/\/alprestamo.com\/blog\/wp-content\/uploads\/2023\/05\/pension-mx.webp\",\"articleSection\":[\"MX\",\"Programas Sociales\"],\"inLanguage\":\"es-AR\"},{\"@type\":\"WebPage\",\"@id\":\"https:\/\/alprestamo.com\/blog\/retrasos-en-la-pension-bienestar-cuando-y-como-recibo-los-pagos\/\",\"url\":\"https:\/\/alprestamo.com\/blog\/retrasos-en-la-pension-bienestar-cuando-y-como-recibo-los-pagos\/\",\"name\":\"Retrasos en la Pensi\u00f3n Bienestar: \u00bfcu\u00e1ndo y c\u00f3mo recibo los pagos?\",\"isPartOf\":{\"@id\":\"https:\/\/alprestamo.com\/blog\/#website\"},\"primaryImageOfPage\":{\"@id\":\"https:\/\/alprestamo.com\/blog\/retrasos-en-la-pension-bienestar-cuando-y-como-recibo-los-pagos\/#primaryimage\"},\"image\":{\"@id\":\"https:\/\/alprestamo.com\/blog\/retrasos-en-la-pension-bienestar-cuando-y-como-recibo-los-pagos\/#primaryimage\"},\"thumbnailUrl\":\"https:\/\/alprestamo.com\/blog\/wp-content\/uploads\/2023\/05\/pension-mx.webp\",\"datePublished\":\"2023-05-16T12:00:00+00:00\",\"dateModified\":\"2023-05-16T12:00:00+00:00\",\"description\":\"Te explicamos los posibles retrasos en la Pensi\u00f3n Bienestar (y las soluciones en caso de que no hayas recibido tu pago correspondiente). Durante el mes de\",\"breadcrumb\":{\"@id\":\"https:\/\/alprestamo.com\/blog\/retrasos-en-la-pension-bienestar-cuando-y-como-recibo-los-pagos\/#breadcrumb\"},\"inLanguage\":\"es-AR\",\"potentialAction\":[{\"@type\":\"ReadAction\",\"target\":[\"https:\/\/alprestamo.com\/blog\/retrasos-en-la-pension-bienestar-cuando-y-como-recibo-los-pagos\/\"]}]},{\"@type\":\"ImageObject\",\"inLanguage\":\"es-AR\",\"@id\":\"https:\/\/alprestamo.com\/blog\/retrasos-en-la-pension-bienestar-cuando-y-como-recibo-los-pagos\/#primaryimage\",\"url\":\"https:\/\/alprestamo.com\/blog\/wp-content\/uploads\/2023\/05\/pension-mx.webp\",\"contentUrl\":\"https:\/\/alprestamo.com\/blog\/wp-content\/uploads\/2023\/05\/pension-mx.webp\",\"width\":1200,\"height\":621,\"caption\":\"Pensi\u00f3n M\u00e9xico\"},{\"@type\":\"BreadcrumbList\",\"@id\":\"https:\/\/alprestamo.com\/blog\/retrasos-en-la-pension-bienestar-cuando-y-como-recibo-los-pagos\/#breadcrumb\",\"itemListElement\":[{\"@type\":\"ListItem\",\"position\":1,\"name\":\"Home\",\"item\":\"https:\/\/alprestamo.com\/blog\/\"},{\"@type\":\"ListItem\",\"position\":2,\"name\":\"Retrasos en la Pensi\u00f3n Bienestar: \u00bfcu\u00e1ndo y c\u00f3mo recibo los pagos?\"}]},{\"@type\":\"WebSite\",\"@id\":\"https:\/\/alprestamo.com\/blog\/#website\",\"url\":\"https:\/\/alprestamo.com\/blog\/\",\"name\":\"Alprestamo\",\"description\":\"Hacemos que todo suceda\",\"publisher\":{\"@id\":\"https:\/\/alprestamo.com\/blog\/#organization\"},\"potentialAction\":[{\"@type\":\"SearchAction\",\"target\":{\"@type\":\"EntryPoint\",\"urlTemplate\":\"https:\/\/alprestamo.com\/blog\/?s={search_term_string}\"},\"query-input\":\"required name=search_term_string\"}],\"inLanguage\":\"es-AR\"},{\"@type\":\"Organization\",\"@id\":\"https:\/\/alprestamo.com\/blog\/#organization\",\"name\":\"Alprestamo\",\"url\":\"https:\/\/alprestamo.com\/blog\/\",\"logo\":{\"@type\":\"ImageObject\",\"inLanguage\":\"es-AR\",\"@id\":\"https:\/\/alprestamo.com\/blog\/#\/schema\/logo\/image\/\",\"url\":\"https:\/\/alprestamo.com\/blog\/wp-content\/uploads\/2022\/10\/Imagotipo_Blanco.svg\",\"contentUrl\":\"https:\/\/alprestamo.com\/blog\/wp-content\/uploads\/2022\/10\/Imagotipo_Blanco.svg\",\"width\":1199,\"height\":203,\"caption\":\"Alprestamo\"},\"image\":{\"@id\":\"https:\/\/alprestamo.com\/blog\/#\/schema\/logo\/image\/\"}},{\"@type\":\"Person\",\"@id\":\"https:\/\/alprestamo.com\/blog\/#\/schema\/person\/4c568603ceb381762b4c9062d42c7627\",\"name\":\"Ramiro Querejeta\",\"image\":{\"@type\":\"ImageObject\",\"inLanguage\":\"es-AR\",\"@id\":\"https:\/\/alprestamo.com\/blog\/#\/schema\/person\/image\/\",\"url\":\"https:\/\/alprestamo.com\/blog\/wp-content\/uploads\/2025\/08\/1688503693490-150x150.jpeg\",\"contentUrl\":\"https:\/\/alprestamo.com\/blog\/wp-content\/uploads\/2025\/08\/1688503693490-150x150.jpeg\",\"caption\":\"Ramiro Querejeta\"},\"url\":\"https:\/\/alprestamo.com\/blog\/author\/ramiro\/\"}]}<\/script>\n<!-- \/ Yoast SEO plugin. -->","yoast_head_json":{"title":"Retrasos en la Pensi\u00f3n Bienestar: \u00bfcu\u00e1ndo y c\u00f3mo recibo los pagos?","description":"Te explicamos los posibles retrasos en la Pensi\u00f3n Bienestar (y las soluciones en caso de que no hayas recibido tu pago correspondiente). Durante el mes de","robots":{"index":"index","follow":"follow","max-snippet":"max-snippet:-1","max-image-preview":"max-image-preview:large","max-video-preview":"max-video-preview:-1"},"canonical":"https:\/\/alprestamo.com\/blog\/retrasos-en-la-pension-bienestar-cuando-y-como-recibo-los-pagos\/","og_locale":"es_ES","og_type":"article","og_title":"Retrasos en la Pensi\u00f3n Bienestar: \u00bfcu\u00e1ndo y c\u00f3mo recibo los pagos?","og_description":"Te explicamos los posibles retrasos en la Pensi\u00f3n Bienestar (y las soluciones en caso de que no hayas recibido tu pago correspondiente). Durante el mes de","og_url":"https:\/\/alprestamo.com\/blog\/retrasos-en-la-pension-bienestar-cuando-y-como-recibo-los-pagos\/","og_site_name":"Alprestamo - Hacemos que todo suceda","article_published_time":"2023-05-16T12:00:00+00:00","og_image":[{"width":1200,"height":621,"url":"https:\/\/alprestamo.com\/blog\/wp-content\/uploads\/2023\/05\/pension-mx.webp","type":"image\/webp"}],"author":"Ramiro Querejeta","twitter_card":"summary_large_image","twitter_misc":{"Escrito por":"Ramiro Querejeta","Tiempo de lectura":"2 minutos"},"schema":{"@context":"https:\/\/schema.org","@graph":[{"@type":"NewsArticle","@id":"https:\/\/alprestamo.com\/blog\/retrasos-en-la-pension-bienestar-cuando-y-como-recibo-los-pagos\/#article","isPartOf":{"@id":"https:\/\/alprestamo.com\/blog\/retrasos-en-la-pension-bienestar-cuando-y-como-recibo-los-pagos\/"},"author":{"name":"Ramiro Querejeta","@id":"https:\/\/alprestamo.com\/blog\/#\/schema\/person\/4c568603ceb381762b4c9062d42c7627"},"headline":"Retrasos en la Pensi\u00f3n Bienestar: \u00bfcu\u00e1ndo y c\u00f3mo recibo los pagos?","datePublished":"2023-05-16T12:00:00+00:00","dateModified":"2023-05-16T12:00:00+00:00","mainEntityOfPage":{"@id":"https:\/\/alprestamo.com\/blog\/retrasos-en-la-pension-bienestar-cuando-y-como-recibo-los-pagos\/"},"wordCount":468,"publisher":{"@id":"https:\/\/alprestamo.com\/blog\/#organization"},"image":{"@id":"https:\/\/alprestamo.com\/blog\/retrasos-en-la-pension-bienestar-cuando-y-como-recibo-los-pagos\/#primaryimage"},"thumbnailUrl":"https:\/\/alprestamo.com\/blog\/wp-content\/uploads\/2023\/05\/pension-mx.webp","articleSection":["MX","Programas Sociales"],"inLanguage":"es-AR"},{"@type":"WebPage","@id":"https:\/\/alprestamo.com\/blog\/retrasos-en-la-pension-bienestar-cuando-y-como-recibo-los-pagos\/","url":"https:\/\/alprestamo.com\/blog\/retrasos-en-la-pension-bienestar-cuando-y-como-recibo-los-pagos\/","name":"Retrasos en la Pensi\u00f3n Bienestar: \u00bfcu\u00e1ndo y c\u00f3mo recibo los pagos?","isPartOf":{"@id":"https:\/\/alprestamo.com\/blog\/#website"},"primaryImageOfPage":{"@id":"https:\/\/alprestamo.com\/blog\/retrasos-en-la-pension-bienestar-cuando-y-como-recibo-los-pagos\/#primaryimage"},"image":{"@id":"https:\/\/alprestamo.com\/blog\/retrasos-en-la-pension-bienestar-cuando-y-como-recibo-los-pagos\/#primaryimage"},"thumbnailUrl":"https:\/\/alprestamo.com\/blog\/wp-content\/uploads\/2023\/05\/pension-mx.webp","datePublished":"2023-05-16T12:00:00+00:00","dateModified":"2023-05-16T12:00:00+00:00","description":"Te explicamos los posibles retrasos en la Pensi\u00f3n Bienestar (y las soluciones en caso de que no hayas recibido tu pago correspondiente). Durante el mes de","breadcrumb":{"@id":"https:\/\/alprestamo.com\/blog\/retrasos-en-la-pension-bienestar-cuando-y-como-recibo-los-pagos\/#breadcrumb"},"inLanguage":"es-AR","potentialAction":[{"@type":"ReadAction","target":["https:\/\/alprestamo.com\/blog\/retrasos-en-la-pension-bienestar-cuando-y-como-recibo-los-pagos\/"]}]},{"@type":"ImageObject","inLanguage":"es-AR","@id":"https:\/\/alprestamo.com\/blog\/retrasos-en-la-pension-bienestar-cuando-y-como-recibo-los-pagos\/#primaryimage","url":"https:\/\/alprestamo.com\/blog\/wp-content\/uploads\/2023\/05\/pension-mx.webp","contentUrl":"https:\/\/alprestamo.com\/blog\/wp-content\/uploads\/2023\/05\/pension-mx.webp","width":1200,"height":621,"caption":"Pensi\u00f3n M\u00e9xico"},{"@type":"BreadcrumbList","@id":"https:\/\/alprestamo.com\/blog\/retrasos-en-la-pension-bienestar-cuando-y-como-recibo-los-pagos\/#breadcrumb","itemListElement":[{"@type":"ListItem","position":1,"name":"Home","item":"https:\/\/alprestamo.com\/blog\/"},{"@type":"ListItem","position":2,"name":"Retrasos en la Pensi\u00f3n Bienestar: \u00bfcu\u00e1ndo y c\u00f3mo recibo los pagos?"}]},{"@type":"WebSite","@id":"https:\/\/alprestamo.com\/blog\/#website","url":"https:\/\/alprestamo.com\/blog\/","name":"Alprestamo","description":"Hacemos que todo suceda","publisher":{"@id":"https:\/\/alprestamo.com\/blog\/#organization"},"potentialAction":[{"@type":"SearchAction","target":{"@type":"EntryPoint","urlTemplate":"https:\/\/alprestamo.com\/blog\/?s={search_term_string}"},"query-input":"required name=search_term_string"}],"inLanguage":"es-AR"},{"@type":"Organization","@id":"https:\/\/alprestamo.com\/blog\/#organization","name":"Alprestamo","url":"https:\/\/alprestamo.com\/blog\/","logo":{"@type":"ImageObject","inLanguage":"es-AR","@id":"https:\/\/alprestamo.com\/blog\/#\/schema\/logo\/image\/","url":"https:\/\/alprestamo.com\/blog\/wp-content\/uploads\/2022\/10\/Imagotipo_Blanco.svg","contentUrl":"https:\/\/alprestamo.com\/blog\/wp-content\/uploads\/2022\/10\/Imagotipo_Blanco.svg","width":1199,"height":203,"caption":"Alprestamo"},"image":{"@id":"https:\/\/alprestamo.com\/blog\/#\/schema\/logo\/image\/"}},{"@type":"Person","@id":"https:\/\/alprestamo.com\/blog\/#\/schema\/person\/4c568603ceb381762b4c9062d42c7627","name":"Ramiro Querejeta","image":{"@type":"ImageObject","inLanguage":"es-AR","@id":"https:\/\/alprestamo.com\/blog\/#\/schema\/person\/image\/","url":"https:\/\/alprestamo.com\/blog\/wp-content\/uploads\/2025\/08\/1688503693490-150x150.jpeg","contentUrl":"https:\/\/alprestamo.com\/blog\/wp-content\/uploads\/2025\/08\/1688503693490-150x150.jpeg","caption":"Ramiro Querejeta"},"url":"https:\/\/alprestamo.com\/blog\/author\/ramiro\/"}]}},"uagb_featured_image_src":{"full":["https:\/\/alprestamo.com\/blog\/wp-content\/uploads\/2023\/05\/pension-mx.webp",1200,621,false],"thumbnail":["https:\/\/alprestamo.com\/blog\/wp-content\/uploads\/2023\/05\/pension-mx-150x150.webp",150,150,true],"medium":["https:\/\/alprestamo.com\/blog\/wp-content\/uploads\/2023\/05\/pension-mx-300x155.webp",300,155,true],"medium_large":["https:\/\/alprestamo.com\/blog\/wp-content\/uploads\/2023\/05\/pension-mx-768x397.webp",768,397,true],"large":["https:\/\/alprestamo.com\/blog\/wp-content\/uploads\/2023\/05\/pension-mx-1024x530.webp",1024,530,true],"1536x1536":["https:\/\/alprestamo.com\/blog\/wp-content\/uploads\/2023\/05\/pension-mx.webp",1200,621,false],"2048x2048":["https:\/\/alprestamo.com\/blog\/wp-content\/uploads\/2023\/05\/pension-mx.webp",1200,621,false]},"uagb_author_info":{"display_name":"Ramiro Querejeta","author_link":"https:\/\/alprestamo.com\/blog\/author\/ramiro\/"},"uagb_comment_info":0,"uagb_excerpt":"Te explicamos los posibles retrasos en la Pensi\u00f3n Bienestar (y las soluciones en caso de que no hayas recibido tu pago correspondiente). Durante el mes de mayo, los beneficiarios de la Pensi\u00f3n Bienestar 2023 recibir\u00e1n su pago correspondiente al bimestre mayo-junio a trav\u00e9s de su tarjeta del Bienestar o de otra instituci\u00f3n bancaria.&nbsp; Sin embargo,&hellip;","rttpg_featured_image_url":{"full":["https:\/\/alprestamo.com\/blog\/wp-content\/uploads\/2023\/05\/pension-mx.webp",1200,621,false],"landscape":["https:\/\/alprestamo.com\/blog\/wp-content\/uploads\/2023\/05\/pension-mx.webp",1200,621,false],"portraits":["https:\/\/alprestamo.com\/blog\/wp-content\/uploads\/2023\/05\/pension-mx.webp",1200,621,false],"thumbnail":["https:\/\/alprestamo.com\/blog\/wp-content\/uploads\/2023\/05\/pension-mx-150x150.webp",150,150,true],"medium":["https:\/\/alprestamo.com\/blog\/wp-content\/uploads\/2023\/05\/pension-mx-300x155.webp",300,155,true],"large":["https:\/\/alprestamo.com\/blog\/wp-content\/uploads\/2023\/05\/pension-mx-1024x530.webp",1024,530,true],"1536x1536":["https:\/\/alprestamo.com\/blog\/wp-content\/uploads\/2023\/05\/pension-mx.webp",1200,621,false],"2048x2048":["https:\/\/alprestamo.com\/blog\/wp-content\/uploads\/2023\/05\/pension-mx.webp",1200,621,false],"rt_custom":["https:\/\/alprestamo.com\/blog\/wp-content\/uploads\/2023\/05\/pension-mx.webp",1200,621,false]},"rttpg_author":{"display_name":"Ramiro Querejeta","author_link":"https:\/\/alprestamo.com\/blog\/author\/ramiro\/"},"rttpg_comment":0,"rttpg_category":"<a href=\"https:\/\/alprestamo.com\/blog\/categoria\/mx\/\" rel=\"category tag\">MX<\/a> <a href=\"https:\/\/alprestamo.com\/blog\/categoria\/mx\/programas-sociales-mx\/\" rel=\"category tag\">Programas Sociales<\/a>","rttpg_excerpt":"Te explicamos los posibles retrasos en la Pensi\u00f3n Bienestar (y las soluciones en caso de que no hayas recibido tu pago correspondiente). Durante el mes de mayo, los beneficiarios de la Pensi\u00f3n Bienestar 2023 recibir\u00e1n su pago correspondiente al bimestre mayo-junio a trav\u00e9s de su tarjeta del Bienestar o de otra instituci\u00f3n bancaria.&nbsp; Sin embargo,&hellip;","_links":{"self":[{"href":"https:\/\/alprestamo.com\/blog\/wp-json\/wp\/v2\/posts\/22894"}],"collection":[{"href":"https:\/\/alprestamo.com\/blog\/wp-json\/wp\/v2\/posts"}],"about":[{"href":"https:\/\/alprestamo.com\/blog\/wp-json\/wp\/v2\/types\/post"}],"author":[{"embeddable":true,"href":"https:\/\/alprestamo.com\/blog\/wp-json\/wp\/v2\/users\/9"}],"replies":[{"embeddable":true,"href":"https:\/\/alprestamo.com\/blog\/wp-json\/wp\/v2\/comments?post=22894"}],"version-history":[{"count":1,"href":"https:\/\/alprestamo.com\/blog\/wp-json\/wp\/v2\/posts\/22894\/revisions"}],"predecessor-version":[{"id":22897,"href":"https:\/\/alprestamo.com\/blog\/wp-json\/wp\/v2\/posts\/22894\/revisions\/22897"}],"wp:featuredmedia":[{"embeddable":true,"href":"https:\/\/alprestamo.com\/blog\/wp-json\/wp\/v2\/media\/22896"}],"wp:attachment":[{"href":"https:\/\/alprestamo.com\/blog\/wp-json\/wp\/v2\/media?parent=22894"}],"wp:term":[{"taxonomy":"category","embeddable":true,"href":"https:\/\/alprestamo.com\/blog\/wp-json\/wp\/v2\/categories?post=22894"},{"taxonomy":"post_tag","embeddable":true,"href":"https:\/\/alprestamo.com\/blog\/wp-json\/wp\/v2\/tags?post=22894"}],"curies":[{"name":"wp","href":"https:\/\/api.w.org\/{rel}","templated":true}]}}