{"id":22936,"date":"2023-05-16T16:04:40","date_gmt":"2023-05-16T19:04:40","guid":{"rendered":"https:\/\/alprestamo.com\/blog\/?p=22936"},"modified":"2023-05-16T16:04:41","modified_gmt":"2023-05-16T19:04:41","slug":"inscripcion-en-la-renta-ciudadana-cuales-son-los-requisitos-y-las-fechas-de-pago","status":"publish","type":"post","link":"https:\/\/alprestamo.com\/blog\/inscripcion-en-la-renta-ciudadana-cuales-son-los-requisitos-y-las-fechas-de-pago\/","title":{"rendered":"Inscripci\u00f3n en la Renta Ciudadana: \u00bfcu\u00e1les son los requisitos y las fechas de pago?"},"content":{"rendered":"\n<p><a href=\"https:\/\/alprestamo.com\/blog\/co\/soy-beneficiario-de-la-renta-ciudadana-2023\/\">La Renta Ciudadana<\/a> es un programa provisional que busca brindar una ayuda financiera mensual de hasta 500 mil pesos a los hogares en condici\u00f3n de pobreza extrema.<\/p>\n\n\n\n<p>Sus principales objetivos son combatir el hambre, promover gradualmente la independencia econ\u00f3mica y facilitar el acceso a los derechos fundamentales. En Colombia, se espera que esta iniciativa tenga un gran impacto en muchos hogares en situaci\u00f3n de vulnerabilidad.<\/p>\n\n\n\n<h2 class=\"wp-block-heading\">\u00bfCu\u00e1les son las fechas de pago de la Renta Ciudadana?<\/h2>\n\n\n\n<p>Seg\u00fan lo anunciado por la directora de Prosperidad Social, Cielo Rusinque Urrego, <strong>el primer pago de Transici\u00f3n a Renta Ciudadana inici\u00f3 el 29 de abril.<\/strong> Este programa beneficiar\u00e1 a cerca de 3 millones de hogares en situaci\u00f3n de pobreza, pobreza extrema y vulnerabilidad.<\/p>\n\n\n\n<p><strong>Es importante estar atento a las fechas de pago para asegurarse de recibir el subsidio correspondiente.<\/strong><\/p>\n\n\n\n<h2 class=\"wp-block-heading\">\u00bfC\u00f3mo saber si eres beneficiario de la Renta Ciudadana?<\/h2>\n\n\n\n<p><strong>Las familias que residen en los 466 municipios con una alta tasa de desnutrici\u00f3n infantil ser\u00e1n elegibles para los montos m\u00e1s altos del subsidio, que pueden llegar hasta los $500.000<\/strong>.<\/p>\n\n\n\n<p>Las autoridades han utilizado los mapas de pobreza multidimensional y los municipios PDET para identificar a los destinatarios del programa<strong>.<\/strong><\/p>\n\n\n\n<p>Adem\u00e1s, se tomar\u00e1 en cuenta la composici\u00f3n del hogar y el cumplimiento de las responsabilidades en cuanto a la atenci\u00f3n de la salud y el acceso a la educaci\u00f3n de los ni\u00f1os y ni\u00f1as de la vivienda.&nbsp;<\/p>\n\n\n\n<h2 class=\"wp-block-heading\">\u00bfC\u00f3mo inscribirse a la Renta Ciudadana?<\/h2>\n\n\n\n<ol class=\"wp-block-list\">\n<li>Accede a la p\u00e1gina web oficial de <strong>Prosperidad Social.<\/strong><\/li>\n\n\n\n<li>Haz clic en la opci\u00f3n &#8220;<strong>Registrarse<\/strong>&#8220;.<\/li>\n\n\n\n<li>Si ya tienes una cuenta registrada, inicia sesi\u00f3n utilizando tu n\u00famero de identificaci\u00f3n en el <strong>servicio de Autenticaci\u00f3n Digital Ciudadana<\/strong>. Si no, tendr\u00e1s que completar el proceso de registro y proporcionar todos tus datos personales para crear una cuenta nueva.<\/li>\n\n\n\n<li>Una vez dentro de la plataforma, selecciona la opci\u00f3n <strong>&#8220;Consultar giros y beneficios&#8221; para verificar si eres uno de los beneficiarios del programa.<\/strong><\/li>\n<\/ol>\n\n\n\n<h2 class=\"wp-block-heading\">Consulta el listado de inscritos de la Renta Ciudadana 2023<\/h2>\n\n\n\n<p>Durante la transici\u00f3n hacia la implementaci\u00f3n de la Renta Ciudadana<strong>, se otorgar\u00e1 prioridad a las familias que se hayan inscrito en convocatorias anteriores de los programas de transferencias condicionadas de Prosperidad Social en los a\u00f1os 2021 y 2022.<\/strong><\/p>\n\n\n\n<p><strong>Para consultar el listado de inscripciones para la Renta Ciudadana 2023 y verificar si eres uno de los beneficiarios, puedes hacer clic <\/strong><a href=\"https:\/\/mega.nz\/file\/248zlAxD#eLarMthef3qD7G-EOetk9G3V-oaWlnU3cYs6Zei44jg\"><strong>aqu\u00ed<\/strong><\/a><strong>.&nbsp;<\/strong><\/p>\n\n\n\n<p>Mantente informado y aprovecha esta oportunidad de acceder a la Renta Ciudadana, un programa que busca mejorar la calidad de vida de las personas en situaci\u00f3n de vulnerabilidad en Colombia.<\/p>\n\n\n\n<p>Recuerda seguir los pasos para inscribirte y estar atento a las fechas de pago.<\/p>\n\n\n\n<p>\u00a1No pierdas la oportunidad de recibir esta ayuda financiera que puede marcar la diferencia en tu d\u00eda a d\u00eda!<\/p>\n","protected":false},"excerpt":{"rendered":"<p>La Renta Ciudadana es un programa provisional que busca brindar una ayuda financiera mensual de hasta 500 mil pesos a los hogares en condici\u00f3n de pobreza extrema. Sus principales objetivos son combatir el hambre, promover gradualmente la independencia econ\u00f3mica y facilitar el acceso a los derechos fundamentales. En Colombia, se espera que esta iniciativa tenga &hellip;<\/p>\n<p class=\"read-more\"> <a class=\"\" href=\"https:\/\/alprestamo.com\/blog\/inscripcion-en-la-renta-ciudadana-cuales-son-los-requisitos-y-las-fechas-de-pago\/\"> <span class=\"screen-reader-text\">Inscripci\u00f3n en la Renta Ciudadana: \u00bfcu\u00e1les son los requisitos y las fechas de pago?<\/span> Leer m\u00e1s &raquo;<\/a><\/p>\n","protected":false},"author":9,"featured_media":22937,"comment_status":"closed","ping_status":"closed","sticky":false,"template":"","format":"standard","meta":{"_uag_custom_page_level_css":"","site-sidebar-layout":"default","site-content-layout":"default","ast-global-header-display":"","ast-banner-title-visibility":"","ast-main-header-display":"","ast-hfb-above-header-display":"","ast-hfb-below-header-display":"","ast-hfb-mobile-header-display":"","site-post-title":"","ast-breadcrumbs-content":"","ast-featured-img":"","footer-sml-layout":"","theme-transparent-header-meta":"","adv-header-id-meta":"","stick-header-meta":"","header-above-stick-meta":"","header-main-stick-meta":"","header-below-stick-meta":"","footnotes":""},"categories":[98,100],"tags":[],"class_list":["post-22936","post","type-post","status-publish","format-standard","has-post-thumbnail","hentry","category-co","category-programas-sociales"],"acf":[],"yoast_head":"<!-- This site is optimized with the Yoast SEO plugin v23.2 - https:\/\/yoast.com\/wordpress\/plugins\/seo\/ -->\n<title>Inscripci\u00f3n en la Renta Ciudadana: \u00bfcu\u00e1les son los requisitos y las fechas de pago?<\/title>\n<meta name=\"description\" content=\"La Renta Ciudadana es un programa provisional que busca brindar una ayuda financiera mensual de hasta 500 mil pesos a los hogares en condici\u00f3n de pobreza\" \/>\n<meta name=\"robots\" content=\"index, follow, max-snippet:-1, max-image-preview:large, max-video-preview:-1\" \/>\n<link rel=\"canonical\" href=\"https:\/\/alprestamo.com\/blog\/inscripcion-en-la-renta-ciudadana-cuales-son-los-requisitos-y-las-fechas-de-pago\/\" \/>\n<meta property=\"og:locale\" content=\"es_ES\" \/>\n<meta property=\"og:type\" content=\"article\" \/>\n<meta property=\"og:title\" content=\"Inscripci\u00f3n en la Renta Ciudadana: \u00bfcu\u00e1les son los requisitos y las fechas de pago?\" \/>\n<meta property=\"og:description\" content=\"La Renta Ciudadana es un programa provisional que busca brindar una ayuda financiera mensual de hasta 500 mil pesos a los hogares en condici\u00f3n de pobreza\" \/>\n<meta property=\"og:url\" content=\"https:\/\/alprestamo.com\/blog\/inscripcion-en-la-renta-ciudadana-cuales-son-los-requisitos-y-las-fechas-de-pago\/\" \/>\n<meta property=\"og:site_name\" content=\"Alprestamo - Hacemos que todo suceda\" \/>\n<meta property=\"article:published_time\" content=\"2023-05-16T19:04:40+00:00\" \/>\n<meta property=\"article:modified_time\" content=\"2023-05-16T19:04:41+00:00\" \/>\n<meta property=\"og:image\" content=\"https:\/\/alprestamo.com\/blog\/wp-content\/uploads\/2023\/05\/renta-ciudadana.jpg\" \/>\n\t<meta property=\"og:image:width\" content=\"1200\" \/>\n\t<meta property=\"og:image:height\" content=\"675\" \/>\n\t<meta property=\"og:image:type\" content=\"image\/jpeg\" \/>\n<meta name=\"author\" content=\"Ramiro Querejeta\" \/>\n<meta name=\"twitter:card\" content=\"summary_large_image\" \/>\n<meta name=\"twitter:label1\" content=\"Escrito por\" \/>\n\t<meta name=\"twitter:data1\" content=\"Ramiro Querejeta\" \/>\n\t<meta name=\"twitter:label2\" content=\"Tiempo de lectura\" \/>\n\t<meta name=\"twitter:data2\" content=\"2 minutos\" \/>\n<script type=\"application\/ld+json\" class=\"yoast-schema-graph\">{\"@context\":\"https:\/\/schema.org\",\"@graph\":[{\"@type\":\"NewsArticle\",\"@id\":\"https:\/\/alprestamo.com\/blog\/inscripcion-en-la-renta-ciudadana-cuales-son-los-requisitos-y-las-fechas-de-pago\/#article\",\"isPartOf\":{\"@id\":\"https:\/\/alprestamo.com\/blog\/inscripcion-en-la-renta-ciudadana-cuales-son-los-requisitos-y-las-fechas-de-pago\/\"},\"author\":{\"name\":\"Ramiro Querejeta\",\"@id\":\"https:\/\/alprestamo.com\/blog\/#\/schema\/person\/4c568603ceb381762b4c9062d42c7627\"},\"headline\":\"Inscripci\u00f3n en la Renta Ciudadana: \u00bfcu\u00e1les son los requisitos y las fechas de pago?\",\"datePublished\":\"2023-05-16T19:04:40+00:00\",\"dateModified\":\"2023-05-16T19:04:41+00:00\",\"mainEntityOfPage\":{\"@id\":\"https:\/\/alprestamo.com\/blog\/inscripcion-en-la-renta-ciudadana-cuales-son-los-requisitos-y-las-fechas-de-pago\/\"},\"wordCount\":489,\"publisher\":{\"@id\":\"https:\/\/alprestamo.com\/blog\/#organization\"},\"image\":{\"@id\":\"https:\/\/alprestamo.com\/blog\/inscripcion-en-la-renta-ciudadana-cuales-son-los-requisitos-y-las-fechas-de-pago\/#primaryimage\"},\"thumbnailUrl\":\"https:\/\/alprestamo.com\/blog\/wp-content\/uploads\/2023\/05\/renta-ciudadana.jpg\",\"articleSection\":[\"CO\",\"Programas sociales\"],\"inLanguage\":\"es-AR\"},{\"@type\":\"WebPage\",\"@id\":\"https:\/\/alprestamo.com\/blog\/inscripcion-en-la-renta-ciudadana-cuales-son-los-requisitos-y-las-fechas-de-pago\/\",\"url\":\"https:\/\/alprestamo.com\/blog\/inscripcion-en-la-renta-ciudadana-cuales-son-los-requisitos-y-las-fechas-de-pago\/\",\"name\":\"Inscripci\u00f3n en la Renta Ciudadana: \u00bfcu\u00e1les son los requisitos y las fechas de pago?\",\"isPartOf\":{\"@id\":\"https:\/\/alprestamo.com\/blog\/#website\"},\"primaryImageOfPage\":{\"@id\":\"https:\/\/alprestamo.com\/blog\/inscripcion-en-la-renta-ciudadana-cuales-son-los-requisitos-y-las-fechas-de-pago\/#primaryimage\"},\"image\":{\"@id\":\"https:\/\/alprestamo.com\/blog\/inscripcion-en-la-renta-ciudadana-cuales-son-los-requisitos-y-las-fechas-de-pago\/#primaryimage\"},\"thumbnailUrl\":\"https:\/\/alprestamo.com\/blog\/wp-content\/uploads\/2023\/05\/renta-ciudadana.jpg\",\"datePublished\":\"2023-05-16T19:04:40+00:00\",\"dateModified\":\"2023-05-16T19:04:41+00:00\",\"description\":\"La Renta Ciudadana es un programa provisional que busca brindar una ayuda financiera mensual de hasta 500 mil pesos a los hogares en condici\u00f3n de pobreza\",\"breadcrumb\":{\"@id\":\"https:\/\/alprestamo.com\/blog\/inscripcion-en-la-renta-ciudadana-cuales-son-los-requisitos-y-las-fechas-de-pago\/#breadcrumb\"},\"inLanguage\":\"es-AR\",\"potentialAction\":[{\"@type\":\"ReadAction\",\"target\":[\"https:\/\/alprestamo.com\/blog\/inscripcion-en-la-renta-ciudadana-cuales-son-los-requisitos-y-las-fechas-de-pago\/\"]}]},{\"@type\":\"ImageObject\",\"inLanguage\":\"es-AR\",\"@id\":\"https:\/\/alprestamo.com\/blog\/inscripcion-en-la-renta-ciudadana-cuales-son-los-requisitos-y-las-fechas-de-pago\/#primaryimage\",\"url\":\"https:\/\/alprestamo.com\/blog\/wp-content\/uploads\/2023\/05\/renta-ciudadana.jpg\",\"contentUrl\":\"https:\/\/alprestamo.com\/blog\/wp-content\/uploads\/2023\/05\/renta-ciudadana.jpg\",\"width\":1200,\"height\":675,\"caption\":\"Renta Ciudadana\"},{\"@type\":\"BreadcrumbList\",\"@id\":\"https:\/\/alprestamo.com\/blog\/inscripcion-en-la-renta-ciudadana-cuales-son-los-requisitos-y-las-fechas-de-pago\/#breadcrumb\",\"itemListElement\":[{\"@type\":\"ListItem\",\"position\":1,\"name\":\"Home\",\"item\":\"https:\/\/alprestamo.com\/blog\/\"},{\"@type\":\"ListItem\",\"position\":2,\"name\":\"Inscripci\u00f3n en la Renta Ciudadana: \u00bfcu\u00e1les son los requisitos y las fechas de pago?\"}]},{\"@type\":\"WebSite\",\"@id\":\"https:\/\/alprestamo.com\/blog\/#website\",\"url\":\"https:\/\/alprestamo.com\/blog\/\",\"name\":\"Alprestamo\",\"description\":\"Hacemos que todo suceda\",\"publisher\":{\"@id\":\"https:\/\/alprestamo.com\/blog\/#organization\"},\"potentialAction\":[{\"@type\":\"SearchAction\",\"target\":{\"@type\":\"EntryPoint\",\"urlTemplate\":\"https:\/\/alprestamo.com\/blog\/?s={search_term_string}\"},\"query-input\":\"required name=search_term_string\"}],\"inLanguage\":\"es-AR\"},{\"@type\":\"Organization\",\"@id\":\"https:\/\/alprestamo.com\/blog\/#organization\",\"name\":\"Alprestamo\",\"url\":\"https:\/\/alprestamo.com\/blog\/\",\"logo\":{\"@type\":\"ImageObject\",\"inLanguage\":\"es-AR\",\"@id\":\"https:\/\/alprestamo.com\/blog\/#\/schema\/logo\/image\/\",\"url\":\"https:\/\/alprestamo.com\/blog\/wp-content\/uploads\/2022\/10\/Imagotipo_Blanco.svg\",\"contentUrl\":\"https:\/\/alprestamo.com\/blog\/wp-content\/uploads\/2022\/10\/Imagotipo_Blanco.svg\",\"width\":1199,\"height\":203,\"caption\":\"Alprestamo\"},\"image\":{\"@id\":\"https:\/\/alprestamo.com\/blog\/#\/schema\/logo\/image\/\"}},{\"@type\":\"Person\",\"@id\":\"https:\/\/alprestamo.com\/blog\/#\/schema\/person\/4c568603ceb381762b4c9062d42c7627\",\"name\":\"Ramiro Querejeta\",\"image\":{\"@type\":\"ImageObject\",\"inLanguage\":\"es-AR\",\"@id\":\"https:\/\/alprestamo.com\/blog\/#\/schema\/person\/image\/\",\"url\":\"https:\/\/alprestamo.com\/blog\/wp-content\/uploads\/2025\/08\/1688503693490-150x150.jpeg\",\"contentUrl\":\"https:\/\/alprestamo.com\/blog\/wp-content\/uploads\/2025\/08\/1688503693490-150x150.jpeg\",\"caption\":\"Ramiro Querejeta\"},\"url\":\"https:\/\/alprestamo.com\/blog\/author\/ramiro\/\"}]}<\/script>\n<!-- \/ Yoast SEO plugin. -->","yoast_head_json":{"title":"Inscripci\u00f3n en la Renta Ciudadana: \u00bfcu\u00e1les son los requisitos y las fechas de pago?","description":"La Renta Ciudadana es un programa provisional que busca brindar una ayuda financiera mensual de hasta 500 mil pesos a los hogares en condici\u00f3n de pobreza","robots":{"index":"index","follow":"follow","max-snippet":"max-snippet:-1","max-image-preview":"max-image-preview:large","max-video-preview":"max-video-preview:-1"},"canonical":"https:\/\/alprestamo.com\/blog\/inscripcion-en-la-renta-ciudadana-cuales-son-los-requisitos-y-las-fechas-de-pago\/","og_locale":"es_ES","og_type":"article","og_title":"Inscripci\u00f3n en la Renta Ciudadana: \u00bfcu\u00e1les son los requisitos y las fechas de pago?","og_description":"La Renta Ciudadana es un programa provisional que busca brindar una ayuda financiera mensual de hasta 500 mil pesos a los hogares en condici\u00f3n de pobreza","og_url":"https:\/\/alprestamo.com\/blog\/inscripcion-en-la-renta-ciudadana-cuales-son-los-requisitos-y-las-fechas-de-pago\/","og_site_name":"Alprestamo - Hacemos que todo suceda","article_published_time":"2023-05-16T19:04:40+00:00","article_modified_time":"2023-05-16T19:04:41+00:00","og_image":[{"width":1200,"height":675,"url":"https:\/\/alprestamo.com\/blog\/wp-content\/uploads\/2023\/05\/renta-ciudadana.jpg","type":"image\/jpeg"}],"author":"Ramiro Querejeta","twitter_card":"summary_large_image","twitter_misc":{"Escrito por":"Ramiro Querejeta","Tiempo de lectura":"2 minutos"},"schema":{"@context":"https:\/\/schema.org","@graph":[{"@type":"NewsArticle","@id":"https:\/\/alprestamo.com\/blog\/inscripcion-en-la-renta-ciudadana-cuales-son-los-requisitos-y-las-fechas-de-pago\/#article","isPartOf":{"@id":"https:\/\/alprestamo.com\/blog\/inscripcion-en-la-renta-ciudadana-cuales-son-los-requisitos-y-las-fechas-de-pago\/"},"author":{"name":"Ramiro Querejeta","@id":"https:\/\/alprestamo.com\/blog\/#\/schema\/person\/4c568603ceb381762b4c9062d42c7627"},"headline":"Inscripci\u00f3n en la Renta Ciudadana: \u00bfcu\u00e1les son los requisitos y las fechas de pago?","datePublished":"2023-05-16T19:04:40+00:00","dateModified":"2023-05-16T19:04:41+00:00","mainEntityOfPage":{"@id":"https:\/\/alprestamo.com\/blog\/inscripcion-en-la-renta-ciudadana-cuales-son-los-requisitos-y-las-fechas-de-pago\/"},"wordCount":489,"publisher":{"@id":"https:\/\/alprestamo.com\/blog\/#organization"},"image":{"@id":"https:\/\/alprestamo.com\/blog\/inscripcion-en-la-renta-ciudadana-cuales-son-los-requisitos-y-las-fechas-de-pago\/#primaryimage"},"thumbnailUrl":"https:\/\/alprestamo.com\/blog\/wp-content\/uploads\/2023\/05\/renta-ciudadana.jpg","articleSection":["CO","Programas sociales"],"inLanguage":"es-AR"},{"@type":"WebPage","@id":"https:\/\/alprestamo.com\/blog\/inscripcion-en-la-renta-ciudadana-cuales-son-los-requisitos-y-las-fechas-de-pago\/","url":"https:\/\/alprestamo.com\/blog\/inscripcion-en-la-renta-ciudadana-cuales-son-los-requisitos-y-las-fechas-de-pago\/","name":"Inscripci\u00f3n en la Renta Ciudadana: \u00bfcu\u00e1les son los requisitos y las fechas de pago?","isPartOf":{"@id":"https:\/\/alprestamo.com\/blog\/#website"},"primaryImageOfPage":{"@id":"https:\/\/alprestamo.com\/blog\/inscripcion-en-la-renta-ciudadana-cuales-son-los-requisitos-y-las-fechas-de-pago\/#primaryimage"},"image":{"@id":"https:\/\/alprestamo.com\/blog\/inscripcion-en-la-renta-ciudadana-cuales-son-los-requisitos-y-las-fechas-de-pago\/#primaryimage"},"thumbnailUrl":"https:\/\/alprestamo.com\/blog\/wp-content\/uploads\/2023\/05\/renta-ciudadana.jpg","datePublished":"2023-05-16T19:04:40+00:00","dateModified":"2023-05-16T19:04:41+00:00","description":"La Renta Ciudadana es un programa provisional que busca brindar una ayuda financiera mensual de hasta 500 mil pesos a los hogares en condici\u00f3n de pobreza","breadcrumb":{"@id":"https:\/\/alprestamo.com\/blog\/inscripcion-en-la-renta-ciudadana-cuales-son-los-requisitos-y-las-fechas-de-pago\/#breadcrumb"},"inLanguage":"es-AR","potentialAction":[{"@type":"ReadAction","target":["https:\/\/alprestamo.com\/blog\/inscripcion-en-la-renta-ciudadana-cuales-son-los-requisitos-y-las-fechas-de-pago\/"]}]},{"@type":"ImageObject","inLanguage":"es-AR","@id":"https:\/\/alprestamo.com\/blog\/inscripcion-en-la-renta-ciudadana-cuales-son-los-requisitos-y-las-fechas-de-pago\/#primaryimage","url":"https:\/\/alprestamo.com\/blog\/wp-content\/uploads\/2023\/05\/renta-ciudadana.jpg","contentUrl":"https:\/\/alprestamo.com\/blog\/wp-content\/uploads\/2023\/05\/renta-ciudadana.jpg","width":1200,"height":675,"caption":"Renta Ciudadana"},{"@type":"BreadcrumbList","@id":"https:\/\/alprestamo.com\/blog\/inscripcion-en-la-renta-ciudadana-cuales-son-los-requisitos-y-las-fechas-de-pago\/#breadcrumb","itemListElement":[{"@type":"ListItem","position":1,"name":"Home","item":"https:\/\/alprestamo.com\/blog\/"},{"@type":"ListItem","position":2,"name":"Inscripci\u00f3n en la Renta Ciudadana: \u00bfcu\u00e1les son los requisitos y las fechas de pago?"}]},{"@type":"WebSite","@id":"https:\/\/alprestamo.com\/blog\/#website","url":"https:\/\/alprestamo.com\/blog\/","name":"Alprestamo","description":"Hacemos que todo suceda","publisher":{"@id":"https:\/\/alprestamo.com\/blog\/#organization"},"potentialAction":[{"@type":"SearchAction","target":{"@type":"EntryPoint","urlTemplate":"https:\/\/alprestamo.com\/blog\/?s={search_term_string}"},"query-input":"required name=search_term_string"}],"inLanguage":"es-AR"},{"@type":"Organization","@id":"https:\/\/alprestamo.com\/blog\/#organization","name":"Alprestamo","url":"https:\/\/alprestamo.com\/blog\/","logo":{"@type":"ImageObject","inLanguage":"es-AR","@id":"https:\/\/alprestamo.com\/blog\/#\/schema\/logo\/image\/","url":"https:\/\/alprestamo.com\/blog\/wp-content\/uploads\/2022\/10\/Imagotipo_Blanco.svg","contentUrl":"https:\/\/alprestamo.com\/blog\/wp-content\/uploads\/2022\/10\/Imagotipo_Blanco.svg","width":1199,"height":203,"caption":"Alprestamo"},"image":{"@id":"https:\/\/alprestamo.com\/blog\/#\/schema\/logo\/image\/"}},{"@type":"Person","@id":"https:\/\/alprestamo.com\/blog\/#\/schema\/person\/4c568603ceb381762b4c9062d42c7627","name":"Ramiro Querejeta","image":{"@type":"ImageObject","inLanguage":"es-AR","@id":"https:\/\/alprestamo.com\/blog\/#\/schema\/person\/image\/","url":"https:\/\/alprestamo.com\/blog\/wp-content\/uploads\/2025\/08\/1688503693490-150x150.jpeg","contentUrl":"https:\/\/alprestamo.com\/blog\/wp-content\/uploads\/2025\/08\/1688503693490-150x150.jpeg","caption":"Ramiro Querejeta"},"url":"https:\/\/alprestamo.com\/blog\/author\/ramiro\/"}]}},"uagb_featured_image_src":{"full":["https:\/\/alprestamo.com\/blog\/wp-content\/uploads\/2023\/05\/renta-ciudadana.jpg",1200,675,false],"thumbnail":["https:\/\/alprestamo.com\/blog\/wp-content\/uploads\/2023\/05\/renta-ciudadana-150x150.jpg",150,150,true],"medium":["https:\/\/alprestamo.com\/blog\/wp-content\/uploads\/2023\/05\/renta-ciudadana-300x169.jpg",300,169,true],"medium_large":["https:\/\/alprestamo.com\/blog\/wp-content\/uploads\/2023\/05\/renta-ciudadana-768x432.jpg",768,432,true],"large":["https:\/\/alprestamo.com\/blog\/wp-content\/uploads\/2023\/05\/renta-ciudadana-1024x576.jpg",1024,576,true],"1536x1536":["https:\/\/alprestamo.com\/blog\/wp-content\/uploads\/2023\/05\/renta-ciudadana.jpg",1200,675,false],"2048x2048":["https:\/\/alprestamo.com\/blog\/wp-content\/uploads\/2023\/05\/renta-ciudadana.jpg",1200,675,false]},"uagb_author_info":{"display_name":"Ramiro Querejeta","author_link":"https:\/\/alprestamo.com\/blog\/author\/ramiro\/"},"uagb_comment_info":0,"uagb_excerpt":"La Renta Ciudadana es un programa provisional que busca brindar una ayuda financiera mensual de hasta 500 mil pesos a los hogares en condici\u00f3n de pobreza extrema. Sus principales objetivos son combatir el hambre, promover gradualmente la independencia econ\u00f3mica y facilitar el acceso a los derechos fundamentales. En Colombia, se espera que esta iniciativa tenga&hellip;","rttpg_featured_image_url":{"full":["https:\/\/alprestamo.com\/blog\/wp-content\/uploads\/2023\/05\/renta-ciudadana.jpg",1200,675,false],"landscape":["https:\/\/alprestamo.com\/blog\/wp-content\/uploads\/2023\/05\/renta-ciudadana.jpg",1200,675,false],"portraits":["https:\/\/alprestamo.com\/blog\/wp-content\/uploads\/2023\/05\/renta-ciudadana.jpg",1200,675,false],"thumbnail":["https:\/\/alprestamo.com\/blog\/wp-content\/uploads\/2023\/05\/renta-ciudadana-150x150.jpg",150,150,true],"medium":["https:\/\/alprestamo.com\/blog\/wp-content\/uploads\/2023\/05\/renta-ciudadana-300x169.jpg",300,169,true],"large":["https:\/\/alprestamo.com\/blog\/wp-content\/uploads\/2023\/05\/renta-ciudadana-1024x576.jpg",1024,576,true],"1536x1536":["https:\/\/alprestamo.com\/blog\/wp-content\/uploads\/2023\/05\/renta-ciudadana.jpg",1200,675,false],"2048x2048":["https:\/\/alprestamo.com\/blog\/wp-content\/uploads\/2023\/05\/renta-ciudadana.jpg",1200,675,false],"rt_custom":["https:\/\/alprestamo.com\/blog\/wp-content\/uploads\/2023\/05\/renta-ciudadana.jpg",1200,675,false]},"rttpg_author":{"display_name":"Ramiro Querejeta","author_link":"https:\/\/alprestamo.com\/blog\/author\/ramiro\/"},"rttpg_comment":0,"rttpg_category":"<a href=\"https:\/\/alprestamo.com\/blog\/categoria\/co\/\" rel=\"category tag\">CO<\/a> <a href=\"https:\/\/alprestamo.com\/blog\/categoria\/co\/programas-sociales\/\" rel=\"category tag\">Programas sociales<\/a>","rttpg_excerpt":"La Renta Ciudadana es un programa provisional que busca brindar una ayuda financiera mensual de hasta 500 mil pesos a los hogares en condici\u00f3n de pobreza extrema. Sus principales objetivos son combatir el hambre, promover gradualmente la independencia econ\u00f3mica y facilitar el acceso a los derechos fundamentales. En Colombia, se espera que esta iniciativa tenga&hellip;","_links":{"self":[{"href":"https:\/\/alprestamo.com\/blog\/wp-json\/wp\/v2\/posts\/22936"}],"collection":[{"href":"https:\/\/alprestamo.com\/blog\/wp-json\/wp\/v2\/posts"}],"about":[{"href":"https:\/\/alprestamo.com\/blog\/wp-json\/wp\/v2\/types\/post"}],"author":[{"embeddable":true,"href":"https:\/\/alprestamo.com\/blog\/wp-json\/wp\/v2\/users\/9"}],"replies":[{"embeddable":true,"href":"https:\/\/alprestamo.com\/blog\/wp-json\/wp\/v2\/comments?post=22936"}],"version-history":[{"count":1,"href":"https:\/\/alprestamo.com\/blog\/wp-json\/wp\/v2\/posts\/22936\/revisions"}],"predecessor-version":[{"id":22938,"href":"https:\/\/alprestamo.com\/blog\/wp-json\/wp\/v2\/posts\/22936\/revisions\/22938"}],"wp:featuredmedia":[{"embeddable":true,"href":"https:\/\/alprestamo.com\/blog\/wp-json\/wp\/v2\/media\/22937"}],"wp:attachment":[{"href":"https:\/\/alprestamo.com\/blog\/wp-json\/wp\/v2\/media?parent=22936"}],"wp:term":[{"taxonomy":"category","embeddable":true,"href":"https:\/\/alprestamo.com\/blog\/wp-json\/wp\/v2\/categories?post=22936"},{"taxonomy":"post_tag","embeddable":true,"href":"https:\/\/alprestamo.com\/blog\/wp-json\/wp\/v2\/tags?post=22936"}],"curies":[{"name":"wp","href":"https:\/\/api.w.org\/{rel}","templated":true}]}}