{"id":22978,"date":"2023-05-18T08:00:00","date_gmt":"2023-05-18T11:00:00","guid":{"rendered":"https:\/\/alprestamo.com\/blog\/?p=22978"},"modified":"2023-05-18T08:00:00","modified_gmt":"2023-05-18T11:00:00","slug":"como-se-si-me-quitaran-el-subsidio-electrico","status":"publish","type":"post","link":"https:\/\/alprestamo.com\/blog\/como-se-si-me-quitaran-el-subsidio-electrico\/","title":{"rendered":"\u00bfC\u00f3mo s\u00e9 si me quitar\u00e1n el subsidio el\u00e9ctrico?"},"content":{"rendered":"\n<p>La Secretar\u00eda de Energ\u00eda estableci\u00f3 los precios estacionales que se aplicar\u00e1n desde mayo hasta octubre.&nbsp;<\/p>\n\n\n\n<p>En julio del a\u00f1o pasado, <strong>el gobierno nacional anunci\u00f3 que algunos usuarios podr\u00edan <\/strong><a href=\"https:\/\/alprestamo.com\/blog\/ar\/programas-sociales-ar\/subsidios-de-luz-y-gas-comenzo-la-inscripcion-en-el-rase-segun-dni\/\"><strong>mantener los subsidios de luz y gas <\/strong>al anotarse en el Registro de Acceso a los Subsidios a la Energ\u00eda (RASE)<\/a>. Para mantenerlos, era necesario completar el formulario de inscripci\u00f3n en la fecha correspondiente.<\/p>\n\n\n\n<p>Antes de esta reestructuraci\u00f3n, el Estado cubr\u00eda m\u00e1s del 70% del costo de la energ\u00eda. Seg\u00fan informaci\u00f3n oficial, esta nueva propuesta de segmentaci\u00f3n busca asignar los subsidios \u201cseg\u00fan la capacidad econ\u00f3mica de los hogares\u201d para aquellos con ingresos m\u00e1s bajos y que requieran de la asistencia estatal para pagar la luz y el gas.<\/p>\n\n\n\n<p>De lo contrario, quienes no hayan completado el formulario hoy est\u00e1n pagando el 100% de la tarifa plena.<\/p>\n\n\n\n<p>La Secretar\u00eda de Energ\u00eda estableci\u00f3 los <strong>nuevos precios estacionales para la energ\u00eda el\u00e9ctrica que empezar\u00e1n a aplicarse desde mayo hasta octubre<\/strong> de 2023 y que <strong>incluir\u00e1 la quita total de subsidios del Nivel 1<\/strong>.<\/p>\n\n\n\n<p>Seg\u00fan informaron desde la Secretar\u00eda, <strong>quienes dejar\u00e1n de recibir subsidios son las grandes industrias<\/strong>; los <strong>usuarios residenciales de mayores ingresos<\/strong>; y todos los usuarios que, por distintos motivos, <strong>decidieron no solicitar la continuidad de los subsidios con el formulario<\/strong> previamente mencionado.&nbsp;<\/p>\n\n\n\n<p>De todas formas, el subsecretario de Energ\u00eda El\u00e9ctrica de la Naci\u00f3n, Santiago Yanotti, <strong>confirm\u00f3 que 7 de cada 10 usuarios no percibir\u00e1n la quita de los subsidios<\/strong> a la energ\u00eda el\u00e9ctrica.&nbsp;<\/p>\n\n\n\n<p class=\"has-medium-font-size\">Los nuevos precios<\/p>\n\n\n\n<p><strong>El aumento para el segmento que corresponde al Nivel 1 ser\u00e1 de unos $3.000 pesos m\u00e1s impuestos <\/strong>en promedio. Sin embargo, para el resto de los segmentos no habr\u00e1 aumentos.<\/p>\n\n\n\n<p>Con respecto a los comercios minoristas, el 75% no percibir\u00e1 una variaci\u00f3n en su boleta, con excepci\u00f3n de aquellos comercios que consuman m\u00e1s de 800 KW\/h. El impacto de las tarifas rondar\u00e1 entre un 12 y 14% de aumento.&nbsp;<\/p>\n\n\n\n<p>Si quer\u00e9s recibir el subsidio, pod\u00e9s inscribirte en argentina.gob.ar\/subsidios.<\/p>\n","protected":false},"excerpt":{"rendered":"<p>La Secretar\u00eda de Energ\u00eda estableci\u00f3 los precios estacionales que se aplicar\u00e1n desde mayo hasta octubre.&nbsp; En julio del a\u00f1o pasado, el gobierno nacional anunci\u00f3 que algunos usuarios podr\u00edan mantener los subsidios de luz y gas al anotarse en el Registro de Acceso a los Subsidios a la Energ\u00eda (RASE). Para mantenerlos, era necesario completar el &hellip;<\/p>\n<p class=\"read-more\"> <a class=\"\" href=\"https:\/\/alprestamo.com\/blog\/como-se-si-me-quitaran-el-subsidio-electrico\/\"> <span class=\"screen-reader-text\">\u00bfC\u00f3mo s\u00e9 si me quitar\u00e1n el subsidio el\u00e9ctrico?<\/span> Leer m\u00e1s &raquo;<\/a><\/p>\n","protected":false},"author":9,"featured_media":22979,"comment_status":"closed","ping_status":"closed","sticky":false,"template":"","format":"standard","meta":{"_uag_custom_page_level_css":"","site-sidebar-layout":"default","site-content-layout":"default","ast-global-header-display":"","ast-banner-title-visibility":"","ast-main-header-display":"","ast-hfb-above-header-display":"","ast-hfb-below-header-display":"","ast-hfb-mobile-header-display":"","site-post-title":"","ast-breadcrumbs-content":"","ast-featured-img":"","footer-sml-layout":"","theme-transparent-header-meta":"","adv-header-id-meta":"","stick-header-meta":"","header-above-stick-meta":"","header-main-stick-meta":"","header-below-stick-meta":"","footnotes":""},"categories":[92,10],"tags":[],"class_list":["post-22978","post","type-post","status-publish","format-standard","has-post-thumbnail","hentry","category-ar","category-programas-sociales-ar"],"acf":[],"yoast_head":"<!-- This site is optimized with the Yoast SEO plugin v23.2 - https:\/\/yoast.com\/wordpress\/plugins\/seo\/ -->\n<title>\u00bfC\u00f3mo s\u00e9 si me quitar\u00e1n el subsidio el\u00e9ctrico?<\/title>\n<meta name=\"description\" content=\"La Secretar\u00eda de Energ\u00eda estableci\u00f3 los precios estacionales que se aplicar\u00e1n desde mayo hasta octubre.&nbsp; En julio del a\u00f1o pasado, el gobierno\" \/>\n<meta name=\"robots\" content=\"index, follow, max-snippet:-1, max-image-preview:large, max-video-preview:-1\" \/>\n<link rel=\"canonical\" href=\"https:\/\/alprestamo.com\/blog\/como-se-si-me-quitaran-el-subsidio-electrico\/\" \/>\n<meta property=\"og:locale\" content=\"es_ES\" \/>\n<meta property=\"og:type\" content=\"article\" \/>\n<meta property=\"og:title\" content=\"\u00bfC\u00f3mo s\u00e9 si me quitar\u00e1n el subsidio el\u00e9ctrico?\" \/>\n<meta property=\"og:description\" content=\"La Secretar\u00eda de Energ\u00eda estableci\u00f3 los precios estacionales que se aplicar\u00e1n desde mayo hasta octubre.&nbsp; En julio del a\u00f1o pasado, el gobierno\" \/>\n<meta property=\"og:url\" content=\"https:\/\/alprestamo.com\/blog\/como-se-si-me-quitaran-el-subsidio-electrico\/\" \/>\n<meta property=\"og:site_name\" content=\"Alprestamo - Hacemos que todo suceda\" \/>\n<meta property=\"article:published_time\" content=\"2023-05-18T11:00:00+00:00\" \/>\n<meta property=\"og:image\" content=\"https:\/\/alprestamo.com\/blog\/wp-content\/uploads\/2023\/05\/subsidio-energia.jpg\" \/>\n\t<meta property=\"og:image:width\" content=\"867\" \/>\n\t<meta property=\"og:image:height\" content=\"487\" \/>\n\t<meta property=\"og:image:type\" content=\"image\/jpeg\" \/>\n<meta name=\"author\" content=\"Ramiro Querejeta\" \/>\n<meta name=\"twitter:card\" content=\"summary_large_image\" \/>\n<meta name=\"twitter:label1\" content=\"Escrito por\" \/>\n\t<meta name=\"twitter:data1\" content=\"Ramiro Querejeta\" \/>\n\t<meta name=\"twitter:label2\" content=\"Tiempo de lectura\" \/>\n\t<meta name=\"twitter:data2\" content=\"2 minutos\" \/>\n<script type=\"application\/ld+json\" class=\"yoast-schema-graph\">{\"@context\":\"https:\/\/schema.org\",\"@graph\":[{\"@type\":\"NewsArticle\",\"@id\":\"https:\/\/alprestamo.com\/blog\/como-se-si-me-quitaran-el-subsidio-electrico\/#article\",\"isPartOf\":{\"@id\":\"https:\/\/alprestamo.com\/blog\/como-se-si-me-quitaran-el-subsidio-electrico\/\"},\"author\":{\"name\":\"Ramiro Querejeta\",\"@id\":\"https:\/\/alprestamo.com\/blog\/#\/schema\/person\/4c568603ceb381762b4c9062d42c7627\"},\"headline\":\"\u00bfC\u00f3mo s\u00e9 si me quitar\u00e1n el subsidio el\u00e9ctrico?\",\"datePublished\":\"2023-05-18T11:00:00+00:00\",\"dateModified\":\"2023-05-18T11:00:00+00:00\",\"mainEntityOfPage\":{\"@id\":\"https:\/\/alprestamo.com\/blog\/como-se-si-me-quitaran-el-subsidio-electrico\/\"},\"wordCount\":366,\"publisher\":{\"@id\":\"https:\/\/alprestamo.com\/blog\/#organization\"},\"image\":{\"@id\":\"https:\/\/alprestamo.com\/blog\/como-se-si-me-quitaran-el-subsidio-electrico\/#primaryimage\"},\"thumbnailUrl\":\"https:\/\/alprestamo.com\/blog\/wp-content\/uploads\/2023\/05\/subsidio-energia.jpg\",\"articleSection\":[\"AR\",\"Programas sociales\"],\"inLanguage\":\"es-AR\"},{\"@type\":\"WebPage\",\"@id\":\"https:\/\/alprestamo.com\/blog\/como-se-si-me-quitaran-el-subsidio-electrico\/\",\"url\":\"https:\/\/alprestamo.com\/blog\/como-se-si-me-quitaran-el-subsidio-electrico\/\",\"name\":\"\u00bfC\u00f3mo s\u00e9 si me quitar\u00e1n el subsidio el\u00e9ctrico?\",\"isPartOf\":{\"@id\":\"https:\/\/alprestamo.com\/blog\/#website\"},\"primaryImageOfPage\":{\"@id\":\"https:\/\/alprestamo.com\/blog\/como-se-si-me-quitaran-el-subsidio-electrico\/#primaryimage\"},\"image\":{\"@id\":\"https:\/\/alprestamo.com\/blog\/como-se-si-me-quitaran-el-subsidio-electrico\/#primaryimage\"},\"thumbnailUrl\":\"https:\/\/alprestamo.com\/blog\/wp-content\/uploads\/2023\/05\/subsidio-energia.jpg\",\"datePublished\":\"2023-05-18T11:00:00+00:00\",\"dateModified\":\"2023-05-18T11:00:00+00:00\",\"description\":\"La Secretar\u00eda de Energ\u00eda estableci\u00f3 los precios estacionales que se aplicar\u00e1n desde mayo hasta octubre.&nbsp; En julio del a\u00f1o pasado, el gobierno\",\"breadcrumb\":{\"@id\":\"https:\/\/alprestamo.com\/blog\/como-se-si-me-quitaran-el-subsidio-electrico\/#breadcrumb\"},\"inLanguage\":\"es-AR\",\"potentialAction\":[{\"@type\":\"ReadAction\",\"target\":[\"https:\/\/alprestamo.com\/blog\/como-se-si-me-quitaran-el-subsidio-electrico\/\"]}]},{\"@type\":\"ImageObject\",\"inLanguage\":\"es-AR\",\"@id\":\"https:\/\/alprestamo.com\/blog\/como-se-si-me-quitaran-el-subsidio-electrico\/#primaryimage\",\"url\":\"https:\/\/alprestamo.com\/blog\/wp-content\/uploads\/2023\/05\/subsidio-energia.jpg\",\"contentUrl\":\"https:\/\/alprestamo.com\/blog\/wp-content\/uploads\/2023\/05\/subsidio-energia.jpg\",\"width\":867,\"height\":487,\"caption\":\"Subsidio energ\u00e9tico\"},{\"@type\":\"BreadcrumbList\",\"@id\":\"https:\/\/alprestamo.com\/blog\/como-se-si-me-quitaran-el-subsidio-electrico\/#breadcrumb\",\"itemListElement\":[{\"@type\":\"ListItem\",\"position\":1,\"name\":\"Home\",\"item\":\"https:\/\/alprestamo.com\/blog\/\"},{\"@type\":\"ListItem\",\"position\":2,\"name\":\"\u00bfC\u00f3mo s\u00e9 si me quitar\u00e1n el subsidio el\u00e9ctrico?\"}]},{\"@type\":\"WebSite\",\"@id\":\"https:\/\/alprestamo.com\/blog\/#website\",\"url\":\"https:\/\/alprestamo.com\/blog\/\",\"name\":\"Alprestamo\",\"description\":\"Hacemos que todo suceda\",\"publisher\":{\"@id\":\"https:\/\/alprestamo.com\/blog\/#organization\"},\"potentialAction\":[{\"@type\":\"SearchAction\",\"target\":{\"@type\":\"EntryPoint\",\"urlTemplate\":\"https:\/\/alprestamo.com\/blog\/?s={search_term_string}\"},\"query-input\":\"required name=search_term_string\"}],\"inLanguage\":\"es-AR\"},{\"@type\":\"Organization\",\"@id\":\"https:\/\/alprestamo.com\/blog\/#organization\",\"name\":\"Alprestamo\",\"url\":\"https:\/\/alprestamo.com\/blog\/\",\"logo\":{\"@type\":\"ImageObject\",\"inLanguage\":\"es-AR\",\"@id\":\"https:\/\/alprestamo.com\/blog\/#\/schema\/logo\/image\/\",\"url\":\"https:\/\/alprestamo.com\/blog\/wp-content\/uploads\/2022\/10\/Imagotipo_Blanco.svg\",\"contentUrl\":\"https:\/\/alprestamo.com\/blog\/wp-content\/uploads\/2022\/10\/Imagotipo_Blanco.svg\",\"width\":1199,\"height\":203,\"caption\":\"Alprestamo\"},\"image\":{\"@id\":\"https:\/\/alprestamo.com\/blog\/#\/schema\/logo\/image\/\"}},{\"@type\":\"Person\",\"@id\":\"https:\/\/alprestamo.com\/blog\/#\/schema\/person\/4c568603ceb381762b4c9062d42c7627\",\"name\":\"Ramiro Querejeta\",\"image\":{\"@type\":\"ImageObject\",\"inLanguage\":\"es-AR\",\"@id\":\"https:\/\/alprestamo.com\/blog\/#\/schema\/person\/image\/\",\"url\":\"https:\/\/alprestamo.com\/blog\/wp-content\/uploads\/2025\/08\/1688503693490-150x150.jpeg\",\"contentUrl\":\"https:\/\/alprestamo.com\/blog\/wp-content\/uploads\/2025\/08\/1688503693490-150x150.jpeg\",\"caption\":\"Ramiro Querejeta\"},\"url\":\"https:\/\/alprestamo.com\/blog\/author\/ramiro\/\"}]}<\/script>\n<!-- \/ Yoast SEO plugin. -->","yoast_head_json":{"title":"\u00bfC\u00f3mo s\u00e9 si me quitar\u00e1n el subsidio el\u00e9ctrico?","description":"La Secretar\u00eda de Energ\u00eda estableci\u00f3 los precios estacionales que se aplicar\u00e1n desde mayo hasta octubre.&nbsp; En julio del a\u00f1o pasado, el gobierno","robots":{"index":"index","follow":"follow","max-snippet":"max-snippet:-1","max-image-preview":"max-image-preview:large","max-video-preview":"max-video-preview:-1"},"canonical":"https:\/\/alprestamo.com\/blog\/como-se-si-me-quitaran-el-subsidio-electrico\/","og_locale":"es_ES","og_type":"article","og_title":"\u00bfC\u00f3mo s\u00e9 si me quitar\u00e1n el subsidio el\u00e9ctrico?","og_description":"La Secretar\u00eda de Energ\u00eda estableci\u00f3 los precios estacionales que se aplicar\u00e1n desde mayo hasta octubre.&nbsp; En julio del a\u00f1o pasado, el gobierno","og_url":"https:\/\/alprestamo.com\/blog\/como-se-si-me-quitaran-el-subsidio-electrico\/","og_site_name":"Alprestamo - Hacemos que todo suceda","article_published_time":"2023-05-18T11:00:00+00:00","og_image":[{"width":867,"height":487,"url":"https:\/\/alprestamo.com\/blog\/wp-content\/uploads\/2023\/05\/subsidio-energia.jpg","type":"image\/jpeg"}],"author":"Ramiro Querejeta","twitter_card":"summary_large_image","twitter_misc":{"Escrito por":"Ramiro Querejeta","Tiempo de lectura":"2 minutos"},"schema":{"@context":"https:\/\/schema.org","@graph":[{"@type":"NewsArticle","@id":"https:\/\/alprestamo.com\/blog\/como-se-si-me-quitaran-el-subsidio-electrico\/#article","isPartOf":{"@id":"https:\/\/alprestamo.com\/blog\/como-se-si-me-quitaran-el-subsidio-electrico\/"},"author":{"name":"Ramiro Querejeta","@id":"https:\/\/alprestamo.com\/blog\/#\/schema\/person\/4c568603ceb381762b4c9062d42c7627"},"headline":"\u00bfC\u00f3mo s\u00e9 si me quitar\u00e1n el subsidio el\u00e9ctrico?","datePublished":"2023-05-18T11:00:00+00:00","dateModified":"2023-05-18T11:00:00+00:00","mainEntityOfPage":{"@id":"https:\/\/alprestamo.com\/blog\/como-se-si-me-quitaran-el-subsidio-electrico\/"},"wordCount":366,"publisher":{"@id":"https:\/\/alprestamo.com\/blog\/#organization"},"image":{"@id":"https:\/\/alprestamo.com\/blog\/como-se-si-me-quitaran-el-subsidio-electrico\/#primaryimage"},"thumbnailUrl":"https:\/\/alprestamo.com\/blog\/wp-content\/uploads\/2023\/05\/subsidio-energia.jpg","articleSection":["AR","Programas sociales"],"inLanguage":"es-AR"},{"@type":"WebPage","@id":"https:\/\/alprestamo.com\/blog\/como-se-si-me-quitaran-el-subsidio-electrico\/","url":"https:\/\/alprestamo.com\/blog\/como-se-si-me-quitaran-el-subsidio-electrico\/","name":"\u00bfC\u00f3mo s\u00e9 si me quitar\u00e1n el subsidio el\u00e9ctrico?","isPartOf":{"@id":"https:\/\/alprestamo.com\/blog\/#website"},"primaryImageOfPage":{"@id":"https:\/\/alprestamo.com\/blog\/como-se-si-me-quitaran-el-subsidio-electrico\/#primaryimage"},"image":{"@id":"https:\/\/alprestamo.com\/blog\/como-se-si-me-quitaran-el-subsidio-electrico\/#primaryimage"},"thumbnailUrl":"https:\/\/alprestamo.com\/blog\/wp-content\/uploads\/2023\/05\/subsidio-energia.jpg","datePublished":"2023-05-18T11:00:00+00:00","dateModified":"2023-05-18T11:00:00+00:00","description":"La Secretar\u00eda de Energ\u00eda estableci\u00f3 los precios estacionales que se aplicar\u00e1n desde mayo hasta octubre.&nbsp; En julio del a\u00f1o pasado, el gobierno","breadcrumb":{"@id":"https:\/\/alprestamo.com\/blog\/como-se-si-me-quitaran-el-subsidio-electrico\/#breadcrumb"},"inLanguage":"es-AR","potentialAction":[{"@type":"ReadAction","target":["https:\/\/alprestamo.com\/blog\/como-se-si-me-quitaran-el-subsidio-electrico\/"]}]},{"@type":"ImageObject","inLanguage":"es-AR","@id":"https:\/\/alprestamo.com\/blog\/como-se-si-me-quitaran-el-subsidio-electrico\/#primaryimage","url":"https:\/\/alprestamo.com\/blog\/wp-content\/uploads\/2023\/05\/subsidio-energia.jpg","contentUrl":"https:\/\/alprestamo.com\/blog\/wp-content\/uploads\/2023\/05\/subsidio-energia.jpg","width":867,"height":487,"caption":"Subsidio energ\u00e9tico"},{"@type":"BreadcrumbList","@id":"https:\/\/alprestamo.com\/blog\/como-se-si-me-quitaran-el-subsidio-electrico\/#breadcrumb","itemListElement":[{"@type":"ListItem","position":1,"name":"Home","item":"https:\/\/alprestamo.com\/blog\/"},{"@type":"ListItem","position":2,"name":"\u00bfC\u00f3mo s\u00e9 si me quitar\u00e1n el subsidio el\u00e9ctrico?"}]},{"@type":"WebSite","@id":"https:\/\/alprestamo.com\/blog\/#website","url":"https:\/\/alprestamo.com\/blog\/","name":"Alprestamo","description":"Hacemos que todo suceda","publisher":{"@id":"https:\/\/alprestamo.com\/blog\/#organization"},"potentialAction":[{"@type":"SearchAction","target":{"@type":"EntryPoint","urlTemplate":"https:\/\/alprestamo.com\/blog\/?s={search_term_string}"},"query-input":"required name=search_term_string"}],"inLanguage":"es-AR"},{"@type":"Organization","@id":"https:\/\/alprestamo.com\/blog\/#organization","name":"Alprestamo","url":"https:\/\/alprestamo.com\/blog\/","logo":{"@type":"ImageObject","inLanguage":"es-AR","@id":"https:\/\/alprestamo.com\/blog\/#\/schema\/logo\/image\/","url":"https:\/\/alprestamo.com\/blog\/wp-content\/uploads\/2022\/10\/Imagotipo_Blanco.svg","contentUrl":"https:\/\/alprestamo.com\/blog\/wp-content\/uploads\/2022\/10\/Imagotipo_Blanco.svg","width":1199,"height":203,"caption":"Alprestamo"},"image":{"@id":"https:\/\/alprestamo.com\/blog\/#\/schema\/logo\/image\/"}},{"@type":"Person","@id":"https:\/\/alprestamo.com\/blog\/#\/schema\/person\/4c568603ceb381762b4c9062d42c7627","name":"Ramiro Querejeta","image":{"@type":"ImageObject","inLanguage":"es-AR","@id":"https:\/\/alprestamo.com\/blog\/#\/schema\/person\/image\/","url":"https:\/\/alprestamo.com\/blog\/wp-content\/uploads\/2025\/08\/1688503693490-150x150.jpeg","contentUrl":"https:\/\/alprestamo.com\/blog\/wp-content\/uploads\/2025\/08\/1688503693490-150x150.jpeg","caption":"Ramiro Querejeta"},"url":"https:\/\/alprestamo.com\/blog\/author\/ramiro\/"}]}},"uagb_featured_image_src":{"full":["https:\/\/alprestamo.com\/blog\/wp-content\/uploads\/2023\/05\/subsidio-energia.jpg",867,487,false],"thumbnail":["https:\/\/alprestamo.com\/blog\/wp-content\/uploads\/2023\/05\/subsidio-energia-150x150.jpg",150,150,true],"medium":["https:\/\/alprestamo.com\/blog\/wp-content\/uploads\/2023\/05\/subsidio-energia-300x169.jpg",300,169,true],"medium_large":["https:\/\/alprestamo.com\/blog\/wp-content\/uploads\/2023\/05\/subsidio-energia-768x431.jpg",768,431,true],"large":["https:\/\/alprestamo.com\/blog\/wp-content\/uploads\/2023\/05\/subsidio-energia.jpg",867,487,false],"1536x1536":["https:\/\/alprestamo.com\/blog\/wp-content\/uploads\/2023\/05\/subsidio-energia.jpg",867,487,false],"2048x2048":["https:\/\/alprestamo.com\/blog\/wp-content\/uploads\/2023\/05\/subsidio-energia.jpg",867,487,false]},"uagb_author_info":{"display_name":"Ramiro Querejeta","author_link":"https:\/\/alprestamo.com\/blog\/author\/ramiro\/"},"uagb_comment_info":0,"uagb_excerpt":"La Secretar\u00eda de Energ\u00eda estableci\u00f3 los precios estacionales que se aplicar\u00e1n desde mayo hasta octubre.&nbsp; En julio del a\u00f1o pasado, el gobierno nacional anunci\u00f3 que algunos usuarios podr\u00edan mantener los subsidios de luz y gas al anotarse en el Registro de Acceso a los Subsidios a la Energ\u00eda (RASE). Para mantenerlos, era necesario completar el&hellip;","rttpg_featured_image_url":{"full":["https:\/\/alprestamo.com\/blog\/wp-content\/uploads\/2023\/05\/subsidio-energia.jpg",867,487,false],"landscape":["https:\/\/alprestamo.com\/blog\/wp-content\/uploads\/2023\/05\/subsidio-energia.jpg",867,487,false],"portraits":["https:\/\/alprestamo.com\/blog\/wp-content\/uploads\/2023\/05\/subsidio-energia.jpg",867,487,false],"thumbnail":["https:\/\/alprestamo.com\/blog\/wp-content\/uploads\/2023\/05\/subsidio-energia-150x150.jpg",150,150,true],"medium":["https:\/\/alprestamo.com\/blog\/wp-content\/uploads\/2023\/05\/subsidio-energia-300x169.jpg",300,169,true],"large":["https:\/\/alprestamo.com\/blog\/wp-content\/uploads\/2023\/05\/subsidio-energia.jpg",867,487,false],"1536x1536":["https:\/\/alprestamo.com\/blog\/wp-content\/uploads\/2023\/05\/subsidio-energia.jpg",867,487,false],"2048x2048":["https:\/\/alprestamo.com\/blog\/wp-content\/uploads\/2023\/05\/subsidio-energia.jpg",867,487,false],"rt_custom":["https:\/\/alprestamo.com\/blog\/wp-content\/uploads\/2023\/05\/subsidio-energia.jpg",867,487,false]},"rttpg_author":{"display_name":"Ramiro Querejeta","author_link":"https:\/\/alprestamo.com\/blog\/author\/ramiro\/"},"rttpg_comment":0,"rttpg_category":"<a href=\"https:\/\/alprestamo.com\/blog\/categoria\/ar\/\" rel=\"category tag\">AR<\/a> <a href=\"https:\/\/alprestamo.com\/blog\/categoria\/ar\/programas-sociales-ar\/\" rel=\"category tag\">Programas sociales<\/a>","rttpg_excerpt":"La Secretar\u00eda de Energ\u00eda estableci\u00f3 los precios estacionales que se aplicar\u00e1n desde mayo hasta octubre.&nbsp; En julio del a\u00f1o pasado, el gobierno nacional anunci\u00f3 que algunos usuarios podr\u00edan mantener los subsidios de luz y gas al anotarse en el Registro de Acceso a los Subsidios a la Energ\u00eda (RASE). Para mantenerlos, era necesario completar el&hellip;","_links":{"self":[{"href":"https:\/\/alprestamo.com\/blog\/wp-json\/wp\/v2\/posts\/22978"}],"collection":[{"href":"https:\/\/alprestamo.com\/blog\/wp-json\/wp\/v2\/posts"}],"about":[{"href":"https:\/\/alprestamo.com\/blog\/wp-json\/wp\/v2\/types\/post"}],"author":[{"embeddable":true,"href":"https:\/\/alprestamo.com\/blog\/wp-json\/wp\/v2\/users\/9"}],"replies":[{"embeddable":true,"href":"https:\/\/alprestamo.com\/blog\/wp-json\/wp\/v2\/comments?post=22978"}],"version-history":[{"count":1,"href":"https:\/\/alprestamo.com\/blog\/wp-json\/wp\/v2\/posts\/22978\/revisions"}],"predecessor-version":[{"id":22980,"href":"https:\/\/alprestamo.com\/blog\/wp-json\/wp\/v2\/posts\/22978\/revisions\/22980"}],"wp:featuredmedia":[{"embeddable":true,"href":"https:\/\/alprestamo.com\/blog\/wp-json\/wp\/v2\/media\/22979"}],"wp:attachment":[{"href":"https:\/\/alprestamo.com\/blog\/wp-json\/wp\/v2\/media?parent=22978"}],"wp:term":[{"taxonomy":"category","embeddable":true,"href":"https:\/\/alprestamo.com\/blog\/wp-json\/wp\/v2\/categories?post=22978"},{"taxonomy":"post_tag","embeddable":true,"href":"https:\/\/alprestamo.com\/blog\/wp-json\/wp\/v2\/tags?post=22978"}],"curies":[{"name":"wp","href":"https:\/\/api.w.org\/{rel}","templated":true}]}}