{"id":23204,"date":"2023-06-07T12:48:26","date_gmt":"2023-06-07T15:48:26","guid":{"rendered":"https:\/\/alprestamo.com\/blog\/?p=23204"},"modified":"2023-06-07T12:48:27","modified_gmt":"2023-06-07T15:48:27","slug":"que-es-el-programa-cambia-mi-casa-y-como-puedo-aplicar","status":"publish","type":"post","link":"https:\/\/alprestamo.com\/blog\/que-es-el-programa-cambia-mi-casa-y-como-puedo-aplicar\/","title":{"rendered":"\u00bfQu\u00e9 es el programa Cambia Mi Casa y c\u00f3mo puedo aplicar?"},"content":{"rendered":"\n<p>El<strong> d\u00e9ficit habitacional <\/strong>tiene dos categor\u00edas: la primera, el d\u00e9ficit cuantitativo, que hace referencia a <strong>la cantidad de viviendas que se necesitan construir para que todos los colombianos puedan tener un hogar.<\/strong><\/p>\n\n\n\n<p>El segundo es el cualitativo, con el que se mide <strong>la cantidad de viviendas que necesitan ser reparadas porque tienen alguna deficiencia estructural que afecta al desarrollo de las familias<\/strong>; es decir, mide el d\u00e9ficit en la <strong>calidad<\/strong> de las viviendas.<\/p>\n\n\n\n<p>En este contexto de d\u00e9ficit en Colombia, el Ministerio de Vivienda, Ciudad y Territorio <a href=\"https:\/\/alprestamo.com\/blog\/co\/anuncian-cambios-para-mi-casa-ya-quienes-seran-los-nuevos-beneficiarios\/\">present\u00f3 el programa <strong>Cambia Mi Casa<\/strong><\/a> <strong>con el objetivo de paliar el d\u00e9ficit cualitativo<\/strong>. El fin es buscar mejorar las condiciones de las viviendas de las familias colombianas.<\/p>\n\n\n\n<p>Se espera que 400 mil hogares puedan acceder a este <a href=\"https:\/\/alprestamo.com\/blog\/co\/que-programas-sociales-existen-en-colombia\/\">beneficio<\/a> en el transcurso de cuatro a\u00f1os. <strong>El mismo puede ser de hasta 22 salarios m\u00ednimos<\/strong>, dependiendo del tipo de intervenci\u00f3n. A su vez, ser\u00e1 complementario a los aportes municipales y\/o departamentales que la familia pudiese recibir.<\/p>\n\n\n\n<h2 class=\"wp-block-heading\">\u00bfQui\u00e9nes pueden aplicar?<\/h2>\n\n\n\n<p>El proyecto utilizar\u00e1 el <strong>Sisb\u00e9n IV<\/strong> para verificar las condiciones de vulnerabilidad de las familias. Los beneficiarios deben tener un<strong> puntaje inferior o igual a C18<\/strong>.<\/p>\n\n\n\n<p>A su vez, tendr\u00e1 distintos requisitos dependiendo si las familias viven en el sector urbano o en el rural.<\/p>\n\n\n\n<p>Para las primeras, podr\u00e1n ser beneficiarias quienes cuenten con <strong>dos \u2013y hasta cuatro\u2013 personas durmiendo en una misma habitaci\u00f3n<\/strong>. Adem\u00e1s, aquellas familias que no cuenten con conexi\u00f3n al alcantarillado, sanitario, pozo s\u00e9ptico o acueducto.&nbsp;<\/p>\n\n\n\n<p>En el caso del sector rural, ser\u00e1n priorizadas las familias que tengan <strong>m\u00e1s de dos personas en un mismo cuarto<\/strong>, las <a href=\"https:\/\/alprestamo.com\/blog\/co\/que-es-el-programa-familias-en-accion-y-quienes-son-sus-beneficiarios\/\">familias<\/a> que tengan dificultades para acceder al agua y aquellos que tengan carencias en sistemas sanitarios.<\/p>\n\n\n\n<p>Tambi\u00e9n las familias que tengan pisos de tierra, arena o barro podr\u00e1n aplicar al proyecto, como quienes tienen paredes exteriores en materiales inadecuados o no cuentan con una habitaci\u00f3n exclusiva para la cocina.<\/p>\n\n\n\n<h2 class=\"wp-block-heading\">\u00bfC\u00f3mo puedo aplicar?<\/h2>\n\n\n\n<p>La entidad territorial y las entidades ejecutoras del proyecto de mejoramiento, como las asociaciones populares, juntas de acci\u00f3n comunal, peque\u00f1os constructores y cajas de compensaci\u00f3n familiar, entre otras, son quienes est\u00e1n a cargo de la postulaci\u00f3n.<\/p>\n\n\n\n<p><strong>No se debe presentar ning\u00fan tipo de documentaci\u00f3n ante el Ministerio de Vivienda, Ciudad y Territorio<\/strong>. En cambio, para aplicar, las familias deber\u00e1n acercarse a gobernaciones, alcald\u00edas o a las entidades gestoras que tengan oferta disponible para mejoramientos dentro del programa.<\/p>\n\n\n\n<p>Las condiciones<strong> <\/strong>a cumplir para aplicar al programa <em>Cambia Mi Casa<\/em> son las siguientes:<\/p>\n\n\n\n<ul class=\"wp-block-list\">\n<li>Vivir en la vivienda que se propone mejorar.<\/li>\n\n\n\n<li>Contar con al menos 5 a\u00f1os siendo propietario, poseedor u ocupante de la vivienda.<\/li>\n\n\n\n<li>El valor de la vivienda debe ser inferior al tope de VIS, seg\u00fan el aval\u00fao catastral.<\/li>\n\n\n\n<li>No haber recibido ning\u00fan subsidio familiar de vivienda en modalidad de adquisici\u00f3n en los \u00faltimos diez a\u00f1os.<\/li>\n<\/ul>\n","protected":false},"excerpt":{"rendered":"<p>El d\u00e9ficit habitacional tiene dos categor\u00edas: la primera, el d\u00e9ficit cuantitativo, que hace referencia a la cantidad de viviendas que se necesitan construir para que todos los colombianos puedan tener un hogar. El segundo es el cualitativo, con el que se mide la cantidad de viviendas que necesitan ser reparadas porque tienen alguna deficiencia estructural &hellip;<\/p>\n<p class=\"read-more\"> <a class=\"\" href=\"https:\/\/alprestamo.com\/blog\/que-es-el-programa-cambia-mi-casa-y-como-puedo-aplicar\/\"> <span class=\"screen-reader-text\">\u00bfQu\u00e9 es el programa Cambia Mi Casa y c\u00f3mo puedo aplicar?<\/span> Leer m\u00e1s &raquo;<\/a><\/p>\n","protected":false},"author":9,"featured_media":23205,"comment_status":"closed","ping_status":"closed","sticky":false,"template":"","format":"standard","meta":{"_uag_custom_page_level_css":"","site-sidebar-layout":"default","site-content-layout":"default","ast-global-header-display":"","ast-banner-title-visibility":"","ast-main-header-display":"","ast-hfb-above-header-display":"","ast-hfb-below-header-display":"","ast-hfb-mobile-header-display":"","site-post-title":"","ast-breadcrumbs-content":"","ast-featured-img":"","footer-sml-layout":"","theme-transparent-header-meta":"","adv-header-id-meta":"","stick-header-meta":"","header-above-stick-meta":"","header-main-stick-meta":"","header-below-stick-meta":"","footnotes":""},"categories":[98,100],"tags":[],"class_list":["post-23204","post","type-post","status-publish","format-standard","has-post-thumbnail","hentry","category-co","category-programas-sociales"],"acf":[],"yoast_head":"<!-- This site is optimized with the Yoast SEO plugin v23.2 - https:\/\/yoast.com\/wordpress\/plugins\/seo\/ -->\n<title>\u00bfQu\u00e9 es el programa Cambia Mi Casa y c\u00f3mo puedo aplicar?<\/title>\n<meta name=\"description\" content=\"El d\u00e9ficit habitacional tiene dos categor\u00edas: la primera, el d\u00e9ficit cuantitativo, que hace referencia a la cantidad de viviendas que se necesitan\" \/>\n<meta name=\"robots\" content=\"index, follow, max-snippet:-1, max-image-preview:large, max-video-preview:-1\" \/>\n<link rel=\"canonical\" href=\"https:\/\/alprestamo.com\/blog\/que-es-el-programa-cambia-mi-casa-y-como-puedo-aplicar\/\" \/>\n<meta property=\"og:locale\" content=\"es_ES\" \/>\n<meta property=\"og:type\" content=\"article\" \/>\n<meta property=\"og:title\" content=\"\u00bfQu\u00e9 es el programa Cambia Mi Casa y c\u00f3mo puedo aplicar?\" \/>\n<meta property=\"og:description\" content=\"El d\u00e9ficit habitacional tiene dos categor\u00edas: la primera, el d\u00e9ficit cuantitativo, que hace referencia a la cantidad de viviendas que se necesitan\" \/>\n<meta property=\"og:url\" content=\"https:\/\/alprestamo.com\/blog\/que-es-el-programa-cambia-mi-casa-y-como-puedo-aplicar\/\" \/>\n<meta property=\"og:site_name\" content=\"Alprestamo - Hacemos que todo suceda\" \/>\n<meta property=\"article:published_time\" content=\"2023-06-07T15:48:26+00:00\" \/>\n<meta property=\"article:modified_time\" content=\"2023-06-07T15:48:27+00:00\" \/>\n<meta property=\"og:image\" content=\"https:\/\/alprestamo.com\/blog\/wp-content\/uploads\/2023\/05\/cambia-mi-casa.jpeg\" \/>\n\t<meta property=\"og:image:width\" content=\"1280\" \/>\n\t<meta property=\"og:image:height\" content=\"720\" \/>\n\t<meta property=\"og:image:type\" content=\"image\/jpeg\" \/>\n<meta name=\"author\" content=\"Ramiro Querejeta\" \/>\n<meta name=\"twitter:card\" content=\"summary_large_image\" \/>\n<meta name=\"twitter:label1\" content=\"Escrito por\" \/>\n\t<meta name=\"twitter:data1\" content=\"Ramiro Querejeta\" \/>\n\t<meta name=\"twitter:label2\" content=\"Tiempo de lectura\" \/>\n\t<meta name=\"twitter:data2\" content=\"2 minutos\" \/>\n<script type=\"application\/ld+json\" class=\"yoast-schema-graph\">{\"@context\":\"https:\/\/schema.org\",\"@graph\":[{\"@type\":\"NewsArticle\",\"@id\":\"https:\/\/alprestamo.com\/blog\/que-es-el-programa-cambia-mi-casa-y-como-puedo-aplicar\/#article\",\"isPartOf\":{\"@id\":\"https:\/\/alprestamo.com\/blog\/que-es-el-programa-cambia-mi-casa-y-como-puedo-aplicar\/\"},\"author\":{\"name\":\"Ramiro Querejeta\",\"@id\":\"https:\/\/alprestamo.com\/blog\/#\/schema\/person\/4c568603ceb381762b4c9062d42c7627\"},\"headline\":\"\u00bfQu\u00e9 es el programa Cambia Mi Casa y c\u00f3mo puedo aplicar?\",\"datePublished\":\"2023-06-07T15:48:26+00:00\",\"dateModified\":\"2023-06-07T15:48:27+00:00\",\"mainEntityOfPage\":{\"@id\":\"https:\/\/alprestamo.com\/blog\/que-es-el-programa-cambia-mi-casa-y-como-puedo-aplicar\/\"},\"wordCount\":511,\"publisher\":{\"@id\":\"https:\/\/alprestamo.com\/blog\/#organization\"},\"image\":{\"@id\":\"https:\/\/alprestamo.com\/blog\/que-es-el-programa-cambia-mi-casa-y-como-puedo-aplicar\/#primaryimage\"},\"thumbnailUrl\":\"https:\/\/alprestamo.com\/blog\/wp-content\/uploads\/2023\/05\/cambia-mi-casa.jpeg\",\"articleSection\":[\"CO\",\"Programas sociales\"],\"inLanguage\":\"es-AR\"},{\"@type\":\"WebPage\",\"@id\":\"https:\/\/alprestamo.com\/blog\/que-es-el-programa-cambia-mi-casa-y-como-puedo-aplicar\/\",\"url\":\"https:\/\/alprestamo.com\/blog\/que-es-el-programa-cambia-mi-casa-y-como-puedo-aplicar\/\",\"name\":\"\u00bfQu\u00e9 es el programa Cambia Mi Casa y c\u00f3mo puedo aplicar?\",\"isPartOf\":{\"@id\":\"https:\/\/alprestamo.com\/blog\/#website\"},\"primaryImageOfPage\":{\"@id\":\"https:\/\/alprestamo.com\/blog\/que-es-el-programa-cambia-mi-casa-y-como-puedo-aplicar\/#primaryimage\"},\"image\":{\"@id\":\"https:\/\/alprestamo.com\/blog\/que-es-el-programa-cambia-mi-casa-y-como-puedo-aplicar\/#primaryimage\"},\"thumbnailUrl\":\"https:\/\/alprestamo.com\/blog\/wp-content\/uploads\/2023\/05\/cambia-mi-casa.jpeg\",\"datePublished\":\"2023-06-07T15:48:26+00:00\",\"dateModified\":\"2023-06-07T15:48:27+00:00\",\"description\":\"El d\u00e9ficit habitacional tiene dos categor\u00edas: la primera, el d\u00e9ficit cuantitativo, que hace referencia a la cantidad de viviendas que se necesitan\",\"breadcrumb\":{\"@id\":\"https:\/\/alprestamo.com\/blog\/que-es-el-programa-cambia-mi-casa-y-como-puedo-aplicar\/#breadcrumb\"},\"inLanguage\":\"es-AR\",\"potentialAction\":[{\"@type\":\"ReadAction\",\"target\":[\"https:\/\/alprestamo.com\/blog\/que-es-el-programa-cambia-mi-casa-y-como-puedo-aplicar\/\"]}]},{\"@type\":\"ImageObject\",\"inLanguage\":\"es-AR\",\"@id\":\"https:\/\/alprestamo.com\/blog\/que-es-el-programa-cambia-mi-casa-y-como-puedo-aplicar\/#primaryimage\",\"url\":\"https:\/\/alprestamo.com\/blog\/wp-content\/uploads\/2023\/05\/cambia-mi-casa.jpeg\",\"contentUrl\":\"https:\/\/alprestamo.com\/blog\/wp-content\/uploads\/2023\/05\/cambia-mi-casa.jpeg\",\"width\":1280,\"height\":720,\"caption\":\"Cambia mi casa 2023\"},{\"@type\":\"BreadcrumbList\",\"@id\":\"https:\/\/alprestamo.com\/blog\/que-es-el-programa-cambia-mi-casa-y-como-puedo-aplicar\/#breadcrumb\",\"itemListElement\":[{\"@type\":\"ListItem\",\"position\":1,\"name\":\"Home\",\"item\":\"https:\/\/alprestamo.com\/blog\/\"},{\"@type\":\"ListItem\",\"position\":2,\"name\":\"\u00bfQu\u00e9 es el programa Cambia Mi Casa y c\u00f3mo puedo aplicar?\"}]},{\"@type\":\"WebSite\",\"@id\":\"https:\/\/alprestamo.com\/blog\/#website\",\"url\":\"https:\/\/alprestamo.com\/blog\/\",\"name\":\"Alprestamo\",\"description\":\"Hacemos que todo suceda\",\"publisher\":{\"@id\":\"https:\/\/alprestamo.com\/blog\/#organization\"},\"potentialAction\":[{\"@type\":\"SearchAction\",\"target\":{\"@type\":\"EntryPoint\",\"urlTemplate\":\"https:\/\/alprestamo.com\/blog\/?s={search_term_string}\"},\"query-input\":\"required name=search_term_string\"}],\"inLanguage\":\"es-AR\"},{\"@type\":\"Organization\",\"@id\":\"https:\/\/alprestamo.com\/blog\/#organization\",\"name\":\"Alprestamo\",\"url\":\"https:\/\/alprestamo.com\/blog\/\",\"logo\":{\"@type\":\"ImageObject\",\"inLanguage\":\"es-AR\",\"@id\":\"https:\/\/alprestamo.com\/blog\/#\/schema\/logo\/image\/\",\"url\":\"https:\/\/alprestamo.com\/blog\/wp-content\/uploads\/2022\/10\/Imagotipo_Blanco.svg\",\"contentUrl\":\"https:\/\/alprestamo.com\/blog\/wp-content\/uploads\/2022\/10\/Imagotipo_Blanco.svg\",\"width\":1199,\"height\":203,\"caption\":\"Alprestamo\"},\"image\":{\"@id\":\"https:\/\/alprestamo.com\/blog\/#\/schema\/logo\/image\/\"}},{\"@type\":\"Person\",\"@id\":\"https:\/\/alprestamo.com\/blog\/#\/schema\/person\/4c568603ceb381762b4c9062d42c7627\",\"name\":\"Ramiro Querejeta\",\"image\":{\"@type\":\"ImageObject\",\"inLanguage\":\"es-AR\",\"@id\":\"https:\/\/alprestamo.com\/blog\/#\/schema\/person\/image\/\",\"url\":\"https:\/\/alprestamo.com\/blog\/wp-content\/uploads\/2025\/08\/1688503693490-150x150.jpeg\",\"contentUrl\":\"https:\/\/alprestamo.com\/blog\/wp-content\/uploads\/2025\/08\/1688503693490-150x150.jpeg\",\"caption\":\"Ramiro Querejeta\"},\"url\":\"https:\/\/alprestamo.com\/blog\/author\/ramiro\/\"}]}<\/script>\n<!-- \/ Yoast SEO plugin. -->","yoast_head_json":{"title":"\u00bfQu\u00e9 es el programa Cambia Mi Casa y c\u00f3mo puedo aplicar?","description":"El d\u00e9ficit habitacional tiene dos categor\u00edas: la primera, el d\u00e9ficit cuantitativo, que hace referencia a la cantidad de viviendas que se necesitan","robots":{"index":"index","follow":"follow","max-snippet":"max-snippet:-1","max-image-preview":"max-image-preview:large","max-video-preview":"max-video-preview:-1"},"canonical":"https:\/\/alprestamo.com\/blog\/que-es-el-programa-cambia-mi-casa-y-como-puedo-aplicar\/","og_locale":"es_ES","og_type":"article","og_title":"\u00bfQu\u00e9 es el programa Cambia Mi Casa y c\u00f3mo puedo aplicar?","og_description":"El d\u00e9ficit habitacional tiene dos categor\u00edas: la primera, el d\u00e9ficit cuantitativo, que hace referencia a la cantidad de viviendas que se necesitan","og_url":"https:\/\/alprestamo.com\/blog\/que-es-el-programa-cambia-mi-casa-y-como-puedo-aplicar\/","og_site_name":"Alprestamo - Hacemos que todo suceda","article_published_time":"2023-06-07T15:48:26+00:00","article_modified_time":"2023-06-07T15:48:27+00:00","og_image":[{"width":1280,"height":720,"url":"https:\/\/alprestamo.com\/blog\/wp-content\/uploads\/2023\/05\/cambia-mi-casa.jpeg","type":"image\/jpeg"}],"author":"Ramiro Querejeta","twitter_card":"summary_large_image","twitter_misc":{"Escrito por":"Ramiro Querejeta","Tiempo de lectura":"2 minutos"},"schema":{"@context":"https:\/\/schema.org","@graph":[{"@type":"NewsArticle","@id":"https:\/\/alprestamo.com\/blog\/que-es-el-programa-cambia-mi-casa-y-como-puedo-aplicar\/#article","isPartOf":{"@id":"https:\/\/alprestamo.com\/blog\/que-es-el-programa-cambia-mi-casa-y-como-puedo-aplicar\/"},"author":{"name":"Ramiro Querejeta","@id":"https:\/\/alprestamo.com\/blog\/#\/schema\/person\/4c568603ceb381762b4c9062d42c7627"},"headline":"\u00bfQu\u00e9 es el programa Cambia Mi Casa y c\u00f3mo puedo aplicar?","datePublished":"2023-06-07T15:48:26+00:00","dateModified":"2023-06-07T15:48:27+00:00","mainEntityOfPage":{"@id":"https:\/\/alprestamo.com\/blog\/que-es-el-programa-cambia-mi-casa-y-como-puedo-aplicar\/"},"wordCount":511,"publisher":{"@id":"https:\/\/alprestamo.com\/blog\/#organization"},"image":{"@id":"https:\/\/alprestamo.com\/blog\/que-es-el-programa-cambia-mi-casa-y-como-puedo-aplicar\/#primaryimage"},"thumbnailUrl":"https:\/\/alprestamo.com\/blog\/wp-content\/uploads\/2023\/05\/cambia-mi-casa.jpeg","articleSection":["CO","Programas sociales"],"inLanguage":"es-AR"},{"@type":"WebPage","@id":"https:\/\/alprestamo.com\/blog\/que-es-el-programa-cambia-mi-casa-y-como-puedo-aplicar\/","url":"https:\/\/alprestamo.com\/blog\/que-es-el-programa-cambia-mi-casa-y-como-puedo-aplicar\/","name":"\u00bfQu\u00e9 es el programa Cambia Mi Casa y c\u00f3mo puedo aplicar?","isPartOf":{"@id":"https:\/\/alprestamo.com\/blog\/#website"},"primaryImageOfPage":{"@id":"https:\/\/alprestamo.com\/blog\/que-es-el-programa-cambia-mi-casa-y-como-puedo-aplicar\/#primaryimage"},"image":{"@id":"https:\/\/alprestamo.com\/blog\/que-es-el-programa-cambia-mi-casa-y-como-puedo-aplicar\/#primaryimage"},"thumbnailUrl":"https:\/\/alprestamo.com\/blog\/wp-content\/uploads\/2023\/05\/cambia-mi-casa.jpeg","datePublished":"2023-06-07T15:48:26+00:00","dateModified":"2023-06-07T15:48:27+00:00","description":"El d\u00e9ficit habitacional tiene dos categor\u00edas: la primera, el d\u00e9ficit cuantitativo, que hace referencia a la cantidad de viviendas que se necesitan","breadcrumb":{"@id":"https:\/\/alprestamo.com\/blog\/que-es-el-programa-cambia-mi-casa-y-como-puedo-aplicar\/#breadcrumb"},"inLanguage":"es-AR","potentialAction":[{"@type":"ReadAction","target":["https:\/\/alprestamo.com\/blog\/que-es-el-programa-cambia-mi-casa-y-como-puedo-aplicar\/"]}]},{"@type":"ImageObject","inLanguage":"es-AR","@id":"https:\/\/alprestamo.com\/blog\/que-es-el-programa-cambia-mi-casa-y-como-puedo-aplicar\/#primaryimage","url":"https:\/\/alprestamo.com\/blog\/wp-content\/uploads\/2023\/05\/cambia-mi-casa.jpeg","contentUrl":"https:\/\/alprestamo.com\/blog\/wp-content\/uploads\/2023\/05\/cambia-mi-casa.jpeg","width":1280,"height":720,"caption":"Cambia mi casa 2023"},{"@type":"BreadcrumbList","@id":"https:\/\/alprestamo.com\/blog\/que-es-el-programa-cambia-mi-casa-y-como-puedo-aplicar\/#breadcrumb","itemListElement":[{"@type":"ListItem","position":1,"name":"Home","item":"https:\/\/alprestamo.com\/blog\/"},{"@type":"ListItem","position":2,"name":"\u00bfQu\u00e9 es el programa Cambia Mi Casa y c\u00f3mo puedo aplicar?"}]},{"@type":"WebSite","@id":"https:\/\/alprestamo.com\/blog\/#website","url":"https:\/\/alprestamo.com\/blog\/","name":"Alprestamo","description":"Hacemos que todo suceda","publisher":{"@id":"https:\/\/alprestamo.com\/blog\/#organization"},"potentialAction":[{"@type":"SearchAction","target":{"@type":"EntryPoint","urlTemplate":"https:\/\/alprestamo.com\/blog\/?s={search_term_string}"},"query-input":"required name=search_term_string"}],"inLanguage":"es-AR"},{"@type":"Organization","@id":"https:\/\/alprestamo.com\/blog\/#organization","name":"Alprestamo","url":"https:\/\/alprestamo.com\/blog\/","logo":{"@type":"ImageObject","inLanguage":"es-AR","@id":"https:\/\/alprestamo.com\/blog\/#\/schema\/logo\/image\/","url":"https:\/\/alprestamo.com\/blog\/wp-content\/uploads\/2022\/10\/Imagotipo_Blanco.svg","contentUrl":"https:\/\/alprestamo.com\/blog\/wp-content\/uploads\/2022\/10\/Imagotipo_Blanco.svg","width":1199,"height":203,"caption":"Alprestamo"},"image":{"@id":"https:\/\/alprestamo.com\/blog\/#\/schema\/logo\/image\/"}},{"@type":"Person","@id":"https:\/\/alprestamo.com\/blog\/#\/schema\/person\/4c568603ceb381762b4c9062d42c7627","name":"Ramiro Querejeta","image":{"@type":"ImageObject","inLanguage":"es-AR","@id":"https:\/\/alprestamo.com\/blog\/#\/schema\/person\/image\/","url":"https:\/\/alprestamo.com\/blog\/wp-content\/uploads\/2025\/08\/1688503693490-150x150.jpeg","contentUrl":"https:\/\/alprestamo.com\/blog\/wp-content\/uploads\/2025\/08\/1688503693490-150x150.jpeg","caption":"Ramiro Querejeta"},"url":"https:\/\/alprestamo.com\/blog\/author\/ramiro\/"}]}},"uagb_featured_image_src":{"full":["https:\/\/alprestamo.com\/blog\/wp-content\/uploads\/2023\/05\/cambia-mi-casa.jpeg",1280,720,false],"thumbnail":["https:\/\/alprestamo.com\/blog\/wp-content\/uploads\/2023\/05\/cambia-mi-casa-150x150.jpeg",150,150,true],"medium":["https:\/\/alprestamo.com\/blog\/wp-content\/uploads\/2023\/05\/cambia-mi-casa-300x169.jpeg",300,169,true],"medium_large":["https:\/\/alprestamo.com\/blog\/wp-content\/uploads\/2023\/05\/cambia-mi-casa-768x432.jpeg",768,432,true],"large":["https:\/\/alprestamo.com\/blog\/wp-content\/uploads\/2023\/05\/cambia-mi-casa-1024x576.jpeg",1024,576,true],"1536x1536":["https:\/\/alprestamo.com\/blog\/wp-content\/uploads\/2023\/05\/cambia-mi-casa.jpeg",1280,720,false],"2048x2048":["https:\/\/alprestamo.com\/blog\/wp-content\/uploads\/2023\/05\/cambia-mi-casa.jpeg",1280,720,false]},"uagb_author_info":{"display_name":"Ramiro Querejeta","author_link":"https:\/\/alprestamo.com\/blog\/author\/ramiro\/"},"uagb_comment_info":0,"uagb_excerpt":"El d\u00e9ficit habitacional tiene dos categor\u00edas: la primera, el d\u00e9ficit cuantitativo, que hace referencia a la cantidad de viviendas que se necesitan construir para que todos los colombianos puedan tener un hogar. El segundo es el cualitativo, con el que se mide la cantidad de viviendas que necesitan ser reparadas porque tienen alguna deficiencia estructural&hellip;","rttpg_featured_image_url":{"full":["https:\/\/alprestamo.com\/blog\/wp-content\/uploads\/2023\/05\/cambia-mi-casa.jpeg",1280,720,false],"landscape":["https:\/\/alprestamo.com\/blog\/wp-content\/uploads\/2023\/05\/cambia-mi-casa.jpeg",1280,720,false],"portraits":["https:\/\/alprestamo.com\/blog\/wp-content\/uploads\/2023\/05\/cambia-mi-casa.jpeg",1280,720,false],"thumbnail":["https:\/\/alprestamo.com\/blog\/wp-content\/uploads\/2023\/05\/cambia-mi-casa-150x150.jpeg",150,150,true],"medium":["https:\/\/alprestamo.com\/blog\/wp-content\/uploads\/2023\/05\/cambia-mi-casa-300x169.jpeg",300,169,true],"large":["https:\/\/alprestamo.com\/blog\/wp-content\/uploads\/2023\/05\/cambia-mi-casa-1024x576.jpeg",1024,576,true],"1536x1536":["https:\/\/alprestamo.com\/blog\/wp-content\/uploads\/2023\/05\/cambia-mi-casa.jpeg",1280,720,false],"2048x2048":["https:\/\/alprestamo.com\/blog\/wp-content\/uploads\/2023\/05\/cambia-mi-casa.jpeg",1280,720,false],"rt_custom":["https:\/\/alprestamo.com\/blog\/wp-content\/uploads\/2023\/05\/cambia-mi-casa.jpeg",1280,720,false]},"rttpg_author":{"display_name":"Ramiro Querejeta","author_link":"https:\/\/alprestamo.com\/blog\/author\/ramiro\/"},"rttpg_comment":0,"rttpg_category":"<a href=\"https:\/\/alprestamo.com\/blog\/categoria\/co\/\" rel=\"category tag\">CO<\/a> <a href=\"https:\/\/alprestamo.com\/blog\/categoria\/co\/programas-sociales\/\" rel=\"category tag\">Programas sociales<\/a>","rttpg_excerpt":"El d\u00e9ficit habitacional tiene dos categor\u00edas: la primera, el d\u00e9ficit cuantitativo, que hace referencia a la cantidad de viviendas que se necesitan construir para que todos los colombianos puedan tener un hogar. El segundo es el cualitativo, con el que se mide la cantidad de viviendas que necesitan ser reparadas porque tienen alguna deficiencia estructural&hellip;","_links":{"self":[{"href":"https:\/\/alprestamo.com\/blog\/wp-json\/wp\/v2\/posts\/23204"}],"collection":[{"href":"https:\/\/alprestamo.com\/blog\/wp-json\/wp\/v2\/posts"}],"about":[{"href":"https:\/\/alprestamo.com\/blog\/wp-json\/wp\/v2\/types\/post"}],"author":[{"embeddable":true,"href":"https:\/\/alprestamo.com\/blog\/wp-json\/wp\/v2\/users\/9"}],"replies":[{"embeddable":true,"href":"https:\/\/alprestamo.com\/blog\/wp-json\/wp\/v2\/comments?post=23204"}],"version-history":[{"count":1,"href":"https:\/\/alprestamo.com\/blog\/wp-json\/wp\/v2\/posts\/23204\/revisions"}],"predecessor-version":[{"id":23206,"href":"https:\/\/alprestamo.com\/blog\/wp-json\/wp\/v2\/posts\/23204\/revisions\/23206"}],"wp:featuredmedia":[{"embeddable":true,"href":"https:\/\/alprestamo.com\/blog\/wp-json\/wp\/v2\/media\/23205"}],"wp:attachment":[{"href":"https:\/\/alprestamo.com\/blog\/wp-json\/wp\/v2\/media?parent=23204"}],"wp:term":[{"taxonomy":"category","embeddable":true,"href":"https:\/\/alprestamo.com\/blog\/wp-json\/wp\/v2\/categories?post=23204"},{"taxonomy":"post_tag","embeddable":true,"href":"https:\/\/alprestamo.com\/blog\/wp-json\/wp\/v2\/tags?post=23204"}],"curies":[{"name":"wp","href":"https:\/\/api.w.org\/{rel}","templated":true}]}}