{"id":23375,"date":"2023-06-06T11:21:59","date_gmt":"2023-06-06T14:21:59","guid":{"rendered":"https:\/\/alprestamo.com\/blog\/?p=23375"},"modified":"2023-06-06T11:22:00","modified_gmt":"2023-06-06T14:22:00","slug":"precios-justos-congelan-el-valor-de-frutas-y-verduras-hasta-julio","status":"publish","type":"post","link":"https:\/\/alprestamo.com\/blog\/precios-justos-congelan-el-valor-de-frutas-y-verduras-hasta-julio\/","title":{"rendered":"Precios justos: congelan el valor de frutas y verduras hasta julio"},"content":{"rendered":"\n<p>En el marco de una inflaci\u00f3n mensual ya cercana al 10% en Argentina, el gobierno volvi\u00f3 a actualizar el programa de <strong>Precios Justos<\/strong>, en este caso para el rubro de frutas y verduras. Los productos seleccionados van a mantener su valor hasta el 30 de junio de 2023.&nbsp;<\/p>\n\n\n\n<h2 class=\"wp-block-heading\">Lista de Precios Justos&nbsp;<\/h2>\n\n\n\n<p><strong>Los nuevos precios congelados hasta fin de mes estar\u00e1n disponibles en los grandes supermercados del AMBA<\/strong> (\u00c1rea Metropolitana de Buenos Aires). De esta manera, los<a href=\"https:\/\/alprestamo.com\/blog\/ar\/ultimo-momento-ar\/precios-justos-como-puedo-beneficiarme-de-este-programa\/\"> Precios Justos<\/a> por kilo ser\u00e1n de:&nbsp;<\/p>\n\n\n\n<ul class=\"wp-block-list\">\n<li>Cebolla: $170&nbsp;<\/li>\n\n\n\n<li>Acelga (atado): $299<\/li>\n\n\n\n<li>Zanahoria: $149<\/li>\n\n\n\n<li>Manzana:$399<\/li>\n\n\n\n<li>Mandarina: $299<\/li>\n\n\n\n<li>Zapallo anco: $149<\/li>\n\n\n\n<li>Papa negra: $179<\/li>\n\n\n\n<li>Banana ecuador: $535<\/li>\n\n\n\n<li>Banana subtropical: $420<\/li>\n<\/ul>\n\n\n\n<p>Cabe destacar que en esta actualizaci\u00f3n de Precios Justos se puede observar <strong>una baja del 13% en el precio del tomate<\/strong> (con respecto al mes de mayo) y se <strong>agregan a la lista la zanahoria y la mandarina.&nbsp;<\/strong><\/p>\n\n\n\n<h2 class=\"wp-block-heading\">Qu\u00e9 es Precios Justos&nbsp;<\/h2>\n\n\n\n<p>El programa <em>Precios Justos<\/em> es un acuerdo entre los productores y minoristas y el gobierno para establecer precios m\u00e1ximos en ciertos productos de consumo b\u00e1sicos en un intento para contener la inflaci\u00f3n y que la gente pueda acceder a estos productos.&nbsp;<\/p>\n","protected":false},"excerpt":{"rendered":"<p>En el marco de una inflaci\u00f3n mensual ya cercana al 10% en Argentina, el gobierno volvi\u00f3 a actualizar el programa de Precios Justos, en este caso para el rubro de frutas y verduras. Los productos seleccionados van a mantener su valor hasta el 30 de junio de 2023.&nbsp; Lista de Precios Justos&nbsp; Los nuevos precios &hellip;<\/p>\n<p class=\"read-more\"> <a class=\"\" href=\"https:\/\/alprestamo.com\/blog\/precios-justos-congelan-el-valor-de-frutas-y-verduras-hasta-julio\/\"> <span class=\"screen-reader-text\">Precios justos: congelan el valor de frutas y verduras hasta julio<\/span> Leer m\u00e1s &raquo;<\/a><\/p>\n","protected":false},"author":9,"featured_media":23376,"comment_status":"closed","ping_status":"closed","sticky":false,"template":"","format":"standard","meta":{"_uag_custom_page_level_css":"","site-sidebar-layout":"default","site-content-layout":"default","ast-global-header-display":"","ast-banner-title-visibility":"","ast-main-header-display":"","ast-hfb-above-header-display":"","ast-hfb-below-header-display":"","ast-hfb-mobile-header-display":"","site-post-title":"","ast-breadcrumbs-content":"","ast-featured-img":"","footer-sml-layout":"","theme-transparent-header-meta":"","adv-header-id-meta":"","stick-header-meta":"","header-above-stick-meta":"","header-main-stick-meta":"","header-below-stick-meta":"","footnotes":""},"categories":[92,10],"tags":[],"class_list":["post-23375","post","type-post","status-publish","format-standard","has-post-thumbnail","hentry","category-ar","category-programas-sociales-ar"],"acf":[],"yoast_head":"<!-- This site is optimized with the Yoast SEO plugin v23.2 - https:\/\/yoast.com\/wordpress\/plugins\/seo\/ -->\n<title>Precios justos: congelan el valor de frutas y verduras hasta julio<\/title>\n<meta name=\"description\" content=\"En el marco de una inflaci\u00f3n mensual ya cercana al 10% en Argentina, el gobierno volvi\u00f3 a actualizar el programa de Precios Justos, en este caso para el\" \/>\n<meta name=\"robots\" content=\"index, follow, max-snippet:-1, max-image-preview:large, max-video-preview:-1\" \/>\n<link rel=\"canonical\" href=\"https:\/\/alprestamo.com\/blog\/precios-justos-congelan-el-valor-de-frutas-y-verduras-hasta-julio\/\" \/>\n<meta property=\"og:locale\" content=\"es_ES\" \/>\n<meta property=\"og:type\" content=\"article\" \/>\n<meta property=\"og:title\" content=\"Precios justos: congelan el valor de frutas y verduras hasta julio\" \/>\n<meta property=\"og:description\" content=\"En el marco de una inflaci\u00f3n mensual ya cercana al 10% en Argentina, el gobierno volvi\u00f3 a actualizar el programa de Precios Justos, en este caso para el\" \/>\n<meta property=\"og:url\" content=\"https:\/\/alprestamo.com\/blog\/precios-justos-congelan-el-valor-de-frutas-y-verduras-hasta-julio\/\" \/>\n<meta property=\"og:site_name\" content=\"Alprestamo - Hacemos que todo suceda\" \/>\n<meta property=\"article:published_time\" content=\"2023-06-06T14:21:59+00:00\" \/>\n<meta property=\"article:modified_time\" content=\"2023-06-06T14:22:00+00:00\" \/>\n<meta property=\"og:image\" content=\"https:\/\/alprestamo.com\/blog\/wp-content\/uploads\/2023\/06\/precios-justos.jpg\" \/>\n\t<meta property=\"og:image:width\" content=\"1107\" \/>\n\t<meta property=\"og:image:height\" content=\"675\" \/>\n\t<meta property=\"og:image:type\" content=\"image\/jpeg\" \/>\n<meta name=\"author\" content=\"Ramiro Querejeta\" \/>\n<meta name=\"twitter:card\" content=\"summary_large_image\" \/>\n<meta name=\"twitter:label1\" content=\"Escrito por\" \/>\n\t<meta name=\"twitter:data1\" content=\"Ramiro Querejeta\" \/>\n\t<meta name=\"twitter:label2\" content=\"Tiempo de lectura\" \/>\n\t<meta name=\"twitter:data2\" content=\"1 minuto\" \/>\n<script type=\"application\/ld+json\" class=\"yoast-schema-graph\">{\"@context\":\"https:\/\/schema.org\",\"@graph\":[{\"@type\":\"NewsArticle\",\"@id\":\"https:\/\/alprestamo.com\/blog\/precios-justos-congelan-el-valor-de-frutas-y-verduras-hasta-julio\/#article\",\"isPartOf\":{\"@id\":\"https:\/\/alprestamo.com\/blog\/precios-justos-congelan-el-valor-de-frutas-y-verduras-hasta-julio\/\"},\"author\":{\"name\":\"Ramiro Querejeta\",\"@id\":\"https:\/\/alprestamo.com\/blog\/#\/schema\/person\/4c568603ceb381762b4c9062d42c7627\"},\"headline\":\"Precios justos: congelan el valor de frutas y verduras hasta julio\",\"datePublished\":\"2023-06-06T14:21:59+00:00\",\"dateModified\":\"2023-06-06T14:22:00+00:00\",\"mainEntityOfPage\":{\"@id\":\"https:\/\/alprestamo.com\/blog\/precios-justos-congelan-el-valor-de-frutas-y-verduras-hasta-julio\/\"},\"wordCount\":201,\"publisher\":{\"@id\":\"https:\/\/alprestamo.com\/blog\/#organization\"},\"image\":{\"@id\":\"https:\/\/alprestamo.com\/blog\/precios-justos-congelan-el-valor-de-frutas-y-verduras-hasta-julio\/#primaryimage\"},\"thumbnailUrl\":\"https:\/\/alprestamo.com\/blog\/wp-content\/uploads\/2023\/06\/precios-justos.jpg\",\"articleSection\":[\"AR\",\"Programas sociales\"],\"inLanguage\":\"es-AR\"},{\"@type\":\"WebPage\",\"@id\":\"https:\/\/alprestamo.com\/blog\/precios-justos-congelan-el-valor-de-frutas-y-verduras-hasta-julio\/\",\"url\":\"https:\/\/alprestamo.com\/blog\/precios-justos-congelan-el-valor-de-frutas-y-verduras-hasta-julio\/\",\"name\":\"Precios justos: congelan el valor de frutas y verduras hasta julio\",\"isPartOf\":{\"@id\":\"https:\/\/alprestamo.com\/blog\/#website\"},\"primaryImageOfPage\":{\"@id\":\"https:\/\/alprestamo.com\/blog\/precios-justos-congelan-el-valor-de-frutas-y-verduras-hasta-julio\/#primaryimage\"},\"image\":{\"@id\":\"https:\/\/alprestamo.com\/blog\/precios-justos-congelan-el-valor-de-frutas-y-verduras-hasta-julio\/#primaryimage\"},\"thumbnailUrl\":\"https:\/\/alprestamo.com\/blog\/wp-content\/uploads\/2023\/06\/precios-justos.jpg\",\"datePublished\":\"2023-06-06T14:21:59+00:00\",\"dateModified\":\"2023-06-06T14:22:00+00:00\",\"description\":\"En el marco de una inflaci\u00f3n mensual ya cercana al 10% en Argentina, el gobierno volvi\u00f3 a actualizar el programa de Precios Justos, en este caso para el\",\"breadcrumb\":{\"@id\":\"https:\/\/alprestamo.com\/blog\/precios-justos-congelan-el-valor-de-frutas-y-verduras-hasta-julio\/#breadcrumb\"},\"inLanguage\":\"es-AR\",\"potentialAction\":[{\"@type\":\"ReadAction\",\"target\":[\"https:\/\/alprestamo.com\/blog\/precios-justos-congelan-el-valor-de-frutas-y-verduras-hasta-julio\/\"]}]},{\"@type\":\"ImageObject\",\"inLanguage\":\"es-AR\",\"@id\":\"https:\/\/alprestamo.com\/blog\/precios-justos-congelan-el-valor-de-frutas-y-verduras-hasta-julio\/#primaryimage\",\"url\":\"https:\/\/alprestamo.com\/blog\/wp-content\/uploads\/2023\/06\/precios-justos.jpg\",\"contentUrl\":\"https:\/\/alprestamo.com\/blog\/wp-content\/uploads\/2023\/06\/precios-justos.jpg\",\"width\":1107,\"height\":675,\"caption\":\"Precios Justos en un supermercado\"},{\"@type\":\"BreadcrumbList\",\"@id\":\"https:\/\/alprestamo.com\/blog\/precios-justos-congelan-el-valor-de-frutas-y-verduras-hasta-julio\/#breadcrumb\",\"itemListElement\":[{\"@type\":\"ListItem\",\"position\":1,\"name\":\"Home\",\"item\":\"https:\/\/alprestamo.com\/blog\/\"},{\"@type\":\"ListItem\",\"position\":2,\"name\":\"Precios justos: congelan el valor de frutas y verduras hasta julio\"}]},{\"@type\":\"WebSite\",\"@id\":\"https:\/\/alprestamo.com\/blog\/#website\",\"url\":\"https:\/\/alprestamo.com\/blog\/\",\"name\":\"Alprestamo\",\"description\":\"Hacemos que todo suceda\",\"publisher\":{\"@id\":\"https:\/\/alprestamo.com\/blog\/#organization\"},\"potentialAction\":[{\"@type\":\"SearchAction\",\"target\":{\"@type\":\"EntryPoint\",\"urlTemplate\":\"https:\/\/alprestamo.com\/blog\/?s={search_term_string}\"},\"query-input\":\"required name=search_term_string\"}],\"inLanguage\":\"es-AR\"},{\"@type\":\"Organization\",\"@id\":\"https:\/\/alprestamo.com\/blog\/#organization\",\"name\":\"Alprestamo\",\"url\":\"https:\/\/alprestamo.com\/blog\/\",\"logo\":{\"@type\":\"ImageObject\",\"inLanguage\":\"es-AR\",\"@id\":\"https:\/\/alprestamo.com\/blog\/#\/schema\/logo\/image\/\",\"url\":\"https:\/\/alprestamo.com\/blog\/wp-content\/uploads\/2022\/10\/Imagotipo_Blanco.svg\",\"contentUrl\":\"https:\/\/alprestamo.com\/blog\/wp-content\/uploads\/2022\/10\/Imagotipo_Blanco.svg\",\"width\":1199,\"height\":203,\"caption\":\"Alprestamo\"},\"image\":{\"@id\":\"https:\/\/alprestamo.com\/blog\/#\/schema\/logo\/image\/\"}},{\"@type\":\"Person\",\"@id\":\"https:\/\/alprestamo.com\/blog\/#\/schema\/person\/4c568603ceb381762b4c9062d42c7627\",\"name\":\"Ramiro Querejeta\",\"image\":{\"@type\":\"ImageObject\",\"inLanguage\":\"es-AR\",\"@id\":\"https:\/\/alprestamo.com\/blog\/#\/schema\/person\/image\/\",\"url\":\"https:\/\/alprestamo.com\/blog\/wp-content\/uploads\/2025\/08\/1688503693490-150x150.jpeg\",\"contentUrl\":\"https:\/\/alprestamo.com\/blog\/wp-content\/uploads\/2025\/08\/1688503693490-150x150.jpeg\",\"caption\":\"Ramiro Querejeta\"},\"url\":\"https:\/\/alprestamo.com\/blog\/author\/ramiro\/\"}]}<\/script>\n<!-- \/ Yoast SEO plugin. -->","yoast_head_json":{"title":"Precios justos: congelan el valor de frutas y verduras hasta julio","description":"En el marco de una inflaci\u00f3n mensual ya cercana al 10% en Argentina, el gobierno volvi\u00f3 a actualizar el programa de Precios Justos, en este caso para el","robots":{"index":"index","follow":"follow","max-snippet":"max-snippet:-1","max-image-preview":"max-image-preview:large","max-video-preview":"max-video-preview:-1"},"canonical":"https:\/\/alprestamo.com\/blog\/precios-justos-congelan-el-valor-de-frutas-y-verduras-hasta-julio\/","og_locale":"es_ES","og_type":"article","og_title":"Precios justos: congelan el valor de frutas y verduras hasta julio","og_description":"En el marco de una inflaci\u00f3n mensual ya cercana al 10% en Argentina, el gobierno volvi\u00f3 a actualizar el programa de Precios Justos, en este caso para el","og_url":"https:\/\/alprestamo.com\/blog\/precios-justos-congelan-el-valor-de-frutas-y-verduras-hasta-julio\/","og_site_name":"Alprestamo - Hacemos que todo suceda","article_published_time":"2023-06-06T14:21:59+00:00","article_modified_time":"2023-06-06T14:22:00+00:00","og_image":[{"width":1107,"height":675,"url":"https:\/\/alprestamo.com\/blog\/wp-content\/uploads\/2023\/06\/precios-justos.jpg","type":"image\/jpeg"}],"author":"Ramiro Querejeta","twitter_card":"summary_large_image","twitter_misc":{"Escrito por":"Ramiro Querejeta","Tiempo de lectura":"1 minuto"},"schema":{"@context":"https:\/\/schema.org","@graph":[{"@type":"NewsArticle","@id":"https:\/\/alprestamo.com\/blog\/precios-justos-congelan-el-valor-de-frutas-y-verduras-hasta-julio\/#article","isPartOf":{"@id":"https:\/\/alprestamo.com\/blog\/precios-justos-congelan-el-valor-de-frutas-y-verduras-hasta-julio\/"},"author":{"name":"Ramiro Querejeta","@id":"https:\/\/alprestamo.com\/blog\/#\/schema\/person\/4c568603ceb381762b4c9062d42c7627"},"headline":"Precios justos: congelan el valor de frutas y verduras hasta julio","datePublished":"2023-06-06T14:21:59+00:00","dateModified":"2023-06-06T14:22:00+00:00","mainEntityOfPage":{"@id":"https:\/\/alprestamo.com\/blog\/precios-justos-congelan-el-valor-de-frutas-y-verduras-hasta-julio\/"},"wordCount":201,"publisher":{"@id":"https:\/\/alprestamo.com\/blog\/#organization"},"image":{"@id":"https:\/\/alprestamo.com\/blog\/precios-justos-congelan-el-valor-de-frutas-y-verduras-hasta-julio\/#primaryimage"},"thumbnailUrl":"https:\/\/alprestamo.com\/blog\/wp-content\/uploads\/2023\/06\/precios-justos.jpg","articleSection":["AR","Programas sociales"],"inLanguage":"es-AR"},{"@type":"WebPage","@id":"https:\/\/alprestamo.com\/blog\/precios-justos-congelan-el-valor-de-frutas-y-verduras-hasta-julio\/","url":"https:\/\/alprestamo.com\/blog\/precios-justos-congelan-el-valor-de-frutas-y-verduras-hasta-julio\/","name":"Precios justos: congelan el valor de frutas y verduras hasta julio","isPartOf":{"@id":"https:\/\/alprestamo.com\/blog\/#website"},"primaryImageOfPage":{"@id":"https:\/\/alprestamo.com\/blog\/precios-justos-congelan-el-valor-de-frutas-y-verduras-hasta-julio\/#primaryimage"},"image":{"@id":"https:\/\/alprestamo.com\/blog\/precios-justos-congelan-el-valor-de-frutas-y-verduras-hasta-julio\/#primaryimage"},"thumbnailUrl":"https:\/\/alprestamo.com\/blog\/wp-content\/uploads\/2023\/06\/precios-justos.jpg","datePublished":"2023-06-06T14:21:59+00:00","dateModified":"2023-06-06T14:22:00+00:00","description":"En el marco de una inflaci\u00f3n mensual ya cercana al 10% en Argentina, el gobierno volvi\u00f3 a actualizar el programa de Precios Justos, en este caso para el","breadcrumb":{"@id":"https:\/\/alprestamo.com\/blog\/precios-justos-congelan-el-valor-de-frutas-y-verduras-hasta-julio\/#breadcrumb"},"inLanguage":"es-AR","potentialAction":[{"@type":"ReadAction","target":["https:\/\/alprestamo.com\/blog\/precios-justos-congelan-el-valor-de-frutas-y-verduras-hasta-julio\/"]}]},{"@type":"ImageObject","inLanguage":"es-AR","@id":"https:\/\/alprestamo.com\/blog\/precios-justos-congelan-el-valor-de-frutas-y-verduras-hasta-julio\/#primaryimage","url":"https:\/\/alprestamo.com\/blog\/wp-content\/uploads\/2023\/06\/precios-justos.jpg","contentUrl":"https:\/\/alprestamo.com\/blog\/wp-content\/uploads\/2023\/06\/precios-justos.jpg","width":1107,"height":675,"caption":"Precios Justos en un supermercado"},{"@type":"BreadcrumbList","@id":"https:\/\/alprestamo.com\/blog\/precios-justos-congelan-el-valor-de-frutas-y-verduras-hasta-julio\/#breadcrumb","itemListElement":[{"@type":"ListItem","position":1,"name":"Home","item":"https:\/\/alprestamo.com\/blog\/"},{"@type":"ListItem","position":2,"name":"Precios justos: congelan el valor de frutas y verduras hasta julio"}]},{"@type":"WebSite","@id":"https:\/\/alprestamo.com\/blog\/#website","url":"https:\/\/alprestamo.com\/blog\/","name":"Alprestamo","description":"Hacemos que todo suceda","publisher":{"@id":"https:\/\/alprestamo.com\/blog\/#organization"},"potentialAction":[{"@type":"SearchAction","target":{"@type":"EntryPoint","urlTemplate":"https:\/\/alprestamo.com\/blog\/?s={search_term_string}"},"query-input":"required name=search_term_string"}],"inLanguage":"es-AR"},{"@type":"Organization","@id":"https:\/\/alprestamo.com\/blog\/#organization","name":"Alprestamo","url":"https:\/\/alprestamo.com\/blog\/","logo":{"@type":"ImageObject","inLanguage":"es-AR","@id":"https:\/\/alprestamo.com\/blog\/#\/schema\/logo\/image\/","url":"https:\/\/alprestamo.com\/blog\/wp-content\/uploads\/2022\/10\/Imagotipo_Blanco.svg","contentUrl":"https:\/\/alprestamo.com\/blog\/wp-content\/uploads\/2022\/10\/Imagotipo_Blanco.svg","width":1199,"height":203,"caption":"Alprestamo"},"image":{"@id":"https:\/\/alprestamo.com\/blog\/#\/schema\/logo\/image\/"}},{"@type":"Person","@id":"https:\/\/alprestamo.com\/blog\/#\/schema\/person\/4c568603ceb381762b4c9062d42c7627","name":"Ramiro Querejeta","image":{"@type":"ImageObject","inLanguage":"es-AR","@id":"https:\/\/alprestamo.com\/blog\/#\/schema\/person\/image\/","url":"https:\/\/alprestamo.com\/blog\/wp-content\/uploads\/2025\/08\/1688503693490-150x150.jpeg","contentUrl":"https:\/\/alprestamo.com\/blog\/wp-content\/uploads\/2025\/08\/1688503693490-150x150.jpeg","caption":"Ramiro Querejeta"},"url":"https:\/\/alprestamo.com\/blog\/author\/ramiro\/"}]}},"uagb_featured_image_src":{"full":["https:\/\/alprestamo.com\/blog\/wp-content\/uploads\/2023\/06\/precios-justos.jpg",1107,675,false],"thumbnail":["https:\/\/alprestamo.com\/blog\/wp-content\/uploads\/2023\/06\/precios-justos-150x150.jpg",150,150,true],"medium":["https:\/\/alprestamo.com\/blog\/wp-content\/uploads\/2023\/06\/precios-justos-300x183.jpg",300,183,true],"medium_large":["https:\/\/alprestamo.com\/blog\/wp-content\/uploads\/2023\/06\/precios-justos-768x468.jpg",768,468,true],"large":["https:\/\/alprestamo.com\/blog\/wp-content\/uploads\/2023\/06\/precios-justos-1024x624.jpg",1024,624,true],"1536x1536":["https:\/\/alprestamo.com\/blog\/wp-content\/uploads\/2023\/06\/precios-justos.jpg",1107,675,false],"2048x2048":["https:\/\/alprestamo.com\/blog\/wp-content\/uploads\/2023\/06\/precios-justos.jpg",1107,675,false]},"uagb_author_info":{"display_name":"Ramiro Querejeta","author_link":"https:\/\/alprestamo.com\/blog\/author\/ramiro\/"},"uagb_comment_info":0,"uagb_excerpt":"En el marco de una inflaci\u00f3n mensual ya cercana al 10% en Argentina, el gobierno volvi\u00f3 a actualizar el programa de Precios Justos, en este caso para el rubro de frutas y verduras. Los productos seleccionados van a mantener su valor hasta el 30 de junio de 2023.&nbsp; Lista de Precios Justos&nbsp; Los nuevos precios&hellip;","rttpg_featured_image_url":{"full":["https:\/\/alprestamo.com\/blog\/wp-content\/uploads\/2023\/06\/precios-justos.jpg",1107,675,false],"landscape":["https:\/\/alprestamo.com\/blog\/wp-content\/uploads\/2023\/06\/precios-justos.jpg",1107,675,false],"portraits":["https:\/\/alprestamo.com\/blog\/wp-content\/uploads\/2023\/06\/precios-justos.jpg",1107,675,false],"thumbnail":["https:\/\/alprestamo.com\/blog\/wp-content\/uploads\/2023\/06\/precios-justos-150x150.jpg",150,150,true],"medium":["https:\/\/alprestamo.com\/blog\/wp-content\/uploads\/2023\/06\/precios-justos-300x183.jpg",300,183,true],"large":["https:\/\/alprestamo.com\/blog\/wp-content\/uploads\/2023\/06\/precios-justos-1024x624.jpg",1024,624,true],"1536x1536":["https:\/\/alprestamo.com\/blog\/wp-content\/uploads\/2023\/06\/precios-justos.jpg",1107,675,false],"2048x2048":["https:\/\/alprestamo.com\/blog\/wp-content\/uploads\/2023\/06\/precios-justos.jpg",1107,675,false],"rt_custom":["https:\/\/alprestamo.com\/blog\/wp-content\/uploads\/2023\/06\/precios-justos.jpg",1107,675,false]},"rttpg_author":{"display_name":"Ramiro Querejeta","author_link":"https:\/\/alprestamo.com\/blog\/author\/ramiro\/"},"rttpg_comment":0,"rttpg_category":"<a href=\"https:\/\/alprestamo.com\/blog\/categoria\/ar\/\" rel=\"category tag\">AR<\/a> <a href=\"https:\/\/alprestamo.com\/blog\/categoria\/ar\/programas-sociales-ar\/\" rel=\"category tag\">Programas sociales<\/a>","rttpg_excerpt":"En el marco de una inflaci\u00f3n mensual ya cercana al 10% en Argentina, el gobierno volvi\u00f3 a actualizar el programa de Precios Justos, en este caso para el rubro de frutas y verduras. Los productos seleccionados van a mantener su valor hasta el 30 de junio de 2023.&nbsp; Lista de Precios Justos&nbsp; Los nuevos precios&hellip;","_links":{"self":[{"href":"https:\/\/alprestamo.com\/blog\/wp-json\/wp\/v2\/posts\/23375"}],"collection":[{"href":"https:\/\/alprestamo.com\/blog\/wp-json\/wp\/v2\/posts"}],"about":[{"href":"https:\/\/alprestamo.com\/blog\/wp-json\/wp\/v2\/types\/post"}],"author":[{"embeddable":true,"href":"https:\/\/alprestamo.com\/blog\/wp-json\/wp\/v2\/users\/9"}],"replies":[{"embeddable":true,"href":"https:\/\/alprestamo.com\/blog\/wp-json\/wp\/v2\/comments?post=23375"}],"version-history":[{"count":2,"href":"https:\/\/alprestamo.com\/blog\/wp-json\/wp\/v2\/posts\/23375\/revisions"}],"predecessor-version":[{"id":23425,"href":"https:\/\/alprestamo.com\/blog\/wp-json\/wp\/v2\/posts\/23375\/revisions\/23425"}],"wp:featuredmedia":[{"embeddable":true,"href":"https:\/\/alprestamo.com\/blog\/wp-json\/wp\/v2\/media\/23376"}],"wp:attachment":[{"href":"https:\/\/alprestamo.com\/blog\/wp-json\/wp\/v2\/media?parent=23375"}],"wp:term":[{"taxonomy":"category","embeddable":true,"href":"https:\/\/alprestamo.com\/blog\/wp-json\/wp\/v2\/categories?post=23375"},{"taxonomy":"post_tag","embeddable":true,"href":"https:\/\/alprestamo.com\/blog\/wp-json\/wp\/v2\/tags?post=23375"}],"curies":[{"name":"wp","href":"https:\/\/api.w.org\/{rel}","templated":true}]}}