{"id":23400,"date":"2023-06-06T09:00:00","date_gmt":"2023-06-06T12:00:00","guid":{"rendered":"https:\/\/alprestamo.com\/blog\/?p=23400"},"modified":"2024-01-23T17:19:29","modified_gmt":"2024-01-23T20:19:29","slug":"programa-oportunidad-laboral-como-inscribirse","status":"publish","type":"post","link":"https:\/\/alprestamo.com\/blog\/programa-oportunidad-laboral-como-inscribirse\/","title":{"rendered":"Programa Oportunidad Laboral: c\u00f3mo inscribirse"},"content":{"rendered":"\n<p>El Ministerio de Trabajo y Seguridad Social (MTSS) llev\u00f3 a cabo el sorteo de cupos para la pr\u00f3xima etapa del programa Oportunidad Laboral, <strong>conocido como &#8220;jornales solidarios&#8221;, que se extender\u00e1 de junio a septiembre de 2023<\/strong>.&nbsp;<\/p>\n\n\n\n<p><strong>Esta iniciativa brindar\u00e1 <\/strong><a href=\"https:\/\/alprestamo.com\/blog\/uy\/programas-sociales-uy\/que-es-uruguay-trabaja-y-como-puede-beneficiarme\/\"><strong>trabajo <\/strong><\/a><strong>a aproximadamente 9.000 personas en los 19 departamentos del pa\u00eds, <\/strong>siendo los primeros puestos adjudicados en los departamentos de Colonia, Flores, Lavalleja, Soriano y Rivera.<\/p>\n\n\n\n<p>En la sede del MTSS, estuvieron presentes el ministro de Trabajo y Seguridad Social, Pablo Mieres; el director nacional de Empleo, Daniel P\u00e9rez; y el director nacional de Coordinaci\u00f3n en el Interior, Andr\u00e9s Prati.<strong>&nbsp;<\/strong><\/p>\n\n\n\n<p><strong>Esta actividad se llev\u00f3 a cabo en respuesta a una solicitud de los gobiernos departamentales, <\/strong>y los resultados del sorteo ser\u00e1n enviados a las respectivas intendencias, donde se publicar\u00e1n los listados de los seleccionados.<\/p>\n\n\n\n<h2 class=\"wp-block-heading\">\u00bfQu\u00e9 es el programa de oportunidad laboral?<\/h2>\n\n\n\n<p>El programa Oportunidad Laboral tiene como<strong> objetivo proporcionar empleo a 9.000 personas en los 19 departamentos de <a href=\"https:\/\/alprestamo.com\/blog\/uy\/una-de-las-mayores-empresas-de-criptomonedas-invertira-en-uruguay\/\">Uruguay <\/a>durante los meses de junio a septiembre de este a\u00f1o.&nbsp;<\/strong><\/p>\n\n\n\n<p><strong>Las tareas asignadas a los participantes ser\u00e1n organizadas por las autoridades mencionadas y se llevar\u00e1n a cabo en jornadas de medio tiempo, involucrando labores relacionadas con la construcci\u00f3n, la seguridad y otras \u00e1reas.<\/strong><\/p>\n\n\n\n<p>Tras el evento, el ministro Mieres destac\u00f3 en declaraciones a la prensa que este programa <strong>es un plan de promoci\u00f3n enfocado en personas con dificultades para acceder al mercado laboral. <\/strong>Adem\u00e1s, se\u00f1al\u00f3 que el n\u00famero de inscritos en el programa ha disminuido desde su inicio,<strong> lo<\/strong> cual considera un reflejo de la estabilidad laboral en el pa\u00eds.<\/p>\n\n\n\n<h2 class=\"wp-block-heading\">\u00bfQui\u00e9nes pueden aplicar?<\/h2>\n\n\n\n<p>Para aplicar al programa Oportunidad Laboral se debe:&nbsp;<\/p>\n\n\n\n<ul class=\"wp-block-list\">\n<li><strong>Tener entre 18 y 65 a\u00f1os de edad<\/strong><\/li>\n\n\n\n<li><strong>No deben recibir prestaciones salariales, subsidios por desempleo, enfermedad, jubilaci\u00f3n o pensi\u00f3n, ni cualquier otra retribuci\u00f3n de car\u00e1cter personal.&nbsp;<\/strong><\/li>\n<\/ul>\n\n\n\n<p><strong>Los participantes percibir\u00e1n ingresos de aproximadamente 13.000 pesos nominales al mes, correspondientes a doce jornales.<\/strong><\/p>\n\n\n\n<p>De las 227.000 personas inscritas, <strong>72.000 son de Montevideo y 20.812 de Canelones. <\/strong>La comuna canaria, que cont\u00f3 con 1.326 cupos, anunci\u00f3 que dentro del total de ciudadanos que se presentaron 2.188 no cumpl\u00edan con los requisitos.&nbsp;<\/p>\n\n\n\n<p>A la vez, su directora general de Administraci\u00f3n, Mariana Anza, comunic\u00f3 durante una conferencia de prensa que nuevas tareas se sumar\u00e1n en esta edici\u00f3n, <strong>entre las que mencion\u00f3 actividades de bacheo y forestaci\u00f3n<\/strong>. Adem\u00e1s, Anza destac\u00f3 que fueron incorporados los cupos para personas con <strong>discapacidad, trans y afrodescendientes, que contaron con 38, cinco y 204 inscriptos, respectivamente.<\/strong><\/p>\n\n\n\n<p>Por su parte, la Intendencia de Montevideo -que desarroll\u00f3 el sorteo el martes al mediod\u00eda- a\u00fan no ha publicado los resultados. Tampoco lo han hecho las intendencias de Paysand\u00fa y R\u00edo Negro.<\/p>\n","protected":false},"excerpt":{"rendered":"<p>El Ministerio de Trabajo y Seguridad Social (MTSS) llev\u00f3 a cabo el sorteo de cupos para la pr\u00f3xima etapa del programa Oportunidad Laboral, conocido como &#8220;jornales solidarios&#8221;, que se extender\u00e1 de junio a septiembre de 2023.&nbsp; Esta iniciativa brindar\u00e1 trabajo a aproximadamente 9.000 personas en los 19 departamentos del pa\u00eds, siendo los primeros puestos adjudicados &hellip;<\/p>\n<p class=\"read-more\"> <a class=\"\" href=\"https:\/\/alprestamo.com\/blog\/programa-oportunidad-laboral-como-inscribirse\/\"> <span class=\"screen-reader-text\">Programa Oportunidad Laboral: c\u00f3mo inscribirse<\/span> Leer m\u00e1s &raquo;<\/a><\/p>\n","protected":false},"author":9,"featured_media":23401,"comment_status":"closed","ping_status":"closed","sticky":false,"template":"","format":"standard","meta":{"_uag_custom_page_level_css":"","site-sidebar-layout":"default","site-content-layout":"default","ast-global-header-display":"","ast-banner-title-visibility":"","ast-main-header-display":"","ast-hfb-above-header-display":"","ast-hfb-below-header-display":"","ast-hfb-mobile-header-display":"","site-post-title":"","ast-breadcrumbs-content":"","ast-featured-img":"","footer-sml-layout":"","theme-transparent-header-meta":"","adv-header-id-meta":"","stick-header-meta":"","header-above-stick-meta":"","header-main-stick-meta":"","header-below-stick-meta":"","footnotes":""},"categories":[125,94],"tags":[],"class_list":["post-23400","post","type-post","status-publish","format-standard","has-post-thumbnail","hentry","category-mundo-laboral-uy","category-uy"],"acf":[],"yoast_head":"<!-- This site is optimized with the Yoast SEO plugin v23.2 - https:\/\/yoast.com\/wordpress\/plugins\/seo\/ -->\n<title>Programa Oportunidad Laboral: c\u00f3mo inscribirse<\/title>\n<meta name=\"description\" content=\"El Ministerio de Trabajo y Seguridad Social (MTSS) llev\u00f3 a cabo el sorteo de cupos para la pr\u00f3xima etapa del programa Oportunidad Laboral, conocido como\" \/>\n<meta name=\"robots\" content=\"index, follow, max-snippet:-1, max-image-preview:large, max-video-preview:-1\" \/>\n<link rel=\"canonical\" href=\"https:\/\/alprestamo.com\/blog\/programa-oportunidad-laboral-como-inscribirse\/\" \/>\n<meta property=\"og:locale\" content=\"es_ES\" \/>\n<meta property=\"og:type\" content=\"article\" \/>\n<meta property=\"og:title\" content=\"Programa Oportunidad Laboral: c\u00f3mo inscribirse\" \/>\n<meta property=\"og:description\" content=\"El Ministerio de Trabajo y Seguridad Social (MTSS) llev\u00f3 a cabo el sorteo de cupos para la pr\u00f3xima etapa del programa Oportunidad Laboral, conocido como\" \/>\n<meta property=\"og:url\" content=\"https:\/\/alprestamo.com\/blog\/programa-oportunidad-laboral-como-inscribirse\/\" \/>\n<meta property=\"og:site_name\" content=\"Alprestamo - Hacemos que todo suceda\" \/>\n<meta property=\"article:published_time\" content=\"2023-06-06T12:00:00+00:00\" \/>\n<meta property=\"article:modified_time\" content=\"2024-01-23T20:19:29+00:00\" \/>\n<meta property=\"og:image\" content=\"https:\/\/alprestamo.com\/blog\/wp-content\/uploads\/2023\/06\/Oportunidad-Laboral-II.jpg\" \/>\n\t<meta property=\"og:image:width\" content=\"2001\" \/>\n\t<meta property=\"og:image:height\" content=\"1334\" \/>\n\t<meta property=\"og:image:type\" content=\"image\/jpeg\" \/>\n<meta name=\"author\" content=\"Ramiro Querejeta\" \/>\n<meta name=\"twitter:card\" content=\"summary_large_image\" \/>\n<meta name=\"twitter:label1\" content=\"Escrito por\" \/>\n\t<meta name=\"twitter:data1\" content=\"Ramiro Querejeta\" \/>\n\t<meta name=\"twitter:label2\" content=\"Tiempo de lectura\" \/>\n\t<meta name=\"twitter:data2\" content=\"2 minutos\" \/>\n<script type=\"application\/ld+json\" class=\"yoast-schema-graph\">{\"@context\":\"https:\/\/schema.org\",\"@graph\":[{\"@type\":\"NewsArticle\",\"@id\":\"https:\/\/alprestamo.com\/blog\/programa-oportunidad-laboral-como-inscribirse\/#article\",\"isPartOf\":{\"@id\":\"https:\/\/alprestamo.com\/blog\/programa-oportunidad-laboral-como-inscribirse\/\"},\"author\":{\"name\":\"Ramiro Querejeta\",\"@id\":\"https:\/\/alprestamo.com\/blog\/#\/schema\/person\/4c568603ceb381762b4c9062d42c7627\"},\"headline\":\"Programa Oportunidad Laboral: c\u00f3mo inscribirse\",\"datePublished\":\"2023-06-06T12:00:00+00:00\",\"dateModified\":\"2024-01-23T20:19:29+00:00\",\"mainEntityOfPage\":{\"@id\":\"https:\/\/alprestamo.com\/blog\/programa-oportunidad-laboral-como-inscribirse\/\"},\"wordCount\":466,\"publisher\":{\"@id\":\"https:\/\/alprestamo.com\/blog\/#organization\"},\"image\":{\"@id\":\"https:\/\/alprestamo.com\/blog\/programa-oportunidad-laboral-como-inscribirse\/#primaryimage\"},\"thumbnailUrl\":\"https:\/\/alprestamo.com\/blog\/wp-content\/uploads\/2023\/06\/Oportunidad-Laboral-II.jpg\",\"articleSection\":[\"Mundo laboral\",\"UY\"],\"inLanguage\":\"es-AR\"},{\"@type\":\"WebPage\",\"@id\":\"https:\/\/alprestamo.com\/blog\/programa-oportunidad-laboral-como-inscribirse\/\",\"url\":\"https:\/\/alprestamo.com\/blog\/programa-oportunidad-laboral-como-inscribirse\/\",\"name\":\"Programa Oportunidad Laboral: c\u00f3mo inscribirse\",\"isPartOf\":{\"@id\":\"https:\/\/alprestamo.com\/blog\/#website\"},\"primaryImageOfPage\":{\"@id\":\"https:\/\/alprestamo.com\/blog\/programa-oportunidad-laboral-como-inscribirse\/#primaryimage\"},\"image\":{\"@id\":\"https:\/\/alprestamo.com\/blog\/programa-oportunidad-laboral-como-inscribirse\/#primaryimage\"},\"thumbnailUrl\":\"https:\/\/alprestamo.com\/blog\/wp-content\/uploads\/2023\/06\/Oportunidad-Laboral-II.jpg\",\"datePublished\":\"2023-06-06T12:00:00+00:00\",\"dateModified\":\"2024-01-23T20:19:29+00:00\",\"description\":\"El Ministerio de Trabajo y Seguridad Social (MTSS) llev\u00f3 a cabo el sorteo de cupos para la pr\u00f3xima etapa del programa Oportunidad Laboral, conocido como\",\"breadcrumb\":{\"@id\":\"https:\/\/alprestamo.com\/blog\/programa-oportunidad-laboral-como-inscribirse\/#breadcrumb\"},\"inLanguage\":\"es-AR\",\"potentialAction\":[{\"@type\":\"ReadAction\",\"target\":[\"https:\/\/alprestamo.com\/blog\/programa-oportunidad-laboral-como-inscribirse\/\"]}]},{\"@type\":\"ImageObject\",\"inLanguage\":\"es-AR\",\"@id\":\"https:\/\/alprestamo.com\/blog\/programa-oportunidad-laboral-como-inscribirse\/#primaryimage\",\"url\":\"https:\/\/alprestamo.com\/blog\/wp-content\/uploads\/2023\/06\/Oportunidad-Laboral-II.jpg\",\"contentUrl\":\"https:\/\/alprestamo.com\/blog\/wp-content\/uploads\/2023\/06\/Oportunidad-Laboral-II.jpg\",\"width\":2001,\"height\":1334,\"caption\":\"programa oportunidad laboral de Uruguay\"},{\"@type\":\"BreadcrumbList\",\"@id\":\"https:\/\/alprestamo.com\/blog\/programa-oportunidad-laboral-como-inscribirse\/#breadcrumb\",\"itemListElement\":[{\"@type\":\"ListItem\",\"position\":1,\"name\":\"Home\",\"item\":\"https:\/\/alprestamo.com\/blog\/\"},{\"@type\":\"ListItem\",\"position\":2,\"name\":\"Programa Oportunidad Laboral: c\u00f3mo inscribirse\"}]},{\"@type\":\"WebSite\",\"@id\":\"https:\/\/alprestamo.com\/blog\/#website\",\"url\":\"https:\/\/alprestamo.com\/blog\/\",\"name\":\"Alprestamo\",\"description\":\"Hacemos que todo suceda\",\"publisher\":{\"@id\":\"https:\/\/alprestamo.com\/blog\/#organization\"},\"potentialAction\":[{\"@type\":\"SearchAction\",\"target\":{\"@type\":\"EntryPoint\",\"urlTemplate\":\"https:\/\/alprestamo.com\/blog\/?s={search_term_string}\"},\"query-input\":\"required name=search_term_string\"}],\"inLanguage\":\"es-AR\"},{\"@type\":\"Organization\",\"@id\":\"https:\/\/alprestamo.com\/blog\/#organization\",\"name\":\"Alprestamo\",\"url\":\"https:\/\/alprestamo.com\/blog\/\",\"logo\":{\"@type\":\"ImageObject\",\"inLanguage\":\"es-AR\",\"@id\":\"https:\/\/alprestamo.com\/blog\/#\/schema\/logo\/image\/\",\"url\":\"https:\/\/alprestamo.com\/blog\/wp-content\/uploads\/2022\/10\/Imagotipo_Blanco.svg\",\"contentUrl\":\"https:\/\/alprestamo.com\/blog\/wp-content\/uploads\/2022\/10\/Imagotipo_Blanco.svg\",\"width\":1199,\"height\":203,\"caption\":\"Alprestamo\"},\"image\":{\"@id\":\"https:\/\/alprestamo.com\/blog\/#\/schema\/logo\/image\/\"}},{\"@type\":\"Person\",\"@id\":\"https:\/\/alprestamo.com\/blog\/#\/schema\/person\/4c568603ceb381762b4c9062d42c7627\",\"name\":\"Ramiro Querejeta\",\"image\":{\"@type\":\"ImageObject\",\"inLanguage\":\"es-AR\",\"@id\":\"https:\/\/alprestamo.com\/blog\/#\/schema\/person\/image\/\",\"url\":\"https:\/\/alprestamo.com\/blog\/wp-content\/uploads\/2025\/08\/1688503693490-150x150.jpeg\",\"contentUrl\":\"https:\/\/alprestamo.com\/blog\/wp-content\/uploads\/2025\/08\/1688503693490-150x150.jpeg\",\"caption\":\"Ramiro Querejeta\"},\"url\":\"https:\/\/alprestamo.com\/blog\/author\/ramiro\/\"}]}<\/script>\n<!-- \/ Yoast SEO plugin. -->","yoast_head_json":{"title":"Programa Oportunidad Laboral: c\u00f3mo inscribirse","description":"El Ministerio de Trabajo y Seguridad Social (MTSS) llev\u00f3 a cabo el sorteo de cupos para la pr\u00f3xima etapa del programa Oportunidad Laboral, conocido como","robots":{"index":"index","follow":"follow","max-snippet":"max-snippet:-1","max-image-preview":"max-image-preview:large","max-video-preview":"max-video-preview:-1"},"canonical":"https:\/\/alprestamo.com\/blog\/programa-oportunidad-laboral-como-inscribirse\/","og_locale":"es_ES","og_type":"article","og_title":"Programa Oportunidad Laboral: c\u00f3mo inscribirse","og_description":"El Ministerio de Trabajo y Seguridad Social (MTSS) llev\u00f3 a cabo el sorteo de cupos para la pr\u00f3xima etapa del programa Oportunidad Laboral, conocido como","og_url":"https:\/\/alprestamo.com\/blog\/programa-oportunidad-laboral-como-inscribirse\/","og_site_name":"Alprestamo - Hacemos que todo suceda","article_published_time":"2023-06-06T12:00:00+00:00","article_modified_time":"2024-01-23T20:19:29+00:00","og_image":[{"width":2001,"height":1334,"url":"https:\/\/alprestamo.com\/blog\/wp-content\/uploads\/2023\/06\/Oportunidad-Laboral-II.jpg","type":"image\/jpeg"}],"author":"Ramiro Querejeta","twitter_card":"summary_large_image","twitter_misc":{"Escrito por":"Ramiro Querejeta","Tiempo de lectura":"2 minutos"},"schema":{"@context":"https:\/\/schema.org","@graph":[{"@type":"NewsArticle","@id":"https:\/\/alprestamo.com\/blog\/programa-oportunidad-laboral-como-inscribirse\/#article","isPartOf":{"@id":"https:\/\/alprestamo.com\/blog\/programa-oportunidad-laboral-como-inscribirse\/"},"author":{"name":"Ramiro Querejeta","@id":"https:\/\/alprestamo.com\/blog\/#\/schema\/person\/4c568603ceb381762b4c9062d42c7627"},"headline":"Programa Oportunidad Laboral: c\u00f3mo inscribirse","datePublished":"2023-06-06T12:00:00+00:00","dateModified":"2024-01-23T20:19:29+00:00","mainEntityOfPage":{"@id":"https:\/\/alprestamo.com\/blog\/programa-oportunidad-laboral-como-inscribirse\/"},"wordCount":466,"publisher":{"@id":"https:\/\/alprestamo.com\/blog\/#organization"},"image":{"@id":"https:\/\/alprestamo.com\/blog\/programa-oportunidad-laboral-como-inscribirse\/#primaryimage"},"thumbnailUrl":"https:\/\/alprestamo.com\/blog\/wp-content\/uploads\/2023\/06\/Oportunidad-Laboral-II.jpg","articleSection":["Mundo laboral","UY"],"inLanguage":"es-AR"},{"@type":"WebPage","@id":"https:\/\/alprestamo.com\/blog\/programa-oportunidad-laboral-como-inscribirse\/","url":"https:\/\/alprestamo.com\/blog\/programa-oportunidad-laboral-como-inscribirse\/","name":"Programa Oportunidad Laboral: c\u00f3mo inscribirse","isPartOf":{"@id":"https:\/\/alprestamo.com\/blog\/#website"},"primaryImageOfPage":{"@id":"https:\/\/alprestamo.com\/blog\/programa-oportunidad-laboral-como-inscribirse\/#primaryimage"},"image":{"@id":"https:\/\/alprestamo.com\/blog\/programa-oportunidad-laboral-como-inscribirse\/#primaryimage"},"thumbnailUrl":"https:\/\/alprestamo.com\/blog\/wp-content\/uploads\/2023\/06\/Oportunidad-Laboral-II.jpg","datePublished":"2023-06-06T12:00:00+00:00","dateModified":"2024-01-23T20:19:29+00:00","description":"El Ministerio de Trabajo y Seguridad Social (MTSS) llev\u00f3 a cabo el sorteo de cupos para la pr\u00f3xima etapa del programa Oportunidad Laboral, conocido como","breadcrumb":{"@id":"https:\/\/alprestamo.com\/blog\/programa-oportunidad-laboral-como-inscribirse\/#breadcrumb"},"inLanguage":"es-AR","potentialAction":[{"@type":"ReadAction","target":["https:\/\/alprestamo.com\/blog\/programa-oportunidad-laboral-como-inscribirse\/"]}]},{"@type":"ImageObject","inLanguage":"es-AR","@id":"https:\/\/alprestamo.com\/blog\/programa-oportunidad-laboral-como-inscribirse\/#primaryimage","url":"https:\/\/alprestamo.com\/blog\/wp-content\/uploads\/2023\/06\/Oportunidad-Laboral-II.jpg","contentUrl":"https:\/\/alprestamo.com\/blog\/wp-content\/uploads\/2023\/06\/Oportunidad-Laboral-II.jpg","width":2001,"height":1334,"caption":"programa oportunidad laboral de Uruguay"},{"@type":"BreadcrumbList","@id":"https:\/\/alprestamo.com\/blog\/programa-oportunidad-laboral-como-inscribirse\/#breadcrumb","itemListElement":[{"@type":"ListItem","position":1,"name":"Home","item":"https:\/\/alprestamo.com\/blog\/"},{"@type":"ListItem","position":2,"name":"Programa Oportunidad Laboral: c\u00f3mo inscribirse"}]},{"@type":"WebSite","@id":"https:\/\/alprestamo.com\/blog\/#website","url":"https:\/\/alprestamo.com\/blog\/","name":"Alprestamo","description":"Hacemos que todo suceda","publisher":{"@id":"https:\/\/alprestamo.com\/blog\/#organization"},"potentialAction":[{"@type":"SearchAction","target":{"@type":"EntryPoint","urlTemplate":"https:\/\/alprestamo.com\/blog\/?s={search_term_string}"},"query-input":"required name=search_term_string"}],"inLanguage":"es-AR"},{"@type":"Organization","@id":"https:\/\/alprestamo.com\/blog\/#organization","name":"Alprestamo","url":"https:\/\/alprestamo.com\/blog\/","logo":{"@type":"ImageObject","inLanguage":"es-AR","@id":"https:\/\/alprestamo.com\/blog\/#\/schema\/logo\/image\/","url":"https:\/\/alprestamo.com\/blog\/wp-content\/uploads\/2022\/10\/Imagotipo_Blanco.svg","contentUrl":"https:\/\/alprestamo.com\/blog\/wp-content\/uploads\/2022\/10\/Imagotipo_Blanco.svg","width":1199,"height":203,"caption":"Alprestamo"},"image":{"@id":"https:\/\/alprestamo.com\/blog\/#\/schema\/logo\/image\/"}},{"@type":"Person","@id":"https:\/\/alprestamo.com\/blog\/#\/schema\/person\/4c568603ceb381762b4c9062d42c7627","name":"Ramiro Querejeta","image":{"@type":"ImageObject","inLanguage":"es-AR","@id":"https:\/\/alprestamo.com\/blog\/#\/schema\/person\/image\/","url":"https:\/\/alprestamo.com\/blog\/wp-content\/uploads\/2025\/08\/1688503693490-150x150.jpeg","contentUrl":"https:\/\/alprestamo.com\/blog\/wp-content\/uploads\/2025\/08\/1688503693490-150x150.jpeg","caption":"Ramiro Querejeta"},"url":"https:\/\/alprestamo.com\/blog\/author\/ramiro\/"}]}},"uagb_featured_image_src":{"full":["https:\/\/alprestamo.com\/blog\/wp-content\/uploads\/2023\/06\/Oportunidad-Laboral-II.jpg",2001,1334,false],"thumbnail":["https:\/\/alprestamo.com\/blog\/wp-content\/uploads\/2023\/06\/Oportunidad-Laboral-II-150x150.jpg",150,150,true],"medium":["https:\/\/alprestamo.com\/blog\/wp-content\/uploads\/2023\/06\/Oportunidad-Laboral-II-300x200.jpg",300,200,true],"medium_large":["https:\/\/alprestamo.com\/blog\/wp-content\/uploads\/2023\/06\/Oportunidad-Laboral-II-768x512.jpg",768,512,true],"large":["https:\/\/alprestamo.com\/blog\/wp-content\/uploads\/2023\/06\/Oportunidad-Laboral-II-1024x683.jpg",1024,683,true],"1536x1536":["https:\/\/alprestamo.com\/blog\/wp-content\/uploads\/2023\/06\/Oportunidad-Laboral-II-1536x1024.jpg",1536,1024,true],"2048x2048":["https:\/\/alprestamo.com\/blog\/wp-content\/uploads\/2023\/06\/Oportunidad-Laboral-II.jpg",2001,1334,false]},"uagb_author_info":{"display_name":"Ramiro Querejeta","author_link":"https:\/\/alprestamo.com\/blog\/author\/ramiro\/"},"uagb_comment_info":0,"uagb_excerpt":"El Ministerio de Trabajo y Seguridad Social (MTSS) llev\u00f3 a cabo el sorteo de cupos para la pr\u00f3xima etapa del programa Oportunidad Laboral, conocido como &#8220;jornales solidarios&#8221;, que se extender\u00e1 de junio a septiembre de 2023.&nbsp; Esta iniciativa brindar\u00e1 trabajo a aproximadamente 9.000 personas en los 19 departamentos del pa\u00eds, siendo los primeros puestos adjudicados&hellip;","rttpg_featured_image_url":{"full":["https:\/\/alprestamo.com\/blog\/wp-content\/uploads\/2023\/06\/Oportunidad-Laboral-II.jpg",2001,1334,false],"landscape":["https:\/\/alprestamo.com\/blog\/wp-content\/uploads\/2023\/06\/Oportunidad-Laboral-II.jpg",2001,1334,false],"portraits":["https:\/\/alprestamo.com\/blog\/wp-content\/uploads\/2023\/06\/Oportunidad-Laboral-II.jpg",2001,1334,false],"thumbnail":["https:\/\/alprestamo.com\/blog\/wp-content\/uploads\/2023\/06\/Oportunidad-Laboral-II-150x150.jpg",150,150,true],"medium":["https:\/\/alprestamo.com\/blog\/wp-content\/uploads\/2023\/06\/Oportunidad-Laboral-II-300x200.jpg",300,200,true],"large":["https:\/\/alprestamo.com\/blog\/wp-content\/uploads\/2023\/06\/Oportunidad-Laboral-II-1024x683.jpg",1024,683,true],"1536x1536":["https:\/\/alprestamo.com\/blog\/wp-content\/uploads\/2023\/06\/Oportunidad-Laboral-II-1536x1024.jpg",1536,1024,true],"2048x2048":["https:\/\/alprestamo.com\/blog\/wp-content\/uploads\/2023\/06\/Oportunidad-Laboral-II.jpg",2001,1334,false],"rt_custom":["https:\/\/alprestamo.com\/blog\/wp-content\/uploads\/2023\/06\/Oportunidad-Laboral-II.jpg",2001,1334,false]},"rttpg_author":{"display_name":"Ramiro Querejeta","author_link":"https:\/\/alprestamo.com\/blog\/author\/ramiro\/"},"rttpg_comment":0,"rttpg_category":"<a href=\"https:\/\/alprestamo.com\/blog\/categoria\/uy\/mundo-laboral-uy\/\" rel=\"category tag\">Mundo laboral<\/a> <a href=\"https:\/\/alprestamo.com\/blog\/categoria\/uy\/\" rel=\"category tag\">UY<\/a>","rttpg_excerpt":"El Ministerio de Trabajo y Seguridad Social (MTSS) llev\u00f3 a cabo el sorteo de cupos para la pr\u00f3xima etapa del programa Oportunidad Laboral, conocido como &#8220;jornales solidarios&#8221;, que se extender\u00e1 de junio a septiembre de 2023.&nbsp; Esta iniciativa brindar\u00e1 trabajo a aproximadamente 9.000 personas en los 19 departamentos del pa\u00eds, siendo los primeros puestos adjudicados&hellip;","_links":{"self":[{"href":"https:\/\/alprestamo.com\/blog\/wp-json\/wp\/v2\/posts\/23400"}],"collection":[{"href":"https:\/\/alprestamo.com\/blog\/wp-json\/wp\/v2\/posts"}],"about":[{"href":"https:\/\/alprestamo.com\/blog\/wp-json\/wp\/v2\/types\/post"}],"author":[{"embeddable":true,"href":"https:\/\/alprestamo.com\/blog\/wp-json\/wp\/v2\/users\/9"}],"replies":[{"embeddable":true,"href":"https:\/\/alprestamo.com\/blog\/wp-json\/wp\/v2\/comments?post=23400"}],"version-history":[{"count":4,"href":"https:\/\/alprestamo.com\/blog\/wp-json\/wp\/v2\/posts\/23400\/revisions"}],"predecessor-version":[{"id":36421,"href":"https:\/\/alprestamo.com\/blog\/wp-json\/wp\/v2\/posts\/23400\/revisions\/36421"}],"wp:featuredmedia":[{"embeddable":true,"href":"https:\/\/alprestamo.com\/blog\/wp-json\/wp\/v2\/media\/23401"}],"wp:attachment":[{"href":"https:\/\/alprestamo.com\/blog\/wp-json\/wp\/v2\/media?parent=23400"}],"wp:term":[{"taxonomy":"category","embeddable":true,"href":"https:\/\/alprestamo.com\/blog\/wp-json\/wp\/v2\/categories?post=23400"},{"taxonomy":"post_tag","embeddable":true,"href":"https:\/\/alprestamo.com\/blog\/wp-json\/wp\/v2\/tags?post=23400"}],"curies":[{"name":"wp","href":"https:\/\/api.w.org\/{rel}","templated":true}]}}