{"id":23435,"date":"2023-06-07T09:00:00","date_gmt":"2023-06-07T12:00:00","guid":{"rendered":"https:\/\/alprestamo.com\/blog\/?p=23435"},"modified":"2024-01-23T17:35:28","modified_gmt":"2024-01-23T20:35:28","slug":"que-pasa-con-el-agua-en-uruguay","status":"publish","type":"post","link":"https:\/\/alprestamo.com\/blog\/que-pasa-con-el-agua-en-uruguay\/","title":{"rendered":"Qu\u00e9 pasa con el agua en Uruguay"},"content":{"rendered":"\n<p><strong>En Uruguay se est\u00e1 dando un hecho impensado<\/strong>. A pesar de tener salida al mar y una de las reservas de agua dulce m\u00e1s importantes, <strong>se est\u00e1 quedando sin agua potable.<\/strong> En este art\u00edculo te contamos por qu\u00e9 y las medidas que est\u00e1 tomando el gobierno.&nbsp;<\/p>\n\n\n\n<h2 class=\"wp-block-heading\">Por qu\u00e9 el agua es m\u00e1s salada<\/h2>\n\n\n\n<p>Desde hace varias semanas, los habitantes de Montevideo y la zona metropolitana (1,7 millones de personas) se est\u00e1n quejando ya que desde las ca\u00f1er\u00edas el agua que sale es m\u00e1s salada, debido al exceso de sodio.<strong>&nbsp;<\/strong><\/p>\n\n\n\n<p><strong>Esto es producto de una decisi\u00f3n que ha tomado OSE (Obras Sanitarias del Estado) dado que por la sequ\u00eda, falta agua en los embalses y en el r\u00edo Santa Luc\u00eda<\/strong>, uno de los principales proveedores de agua dulce de <a href=\"https:\/\/alprestamo.com\/blog\/uy\/economia-finanzas-uy\/5-claves-por-las-que-uruguay-es-un-modelo-de-nacion\/\">Uruguay<\/a>.&nbsp;<\/p>\n\n\n\n<p>Ante este escenario, OSE sali\u00f3 a comunicar que<strong> el agua que se est\u00e1 utilizando proviene del R\u00edo de La Plata<\/strong>, que, al estar m\u00e1s cerca del mar, contiene mayor cantidad de sal. Tambi\u00e9n declararon que <strong>esto no tiene efectos nocivos para la salud en la poblaci\u00f3n sana y que la medida es \u201ctemporal\u201d,<\/strong> dada la grave situaci\u00f3n que afecta al pa\u00eds desde hace un tiempo prolongado.&nbsp;<\/p>\n\n\n\n<p>Se espera que con la llegada del invierno aumente la cantidad de lluvias y as\u00ed se repongan las reservas de agua.<\/p>\n\n\n\n<h2 class=\"wp-block-heading\">La reacci\u00f3n de los uruguayos<\/h2>\n\n\n\n<p><strong>Este hecho llev\u00f3 a que muchas personas salieran a comprar agua mineral a los supermercados,<\/strong> lo que provoc\u00f3 que se limitara la compra de una cierta cantidad de bidones por persona. A pesar de esto, las cadenas de supermercados aseguraron que no habr\u00e1 desabastecimiento. Lo que seguramente no sea posible es mantener el precio, ya que habr\u00e1 una menor oferta de agua mineral.&nbsp;<\/p>\n\n\n\n<h2 class=\"wp-block-heading\">Medidas del gobierno<\/h2>\n\n\n\n<p>Adem\u00e1s de permitir una mayor salinidad del agua, <strong>el gobierno de Uruguay recomend\u00f3 a sus ciudadanos que no malgasten el agua corriente.<\/strong> Para esto, sugiri\u00f3 no tomar duchas prolongadas, tirar la cadena del inodoro solo las veces que sean necesarias e intentar no lavar el auto o regar el jard\u00edn con agua de la canilla. Tambi\u00e9n recomend\u00f3 cerrar la llave de paso del agua si uno no va a estar en el hogar por varios d\u00edas y chequear las posibles p\u00e9rdidas de ca\u00f1er\u00edas y desag\u00fces.&nbsp;<\/p>\n\n\n\n<p>Adem\u00e1s, <strong>las autoridades anunciaron que brindar\u00e1n agua embotellada a la poblaci\u00f3n m\u00e1s vulnerable <\/strong>y que no puede acceder al agua mineral de los supermercados por el precio.&nbsp;<\/p>\n\n\n\n<p>Mart\u00edn Lema, ministro de Desarrollo Social, asegur\u00f3 que van a otorgar el valor equivalente a dos litros de agua por d\u00eda durante un mes, aunque no descart\u00f3 que esto se mantenga si contin\u00faa el d\u00e9ficit h\u00eddrico.&nbsp;<\/p>\n\n\n\n<p>Simult\u00e1neamente,<strong> desde OSE comunicaron que van a construir una represa provisoria en el r\u00edo Santa Luc\u00eda y de esta forma poder estirar las reservas de agua dulce del Uruguay<\/strong>.&nbsp;<\/p>\n","protected":false},"excerpt":{"rendered":"<p>En Uruguay se est\u00e1 dando un hecho impensado. A pesar de tener salida al mar y una de las reservas de agua dulce m\u00e1s importantes, se est\u00e1 quedando sin agua potable. En este art\u00edculo te contamos por qu\u00e9 y las medidas que est\u00e1 tomando el gobierno.&nbsp; Por qu\u00e9 el agua es m\u00e1s salada Desde hace &hellip;<\/p>\n<p class=\"read-more\"> <a class=\"\" href=\"https:\/\/alprestamo.com\/blog\/que-pasa-con-el-agua-en-uruguay\/\"> <span class=\"screen-reader-text\">Qu\u00e9 pasa con el agua en Uruguay<\/span> Leer m\u00e1s &raquo;<\/a><\/p>\n","protected":false},"author":9,"featured_media":23436,"comment_status":"closed","ping_status":"closed","sticky":false,"template":"","format":"standard","meta":{"_uag_custom_page_level_css":"","site-sidebar-layout":"default","site-content-layout":"default","ast-global-header-display":"","ast-banner-title-visibility":"","ast-main-header-display":"","ast-hfb-above-header-display":"","ast-hfb-below-header-display":"","ast-hfb-mobile-header-display":"","site-post-title":"","ast-breadcrumbs-content":"","ast-featured-img":"","footer-sml-layout":"","theme-transparent-header-meta":"","adv-header-id-meta":"","stick-header-meta":"","header-above-stick-meta":"","header-main-stick-meta":"","header-below-stick-meta":"","footnotes":""},"categories":[36,94],"tags":[],"class_list":["post-23435","post","type-post","status-publish","format-standard","has-post-thumbnail","hentry","category-economia-finanzas-uy","category-uy"],"acf":[],"yoast_head":"<!-- This site is optimized with the Yoast SEO plugin v23.2 - https:\/\/yoast.com\/wordpress\/plugins\/seo\/ -->\n<title>Qu\u00e9 pasa con el agua en Uruguay<\/title>\n<meta name=\"description\" content=\"En Uruguay se est\u00e1 dando un hecho impensado. A pesar de tener salida al mar y una de las reservas de agua dulce m\u00e1s importantes, se est\u00e1 quedando sin agua\" \/>\n<meta name=\"robots\" content=\"index, follow, max-snippet:-1, max-image-preview:large, max-video-preview:-1\" \/>\n<link rel=\"canonical\" href=\"https:\/\/alprestamo.com\/blog\/que-pasa-con-el-agua-en-uruguay\/\" \/>\n<meta property=\"og:locale\" content=\"es_ES\" \/>\n<meta property=\"og:type\" content=\"article\" \/>\n<meta property=\"og:title\" content=\"Qu\u00e9 pasa con el agua en Uruguay\" \/>\n<meta property=\"og:description\" content=\"En Uruguay se est\u00e1 dando un hecho impensado. A pesar de tener salida al mar y una de las reservas de agua dulce m\u00e1s importantes, se est\u00e1 quedando sin agua\" \/>\n<meta property=\"og:url\" content=\"https:\/\/alprestamo.com\/blog\/que-pasa-con-el-agua-en-uruguay\/\" \/>\n<meta property=\"og:site_name\" content=\"Alprestamo - Hacemos que todo suceda\" \/>\n<meta property=\"article:published_time\" content=\"2023-06-07T12:00:00+00:00\" \/>\n<meta property=\"article:modified_time\" content=\"2024-01-23T20:35:28+00:00\" \/>\n<meta property=\"og:image\" content=\"https:\/\/alprestamo.com\/blog\/wp-content\/uploads\/2023\/06\/140477194_m_normal_none.jpg\" \/>\n\t<meta property=\"og:image:width\" content=\"2508\" \/>\n\t<meta property=\"og:image:height\" content=\"1672\" \/>\n\t<meta property=\"og:image:type\" content=\"image\/jpeg\" \/>\n<meta name=\"author\" content=\"Ramiro Querejeta\" \/>\n<meta name=\"twitter:card\" content=\"summary_large_image\" \/>\n<meta name=\"twitter:label1\" content=\"Escrito por\" \/>\n\t<meta name=\"twitter:data1\" content=\"Ramiro Querejeta\" \/>\n\t<meta name=\"twitter:label2\" content=\"Tiempo de lectura\" \/>\n\t<meta name=\"twitter:data2\" content=\"3 minutos\" \/>\n<script type=\"application\/ld+json\" class=\"yoast-schema-graph\">{\"@context\":\"https:\/\/schema.org\",\"@graph\":[{\"@type\":\"NewsArticle\",\"@id\":\"https:\/\/alprestamo.com\/blog\/que-pasa-con-el-agua-en-uruguay\/#article\",\"isPartOf\":{\"@id\":\"https:\/\/alprestamo.com\/blog\/que-pasa-con-el-agua-en-uruguay\/\"},\"author\":{\"name\":\"Ramiro Querejeta\",\"@id\":\"https:\/\/alprestamo.com\/blog\/#\/schema\/person\/4c568603ceb381762b4c9062d42c7627\"},\"headline\":\"Qu\u00e9 pasa con el agua en Uruguay\",\"datePublished\":\"2023-06-07T12:00:00+00:00\",\"dateModified\":\"2024-01-23T20:35:28+00:00\",\"mainEntityOfPage\":{\"@id\":\"https:\/\/alprestamo.com\/blog\/que-pasa-con-el-agua-en-uruguay\/\"},\"wordCount\":517,\"publisher\":{\"@id\":\"https:\/\/alprestamo.com\/blog\/#organization\"},\"image\":{\"@id\":\"https:\/\/alprestamo.com\/blog\/que-pasa-con-el-agua-en-uruguay\/#primaryimage\"},\"thumbnailUrl\":\"https:\/\/alprestamo.com\/blog\/wp-content\/uploads\/2023\/06\/140477194_m_normal_none.jpg\",\"articleSection\":[\"Econom\u00eda y finanzas\",\"UY\"],\"inLanguage\":\"es-AR\"},{\"@type\":\"WebPage\",\"@id\":\"https:\/\/alprestamo.com\/blog\/que-pasa-con-el-agua-en-uruguay\/\",\"url\":\"https:\/\/alprestamo.com\/blog\/que-pasa-con-el-agua-en-uruguay\/\",\"name\":\"Qu\u00e9 pasa con el agua en Uruguay\",\"isPartOf\":{\"@id\":\"https:\/\/alprestamo.com\/blog\/#website\"},\"primaryImageOfPage\":{\"@id\":\"https:\/\/alprestamo.com\/blog\/que-pasa-con-el-agua-en-uruguay\/#primaryimage\"},\"image\":{\"@id\":\"https:\/\/alprestamo.com\/blog\/que-pasa-con-el-agua-en-uruguay\/#primaryimage\"},\"thumbnailUrl\":\"https:\/\/alprestamo.com\/blog\/wp-content\/uploads\/2023\/06\/140477194_m_normal_none.jpg\",\"datePublished\":\"2023-06-07T12:00:00+00:00\",\"dateModified\":\"2024-01-23T20:35:28+00:00\",\"description\":\"En Uruguay se est\u00e1 dando un hecho impensado. A pesar de tener salida al mar y una de las reservas de agua dulce m\u00e1s importantes, se est\u00e1 quedando sin agua\",\"breadcrumb\":{\"@id\":\"https:\/\/alprestamo.com\/blog\/que-pasa-con-el-agua-en-uruguay\/#breadcrumb\"},\"inLanguage\":\"es-AR\",\"potentialAction\":[{\"@type\":\"ReadAction\",\"target\":[\"https:\/\/alprestamo.com\/blog\/que-pasa-con-el-agua-en-uruguay\/\"]}]},{\"@type\":\"ImageObject\",\"inLanguage\":\"es-AR\",\"@id\":\"https:\/\/alprestamo.com\/blog\/que-pasa-con-el-agua-en-uruguay\/#primaryimage\",\"url\":\"https:\/\/alprestamo.com\/blog\/wp-content\/uploads\/2023\/06\/140477194_m_normal_none.jpg\",\"contentUrl\":\"https:\/\/alprestamo.com\/blog\/wp-content\/uploads\/2023\/06\/140477194_m_normal_none.jpg\",\"width\":2508,\"height\":1672,\"caption\":\"agua en Uruguay\"},{\"@type\":\"BreadcrumbList\",\"@id\":\"https:\/\/alprestamo.com\/blog\/que-pasa-con-el-agua-en-uruguay\/#breadcrumb\",\"itemListElement\":[{\"@type\":\"ListItem\",\"position\":1,\"name\":\"Home\",\"item\":\"https:\/\/alprestamo.com\/blog\/\"},{\"@type\":\"ListItem\",\"position\":2,\"name\":\"Qu\u00e9 pasa con el agua en Uruguay\"}]},{\"@type\":\"WebSite\",\"@id\":\"https:\/\/alprestamo.com\/blog\/#website\",\"url\":\"https:\/\/alprestamo.com\/blog\/\",\"name\":\"Alprestamo\",\"description\":\"Hacemos que todo suceda\",\"publisher\":{\"@id\":\"https:\/\/alprestamo.com\/blog\/#organization\"},\"potentialAction\":[{\"@type\":\"SearchAction\",\"target\":{\"@type\":\"EntryPoint\",\"urlTemplate\":\"https:\/\/alprestamo.com\/blog\/?s={search_term_string}\"},\"query-input\":\"required name=search_term_string\"}],\"inLanguage\":\"es-AR\"},{\"@type\":\"Organization\",\"@id\":\"https:\/\/alprestamo.com\/blog\/#organization\",\"name\":\"Alprestamo\",\"url\":\"https:\/\/alprestamo.com\/blog\/\",\"logo\":{\"@type\":\"ImageObject\",\"inLanguage\":\"es-AR\",\"@id\":\"https:\/\/alprestamo.com\/blog\/#\/schema\/logo\/image\/\",\"url\":\"https:\/\/alprestamo.com\/blog\/wp-content\/uploads\/2022\/10\/Imagotipo_Blanco.svg\",\"contentUrl\":\"https:\/\/alprestamo.com\/blog\/wp-content\/uploads\/2022\/10\/Imagotipo_Blanco.svg\",\"width\":1199,\"height\":203,\"caption\":\"Alprestamo\"},\"image\":{\"@id\":\"https:\/\/alprestamo.com\/blog\/#\/schema\/logo\/image\/\"}},{\"@type\":\"Person\",\"@id\":\"https:\/\/alprestamo.com\/blog\/#\/schema\/person\/4c568603ceb381762b4c9062d42c7627\",\"name\":\"Ramiro Querejeta\",\"image\":{\"@type\":\"ImageObject\",\"inLanguage\":\"es-AR\",\"@id\":\"https:\/\/alprestamo.com\/blog\/#\/schema\/person\/image\/\",\"url\":\"https:\/\/alprestamo.com\/blog\/wp-content\/uploads\/2025\/08\/1688503693490-150x150.jpeg\",\"contentUrl\":\"https:\/\/alprestamo.com\/blog\/wp-content\/uploads\/2025\/08\/1688503693490-150x150.jpeg\",\"caption\":\"Ramiro Querejeta\"},\"url\":\"https:\/\/alprestamo.com\/blog\/author\/ramiro\/\"}]}<\/script>\n<!-- \/ Yoast SEO plugin. -->","yoast_head_json":{"title":"Qu\u00e9 pasa con el agua en Uruguay","description":"En Uruguay se est\u00e1 dando un hecho impensado. A pesar de tener salida al mar y una de las reservas de agua dulce m\u00e1s importantes, se est\u00e1 quedando sin agua","robots":{"index":"index","follow":"follow","max-snippet":"max-snippet:-1","max-image-preview":"max-image-preview:large","max-video-preview":"max-video-preview:-1"},"canonical":"https:\/\/alprestamo.com\/blog\/que-pasa-con-el-agua-en-uruguay\/","og_locale":"es_ES","og_type":"article","og_title":"Qu\u00e9 pasa con el agua en Uruguay","og_description":"En Uruguay se est\u00e1 dando un hecho impensado. A pesar de tener salida al mar y una de las reservas de agua dulce m\u00e1s importantes, se est\u00e1 quedando sin agua","og_url":"https:\/\/alprestamo.com\/blog\/que-pasa-con-el-agua-en-uruguay\/","og_site_name":"Alprestamo - Hacemos que todo suceda","article_published_time":"2023-06-07T12:00:00+00:00","article_modified_time":"2024-01-23T20:35:28+00:00","og_image":[{"width":2508,"height":1672,"url":"https:\/\/alprestamo.com\/blog\/wp-content\/uploads\/2023\/06\/140477194_m_normal_none.jpg","type":"image\/jpeg"}],"author":"Ramiro Querejeta","twitter_card":"summary_large_image","twitter_misc":{"Escrito por":"Ramiro Querejeta","Tiempo de lectura":"3 minutos"},"schema":{"@context":"https:\/\/schema.org","@graph":[{"@type":"NewsArticle","@id":"https:\/\/alprestamo.com\/blog\/que-pasa-con-el-agua-en-uruguay\/#article","isPartOf":{"@id":"https:\/\/alprestamo.com\/blog\/que-pasa-con-el-agua-en-uruguay\/"},"author":{"name":"Ramiro Querejeta","@id":"https:\/\/alprestamo.com\/blog\/#\/schema\/person\/4c568603ceb381762b4c9062d42c7627"},"headline":"Qu\u00e9 pasa con el agua en Uruguay","datePublished":"2023-06-07T12:00:00+00:00","dateModified":"2024-01-23T20:35:28+00:00","mainEntityOfPage":{"@id":"https:\/\/alprestamo.com\/blog\/que-pasa-con-el-agua-en-uruguay\/"},"wordCount":517,"publisher":{"@id":"https:\/\/alprestamo.com\/blog\/#organization"},"image":{"@id":"https:\/\/alprestamo.com\/blog\/que-pasa-con-el-agua-en-uruguay\/#primaryimage"},"thumbnailUrl":"https:\/\/alprestamo.com\/blog\/wp-content\/uploads\/2023\/06\/140477194_m_normal_none.jpg","articleSection":["Econom\u00eda y finanzas","UY"],"inLanguage":"es-AR"},{"@type":"WebPage","@id":"https:\/\/alprestamo.com\/blog\/que-pasa-con-el-agua-en-uruguay\/","url":"https:\/\/alprestamo.com\/blog\/que-pasa-con-el-agua-en-uruguay\/","name":"Qu\u00e9 pasa con el agua en Uruguay","isPartOf":{"@id":"https:\/\/alprestamo.com\/blog\/#website"},"primaryImageOfPage":{"@id":"https:\/\/alprestamo.com\/blog\/que-pasa-con-el-agua-en-uruguay\/#primaryimage"},"image":{"@id":"https:\/\/alprestamo.com\/blog\/que-pasa-con-el-agua-en-uruguay\/#primaryimage"},"thumbnailUrl":"https:\/\/alprestamo.com\/blog\/wp-content\/uploads\/2023\/06\/140477194_m_normal_none.jpg","datePublished":"2023-06-07T12:00:00+00:00","dateModified":"2024-01-23T20:35:28+00:00","description":"En Uruguay se est\u00e1 dando un hecho impensado. A pesar de tener salida al mar y una de las reservas de agua dulce m\u00e1s importantes, se est\u00e1 quedando sin agua","breadcrumb":{"@id":"https:\/\/alprestamo.com\/blog\/que-pasa-con-el-agua-en-uruguay\/#breadcrumb"},"inLanguage":"es-AR","potentialAction":[{"@type":"ReadAction","target":["https:\/\/alprestamo.com\/blog\/que-pasa-con-el-agua-en-uruguay\/"]}]},{"@type":"ImageObject","inLanguage":"es-AR","@id":"https:\/\/alprestamo.com\/blog\/que-pasa-con-el-agua-en-uruguay\/#primaryimage","url":"https:\/\/alprestamo.com\/blog\/wp-content\/uploads\/2023\/06\/140477194_m_normal_none.jpg","contentUrl":"https:\/\/alprestamo.com\/blog\/wp-content\/uploads\/2023\/06\/140477194_m_normal_none.jpg","width":2508,"height":1672,"caption":"agua en Uruguay"},{"@type":"BreadcrumbList","@id":"https:\/\/alprestamo.com\/blog\/que-pasa-con-el-agua-en-uruguay\/#breadcrumb","itemListElement":[{"@type":"ListItem","position":1,"name":"Home","item":"https:\/\/alprestamo.com\/blog\/"},{"@type":"ListItem","position":2,"name":"Qu\u00e9 pasa con el agua en Uruguay"}]},{"@type":"WebSite","@id":"https:\/\/alprestamo.com\/blog\/#website","url":"https:\/\/alprestamo.com\/blog\/","name":"Alprestamo","description":"Hacemos que todo suceda","publisher":{"@id":"https:\/\/alprestamo.com\/blog\/#organization"},"potentialAction":[{"@type":"SearchAction","target":{"@type":"EntryPoint","urlTemplate":"https:\/\/alprestamo.com\/blog\/?s={search_term_string}"},"query-input":"required name=search_term_string"}],"inLanguage":"es-AR"},{"@type":"Organization","@id":"https:\/\/alprestamo.com\/blog\/#organization","name":"Alprestamo","url":"https:\/\/alprestamo.com\/blog\/","logo":{"@type":"ImageObject","inLanguage":"es-AR","@id":"https:\/\/alprestamo.com\/blog\/#\/schema\/logo\/image\/","url":"https:\/\/alprestamo.com\/blog\/wp-content\/uploads\/2022\/10\/Imagotipo_Blanco.svg","contentUrl":"https:\/\/alprestamo.com\/blog\/wp-content\/uploads\/2022\/10\/Imagotipo_Blanco.svg","width":1199,"height":203,"caption":"Alprestamo"},"image":{"@id":"https:\/\/alprestamo.com\/blog\/#\/schema\/logo\/image\/"}},{"@type":"Person","@id":"https:\/\/alprestamo.com\/blog\/#\/schema\/person\/4c568603ceb381762b4c9062d42c7627","name":"Ramiro Querejeta","image":{"@type":"ImageObject","inLanguage":"es-AR","@id":"https:\/\/alprestamo.com\/blog\/#\/schema\/person\/image\/","url":"https:\/\/alprestamo.com\/blog\/wp-content\/uploads\/2025\/08\/1688503693490-150x150.jpeg","contentUrl":"https:\/\/alprestamo.com\/blog\/wp-content\/uploads\/2025\/08\/1688503693490-150x150.jpeg","caption":"Ramiro Querejeta"},"url":"https:\/\/alprestamo.com\/blog\/author\/ramiro\/"}]}},"uagb_featured_image_src":{"full":["https:\/\/alprestamo.com\/blog\/wp-content\/uploads\/2023\/06\/140477194_m_normal_none.jpg",2508,1672,false],"thumbnail":["https:\/\/alprestamo.com\/blog\/wp-content\/uploads\/2023\/06\/140477194_m_normal_none-150x150.jpg",150,150,true],"medium":["https:\/\/alprestamo.com\/blog\/wp-content\/uploads\/2023\/06\/140477194_m_normal_none-300x200.jpg",300,200,true],"medium_large":["https:\/\/alprestamo.com\/blog\/wp-content\/uploads\/2023\/06\/140477194_m_normal_none-768x512.jpg",768,512,true],"large":["https:\/\/alprestamo.com\/blog\/wp-content\/uploads\/2023\/06\/140477194_m_normal_none-1024x683.jpg",1024,683,true],"1536x1536":["https:\/\/alprestamo.com\/blog\/wp-content\/uploads\/2023\/06\/140477194_m_normal_none-1536x1024.jpg",1536,1024,true],"2048x2048":["https:\/\/alprestamo.com\/blog\/wp-content\/uploads\/2023\/06\/140477194_m_normal_none-2048x1365.jpg",2048,1365,true]},"uagb_author_info":{"display_name":"Ramiro Querejeta","author_link":"https:\/\/alprestamo.com\/blog\/author\/ramiro\/"},"uagb_comment_info":0,"uagb_excerpt":"En Uruguay se est\u00e1 dando un hecho impensado. A pesar de tener salida al mar y una de las reservas de agua dulce m\u00e1s importantes, se est\u00e1 quedando sin agua potable. En este art\u00edculo te contamos por qu\u00e9 y las medidas que est\u00e1 tomando el gobierno.&nbsp; Por qu\u00e9 el agua es m\u00e1s salada Desde hace&hellip;","rttpg_featured_image_url":{"full":["https:\/\/alprestamo.com\/blog\/wp-content\/uploads\/2023\/06\/140477194_m_normal_none.jpg",2508,1672,false],"landscape":["https:\/\/alprestamo.com\/blog\/wp-content\/uploads\/2023\/06\/140477194_m_normal_none.jpg",2508,1672,false],"portraits":["https:\/\/alprestamo.com\/blog\/wp-content\/uploads\/2023\/06\/140477194_m_normal_none.jpg",2508,1672,false],"thumbnail":["https:\/\/alprestamo.com\/blog\/wp-content\/uploads\/2023\/06\/140477194_m_normal_none-150x150.jpg",150,150,true],"medium":["https:\/\/alprestamo.com\/blog\/wp-content\/uploads\/2023\/06\/140477194_m_normal_none-300x200.jpg",300,200,true],"large":["https:\/\/alprestamo.com\/blog\/wp-content\/uploads\/2023\/06\/140477194_m_normal_none-1024x683.jpg",1024,683,true],"1536x1536":["https:\/\/alprestamo.com\/blog\/wp-content\/uploads\/2023\/06\/140477194_m_normal_none-1536x1024.jpg",1536,1024,true],"2048x2048":["https:\/\/alprestamo.com\/blog\/wp-content\/uploads\/2023\/06\/140477194_m_normal_none-2048x1365.jpg",2048,1365,true],"rt_custom":["https:\/\/alprestamo.com\/blog\/wp-content\/uploads\/2023\/06\/140477194_m_normal_none.jpg",2508,1672,false]},"rttpg_author":{"display_name":"Ramiro Querejeta","author_link":"https:\/\/alprestamo.com\/blog\/author\/ramiro\/"},"rttpg_comment":0,"rttpg_category":"<a href=\"https:\/\/alprestamo.com\/blog\/categoria\/uy\/economia-finanzas-uy\/\" rel=\"category tag\">Econom\u00eda y finanzas<\/a> <a href=\"https:\/\/alprestamo.com\/blog\/categoria\/uy\/\" rel=\"category tag\">UY<\/a>","rttpg_excerpt":"En Uruguay se est\u00e1 dando un hecho impensado. A pesar de tener salida al mar y una de las reservas de agua dulce m\u00e1s importantes, se est\u00e1 quedando sin agua potable. En este art\u00edculo te contamos por qu\u00e9 y las medidas que est\u00e1 tomando el gobierno.&nbsp; Por qu\u00e9 el agua es m\u00e1s salada Desde hace&hellip;","_links":{"self":[{"href":"https:\/\/alprestamo.com\/blog\/wp-json\/wp\/v2\/posts\/23435"}],"collection":[{"href":"https:\/\/alprestamo.com\/blog\/wp-json\/wp\/v2\/posts"}],"about":[{"href":"https:\/\/alprestamo.com\/blog\/wp-json\/wp\/v2\/types\/post"}],"author":[{"embeddable":true,"href":"https:\/\/alprestamo.com\/blog\/wp-json\/wp\/v2\/users\/9"}],"replies":[{"embeddable":true,"href":"https:\/\/alprestamo.com\/blog\/wp-json\/wp\/v2\/comments?post=23435"}],"version-history":[{"count":2,"href":"https:\/\/alprestamo.com\/blog\/wp-json\/wp\/v2\/posts\/23435\/revisions"}],"predecessor-version":[{"id":36422,"href":"https:\/\/alprestamo.com\/blog\/wp-json\/wp\/v2\/posts\/23435\/revisions\/36422"}],"wp:featuredmedia":[{"embeddable":true,"href":"https:\/\/alprestamo.com\/blog\/wp-json\/wp\/v2\/media\/23436"}],"wp:attachment":[{"href":"https:\/\/alprestamo.com\/blog\/wp-json\/wp\/v2\/media?parent=23435"}],"wp:term":[{"taxonomy":"category","embeddable":true,"href":"https:\/\/alprestamo.com\/blog\/wp-json\/wp\/v2\/categories?post=23435"},{"taxonomy":"post_tag","embeddable":true,"href":"https:\/\/alprestamo.com\/blog\/wp-json\/wp\/v2\/tags?post=23435"}],"curies":[{"name":"wp","href":"https:\/\/api.w.org\/{rel}","templated":true}]}}