{"id":23490,"date":"2023-06-08T12:43:34","date_gmt":"2023-06-08T15:43:34","guid":{"rendered":"https:\/\/alprestamo.com\/blog\/?p=23490"},"modified":"2024-01-23T17:20:46","modified_gmt":"2024-01-23T20:20:46","slug":"aguinaldo-cuando-se-cobra-el-sac-en-uruguay","status":"publish","type":"post","link":"https:\/\/alprestamo.com\/blog\/aguinaldo-cuando-se-cobra-el-sac-en-uruguay\/","title":{"rendered":"Aguinaldo: cu\u00e1ndo se cobra el SAC en Uruguay"},"content":{"rendered":"\n<p>Al igual que todos los a\u00f1os, en el mes de junio, los trabajadores en relaci\u00f3n de dependencia y con trabajo registrado<strong> tienen el beneficio de cobrar la primera cuota del SAC o aguinaldo.<\/strong> Cu\u00e1ndo se cobra exactamente y c\u00f3mo saber el monto que corresponde.&nbsp;<\/p>\n\n\n\n<h2 class=\"wp-block-heading\">Qu\u00e9 es el SAC y cu\u00e1ndo se cobra en Uruguay<\/h2>\n\n\n\n<p><strong>El Salario Anual Complementario (SAC) en <\/strong><a href=\"https:\/\/alprestamo.com\/blog\/uy\/economia-finanzas-uy\/por-que-baja-el-dolar-en-uruguay\/\"><strong>Uruguay <\/strong><\/a><strong>es el salario \u201cn\u00famero 13\u201d del a\u00f1o<\/strong>. El pago corresponde a la mitad del mejor sueldo del a\u00f1o y se cobra en los meses de junio y diciembre.&nbsp;<\/p>\n\n\n\n<p><strong>En junio tiene como fecha tope de cobro el 30 y en diciembre el d\u00eda 18<\/strong>.&nbsp;<\/p>\n\n\n\n<h2 class=\"wp-block-heading\">C\u00f3mo se calcula y cu\u00e1nto me corresponde<\/h2>\n\n\n\n<p>El aguinaldo de un a\u00f1o completo se considera un salario extra, <strong>siempre y cuando ese trabajador tenga 12 meses de antig\u00fcedad en ese <\/strong><a href=\"https:\/\/alprestamo.com\/blog\/uy\/programa-oportunidad-laboral-como-inscribirse\/\"><strong>trabajo <\/strong><\/a><strong>o empresa<\/strong>. Esto quiere decir que en junio y diciembre va a percibir el 50% del mejor sueldo de esos doce meses.&nbsp;<\/p>\n\n\n\n<p>Para saber cu\u00e1nto le corresponde a cada uno, se puede hacer el siguiente c\u00e1lculo: el salario dividido 12 y multiplicado por los meses trabajados.&nbsp;<\/p>\n\n\n\n<p><strong>Si la persona lleva menos de seis meses en ese puesto, entonces el SAC a percibir ser\u00e1 proporcional al tiempo trabajado.&nbsp;<\/strong><\/p>\n\n\n\n<h2 class=\"wp-block-heading\">C\u00f3mo funciona el SAC en peque\u00f1as y microempresas<\/h2>\n\n\n\n<p><strong>La ley 24.467, sancionada en 1995, establece que las empresas peque\u00f1as pueden adecuarse de forma diferente al pago del SAC<\/strong>, siempre y cuando hayan aceptado los convenios colectivos.<\/p>\n\n\n\n<p>En este caso, <strong>este tipo de empresas pueden dividir el pago del aguinaldo en tres partes a lo largo del a\u00f1o<\/strong> para aliviar los costos que implica esto.&nbsp;<\/p>\n\n\n\n<p>La ley establece que para poder implementar este r\u00e9gimen del <em>SAC en Uruguay<\/em> es necesario que cada periodo de pago se comprenda como un cuatrimestre y el sistema adoptado debe ser anunciado por el empleador dentro del primer trimestre de cada a\u00f1o.&nbsp;&nbsp;<\/p>\n","protected":false},"excerpt":{"rendered":"<p>Al igual que todos los a\u00f1os, en el mes de junio, los trabajadores en relaci\u00f3n de dependencia y con trabajo registrado tienen el beneficio de cobrar la primera cuota del SAC o aguinaldo. Cu\u00e1ndo se cobra exactamente y c\u00f3mo saber el monto que corresponde.&nbsp; Qu\u00e9 es el SAC y cu\u00e1ndo se cobra en Uruguay El &hellip;<\/p>\n<p class=\"read-more\"> <a class=\"\" href=\"https:\/\/alprestamo.com\/blog\/aguinaldo-cuando-se-cobra-el-sac-en-uruguay\/\"> <span class=\"screen-reader-text\">Aguinaldo: cu\u00e1ndo se cobra el SAC en Uruguay<\/span> Leer m\u00e1s &raquo;<\/a><\/p>\n","protected":false},"author":9,"featured_media":23510,"comment_status":"closed","ping_status":"closed","sticky":false,"template":"","format":"standard","meta":{"_uag_custom_page_level_css":"","site-sidebar-layout":"default","site-content-layout":"default","ast-global-header-display":"","ast-banner-title-visibility":"","ast-main-header-display":"","ast-hfb-above-header-display":"","ast-hfb-below-header-display":"","ast-hfb-mobile-header-display":"","site-post-title":"","ast-breadcrumbs-content":"","ast-featured-img":"","footer-sml-layout":"","theme-transparent-header-meta":"","adv-header-id-meta":"","stick-header-meta":"","header-above-stick-meta":"","header-main-stick-meta":"","header-below-stick-meta":"","footnotes":""},"categories":[125,94],"tags":[],"class_list":["post-23490","post","type-post","status-publish","format-standard","has-post-thumbnail","hentry","category-mundo-laboral-uy","category-uy"],"acf":[],"yoast_head":"<!-- This site is optimized with the Yoast SEO plugin v23.2 - https:\/\/yoast.com\/wordpress\/plugins\/seo\/ -->\n<title>Aguinaldo: cu\u00e1ndo se cobra el SAC en Uruguay<\/title>\n<meta name=\"description\" content=\"Al igual que todos los a\u00f1os, en el mes de junio, los trabajadores en relaci\u00f3n de dependencia y con trabajo registrado tienen el beneficio de cobrar la\" \/>\n<meta name=\"robots\" content=\"index, follow, max-snippet:-1, max-image-preview:large, max-video-preview:-1\" \/>\n<link rel=\"canonical\" href=\"https:\/\/alprestamo.com\/blog\/aguinaldo-cuando-se-cobra-el-sac-en-uruguay\/\" \/>\n<meta property=\"og:locale\" content=\"es_ES\" \/>\n<meta property=\"og:type\" content=\"article\" \/>\n<meta property=\"og:title\" content=\"Aguinaldo: cu\u00e1ndo se cobra el SAC en Uruguay\" \/>\n<meta property=\"og:description\" content=\"Al igual que todos los a\u00f1os, en el mes de junio, los trabajadores en relaci\u00f3n de dependencia y con trabajo registrado tienen el beneficio de cobrar la\" \/>\n<meta property=\"og:url\" content=\"https:\/\/alprestamo.com\/blog\/aguinaldo-cuando-se-cobra-el-sac-en-uruguay\/\" \/>\n<meta property=\"og:site_name\" content=\"Alprestamo - Hacemos que todo suceda\" \/>\n<meta property=\"article:published_time\" content=\"2023-06-08T15:43:34+00:00\" \/>\n<meta property=\"article:modified_time\" content=\"2024-01-23T20:20:46+00:00\" \/>\n<meta property=\"og:image\" content=\"https:\/\/alprestamo.com\/blog\/wp-content\/uploads\/2023\/06\/pesos-uruguayos.jpg\" \/>\n\t<meta property=\"og:image:width\" content=\"2365\" \/>\n\t<meta property=\"og:image:height\" content=\"1774\" \/>\n\t<meta property=\"og:image:type\" content=\"image\/jpeg\" \/>\n<meta name=\"author\" content=\"Ramiro Querejeta\" \/>\n<meta name=\"twitter:card\" content=\"summary_large_image\" \/>\n<meta name=\"twitter:label1\" content=\"Escrito por\" \/>\n\t<meta name=\"twitter:data1\" content=\"Ramiro Querejeta\" \/>\n\t<meta name=\"twitter:label2\" content=\"Tiempo de lectura\" \/>\n\t<meta name=\"twitter:data2\" content=\"2 minutos\" \/>\n<script type=\"application\/ld+json\" class=\"yoast-schema-graph\">{\"@context\":\"https:\/\/schema.org\",\"@graph\":[{\"@type\":\"NewsArticle\",\"@id\":\"https:\/\/alprestamo.com\/blog\/aguinaldo-cuando-se-cobra-el-sac-en-uruguay\/#article\",\"isPartOf\":{\"@id\":\"https:\/\/alprestamo.com\/blog\/aguinaldo-cuando-se-cobra-el-sac-en-uruguay\/\"},\"author\":{\"name\":\"Ramiro Querejeta\",\"@id\":\"https:\/\/alprestamo.com\/blog\/#\/schema\/person\/4c568603ceb381762b4c9062d42c7627\"},\"headline\":\"Aguinaldo: cu\u00e1ndo se cobra el SAC en Uruguay\",\"datePublished\":\"2023-06-08T15:43:34+00:00\",\"dateModified\":\"2024-01-23T20:20:46+00:00\",\"mainEntityOfPage\":{\"@id\":\"https:\/\/alprestamo.com\/blog\/aguinaldo-cuando-se-cobra-el-sac-en-uruguay\/\"},\"wordCount\":340,\"publisher\":{\"@id\":\"https:\/\/alprestamo.com\/blog\/#organization\"},\"image\":{\"@id\":\"https:\/\/alprestamo.com\/blog\/aguinaldo-cuando-se-cobra-el-sac-en-uruguay\/#primaryimage\"},\"thumbnailUrl\":\"https:\/\/alprestamo.com\/blog\/wp-content\/uploads\/2023\/06\/pesos-uruguayos.jpg\",\"articleSection\":[\"Mundo laboral\",\"UY\"],\"inLanguage\":\"es-AR\"},{\"@type\":\"WebPage\",\"@id\":\"https:\/\/alprestamo.com\/blog\/aguinaldo-cuando-se-cobra-el-sac-en-uruguay\/\",\"url\":\"https:\/\/alprestamo.com\/blog\/aguinaldo-cuando-se-cobra-el-sac-en-uruguay\/\",\"name\":\"Aguinaldo: cu\u00e1ndo se cobra el SAC en Uruguay\",\"isPartOf\":{\"@id\":\"https:\/\/alprestamo.com\/blog\/#website\"},\"primaryImageOfPage\":{\"@id\":\"https:\/\/alprestamo.com\/blog\/aguinaldo-cuando-se-cobra-el-sac-en-uruguay\/#primaryimage\"},\"image\":{\"@id\":\"https:\/\/alprestamo.com\/blog\/aguinaldo-cuando-se-cobra-el-sac-en-uruguay\/#primaryimage\"},\"thumbnailUrl\":\"https:\/\/alprestamo.com\/blog\/wp-content\/uploads\/2023\/06\/pesos-uruguayos.jpg\",\"datePublished\":\"2023-06-08T15:43:34+00:00\",\"dateModified\":\"2024-01-23T20:20:46+00:00\",\"description\":\"Al igual que todos los a\u00f1os, en el mes de junio, los trabajadores en relaci\u00f3n de dependencia y con trabajo registrado tienen el beneficio de cobrar la\",\"breadcrumb\":{\"@id\":\"https:\/\/alprestamo.com\/blog\/aguinaldo-cuando-se-cobra-el-sac-en-uruguay\/#breadcrumb\"},\"inLanguage\":\"es-AR\",\"potentialAction\":[{\"@type\":\"ReadAction\",\"target\":[\"https:\/\/alprestamo.com\/blog\/aguinaldo-cuando-se-cobra-el-sac-en-uruguay\/\"]}]},{\"@type\":\"ImageObject\",\"inLanguage\":\"es-AR\",\"@id\":\"https:\/\/alprestamo.com\/blog\/aguinaldo-cuando-se-cobra-el-sac-en-uruguay\/#primaryimage\",\"url\":\"https:\/\/alprestamo.com\/blog\/wp-content\/uploads\/2023\/06\/pesos-uruguayos.jpg\",\"contentUrl\":\"https:\/\/alprestamo.com\/blog\/wp-content\/uploads\/2023\/06\/pesos-uruguayos.jpg\",\"width\":2365,\"height\":1774,\"caption\":\"Una persona cobra su jubilaci\u00f3n\"},{\"@type\":\"BreadcrumbList\",\"@id\":\"https:\/\/alprestamo.com\/blog\/aguinaldo-cuando-se-cobra-el-sac-en-uruguay\/#breadcrumb\",\"itemListElement\":[{\"@type\":\"ListItem\",\"position\":1,\"name\":\"Home\",\"item\":\"https:\/\/alprestamo.com\/blog\/\"},{\"@type\":\"ListItem\",\"position\":2,\"name\":\"Aguinaldo: cu\u00e1ndo se cobra el SAC en Uruguay\"}]},{\"@type\":\"WebSite\",\"@id\":\"https:\/\/alprestamo.com\/blog\/#website\",\"url\":\"https:\/\/alprestamo.com\/blog\/\",\"name\":\"Alprestamo\",\"description\":\"Hacemos que todo suceda\",\"publisher\":{\"@id\":\"https:\/\/alprestamo.com\/blog\/#organization\"},\"potentialAction\":[{\"@type\":\"SearchAction\",\"target\":{\"@type\":\"EntryPoint\",\"urlTemplate\":\"https:\/\/alprestamo.com\/blog\/?s={search_term_string}\"},\"query-input\":\"required name=search_term_string\"}],\"inLanguage\":\"es-AR\"},{\"@type\":\"Organization\",\"@id\":\"https:\/\/alprestamo.com\/blog\/#organization\",\"name\":\"Alprestamo\",\"url\":\"https:\/\/alprestamo.com\/blog\/\",\"logo\":{\"@type\":\"ImageObject\",\"inLanguage\":\"es-AR\",\"@id\":\"https:\/\/alprestamo.com\/blog\/#\/schema\/logo\/image\/\",\"url\":\"https:\/\/alprestamo.com\/blog\/wp-content\/uploads\/2022\/10\/Imagotipo_Blanco.svg\",\"contentUrl\":\"https:\/\/alprestamo.com\/blog\/wp-content\/uploads\/2022\/10\/Imagotipo_Blanco.svg\",\"width\":1199,\"height\":203,\"caption\":\"Alprestamo\"},\"image\":{\"@id\":\"https:\/\/alprestamo.com\/blog\/#\/schema\/logo\/image\/\"}},{\"@type\":\"Person\",\"@id\":\"https:\/\/alprestamo.com\/blog\/#\/schema\/person\/4c568603ceb381762b4c9062d42c7627\",\"name\":\"Ramiro Querejeta\",\"image\":{\"@type\":\"ImageObject\",\"inLanguage\":\"es-AR\",\"@id\":\"https:\/\/alprestamo.com\/blog\/#\/schema\/person\/image\/\",\"url\":\"https:\/\/alprestamo.com\/blog\/wp-content\/uploads\/2025\/08\/1688503693490-150x150.jpeg\",\"contentUrl\":\"https:\/\/alprestamo.com\/blog\/wp-content\/uploads\/2025\/08\/1688503693490-150x150.jpeg\",\"caption\":\"Ramiro Querejeta\"},\"url\":\"https:\/\/alprestamo.com\/blog\/author\/ramiro\/\"}]}<\/script>\n<!-- \/ Yoast SEO plugin. -->","yoast_head_json":{"title":"Aguinaldo: cu\u00e1ndo se cobra el SAC en Uruguay","description":"Al igual que todos los a\u00f1os, en el mes de junio, los trabajadores en relaci\u00f3n de dependencia y con trabajo registrado tienen el beneficio de cobrar la","robots":{"index":"index","follow":"follow","max-snippet":"max-snippet:-1","max-image-preview":"max-image-preview:large","max-video-preview":"max-video-preview:-1"},"canonical":"https:\/\/alprestamo.com\/blog\/aguinaldo-cuando-se-cobra-el-sac-en-uruguay\/","og_locale":"es_ES","og_type":"article","og_title":"Aguinaldo: cu\u00e1ndo se cobra el SAC en Uruguay","og_description":"Al igual que todos los a\u00f1os, en el mes de junio, los trabajadores en relaci\u00f3n de dependencia y con trabajo registrado tienen el beneficio de cobrar la","og_url":"https:\/\/alprestamo.com\/blog\/aguinaldo-cuando-se-cobra-el-sac-en-uruguay\/","og_site_name":"Alprestamo - Hacemos que todo suceda","article_published_time":"2023-06-08T15:43:34+00:00","article_modified_time":"2024-01-23T20:20:46+00:00","og_image":[{"width":2365,"height":1774,"url":"https:\/\/alprestamo.com\/blog\/wp-content\/uploads\/2023\/06\/pesos-uruguayos.jpg","type":"image\/jpeg"}],"author":"Ramiro Querejeta","twitter_card":"summary_large_image","twitter_misc":{"Escrito por":"Ramiro Querejeta","Tiempo de lectura":"2 minutos"},"schema":{"@context":"https:\/\/schema.org","@graph":[{"@type":"NewsArticle","@id":"https:\/\/alprestamo.com\/blog\/aguinaldo-cuando-se-cobra-el-sac-en-uruguay\/#article","isPartOf":{"@id":"https:\/\/alprestamo.com\/blog\/aguinaldo-cuando-se-cobra-el-sac-en-uruguay\/"},"author":{"name":"Ramiro Querejeta","@id":"https:\/\/alprestamo.com\/blog\/#\/schema\/person\/4c568603ceb381762b4c9062d42c7627"},"headline":"Aguinaldo: cu\u00e1ndo se cobra el SAC en Uruguay","datePublished":"2023-06-08T15:43:34+00:00","dateModified":"2024-01-23T20:20:46+00:00","mainEntityOfPage":{"@id":"https:\/\/alprestamo.com\/blog\/aguinaldo-cuando-se-cobra-el-sac-en-uruguay\/"},"wordCount":340,"publisher":{"@id":"https:\/\/alprestamo.com\/blog\/#organization"},"image":{"@id":"https:\/\/alprestamo.com\/blog\/aguinaldo-cuando-se-cobra-el-sac-en-uruguay\/#primaryimage"},"thumbnailUrl":"https:\/\/alprestamo.com\/blog\/wp-content\/uploads\/2023\/06\/pesos-uruguayos.jpg","articleSection":["Mundo laboral","UY"],"inLanguage":"es-AR"},{"@type":"WebPage","@id":"https:\/\/alprestamo.com\/blog\/aguinaldo-cuando-se-cobra-el-sac-en-uruguay\/","url":"https:\/\/alprestamo.com\/blog\/aguinaldo-cuando-se-cobra-el-sac-en-uruguay\/","name":"Aguinaldo: cu\u00e1ndo se cobra el SAC en Uruguay","isPartOf":{"@id":"https:\/\/alprestamo.com\/blog\/#website"},"primaryImageOfPage":{"@id":"https:\/\/alprestamo.com\/blog\/aguinaldo-cuando-se-cobra-el-sac-en-uruguay\/#primaryimage"},"image":{"@id":"https:\/\/alprestamo.com\/blog\/aguinaldo-cuando-se-cobra-el-sac-en-uruguay\/#primaryimage"},"thumbnailUrl":"https:\/\/alprestamo.com\/blog\/wp-content\/uploads\/2023\/06\/pesos-uruguayos.jpg","datePublished":"2023-06-08T15:43:34+00:00","dateModified":"2024-01-23T20:20:46+00:00","description":"Al igual que todos los a\u00f1os, en el mes de junio, los trabajadores en relaci\u00f3n de dependencia y con trabajo registrado tienen el beneficio de cobrar la","breadcrumb":{"@id":"https:\/\/alprestamo.com\/blog\/aguinaldo-cuando-se-cobra-el-sac-en-uruguay\/#breadcrumb"},"inLanguage":"es-AR","potentialAction":[{"@type":"ReadAction","target":["https:\/\/alprestamo.com\/blog\/aguinaldo-cuando-se-cobra-el-sac-en-uruguay\/"]}]},{"@type":"ImageObject","inLanguage":"es-AR","@id":"https:\/\/alprestamo.com\/blog\/aguinaldo-cuando-se-cobra-el-sac-en-uruguay\/#primaryimage","url":"https:\/\/alprestamo.com\/blog\/wp-content\/uploads\/2023\/06\/pesos-uruguayos.jpg","contentUrl":"https:\/\/alprestamo.com\/blog\/wp-content\/uploads\/2023\/06\/pesos-uruguayos.jpg","width":2365,"height":1774,"caption":"Una persona cobra su jubilaci\u00f3n"},{"@type":"BreadcrumbList","@id":"https:\/\/alprestamo.com\/blog\/aguinaldo-cuando-se-cobra-el-sac-en-uruguay\/#breadcrumb","itemListElement":[{"@type":"ListItem","position":1,"name":"Home","item":"https:\/\/alprestamo.com\/blog\/"},{"@type":"ListItem","position":2,"name":"Aguinaldo: cu\u00e1ndo se cobra el SAC en Uruguay"}]},{"@type":"WebSite","@id":"https:\/\/alprestamo.com\/blog\/#website","url":"https:\/\/alprestamo.com\/blog\/","name":"Alprestamo","description":"Hacemos que todo suceda","publisher":{"@id":"https:\/\/alprestamo.com\/blog\/#organization"},"potentialAction":[{"@type":"SearchAction","target":{"@type":"EntryPoint","urlTemplate":"https:\/\/alprestamo.com\/blog\/?s={search_term_string}"},"query-input":"required name=search_term_string"}],"inLanguage":"es-AR"},{"@type":"Organization","@id":"https:\/\/alprestamo.com\/blog\/#organization","name":"Alprestamo","url":"https:\/\/alprestamo.com\/blog\/","logo":{"@type":"ImageObject","inLanguage":"es-AR","@id":"https:\/\/alprestamo.com\/blog\/#\/schema\/logo\/image\/","url":"https:\/\/alprestamo.com\/blog\/wp-content\/uploads\/2022\/10\/Imagotipo_Blanco.svg","contentUrl":"https:\/\/alprestamo.com\/blog\/wp-content\/uploads\/2022\/10\/Imagotipo_Blanco.svg","width":1199,"height":203,"caption":"Alprestamo"},"image":{"@id":"https:\/\/alprestamo.com\/blog\/#\/schema\/logo\/image\/"}},{"@type":"Person","@id":"https:\/\/alprestamo.com\/blog\/#\/schema\/person\/4c568603ceb381762b4c9062d42c7627","name":"Ramiro Querejeta","image":{"@type":"ImageObject","inLanguage":"es-AR","@id":"https:\/\/alprestamo.com\/blog\/#\/schema\/person\/image\/","url":"https:\/\/alprestamo.com\/blog\/wp-content\/uploads\/2025\/08\/1688503693490-150x150.jpeg","contentUrl":"https:\/\/alprestamo.com\/blog\/wp-content\/uploads\/2025\/08\/1688503693490-150x150.jpeg","caption":"Ramiro Querejeta"},"url":"https:\/\/alprestamo.com\/blog\/author\/ramiro\/"}]}},"uagb_featured_image_src":{"full":["https:\/\/alprestamo.com\/blog\/wp-content\/uploads\/2023\/06\/pesos-uruguayos.jpg",2365,1774,false],"thumbnail":["https:\/\/alprestamo.com\/blog\/wp-content\/uploads\/2023\/06\/pesos-uruguayos-150x150.jpg",150,150,true],"medium":["https:\/\/alprestamo.com\/blog\/wp-content\/uploads\/2023\/06\/pesos-uruguayos-300x225.jpg",300,225,true],"medium_large":["https:\/\/alprestamo.com\/blog\/wp-content\/uploads\/2023\/06\/pesos-uruguayos-768x576.jpg",768,576,true],"large":["https:\/\/alprestamo.com\/blog\/wp-content\/uploads\/2023\/06\/pesos-uruguayos-1024x768.jpg",1024,768,true],"1536x1536":["https:\/\/alprestamo.com\/blog\/wp-content\/uploads\/2023\/06\/pesos-uruguayos-1536x1152.jpg",1536,1152,true],"2048x2048":["https:\/\/alprestamo.com\/blog\/wp-content\/uploads\/2023\/06\/pesos-uruguayos-2048x1536.jpg",2048,1536,true]},"uagb_author_info":{"display_name":"Ramiro Querejeta","author_link":"https:\/\/alprestamo.com\/blog\/author\/ramiro\/"},"uagb_comment_info":0,"uagb_excerpt":"Al igual que todos los a\u00f1os, en el mes de junio, los trabajadores en relaci\u00f3n de dependencia y con trabajo registrado tienen el beneficio de cobrar la primera cuota del SAC o aguinaldo. Cu\u00e1ndo se cobra exactamente y c\u00f3mo saber el monto que corresponde.&nbsp; Qu\u00e9 es el SAC y cu\u00e1ndo se cobra en Uruguay El&hellip;","rttpg_featured_image_url":{"full":["https:\/\/alprestamo.com\/blog\/wp-content\/uploads\/2023\/06\/pesos-uruguayos.jpg",2365,1774,false],"landscape":["https:\/\/alprestamo.com\/blog\/wp-content\/uploads\/2023\/06\/pesos-uruguayos.jpg",2365,1774,false],"portraits":["https:\/\/alprestamo.com\/blog\/wp-content\/uploads\/2023\/06\/pesos-uruguayos.jpg",2365,1774,false],"thumbnail":["https:\/\/alprestamo.com\/blog\/wp-content\/uploads\/2023\/06\/pesos-uruguayos-150x150.jpg",150,150,true],"medium":["https:\/\/alprestamo.com\/blog\/wp-content\/uploads\/2023\/06\/pesos-uruguayos-300x225.jpg",300,225,true],"large":["https:\/\/alprestamo.com\/blog\/wp-content\/uploads\/2023\/06\/pesos-uruguayos-1024x768.jpg",1024,768,true],"1536x1536":["https:\/\/alprestamo.com\/blog\/wp-content\/uploads\/2023\/06\/pesos-uruguayos-1536x1152.jpg",1536,1152,true],"2048x2048":["https:\/\/alprestamo.com\/blog\/wp-content\/uploads\/2023\/06\/pesos-uruguayos-2048x1536.jpg",2048,1536,true],"rt_custom":["https:\/\/alprestamo.com\/blog\/wp-content\/uploads\/2023\/06\/pesos-uruguayos.jpg",2365,1774,false]},"rttpg_author":{"display_name":"Ramiro Querejeta","author_link":"https:\/\/alprestamo.com\/blog\/author\/ramiro\/"},"rttpg_comment":0,"rttpg_category":"<a href=\"https:\/\/alprestamo.com\/blog\/categoria\/uy\/mundo-laboral-uy\/\" rel=\"category tag\">Mundo laboral<\/a> <a href=\"https:\/\/alprestamo.com\/blog\/categoria\/uy\/\" rel=\"category tag\">UY<\/a>","rttpg_excerpt":"Al igual que todos los a\u00f1os, en el mes de junio, los trabajadores en relaci\u00f3n de dependencia y con trabajo registrado tienen el beneficio de cobrar la primera cuota del SAC o aguinaldo. Cu\u00e1ndo se cobra exactamente y c\u00f3mo saber el monto que corresponde.&nbsp; Qu\u00e9 es el SAC y cu\u00e1ndo se cobra en Uruguay El&hellip;","_links":{"self":[{"href":"https:\/\/alprestamo.com\/blog\/wp-json\/wp\/v2\/posts\/23490"}],"collection":[{"href":"https:\/\/alprestamo.com\/blog\/wp-json\/wp\/v2\/posts"}],"about":[{"href":"https:\/\/alprestamo.com\/blog\/wp-json\/wp\/v2\/types\/post"}],"author":[{"embeddable":true,"href":"https:\/\/alprestamo.com\/blog\/wp-json\/wp\/v2\/users\/9"}],"replies":[{"embeddable":true,"href":"https:\/\/alprestamo.com\/blog\/wp-json\/wp\/v2\/comments?post=23490"}],"version-history":[{"count":1,"href":"https:\/\/alprestamo.com\/blog\/wp-json\/wp\/v2\/posts\/23490\/revisions"}],"predecessor-version":[{"id":23511,"href":"https:\/\/alprestamo.com\/blog\/wp-json\/wp\/v2\/posts\/23490\/revisions\/23511"}],"wp:featuredmedia":[{"embeddable":true,"href":"https:\/\/alprestamo.com\/blog\/wp-json\/wp\/v2\/media\/23510"}],"wp:attachment":[{"href":"https:\/\/alprestamo.com\/blog\/wp-json\/wp\/v2\/media?parent=23490"}],"wp:term":[{"taxonomy":"category","embeddable":true,"href":"https:\/\/alprestamo.com\/blog\/wp-json\/wp\/v2\/categories?post=23490"},{"taxonomy":"post_tag","embeddable":true,"href":"https:\/\/alprestamo.com\/blog\/wp-json\/wp\/v2\/tags?post=23490"}],"curies":[{"name":"wp","href":"https:\/\/api.w.org\/{rel}","templated":true}]}}