{"id":23663,"date":"2023-06-14T10:00:00","date_gmt":"2023-06-14T13:00:00","guid":{"rendered":"https:\/\/alprestamo.com\/blog\/?p=23663"},"modified":"2023-06-14T10:00:00","modified_gmt":"2023-06-14T13:00:00","slug":"pensiones-sin-subsidio-como-es-la-propuesta","status":"publish","type":"post","link":"https:\/\/alprestamo.com\/blog\/pensiones-sin-subsidio-como-es-la-propuesta\/","title":{"rendered":"Pensiones sin subsidio: c\u00f3mo es la propuesta"},"content":{"rendered":"\n<p>Ser\u00eda para quienes cobren m\u00e1s de seis salarios m\u00ednimos. Se da en medio de las tratativas por la reforma previsional.&nbsp;<\/p>\n\n\n\n<h2 class=\"wp-block-heading\">Qu\u00e9 dice la propuesta<\/h2>\n\n\n\n<p>La propuesta de <strong>pensiones sin <\/strong><a href=\"https:\/\/alprestamo.com\/blog\/co\/subsidios-para-madres-solteras-como-acceder-a-esta-ayuda-estatal-en-2023\/\"><strong>subsidio <\/strong><\/a>fue hecha por la <strong>Universidad de Javiera<\/strong>, y entre los planteamientos est\u00e1 la idea de mantener el umbral de cotizaci\u00f3n en <strong>Colpensiones<\/strong> en tres salarios m\u00ednimos, siempre que se cumplan los requisitos de progresividad, sostenibilidad fiscal y protecci\u00f3n del ahorro.&nbsp;<\/p>\n\n\n\n<p>Esto ha sido un tema de discusi\u00f3n del proyecto, incluso por expertos y gremios, que han solicitado que el tope baje a dos salarios m\u00ednimos.&nbsp;<\/p>\n\n\n\n<p>Desde el Observatorio de la Universidad se propone que la liquidaci\u00f3n de la <a href=\"https:\/\/alprestamo.com\/blog\/co\/consejos-financieros-co\/todas-las-respuestas-sobre-las-pensiones-heredables-cuando-son-reclamables-y-cuando-no\/\">pensi\u00f3n <\/a>se reformule en el <strong>Componente de Prima Media<\/strong>, con la finalidad de que el subsidio empiece a descender a partir de un Ingreso Base de Liquidaci\u00f3n (IBL) de tres salarios m\u00ednimos. Esto se eliminar\u00eda por completo al percibir a partir de seis salarios.&nbsp;<\/p>\n\n\n\n<p>Esto tiene en cuenta que a partir de tres salarios m\u00ednimos se empieza a cobrar pensi\u00f3n en el<strong> Componente Complementario de Ahorro Individual<\/strong>.&nbsp;<\/p>\n\n\n\n<p>En este sentido se se\u00f1ala que con esta propuesta, la mesada en el Componente de Prima Media al momento de solicitar la pensi\u00f3n var\u00eda entre 1 y 1,5 salarios m\u00ednimos. De esta forma, un <strong>IBL <\/strong>de un salario m\u00ednimo da una pensi\u00f3n del mismo monto. Por su parte, una mesada aumenta cuando el IBL se sit\u00faa en tres m\u00ednimos.&nbsp;<\/p>\n\n\n\n<p>Sin embargo, si se toma ese punto, la pensi\u00f3n baja cuando el IBL es de seis salarios, por lo que todos los que devengan esa cantidad de salarios o m\u00e1s, los subsidios a las pensiones se eliminar\u00edan.&nbsp;<\/p>\n\n\n\n<h2 class=\"wp-block-heading\">Qu\u00e9 propone el gobierno<\/h2>\n\n\n\n<p>El<strong> gobierno de Colombia<\/strong> propone que el r\u00e9gimen de transici\u00f3n sea dentro de las 1000 semanas, pero los Observatorios quieren que sea m\u00e1s espec\u00edfico, cumpliendo el r\u00e9gimen de las 1000 semanas pero tambi\u00e9n estar a menos de diez a\u00f1os de la edad de la pensi\u00f3n al primero de enero del a\u00f1o 2025.&nbsp;<\/p>\n","protected":false},"excerpt":{"rendered":"<p>Ser\u00eda para quienes cobren m\u00e1s de seis salarios m\u00ednimos. Se da en medio de las tratativas por la reforma previsional.&nbsp; Qu\u00e9 dice la propuesta La propuesta de pensiones sin subsidio fue hecha por la Universidad de Javiera, y entre los planteamientos est\u00e1 la idea de mantener el umbral de cotizaci\u00f3n en Colpensiones en tres salarios &hellip;<\/p>\n<p class=\"read-more\"> <a class=\"\" href=\"https:\/\/alprestamo.com\/blog\/pensiones-sin-subsidio-como-es-la-propuesta\/\"> <span class=\"screen-reader-text\">Pensiones sin subsidio: c\u00f3mo es la propuesta<\/span> Leer m\u00e1s &raquo;<\/a><\/p>\n","protected":false},"author":9,"featured_media":23664,"comment_status":"closed","ping_status":"closed","sticky":false,"template":"","format":"standard","meta":{"_uag_custom_page_level_css":"","site-sidebar-layout":"default","site-content-layout":"default","ast-global-header-display":"","ast-banner-title-visibility":"","ast-main-header-display":"","ast-hfb-above-header-display":"","ast-hfb-below-header-display":"","ast-hfb-mobile-header-display":"","site-post-title":"","ast-breadcrumbs-content":"","ast-featured-img":"","footer-sml-layout":"","theme-transparent-header-meta":"","adv-header-id-meta":"","stick-header-meta":"","header-above-stick-meta":"","header-main-stick-meta":"","header-below-stick-meta":"","footnotes":""},"categories":[98,100],"tags":[],"class_list":["post-23663","post","type-post","status-publish","format-standard","has-post-thumbnail","hentry","category-co","category-programas-sociales"],"acf":[],"yoast_head":"<!-- This site is optimized with the Yoast SEO plugin v23.2 - https:\/\/yoast.com\/wordpress\/plugins\/seo\/ -->\n<title>Pensiones sin subsidio: c\u00f3mo es la propuesta<\/title>\n<meta name=\"description\" content=\"Ser\u00eda para quienes cobren m\u00e1s de seis salarios m\u00ednimos. Se da en medio de las tratativas por la reforma previsional.&nbsp; Qu\u00e9 dice la propuesta La\" \/>\n<meta name=\"robots\" content=\"index, follow, max-snippet:-1, max-image-preview:large, max-video-preview:-1\" \/>\n<link rel=\"canonical\" href=\"https:\/\/alprestamo.com\/blog\/pensiones-sin-subsidio-como-es-la-propuesta\/\" \/>\n<meta property=\"og:locale\" content=\"es_ES\" \/>\n<meta property=\"og:type\" content=\"article\" \/>\n<meta property=\"og:title\" content=\"Pensiones sin subsidio: c\u00f3mo es la propuesta\" \/>\n<meta property=\"og:description\" content=\"Ser\u00eda para quienes cobren m\u00e1s de seis salarios m\u00ednimos. Se da en medio de las tratativas por la reforma previsional.&nbsp; Qu\u00e9 dice la propuesta La\" \/>\n<meta property=\"og:url\" content=\"https:\/\/alprestamo.com\/blog\/pensiones-sin-subsidio-como-es-la-propuesta\/\" \/>\n<meta property=\"og:site_name\" content=\"Alprestamo - Hacemos que todo suceda\" \/>\n<meta property=\"article:published_time\" content=\"2023-06-14T13:00:00+00:00\" \/>\n<meta property=\"og:image\" content=\"https:\/\/alprestamo.com\/blog\/wp-content\/uploads\/2023\/06\/28657218_m_normal_none.jpg\" \/>\n\t<meta property=\"og:image:width\" content=\"2365\" \/>\n\t<meta property=\"og:image:height\" content=\"1774\" \/>\n\t<meta property=\"og:image:type\" content=\"image\/jpeg\" \/>\n<meta name=\"author\" content=\"Ramiro Querejeta\" \/>\n<meta name=\"twitter:card\" content=\"summary_large_image\" \/>\n<meta name=\"twitter:label1\" content=\"Escrito por\" \/>\n\t<meta name=\"twitter:data1\" content=\"Ramiro Querejeta\" \/>\n\t<meta name=\"twitter:label2\" content=\"Tiempo de lectura\" \/>\n\t<meta name=\"twitter:data2\" content=\"2 minutos\" \/>\n<script type=\"application\/ld+json\" class=\"yoast-schema-graph\">{\"@context\":\"https:\/\/schema.org\",\"@graph\":[{\"@type\":\"NewsArticle\",\"@id\":\"https:\/\/alprestamo.com\/blog\/pensiones-sin-subsidio-como-es-la-propuesta\/#article\",\"isPartOf\":{\"@id\":\"https:\/\/alprestamo.com\/blog\/pensiones-sin-subsidio-como-es-la-propuesta\/\"},\"author\":{\"name\":\"Ramiro Querejeta\",\"@id\":\"https:\/\/alprestamo.com\/blog\/#\/schema\/person\/4c568603ceb381762b4c9062d42c7627\"},\"headline\":\"Pensiones sin subsidio: c\u00f3mo es la propuesta\",\"datePublished\":\"2023-06-14T13:00:00+00:00\",\"dateModified\":\"2023-06-14T13:00:00+00:00\",\"mainEntityOfPage\":{\"@id\":\"https:\/\/alprestamo.com\/blog\/pensiones-sin-subsidio-como-es-la-propuesta\/\"},\"wordCount\":373,\"publisher\":{\"@id\":\"https:\/\/alprestamo.com\/blog\/#organization\"},\"image\":{\"@id\":\"https:\/\/alprestamo.com\/blog\/pensiones-sin-subsidio-como-es-la-propuesta\/#primaryimage\"},\"thumbnailUrl\":\"https:\/\/alprestamo.com\/blog\/wp-content\/uploads\/2023\/06\/28657218_m_normal_none.jpg\",\"articleSection\":[\"CO\",\"Programas sociales\"],\"inLanguage\":\"es-AR\"},{\"@type\":\"WebPage\",\"@id\":\"https:\/\/alprestamo.com\/blog\/pensiones-sin-subsidio-como-es-la-propuesta\/\",\"url\":\"https:\/\/alprestamo.com\/blog\/pensiones-sin-subsidio-como-es-la-propuesta\/\",\"name\":\"Pensiones sin subsidio: c\u00f3mo es la propuesta\",\"isPartOf\":{\"@id\":\"https:\/\/alprestamo.com\/blog\/#website\"},\"primaryImageOfPage\":{\"@id\":\"https:\/\/alprestamo.com\/blog\/pensiones-sin-subsidio-como-es-la-propuesta\/#primaryimage\"},\"image\":{\"@id\":\"https:\/\/alprestamo.com\/blog\/pensiones-sin-subsidio-como-es-la-propuesta\/#primaryimage\"},\"thumbnailUrl\":\"https:\/\/alprestamo.com\/blog\/wp-content\/uploads\/2023\/06\/28657218_m_normal_none.jpg\",\"datePublished\":\"2023-06-14T13:00:00+00:00\",\"dateModified\":\"2023-06-14T13:00:00+00:00\",\"description\":\"Ser\u00eda para quienes cobren m\u00e1s de seis salarios m\u00ednimos. Se da en medio de las tratativas por la reforma previsional.&nbsp; Qu\u00e9 dice la propuesta La\",\"breadcrumb\":{\"@id\":\"https:\/\/alprestamo.com\/blog\/pensiones-sin-subsidio-como-es-la-propuesta\/#breadcrumb\"},\"inLanguage\":\"es-AR\",\"potentialAction\":[{\"@type\":\"ReadAction\",\"target\":[\"https:\/\/alprestamo.com\/blog\/pensiones-sin-subsidio-como-es-la-propuesta\/\"]}]},{\"@type\":\"ImageObject\",\"inLanguage\":\"es-AR\",\"@id\":\"https:\/\/alprestamo.com\/blog\/pensiones-sin-subsidio-como-es-la-propuesta\/#primaryimage\",\"url\":\"https:\/\/alprestamo.com\/blog\/wp-content\/uploads\/2023\/06\/28657218_m_normal_none.jpg\",\"contentUrl\":\"https:\/\/alprestamo.com\/blog\/wp-content\/uploads\/2023\/06\/28657218_m_normal_none.jpg\",\"width\":2365,\"height\":1774},{\"@type\":\"BreadcrumbList\",\"@id\":\"https:\/\/alprestamo.com\/blog\/pensiones-sin-subsidio-como-es-la-propuesta\/#breadcrumb\",\"itemListElement\":[{\"@type\":\"ListItem\",\"position\":1,\"name\":\"Home\",\"item\":\"https:\/\/alprestamo.com\/blog\/\"},{\"@type\":\"ListItem\",\"position\":2,\"name\":\"Pensiones sin subsidio: c\u00f3mo es la propuesta\"}]},{\"@type\":\"WebSite\",\"@id\":\"https:\/\/alprestamo.com\/blog\/#website\",\"url\":\"https:\/\/alprestamo.com\/blog\/\",\"name\":\"Alprestamo\",\"description\":\"Hacemos que todo suceda\",\"publisher\":{\"@id\":\"https:\/\/alprestamo.com\/blog\/#organization\"},\"potentialAction\":[{\"@type\":\"SearchAction\",\"target\":{\"@type\":\"EntryPoint\",\"urlTemplate\":\"https:\/\/alprestamo.com\/blog\/?s={search_term_string}\"},\"query-input\":\"required name=search_term_string\"}],\"inLanguage\":\"es-AR\"},{\"@type\":\"Organization\",\"@id\":\"https:\/\/alprestamo.com\/blog\/#organization\",\"name\":\"Alprestamo\",\"url\":\"https:\/\/alprestamo.com\/blog\/\",\"logo\":{\"@type\":\"ImageObject\",\"inLanguage\":\"es-AR\",\"@id\":\"https:\/\/alprestamo.com\/blog\/#\/schema\/logo\/image\/\",\"url\":\"https:\/\/alprestamo.com\/blog\/wp-content\/uploads\/2022\/10\/Imagotipo_Blanco.svg\",\"contentUrl\":\"https:\/\/alprestamo.com\/blog\/wp-content\/uploads\/2022\/10\/Imagotipo_Blanco.svg\",\"width\":1199,\"height\":203,\"caption\":\"Alprestamo\"},\"image\":{\"@id\":\"https:\/\/alprestamo.com\/blog\/#\/schema\/logo\/image\/\"}},{\"@type\":\"Person\",\"@id\":\"https:\/\/alprestamo.com\/blog\/#\/schema\/person\/4c568603ceb381762b4c9062d42c7627\",\"name\":\"Ramiro Querejeta\",\"image\":{\"@type\":\"ImageObject\",\"inLanguage\":\"es-AR\",\"@id\":\"https:\/\/alprestamo.com\/blog\/#\/schema\/person\/image\/\",\"url\":\"https:\/\/alprestamo.com\/blog\/wp-content\/uploads\/2025\/08\/1688503693490-150x150.jpeg\",\"contentUrl\":\"https:\/\/alprestamo.com\/blog\/wp-content\/uploads\/2025\/08\/1688503693490-150x150.jpeg\",\"caption\":\"Ramiro Querejeta\"},\"url\":\"https:\/\/alprestamo.com\/blog\/author\/ramiro\/\"}]}<\/script>\n<!-- \/ Yoast SEO plugin. -->","yoast_head_json":{"title":"Pensiones sin subsidio: c\u00f3mo es la propuesta","description":"Ser\u00eda para quienes cobren m\u00e1s de seis salarios m\u00ednimos. Se da en medio de las tratativas por la reforma previsional.&nbsp; Qu\u00e9 dice la propuesta La","robots":{"index":"index","follow":"follow","max-snippet":"max-snippet:-1","max-image-preview":"max-image-preview:large","max-video-preview":"max-video-preview:-1"},"canonical":"https:\/\/alprestamo.com\/blog\/pensiones-sin-subsidio-como-es-la-propuesta\/","og_locale":"es_ES","og_type":"article","og_title":"Pensiones sin subsidio: c\u00f3mo es la propuesta","og_description":"Ser\u00eda para quienes cobren m\u00e1s de seis salarios m\u00ednimos. Se da en medio de las tratativas por la reforma previsional.&nbsp; Qu\u00e9 dice la propuesta La","og_url":"https:\/\/alprestamo.com\/blog\/pensiones-sin-subsidio-como-es-la-propuesta\/","og_site_name":"Alprestamo - Hacemos que todo suceda","article_published_time":"2023-06-14T13:00:00+00:00","og_image":[{"width":2365,"height":1774,"url":"https:\/\/alprestamo.com\/blog\/wp-content\/uploads\/2023\/06\/28657218_m_normal_none.jpg","type":"image\/jpeg"}],"author":"Ramiro Querejeta","twitter_card":"summary_large_image","twitter_misc":{"Escrito por":"Ramiro Querejeta","Tiempo de lectura":"2 minutos"},"schema":{"@context":"https:\/\/schema.org","@graph":[{"@type":"NewsArticle","@id":"https:\/\/alprestamo.com\/blog\/pensiones-sin-subsidio-como-es-la-propuesta\/#article","isPartOf":{"@id":"https:\/\/alprestamo.com\/blog\/pensiones-sin-subsidio-como-es-la-propuesta\/"},"author":{"name":"Ramiro Querejeta","@id":"https:\/\/alprestamo.com\/blog\/#\/schema\/person\/4c568603ceb381762b4c9062d42c7627"},"headline":"Pensiones sin subsidio: c\u00f3mo es la propuesta","datePublished":"2023-06-14T13:00:00+00:00","dateModified":"2023-06-14T13:00:00+00:00","mainEntityOfPage":{"@id":"https:\/\/alprestamo.com\/blog\/pensiones-sin-subsidio-como-es-la-propuesta\/"},"wordCount":373,"publisher":{"@id":"https:\/\/alprestamo.com\/blog\/#organization"},"image":{"@id":"https:\/\/alprestamo.com\/blog\/pensiones-sin-subsidio-como-es-la-propuesta\/#primaryimage"},"thumbnailUrl":"https:\/\/alprestamo.com\/blog\/wp-content\/uploads\/2023\/06\/28657218_m_normal_none.jpg","articleSection":["CO","Programas sociales"],"inLanguage":"es-AR"},{"@type":"WebPage","@id":"https:\/\/alprestamo.com\/blog\/pensiones-sin-subsidio-como-es-la-propuesta\/","url":"https:\/\/alprestamo.com\/blog\/pensiones-sin-subsidio-como-es-la-propuesta\/","name":"Pensiones sin subsidio: c\u00f3mo es la propuesta","isPartOf":{"@id":"https:\/\/alprestamo.com\/blog\/#website"},"primaryImageOfPage":{"@id":"https:\/\/alprestamo.com\/blog\/pensiones-sin-subsidio-como-es-la-propuesta\/#primaryimage"},"image":{"@id":"https:\/\/alprestamo.com\/blog\/pensiones-sin-subsidio-como-es-la-propuesta\/#primaryimage"},"thumbnailUrl":"https:\/\/alprestamo.com\/blog\/wp-content\/uploads\/2023\/06\/28657218_m_normal_none.jpg","datePublished":"2023-06-14T13:00:00+00:00","dateModified":"2023-06-14T13:00:00+00:00","description":"Ser\u00eda para quienes cobren m\u00e1s de seis salarios m\u00ednimos. Se da en medio de las tratativas por la reforma previsional.&nbsp; Qu\u00e9 dice la propuesta La","breadcrumb":{"@id":"https:\/\/alprestamo.com\/blog\/pensiones-sin-subsidio-como-es-la-propuesta\/#breadcrumb"},"inLanguage":"es-AR","potentialAction":[{"@type":"ReadAction","target":["https:\/\/alprestamo.com\/blog\/pensiones-sin-subsidio-como-es-la-propuesta\/"]}]},{"@type":"ImageObject","inLanguage":"es-AR","@id":"https:\/\/alprestamo.com\/blog\/pensiones-sin-subsidio-como-es-la-propuesta\/#primaryimage","url":"https:\/\/alprestamo.com\/blog\/wp-content\/uploads\/2023\/06\/28657218_m_normal_none.jpg","contentUrl":"https:\/\/alprestamo.com\/blog\/wp-content\/uploads\/2023\/06\/28657218_m_normal_none.jpg","width":2365,"height":1774},{"@type":"BreadcrumbList","@id":"https:\/\/alprestamo.com\/blog\/pensiones-sin-subsidio-como-es-la-propuesta\/#breadcrumb","itemListElement":[{"@type":"ListItem","position":1,"name":"Home","item":"https:\/\/alprestamo.com\/blog\/"},{"@type":"ListItem","position":2,"name":"Pensiones sin subsidio: c\u00f3mo es la propuesta"}]},{"@type":"WebSite","@id":"https:\/\/alprestamo.com\/blog\/#website","url":"https:\/\/alprestamo.com\/blog\/","name":"Alprestamo","description":"Hacemos que todo suceda","publisher":{"@id":"https:\/\/alprestamo.com\/blog\/#organization"},"potentialAction":[{"@type":"SearchAction","target":{"@type":"EntryPoint","urlTemplate":"https:\/\/alprestamo.com\/blog\/?s={search_term_string}"},"query-input":"required name=search_term_string"}],"inLanguage":"es-AR"},{"@type":"Organization","@id":"https:\/\/alprestamo.com\/blog\/#organization","name":"Alprestamo","url":"https:\/\/alprestamo.com\/blog\/","logo":{"@type":"ImageObject","inLanguage":"es-AR","@id":"https:\/\/alprestamo.com\/blog\/#\/schema\/logo\/image\/","url":"https:\/\/alprestamo.com\/blog\/wp-content\/uploads\/2022\/10\/Imagotipo_Blanco.svg","contentUrl":"https:\/\/alprestamo.com\/blog\/wp-content\/uploads\/2022\/10\/Imagotipo_Blanco.svg","width":1199,"height":203,"caption":"Alprestamo"},"image":{"@id":"https:\/\/alprestamo.com\/blog\/#\/schema\/logo\/image\/"}},{"@type":"Person","@id":"https:\/\/alprestamo.com\/blog\/#\/schema\/person\/4c568603ceb381762b4c9062d42c7627","name":"Ramiro Querejeta","image":{"@type":"ImageObject","inLanguage":"es-AR","@id":"https:\/\/alprestamo.com\/blog\/#\/schema\/person\/image\/","url":"https:\/\/alprestamo.com\/blog\/wp-content\/uploads\/2025\/08\/1688503693490-150x150.jpeg","contentUrl":"https:\/\/alprestamo.com\/blog\/wp-content\/uploads\/2025\/08\/1688503693490-150x150.jpeg","caption":"Ramiro Querejeta"},"url":"https:\/\/alprestamo.com\/blog\/author\/ramiro\/"}]}},"uagb_featured_image_src":{"full":["https:\/\/alprestamo.com\/blog\/wp-content\/uploads\/2023\/06\/28657218_m_normal_none.jpg",2365,1774,false],"thumbnail":["https:\/\/alprestamo.com\/blog\/wp-content\/uploads\/2023\/06\/28657218_m_normal_none-150x150.jpg",150,150,true],"medium":["https:\/\/alprestamo.com\/blog\/wp-content\/uploads\/2023\/06\/28657218_m_normal_none-300x225.jpg",300,225,true],"medium_large":["https:\/\/alprestamo.com\/blog\/wp-content\/uploads\/2023\/06\/28657218_m_normal_none-768x576.jpg",768,576,true],"large":["https:\/\/alprestamo.com\/blog\/wp-content\/uploads\/2023\/06\/28657218_m_normal_none-1024x768.jpg",1024,768,true],"1536x1536":["https:\/\/alprestamo.com\/blog\/wp-content\/uploads\/2023\/06\/28657218_m_normal_none-1536x1152.jpg",1536,1152,true],"2048x2048":["https:\/\/alprestamo.com\/blog\/wp-content\/uploads\/2023\/06\/28657218_m_normal_none-2048x1536.jpg",2048,1536,true]},"uagb_author_info":{"display_name":"Ramiro Querejeta","author_link":"https:\/\/alprestamo.com\/blog\/author\/ramiro\/"},"uagb_comment_info":0,"uagb_excerpt":"Ser\u00eda para quienes cobren m\u00e1s de seis salarios m\u00ednimos. Se da en medio de las tratativas por la reforma previsional.&nbsp; Qu\u00e9 dice la propuesta La propuesta de pensiones sin subsidio fue hecha por la Universidad de Javiera, y entre los planteamientos est\u00e1 la idea de mantener el umbral de cotizaci\u00f3n en Colpensiones en tres salarios&hellip;","rttpg_featured_image_url":{"full":["https:\/\/alprestamo.com\/blog\/wp-content\/uploads\/2023\/06\/28657218_m_normal_none.jpg",2365,1774,false],"landscape":["https:\/\/alprestamo.com\/blog\/wp-content\/uploads\/2023\/06\/28657218_m_normal_none.jpg",2365,1774,false],"portraits":["https:\/\/alprestamo.com\/blog\/wp-content\/uploads\/2023\/06\/28657218_m_normal_none.jpg",2365,1774,false],"thumbnail":["https:\/\/alprestamo.com\/blog\/wp-content\/uploads\/2023\/06\/28657218_m_normal_none-150x150.jpg",150,150,true],"medium":["https:\/\/alprestamo.com\/blog\/wp-content\/uploads\/2023\/06\/28657218_m_normal_none-300x225.jpg",300,225,true],"large":["https:\/\/alprestamo.com\/blog\/wp-content\/uploads\/2023\/06\/28657218_m_normal_none-1024x768.jpg",1024,768,true],"1536x1536":["https:\/\/alprestamo.com\/blog\/wp-content\/uploads\/2023\/06\/28657218_m_normal_none-1536x1152.jpg",1536,1152,true],"2048x2048":["https:\/\/alprestamo.com\/blog\/wp-content\/uploads\/2023\/06\/28657218_m_normal_none-2048x1536.jpg",2048,1536,true],"rt_custom":["https:\/\/alprestamo.com\/blog\/wp-content\/uploads\/2023\/06\/28657218_m_normal_none.jpg",2365,1774,false]},"rttpg_author":{"display_name":"Ramiro Querejeta","author_link":"https:\/\/alprestamo.com\/blog\/author\/ramiro\/"},"rttpg_comment":0,"rttpg_category":"<a href=\"https:\/\/alprestamo.com\/blog\/categoria\/co\/\" rel=\"category tag\">CO<\/a> <a href=\"https:\/\/alprestamo.com\/blog\/categoria\/co\/programas-sociales\/\" rel=\"category tag\">Programas sociales<\/a>","rttpg_excerpt":"Ser\u00eda para quienes cobren m\u00e1s de seis salarios m\u00ednimos. Se da en medio de las tratativas por la reforma previsional.&nbsp; Qu\u00e9 dice la propuesta La propuesta de pensiones sin subsidio fue hecha por la Universidad de Javiera, y entre los planteamientos est\u00e1 la idea de mantener el umbral de cotizaci\u00f3n en Colpensiones en tres salarios&hellip;","_links":{"self":[{"href":"https:\/\/alprestamo.com\/blog\/wp-json\/wp\/v2\/posts\/23663"}],"collection":[{"href":"https:\/\/alprestamo.com\/blog\/wp-json\/wp\/v2\/posts"}],"about":[{"href":"https:\/\/alprestamo.com\/blog\/wp-json\/wp\/v2\/types\/post"}],"author":[{"embeddable":true,"href":"https:\/\/alprestamo.com\/blog\/wp-json\/wp\/v2\/users\/9"}],"replies":[{"embeddable":true,"href":"https:\/\/alprestamo.com\/blog\/wp-json\/wp\/v2\/comments?post=23663"}],"version-history":[{"count":1,"href":"https:\/\/alprestamo.com\/blog\/wp-json\/wp\/v2\/posts\/23663\/revisions"}],"predecessor-version":[{"id":23665,"href":"https:\/\/alprestamo.com\/blog\/wp-json\/wp\/v2\/posts\/23663\/revisions\/23665"}],"wp:featuredmedia":[{"embeddable":true,"href":"https:\/\/alprestamo.com\/blog\/wp-json\/wp\/v2\/media\/23664"}],"wp:attachment":[{"href":"https:\/\/alprestamo.com\/blog\/wp-json\/wp\/v2\/media?parent=23663"}],"wp:term":[{"taxonomy":"category","embeddable":true,"href":"https:\/\/alprestamo.com\/blog\/wp-json\/wp\/v2\/categories?post=23663"},{"taxonomy":"post_tag","embeddable":true,"href":"https:\/\/alprestamo.com\/blog\/wp-json\/wp\/v2\/tags?post=23663"}],"curies":[{"name":"wp","href":"https:\/\/api.w.org\/{rel}","templated":true}]}}