{"id":23689,"date":"2023-06-15T09:30:00","date_gmt":"2023-06-15T12:30:00","guid":{"rendered":"https:\/\/alprestamo.com\/blog\/?p=23689"},"modified":"2024-01-23T17:15:44","modified_gmt":"2024-01-23T20:15:44","slug":"porque-uruguay-es-el-hub-latinoamericano-de-la-produccion-audiovisual","status":"publish","type":"post","link":"https:\/\/alprestamo.com\/blog\/porque-uruguay-es-el-hub-latinoamericano-de-la-produccion-audiovisual\/","title":{"rendered":"Porqu\u00e9 Uruguay es el &#8220;hub&#8221; latinoamericano de la producci\u00f3n audiovisual"},"content":{"rendered":"\n<p><strong>Uruguay <\/strong>est\u00e1 realizando un esfuerzo por convertirse en un centro audiovisual en Am\u00e9rica Latina, al tentar a las compa\u00f1\u00edas de producci\u00f3n extranjeras con una mayor cantidad de cr\u00e9ditos fiscales para filmar en locaci\u00f3n.<\/p>\n\n\n\n<h2 class=\"wp-block-heading\">Beneficios impositivos<\/h2>\n\n\n\n<p>Las exenciones fiscales aprobadas en 2019 ayudaron a atraer a los productores, ofreciendo proyectos con valor entre 300.000 y 4 millones de pesos uruguayos, con un reembolso de hasta el 25%, limitado a $700,000 por producci\u00f3n y con una escala m\u00f3vil para pel\u00edculas con presupuestos m\u00e1s importantes.&nbsp;<\/p>\n\n\n\n<p>En 2023 se espera que el <strong>gobierno de <\/strong><a href=\"https:\/\/alprestamo.com\/blog\/uy\/programas-sociales-uy\/que-programas-sociales-brindara-el-estado-uruguayo-durante-el-2023\/\"><strong>Uruguay<\/strong> <\/a>reserve $12 millones para el reembolso, un aumento de los $4 millones asignados en 2019. Durante la pandemia, el <strong>Ministerio de Salud <\/strong>ofreci\u00f3 pruebas diarias de Covid a los equipos de producci\u00f3n y tuvo requisitos de entrada flexibles, capturando as\u00ed la demanda de muchos proyectos, cuando la mayor\u00eda de los destinos estaban cerrados.&nbsp;<\/p>\n\n\n\n<h2 class=\"wp-block-heading\">Crecimiento&nbsp;<\/h2>\n\n\n\n<p>El tiempo dedicado a filmar pel\u00edculas y series en el pa\u00eds se triplic\u00f3 en los \u00faltimos tres a\u00f1os, desde 24 semanas en 2019 a 80, en 2022. Esto seg\u00fan datos recolectados por <strong>Musitelli Film and Digital,<\/strong> una <a href=\"https:\/\/alprestamo.com\/blog\/uy\/una-de-las-mayores-empresas-de-criptomonedas-invertira-en-uruguay\/\">empresa <\/a>local que alquila equipos de transmisi\u00f3n.&nbsp;<\/p>\n\n\n\n<p>Una sola producci\u00f3n audiovisual puede tardar entre cuatro y 16 semanas en filmarse. Antes de 2019, el n\u00famero de semanas no superaba las 20 en promedio.<\/p>\n\n\n\n<p><strong>Ernesto Musitelli,<\/strong> creador de la empresa, empez\u00f3 alquilando c\u00e1maras a fines de la d\u00e9cada de 1990, principalmente a agencias de publicidad regionales y aspirantes a cineastas uruguayos. Hoy su empresa matriz, <strong>Reducto<\/strong>, ofrece servicios de estudio y postproducci\u00f3n. Entre sus clientes est\u00e1n <strong>Amazon Prime, Disney, HBO y Netflix<\/strong>.<\/p>\n\n\n\n<h2 class=\"wp-block-heading\">Creaci\u00f3n de la ACAU<\/h2>\n\n\n\n<p>Una parte fundamental del reciente crecimiento del sector en Uruguay es la actitud flexible y abierta del gobierno, en un momento en el que las plataformas internacionales de transmisi\u00f3n se encuentran buscando ubicaciones m\u00e1s atractivas.<\/p>\n\n\n\n<p>Para ayudar a aliviar la burocracia estatal en cuestiones como los permisos de filmaci\u00f3n y la contrataci\u00f3n de talento local, el gobierno tambi\u00e9n estableci\u00f3 una nueva agencia audiovisual, reuniendo a diferentes organismos y al sector privado bajo una sola entidad.<\/p>\n\n\n\n<p>&#8220;Nuestra visi\u00f3n como gobierno fue adaptarnos r\u00e1pidamente y responder a la demanda de algo completamente nuevo&#8221;, dijo <strong>Mariana Wainstein<\/strong>, directora nacional de cultura de Uruguay, quien adem\u00e1s se encarga de supervisar la creaci\u00f3n de la nueva<strong> Agencia de Cine y Audiovisual (ACAU)<\/strong><\/p>\n\n\n\n<p>El lanzamiento de la agencia audiovisual es parte de una estrategia comercial m\u00e1s amplia en <em>Uruguay<\/em>, cuyas zonas de libre comercio, institutos de investigaci\u00f3n, poblaci\u00f3n con una buena educaci\u00f3n, reputaci\u00f3n de estabilidad pol\u00edtica y macroecon\u00f3mica han impulsado su sector tecnol\u00f3gico.&nbsp;<\/p>\n","protected":false},"excerpt":{"rendered":"<p>Uruguay est\u00e1 realizando un esfuerzo por convertirse en un centro audiovisual en Am\u00e9rica Latina, al tentar a las compa\u00f1\u00edas de producci\u00f3n extranjeras con una mayor cantidad de cr\u00e9ditos fiscales para filmar en locaci\u00f3n. Beneficios impositivos Las exenciones fiscales aprobadas en 2019 ayudaron a atraer a los productores, ofreciendo proyectos con valor entre 300.000 y 4 &hellip;<\/p>\n<p class=\"read-more\"> <a class=\"\" href=\"https:\/\/alprestamo.com\/blog\/porque-uruguay-es-el-hub-latinoamericano-de-la-produccion-audiovisual\/\"> <span class=\"screen-reader-text\">Porqu\u00e9 Uruguay es el &#8220;hub&#8221; latinoamericano de la producci\u00f3n audiovisual<\/span> Leer m\u00e1s &raquo;<\/a><\/p>\n","protected":false},"author":9,"featured_media":23690,"comment_status":"closed","ping_status":"closed","sticky":false,"template":"","format":"standard","meta":{"_uag_custom_page_level_css":"","site-sidebar-layout":"default","site-content-layout":"default","ast-global-header-display":"","ast-banner-title-visibility":"","ast-main-header-display":"","ast-hfb-above-header-display":"","ast-hfb-below-header-display":"","ast-hfb-mobile-header-display":"","site-post-title":"","ast-breadcrumbs-content":"","ast-featured-img":"","footer-sml-layout":"","theme-transparent-header-meta":"","adv-header-id-meta":"","stick-header-meta":"","header-above-stick-meta":"","header-main-stick-meta":"","header-below-stick-meta":"","footnotes":""},"categories":[125,94],"tags":[],"class_list":["post-23689","post","type-post","status-publish","format-standard","has-post-thumbnail","hentry","category-mundo-laboral-uy","category-uy"],"acf":[],"yoast_head":"<!-- This site is optimized with the Yoast SEO plugin v23.2 - https:\/\/yoast.com\/wordpress\/plugins\/seo\/ -->\n<title>Porqu\u00e9 Uruguay es el &quot;hub&quot; latinoamericano de la producci\u00f3n audiovisual<\/title>\n<meta name=\"description\" content=\"Uruguay est\u00e1 realizando un esfuerzo por convertirse en un centro audiovisual en Am\u00e9rica Latina, al tentar a las compa\u00f1\u00edas de producci\u00f3n extranjeras con\" \/>\n<meta name=\"robots\" content=\"index, follow, max-snippet:-1, max-image-preview:large, max-video-preview:-1\" \/>\n<link rel=\"canonical\" href=\"https:\/\/alprestamo.com\/blog\/porque-uruguay-es-el-hub-latinoamericano-de-la-produccion-audiovisual\/\" \/>\n<meta property=\"og:locale\" content=\"es_ES\" \/>\n<meta property=\"og:type\" content=\"article\" \/>\n<meta property=\"og:title\" content=\"Porqu\u00e9 Uruguay es el &quot;hub&quot; latinoamericano de la producci\u00f3n audiovisual\" \/>\n<meta property=\"og:description\" content=\"Uruguay est\u00e1 realizando un esfuerzo por convertirse en un centro audiovisual en Am\u00e9rica Latina, al tentar a las compa\u00f1\u00edas de producci\u00f3n extranjeras con\" \/>\n<meta property=\"og:url\" content=\"https:\/\/alprestamo.com\/blog\/porque-uruguay-es-el-hub-latinoamericano-de-la-produccion-audiovisual\/\" \/>\n<meta property=\"og:site_name\" content=\"Alprestamo - Hacemos que todo suceda\" \/>\n<meta property=\"article:published_time\" content=\"2023-06-15T12:30:00+00:00\" \/>\n<meta property=\"article:modified_time\" content=\"2024-01-23T20:15:44+00:00\" \/>\n<meta property=\"og:image\" content=\"https:\/\/alprestamo.com\/blog\/wp-content\/uploads\/2023\/06\/134759251_m_normal_none.jpg\" \/>\n\t<meta property=\"og:image:width\" content=\"2508\" \/>\n\t<meta property=\"og:image:height\" content=\"1672\" \/>\n\t<meta property=\"og:image:type\" content=\"image\/jpeg\" \/>\n<meta name=\"author\" content=\"Ramiro Querejeta\" \/>\n<meta name=\"twitter:card\" content=\"summary_large_image\" \/>\n<meta name=\"twitter:label1\" content=\"Escrito por\" \/>\n\t<meta name=\"twitter:data1\" content=\"Ramiro Querejeta\" \/>\n\t<meta name=\"twitter:label2\" content=\"Tiempo de lectura\" \/>\n\t<meta name=\"twitter:data2\" content=\"2 minutos\" \/>\n<script type=\"application\/ld+json\" class=\"yoast-schema-graph\">{\"@context\":\"https:\/\/schema.org\",\"@graph\":[{\"@type\":\"NewsArticle\",\"@id\":\"https:\/\/alprestamo.com\/blog\/porque-uruguay-es-el-hub-latinoamericano-de-la-produccion-audiovisual\/#article\",\"isPartOf\":{\"@id\":\"https:\/\/alprestamo.com\/blog\/porque-uruguay-es-el-hub-latinoamericano-de-la-produccion-audiovisual\/\"},\"author\":{\"name\":\"Ramiro Querejeta\",\"@id\":\"https:\/\/alprestamo.com\/blog\/#\/schema\/person\/4c568603ceb381762b4c9062d42c7627\"},\"headline\":\"Porqu\u00e9 Uruguay es el &#8220;hub&#8221; latinoamericano de la producci\u00f3n audiovisual\",\"datePublished\":\"2023-06-15T12:30:00+00:00\",\"dateModified\":\"2024-01-23T20:15:44+00:00\",\"mainEntityOfPage\":{\"@id\":\"https:\/\/alprestamo.com\/blog\/porque-uruguay-es-el-hub-latinoamericano-de-la-produccion-audiovisual\/\"},\"wordCount\":463,\"publisher\":{\"@id\":\"https:\/\/alprestamo.com\/blog\/#organization\"},\"image\":{\"@id\":\"https:\/\/alprestamo.com\/blog\/porque-uruguay-es-el-hub-latinoamericano-de-la-produccion-audiovisual\/#primaryimage\"},\"thumbnailUrl\":\"https:\/\/alprestamo.com\/blog\/wp-content\/uploads\/2023\/06\/134759251_m_normal_none.jpg\",\"articleSection\":[\"Mundo laboral\",\"UY\"],\"inLanguage\":\"es-AR\"},{\"@type\":\"WebPage\",\"@id\":\"https:\/\/alprestamo.com\/blog\/porque-uruguay-es-el-hub-latinoamericano-de-la-produccion-audiovisual\/\",\"url\":\"https:\/\/alprestamo.com\/blog\/porque-uruguay-es-el-hub-latinoamericano-de-la-produccion-audiovisual\/\",\"name\":\"Porqu\u00e9 Uruguay es el \\\"hub\\\" latinoamericano de la producci\u00f3n audiovisual\",\"isPartOf\":{\"@id\":\"https:\/\/alprestamo.com\/blog\/#website\"},\"primaryImageOfPage\":{\"@id\":\"https:\/\/alprestamo.com\/blog\/porque-uruguay-es-el-hub-latinoamericano-de-la-produccion-audiovisual\/#primaryimage\"},\"image\":{\"@id\":\"https:\/\/alprestamo.com\/blog\/porque-uruguay-es-el-hub-latinoamericano-de-la-produccion-audiovisual\/#primaryimage\"},\"thumbnailUrl\":\"https:\/\/alprestamo.com\/blog\/wp-content\/uploads\/2023\/06\/134759251_m_normal_none.jpg\",\"datePublished\":\"2023-06-15T12:30:00+00:00\",\"dateModified\":\"2024-01-23T20:15:44+00:00\",\"description\":\"Uruguay est\u00e1 realizando un esfuerzo por convertirse en un centro audiovisual en Am\u00e9rica Latina, al tentar a las compa\u00f1\u00edas de producci\u00f3n extranjeras con\",\"breadcrumb\":{\"@id\":\"https:\/\/alprestamo.com\/blog\/porque-uruguay-es-el-hub-latinoamericano-de-la-produccion-audiovisual\/#breadcrumb\"},\"inLanguage\":\"es-AR\",\"potentialAction\":[{\"@type\":\"ReadAction\",\"target\":[\"https:\/\/alprestamo.com\/blog\/porque-uruguay-es-el-hub-latinoamericano-de-la-produccion-audiovisual\/\"]}]},{\"@type\":\"ImageObject\",\"inLanguage\":\"es-AR\",\"@id\":\"https:\/\/alprestamo.com\/blog\/porque-uruguay-es-el-hub-latinoamericano-de-la-produccion-audiovisual\/#primaryimage\",\"url\":\"https:\/\/alprestamo.com\/blog\/wp-content\/uploads\/2023\/06\/134759251_m_normal_none.jpg\",\"contentUrl\":\"https:\/\/alprestamo.com\/blog\/wp-content\/uploads\/2023\/06\/134759251_m_normal_none.jpg\",\"width\":2508,\"height\":1672,\"caption\":\"Uruguay ha logrado atraer no solo turistas, sino tambi\u00e9n proyectos audiovisuales\"},{\"@type\":\"BreadcrumbList\",\"@id\":\"https:\/\/alprestamo.com\/blog\/porque-uruguay-es-el-hub-latinoamericano-de-la-produccion-audiovisual\/#breadcrumb\",\"itemListElement\":[{\"@type\":\"ListItem\",\"position\":1,\"name\":\"Home\",\"item\":\"https:\/\/alprestamo.com\/blog\/\"},{\"@type\":\"ListItem\",\"position\":2,\"name\":\"Porqu\u00e9 Uruguay es el &#8220;hub&#8221; latinoamericano de la producci\u00f3n audiovisual\"}]},{\"@type\":\"WebSite\",\"@id\":\"https:\/\/alprestamo.com\/blog\/#website\",\"url\":\"https:\/\/alprestamo.com\/blog\/\",\"name\":\"Alprestamo\",\"description\":\"Hacemos que todo suceda\",\"publisher\":{\"@id\":\"https:\/\/alprestamo.com\/blog\/#organization\"},\"potentialAction\":[{\"@type\":\"SearchAction\",\"target\":{\"@type\":\"EntryPoint\",\"urlTemplate\":\"https:\/\/alprestamo.com\/blog\/?s={search_term_string}\"},\"query-input\":\"required name=search_term_string\"}],\"inLanguage\":\"es-AR\"},{\"@type\":\"Organization\",\"@id\":\"https:\/\/alprestamo.com\/blog\/#organization\",\"name\":\"Alprestamo\",\"url\":\"https:\/\/alprestamo.com\/blog\/\",\"logo\":{\"@type\":\"ImageObject\",\"inLanguage\":\"es-AR\",\"@id\":\"https:\/\/alprestamo.com\/blog\/#\/schema\/logo\/image\/\",\"url\":\"https:\/\/alprestamo.com\/blog\/wp-content\/uploads\/2022\/10\/Imagotipo_Blanco.svg\",\"contentUrl\":\"https:\/\/alprestamo.com\/blog\/wp-content\/uploads\/2022\/10\/Imagotipo_Blanco.svg\",\"width\":1199,\"height\":203,\"caption\":\"Alprestamo\"},\"image\":{\"@id\":\"https:\/\/alprestamo.com\/blog\/#\/schema\/logo\/image\/\"}},{\"@type\":\"Person\",\"@id\":\"https:\/\/alprestamo.com\/blog\/#\/schema\/person\/4c568603ceb381762b4c9062d42c7627\",\"name\":\"Ramiro Querejeta\",\"image\":{\"@type\":\"ImageObject\",\"inLanguage\":\"es-AR\",\"@id\":\"https:\/\/alprestamo.com\/blog\/#\/schema\/person\/image\/\",\"url\":\"https:\/\/alprestamo.com\/blog\/wp-content\/uploads\/2025\/08\/1688503693490-150x150.jpeg\",\"contentUrl\":\"https:\/\/alprestamo.com\/blog\/wp-content\/uploads\/2025\/08\/1688503693490-150x150.jpeg\",\"caption\":\"Ramiro Querejeta\"},\"url\":\"https:\/\/alprestamo.com\/blog\/author\/ramiro\/\"}]}<\/script>\n<!-- \/ Yoast SEO plugin. -->","yoast_head_json":{"title":"Porqu\u00e9 Uruguay es el \"hub\" latinoamericano de la producci\u00f3n audiovisual","description":"Uruguay est\u00e1 realizando un esfuerzo por convertirse en un centro audiovisual en Am\u00e9rica Latina, al tentar a las compa\u00f1\u00edas de producci\u00f3n extranjeras con","robots":{"index":"index","follow":"follow","max-snippet":"max-snippet:-1","max-image-preview":"max-image-preview:large","max-video-preview":"max-video-preview:-1"},"canonical":"https:\/\/alprestamo.com\/blog\/porque-uruguay-es-el-hub-latinoamericano-de-la-produccion-audiovisual\/","og_locale":"es_ES","og_type":"article","og_title":"Porqu\u00e9 Uruguay es el \"hub\" latinoamericano de la producci\u00f3n audiovisual","og_description":"Uruguay est\u00e1 realizando un esfuerzo por convertirse en un centro audiovisual en Am\u00e9rica Latina, al tentar a las compa\u00f1\u00edas de producci\u00f3n extranjeras con","og_url":"https:\/\/alprestamo.com\/blog\/porque-uruguay-es-el-hub-latinoamericano-de-la-produccion-audiovisual\/","og_site_name":"Alprestamo - Hacemos que todo suceda","article_published_time":"2023-06-15T12:30:00+00:00","article_modified_time":"2024-01-23T20:15:44+00:00","og_image":[{"width":2508,"height":1672,"url":"https:\/\/alprestamo.com\/blog\/wp-content\/uploads\/2023\/06\/134759251_m_normal_none.jpg","type":"image\/jpeg"}],"author":"Ramiro Querejeta","twitter_card":"summary_large_image","twitter_misc":{"Escrito por":"Ramiro Querejeta","Tiempo de lectura":"2 minutos"},"schema":{"@context":"https:\/\/schema.org","@graph":[{"@type":"NewsArticle","@id":"https:\/\/alprestamo.com\/blog\/porque-uruguay-es-el-hub-latinoamericano-de-la-produccion-audiovisual\/#article","isPartOf":{"@id":"https:\/\/alprestamo.com\/blog\/porque-uruguay-es-el-hub-latinoamericano-de-la-produccion-audiovisual\/"},"author":{"name":"Ramiro Querejeta","@id":"https:\/\/alprestamo.com\/blog\/#\/schema\/person\/4c568603ceb381762b4c9062d42c7627"},"headline":"Porqu\u00e9 Uruguay es el &#8220;hub&#8221; latinoamericano de la producci\u00f3n audiovisual","datePublished":"2023-06-15T12:30:00+00:00","dateModified":"2024-01-23T20:15:44+00:00","mainEntityOfPage":{"@id":"https:\/\/alprestamo.com\/blog\/porque-uruguay-es-el-hub-latinoamericano-de-la-produccion-audiovisual\/"},"wordCount":463,"publisher":{"@id":"https:\/\/alprestamo.com\/blog\/#organization"},"image":{"@id":"https:\/\/alprestamo.com\/blog\/porque-uruguay-es-el-hub-latinoamericano-de-la-produccion-audiovisual\/#primaryimage"},"thumbnailUrl":"https:\/\/alprestamo.com\/blog\/wp-content\/uploads\/2023\/06\/134759251_m_normal_none.jpg","articleSection":["Mundo laboral","UY"],"inLanguage":"es-AR"},{"@type":"WebPage","@id":"https:\/\/alprestamo.com\/blog\/porque-uruguay-es-el-hub-latinoamericano-de-la-produccion-audiovisual\/","url":"https:\/\/alprestamo.com\/blog\/porque-uruguay-es-el-hub-latinoamericano-de-la-produccion-audiovisual\/","name":"Porqu\u00e9 Uruguay es el \"hub\" latinoamericano de la producci\u00f3n audiovisual","isPartOf":{"@id":"https:\/\/alprestamo.com\/blog\/#website"},"primaryImageOfPage":{"@id":"https:\/\/alprestamo.com\/blog\/porque-uruguay-es-el-hub-latinoamericano-de-la-produccion-audiovisual\/#primaryimage"},"image":{"@id":"https:\/\/alprestamo.com\/blog\/porque-uruguay-es-el-hub-latinoamericano-de-la-produccion-audiovisual\/#primaryimage"},"thumbnailUrl":"https:\/\/alprestamo.com\/blog\/wp-content\/uploads\/2023\/06\/134759251_m_normal_none.jpg","datePublished":"2023-06-15T12:30:00+00:00","dateModified":"2024-01-23T20:15:44+00:00","description":"Uruguay est\u00e1 realizando un esfuerzo por convertirse en un centro audiovisual en Am\u00e9rica Latina, al tentar a las compa\u00f1\u00edas de producci\u00f3n extranjeras con","breadcrumb":{"@id":"https:\/\/alprestamo.com\/blog\/porque-uruguay-es-el-hub-latinoamericano-de-la-produccion-audiovisual\/#breadcrumb"},"inLanguage":"es-AR","potentialAction":[{"@type":"ReadAction","target":["https:\/\/alprestamo.com\/blog\/porque-uruguay-es-el-hub-latinoamericano-de-la-produccion-audiovisual\/"]}]},{"@type":"ImageObject","inLanguage":"es-AR","@id":"https:\/\/alprestamo.com\/blog\/porque-uruguay-es-el-hub-latinoamericano-de-la-produccion-audiovisual\/#primaryimage","url":"https:\/\/alprestamo.com\/blog\/wp-content\/uploads\/2023\/06\/134759251_m_normal_none.jpg","contentUrl":"https:\/\/alprestamo.com\/blog\/wp-content\/uploads\/2023\/06\/134759251_m_normal_none.jpg","width":2508,"height":1672,"caption":"Uruguay ha logrado atraer no solo turistas, sino tambi\u00e9n proyectos audiovisuales"},{"@type":"BreadcrumbList","@id":"https:\/\/alprestamo.com\/blog\/porque-uruguay-es-el-hub-latinoamericano-de-la-produccion-audiovisual\/#breadcrumb","itemListElement":[{"@type":"ListItem","position":1,"name":"Home","item":"https:\/\/alprestamo.com\/blog\/"},{"@type":"ListItem","position":2,"name":"Porqu\u00e9 Uruguay es el &#8220;hub&#8221; latinoamericano de la producci\u00f3n audiovisual"}]},{"@type":"WebSite","@id":"https:\/\/alprestamo.com\/blog\/#website","url":"https:\/\/alprestamo.com\/blog\/","name":"Alprestamo","description":"Hacemos que todo suceda","publisher":{"@id":"https:\/\/alprestamo.com\/blog\/#organization"},"potentialAction":[{"@type":"SearchAction","target":{"@type":"EntryPoint","urlTemplate":"https:\/\/alprestamo.com\/blog\/?s={search_term_string}"},"query-input":"required name=search_term_string"}],"inLanguage":"es-AR"},{"@type":"Organization","@id":"https:\/\/alprestamo.com\/blog\/#organization","name":"Alprestamo","url":"https:\/\/alprestamo.com\/blog\/","logo":{"@type":"ImageObject","inLanguage":"es-AR","@id":"https:\/\/alprestamo.com\/blog\/#\/schema\/logo\/image\/","url":"https:\/\/alprestamo.com\/blog\/wp-content\/uploads\/2022\/10\/Imagotipo_Blanco.svg","contentUrl":"https:\/\/alprestamo.com\/blog\/wp-content\/uploads\/2022\/10\/Imagotipo_Blanco.svg","width":1199,"height":203,"caption":"Alprestamo"},"image":{"@id":"https:\/\/alprestamo.com\/blog\/#\/schema\/logo\/image\/"}},{"@type":"Person","@id":"https:\/\/alprestamo.com\/blog\/#\/schema\/person\/4c568603ceb381762b4c9062d42c7627","name":"Ramiro Querejeta","image":{"@type":"ImageObject","inLanguage":"es-AR","@id":"https:\/\/alprestamo.com\/blog\/#\/schema\/person\/image\/","url":"https:\/\/alprestamo.com\/blog\/wp-content\/uploads\/2025\/08\/1688503693490-150x150.jpeg","contentUrl":"https:\/\/alprestamo.com\/blog\/wp-content\/uploads\/2025\/08\/1688503693490-150x150.jpeg","caption":"Ramiro Querejeta"},"url":"https:\/\/alprestamo.com\/blog\/author\/ramiro\/"}]}},"uagb_featured_image_src":{"full":["https:\/\/alprestamo.com\/blog\/wp-content\/uploads\/2023\/06\/134759251_m_normal_none.jpg",2508,1672,false],"thumbnail":["https:\/\/alprestamo.com\/blog\/wp-content\/uploads\/2023\/06\/134759251_m_normal_none-150x150.jpg",150,150,true],"medium":["https:\/\/alprestamo.com\/blog\/wp-content\/uploads\/2023\/06\/134759251_m_normal_none-300x200.jpg",300,200,true],"medium_large":["https:\/\/alprestamo.com\/blog\/wp-content\/uploads\/2023\/06\/134759251_m_normal_none-768x512.jpg",768,512,true],"large":["https:\/\/alprestamo.com\/blog\/wp-content\/uploads\/2023\/06\/134759251_m_normal_none-1024x683.jpg",1024,683,true],"1536x1536":["https:\/\/alprestamo.com\/blog\/wp-content\/uploads\/2023\/06\/134759251_m_normal_none-1536x1024.jpg",1536,1024,true],"2048x2048":["https:\/\/alprestamo.com\/blog\/wp-content\/uploads\/2023\/06\/134759251_m_normal_none-2048x1365.jpg",2048,1365,true]},"uagb_author_info":{"display_name":"Ramiro Querejeta","author_link":"https:\/\/alprestamo.com\/blog\/author\/ramiro\/"},"uagb_comment_info":0,"uagb_excerpt":"Uruguay est\u00e1 realizando un esfuerzo por convertirse en un centro audiovisual en Am\u00e9rica Latina, al tentar a las compa\u00f1\u00edas de producci\u00f3n extranjeras con una mayor cantidad de cr\u00e9ditos fiscales para filmar en locaci\u00f3n. Beneficios impositivos Las exenciones fiscales aprobadas en 2019 ayudaron a atraer a los productores, ofreciendo proyectos con valor entre 300.000 y 4&hellip;","rttpg_featured_image_url":{"full":["https:\/\/alprestamo.com\/blog\/wp-content\/uploads\/2023\/06\/134759251_m_normal_none.jpg",2508,1672,false],"landscape":["https:\/\/alprestamo.com\/blog\/wp-content\/uploads\/2023\/06\/134759251_m_normal_none.jpg",2508,1672,false],"portraits":["https:\/\/alprestamo.com\/blog\/wp-content\/uploads\/2023\/06\/134759251_m_normal_none.jpg",2508,1672,false],"thumbnail":["https:\/\/alprestamo.com\/blog\/wp-content\/uploads\/2023\/06\/134759251_m_normal_none-150x150.jpg",150,150,true],"medium":["https:\/\/alprestamo.com\/blog\/wp-content\/uploads\/2023\/06\/134759251_m_normal_none-300x200.jpg",300,200,true],"large":["https:\/\/alprestamo.com\/blog\/wp-content\/uploads\/2023\/06\/134759251_m_normal_none-1024x683.jpg",1024,683,true],"1536x1536":["https:\/\/alprestamo.com\/blog\/wp-content\/uploads\/2023\/06\/134759251_m_normal_none-1536x1024.jpg",1536,1024,true],"2048x2048":["https:\/\/alprestamo.com\/blog\/wp-content\/uploads\/2023\/06\/134759251_m_normal_none-2048x1365.jpg",2048,1365,true],"rt_custom":["https:\/\/alprestamo.com\/blog\/wp-content\/uploads\/2023\/06\/134759251_m_normal_none.jpg",2508,1672,false]},"rttpg_author":{"display_name":"Ramiro Querejeta","author_link":"https:\/\/alprestamo.com\/blog\/author\/ramiro\/"},"rttpg_comment":0,"rttpg_category":"<a href=\"https:\/\/alprestamo.com\/blog\/categoria\/uy\/mundo-laboral-uy\/\" rel=\"category tag\">Mundo laboral<\/a> <a href=\"https:\/\/alprestamo.com\/blog\/categoria\/uy\/\" rel=\"category tag\">UY<\/a>","rttpg_excerpt":"Uruguay est\u00e1 realizando un esfuerzo por convertirse en un centro audiovisual en Am\u00e9rica Latina, al tentar a las compa\u00f1\u00edas de producci\u00f3n extranjeras con una mayor cantidad de cr\u00e9ditos fiscales para filmar en locaci\u00f3n. Beneficios impositivos Las exenciones fiscales aprobadas en 2019 ayudaron a atraer a los productores, ofreciendo proyectos con valor entre 300.000 y 4&hellip;","_links":{"self":[{"href":"https:\/\/alprestamo.com\/blog\/wp-json\/wp\/v2\/posts\/23689"}],"collection":[{"href":"https:\/\/alprestamo.com\/blog\/wp-json\/wp\/v2\/posts"}],"about":[{"href":"https:\/\/alprestamo.com\/blog\/wp-json\/wp\/v2\/types\/post"}],"author":[{"embeddable":true,"href":"https:\/\/alprestamo.com\/blog\/wp-json\/wp\/v2\/users\/9"}],"replies":[{"embeddable":true,"href":"https:\/\/alprestamo.com\/blog\/wp-json\/wp\/v2\/comments?post=23689"}],"version-history":[{"count":2,"href":"https:\/\/alprestamo.com\/blog\/wp-json\/wp\/v2\/posts\/23689\/revisions"}],"predecessor-version":[{"id":30264,"href":"https:\/\/alprestamo.com\/blog\/wp-json\/wp\/v2\/posts\/23689\/revisions\/30264"}],"wp:featuredmedia":[{"embeddable":true,"href":"https:\/\/alprestamo.com\/blog\/wp-json\/wp\/v2\/media\/23690"}],"wp:attachment":[{"href":"https:\/\/alprestamo.com\/blog\/wp-json\/wp\/v2\/media?parent=23689"}],"wp:term":[{"taxonomy":"category","embeddable":true,"href":"https:\/\/alprestamo.com\/blog\/wp-json\/wp\/v2\/categories?post=23689"},{"taxonomy":"post_tag","embeddable":true,"href":"https:\/\/alprestamo.com\/blog\/wp-json\/wp\/v2\/tags?post=23689"}],"curies":[{"name":"wp","href":"https:\/\/api.w.org\/{rel}","templated":true}]}}