{"id":23877,"date":"2023-06-27T10:02:08","date_gmt":"2023-06-27T13:02:08","guid":{"rendered":"https:\/\/alprestamo.com\/blog\/?p=23877"},"modified":"2023-09-27T17:22:04","modified_gmt":"2023-09-27T20:22:04","slug":"como-impactara-la-suba-de-salarios-en-peru","status":"publish","type":"post","link":"https:\/\/alprestamo.com\/blog\/como-impactara-la-suba-de-salarios-en-peru\/","title":{"rendered":"C\u00f3mo impactar\u00e1 la suba de salarios en Per\u00fa"},"content":{"rendered":"\n<p><\/p>\n\n\n\n<h2 class=\"wp-block-heading\">Salarios en Per\u00fa<\/h2>\n\n\n\n<p>Desde el mes de enero que el tema de la <strong>suba de salarios en Per\u00fa <\/strong>se encuentra sobre la mesa, teniendo en cuenta que la inflaci\u00f3n alcanz\u00f3 el 8% de forma interanual en mayo de 2023.&nbsp;<\/p>\n\n\n\n<p>A pesar de esto, distintos funcionarios del gobierno y el presidente del <a href=\"https:\/\/alprestamo.com\/blog\/pe\/como-acceder-a-credito-hipotecario-del-banco-de-la-nacion\/\"><strong>Banco <\/strong><\/a><strong>Central Reserva de Per\u00fa<\/strong> han se\u00f1alado \u00faltimamente las consecuencias econ\u00f3micas y laborales que tendr\u00eda el aumentar el salario m\u00ednimo.&nbsp;<\/p>\n\n\n\n<p>De acuerdo a un informe de la entidad bancaria de referencia, si la suba de salarios en <a href=\"https:\/\/alprestamo.com\/blog\/pe\/continuara-el-bono-alimentario-en-peru\/\">Per\u00fa <\/a>se fija a un nivel muy alto, esto podr\u00eda reducir el empleo y la competitividad de empresas, como tambi\u00e9n aumentar la informalidad del trabajo y el nivel general de precios.&nbsp;<\/p>\n\n\n\n<p>Los ajustes a la<strong> Remuneraci\u00f3n M\u00ednima Vital (RMV)<\/strong> inciden mayormente en los trabajadores que cobran salarios cercanos al m\u00ednimo establecido, por lo que es importante conocer a este grupo de trabajadores. En este sentido, los asalariados dependientes formales e informales que trabajan m\u00e1s de 40 horas por semana y perciben remuneraciones 0,9 veces y 1,2 veces el salario m\u00ednimo son un 26%.&nbsp;Esto representa a 1,5 millones de personas que cobran entre 922 y 1230 <strong>soles<\/strong>.&nbsp;<\/p>\n\n\n\n<p>Por su parte, el 21% de quienes trabajan 40 horas semanales o m\u00e1s reciben una remuneraci\u00f3n por debajo del salario m\u00ednimo (35% formales y 6% informales).&nbsp;<\/p>\n\n\n\n<h2 class=\"wp-block-heading\">Consecuencias de la suba de salarios en Per\u00fa<\/h2>\n\n\n\n<p>El banco central del pa\u00eds argumenta que un <strong>salario m\u00ednimo<\/strong> pr\u00f3ximo al ingreso promedio generar\u00eda que las empresas con bajos niveles de productividad resultar\u00edan menos viables, y de esta forma, menos trabajadores ser\u00edan contratados de manera formal.&nbsp;<\/p>\n\n\n\n<p>Esto tambi\u00e9n implicar\u00eda mayor <strong>informalidad<\/strong>, menores <strong>beneficios sociales<\/strong> y menos oportunidades de empleo para los trabajadores no tan calificados y con un menor nivel de productividad.&nbsp;<\/p>\n\n\n\n<h2 class=\"wp-block-heading\">\u00bfSubir\u00e1 el salario m\u00ednimo en Per\u00fa?<\/h2>\n\n\n\n<p>Seg\u00fan declaraciones del <strong>ministro de Trabajo y Promoci\u00f3n del Empleo<\/strong>, Fernando Varela Bohorquez,el tema no est\u00e1 en la agenda del gobierno por el momento.&nbsp;<\/p>\n\n\n\n<p>En mayo, <strong>Alex Contreras<\/strong>, ministro de Econom\u00eda, dijo que \u201cla discusi\u00f3n de la <em>suba de salarios en Per\u00fa<\/em> debe estar del lado del Ministerio de Trabajo, aunque cualquier acuerdo deber\u00eda contar con el consenso de las partes\u201d.&nbsp;<\/p>\n","protected":false},"excerpt":{"rendered":"<p>Salarios en Per\u00fa Desde el mes de enero que el tema de la suba de salarios en Per\u00fa se encuentra sobre la mesa, teniendo en cuenta que la inflaci\u00f3n alcanz\u00f3 el 8% de forma interanual en mayo de 2023.&nbsp; A pesar de esto, distintos funcionarios del gobierno y el presidente del Banco Central Reserva de &hellip;<\/p>\n<p class=\"read-more\"> <a class=\"\" href=\"https:\/\/alprestamo.com\/blog\/como-impactara-la-suba-de-salarios-en-peru\/\"> <span class=\"screen-reader-text\">C\u00f3mo impactar\u00e1 la suba de salarios en Per\u00fa<\/span> Leer m\u00e1s &raquo;<\/a><\/p>\n","protected":false},"author":9,"featured_media":23881,"comment_status":"closed","ping_status":"closed","sticky":false,"template":"","format":"standard","meta":{"_uag_custom_page_level_css":"","site-sidebar-layout":"default","site-content-layout":"default","ast-global-header-display":"","ast-banner-title-visibility":"","ast-main-header-display":"","ast-hfb-above-header-display":"","ast-hfb-below-header-display":"","ast-hfb-mobile-header-display":"","site-post-title":"","ast-breadcrumbs-content":"","ast-featured-img":"","footer-sml-layout":"","theme-transparent-header-meta":"","adv-header-id-meta":"","stick-header-meta":"","header-above-stick-meta":"","header-main-stick-meta":"","header-below-stick-meta":"","footnotes":""},"categories":[116,101],"tags":[],"class_list":["post-23877","post","type-post","status-publish","format-standard","has-post-thumbnail","hentry","category-economia-finanzas-pe","category-pe"],"acf":[],"yoast_head":"<!-- This site is optimized with the Yoast SEO plugin v23.2 - https:\/\/yoast.com\/wordpress\/plugins\/seo\/ -->\n<title>C\u00f3mo impactar\u00e1 la suba de salarios en Per\u00fa<\/title>\n<meta name=\"description\" content=\"Salarios en Per\u00fa Desde el mes de enero que el tema de la suba de salarios en Per\u00fa se encuentra sobre la mesa, teniendo en cuenta que la inflaci\u00f3n alcanz\u00f3\" \/>\n<meta name=\"robots\" content=\"index, follow, max-snippet:-1, max-image-preview:large, max-video-preview:-1\" \/>\n<link rel=\"canonical\" href=\"https:\/\/alprestamo.com\/blog\/como-impactara-la-suba-de-salarios-en-peru\/\" \/>\n<meta property=\"og:locale\" content=\"es_ES\" \/>\n<meta property=\"og:type\" content=\"article\" \/>\n<meta property=\"og:title\" content=\"C\u00f3mo impactar\u00e1 la suba de salarios en Per\u00fa\" \/>\n<meta property=\"og:description\" content=\"Salarios en Per\u00fa Desde el mes de enero que el tema de la suba de salarios en Per\u00fa se encuentra sobre la mesa, teniendo en cuenta que la inflaci\u00f3n alcanz\u00f3\" \/>\n<meta property=\"og:url\" content=\"https:\/\/alprestamo.com\/blog\/como-impactara-la-suba-de-salarios-en-peru\/\" \/>\n<meta property=\"og:site_name\" content=\"Alprestamo - Hacemos que todo suceda\" \/>\n<meta property=\"article:published_time\" content=\"2023-06-27T13:02:08+00:00\" \/>\n<meta property=\"article:modified_time\" content=\"2023-09-27T20:22:04+00:00\" \/>\n<meta property=\"og:image\" content=\"https:\/\/alprestamo.com\/blog\/wp-content\/uploads\/2023\/06\/137570461_m_normal_none.jpg\" \/>\n\t<meta property=\"og:image:width\" content=\"2365\" \/>\n\t<meta property=\"og:image:height\" content=\"1774\" \/>\n\t<meta property=\"og:image:type\" content=\"image\/jpeg\" \/>\n<meta name=\"author\" content=\"Ramiro Querejeta\" \/>\n<meta name=\"twitter:card\" content=\"summary_large_image\" \/>\n<meta name=\"twitter:label1\" content=\"Escrito por\" \/>\n\t<meta name=\"twitter:data1\" content=\"Ramiro Querejeta\" \/>\n\t<meta name=\"twitter:label2\" content=\"Tiempo de lectura\" \/>\n\t<meta name=\"twitter:data2\" content=\"2 minutos\" \/>\n<script type=\"application\/ld+json\" class=\"yoast-schema-graph\">{\"@context\":\"https:\/\/schema.org\",\"@graph\":[{\"@type\":\"NewsArticle\",\"@id\":\"https:\/\/alprestamo.com\/blog\/como-impactara-la-suba-de-salarios-en-peru\/#article\",\"isPartOf\":{\"@id\":\"https:\/\/alprestamo.com\/blog\/como-impactara-la-suba-de-salarios-en-peru\/\"},\"author\":{\"name\":\"Ramiro Querejeta\",\"@id\":\"https:\/\/alprestamo.com\/blog\/#\/schema\/person\/4c568603ceb381762b4c9062d42c7627\"},\"headline\":\"C\u00f3mo impactar\u00e1 la suba de salarios en Per\u00fa\",\"datePublished\":\"2023-06-27T13:02:08+00:00\",\"dateModified\":\"2023-09-27T20:22:04+00:00\",\"mainEntityOfPage\":{\"@id\":\"https:\/\/alprestamo.com\/blog\/como-impactara-la-suba-de-salarios-en-peru\/\"},\"wordCount\":395,\"publisher\":{\"@id\":\"https:\/\/alprestamo.com\/blog\/#organization\"},\"image\":{\"@id\":\"https:\/\/alprestamo.com\/blog\/como-impactara-la-suba-de-salarios-en-peru\/#primaryimage\"},\"thumbnailUrl\":\"https:\/\/alprestamo.com\/blog\/wp-content\/uploads\/2023\/06\/137570461_m_normal_none.jpg\",\"articleSection\":[\"Econom\u00eda y finanzas\",\"PE\"],\"inLanguage\":\"es-AR\"},{\"@type\":\"WebPage\",\"@id\":\"https:\/\/alprestamo.com\/blog\/como-impactara-la-suba-de-salarios-en-peru\/\",\"url\":\"https:\/\/alprestamo.com\/blog\/como-impactara-la-suba-de-salarios-en-peru\/\",\"name\":\"C\u00f3mo impactar\u00e1 la suba de salarios en Per\u00fa\",\"isPartOf\":{\"@id\":\"https:\/\/alprestamo.com\/blog\/#website\"},\"primaryImageOfPage\":{\"@id\":\"https:\/\/alprestamo.com\/blog\/como-impactara-la-suba-de-salarios-en-peru\/#primaryimage\"},\"image\":{\"@id\":\"https:\/\/alprestamo.com\/blog\/como-impactara-la-suba-de-salarios-en-peru\/#primaryimage\"},\"thumbnailUrl\":\"https:\/\/alprestamo.com\/blog\/wp-content\/uploads\/2023\/06\/137570461_m_normal_none.jpg\",\"datePublished\":\"2023-06-27T13:02:08+00:00\",\"dateModified\":\"2023-09-27T20:22:04+00:00\",\"description\":\"Salarios en Per\u00fa Desde el mes de enero que el tema de la suba de salarios en Per\u00fa se encuentra sobre la mesa, teniendo en cuenta que la inflaci\u00f3n alcanz\u00f3\",\"breadcrumb\":{\"@id\":\"https:\/\/alprestamo.com\/blog\/como-impactara-la-suba-de-salarios-en-peru\/#breadcrumb\"},\"inLanguage\":\"es-AR\",\"potentialAction\":[{\"@type\":\"ReadAction\",\"target\":[\"https:\/\/alprestamo.com\/blog\/como-impactara-la-suba-de-salarios-en-peru\/\"]}]},{\"@type\":\"ImageObject\",\"inLanguage\":\"es-AR\",\"@id\":\"https:\/\/alprestamo.com\/blog\/como-impactara-la-suba-de-salarios-en-peru\/#primaryimage\",\"url\":\"https:\/\/alprestamo.com\/blog\/wp-content\/uploads\/2023\/06\/137570461_m_normal_none.jpg\",\"contentUrl\":\"https:\/\/alprestamo.com\/blog\/wp-content\/uploads\/2023\/06\/137570461_m_normal_none.jpg\",\"width\":2365,\"height\":1774},{\"@type\":\"BreadcrumbList\",\"@id\":\"https:\/\/alprestamo.com\/blog\/como-impactara-la-suba-de-salarios-en-peru\/#breadcrumb\",\"itemListElement\":[{\"@type\":\"ListItem\",\"position\":1,\"name\":\"Home\",\"item\":\"https:\/\/alprestamo.com\/blog\/\"},{\"@type\":\"ListItem\",\"position\":2,\"name\":\"C\u00f3mo impactar\u00e1 la suba de salarios en Per\u00fa\"}]},{\"@type\":\"WebSite\",\"@id\":\"https:\/\/alprestamo.com\/blog\/#website\",\"url\":\"https:\/\/alprestamo.com\/blog\/\",\"name\":\"Alprestamo\",\"description\":\"Hacemos que todo suceda\",\"publisher\":{\"@id\":\"https:\/\/alprestamo.com\/blog\/#organization\"},\"potentialAction\":[{\"@type\":\"SearchAction\",\"target\":{\"@type\":\"EntryPoint\",\"urlTemplate\":\"https:\/\/alprestamo.com\/blog\/?s={search_term_string}\"},\"query-input\":\"required name=search_term_string\"}],\"inLanguage\":\"es-AR\"},{\"@type\":\"Organization\",\"@id\":\"https:\/\/alprestamo.com\/blog\/#organization\",\"name\":\"Alprestamo\",\"url\":\"https:\/\/alprestamo.com\/blog\/\",\"logo\":{\"@type\":\"ImageObject\",\"inLanguage\":\"es-AR\",\"@id\":\"https:\/\/alprestamo.com\/blog\/#\/schema\/logo\/image\/\",\"url\":\"https:\/\/alprestamo.com\/blog\/wp-content\/uploads\/2022\/10\/Imagotipo_Blanco.svg\",\"contentUrl\":\"https:\/\/alprestamo.com\/blog\/wp-content\/uploads\/2022\/10\/Imagotipo_Blanco.svg\",\"width\":1199,\"height\":203,\"caption\":\"Alprestamo\"},\"image\":{\"@id\":\"https:\/\/alprestamo.com\/blog\/#\/schema\/logo\/image\/\"}},{\"@type\":\"Person\",\"@id\":\"https:\/\/alprestamo.com\/blog\/#\/schema\/person\/4c568603ceb381762b4c9062d42c7627\",\"name\":\"Ramiro Querejeta\",\"image\":{\"@type\":\"ImageObject\",\"inLanguage\":\"es-AR\",\"@id\":\"https:\/\/alprestamo.com\/blog\/#\/schema\/person\/image\/\",\"url\":\"https:\/\/alprestamo.com\/blog\/wp-content\/uploads\/2025\/08\/1688503693490-150x150.jpeg\",\"contentUrl\":\"https:\/\/alprestamo.com\/blog\/wp-content\/uploads\/2025\/08\/1688503693490-150x150.jpeg\",\"caption\":\"Ramiro Querejeta\"},\"url\":\"https:\/\/alprestamo.com\/blog\/author\/ramiro\/\"}]}<\/script>\n<!-- \/ Yoast SEO plugin. -->","yoast_head_json":{"title":"C\u00f3mo impactar\u00e1 la suba de salarios en Per\u00fa","description":"Salarios en Per\u00fa Desde el mes de enero que el tema de la suba de salarios en Per\u00fa se encuentra sobre la mesa, teniendo en cuenta que la inflaci\u00f3n alcanz\u00f3","robots":{"index":"index","follow":"follow","max-snippet":"max-snippet:-1","max-image-preview":"max-image-preview:large","max-video-preview":"max-video-preview:-1"},"canonical":"https:\/\/alprestamo.com\/blog\/como-impactara-la-suba-de-salarios-en-peru\/","og_locale":"es_ES","og_type":"article","og_title":"C\u00f3mo impactar\u00e1 la suba de salarios en Per\u00fa","og_description":"Salarios en Per\u00fa Desde el mes de enero que el tema de la suba de salarios en Per\u00fa se encuentra sobre la mesa, teniendo en cuenta que la inflaci\u00f3n alcanz\u00f3","og_url":"https:\/\/alprestamo.com\/blog\/como-impactara-la-suba-de-salarios-en-peru\/","og_site_name":"Alprestamo - Hacemos que todo suceda","article_published_time":"2023-06-27T13:02:08+00:00","article_modified_time":"2023-09-27T20:22:04+00:00","og_image":[{"width":2365,"height":1774,"url":"https:\/\/alprestamo.com\/blog\/wp-content\/uploads\/2023\/06\/137570461_m_normal_none.jpg","type":"image\/jpeg"}],"author":"Ramiro Querejeta","twitter_card":"summary_large_image","twitter_misc":{"Escrito por":"Ramiro Querejeta","Tiempo de lectura":"2 minutos"},"schema":{"@context":"https:\/\/schema.org","@graph":[{"@type":"NewsArticle","@id":"https:\/\/alprestamo.com\/blog\/como-impactara-la-suba-de-salarios-en-peru\/#article","isPartOf":{"@id":"https:\/\/alprestamo.com\/blog\/como-impactara-la-suba-de-salarios-en-peru\/"},"author":{"name":"Ramiro Querejeta","@id":"https:\/\/alprestamo.com\/blog\/#\/schema\/person\/4c568603ceb381762b4c9062d42c7627"},"headline":"C\u00f3mo impactar\u00e1 la suba de salarios en Per\u00fa","datePublished":"2023-06-27T13:02:08+00:00","dateModified":"2023-09-27T20:22:04+00:00","mainEntityOfPage":{"@id":"https:\/\/alprestamo.com\/blog\/como-impactara-la-suba-de-salarios-en-peru\/"},"wordCount":395,"publisher":{"@id":"https:\/\/alprestamo.com\/blog\/#organization"},"image":{"@id":"https:\/\/alprestamo.com\/blog\/como-impactara-la-suba-de-salarios-en-peru\/#primaryimage"},"thumbnailUrl":"https:\/\/alprestamo.com\/blog\/wp-content\/uploads\/2023\/06\/137570461_m_normal_none.jpg","articleSection":["Econom\u00eda y finanzas","PE"],"inLanguage":"es-AR"},{"@type":"WebPage","@id":"https:\/\/alprestamo.com\/blog\/como-impactara-la-suba-de-salarios-en-peru\/","url":"https:\/\/alprestamo.com\/blog\/como-impactara-la-suba-de-salarios-en-peru\/","name":"C\u00f3mo impactar\u00e1 la suba de salarios en Per\u00fa","isPartOf":{"@id":"https:\/\/alprestamo.com\/blog\/#website"},"primaryImageOfPage":{"@id":"https:\/\/alprestamo.com\/blog\/como-impactara-la-suba-de-salarios-en-peru\/#primaryimage"},"image":{"@id":"https:\/\/alprestamo.com\/blog\/como-impactara-la-suba-de-salarios-en-peru\/#primaryimage"},"thumbnailUrl":"https:\/\/alprestamo.com\/blog\/wp-content\/uploads\/2023\/06\/137570461_m_normal_none.jpg","datePublished":"2023-06-27T13:02:08+00:00","dateModified":"2023-09-27T20:22:04+00:00","description":"Salarios en Per\u00fa Desde el mes de enero que el tema de la suba de salarios en Per\u00fa se encuentra sobre la mesa, teniendo en cuenta que la inflaci\u00f3n alcanz\u00f3","breadcrumb":{"@id":"https:\/\/alprestamo.com\/blog\/como-impactara-la-suba-de-salarios-en-peru\/#breadcrumb"},"inLanguage":"es-AR","potentialAction":[{"@type":"ReadAction","target":["https:\/\/alprestamo.com\/blog\/como-impactara-la-suba-de-salarios-en-peru\/"]}]},{"@type":"ImageObject","inLanguage":"es-AR","@id":"https:\/\/alprestamo.com\/blog\/como-impactara-la-suba-de-salarios-en-peru\/#primaryimage","url":"https:\/\/alprestamo.com\/blog\/wp-content\/uploads\/2023\/06\/137570461_m_normal_none.jpg","contentUrl":"https:\/\/alprestamo.com\/blog\/wp-content\/uploads\/2023\/06\/137570461_m_normal_none.jpg","width":2365,"height":1774},{"@type":"BreadcrumbList","@id":"https:\/\/alprestamo.com\/blog\/como-impactara-la-suba-de-salarios-en-peru\/#breadcrumb","itemListElement":[{"@type":"ListItem","position":1,"name":"Home","item":"https:\/\/alprestamo.com\/blog\/"},{"@type":"ListItem","position":2,"name":"C\u00f3mo impactar\u00e1 la suba de salarios en Per\u00fa"}]},{"@type":"WebSite","@id":"https:\/\/alprestamo.com\/blog\/#website","url":"https:\/\/alprestamo.com\/blog\/","name":"Alprestamo","description":"Hacemos que todo suceda","publisher":{"@id":"https:\/\/alprestamo.com\/blog\/#organization"},"potentialAction":[{"@type":"SearchAction","target":{"@type":"EntryPoint","urlTemplate":"https:\/\/alprestamo.com\/blog\/?s={search_term_string}"},"query-input":"required name=search_term_string"}],"inLanguage":"es-AR"},{"@type":"Organization","@id":"https:\/\/alprestamo.com\/blog\/#organization","name":"Alprestamo","url":"https:\/\/alprestamo.com\/blog\/","logo":{"@type":"ImageObject","inLanguage":"es-AR","@id":"https:\/\/alprestamo.com\/blog\/#\/schema\/logo\/image\/","url":"https:\/\/alprestamo.com\/blog\/wp-content\/uploads\/2022\/10\/Imagotipo_Blanco.svg","contentUrl":"https:\/\/alprestamo.com\/blog\/wp-content\/uploads\/2022\/10\/Imagotipo_Blanco.svg","width":1199,"height":203,"caption":"Alprestamo"},"image":{"@id":"https:\/\/alprestamo.com\/blog\/#\/schema\/logo\/image\/"}},{"@type":"Person","@id":"https:\/\/alprestamo.com\/blog\/#\/schema\/person\/4c568603ceb381762b4c9062d42c7627","name":"Ramiro Querejeta","image":{"@type":"ImageObject","inLanguage":"es-AR","@id":"https:\/\/alprestamo.com\/blog\/#\/schema\/person\/image\/","url":"https:\/\/alprestamo.com\/blog\/wp-content\/uploads\/2025\/08\/1688503693490-150x150.jpeg","contentUrl":"https:\/\/alprestamo.com\/blog\/wp-content\/uploads\/2025\/08\/1688503693490-150x150.jpeg","caption":"Ramiro Querejeta"},"url":"https:\/\/alprestamo.com\/blog\/author\/ramiro\/"}]}},"uagb_featured_image_src":{"full":["https:\/\/alprestamo.com\/blog\/wp-content\/uploads\/2023\/06\/137570461_m_normal_none.jpg",2365,1774,false],"thumbnail":["https:\/\/alprestamo.com\/blog\/wp-content\/uploads\/2023\/06\/137570461_m_normal_none-150x150.jpg",150,150,true],"medium":["https:\/\/alprestamo.com\/blog\/wp-content\/uploads\/2023\/06\/137570461_m_normal_none-300x225.jpg",300,225,true],"medium_large":["https:\/\/alprestamo.com\/blog\/wp-content\/uploads\/2023\/06\/137570461_m_normal_none-768x576.jpg",768,576,true],"large":["https:\/\/alprestamo.com\/blog\/wp-content\/uploads\/2023\/06\/137570461_m_normal_none-1024x768.jpg",1024,768,true],"1536x1536":["https:\/\/alprestamo.com\/blog\/wp-content\/uploads\/2023\/06\/137570461_m_normal_none-1536x1152.jpg",1536,1152,true],"2048x2048":["https:\/\/alprestamo.com\/blog\/wp-content\/uploads\/2023\/06\/137570461_m_normal_none-2048x1536.jpg",2048,1536,true]},"uagb_author_info":{"display_name":"Ramiro Querejeta","author_link":"https:\/\/alprestamo.com\/blog\/author\/ramiro\/"},"uagb_comment_info":0,"uagb_excerpt":"Salarios en Per\u00fa Desde el mes de enero que el tema de la suba de salarios en Per\u00fa se encuentra sobre la mesa, teniendo en cuenta que la inflaci\u00f3n alcanz\u00f3 el 8% de forma interanual en mayo de 2023.&nbsp; A pesar de esto, distintos funcionarios del gobierno y el presidente del Banco Central Reserva de&hellip;","rttpg_featured_image_url":{"full":["https:\/\/alprestamo.com\/blog\/wp-content\/uploads\/2023\/06\/137570461_m_normal_none.jpg",2365,1774,false],"landscape":["https:\/\/alprestamo.com\/blog\/wp-content\/uploads\/2023\/06\/137570461_m_normal_none.jpg",2365,1774,false],"portraits":["https:\/\/alprestamo.com\/blog\/wp-content\/uploads\/2023\/06\/137570461_m_normal_none.jpg",2365,1774,false],"thumbnail":["https:\/\/alprestamo.com\/blog\/wp-content\/uploads\/2023\/06\/137570461_m_normal_none-150x150.jpg",150,150,true],"medium":["https:\/\/alprestamo.com\/blog\/wp-content\/uploads\/2023\/06\/137570461_m_normal_none-300x225.jpg",300,225,true],"large":["https:\/\/alprestamo.com\/blog\/wp-content\/uploads\/2023\/06\/137570461_m_normal_none-1024x768.jpg",1024,768,true],"1536x1536":["https:\/\/alprestamo.com\/blog\/wp-content\/uploads\/2023\/06\/137570461_m_normal_none-1536x1152.jpg",1536,1152,true],"2048x2048":["https:\/\/alprestamo.com\/blog\/wp-content\/uploads\/2023\/06\/137570461_m_normal_none-2048x1536.jpg",2048,1536,true],"rt_custom":["https:\/\/alprestamo.com\/blog\/wp-content\/uploads\/2023\/06\/137570461_m_normal_none.jpg",2365,1774,false]},"rttpg_author":{"display_name":"Ramiro Querejeta","author_link":"https:\/\/alprestamo.com\/blog\/author\/ramiro\/"},"rttpg_comment":0,"rttpg_category":"<a href=\"https:\/\/alprestamo.com\/blog\/categoria\/pe\/economia-finanzas-pe\/\" rel=\"category tag\">Econom\u00eda y finanzas<\/a> <a href=\"https:\/\/alprestamo.com\/blog\/categoria\/pe\/\" rel=\"category tag\">PE<\/a>","rttpg_excerpt":"Salarios en Per\u00fa Desde el mes de enero que el tema de la suba de salarios en Per\u00fa se encuentra sobre la mesa, teniendo en cuenta que la inflaci\u00f3n alcanz\u00f3 el 8% de forma interanual en mayo de 2023.&nbsp; A pesar de esto, distintos funcionarios del gobierno y el presidente del Banco Central Reserva de&hellip;","_links":{"self":[{"href":"https:\/\/alprestamo.com\/blog\/wp-json\/wp\/v2\/posts\/23877"}],"collection":[{"href":"https:\/\/alprestamo.com\/blog\/wp-json\/wp\/v2\/posts"}],"about":[{"href":"https:\/\/alprestamo.com\/blog\/wp-json\/wp\/v2\/types\/post"}],"author":[{"embeddable":true,"href":"https:\/\/alprestamo.com\/blog\/wp-json\/wp\/v2\/users\/9"}],"replies":[{"embeddable":true,"href":"https:\/\/alprestamo.com\/blog\/wp-json\/wp\/v2\/comments?post=23877"}],"version-history":[{"count":6,"href":"https:\/\/alprestamo.com\/blog\/wp-json\/wp\/v2\/posts\/23877\/revisions"}],"predecessor-version":[{"id":30747,"href":"https:\/\/alprestamo.com\/blog\/wp-json\/wp\/v2\/posts\/23877\/revisions\/30747"}],"wp:featuredmedia":[{"embeddable":true,"href":"https:\/\/alprestamo.com\/blog\/wp-json\/wp\/v2\/media\/23881"}],"wp:attachment":[{"href":"https:\/\/alprestamo.com\/blog\/wp-json\/wp\/v2\/media?parent=23877"}],"wp:term":[{"taxonomy":"category","embeddable":true,"href":"https:\/\/alprestamo.com\/blog\/wp-json\/wp\/v2\/categories?post=23877"},{"taxonomy":"post_tag","embeddable":true,"href":"https:\/\/alprestamo.com\/blog\/wp-json\/wp\/v2\/tags?post=23877"}],"curies":[{"name":"wp","href":"https:\/\/api.w.org\/{rel}","templated":true}]}}