{"id":24075,"date":"2023-06-30T11:20:39","date_gmt":"2023-06-30T14:20:39","guid":{"rendered":"https:\/\/alprestamo.com\/blog\/?p=24075"},"modified":"2024-01-23T17:11:35","modified_gmt":"2024-01-23T20:11:35","slug":"proyecto-para-reducir-la-jornada-laboral-en-que-consiste","status":"publish","type":"post","link":"https:\/\/alprestamo.com\/blog\/proyecto-para-reducir-la-jornada-laboral-en-que-consiste\/","title":{"rendered":"Proyecto para reducir la jornada laboral en Uruguay: en qu\u00e9 consiste"},"content":{"rendered":"\n<p>Al considerar que <strong>Uruguay <\/strong>tiene una de las cargas horarias m\u00e1s altas de la regi\u00f3n, parlamentarios del Frente Amplio (FA) presentaron un proyecto para <strong>reducir la jornada laboral<\/strong>.&nbsp;<\/p>\n\n\n\n<p>El debate ya empez\u00f3 a darse en otros pa\u00edses de latinoam\u00e9rica, como Colombia, Brasil y Chile. En el caso de <strong>Uruguay<\/strong>, este busca que la jornada se reduzca de 48 a 40 horas por semana, sin una disminuci\u00f3n del salario. El<strong> Frente Amplio<\/strong> considera que el l\u00edmite m\u00e1ximo semanal es muy extenso y destacaron el desaf\u00edo que trae la aparici\u00f3n de nuevas tecnolog\u00edas y la <strong>Inteligencia Artificial<\/strong> (IA).&nbsp;<\/p>\n\n\n\n<p>En el proyecto, la oposici\u00f3n propone fijar el l\u00edmite diario de la jornada laboral en 8 horas, con un tope de 40 por semana. Esto ser\u00eda para trabajadores de todos los sectores sin una disminuci\u00f3n del <strong>salario <\/strong>que se percibe actualmente, ya sea con remuneraci\u00f3n mensual, semanal o por jornada.&nbsp;<\/p>\n\n\n\n<p>La reducci\u00f3n de la jornada laboral se llevar\u00eda a cabo de forma gradual, por lo que pasar\u00eda de 48 a 46 horas semanales en el primer a\u00f1o despu\u00e9s de aprobada la ley; de 46 a 44 en el segundo a\u00f1o; de 44 a 42 en el tercero; y finalmente de 42 a 40 en el cuarto. El tiempo que supere ese l\u00edmite semanal ser\u00e1 considerado como<strong> horas extras<\/strong>.&nbsp;<\/p>\n\n\n\n<h2 class=\"wp-block-heading\">Qu\u00e8 dice el gobierno de Uruguay sobre reducir la jornada laboral&nbsp;<\/h2>\n\n\n\n<p><strong>Pablo Mieres, ministro de Trabajo y Seguridad Social,<\/strong> destac\u00f3 hace un tiempo que \u201cla posibilidad de una reducci\u00f3n de la jornada laboral debe aceptarse que solo ser\u00e1 posible si se vincula directamente con un aumento de la productividad. Debe definirse con especificidad frente a cada sector de actividad o incluso a cada empresa\u201d. Adem\u00e1s, dijo que \u201clos tiempos de trabajo, su flexibilidad y transformaci\u00f3n no pueden representar una p\u00e9rdida de derechos\u201d.&nbsp;&nbsp;<\/p>\n\n\n\n<p>Por su parte, el <strong>presidente de Uruguay<\/strong>,<strong> Lacalle Pou<\/strong>, dio el visto bueno para un debate acerca de<em> reducir la jornada laboral<\/em>.&nbsp;<\/p>\n","protected":false},"excerpt":{"rendered":"<p>Al considerar que Uruguay tiene una de las cargas horarias m\u00e1s altas de la regi\u00f3n, parlamentarios del Frente Amplio (FA) presentaron un proyecto para reducir la jornada laboral.&nbsp; El debate ya empez\u00f3 a darse en otros pa\u00edses de latinoam\u00e9rica, como Colombia, Brasil y Chile. En el caso de Uruguay, este busca que la jornada se &hellip;<\/p>\n<p class=\"read-more\"> <a class=\"\" href=\"https:\/\/alprestamo.com\/blog\/proyecto-para-reducir-la-jornada-laboral-en-que-consiste\/\"> <span class=\"screen-reader-text\">Proyecto para reducir la jornada laboral en Uruguay: en qu\u00e9 consiste<\/span> Leer m\u00e1s &raquo;<\/a><\/p>\n","protected":false},"author":9,"featured_media":24212,"comment_status":"closed","ping_status":"closed","sticky":false,"template":"","format":"standard","meta":{"_uag_custom_page_level_css":"","site-sidebar-layout":"default","site-content-layout":"default","ast-global-header-display":"","ast-banner-title-visibility":"","ast-main-header-display":"","ast-hfb-above-header-display":"","ast-hfb-below-header-display":"","ast-hfb-mobile-header-display":"","site-post-title":"","ast-breadcrumbs-content":"","ast-featured-img":"","footer-sml-layout":"","theme-transparent-header-meta":"","adv-header-id-meta":"","stick-header-meta":"","header-above-stick-meta":"","header-main-stick-meta":"","header-below-stick-meta":"","footnotes":""},"categories":[125,94],"tags":[],"class_list":["post-24075","post","type-post","status-publish","format-standard","has-post-thumbnail","hentry","category-mundo-laboral-uy","category-uy"],"acf":[],"yoast_head":"<!-- This site is optimized with the Yoast SEO plugin v23.2 - https:\/\/yoast.com\/wordpress\/plugins\/seo\/ -->\n<title>Proyecto para reducir la jornada laboral en Uruguay: en qu\u00e9 consiste<\/title>\n<meta name=\"description\" content=\"Al considerar que Uruguay tiene una de las cargas horarias m\u00e1s altas de la regi\u00f3n, parlamentarios del Frente Amplio (FA) presentaron un proyecto para\" \/>\n<meta name=\"robots\" content=\"index, follow, max-snippet:-1, max-image-preview:large, max-video-preview:-1\" \/>\n<link rel=\"canonical\" href=\"https:\/\/alprestamo.com\/blog\/proyecto-para-reducir-la-jornada-laboral-en-que-consiste\/\" \/>\n<meta property=\"og:locale\" content=\"es_ES\" \/>\n<meta property=\"og:type\" content=\"article\" \/>\n<meta property=\"og:title\" content=\"Proyecto para reducir la jornada laboral en Uruguay: en qu\u00e9 consiste\" \/>\n<meta property=\"og:description\" content=\"Al considerar que Uruguay tiene una de las cargas horarias m\u00e1s altas de la regi\u00f3n, parlamentarios del Frente Amplio (FA) presentaron un proyecto para\" \/>\n<meta property=\"og:url\" content=\"https:\/\/alprestamo.com\/blog\/proyecto-para-reducir-la-jornada-laboral-en-que-consiste\/\" \/>\n<meta property=\"og:site_name\" content=\"Alprestamo - Hacemos que todo suceda\" \/>\n<meta property=\"article:published_time\" content=\"2023-06-30T14:20:39+00:00\" \/>\n<meta property=\"article:modified_time\" content=\"2024-01-23T20:11:35+00:00\" \/>\n<meta property=\"og:image\" content=\"https:\/\/alprestamo.com\/blog\/wp-content\/uploads\/2023\/06\/trabajo-en-uruguay.jpg\" \/>\n\t<meta property=\"og:image:width\" content=\"2508\" \/>\n\t<meta property=\"og:image:height\" content=\"1672\" \/>\n\t<meta property=\"og:image:type\" content=\"image\/jpeg\" \/>\n<meta name=\"author\" content=\"Ramiro Querejeta\" \/>\n<meta name=\"twitter:card\" content=\"summary_large_image\" \/>\n<meta name=\"twitter:label1\" content=\"Escrito por\" \/>\n\t<meta name=\"twitter:data1\" content=\"Ramiro Querejeta\" \/>\n\t<meta name=\"twitter:label2\" content=\"Tiempo de lectura\" \/>\n\t<meta name=\"twitter:data2\" content=\"2 minutos\" \/>\n<script type=\"application\/ld+json\" class=\"yoast-schema-graph\">{\"@context\":\"https:\/\/schema.org\",\"@graph\":[{\"@type\":\"NewsArticle\",\"@id\":\"https:\/\/alprestamo.com\/blog\/proyecto-para-reducir-la-jornada-laboral-en-que-consiste\/#article\",\"isPartOf\":{\"@id\":\"https:\/\/alprestamo.com\/blog\/proyecto-para-reducir-la-jornada-laboral-en-que-consiste\/\"},\"author\":{\"name\":\"Ramiro Querejeta\",\"@id\":\"https:\/\/alprestamo.com\/blog\/#\/schema\/person\/4c568603ceb381762b4c9062d42c7627\"},\"headline\":\"Proyecto para reducir la jornada laboral en Uruguay: en qu\u00e9 consiste\",\"datePublished\":\"2023-06-30T14:20:39+00:00\",\"dateModified\":\"2024-01-23T20:11:35+00:00\",\"mainEntityOfPage\":{\"@id\":\"https:\/\/alprestamo.com\/blog\/proyecto-para-reducir-la-jornada-laboral-en-que-consiste\/\"},\"wordCount\":351,\"publisher\":{\"@id\":\"https:\/\/alprestamo.com\/blog\/#organization\"},\"image\":{\"@id\":\"https:\/\/alprestamo.com\/blog\/proyecto-para-reducir-la-jornada-laboral-en-que-consiste\/#primaryimage\"},\"thumbnailUrl\":\"https:\/\/alprestamo.com\/blog\/wp-content\/uploads\/2023\/06\/trabajo-en-uruguay.jpg\",\"articleSection\":[\"Mundo laboral\",\"UY\"],\"inLanguage\":\"es-AR\"},{\"@type\":\"WebPage\",\"@id\":\"https:\/\/alprestamo.com\/blog\/proyecto-para-reducir-la-jornada-laboral-en-que-consiste\/\",\"url\":\"https:\/\/alprestamo.com\/blog\/proyecto-para-reducir-la-jornada-laboral-en-que-consiste\/\",\"name\":\"Proyecto para reducir la jornada laboral en Uruguay: en qu\u00e9 consiste\",\"isPartOf\":{\"@id\":\"https:\/\/alprestamo.com\/blog\/#website\"},\"primaryImageOfPage\":{\"@id\":\"https:\/\/alprestamo.com\/blog\/proyecto-para-reducir-la-jornada-laboral-en-que-consiste\/#primaryimage\"},\"image\":{\"@id\":\"https:\/\/alprestamo.com\/blog\/proyecto-para-reducir-la-jornada-laboral-en-que-consiste\/#primaryimage\"},\"thumbnailUrl\":\"https:\/\/alprestamo.com\/blog\/wp-content\/uploads\/2023\/06\/trabajo-en-uruguay.jpg\",\"datePublished\":\"2023-06-30T14:20:39+00:00\",\"dateModified\":\"2024-01-23T20:11:35+00:00\",\"description\":\"Al considerar que Uruguay tiene una de las cargas horarias m\u00e1s altas de la regi\u00f3n, parlamentarios del Frente Amplio (FA) presentaron un proyecto para\",\"breadcrumb\":{\"@id\":\"https:\/\/alprestamo.com\/blog\/proyecto-para-reducir-la-jornada-laboral-en-que-consiste\/#breadcrumb\"},\"inLanguage\":\"es-AR\",\"potentialAction\":[{\"@type\":\"ReadAction\",\"target\":[\"https:\/\/alprestamo.com\/blog\/proyecto-para-reducir-la-jornada-laboral-en-que-consiste\/\"]}]},{\"@type\":\"ImageObject\",\"inLanguage\":\"es-AR\",\"@id\":\"https:\/\/alprestamo.com\/blog\/proyecto-para-reducir-la-jornada-laboral-en-que-consiste\/#primaryimage\",\"url\":\"https:\/\/alprestamo.com\/blog\/wp-content\/uploads\/2023\/06\/trabajo-en-uruguay.jpg\",\"contentUrl\":\"https:\/\/alprestamo.com\/blog\/wp-content\/uploads\/2023\/06\/trabajo-en-uruguay.jpg\",\"width\":2508,\"height\":1672},{\"@type\":\"BreadcrumbList\",\"@id\":\"https:\/\/alprestamo.com\/blog\/proyecto-para-reducir-la-jornada-laboral-en-que-consiste\/#breadcrumb\",\"itemListElement\":[{\"@type\":\"ListItem\",\"position\":1,\"name\":\"Home\",\"item\":\"https:\/\/alprestamo.com\/blog\/\"},{\"@type\":\"ListItem\",\"position\":2,\"name\":\"Proyecto para reducir la jornada laboral en Uruguay: en qu\u00e9 consiste\"}]},{\"@type\":\"WebSite\",\"@id\":\"https:\/\/alprestamo.com\/blog\/#website\",\"url\":\"https:\/\/alprestamo.com\/blog\/\",\"name\":\"Alprestamo\",\"description\":\"Hacemos que todo suceda\",\"publisher\":{\"@id\":\"https:\/\/alprestamo.com\/blog\/#organization\"},\"potentialAction\":[{\"@type\":\"SearchAction\",\"target\":{\"@type\":\"EntryPoint\",\"urlTemplate\":\"https:\/\/alprestamo.com\/blog\/?s={search_term_string}\"},\"query-input\":\"required name=search_term_string\"}],\"inLanguage\":\"es-AR\"},{\"@type\":\"Organization\",\"@id\":\"https:\/\/alprestamo.com\/blog\/#organization\",\"name\":\"Alprestamo\",\"url\":\"https:\/\/alprestamo.com\/blog\/\",\"logo\":{\"@type\":\"ImageObject\",\"inLanguage\":\"es-AR\",\"@id\":\"https:\/\/alprestamo.com\/blog\/#\/schema\/logo\/image\/\",\"url\":\"https:\/\/alprestamo.com\/blog\/wp-content\/uploads\/2022\/10\/Imagotipo_Blanco.svg\",\"contentUrl\":\"https:\/\/alprestamo.com\/blog\/wp-content\/uploads\/2022\/10\/Imagotipo_Blanco.svg\",\"width\":1199,\"height\":203,\"caption\":\"Alprestamo\"},\"image\":{\"@id\":\"https:\/\/alprestamo.com\/blog\/#\/schema\/logo\/image\/\"}},{\"@type\":\"Person\",\"@id\":\"https:\/\/alprestamo.com\/blog\/#\/schema\/person\/4c568603ceb381762b4c9062d42c7627\",\"name\":\"Ramiro Querejeta\",\"image\":{\"@type\":\"ImageObject\",\"inLanguage\":\"es-AR\",\"@id\":\"https:\/\/alprestamo.com\/blog\/#\/schema\/person\/image\/\",\"url\":\"https:\/\/alprestamo.com\/blog\/wp-content\/uploads\/2025\/08\/1688503693490-150x150.jpeg\",\"contentUrl\":\"https:\/\/alprestamo.com\/blog\/wp-content\/uploads\/2025\/08\/1688503693490-150x150.jpeg\",\"caption\":\"Ramiro Querejeta\"},\"url\":\"https:\/\/alprestamo.com\/blog\/author\/ramiro\/\"}]}<\/script>\n<!-- \/ Yoast SEO plugin. -->","yoast_head_json":{"title":"Proyecto para reducir la jornada laboral en Uruguay: en qu\u00e9 consiste","description":"Al considerar que Uruguay tiene una de las cargas horarias m\u00e1s altas de la regi\u00f3n, parlamentarios del Frente Amplio (FA) presentaron un proyecto para","robots":{"index":"index","follow":"follow","max-snippet":"max-snippet:-1","max-image-preview":"max-image-preview:large","max-video-preview":"max-video-preview:-1"},"canonical":"https:\/\/alprestamo.com\/blog\/proyecto-para-reducir-la-jornada-laboral-en-que-consiste\/","og_locale":"es_ES","og_type":"article","og_title":"Proyecto para reducir la jornada laboral en Uruguay: en qu\u00e9 consiste","og_description":"Al considerar que Uruguay tiene una de las cargas horarias m\u00e1s altas de la regi\u00f3n, parlamentarios del Frente Amplio (FA) presentaron un proyecto para","og_url":"https:\/\/alprestamo.com\/blog\/proyecto-para-reducir-la-jornada-laboral-en-que-consiste\/","og_site_name":"Alprestamo - Hacemos que todo suceda","article_published_time":"2023-06-30T14:20:39+00:00","article_modified_time":"2024-01-23T20:11:35+00:00","og_image":[{"width":2508,"height":1672,"url":"https:\/\/alprestamo.com\/blog\/wp-content\/uploads\/2023\/06\/trabajo-en-uruguay.jpg","type":"image\/jpeg"}],"author":"Ramiro Querejeta","twitter_card":"summary_large_image","twitter_misc":{"Escrito por":"Ramiro Querejeta","Tiempo de lectura":"2 minutos"},"schema":{"@context":"https:\/\/schema.org","@graph":[{"@type":"NewsArticle","@id":"https:\/\/alprestamo.com\/blog\/proyecto-para-reducir-la-jornada-laboral-en-que-consiste\/#article","isPartOf":{"@id":"https:\/\/alprestamo.com\/blog\/proyecto-para-reducir-la-jornada-laboral-en-que-consiste\/"},"author":{"name":"Ramiro Querejeta","@id":"https:\/\/alprestamo.com\/blog\/#\/schema\/person\/4c568603ceb381762b4c9062d42c7627"},"headline":"Proyecto para reducir la jornada laboral en Uruguay: en qu\u00e9 consiste","datePublished":"2023-06-30T14:20:39+00:00","dateModified":"2024-01-23T20:11:35+00:00","mainEntityOfPage":{"@id":"https:\/\/alprestamo.com\/blog\/proyecto-para-reducir-la-jornada-laboral-en-que-consiste\/"},"wordCount":351,"publisher":{"@id":"https:\/\/alprestamo.com\/blog\/#organization"},"image":{"@id":"https:\/\/alprestamo.com\/blog\/proyecto-para-reducir-la-jornada-laboral-en-que-consiste\/#primaryimage"},"thumbnailUrl":"https:\/\/alprestamo.com\/blog\/wp-content\/uploads\/2023\/06\/trabajo-en-uruguay.jpg","articleSection":["Mundo laboral","UY"],"inLanguage":"es-AR"},{"@type":"WebPage","@id":"https:\/\/alprestamo.com\/blog\/proyecto-para-reducir-la-jornada-laboral-en-que-consiste\/","url":"https:\/\/alprestamo.com\/blog\/proyecto-para-reducir-la-jornada-laboral-en-que-consiste\/","name":"Proyecto para reducir la jornada laboral en Uruguay: en qu\u00e9 consiste","isPartOf":{"@id":"https:\/\/alprestamo.com\/blog\/#website"},"primaryImageOfPage":{"@id":"https:\/\/alprestamo.com\/blog\/proyecto-para-reducir-la-jornada-laboral-en-que-consiste\/#primaryimage"},"image":{"@id":"https:\/\/alprestamo.com\/blog\/proyecto-para-reducir-la-jornada-laboral-en-que-consiste\/#primaryimage"},"thumbnailUrl":"https:\/\/alprestamo.com\/blog\/wp-content\/uploads\/2023\/06\/trabajo-en-uruguay.jpg","datePublished":"2023-06-30T14:20:39+00:00","dateModified":"2024-01-23T20:11:35+00:00","description":"Al considerar que Uruguay tiene una de las cargas horarias m\u00e1s altas de la regi\u00f3n, parlamentarios del Frente Amplio (FA) presentaron un proyecto para","breadcrumb":{"@id":"https:\/\/alprestamo.com\/blog\/proyecto-para-reducir-la-jornada-laboral-en-que-consiste\/#breadcrumb"},"inLanguage":"es-AR","potentialAction":[{"@type":"ReadAction","target":["https:\/\/alprestamo.com\/blog\/proyecto-para-reducir-la-jornada-laboral-en-que-consiste\/"]}]},{"@type":"ImageObject","inLanguage":"es-AR","@id":"https:\/\/alprestamo.com\/blog\/proyecto-para-reducir-la-jornada-laboral-en-que-consiste\/#primaryimage","url":"https:\/\/alprestamo.com\/blog\/wp-content\/uploads\/2023\/06\/trabajo-en-uruguay.jpg","contentUrl":"https:\/\/alprestamo.com\/blog\/wp-content\/uploads\/2023\/06\/trabajo-en-uruguay.jpg","width":2508,"height":1672},{"@type":"BreadcrumbList","@id":"https:\/\/alprestamo.com\/blog\/proyecto-para-reducir-la-jornada-laboral-en-que-consiste\/#breadcrumb","itemListElement":[{"@type":"ListItem","position":1,"name":"Home","item":"https:\/\/alprestamo.com\/blog\/"},{"@type":"ListItem","position":2,"name":"Proyecto para reducir la jornada laboral en Uruguay: en qu\u00e9 consiste"}]},{"@type":"WebSite","@id":"https:\/\/alprestamo.com\/blog\/#website","url":"https:\/\/alprestamo.com\/blog\/","name":"Alprestamo","description":"Hacemos que todo suceda","publisher":{"@id":"https:\/\/alprestamo.com\/blog\/#organization"},"potentialAction":[{"@type":"SearchAction","target":{"@type":"EntryPoint","urlTemplate":"https:\/\/alprestamo.com\/blog\/?s={search_term_string}"},"query-input":"required name=search_term_string"}],"inLanguage":"es-AR"},{"@type":"Organization","@id":"https:\/\/alprestamo.com\/blog\/#organization","name":"Alprestamo","url":"https:\/\/alprestamo.com\/blog\/","logo":{"@type":"ImageObject","inLanguage":"es-AR","@id":"https:\/\/alprestamo.com\/blog\/#\/schema\/logo\/image\/","url":"https:\/\/alprestamo.com\/blog\/wp-content\/uploads\/2022\/10\/Imagotipo_Blanco.svg","contentUrl":"https:\/\/alprestamo.com\/blog\/wp-content\/uploads\/2022\/10\/Imagotipo_Blanco.svg","width":1199,"height":203,"caption":"Alprestamo"},"image":{"@id":"https:\/\/alprestamo.com\/blog\/#\/schema\/logo\/image\/"}},{"@type":"Person","@id":"https:\/\/alprestamo.com\/blog\/#\/schema\/person\/4c568603ceb381762b4c9062d42c7627","name":"Ramiro Querejeta","image":{"@type":"ImageObject","inLanguage":"es-AR","@id":"https:\/\/alprestamo.com\/blog\/#\/schema\/person\/image\/","url":"https:\/\/alprestamo.com\/blog\/wp-content\/uploads\/2025\/08\/1688503693490-150x150.jpeg","contentUrl":"https:\/\/alprestamo.com\/blog\/wp-content\/uploads\/2025\/08\/1688503693490-150x150.jpeg","caption":"Ramiro Querejeta"},"url":"https:\/\/alprestamo.com\/blog\/author\/ramiro\/"}]}},"uagb_featured_image_src":{"full":["https:\/\/alprestamo.com\/blog\/wp-content\/uploads\/2023\/06\/trabajo-en-uruguay.jpg",2508,1672,false],"thumbnail":["https:\/\/alprestamo.com\/blog\/wp-content\/uploads\/2023\/06\/trabajo-en-uruguay-150x150.jpg",150,150,true],"medium":["https:\/\/alprestamo.com\/blog\/wp-content\/uploads\/2023\/06\/trabajo-en-uruguay-300x200.jpg",300,200,true],"medium_large":["https:\/\/alprestamo.com\/blog\/wp-content\/uploads\/2023\/06\/trabajo-en-uruguay-768x512.jpg",768,512,true],"large":["https:\/\/alprestamo.com\/blog\/wp-content\/uploads\/2023\/06\/trabajo-en-uruguay-1024x683.jpg",1024,683,true],"1536x1536":["https:\/\/alprestamo.com\/blog\/wp-content\/uploads\/2023\/06\/trabajo-en-uruguay-1536x1024.jpg",1536,1024,true],"2048x2048":["https:\/\/alprestamo.com\/blog\/wp-content\/uploads\/2023\/06\/trabajo-en-uruguay-2048x1365.jpg",2048,1365,true]},"uagb_author_info":{"display_name":"Ramiro Querejeta","author_link":"https:\/\/alprestamo.com\/blog\/author\/ramiro\/"},"uagb_comment_info":0,"uagb_excerpt":"Al considerar que Uruguay tiene una de las cargas horarias m\u00e1s altas de la regi\u00f3n, parlamentarios del Frente Amplio (FA) presentaron un proyecto para reducir la jornada laboral.&nbsp; El debate ya empez\u00f3 a darse en otros pa\u00edses de latinoam\u00e9rica, como Colombia, Brasil y Chile. En el caso de Uruguay, este busca que la jornada se&hellip;","rttpg_featured_image_url":{"full":["https:\/\/alprestamo.com\/blog\/wp-content\/uploads\/2023\/06\/trabajo-en-uruguay.jpg",2508,1672,false],"landscape":["https:\/\/alprestamo.com\/blog\/wp-content\/uploads\/2023\/06\/trabajo-en-uruguay.jpg",2508,1672,false],"portraits":["https:\/\/alprestamo.com\/blog\/wp-content\/uploads\/2023\/06\/trabajo-en-uruguay.jpg",2508,1672,false],"thumbnail":["https:\/\/alprestamo.com\/blog\/wp-content\/uploads\/2023\/06\/trabajo-en-uruguay-150x150.jpg",150,150,true],"medium":["https:\/\/alprestamo.com\/blog\/wp-content\/uploads\/2023\/06\/trabajo-en-uruguay-300x200.jpg",300,200,true],"large":["https:\/\/alprestamo.com\/blog\/wp-content\/uploads\/2023\/06\/trabajo-en-uruguay-1024x683.jpg",1024,683,true],"1536x1536":["https:\/\/alprestamo.com\/blog\/wp-content\/uploads\/2023\/06\/trabajo-en-uruguay-1536x1024.jpg",1536,1024,true],"2048x2048":["https:\/\/alprestamo.com\/blog\/wp-content\/uploads\/2023\/06\/trabajo-en-uruguay-2048x1365.jpg",2048,1365,true],"rt_custom":["https:\/\/alprestamo.com\/blog\/wp-content\/uploads\/2023\/06\/trabajo-en-uruguay.jpg",2508,1672,false]},"rttpg_author":{"display_name":"Ramiro Querejeta","author_link":"https:\/\/alprestamo.com\/blog\/author\/ramiro\/"},"rttpg_comment":0,"rttpg_category":"<a href=\"https:\/\/alprestamo.com\/blog\/categoria\/uy\/mundo-laboral-uy\/\" rel=\"category tag\">Mundo laboral<\/a> <a href=\"https:\/\/alprestamo.com\/blog\/categoria\/uy\/\" rel=\"category tag\">UY<\/a>","rttpg_excerpt":"Al considerar que Uruguay tiene una de las cargas horarias m\u00e1s altas de la regi\u00f3n, parlamentarios del Frente Amplio (FA) presentaron un proyecto para reducir la jornada laboral.&nbsp; El debate ya empez\u00f3 a darse en otros pa\u00edses de latinoam\u00e9rica, como Colombia, Brasil y Chile. En el caso de Uruguay, este busca que la jornada se&hellip;","_links":{"self":[{"href":"https:\/\/alprestamo.com\/blog\/wp-json\/wp\/v2\/posts\/24075"}],"collection":[{"href":"https:\/\/alprestamo.com\/blog\/wp-json\/wp\/v2\/posts"}],"about":[{"href":"https:\/\/alprestamo.com\/blog\/wp-json\/wp\/v2\/types\/post"}],"author":[{"embeddable":true,"href":"https:\/\/alprestamo.com\/blog\/wp-json\/wp\/v2\/users\/9"}],"replies":[{"embeddable":true,"href":"https:\/\/alprestamo.com\/blog\/wp-json\/wp\/v2\/comments?post=24075"}],"version-history":[{"count":6,"href":"https:\/\/alprestamo.com\/blog\/wp-json\/wp\/v2\/posts\/24075\/revisions"}],"predecessor-version":[{"id":36416,"href":"https:\/\/alprestamo.com\/blog\/wp-json\/wp\/v2\/posts\/24075\/revisions\/36416"}],"wp:featuredmedia":[{"embeddable":true,"href":"https:\/\/alprestamo.com\/blog\/wp-json\/wp\/v2\/media\/24212"}],"wp:attachment":[{"href":"https:\/\/alprestamo.com\/blog\/wp-json\/wp\/v2\/media?parent=24075"}],"wp:term":[{"taxonomy":"category","embeddable":true,"href":"https:\/\/alprestamo.com\/blog\/wp-json\/wp\/v2\/categories?post=24075"},{"taxonomy":"post_tag","embeddable":true,"href":"https:\/\/alprestamo.com\/blog\/wp-json\/wp\/v2\/tags?post=24075"}],"curies":[{"name":"wp","href":"https:\/\/api.w.org\/{rel}","templated":true}]}}