{"id":24315,"date":"2023-07-03T15:39:13","date_gmt":"2023-07-03T18:39:13","guid":{"rendered":"https:\/\/alprestamo.com\/blog\/?p=24315"},"modified":"2023-09-27T17:28:20","modified_gmt":"2023-09-27T20:28:20","slug":"nuevo-proyecto-de-ley-de-contrataciones-del-estado-en-peru","status":"publish","type":"post","link":"https:\/\/alprestamo.com\/blog\/nuevo-proyecto-de-ley-de-contrataciones-del-estado-en-peru\/","title":{"rendered":"Nuevo proyecto de Ley de Contrataciones del Estado en Per\u00fa"},"content":{"rendered":"\n<p><\/p>\n\n\n\n<p>El Poder Ejecutivo de Per\u00fa envi\u00f3 al Congreso un nuevo proyecto de Ley de <strong>Contrataciones del Estado<\/strong>, con el fin de unificar y mejorar la gesti\u00f3n de incorporaciones estatales a trav\u00e9s del r\u00e9gimen de contrataci\u00f3n p\u00fablica. Esto pasa por determinar que la gesti\u00f3n de los funcionarios del Sistema Nacional de Adquisiciones tiene que basarse en resultados.&nbsp;<\/p>\n\n\n\n<h2 class=\"wp-block-heading\">Qu\u00e9 busca el proyecto de Contrataciones del Estado&nbsp;<\/h2>\n\n\n\n<p>Esta propuesta busca incluir en las contrataciones del Estado los principios de colaboraci\u00f3n, innovaci\u00f3n y valor por dinero. La innovaci\u00f3n le permitiria a los contratantes impulsar la generaci\u00f3n de soluciones, crear y desarrollar bienes, servicios y obras.&nbsp;<\/p>\n\n\n\n<p>El valor del dinero se refiere a que las entidades p\u00fablicas lleven a maximizar el valor que obtienen en cada contrataci\u00f3n que realizan y en eficiencia, eficacia y econom\u00eda.&nbsp;<\/p>\n\n\n\n<p>Tambi\u00e9n se propone que el proyecto incorpore a los procesos de contrataci\u00f3n la gesti\u00f3n de riesgos, apuntando que las entidades deben identificarlos con an\u00e1lisis y monitoreo.&nbsp;<\/p>\n\n\n\n<p>A su vez, se pretende fortalecer el rol del <strong>Organismo Supervisor de las Contrataciones del Estado<\/strong> (<strong>OSCE<\/strong>) para que la entidad p\u00fablica mejore su gesti\u00f3n, mediante medidas correctivas, validando procesos o suspendiendolos.&nbsp;<\/p>\n\n\n\n<h2 class=\"wp-block-heading\">Razones para el nuevo proyecto de ley&nbsp;<\/h2>\n\n\n\n<p>El gobierno de Per\u00fa considera necesario un nuevo marco legal para las <em>contrataciones del Estado, <\/em>ya que<em> <\/em>cada vez se registran nuevos bajos niveles de competencia en los procedimientos de selecci\u00f3n. As\u00ed fue que en 2022 disminuyeron considerablemente estos concursos.&nbsp;<\/p>\n\n\n\n<p>Tambi\u00e9n se detect\u00f3 que existe una tard\u00eda atenci\u00f3n de las necesidades del Estado al convocar estas licitaciones o contrataciones, como en diversas obras en los tres niveles de gobierno. Esto implica proyectos de servicios de agua potable, construcci\u00f3n de pistas, veredas y mejoramiento de los servicios educativos.&nbsp;<\/p>\n","protected":false},"excerpt":{"rendered":"<p>El Poder Ejecutivo de Per\u00fa envi\u00f3 al Congreso un nuevo proyecto de Ley de Contrataciones del Estado, con el fin de unificar y mejorar la gesti\u00f3n de incorporaciones estatales a trav\u00e9s del r\u00e9gimen de contrataci\u00f3n p\u00fablica. Esto pasa por determinar que la gesti\u00f3n de los funcionarios del Sistema Nacional de Adquisiciones tiene que basarse en &hellip;<\/p>\n<p class=\"read-more\"> <a class=\"\" href=\"https:\/\/alprestamo.com\/blog\/nuevo-proyecto-de-ley-de-contrataciones-del-estado-en-peru\/\"> <span class=\"screen-reader-text\">Nuevo proyecto de Ley de Contrataciones del Estado en Per\u00fa<\/span> Leer m\u00e1s &raquo;<\/a><\/p>\n","protected":false},"author":9,"featured_media":24318,"comment_status":"closed","ping_status":"closed","sticky":false,"template":"","format":"standard","meta":{"_uag_custom_page_level_css":"","site-sidebar-layout":"default","site-content-layout":"default","ast-global-header-display":"","ast-banner-title-visibility":"","ast-main-header-display":"","ast-hfb-above-header-display":"","ast-hfb-below-header-display":"","ast-hfb-mobile-header-display":"","site-post-title":"","ast-breadcrumbs-content":"","ast-featured-img":"","footer-sml-layout":"","theme-transparent-header-meta":"","adv-header-id-meta":"","stick-header-meta":"","header-above-stick-meta":"","header-main-stick-meta":"","header-below-stick-meta":"","footnotes":""},"categories":[105,101],"tags":[],"class_list":["post-24315","post","type-post","status-publish","format-standard","has-post-thumbnail","hentry","category-mundo-laboral-pe","category-pe"],"acf":[],"yoast_head":"<!-- This site is optimized with the Yoast SEO plugin v23.2 - https:\/\/yoast.com\/wordpress\/plugins\/seo\/ -->\n<title>Nuevo proyecto de Ley de Contrataciones del Estado en Per\u00fa<\/title>\n<meta name=\"description\" content=\"El Poder Ejecutivo de Per\u00fa envi\u00f3 al Congreso un nuevo proyecto de Ley de Contrataciones del Estado, con el fin de unificar y mejorar la gesti\u00f3n de\" \/>\n<meta name=\"robots\" content=\"index, follow, max-snippet:-1, max-image-preview:large, max-video-preview:-1\" \/>\n<link rel=\"canonical\" href=\"https:\/\/alprestamo.com\/blog\/nuevo-proyecto-de-ley-de-contrataciones-del-estado-en-peru\/\" \/>\n<meta property=\"og:locale\" content=\"es_ES\" \/>\n<meta property=\"og:type\" content=\"article\" \/>\n<meta property=\"og:title\" content=\"Nuevo proyecto de Ley de Contrataciones del Estado en Per\u00fa\" \/>\n<meta property=\"og:description\" content=\"El Poder Ejecutivo de Per\u00fa envi\u00f3 al Congreso un nuevo proyecto de Ley de Contrataciones del Estado, con el fin de unificar y mejorar la gesti\u00f3n de\" \/>\n<meta property=\"og:url\" content=\"https:\/\/alprestamo.com\/blog\/nuevo-proyecto-de-ley-de-contrataciones-del-estado-en-peru\/\" \/>\n<meta property=\"og:site_name\" content=\"Alprestamo - Hacemos que todo suceda\" \/>\n<meta property=\"article:published_time\" content=\"2023-07-03T18:39:13+00:00\" \/>\n<meta property=\"article:modified_time\" content=\"2023-09-27T20:28:20+00:00\" \/>\n<meta property=\"og:image\" content=\"https:\/\/alprestamo.com\/blog\/wp-content\/uploads\/2023\/07\/51902245_m_normal_none.jpg\" \/>\n\t<meta property=\"og:image:width\" content=\"2508\" \/>\n\t<meta property=\"og:image:height\" content=\"1672\" \/>\n\t<meta property=\"og:image:type\" content=\"image\/jpeg\" \/>\n<meta name=\"author\" content=\"Ramiro Querejeta\" \/>\n<meta name=\"twitter:card\" content=\"summary_large_image\" \/>\n<meta name=\"twitter:label1\" content=\"Escrito por\" \/>\n\t<meta name=\"twitter:data1\" content=\"Ramiro Querejeta\" \/>\n\t<meta name=\"twitter:label2\" content=\"Tiempo de lectura\" \/>\n\t<meta name=\"twitter:data2\" content=\"2 minutos\" \/>\n<script type=\"application\/ld+json\" class=\"yoast-schema-graph\">{\"@context\":\"https:\/\/schema.org\",\"@graph\":[{\"@type\":\"NewsArticle\",\"@id\":\"https:\/\/alprestamo.com\/blog\/nuevo-proyecto-de-ley-de-contrataciones-del-estado-en-peru\/#article\",\"isPartOf\":{\"@id\":\"https:\/\/alprestamo.com\/blog\/nuevo-proyecto-de-ley-de-contrataciones-del-estado-en-peru\/\"},\"author\":{\"name\":\"Ramiro Querejeta\",\"@id\":\"https:\/\/alprestamo.com\/blog\/#\/schema\/person\/4c568603ceb381762b4c9062d42c7627\"},\"headline\":\"Nuevo proyecto de Ley de Contrataciones del Estado en Per\u00fa\",\"datePublished\":\"2023-07-03T18:39:13+00:00\",\"dateModified\":\"2023-09-27T20:28:20+00:00\",\"mainEntityOfPage\":{\"@id\":\"https:\/\/alprestamo.com\/blog\/nuevo-proyecto-de-ley-de-contrataciones-del-estado-en-peru\/\"},\"wordCount\":324,\"publisher\":{\"@id\":\"https:\/\/alprestamo.com\/blog\/#organization\"},\"image\":{\"@id\":\"https:\/\/alprestamo.com\/blog\/nuevo-proyecto-de-ley-de-contrataciones-del-estado-en-peru\/#primaryimage\"},\"thumbnailUrl\":\"https:\/\/alprestamo.com\/blog\/wp-content\/uploads\/2023\/07\/51902245_m_normal_none.jpg\",\"articleSection\":[\"Mundo laboral\",\"PE\"],\"inLanguage\":\"es-AR\"},{\"@type\":\"WebPage\",\"@id\":\"https:\/\/alprestamo.com\/blog\/nuevo-proyecto-de-ley-de-contrataciones-del-estado-en-peru\/\",\"url\":\"https:\/\/alprestamo.com\/blog\/nuevo-proyecto-de-ley-de-contrataciones-del-estado-en-peru\/\",\"name\":\"Nuevo proyecto de Ley de Contrataciones del Estado en Per\u00fa\",\"isPartOf\":{\"@id\":\"https:\/\/alprestamo.com\/blog\/#website\"},\"primaryImageOfPage\":{\"@id\":\"https:\/\/alprestamo.com\/blog\/nuevo-proyecto-de-ley-de-contrataciones-del-estado-en-peru\/#primaryimage\"},\"image\":{\"@id\":\"https:\/\/alprestamo.com\/blog\/nuevo-proyecto-de-ley-de-contrataciones-del-estado-en-peru\/#primaryimage\"},\"thumbnailUrl\":\"https:\/\/alprestamo.com\/blog\/wp-content\/uploads\/2023\/07\/51902245_m_normal_none.jpg\",\"datePublished\":\"2023-07-03T18:39:13+00:00\",\"dateModified\":\"2023-09-27T20:28:20+00:00\",\"description\":\"El Poder Ejecutivo de Per\u00fa envi\u00f3 al Congreso un nuevo proyecto de Ley de Contrataciones del Estado, con el fin de unificar y mejorar la gesti\u00f3n de\",\"breadcrumb\":{\"@id\":\"https:\/\/alprestamo.com\/blog\/nuevo-proyecto-de-ley-de-contrataciones-del-estado-en-peru\/#breadcrumb\"},\"inLanguage\":\"es-AR\",\"potentialAction\":[{\"@type\":\"ReadAction\",\"target\":[\"https:\/\/alprestamo.com\/blog\/nuevo-proyecto-de-ley-de-contrataciones-del-estado-en-peru\/\"]}]},{\"@type\":\"ImageObject\",\"inLanguage\":\"es-AR\",\"@id\":\"https:\/\/alprestamo.com\/blog\/nuevo-proyecto-de-ley-de-contrataciones-del-estado-en-peru\/#primaryimage\",\"url\":\"https:\/\/alprestamo.com\/blog\/wp-content\/uploads\/2023\/07\/51902245_m_normal_none.jpg\",\"contentUrl\":\"https:\/\/alprestamo.com\/blog\/wp-content\/uploads\/2023\/07\/51902245_m_normal_none.jpg\",\"width\":2508,\"height\":1672},{\"@type\":\"BreadcrumbList\",\"@id\":\"https:\/\/alprestamo.com\/blog\/nuevo-proyecto-de-ley-de-contrataciones-del-estado-en-peru\/#breadcrumb\",\"itemListElement\":[{\"@type\":\"ListItem\",\"position\":1,\"name\":\"Home\",\"item\":\"https:\/\/alprestamo.com\/blog\/\"},{\"@type\":\"ListItem\",\"position\":2,\"name\":\"Nuevo proyecto de Ley de Contrataciones del Estado en Per\u00fa\"}]},{\"@type\":\"WebSite\",\"@id\":\"https:\/\/alprestamo.com\/blog\/#website\",\"url\":\"https:\/\/alprestamo.com\/blog\/\",\"name\":\"Alprestamo\",\"description\":\"Hacemos que todo suceda\",\"publisher\":{\"@id\":\"https:\/\/alprestamo.com\/blog\/#organization\"},\"potentialAction\":[{\"@type\":\"SearchAction\",\"target\":{\"@type\":\"EntryPoint\",\"urlTemplate\":\"https:\/\/alprestamo.com\/blog\/?s={search_term_string}\"},\"query-input\":\"required name=search_term_string\"}],\"inLanguage\":\"es-AR\"},{\"@type\":\"Organization\",\"@id\":\"https:\/\/alprestamo.com\/blog\/#organization\",\"name\":\"Alprestamo\",\"url\":\"https:\/\/alprestamo.com\/blog\/\",\"logo\":{\"@type\":\"ImageObject\",\"inLanguage\":\"es-AR\",\"@id\":\"https:\/\/alprestamo.com\/blog\/#\/schema\/logo\/image\/\",\"url\":\"https:\/\/alprestamo.com\/blog\/wp-content\/uploads\/2022\/10\/Imagotipo_Blanco.svg\",\"contentUrl\":\"https:\/\/alprestamo.com\/blog\/wp-content\/uploads\/2022\/10\/Imagotipo_Blanco.svg\",\"width\":1199,\"height\":203,\"caption\":\"Alprestamo\"},\"image\":{\"@id\":\"https:\/\/alprestamo.com\/blog\/#\/schema\/logo\/image\/\"}},{\"@type\":\"Person\",\"@id\":\"https:\/\/alprestamo.com\/blog\/#\/schema\/person\/4c568603ceb381762b4c9062d42c7627\",\"name\":\"Ramiro Querejeta\",\"image\":{\"@type\":\"ImageObject\",\"inLanguage\":\"es-AR\",\"@id\":\"https:\/\/alprestamo.com\/blog\/#\/schema\/person\/image\/\",\"url\":\"https:\/\/alprestamo.com\/blog\/wp-content\/uploads\/2025\/08\/1688503693490-150x150.jpeg\",\"contentUrl\":\"https:\/\/alprestamo.com\/blog\/wp-content\/uploads\/2025\/08\/1688503693490-150x150.jpeg\",\"caption\":\"Ramiro Querejeta\"},\"url\":\"https:\/\/alprestamo.com\/blog\/author\/ramiro\/\"}]}<\/script>\n<!-- \/ Yoast SEO plugin. -->","yoast_head_json":{"title":"Nuevo proyecto de Ley de Contrataciones del Estado en Per\u00fa","description":"El Poder Ejecutivo de Per\u00fa envi\u00f3 al Congreso un nuevo proyecto de Ley de Contrataciones del Estado, con el fin de unificar y mejorar la gesti\u00f3n de","robots":{"index":"index","follow":"follow","max-snippet":"max-snippet:-1","max-image-preview":"max-image-preview:large","max-video-preview":"max-video-preview:-1"},"canonical":"https:\/\/alprestamo.com\/blog\/nuevo-proyecto-de-ley-de-contrataciones-del-estado-en-peru\/","og_locale":"es_ES","og_type":"article","og_title":"Nuevo proyecto de Ley de Contrataciones del Estado en Per\u00fa","og_description":"El Poder Ejecutivo de Per\u00fa envi\u00f3 al Congreso un nuevo proyecto de Ley de Contrataciones del Estado, con el fin de unificar y mejorar la gesti\u00f3n de","og_url":"https:\/\/alprestamo.com\/blog\/nuevo-proyecto-de-ley-de-contrataciones-del-estado-en-peru\/","og_site_name":"Alprestamo - Hacemos que todo suceda","article_published_time":"2023-07-03T18:39:13+00:00","article_modified_time":"2023-09-27T20:28:20+00:00","og_image":[{"width":2508,"height":1672,"url":"https:\/\/alprestamo.com\/blog\/wp-content\/uploads\/2023\/07\/51902245_m_normal_none.jpg","type":"image\/jpeg"}],"author":"Ramiro Querejeta","twitter_card":"summary_large_image","twitter_misc":{"Escrito por":"Ramiro Querejeta","Tiempo de lectura":"2 minutos"},"schema":{"@context":"https:\/\/schema.org","@graph":[{"@type":"NewsArticle","@id":"https:\/\/alprestamo.com\/blog\/nuevo-proyecto-de-ley-de-contrataciones-del-estado-en-peru\/#article","isPartOf":{"@id":"https:\/\/alprestamo.com\/blog\/nuevo-proyecto-de-ley-de-contrataciones-del-estado-en-peru\/"},"author":{"name":"Ramiro Querejeta","@id":"https:\/\/alprestamo.com\/blog\/#\/schema\/person\/4c568603ceb381762b4c9062d42c7627"},"headline":"Nuevo proyecto de Ley de Contrataciones del Estado en Per\u00fa","datePublished":"2023-07-03T18:39:13+00:00","dateModified":"2023-09-27T20:28:20+00:00","mainEntityOfPage":{"@id":"https:\/\/alprestamo.com\/blog\/nuevo-proyecto-de-ley-de-contrataciones-del-estado-en-peru\/"},"wordCount":324,"publisher":{"@id":"https:\/\/alprestamo.com\/blog\/#organization"},"image":{"@id":"https:\/\/alprestamo.com\/blog\/nuevo-proyecto-de-ley-de-contrataciones-del-estado-en-peru\/#primaryimage"},"thumbnailUrl":"https:\/\/alprestamo.com\/blog\/wp-content\/uploads\/2023\/07\/51902245_m_normal_none.jpg","articleSection":["Mundo laboral","PE"],"inLanguage":"es-AR"},{"@type":"WebPage","@id":"https:\/\/alprestamo.com\/blog\/nuevo-proyecto-de-ley-de-contrataciones-del-estado-en-peru\/","url":"https:\/\/alprestamo.com\/blog\/nuevo-proyecto-de-ley-de-contrataciones-del-estado-en-peru\/","name":"Nuevo proyecto de Ley de Contrataciones del Estado en Per\u00fa","isPartOf":{"@id":"https:\/\/alprestamo.com\/blog\/#website"},"primaryImageOfPage":{"@id":"https:\/\/alprestamo.com\/blog\/nuevo-proyecto-de-ley-de-contrataciones-del-estado-en-peru\/#primaryimage"},"image":{"@id":"https:\/\/alprestamo.com\/blog\/nuevo-proyecto-de-ley-de-contrataciones-del-estado-en-peru\/#primaryimage"},"thumbnailUrl":"https:\/\/alprestamo.com\/blog\/wp-content\/uploads\/2023\/07\/51902245_m_normal_none.jpg","datePublished":"2023-07-03T18:39:13+00:00","dateModified":"2023-09-27T20:28:20+00:00","description":"El Poder Ejecutivo de Per\u00fa envi\u00f3 al Congreso un nuevo proyecto de Ley de Contrataciones del Estado, con el fin de unificar y mejorar la gesti\u00f3n de","breadcrumb":{"@id":"https:\/\/alprestamo.com\/blog\/nuevo-proyecto-de-ley-de-contrataciones-del-estado-en-peru\/#breadcrumb"},"inLanguage":"es-AR","potentialAction":[{"@type":"ReadAction","target":["https:\/\/alprestamo.com\/blog\/nuevo-proyecto-de-ley-de-contrataciones-del-estado-en-peru\/"]}]},{"@type":"ImageObject","inLanguage":"es-AR","@id":"https:\/\/alprestamo.com\/blog\/nuevo-proyecto-de-ley-de-contrataciones-del-estado-en-peru\/#primaryimage","url":"https:\/\/alprestamo.com\/blog\/wp-content\/uploads\/2023\/07\/51902245_m_normal_none.jpg","contentUrl":"https:\/\/alprestamo.com\/blog\/wp-content\/uploads\/2023\/07\/51902245_m_normal_none.jpg","width":2508,"height":1672},{"@type":"BreadcrumbList","@id":"https:\/\/alprestamo.com\/blog\/nuevo-proyecto-de-ley-de-contrataciones-del-estado-en-peru\/#breadcrumb","itemListElement":[{"@type":"ListItem","position":1,"name":"Home","item":"https:\/\/alprestamo.com\/blog\/"},{"@type":"ListItem","position":2,"name":"Nuevo proyecto de Ley de Contrataciones del Estado en Per\u00fa"}]},{"@type":"WebSite","@id":"https:\/\/alprestamo.com\/blog\/#website","url":"https:\/\/alprestamo.com\/blog\/","name":"Alprestamo","description":"Hacemos que todo suceda","publisher":{"@id":"https:\/\/alprestamo.com\/blog\/#organization"},"potentialAction":[{"@type":"SearchAction","target":{"@type":"EntryPoint","urlTemplate":"https:\/\/alprestamo.com\/blog\/?s={search_term_string}"},"query-input":"required name=search_term_string"}],"inLanguage":"es-AR"},{"@type":"Organization","@id":"https:\/\/alprestamo.com\/blog\/#organization","name":"Alprestamo","url":"https:\/\/alprestamo.com\/blog\/","logo":{"@type":"ImageObject","inLanguage":"es-AR","@id":"https:\/\/alprestamo.com\/blog\/#\/schema\/logo\/image\/","url":"https:\/\/alprestamo.com\/blog\/wp-content\/uploads\/2022\/10\/Imagotipo_Blanco.svg","contentUrl":"https:\/\/alprestamo.com\/blog\/wp-content\/uploads\/2022\/10\/Imagotipo_Blanco.svg","width":1199,"height":203,"caption":"Alprestamo"},"image":{"@id":"https:\/\/alprestamo.com\/blog\/#\/schema\/logo\/image\/"}},{"@type":"Person","@id":"https:\/\/alprestamo.com\/blog\/#\/schema\/person\/4c568603ceb381762b4c9062d42c7627","name":"Ramiro Querejeta","image":{"@type":"ImageObject","inLanguage":"es-AR","@id":"https:\/\/alprestamo.com\/blog\/#\/schema\/person\/image\/","url":"https:\/\/alprestamo.com\/blog\/wp-content\/uploads\/2025\/08\/1688503693490-150x150.jpeg","contentUrl":"https:\/\/alprestamo.com\/blog\/wp-content\/uploads\/2025\/08\/1688503693490-150x150.jpeg","caption":"Ramiro Querejeta"},"url":"https:\/\/alprestamo.com\/blog\/author\/ramiro\/"}]}},"uagb_featured_image_src":{"full":["https:\/\/alprestamo.com\/blog\/wp-content\/uploads\/2023\/07\/51902245_m_normal_none.jpg",2508,1672,false],"thumbnail":["https:\/\/alprestamo.com\/blog\/wp-content\/uploads\/2023\/07\/51902245_m_normal_none-150x150.jpg",150,150,true],"medium":["https:\/\/alprestamo.com\/blog\/wp-content\/uploads\/2023\/07\/51902245_m_normal_none-300x200.jpg",300,200,true],"medium_large":["https:\/\/alprestamo.com\/blog\/wp-content\/uploads\/2023\/07\/51902245_m_normal_none-768x512.jpg",768,512,true],"large":["https:\/\/alprestamo.com\/blog\/wp-content\/uploads\/2023\/07\/51902245_m_normal_none-1024x683.jpg",1024,683,true],"1536x1536":["https:\/\/alprestamo.com\/blog\/wp-content\/uploads\/2023\/07\/51902245_m_normal_none-1536x1024.jpg",1536,1024,true],"2048x2048":["https:\/\/alprestamo.com\/blog\/wp-content\/uploads\/2023\/07\/51902245_m_normal_none-2048x1365.jpg",2048,1365,true]},"uagb_author_info":{"display_name":"Ramiro Querejeta","author_link":"https:\/\/alprestamo.com\/blog\/author\/ramiro\/"},"uagb_comment_info":0,"uagb_excerpt":"El Poder Ejecutivo de Per\u00fa envi\u00f3 al Congreso un nuevo proyecto de Ley de Contrataciones del Estado, con el fin de unificar y mejorar la gesti\u00f3n de incorporaciones estatales a trav\u00e9s del r\u00e9gimen de contrataci\u00f3n p\u00fablica. Esto pasa por determinar que la gesti\u00f3n de los funcionarios del Sistema Nacional de Adquisiciones tiene que basarse en&hellip;","rttpg_featured_image_url":{"full":["https:\/\/alprestamo.com\/blog\/wp-content\/uploads\/2023\/07\/51902245_m_normal_none.jpg",2508,1672,false],"landscape":["https:\/\/alprestamo.com\/blog\/wp-content\/uploads\/2023\/07\/51902245_m_normal_none.jpg",2508,1672,false],"portraits":["https:\/\/alprestamo.com\/blog\/wp-content\/uploads\/2023\/07\/51902245_m_normal_none.jpg",2508,1672,false],"thumbnail":["https:\/\/alprestamo.com\/blog\/wp-content\/uploads\/2023\/07\/51902245_m_normal_none-150x150.jpg",150,150,true],"medium":["https:\/\/alprestamo.com\/blog\/wp-content\/uploads\/2023\/07\/51902245_m_normal_none-300x200.jpg",300,200,true],"large":["https:\/\/alprestamo.com\/blog\/wp-content\/uploads\/2023\/07\/51902245_m_normal_none-1024x683.jpg",1024,683,true],"1536x1536":["https:\/\/alprestamo.com\/blog\/wp-content\/uploads\/2023\/07\/51902245_m_normal_none-1536x1024.jpg",1536,1024,true],"2048x2048":["https:\/\/alprestamo.com\/blog\/wp-content\/uploads\/2023\/07\/51902245_m_normal_none-2048x1365.jpg",2048,1365,true],"rt_custom":["https:\/\/alprestamo.com\/blog\/wp-content\/uploads\/2023\/07\/51902245_m_normal_none.jpg",2508,1672,false]},"rttpg_author":{"display_name":"Ramiro Querejeta","author_link":"https:\/\/alprestamo.com\/blog\/author\/ramiro\/"},"rttpg_comment":0,"rttpg_category":"<a href=\"https:\/\/alprestamo.com\/blog\/categoria\/pe\/mundo-laboral-pe\/\" rel=\"category tag\">Mundo laboral<\/a> <a href=\"https:\/\/alprestamo.com\/blog\/categoria\/pe\/\" rel=\"category tag\">PE<\/a>","rttpg_excerpt":"El Poder Ejecutivo de Per\u00fa envi\u00f3 al Congreso un nuevo proyecto de Ley de Contrataciones del Estado, con el fin de unificar y mejorar la gesti\u00f3n de incorporaciones estatales a trav\u00e9s del r\u00e9gimen de contrataci\u00f3n p\u00fablica. Esto pasa por determinar que la gesti\u00f3n de los funcionarios del Sistema Nacional de Adquisiciones tiene que basarse en&hellip;","_links":{"self":[{"href":"https:\/\/alprestamo.com\/blog\/wp-json\/wp\/v2\/posts\/24315"}],"collection":[{"href":"https:\/\/alprestamo.com\/blog\/wp-json\/wp\/v2\/posts"}],"about":[{"href":"https:\/\/alprestamo.com\/blog\/wp-json\/wp\/v2\/types\/post"}],"author":[{"embeddable":true,"href":"https:\/\/alprestamo.com\/blog\/wp-json\/wp\/v2\/users\/9"}],"replies":[{"embeddable":true,"href":"https:\/\/alprestamo.com\/blog\/wp-json\/wp\/v2\/comments?post=24315"}],"version-history":[{"count":3,"href":"https:\/\/alprestamo.com\/blog\/wp-json\/wp\/v2\/posts\/24315\/revisions"}],"predecessor-version":[{"id":30759,"href":"https:\/\/alprestamo.com\/blog\/wp-json\/wp\/v2\/posts\/24315\/revisions\/30759"}],"wp:featuredmedia":[{"embeddable":true,"href":"https:\/\/alprestamo.com\/blog\/wp-json\/wp\/v2\/media\/24318"}],"wp:attachment":[{"href":"https:\/\/alprestamo.com\/blog\/wp-json\/wp\/v2\/media?parent=24315"}],"wp:term":[{"taxonomy":"category","embeddable":true,"href":"https:\/\/alprestamo.com\/blog\/wp-json\/wp\/v2\/categories?post=24315"},{"taxonomy":"post_tag","embeddable":true,"href":"https:\/\/alprestamo.com\/blog\/wp-json\/wp\/v2\/tags?post=24315"}],"curies":[{"name":"wp","href":"https:\/\/api.w.org\/{rel}","templated":true}]}}