{"id":24692,"date":"2023-07-10T12:12:27","date_gmt":"2023-07-10T15:12:27","guid":{"rendered":"https:\/\/alprestamo.com\/blog\/?p=24692"},"modified":"2023-09-27T16:58:10","modified_gmt":"2023-09-27T19:58:10","slug":"de-cuanto-sera-el-ajuste-salarial-en-uruguay","status":"publish","type":"post","link":"https:\/\/alprestamo.com\/blog\/de-cuanto-sera-el-ajuste-salarial-en-uruguay\/","title":{"rendered":"De cu\u00e1nto ser\u00e1 el aumento salarial en Uruguay"},"content":{"rendered":"\n<p><\/p>\n\n\n\n<p>En el marco de la <strong>10\u00b0 Ronda del Consejo de Salarios en Uruguay<\/strong>, el gobierno de Lacalle Pou realiz\u00f3 la presentaci\u00f3n de los <strong>ajustes salariales<\/strong>, a cargo del <strong>Ministerio de Trabajo y Seguridad Social (MTSS)<\/strong>.<\/p>\n\n\n\n<p>Las cifras oficiales del <strong>2,8% para este semestre, y del 2,9% para los siguientes tres<\/strong>, van a ser incorporados en las discusiones con las 195 actividades que se reunir\u00e1n a negociar sus convenios colectivos de <a href=\"https:\/\/alprestamo.com\/blog\/uy\/proyecto-para-reducir-la-jornada-laboral-en-que-consiste\/\">trabajo<\/a>.&nbsp;<\/p>\n\n\n\n<p>A pesar de los anuncios del ministro Pablo Mieres<strong>,<\/strong> para el <strong>PIT-CNT<\/strong> los ajustes de<a href=\"https:\/\/alprestamo.com\/blog\/uy\/prestamos-uy\/prestamos-sin-recibo-de-sueldo-en-uruguay\/\"> sueldo <\/a>no son suficientes para que todos los trabajadores terminen el actual mandato presidencial con el mismo poder de compra que al principio. Adem\u00e1s, pidieron que se atienda a los <strong>trabajadores que ganan menos de 25.000 pesos<\/strong>.&nbsp;<\/p>\n\n\n\n<h2 class=\"wp-block-heading\">Cu\u00e1ntos trabajadores tendr\u00e1n un ajuste salarial en Uruguay<\/h2>\n\n\n\n<p>En total, <strong>unos 625.000 trabajadores tendr\u00e1n correctivos salariales por ajustes de inflaci\u00f3n<\/strong>, luego de que se conociera el dato del <strong>\u00edndice de Precios al Consumidor (IPC)<\/strong>. Los aumentos parten del acuerdo que se firm\u00f3 en 2021 y que vencieron recientemente, el 30 de junio de 2023.&nbsp;<\/p>\n\n\n\n<p>Quienes acordaron ajustes salariales en sus convenios (cerca de 100 mesas) <a href=\"https:\/\/alprestamo.com\/blog\/uy\/programas-sociales-uy\/como-saber-si-tengo-prestaciones-para-cobrar\/\">ya cobraron <\/a>un primer pago a mitad de 2022. Ahora, recibir\u00e1n un segundo pago por diferencia entre los montos cobrados y la diferencia con la inflaci\u00f3n entre el periodo de julio 2022 y junio de 2023.&nbsp;<\/p>\n\n\n\n<p>Al haber una inflaci\u00f3n acumulada de casi 6% en los \u00faltimos 12 meses y los aumentos cobrados ser del 5,06%, <strong>el ajuste salarial ser\u00e1 de 1%<\/strong>.&nbsp;<\/p>\n\n\n\n<p>Otro grupo acord\u00f3 ajustes dos veces por a\u00f1o, pero tambi\u00e9n les corresponde cobrarlo, ya que estaba estimado para el final del convenio. En este caso, se debe tener en cuenta la inflaci\u00f3n de los \u00faltimos 24 meses (15,8%) y los aumentos cobrados en ese periodo fueron del 10,9%. Por lo tanto, el<em> ajuste salarial en Uruguay <\/em>para estos trabajadores <strong>ser\u00e1 de 4,5%<\/strong> aproximadamente.&nbsp;<\/p>\n","protected":false},"excerpt":{"rendered":"<p>En el marco de la 10\u00b0 Ronda del Consejo de Salarios en Uruguay, el gobierno de Lacalle Pou realiz\u00f3 la presentaci\u00f3n de los ajustes salariales, a cargo del Ministerio de Trabajo y Seguridad Social (MTSS). Las cifras oficiales del 2,8% para este semestre, y del 2,9% para los siguientes tres, van a ser incorporados en &hellip;<\/p>\n<p class=\"read-more\"> <a class=\"\" href=\"https:\/\/alprestamo.com\/blog\/de-cuanto-sera-el-ajuste-salarial-en-uruguay\/\"> <span class=\"screen-reader-text\">De cu\u00e1nto ser\u00e1 el aumento salarial en Uruguay<\/span> Leer m\u00e1s &raquo;<\/a><\/p>\n","protected":false},"author":9,"featured_media":24695,"comment_status":"closed","ping_status":"closed","sticky":false,"template":"","format":"standard","meta":{"_uag_custom_page_level_css":"","site-sidebar-layout":"default","site-content-layout":"default","ast-global-header-display":"","ast-banner-title-visibility":"","ast-main-header-display":"","ast-hfb-above-header-display":"","ast-hfb-below-header-display":"","ast-hfb-mobile-header-display":"","site-post-title":"","ast-breadcrumbs-content":"","ast-featured-img":"","footer-sml-layout":"","theme-transparent-header-meta":"","adv-header-id-meta":"","stick-header-meta":"","header-above-stick-meta":"","header-main-stick-meta":"","header-below-stick-meta":"","footnotes":""},"categories":[36,125,94],"tags":[],"class_list":["post-24692","post","type-post","status-publish","format-standard","has-post-thumbnail","hentry","category-economia-finanzas-uy","category-mundo-laboral-uy","category-uy"],"acf":[],"yoast_head":"<!-- This site is optimized with the Yoast SEO plugin v23.2 - https:\/\/yoast.com\/wordpress\/plugins\/seo\/ -->\n<title>De cu\u00e1nto ser\u00e1 el aumento salarial en Uruguay<\/title>\n<meta name=\"description\" content=\"En el marco de la 10\u00b0 Ronda del Consejo de Salarios en Uruguay, el gobierno de Lacalle Pou realiz\u00f3 la presentaci\u00f3n de los ajustes salariales, a cargo del\" \/>\n<meta name=\"robots\" content=\"index, follow, max-snippet:-1, max-image-preview:large, max-video-preview:-1\" \/>\n<link rel=\"canonical\" href=\"https:\/\/alprestamo.com\/blog\/de-cuanto-sera-el-ajuste-salarial-en-uruguay\/\" \/>\n<meta property=\"og:locale\" content=\"es_ES\" \/>\n<meta property=\"og:type\" content=\"article\" \/>\n<meta property=\"og:title\" content=\"De cu\u00e1nto ser\u00e1 el aumento salarial en Uruguay\" \/>\n<meta property=\"og:description\" content=\"En el marco de la 10\u00b0 Ronda del Consejo de Salarios en Uruguay, el gobierno de Lacalle Pou realiz\u00f3 la presentaci\u00f3n de los ajustes salariales, a cargo del\" \/>\n<meta property=\"og:url\" content=\"https:\/\/alprestamo.com\/blog\/de-cuanto-sera-el-ajuste-salarial-en-uruguay\/\" \/>\n<meta property=\"og:site_name\" content=\"Alprestamo - Hacemos que todo suceda\" \/>\n<meta property=\"article:published_time\" content=\"2023-07-10T15:12:27+00:00\" \/>\n<meta property=\"article:modified_time\" content=\"2023-09-27T19:58:10+00:00\" \/>\n<meta property=\"og:image\" content=\"https:\/\/alprestamo.com\/blog\/wp-content\/uploads\/2023\/07\/pesos-uruguayos.jpg\" \/>\n\t<meta property=\"og:image:width\" content=\"620\" \/>\n\t<meta property=\"og:image:height\" content=\"400\" \/>\n\t<meta property=\"og:image:type\" content=\"image\/jpeg\" \/>\n<meta name=\"author\" content=\"Ramiro Querejeta\" \/>\n<meta name=\"twitter:card\" content=\"summary_large_image\" \/>\n<meta name=\"twitter:label1\" content=\"Escrito por\" \/>\n\t<meta name=\"twitter:data1\" content=\"Ramiro Querejeta\" \/>\n\t<meta name=\"twitter:label2\" content=\"Tiempo de lectura\" \/>\n\t<meta name=\"twitter:data2\" content=\"2 minutos\" \/>\n<script type=\"application\/ld+json\" class=\"yoast-schema-graph\">{\"@context\":\"https:\/\/schema.org\",\"@graph\":[{\"@type\":\"NewsArticle\",\"@id\":\"https:\/\/alprestamo.com\/blog\/de-cuanto-sera-el-ajuste-salarial-en-uruguay\/#article\",\"isPartOf\":{\"@id\":\"https:\/\/alprestamo.com\/blog\/de-cuanto-sera-el-ajuste-salarial-en-uruguay\/\"},\"author\":{\"name\":\"Ramiro Querejeta\",\"@id\":\"https:\/\/alprestamo.com\/blog\/#\/schema\/person\/4c568603ceb381762b4c9062d42c7627\"},\"headline\":\"De cu\u00e1nto ser\u00e1 el aumento salarial en Uruguay\",\"datePublished\":\"2023-07-10T15:12:27+00:00\",\"dateModified\":\"2023-09-27T19:58:10+00:00\",\"mainEntityOfPage\":{\"@id\":\"https:\/\/alprestamo.com\/blog\/de-cuanto-sera-el-ajuste-salarial-en-uruguay\/\"},\"wordCount\":320,\"publisher\":{\"@id\":\"https:\/\/alprestamo.com\/blog\/#organization\"},\"image\":{\"@id\":\"https:\/\/alprestamo.com\/blog\/de-cuanto-sera-el-ajuste-salarial-en-uruguay\/#primaryimage\"},\"thumbnailUrl\":\"https:\/\/alprestamo.com\/blog\/wp-content\/uploads\/2023\/07\/pesos-uruguayos.jpg\",\"articleSection\":[\"Econom\u00eda y finanzas\",\"Mundo laboral\",\"UY\"],\"inLanguage\":\"es-AR\"},{\"@type\":\"WebPage\",\"@id\":\"https:\/\/alprestamo.com\/blog\/de-cuanto-sera-el-ajuste-salarial-en-uruguay\/\",\"url\":\"https:\/\/alprestamo.com\/blog\/de-cuanto-sera-el-ajuste-salarial-en-uruguay\/\",\"name\":\"De cu\u00e1nto ser\u00e1 el aumento salarial en Uruguay\",\"isPartOf\":{\"@id\":\"https:\/\/alprestamo.com\/blog\/#website\"},\"primaryImageOfPage\":{\"@id\":\"https:\/\/alprestamo.com\/blog\/de-cuanto-sera-el-ajuste-salarial-en-uruguay\/#primaryimage\"},\"image\":{\"@id\":\"https:\/\/alprestamo.com\/blog\/de-cuanto-sera-el-ajuste-salarial-en-uruguay\/#primaryimage\"},\"thumbnailUrl\":\"https:\/\/alprestamo.com\/blog\/wp-content\/uploads\/2023\/07\/pesos-uruguayos.jpg\",\"datePublished\":\"2023-07-10T15:12:27+00:00\",\"dateModified\":\"2023-09-27T19:58:10+00:00\",\"description\":\"En el marco de la 10\u00b0 Ronda del Consejo de Salarios en Uruguay, el gobierno de Lacalle Pou realiz\u00f3 la presentaci\u00f3n de los ajustes salariales, a cargo del\",\"breadcrumb\":{\"@id\":\"https:\/\/alprestamo.com\/blog\/de-cuanto-sera-el-ajuste-salarial-en-uruguay\/#breadcrumb\"},\"inLanguage\":\"es-AR\",\"potentialAction\":[{\"@type\":\"ReadAction\",\"target\":[\"https:\/\/alprestamo.com\/blog\/de-cuanto-sera-el-ajuste-salarial-en-uruguay\/\"]}]},{\"@type\":\"ImageObject\",\"inLanguage\":\"es-AR\",\"@id\":\"https:\/\/alprestamo.com\/blog\/de-cuanto-sera-el-ajuste-salarial-en-uruguay\/#primaryimage\",\"url\":\"https:\/\/alprestamo.com\/blog\/wp-content\/uploads\/2023\/07\/pesos-uruguayos.jpg\",\"contentUrl\":\"https:\/\/alprestamo.com\/blog\/wp-content\/uploads\/2023\/07\/pesos-uruguayos.jpg\",\"width\":620,\"height\":400,\"caption\":\"Pesos uruguayos\"},{\"@type\":\"BreadcrumbList\",\"@id\":\"https:\/\/alprestamo.com\/blog\/de-cuanto-sera-el-ajuste-salarial-en-uruguay\/#breadcrumb\",\"itemListElement\":[{\"@type\":\"ListItem\",\"position\":1,\"name\":\"Home\",\"item\":\"https:\/\/alprestamo.com\/blog\/\"},{\"@type\":\"ListItem\",\"position\":2,\"name\":\"De cu\u00e1nto ser\u00e1 el aumento salarial en Uruguay\"}]},{\"@type\":\"WebSite\",\"@id\":\"https:\/\/alprestamo.com\/blog\/#website\",\"url\":\"https:\/\/alprestamo.com\/blog\/\",\"name\":\"Alprestamo\",\"description\":\"Hacemos que todo suceda\",\"publisher\":{\"@id\":\"https:\/\/alprestamo.com\/blog\/#organization\"},\"potentialAction\":[{\"@type\":\"SearchAction\",\"target\":{\"@type\":\"EntryPoint\",\"urlTemplate\":\"https:\/\/alprestamo.com\/blog\/?s={search_term_string}\"},\"query-input\":\"required name=search_term_string\"}],\"inLanguage\":\"es-AR\"},{\"@type\":\"Organization\",\"@id\":\"https:\/\/alprestamo.com\/blog\/#organization\",\"name\":\"Alprestamo\",\"url\":\"https:\/\/alprestamo.com\/blog\/\",\"logo\":{\"@type\":\"ImageObject\",\"inLanguage\":\"es-AR\",\"@id\":\"https:\/\/alprestamo.com\/blog\/#\/schema\/logo\/image\/\",\"url\":\"https:\/\/alprestamo.com\/blog\/wp-content\/uploads\/2022\/10\/Imagotipo_Blanco.svg\",\"contentUrl\":\"https:\/\/alprestamo.com\/blog\/wp-content\/uploads\/2022\/10\/Imagotipo_Blanco.svg\",\"width\":1199,\"height\":203,\"caption\":\"Alprestamo\"},\"image\":{\"@id\":\"https:\/\/alprestamo.com\/blog\/#\/schema\/logo\/image\/\"}},{\"@type\":\"Person\",\"@id\":\"https:\/\/alprestamo.com\/blog\/#\/schema\/person\/4c568603ceb381762b4c9062d42c7627\",\"name\":\"Ramiro Querejeta\",\"image\":{\"@type\":\"ImageObject\",\"inLanguage\":\"es-AR\",\"@id\":\"https:\/\/alprestamo.com\/blog\/#\/schema\/person\/image\/\",\"url\":\"https:\/\/alprestamo.com\/blog\/wp-content\/uploads\/2025\/08\/1688503693490-150x150.jpeg\",\"contentUrl\":\"https:\/\/alprestamo.com\/blog\/wp-content\/uploads\/2025\/08\/1688503693490-150x150.jpeg\",\"caption\":\"Ramiro Querejeta\"},\"url\":\"https:\/\/alprestamo.com\/blog\/author\/ramiro\/\"}]}<\/script>\n<!-- \/ Yoast SEO plugin. -->","yoast_head_json":{"title":"De cu\u00e1nto ser\u00e1 el aumento salarial en Uruguay","description":"En el marco de la 10\u00b0 Ronda del Consejo de Salarios en Uruguay, el gobierno de Lacalle Pou realiz\u00f3 la presentaci\u00f3n de los ajustes salariales, a cargo del","robots":{"index":"index","follow":"follow","max-snippet":"max-snippet:-1","max-image-preview":"max-image-preview:large","max-video-preview":"max-video-preview:-1"},"canonical":"https:\/\/alprestamo.com\/blog\/de-cuanto-sera-el-ajuste-salarial-en-uruguay\/","og_locale":"es_ES","og_type":"article","og_title":"De cu\u00e1nto ser\u00e1 el aumento salarial en Uruguay","og_description":"En el marco de la 10\u00b0 Ronda del Consejo de Salarios en Uruguay, el gobierno de Lacalle Pou realiz\u00f3 la presentaci\u00f3n de los ajustes salariales, a cargo del","og_url":"https:\/\/alprestamo.com\/blog\/de-cuanto-sera-el-ajuste-salarial-en-uruguay\/","og_site_name":"Alprestamo - Hacemos que todo suceda","article_published_time":"2023-07-10T15:12:27+00:00","article_modified_time":"2023-09-27T19:58:10+00:00","og_image":[{"width":620,"height":400,"url":"https:\/\/alprestamo.com\/blog\/wp-content\/uploads\/2023\/07\/pesos-uruguayos.jpg","type":"image\/jpeg"}],"author":"Ramiro Querejeta","twitter_card":"summary_large_image","twitter_misc":{"Escrito por":"Ramiro Querejeta","Tiempo de lectura":"2 minutos"},"schema":{"@context":"https:\/\/schema.org","@graph":[{"@type":"NewsArticle","@id":"https:\/\/alprestamo.com\/blog\/de-cuanto-sera-el-ajuste-salarial-en-uruguay\/#article","isPartOf":{"@id":"https:\/\/alprestamo.com\/blog\/de-cuanto-sera-el-ajuste-salarial-en-uruguay\/"},"author":{"name":"Ramiro Querejeta","@id":"https:\/\/alprestamo.com\/blog\/#\/schema\/person\/4c568603ceb381762b4c9062d42c7627"},"headline":"De cu\u00e1nto ser\u00e1 el aumento salarial en Uruguay","datePublished":"2023-07-10T15:12:27+00:00","dateModified":"2023-09-27T19:58:10+00:00","mainEntityOfPage":{"@id":"https:\/\/alprestamo.com\/blog\/de-cuanto-sera-el-ajuste-salarial-en-uruguay\/"},"wordCount":320,"publisher":{"@id":"https:\/\/alprestamo.com\/blog\/#organization"},"image":{"@id":"https:\/\/alprestamo.com\/blog\/de-cuanto-sera-el-ajuste-salarial-en-uruguay\/#primaryimage"},"thumbnailUrl":"https:\/\/alprestamo.com\/blog\/wp-content\/uploads\/2023\/07\/pesos-uruguayos.jpg","articleSection":["Econom\u00eda y finanzas","Mundo laboral","UY"],"inLanguage":"es-AR"},{"@type":"WebPage","@id":"https:\/\/alprestamo.com\/blog\/de-cuanto-sera-el-ajuste-salarial-en-uruguay\/","url":"https:\/\/alprestamo.com\/blog\/de-cuanto-sera-el-ajuste-salarial-en-uruguay\/","name":"De cu\u00e1nto ser\u00e1 el aumento salarial en Uruguay","isPartOf":{"@id":"https:\/\/alprestamo.com\/blog\/#website"},"primaryImageOfPage":{"@id":"https:\/\/alprestamo.com\/blog\/de-cuanto-sera-el-ajuste-salarial-en-uruguay\/#primaryimage"},"image":{"@id":"https:\/\/alprestamo.com\/blog\/de-cuanto-sera-el-ajuste-salarial-en-uruguay\/#primaryimage"},"thumbnailUrl":"https:\/\/alprestamo.com\/blog\/wp-content\/uploads\/2023\/07\/pesos-uruguayos.jpg","datePublished":"2023-07-10T15:12:27+00:00","dateModified":"2023-09-27T19:58:10+00:00","description":"En el marco de la 10\u00b0 Ronda del Consejo de Salarios en Uruguay, el gobierno de Lacalle Pou realiz\u00f3 la presentaci\u00f3n de los ajustes salariales, a cargo del","breadcrumb":{"@id":"https:\/\/alprestamo.com\/blog\/de-cuanto-sera-el-ajuste-salarial-en-uruguay\/#breadcrumb"},"inLanguage":"es-AR","potentialAction":[{"@type":"ReadAction","target":["https:\/\/alprestamo.com\/blog\/de-cuanto-sera-el-ajuste-salarial-en-uruguay\/"]}]},{"@type":"ImageObject","inLanguage":"es-AR","@id":"https:\/\/alprestamo.com\/blog\/de-cuanto-sera-el-ajuste-salarial-en-uruguay\/#primaryimage","url":"https:\/\/alprestamo.com\/blog\/wp-content\/uploads\/2023\/07\/pesos-uruguayos.jpg","contentUrl":"https:\/\/alprestamo.com\/blog\/wp-content\/uploads\/2023\/07\/pesos-uruguayos.jpg","width":620,"height":400,"caption":"Pesos uruguayos"},{"@type":"BreadcrumbList","@id":"https:\/\/alprestamo.com\/blog\/de-cuanto-sera-el-ajuste-salarial-en-uruguay\/#breadcrumb","itemListElement":[{"@type":"ListItem","position":1,"name":"Home","item":"https:\/\/alprestamo.com\/blog\/"},{"@type":"ListItem","position":2,"name":"De cu\u00e1nto ser\u00e1 el aumento salarial en Uruguay"}]},{"@type":"WebSite","@id":"https:\/\/alprestamo.com\/blog\/#website","url":"https:\/\/alprestamo.com\/blog\/","name":"Alprestamo","description":"Hacemos que todo suceda","publisher":{"@id":"https:\/\/alprestamo.com\/blog\/#organization"},"potentialAction":[{"@type":"SearchAction","target":{"@type":"EntryPoint","urlTemplate":"https:\/\/alprestamo.com\/blog\/?s={search_term_string}"},"query-input":"required name=search_term_string"}],"inLanguage":"es-AR"},{"@type":"Organization","@id":"https:\/\/alprestamo.com\/blog\/#organization","name":"Alprestamo","url":"https:\/\/alprestamo.com\/blog\/","logo":{"@type":"ImageObject","inLanguage":"es-AR","@id":"https:\/\/alprestamo.com\/blog\/#\/schema\/logo\/image\/","url":"https:\/\/alprestamo.com\/blog\/wp-content\/uploads\/2022\/10\/Imagotipo_Blanco.svg","contentUrl":"https:\/\/alprestamo.com\/blog\/wp-content\/uploads\/2022\/10\/Imagotipo_Blanco.svg","width":1199,"height":203,"caption":"Alprestamo"},"image":{"@id":"https:\/\/alprestamo.com\/blog\/#\/schema\/logo\/image\/"}},{"@type":"Person","@id":"https:\/\/alprestamo.com\/blog\/#\/schema\/person\/4c568603ceb381762b4c9062d42c7627","name":"Ramiro Querejeta","image":{"@type":"ImageObject","inLanguage":"es-AR","@id":"https:\/\/alprestamo.com\/blog\/#\/schema\/person\/image\/","url":"https:\/\/alprestamo.com\/blog\/wp-content\/uploads\/2025\/08\/1688503693490-150x150.jpeg","contentUrl":"https:\/\/alprestamo.com\/blog\/wp-content\/uploads\/2025\/08\/1688503693490-150x150.jpeg","caption":"Ramiro Querejeta"},"url":"https:\/\/alprestamo.com\/blog\/author\/ramiro\/"}]}},"uagb_featured_image_src":{"full":["https:\/\/alprestamo.com\/blog\/wp-content\/uploads\/2023\/07\/pesos-uruguayos.jpg",620,400,false],"thumbnail":["https:\/\/alprestamo.com\/blog\/wp-content\/uploads\/2023\/07\/pesos-uruguayos-150x150.jpg",150,150,true],"medium":["https:\/\/alprestamo.com\/blog\/wp-content\/uploads\/2023\/07\/pesos-uruguayos-300x194.jpg",300,194,true],"medium_large":["https:\/\/alprestamo.com\/blog\/wp-content\/uploads\/2023\/07\/pesos-uruguayos.jpg",620,400,false],"large":["https:\/\/alprestamo.com\/blog\/wp-content\/uploads\/2023\/07\/pesos-uruguayos.jpg",620,400,false],"1536x1536":["https:\/\/alprestamo.com\/blog\/wp-content\/uploads\/2023\/07\/pesos-uruguayos.jpg",620,400,false],"2048x2048":["https:\/\/alprestamo.com\/blog\/wp-content\/uploads\/2023\/07\/pesos-uruguayos.jpg",620,400,false]},"uagb_author_info":{"display_name":"Ramiro Querejeta","author_link":"https:\/\/alprestamo.com\/blog\/author\/ramiro\/"},"uagb_comment_info":0,"uagb_excerpt":"En el marco de la 10\u00b0 Ronda del Consejo de Salarios en Uruguay, el gobierno de Lacalle Pou realiz\u00f3 la presentaci\u00f3n de los ajustes salariales, a cargo del Ministerio de Trabajo y Seguridad Social (MTSS). Las cifras oficiales del 2,8% para este semestre, y del 2,9% para los siguientes tres, van a ser incorporados en&hellip;","rttpg_featured_image_url":{"full":["https:\/\/alprestamo.com\/blog\/wp-content\/uploads\/2023\/07\/pesos-uruguayos.jpg",620,400,false],"landscape":["https:\/\/alprestamo.com\/blog\/wp-content\/uploads\/2023\/07\/pesos-uruguayos.jpg",620,400,false],"portraits":["https:\/\/alprestamo.com\/blog\/wp-content\/uploads\/2023\/07\/pesos-uruguayos.jpg",620,400,false],"thumbnail":["https:\/\/alprestamo.com\/blog\/wp-content\/uploads\/2023\/07\/pesos-uruguayos-150x150.jpg",150,150,true],"medium":["https:\/\/alprestamo.com\/blog\/wp-content\/uploads\/2023\/07\/pesos-uruguayos-300x194.jpg",300,194,true],"large":["https:\/\/alprestamo.com\/blog\/wp-content\/uploads\/2023\/07\/pesos-uruguayos.jpg",620,400,false],"1536x1536":["https:\/\/alprestamo.com\/blog\/wp-content\/uploads\/2023\/07\/pesos-uruguayos.jpg",620,400,false],"2048x2048":["https:\/\/alprestamo.com\/blog\/wp-content\/uploads\/2023\/07\/pesos-uruguayos.jpg",620,400,false],"rt_custom":["https:\/\/alprestamo.com\/blog\/wp-content\/uploads\/2023\/07\/pesos-uruguayos.jpg",620,400,false]},"rttpg_author":{"display_name":"Ramiro Querejeta","author_link":"https:\/\/alprestamo.com\/blog\/author\/ramiro\/"},"rttpg_comment":0,"rttpg_category":"<a href=\"https:\/\/alprestamo.com\/blog\/categoria\/uy\/economia-finanzas-uy\/\" rel=\"category tag\">Econom\u00eda y finanzas<\/a> <a href=\"https:\/\/alprestamo.com\/blog\/categoria\/uy\/mundo-laboral-uy\/\" rel=\"category tag\">Mundo laboral<\/a> <a href=\"https:\/\/alprestamo.com\/blog\/categoria\/uy\/\" rel=\"category tag\">UY<\/a>","rttpg_excerpt":"En el marco de la 10\u00b0 Ronda del Consejo de Salarios en Uruguay, el gobierno de Lacalle Pou realiz\u00f3 la presentaci\u00f3n de los ajustes salariales, a cargo del Ministerio de Trabajo y Seguridad Social (MTSS). Las cifras oficiales del 2,8% para este semestre, y del 2,9% para los siguientes tres, van a ser incorporados en&hellip;","_links":{"self":[{"href":"https:\/\/alprestamo.com\/blog\/wp-json\/wp\/v2\/posts\/24692"}],"collection":[{"href":"https:\/\/alprestamo.com\/blog\/wp-json\/wp\/v2\/posts"}],"about":[{"href":"https:\/\/alprestamo.com\/blog\/wp-json\/wp\/v2\/types\/post"}],"author":[{"embeddable":true,"href":"https:\/\/alprestamo.com\/blog\/wp-json\/wp\/v2\/users\/9"}],"replies":[{"embeddable":true,"href":"https:\/\/alprestamo.com\/blog\/wp-json\/wp\/v2\/comments?post=24692"}],"version-history":[{"count":4,"href":"https:\/\/alprestamo.com\/blog\/wp-json\/wp\/v2\/posts\/24692\/revisions"}],"predecessor-version":[{"id":30724,"href":"https:\/\/alprestamo.com\/blog\/wp-json\/wp\/v2\/posts\/24692\/revisions\/30724"}],"wp:featuredmedia":[{"embeddable":true,"href":"https:\/\/alprestamo.com\/blog\/wp-json\/wp\/v2\/media\/24695"}],"wp:attachment":[{"href":"https:\/\/alprestamo.com\/blog\/wp-json\/wp\/v2\/media?parent=24692"}],"wp:term":[{"taxonomy":"category","embeddable":true,"href":"https:\/\/alprestamo.com\/blog\/wp-json\/wp\/v2\/categories?post=24692"},{"taxonomy":"post_tag","embeddable":true,"href":"https:\/\/alprestamo.com\/blog\/wp-json\/wp\/v2\/tags?post=24692"}],"curies":[{"name":"wp","href":"https:\/\/api.w.org\/{rel}","templated":true}]}}