{"id":24798,"date":"2023-07-12T16:45:10","date_gmt":"2023-07-12T19:45:10","guid":{"rendered":"https:\/\/alprestamo.com\/blog\/?p=24798"},"modified":"2023-07-12T16:55:44","modified_gmt":"2023-07-12T19:55:44","slug":"nuevo-aumento-para-potenciar-trabajo-becas-progresar-y-prestacion-por-desempleo-cuales-son-los-montos-estimados-de-julio","status":"publish","type":"post","link":"https:\/\/alprestamo.com\/blog\/nuevo-aumento-para-potenciar-trabajo-becas-progresar-y-prestacion-por-desempleo-cuales-son-los-montos-estimados-de-julio\/","title":{"rendered":"Nuevo aumento para Potenciar Trabajo, Becas Progresar y Prestaci\u00f3n por Desempleo: cu\u00e1les son los montos estimados de julio"},"content":{"rendered":"\n<p>Esta semana ser\u00e1 comunicado un nuevo aumento del Salario M\u00ednimo, Vital y M\u00f3vil (SMVM) y por consecuencia tendr\u00e1 un efecto directo en las actualizaciones del <a href=\"https:\/\/alprestamo.com\/blog\/ar\/programas-sociales-ar\/aumento-del-plan-potenciar-trabajo-en-junio-de-cuanto-sera-el-monto\/\">Potenciar Trabajo<\/a>, las Becas Progresar y la Prestaci\u00f3n por Desempleo.<\/p>\n\n\n\n<p>La reuni\u00f3n que determinar\u00e1 el nuevo n\u00famero ser\u00e1 protagonizada por los sindicatos, las c\u00e1maras empresariales, el Ministerio del Trabajo y el Consejos del SMVM. La misma tendr\u00e1 lugar el jueves 13 de julio y tendr\u00e1 el objetivo de acordar una nueva actualizaci\u00f3n de los sueldos b\u00e1sicos. La \u00faltima paritaria fue del 26,6% en tres cuotas: abril, mayo y junio.<\/p>\n\n\n\n<p>En esta ocasi\u00f3n, se espera que el nuevo aumento del salario m\u00ednimo sea del 25% y esa suba luego tendr\u00e1 impacto directo en las distintas prestaciones de la Administraci\u00f3n Nacional de la Seguridad Social (ANSES) y otros programas del Gobierno.<\/p>\n\n\n\n<p>Dado que las <a href=\"https:\/\/alprestamo.com\/blog\/ar\/ultimo-momento-ar\/los-sectores-que-daran-mayores-aumentos-de-salario-en-2023\/\">actualizaciones salariales<\/a> se dan en tramos, como la \u00faltima suba, los aumentos ser\u00e1n escalonados y no se cobrar\u00e1 todo junto. Por eso resulta importante tener esto en cuenta para no confundir los montos.<\/p>\n\n\n\n<p><strong>Aumento del salario m\u00ednimo: cu\u00e1l ser\u00e1 el monto del SMVM<\/strong><\/p>\n\n\n\n<p>Con el \u00faltimo aumento realizado en junio, el sueldo b\u00e1sico qued\u00f3 en $ 87.987 total. Con la paritaria proyectada, el salario m\u00ednimo subir\u00eda a $ 109.983,75 a partir de julio o agosto, seg\u00fan se determine en la reuni\u00f3n del jueves.<\/p>\n\n\n\n<p><strong>Aumento para Potenciar Trabajo<\/strong><\/p>\n\n\n\n<p>Los beneficiarios del Salario Social Complementario cobraron en julio un total cerca a los $ 44.000 y, adem\u00e1s, reciben un bono adicional correspondiente a medio aguinaldo de casi $ 22.000 en total. Por lo que, los titulares de este programa recibir\u00edan un haber de casi $ 66.000 este mes.<\/p>\n\n\n\n<p>A partir del aumento proyectado del 25%, se espera que los montos b\u00e1sicos suban a casi $ 55.000 con las pr\u00f3ximas actualizaciones.<\/p>\n\n\n\n<p><strong>\u00bfC\u00f3mo impacta la suba del SMVM en las Becas Progresar?<\/strong><\/p>\n\n\n\n<p>La asignaci\u00f3n est\u00edmulo para estudios permite las inscripciones o la renovaci\u00f3n del programa para todos los titulares que registren ingresos familiares equivalentes a 3 salarios m\u00ednimos. En este sentido, no podr\u00e1n acceder al beneficio.<\/p>\n\n\n\n<p><strong>Prestaci\u00f3n por Desempleo: cu\u00e1l es el monto con la actualizaci\u00f3n del SMVM<\/strong><\/p>\n\n\n\n<p>Por su parte, los titulares de la asignaci\u00f3n para trabajadores despedidos acceden en julio a un m\u00ednimo de $ 24.440,33 y a un tope de $ 40.733,88 en total. Con la suba proyectada del 25% de los pr\u00f3ximos meses, esos montos podr\u00edan tener un piso de $ 30.550,41 y cobrar $ 50.917,35 como m\u00e1ximo.&nbsp;<\/p>\n\n\n\n<p>Es importante aclarar que estos montos se calcularon en base a las subas estimadas y a\u00fan no hay datos que lo confirmen. El Consejo del Salario M\u00ednimo se reunir\u00e1 este jueves 13 con representantes de la CTA de los Trabajadores, CTA Aut\u00f3noma y la CGT y es all\u00ed donde se tomar\u00e1 la decisi\u00f3n y luego se comunicar\u00e1 el aumento final.<\/p>\n","protected":false},"excerpt":{"rendered":"<p>Esta semana ser\u00e1 comunicado un nuevo aumento del Salario M\u00ednimo, Vital y M\u00f3vil (SMVM) y por consecuencia tendr\u00e1 un efecto directo en las actualizaciones del Potenciar Trabajo, las Becas Progresar y la Prestaci\u00f3n por Desempleo. La reuni\u00f3n que determinar\u00e1 el nuevo n\u00famero ser\u00e1 protagonizada por los sindicatos, las c\u00e1maras empresariales, el Ministerio del Trabajo y &hellip;<\/p>\n<p class=\"read-more\"> <a class=\"\" href=\"https:\/\/alprestamo.com\/blog\/nuevo-aumento-para-potenciar-trabajo-becas-progresar-y-prestacion-por-desempleo-cuales-son-los-montos-estimados-de-julio\/\"> <span class=\"screen-reader-text\">Nuevo aumento para Potenciar Trabajo, Becas Progresar y Prestaci\u00f3n por Desempleo: cu\u00e1les son los montos estimados de julio<\/span> Leer m\u00e1s &raquo;<\/a><\/p>\n","protected":false},"author":1,"featured_media":24661,"comment_status":"closed","ping_status":"closed","sticky":false,"template":"","format":"standard","meta":{"_uag_custom_page_level_css":"","site-sidebar-layout":"default","site-content-layout":"default","ast-global-header-display":"","ast-banner-title-visibility":"","ast-main-header-display":"","ast-hfb-above-header-display":"","ast-hfb-below-header-display":"","ast-hfb-mobile-header-display":"","site-post-title":"","ast-breadcrumbs-content":"","ast-featured-img":"","footer-sml-layout":"","theme-transparent-header-meta":"","adv-header-id-meta":"","stick-header-meta":"","header-above-stick-meta":"","header-main-stick-meta":"","header-below-stick-meta":"","footnotes":""},"categories":[92,10],"tags":[],"class_list":["post-24798","post","type-post","status-publish","format-standard","has-post-thumbnail","hentry","category-ar","category-programas-sociales-ar"],"acf":[],"yoast_head":"<!-- This site is optimized with the Yoast SEO plugin v23.2 - https:\/\/yoast.com\/wordpress\/plugins\/seo\/ -->\n<title>Nuevo aumento para Potenciar Trabajo, Becas Progresar y Prestaci\u00f3n por Desempleo: cu\u00e1les son los montos estimados de julio<\/title>\n<meta name=\"description\" content=\"Esta semana ser\u00e1 comunicado un nuevo aumento del Salario M\u00ednimo, Vital y M\u00f3vil (SMVM) y por consecuencia tendr\u00e1 un efecto directo en las actualizaciones\" \/>\n<meta name=\"robots\" content=\"index, follow, max-snippet:-1, max-image-preview:large, max-video-preview:-1\" \/>\n<link rel=\"canonical\" href=\"https:\/\/alprestamo.com\/blog\/nuevo-aumento-para-potenciar-trabajo-becas-progresar-y-prestacion-por-desempleo-cuales-son-los-montos-estimados-de-julio\/\" \/>\n<meta property=\"og:locale\" content=\"es_ES\" \/>\n<meta property=\"og:type\" content=\"article\" \/>\n<meta property=\"og:title\" content=\"Nuevo aumento para Potenciar Trabajo, Becas Progresar y Prestaci\u00f3n por Desempleo: cu\u00e1les son los montos estimados de julio\" \/>\n<meta property=\"og:description\" content=\"Esta semana ser\u00e1 comunicado un nuevo aumento del Salario M\u00ednimo, Vital y M\u00f3vil (SMVM) y por consecuencia tendr\u00e1 un efecto directo en las actualizaciones\" \/>\n<meta property=\"og:url\" content=\"https:\/\/alprestamo.com\/blog\/nuevo-aumento-para-potenciar-trabajo-becas-progresar-y-prestacion-por-desempleo-cuales-son-los-montos-estimados-de-julio\/\" \/>\n<meta property=\"og:site_name\" content=\"Alprestamo - Hacemos que todo suceda\" \/>\n<meta property=\"article:published_time\" content=\"2023-07-12T19:45:10+00:00\" \/>\n<meta property=\"article:modified_time\" content=\"2023-07-12T19:55:44+00:00\" \/>\n<meta property=\"og:image\" content=\"https:\/\/alprestamo.com\/blog\/wp-content\/uploads\/2023\/07\/Billetera_Pesos-696x458-1.jpg\" \/>\n\t<meta property=\"og:image:width\" content=\"696\" \/>\n\t<meta property=\"og:image:height\" content=\"458\" \/>\n\t<meta property=\"og:image:type\" content=\"image\/jpeg\" \/>\n<meta name=\"author\" content=\"admin\" \/>\n<meta name=\"twitter:card\" content=\"summary_large_image\" \/>\n<meta name=\"twitter:label1\" content=\"Escrito por\" \/>\n\t<meta name=\"twitter:data1\" content=\"admin\" \/>\n\t<meta name=\"twitter:label2\" content=\"Tiempo de lectura\" \/>\n\t<meta name=\"twitter:data2\" content=\"2 minutos\" \/>\n<script type=\"application\/ld+json\" class=\"yoast-schema-graph\">{\"@context\":\"https:\/\/schema.org\",\"@graph\":[{\"@type\":\"NewsArticle\",\"@id\":\"https:\/\/alprestamo.com\/blog\/nuevo-aumento-para-potenciar-trabajo-becas-progresar-y-prestacion-por-desempleo-cuales-son-los-montos-estimados-de-julio\/#article\",\"isPartOf\":{\"@id\":\"https:\/\/alprestamo.com\/blog\/nuevo-aumento-para-potenciar-trabajo-becas-progresar-y-prestacion-por-desempleo-cuales-son-los-montos-estimados-de-julio\/\"},\"author\":{\"name\":\"admin\",\"@id\":\"https:\/\/alprestamo.com\/blog\/#\/schema\/person\/86edda628d7db14ad76fcc0be09cf939\"},\"headline\":\"Nuevo aumento para Potenciar Trabajo, Becas Progresar y Prestaci\u00f3n por Desempleo: cu\u00e1les son los montos estimados de julio\",\"datePublished\":\"2023-07-12T19:45:10+00:00\",\"dateModified\":\"2023-07-12T19:55:44+00:00\",\"mainEntityOfPage\":{\"@id\":\"https:\/\/alprestamo.com\/blog\/nuevo-aumento-para-potenciar-trabajo-becas-progresar-y-prestacion-por-desempleo-cuales-son-los-montos-estimados-de-julio\/\"},\"wordCount\":500,\"publisher\":{\"@id\":\"https:\/\/alprestamo.com\/blog\/#organization\"},\"image\":{\"@id\":\"https:\/\/alprestamo.com\/blog\/nuevo-aumento-para-potenciar-trabajo-becas-progresar-y-prestacion-por-desempleo-cuales-son-los-montos-estimados-de-julio\/#primaryimage\"},\"thumbnailUrl\":\"https:\/\/alprestamo.com\/blog\/wp-content\/uploads\/2023\/07\/Billetera_Pesos-696x458-1.jpg\",\"articleSection\":[\"AR\",\"Programas sociales\"],\"inLanguage\":\"es-AR\"},{\"@type\":\"WebPage\",\"@id\":\"https:\/\/alprestamo.com\/blog\/nuevo-aumento-para-potenciar-trabajo-becas-progresar-y-prestacion-por-desempleo-cuales-son-los-montos-estimados-de-julio\/\",\"url\":\"https:\/\/alprestamo.com\/blog\/nuevo-aumento-para-potenciar-trabajo-becas-progresar-y-prestacion-por-desempleo-cuales-son-los-montos-estimados-de-julio\/\",\"name\":\"Nuevo aumento para Potenciar Trabajo, Becas Progresar y Prestaci\u00f3n por Desempleo: cu\u00e1les son los montos estimados de julio\",\"isPartOf\":{\"@id\":\"https:\/\/alprestamo.com\/blog\/#website\"},\"primaryImageOfPage\":{\"@id\":\"https:\/\/alprestamo.com\/blog\/nuevo-aumento-para-potenciar-trabajo-becas-progresar-y-prestacion-por-desempleo-cuales-son-los-montos-estimados-de-julio\/#primaryimage\"},\"image\":{\"@id\":\"https:\/\/alprestamo.com\/blog\/nuevo-aumento-para-potenciar-trabajo-becas-progresar-y-prestacion-por-desempleo-cuales-son-los-montos-estimados-de-julio\/#primaryimage\"},\"thumbnailUrl\":\"https:\/\/alprestamo.com\/blog\/wp-content\/uploads\/2023\/07\/Billetera_Pesos-696x458-1.jpg\",\"datePublished\":\"2023-07-12T19:45:10+00:00\",\"dateModified\":\"2023-07-12T19:55:44+00:00\",\"description\":\"Esta semana ser\u00e1 comunicado un nuevo aumento del Salario M\u00ednimo, Vital y M\u00f3vil (SMVM) y por consecuencia tendr\u00e1 un efecto directo en las actualizaciones\",\"breadcrumb\":{\"@id\":\"https:\/\/alprestamo.com\/blog\/nuevo-aumento-para-potenciar-trabajo-becas-progresar-y-prestacion-por-desempleo-cuales-son-los-montos-estimados-de-julio\/#breadcrumb\"},\"inLanguage\":\"es-AR\",\"potentialAction\":[{\"@type\":\"ReadAction\",\"target\":[\"https:\/\/alprestamo.com\/blog\/nuevo-aumento-para-potenciar-trabajo-becas-progresar-y-prestacion-por-desempleo-cuales-son-los-montos-estimados-de-julio\/\"]}]},{\"@type\":\"ImageObject\",\"inLanguage\":\"es-AR\",\"@id\":\"https:\/\/alprestamo.com\/blog\/nuevo-aumento-para-potenciar-trabajo-becas-progresar-y-prestacion-por-desempleo-cuales-son-los-montos-estimados-de-julio\/#primaryimage\",\"url\":\"https:\/\/alprestamo.com\/blog\/wp-content\/uploads\/2023\/07\/Billetera_Pesos-696x458-1.jpg\",\"contentUrl\":\"https:\/\/alprestamo.com\/blog\/wp-content\/uploads\/2023\/07\/Billetera_Pesos-696x458-1.jpg\",\"width\":696,\"height\":458,\"caption\":\"Aumento de sueldo\"},{\"@type\":\"BreadcrumbList\",\"@id\":\"https:\/\/alprestamo.com\/blog\/nuevo-aumento-para-potenciar-trabajo-becas-progresar-y-prestacion-por-desempleo-cuales-son-los-montos-estimados-de-julio\/#breadcrumb\",\"itemListElement\":[{\"@type\":\"ListItem\",\"position\":1,\"name\":\"Home\",\"item\":\"https:\/\/alprestamo.com\/blog\/\"},{\"@type\":\"ListItem\",\"position\":2,\"name\":\"Nuevo aumento para Potenciar Trabajo, Becas Progresar y Prestaci\u00f3n por Desempleo: cu\u00e1les son los montos estimados de julio\"}]},{\"@type\":\"WebSite\",\"@id\":\"https:\/\/alprestamo.com\/blog\/#website\",\"url\":\"https:\/\/alprestamo.com\/blog\/\",\"name\":\"Alprestamo\",\"description\":\"Hacemos que todo suceda\",\"publisher\":{\"@id\":\"https:\/\/alprestamo.com\/blog\/#organization\"},\"potentialAction\":[{\"@type\":\"SearchAction\",\"target\":{\"@type\":\"EntryPoint\",\"urlTemplate\":\"https:\/\/alprestamo.com\/blog\/?s={search_term_string}\"},\"query-input\":\"required name=search_term_string\"}],\"inLanguage\":\"es-AR\"},{\"@type\":\"Organization\",\"@id\":\"https:\/\/alprestamo.com\/blog\/#organization\",\"name\":\"Alprestamo\",\"url\":\"https:\/\/alprestamo.com\/blog\/\",\"logo\":{\"@type\":\"ImageObject\",\"inLanguage\":\"es-AR\",\"@id\":\"https:\/\/alprestamo.com\/blog\/#\/schema\/logo\/image\/\",\"url\":\"https:\/\/alprestamo.com\/blog\/wp-content\/uploads\/2022\/10\/Imagotipo_Blanco.svg\",\"contentUrl\":\"https:\/\/alprestamo.com\/blog\/wp-content\/uploads\/2022\/10\/Imagotipo_Blanco.svg\",\"width\":1199,\"height\":203,\"caption\":\"Alprestamo\"},\"image\":{\"@id\":\"https:\/\/alprestamo.com\/blog\/#\/schema\/logo\/image\/\"}},{\"@type\":\"Person\",\"@id\":\"https:\/\/alprestamo.com\/blog\/#\/schema\/person\/86edda628d7db14ad76fcc0be09cf939\",\"name\":\"admin\",\"image\":{\"@type\":\"ImageObject\",\"inLanguage\":\"es-AR\",\"@id\":\"https:\/\/alprestamo.com\/blog\/#\/schema\/person\/image\/\",\"url\":\"https:\/\/secure.gravatar.com\/avatar\/72868a6451caea79ae74926511fb9e4a?s=96&d=mm&r=g\",\"contentUrl\":\"https:\/\/secure.gravatar.com\/avatar\/72868a6451caea79ae74926511fb9e4a?s=96&d=mm&r=g\",\"caption\":\"admin\"},\"sameAs\":[\"https:\/\/alprestamo.com\/blog\"],\"url\":\"https:\/\/alprestamo.com\/blog\/author\/admin\/\"}]}<\/script>\n<!-- \/ Yoast SEO plugin. -->","yoast_head_json":{"title":"Nuevo aumento para Potenciar Trabajo, Becas Progresar y Prestaci\u00f3n por Desempleo: cu\u00e1les son los montos estimados de julio","description":"Esta semana ser\u00e1 comunicado un nuevo aumento del Salario M\u00ednimo, Vital y M\u00f3vil (SMVM) y por consecuencia tendr\u00e1 un efecto directo en las actualizaciones","robots":{"index":"index","follow":"follow","max-snippet":"max-snippet:-1","max-image-preview":"max-image-preview:large","max-video-preview":"max-video-preview:-1"},"canonical":"https:\/\/alprestamo.com\/blog\/nuevo-aumento-para-potenciar-trabajo-becas-progresar-y-prestacion-por-desempleo-cuales-son-los-montos-estimados-de-julio\/","og_locale":"es_ES","og_type":"article","og_title":"Nuevo aumento para Potenciar Trabajo, Becas Progresar y Prestaci\u00f3n por Desempleo: cu\u00e1les son los montos estimados de julio","og_description":"Esta semana ser\u00e1 comunicado un nuevo aumento del Salario M\u00ednimo, Vital y M\u00f3vil (SMVM) y por consecuencia tendr\u00e1 un efecto directo en las actualizaciones","og_url":"https:\/\/alprestamo.com\/blog\/nuevo-aumento-para-potenciar-trabajo-becas-progresar-y-prestacion-por-desempleo-cuales-son-los-montos-estimados-de-julio\/","og_site_name":"Alprestamo - Hacemos que todo suceda","article_published_time":"2023-07-12T19:45:10+00:00","article_modified_time":"2023-07-12T19:55:44+00:00","og_image":[{"width":696,"height":458,"url":"https:\/\/alprestamo.com\/blog\/wp-content\/uploads\/2023\/07\/Billetera_Pesos-696x458-1.jpg","type":"image\/jpeg"}],"author":"admin","twitter_card":"summary_large_image","twitter_misc":{"Escrito por":"admin","Tiempo de lectura":"2 minutos"},"schema":{"@context":"https:\/\/schema.org","@graph":[{"@type":"NewsArticle","@id":"https:\/\/alprestamo.com\/blog\/nuevo-aumento-para-potenciar-trabajo-becas-progresar-y-prestacion-por-desempleo-cuales-son-los-montos-estimados-de-julio\/#article","isPartOf":{"@id":"https:\/\/alprestamo.com\/blog\/nuevo-aumento-para-potenciar-trabajo-becas-progresar-y-prestacion-por-desempleo-cuales-son-los-montos-estimados-de-julio\/"},"author":{"name":"admin","@id":"https:\/\/alprestamo.com\/blog\/#\/schema\/person\/86edda628d7db14ad76fcc0be09cf939"},"headline":"Nuevo aumento para Potenciar Trabajo, Becas Progresar y Prestaci\u00f3n por Desempleo: cu\u00e1les son los montos estimados de julio","datePublished":"2023-07-12T19:45:10+00:00","dateModified":"2023-07-12T19:55:44+00:00","mainEntityOfPage":{"@id":"https:\/\/alprestamo.com\/blog\/nuevo-aumento-para-potenciar-trabajo-becas-progresar-y-prestacion-por-desempleo-cuales-son-los-montos-estimados-de-julio\/"},"wordCount":500,"publisher":{"@id":"https:\/\/alprestamo.com\/blog\/#organization"},"image":{"@id":"https:\/\/alprestamo.com\/blog\/nuevo-aumento-para-potenciar-trabajo-becas-progresar-y-prestacion-por-desempleo-cuales-son-los-montos-estimados-de-julio\/#primaryimage"},"thumbnailUrl":"https:\/\/alprestamo.com\/blog\/wp-content\/uploads\/2023\/07\/Billetera_Pesos-696x458-1.jpg","articleSection":["AR","Programas sociales"],"inLanguage":"es-AR"},{"@type":"WebPage","@id":"https:\/\/alprestamo.com\/blog\/nuevo-aumento-para-potenciar-trabajo-becas-progresar-y-prestacion-por-desempleo-cuales-son-los-montos-estimados-de-julio\/","url":"https:\/\/alprestamo.com\/blog\/nuevo-aumento-para-potenciar-trabajo-becas-progresar-y-prestacion-por-desempleo-cuales-son-los-montos-estimados-de-julio\/","name":"Nuevo aumento para Potenciar Trabajo, Becas Progresar y Prestaci\u00f3n por Desempleo: cu\u00e1les son los montos estimados de julio","isPartOf":{"@id":"https:\/\/alprestamo.com\/blog\/#website"},"primaryImageOfPage":{"@id":"https:\/\/alprestamo.com\/blog\/nuevo-aumento-para-potenciar-trabajo-becas-progresar-y-prestacion-por-desempleo-cuales-son-los-montos-estimados-de-julio\/#primaryimage"},"image":{"@id":"https:\/\/alprestamo.com\/blog\/nuevo-aumento-para-potenciar-trabajo-becas-progresar-y-prestacion-por-desempleo-cuales-son-los-montos-estimados-de-julio\/#primaryimage"},"thumbnailUrl":"https:\/\/alprestamo.com\/blog\/wp-content\/uploads\/2023\/07\/Billetera_Pesos-696x458-1.jpg","datePublished":"2023-07-12T19:45:10+00:00","dateModified":"2023-07-12T19:55:44+00:00","description":"Esta semana ser\u00e1 comunicado un nuevo aumento del Salario M\u00ednimo, Vital y M\u00f3vil (SMVM) y por consecuencia tendr\u00e1 un efecto directo en las actualizaciones","breadcrumb":{"@id":"https:\/\/alprestamo.com\/blog\/nuevo-aumento-para-potenciar-trabajo-becas-progresar-y-prestacion-por-desempleo-cuales-son-los-montos-estimados-de-julio\/#breadcrumb"},"inLanguage":"es-AR","potentialAction":[{"@type":"ReadAction","target":["https:\/\/alprestamo.com\/blog\/nuevo-aumento-para-potenciar-trabajo-becas-progresar-y-prestacion-por-desempleo-cuales-son-los-montos-estimados-de-julio\/"]}]},{"@type":"ImageObject","inLanguage":"es-AR","@id":"https:\/\/alprestamo.com\/blog\/nuevo-aumento-para-potenciar-trabajo-becas-progresar-y-prestacion-por-desempleo-cuales-son-los-montos-estimados-de-julio\/#primaryimage","url":"https:\/\/alprestamo.com\/blog\/wp-content\/uploads\/2023\/07\/Billetera_Pesos-696x458-1.jpg","contentUrl":"https:\/\/alprestamo.com\/blog\/wp-content\/uploads\/2023\/07\/Billetera_Pesos-696x458-1.jpg","width":696,"height":458,"caption":"Aumento de sueldo"},{"@type":"BreadcrumbList","@id":"https:\/\/alprestamo.com\/blog\/nuevo-aumento-para-potenciar-trabajo-becas-progresar-y-prestacion-por-desempleo-cuales-son-los-montos-estimados-de-julio\/#breadcrumb","itemListElement":[{"@type":"ListItem","position":1,"name":"Home","item":"https:\/\/alprestamo.com\/blog\/"},{"@type":"ListItem","position":2,"name":"Nuevo aumento para Potenciar Trabajo, Becas Progresar y Prestaci\u00f3n por Desempleo: cu\u00e1les son los montos estimados de julio"}]},{"@type":"WebSite","@id":"https:\/\/alprestamo.com\/blog\/#website","url":"https:\/\/alprestamo.com\/blog\/","name":"Alprestamo","description":"Hacemos que todo suceda","publisher":{"@id":"https:\/\/alprestamo.com\/blog\/#organization"},"potentialAction":[{"@type":"SearchAction","target":{"@type":"EntryPoint","urlTemplate":"https:\/\/alprestamo.com\/blog\/?s={search_term_string}"},"query-input":"required name=search_term_string"}],"inLanguage":"es-AR"},{"@type":"Organization","@id":"https:\/\/alprestamo.com\/blog\/#organization","name":"Alprestamo","url":"https:\/\/alprestamo.com\/blog\/","logo":{"@type":"ImageObject","inLanguage":"es-AR","@id":"https:\/\/alprestamo.com\/blog\/#\/schema\/logo\/image\/","url":"https:\/\/alprestamo.com\/blog\/wp-content\/uploads\/2022\/10\/Imagotipo_Blanco.svg","contentUrl":"https:\/\/alprestamo.com\/blog\/wp-content\/uploads\/2022\/10\/Imagotipo_Blanco.svg","width":1199,"height":203,"caption":"Alprestamo"},"image":{"@id":"https:\/\/alprestamo.com\/blog\/#\/schema\/logo\/image\/"}},{"@type":"Person","@id":"https:\/\/alprestamo.com\/blog\/#\/schema\/person\/86edda628d7db14ad76fcc0be09cf939","name":"admin","image":{"@type":"ImageObject","inLanguage":"es-AR","@id":"https:\/\/alprestamo.com\/blog\/#\/schema\/person\/image\/","url":"https:\/\/secure.gravatar.com\/avatar\/72868a6451caea79ae74926511fb9e4a?s=96&d=mm&r=g","contentUrl":"https:\/\/secure.gravatar.com\/avatar\/72868a6451caea79ae74926511fb9e4a?s=96&d=mm&r=g","caption":"admin"},"sameAs":["https:\/\/alprestamo.com\/blog"],"url":"https:\/\/alprestamo.com\/blog\/author\/admin\/"}]}},"uagb_featured_image_src":{"full":["https:\/\/alprestamo.com\/blog\/wp-content\/uploads\/2023\/07\/Billetera_Pesos-696x458-1.jpg",696,458,false],"thumbnail":["https:\/\/alprestamo.com\/blog\/wp-content\/uploads\/2023\/07\/Billetera_Pesos-696x458-1-150x150.jpg",150,150,true],"medium":["https:\/\/alprestamo.com\/blog\/wp-content\/uploads\/2023\/07\/Billetera_Pesos-696x458-1-300x197.jpg",300,197,true],"medium_large":["https:\/\/alprestamo.com\/blog\/wp-content\/uploads\/2023\/07\/Billetera_Pesos-696x458-1.jpg",696,458,false],"large":["https:\/\/alprestamo.com\/blog\/wp-content\/uploads\/2023\/07\/Billetera_Pesos-696x458-1.jpg",696,458,false],"1536x1536":["https:\/\/alprestamo.com\/blog\/wp-content\/uploads\/2023\/07\/Billetera_Pesos-696x458-1.jpg",696,458,false],"2048x2048":["https:\/\/alprestamo.com\/blog\/wp-content\/uploads\/2023\/07\/Billetera_Pesos-696x458-1.jpg",696,458,false]},"uagb_author_info":{"display_name":"admin","author_link":"https:\/\/alprestamo.com\/blog\/author\/admin\/"},"uagb_comment_info":0,"uagb_excerpt":"Esta semana ser\u00e1 comunicado un nuevo aumento del Salario M\u00ednimo, Vital y M\u00f3vil (SMVM) y por consecuencia tendr\u00e1 un efecto directo en las actualizaciones del Potenciar Trabajo, las Becas Progresar y la Prestaci\u00f3n por Desempleo. La reuni\u00f3n que determinar\u00e1 el nuevo n\u00famero ser\u00e1 protagonizada por los sindicatos, las c\u00e1maras empresariales, el Ministerio del Trabajo y&hellip;","rttpg_featured_image_url":{"full":["https:\/\/alprestamo.com\/blog\/wp-content\/uploads\/2023\/07\/Billetera_Pesos-696x458-1.jpg",696,458,false],"landscape":["https:\/\/alprestamo.com\/blog\/wp-content\/uploads\/2023\/07\/Billetera_Pesos-696x458-1.jpg",696,458,false],"portraits":["https:\/\/alprestamo.com\/blog\/wp-content\/uploads\/2023\/07\/Billetera_Pesos-696x458-1.jpg",696,458,false],"thumbnail":["https:\/\/alprestamo.com\/blog\/wp-content\/uploads\/2023\/07\/Billetera_Pesos-696x458-1-150x150.jpg",150,150,true],"medium":["https:\/\/alprestamo.com\/blog\/wp-content\/uploads\/2023\/07\/Billetera_Pesos-696x458-1-300x197.jpg",300,197,true],"large":["https:\/\/alprestamo.com\/blog\/wp-content\/uploads\/2023\/07\/Billetera_Pesos-696x458-1.jpg",696,458,false],"1536x1536":["https:\/\/alprestamo.com\/blog\/wp-content\/uploads\/2023\/07\/Billetera_Pesos-696x458-1.jpg",696,458,false],"2048x2048":["https:\/\/alprestamo.com\/blog\/wp-content\/uploads\/2023\/07\/Billetera_Pesos-696x458-1.jpg",696,458,false],"rt_custom":["https:\/\/alprestamo.com\/blog\/wp-content\/uploads\/2023\/07\/Billetera_Pesos-696x458-1.jpg",696,458,false]},"rttpg_author":{"display_name":"admin","author_link":"https:\/\/alprestamo.com\/blog\/author\/admin\/"},"rttpg_comment":0,"rttpg_category":"<a href=\"https:\/\/alprestamo.com\/blog\/categoria\/ar\/\" rel=\"category tag\">AR<\/a> <a href=\"https:\/\/alprestamo.com\/blog\/categoria\/ar\/programas-sociales-ar\/\" rel=\"category tag\">Programas sociales<\/a>","rttpg_excerpt":"Esta semana ser\u00e1 comunicado un nuevo aumento del Salario M\u00ednimo, Vital y M\u00f3vil (SMVM) y por consecuencia tendr\u00e1 un efecto directo en las actualizaciones del Potenciar Trabajo, las Becas Progresar y la Prestaci\u00f3n por Desempleo. La reuni\u00f3n que determinar\u00e1 el nuevo n\u00famero ser\u00e1 protagonizada por los sindicatos, las c\u00e1maras empresariales, el Ministerio del Trabajo y&hellip;","_links":{"self":[{"href":"https:\/\/alprestamo.com\/blog\/wp-json\/wp\/v2\/posts\/24798"}],"collection":[{"href":"https:\/\/alprestamo.com\/blog\/wp-json\/wp\/v2\/posts"}],"about":[{"href":"https:\/\/alprestamo.com\/blog\/wp-json\/wp\/v2\/types\/post"}],"author":[{"embeddable":true,"href":"https:\/\/alprestamo.com\/blog\/wp-json\/wp\/v2\/users\/1"}],"replies":[{"embeddable":true,"href":"https:\/\/alprestamo.com\/blog\/wp-json\/wp\/v2\/comments?post=24798"}],"version-history":[{"count":1,"href":"https:\/\/alprestamo.com\/blog\/wp-json\/wp\/v2\/posts\/24798\/revisions"}],"predecessor-version":[{"id":24801,"href":"https:\/\/alprestamo.com\/blog\/wp-json\/wp\/v2\/posts\/24798\/revisions\/24801"}],"wp:featuredmedia":[{"embeddable":true,"href":"https:\/\/alprestamo.com\/blog\/wp-json\/wp\/v2\/media\/24661"}],"wp:attachment":[{"href":"https:\/\/alprestamo.com\/blog\/wp-json\/wp\/v2\/media?parent=24798"}],"wp:term":[{"taxonomy":"category","embeddable":true,"href":"https:\/\/alprestamo.com\/blog\/wp-json\/wp\/v2\/categories?post=24798"},{"taxonomy":"post_tag","embeddable":true,"href":"https:\/\/alprestamo.com\/blog\/wp-json\/wp\/v2\/tags?post=24798"}],"curies":[{"name":"wp","href":"https:\/\/api.w.org\/{rel}","templated":true}]}}