{"id":24946,"date":"2023-07-19T13:27:32","date_gmt":"2023-07-19T16:27:32","guid":{"rendered":"https:\/\/alprestamo.com\/blog\/?p=24946"},"modified":"2024-01-23T17:09:50","modified_gmt":"2024-01-23T20:09:50","slug":"como-sigue-la-crisis-del-agua-en-uruguay","status":"publish","type":"post","link":"https:\/\/alprestamo.com\/blog\/como-sigue-la-crisis-del-agua-en-uruguay\/","title":{"rendered":"C\u00f3mo sigue la crisis del agua en Uruguay"},"content":{"rendered":"\n<p>Luego de algunas lluvias, el panorama parece diferente y la mejora en la calidad del suministro de agua luce mejor.&nbsp;<\/p>\n\n\n\n<h2 class=\"wp-block-heading\">\u00bfContin\u00faa la crisis del agua en Uruguay?<\/h2>\n\n\n\n<p>La<strong> crisis del agua en Uruguay<\/strong> parece haber pasado su punto m\u00e1s cr\u00edtico, seg\u00fan declaraciones del<strong> secretario de Presidencia<\/strong>, <strong>\u00c1lvaro Delgado<\/strong>, quien destac\u00f3 el crecimiento de las reservas en la represa de Paso Severino luego de la llegada de lluvias en <strong>Montevideo<\/strong> y sus alrededores.&nbsp;<\/p>\n\n\n\n<p>La represa se encuentra cerca de los 8 millones de metros c\u00fabicos y est\u00e1 creciendo.&nbsp;&nbsp;<\/p>\n\n\n\n<p>En una rueda de prensa que brind\u00f3 a los medios, Delgado mencion\u00f3 la mejora en la <a href=\"https:\/\/alprestamo.com\/blog\/uy\/programas-sociales-uy\/que-pasa-con-el-agua-en-uruguay\/\">calidad del agua<\/a> que suministra <strong>Obras Sanitarias del Estado (OSE)<\/strong>. Sin embargo, el secretario dijo que se debe seguir trabajando como si pudiera seguir sin llover durante un tiempo m\u00e1s.&nbsp;<\/p>\n\n\n\n<p>En este sentido, el gobierno realiz\u00f3 obras en la represa de Belastiqu\u00ed y se encuentra realizando otras en el r\u00edo San Jos\u00e9 para conectarlo con el <strong>r\u00edo Santa Luc\u00eda<\/strong>, que viene con un importante caudal de agua hacia abajo y comienza a embalsar la represa.&nbsp;<\/p>\n\n\n\n<p>Por otro lado, Delgado habl\u00f3 de la demora en la llegada de la planta desalinizadora de Estados Unidos, postergada unas semanas atr\u00e1s porque no cab\u00eda en el avi\u00f3n y que est\u00e1 camino en barco.&nbsp;<\/p>\n\n\n\n<h2 class=\"wp-block-heading\">Sequ\u00eda hist\u00f3rica, la principal causa de la crisis del agua en Uruguay<\/h2>\n\n\n\n<p>La situaci\u00f3n h\u00eddrica que atraviesa<a href=\"https:\/\/alprestamo.com\/blog\/uy\/que-pasara-con-el-precio-de-los-combustibles-en-uruguay\/\"> <strong>Uruguay <\/strong><\/a>en Montevideo y sus alrededores tiene que ver con la<strong> falta de lluvias<\/strong>. En los \u00faltimos tres a\u00f1os y medio llovi\u00f3 un 25% menos que lo que suele ser el promedio hist\u00f3rico. Peor a\u00fan si se considera el primer semestre de este 2023, en el que la disminuci\u00f3n de lluvias fue de 43% respecto al promedio.&nbsp;<\/p>\n\n\n\n<p>La escasez de precipitaciones es todav\u00eda m\u00e1s grave en el sur de Uruguay, ya que de acuerdo al<strong> Instituto Uruguayo de Meteorolog\u00eda<\/strong>, el<strong> periodo actual es el m\u00e1s seco desde 1947.&nbsp;<\/strong><\/p>\n\n\n\n<h2 class=\"wp-block-heading\">Consumo de agua mineral&nbsp;<\/h2>\n\n\n\n<p>El aumento de sal en el agua potable o de la canilla tuvo un claro<strong> efecto en el consumo de agua mineral.<\/strong> El <strong>94% de los <a href=\"https:\/\/alprestamo.com\/blog\/ar\/ultimo-momento-ar\/por-que-los-uruguayos-compran-en-argentina\/\">uruguayos <\/a>comenz\u00f3 a tomar <a href=\"https:\/\/alprestamo.com\/blog\/uy\/programas-sociales-uy\/subsidio-al-agua-para-jubilados-en-uruguay\/\">agua embotellada<\/a><\/strong>, seg\u00fan una encuesta realizada por la consultora Cifra. Hasta el a\u00f1o pasado, menos de un 30% lo hac\u00eda.&nbsp;<\/p>\n\n\n\n<p>Respecto al agua para el consumo no humano, el 60% antes regaba las plantas con agua de OSE, mientras que una vez comenzada la<em> crisis del agua en Uruguay<\/em> solo el 40% lo mantiene, mientras que para el lavado del auto el consumo baj\u00f3 del 30 al 15%.&nbsp;<\/p>\n","protected":false},"excerpt":{"rendered":"<p>Luego de algunas lluvias, el panorama parece diferente y la mejora en la calidad del suministro de agua luce mejor.&nbsp; \u00bfContin\u00faa la crisis del agua en Uruguay? La crisis del agua en Uruguay parece haber pasado su punto m\u00e1s cr\u00edtico, seg\u00fan declaraciones del secretario de Presidencia, \u00c1lvaro Delgado, quien destac\u00f3 el crecimiento de las reservas &hellip;<\/p>\n<p class=\"read-more\"> <a class=\"\" href=\"https:\/\/alprestamo.com\/blog\/como-sigue-la-crisis-del-agua-en-uruguay\/\"> <span class=\"screen-reader-text\">C\u00f3mo sigue la crisis del agua en Uruguay<\/span> Leer m\u00e1s &raquo;<\/a><\/p>\n","protected":false},"author":9,"featured_media":24956,"comment_status":"closed","ping_status":"closed","sticky":false,"template":"","format":"standard","meta":{"_uag_custom_page_level_css":"","site-sidebar-layout":"default","site-content-layout":"default","ast-global-header-display":"","ast-banner-title-visibility":"","ast-main-header-display":"","ast-hfb-above-header-display":"","ast-hfb-below-header-display":"","ast-hfb-mobile-header-display":"","site-post-title":"","ast-breadcrumbs-content":"","ast-featured-img":"","footer-sml-layout":"","theme-transparent-header-meta":"","adv-header-id-meta":"","stick-header-meta":"","header-above-stick-meta":"","header-main-stick-meta":"","header-below-stick-meta":"","footnotes":""},"categories":[36,94],"tags":[],"class_list":["post-24946","post","type-post","status-publish","format-standard","has-post-thumbnail","hentry","category-economia-finanzas-uy","category-uy"],"acf":[],"yoast_head":"<!-- This site is optimized with the Yoast SEO plugin v23.2 - https:\/\/yoast.com\/wordpress\/plugins\/seo\/ -->\n<title>C\u00f3mo sigue la crisis del agua en Uruguay<\/title>\n<meta name=\"description\" content=\"Luego de algunas lluvias, el panorama parece diferente y la mejora en la calidad del suministro de agua luce mejor.&nbsp; \u00bfContin\u00faa la crisis del agua en\" \/>\n<meta name=\"robots\" content=\"index, follow, max-snippet:-1, max-image-preview:large, max-video-preview:-1\" \/>\n<link rel=\"canonical\" href=\"https:\/\/alprestamo.com\/blog\/como-sigue-la-crisis-del-agua-en-uruguay\/\" \/>\n<meta property=\"og:locale\" content=\"es_ES\" \/>\n<meta property=\"og:type\" content=\"article\" \/>\n<meta property=\"og:title\" content=\"C\u00f3mo sigue la crisis del agua en Uruguay\" \/>\n<meta property=\"og:description\" content=\"Luego de algunas lluvias, el panorama parece diferente y la mejora en la calidad del suministro de agua luce mejor.&nbsp; \u00bfContin\u00faa la crisis del agua en\" \/>\n<meta property=\"og:url\" content=\"https:\/\/alprestamo.com\/blog\/como-sigue-la-crisis-del-agua-en-uruguay\/\" \/>\n<meta property=\"og:site_name\" content=\"Alprestamo - Hacemos que todo suceda\" \/>\n<meta property=\"article:published_time\" content=\"2023-07-19T16:27:32+00:00\" \/>\n<meta property=\"article:modified_time\" content=\"2024-01-23T20:09:50+00:00\" \/>\n<meta property=\"og:image\" content=\"https:\/\/alprestamo.com\/blog\/wp-content\/uploads\/2023\/07\/130522448_m_normal_none.jpg\" \/>\n\t<meta property=\"og:image:width\" content=\"2365\" \/>\n\t<meta property=\"og:image:height\" content=\"1774\" \/>\n\t<meta property=\"og:image:type\" content=\"image\/jpeg\" \/>\n<meta name=\"author\" content=\"Ramiro Querejeta\" \/>\n<meta name=\"twitter:card\" content=\"summary_large_image\" \/>\n<meta name=\"twitter:label1\" content=\"Escrito por\" \/>\n\t<meta name=\"twitter:data1\" content=\"Ramiro Querejeta\" \/>\n\t<meta name=\"twitter:label2\" content=\"Tiempo de lectura\" \/>\n\t<meta name=\"twitter:data2\" content=\"2 minutos\" \/>\n<script type=\"application\/ld+json\" class=\"yoast-schema-graph\">{\"@context\":\"https:\/\/schema.org\",\"@graph\":[{\"@type\":\"NewsArticle\",\"@id\":\"https:\/\/alprestamo.com\/blog\/como-sigue-la-crisis-del-agua-en-uruguay\/#article\",\"isPartOf\":{\"@id\":\"https:\/\/alprestamo.com\/blog\/como-sigue-la-crisis-del-agua-en-uruguay\/\"},\"author\":{\"name\":\"Ramiro Querejeta\",\"@id\":\"https:\/\/alprestamo.com\/blog\/#\/schema\/person\/4c568603ceb381762b4c9062d42c7627\"},\"headline\":\"C\u00f3mo sigue la crisis del agua en Uruguay\",\"datePublished\":\"2023-07-19T16:27:32+00:00\",\"dateModified\":\"2024-01-23T20:09:50+00:00\",\"mainEntityOfPage\":{\"@id\":\"https:\/\/alprestamo.com\/blog\/como-sigue-la-crisis-del-agua-en-uruguay\/\"},\"wordCount\":456,\"publisher\":{\"@id\":\"https:\/\/alprestamo.com\/blog\/#organization\"},\"image\":{\"@id\":\"https:\/\/alprestamo.com\/blog\/como-sigue-la-crisis-del-agua-en-uruguay\/#primaryimage\"},\"thumbnailUrl\":\"https:\/\/alprestamo.com\/blog\/wp-content\/uploads\/2023\/07\/130522448_m_normal_none.jpg\",\"articleSection\":[\"Econom\u00eda y finanzas\",\"UY\"],\"inLanguage\":\"es-AR\"},{\"@type\":\"WebPage\",\"@id\":\"https:\/\/alprestamo.com\/blog\/como-sigue-la-crisis-del-agua-en-uruguay\/\",\"url\":\"https:\/\/alprestamo.com\/blog\/como-sigue-la-crisis-del-agua-en-uruguay\/\",\"name\":\"C\u00f3mo sigue la crisis del agua en Uruguay\",\"isPartOf\":{\"@id\":\"https:\/\/alprestamo.com\/blog\/#website\"},\"primaryImageOfPage\":{\"@id\":\"https:\/\/alprestamo.com\/blog\/como-sigue-la-crisis-del-agua-en-uruguay\/#primaryimage\"},\"image\":{\"@id\":\"https:\/\/alprestamo.com\/blog\/como-sigue-la-crisis-del-agua-en-uruguay\/#primaryimage\"},\"thumbnailUrl\":\"https:\/\/alprestamo.com\/blog\/wp-content\/uploads\/2023\/07\/130522448_m_normal_none.jpg\",\"datePublished\":\"2023-07-19T16:27:32+00:00\",\"dateModified\":\"2024-01-23T20:09:50+00:00\",\"description\":\"Luego de algunas lluvias, el panorama parece diferente y la mejora en la calidad del suministro de agua luce mejor.&nbsp; \u00bfContin\u00faa la crisis del agua en\",\"breadcrumb\":{\"@id\":\"https:\/\/alprestamo.com\/blog\/como-sigue-la-crisis-del-agua-en-uruguay\/#breadcrumb\"},\"inLanguage\":\"es-AR\",\"potentialAction\":[{\"@type\":\"ReadAction\",\"target\":[\"https:\/\/alprestamo.com\/blog\/como-sigue-la-crisis-del-agua-en-uruguay\/\"]}]},{\"@type\":\"ImageObject\",\"inLanguage\":\"es-AR\",\"@id\":\"https:\/\/alprestamo.com\/blog\/como-sigue-la-crisis-del-agua-en-uruguay\/#primaryimage\",\"url\":\"https:\/\/alprestamo.com\/blog\/wp-content\/uploads\/2023\/07\/130522448_m_normal_none.jpg\",\"contentUrl\":\"https:\/\/alprestamo.com\/blog\/wp-content\/uploads\/2023\/07\/130522448_m_normal_none.jpg\",\"width\":2365,\"height\":1774},{\"@type\":\"BreadcrumbList\",\"@id\":\"https:\/\/alprestamo.com\/blog\/como-sigue-la-crisis-del-agua-en-uruguay\/#breadcrumb\",\"itemListElement\":[{\"@type\":\"ListItem\",\"position\":1,\"name\":\"Home\",\"item\":\"https:\/\/alprestamo.com\/blog\/\"},{\"@type\":\"ListItem\",\"position\":2,\"name\":\"C\u00f3mo sigue la crisis del agua en Uruguay\"}]},{\"@type\":\"WebSite\",\"@id\":\"https:\/\/alprestamo.com\/blog\/#website\",\"url\":\"https:\/\/alprestamo.com\/blog\/\",\"name\":\"Alprestamo\",\"description\":\"Hacemos que todo suceda\",\"publisher\":{\"@id\":\"https:\/\/alprestamo.com\/blog\/#organization\"},\"potentialAction\":[{\"@type\":\"SearchAction\",\"target\":{\"@type\":\"EntryPoint\",\"urlTemplate\":\"https:\/\/alprestamo.com\/blog\/?s={search_term_string}\"},\"query-input\":\"required name=search_term_string\"}],\"inLanguage\":\"es-AR\"},{\"@type\":\"Organization\",\"@id\":\"https:\/\/alprestamo.com\/blog\/#organization\",\"name\":\"Alprestamo\",\"url\":\"https:\/\/alprestamo.com\/blog\/\",\"logo\":{\"@type\":\"ImageObject\",\"inLanguage\":\"es-AR\",\"@id\":\"https:\/\/alprestamo.com\/blog\/#\/schema\/logo\/image\/\",\"url\":\"https:\/\/alprestamo.com\/blog\/wp-content\/uploads\/2022\/10\/Imagotipo_Blanco.svg\",\"contentUrl\":\"https:\/\/alprestamo.com\/blog\/wp-content\/uploads\/2022\/10\/Imagotipo_Blanco.svg\",\"width\":1199,\"height\":203,\"caption\":\"Alprestamo\"},\"image\":{\"@id\":\"https:\/\/alprestamo.com\/blog\/#\/schema\/logo\/image\/\"}},{\"@type\":\"Person\",\"@id\":\"https:\/\/alprestamo.com\/blog\/#\/schema\/person\/4c568603ceb381762b4c9062d42c7627\",\"name\":\"Ramiro Querejeta\",\"image\":{\"@type\":\"ImageObject\",\"inLanguage\":\"es-AR\",\"@id\":\"https:\/\/alprestamo.com\/blog\/#\/schema\/person\/image\/\",\"url\":\"https:\/\/alprestamo.com\/blog\/wp-content\/uploads\/2025\/08\/1688503693490-150x150.jpeg\",\"contentUrl\":\"https:\/\/alprestamo.com\/blog\/wp-content\/uploads\/2025\/08\/1688503693490-150x150.jpeg\",\"caption\":\"Ramiro Querejeta\"},\"url\":\"https:\/\/alprestamo.com\/blog\/author\/ramiro\/\"}]}<\/script>\n<!-- \/ Yoast SEO plugin. -->","yoast_head_json":{"title":"C\u00f3mo sigue la crisis del agua en Uruguay","description":"Luego de algunas lluvias, el panorama parece diferente y la mejora en la calidad del suministro de agua luce mejor.&nbsp; \u00bfContin\u00faa la crisis del agua en","robots":{"index":"index","follow":"follow","max-snippet":"max-snippet:-1","max-image-preview":"max-image-preview:large","max-video-preview":"max-video-preview:-1"},"canonical":"https:\/\/alprestamo.com\/blog\/como-sigue-la-crisis-del-agua-en-uruguay\/","og_locale":"es_ES","og_type":"article","og_title":"C\u00f3mo sigue la crisis del agua en Uruguay","og_description":"Luego de algunas lluvias, el panorama parece diferente y la mejora en la calidad del suministro de agua luce mejor.&nbsp; \u00bfContin\u00faa la crisis del agua en","og_url":"https:\/\/alprestamo.com\/blog\/como-sigue-la-crisis-del-agua-en-uruguay\/","og_site_name":"Alprestamo - Hacemos que todo suceda","article_published_time":"2023-07-19T16:27:32+00:00","article_modified_time":"2024-01-23T20:09:50+00:00","og_image":[{"width":2365,"height":1774,"url":"https:\/\/alprestamo.com\/blog\/wp-content\/uploads\/2023\/07\/130522448_m_normal_none.jpg","type":"image\/jpeg"}],"author":"Ramiro Querejeta","twitter_card":"summary_large_image","twitter_misc":{"Escrito por":"Ramiro Querejeta","Tiempo de lectura":"2 minutos"},"schema":{"@context":"https:\/\/schema.org","@graph":[{"@type":"NewsArticle","@id":"https:\/\/alprestamo.com\/blog\/como-sigue-la-crisis-del-agua-en-uruguay\/#article","isPartOf":{"@id":"https:\/\/alprestamo.com\/blog\/como-sigue-la-crisis-del-agua-en-uruguay\/"},"author":{"name":"Ramiro Querejeta","@id":"https:\/\/alprestamo.com\/blog\/#\/schema\/person\/4c568603ceb381762b4c9062d42c7627"},"headline":"C\u00f3mo sigue la crisis del agua en Uruguay","datePublished":"2023-07-19T16:27:32+00:00","dateModified":"2024-01-23T20:09:50+00:00","mainEntityOfPage":{"@id":"https:\/\/alprestamo.com\/blog\/como-sigue-la-crisis-del-agua-en-uruguay\/"},"wordCount":456,"publisher":{"@id":"https:\/\/alprestamo.com\/blog\/#organization"},"image":{"@id":"https:\/\/alprestamo.com\/blog\/como-sigue-la-crisis-del-agua-en-uruguay\/#primaryimage"},"thumbnailUrl":"https:\/\/alprestamo.com\/blog\/wp-content\/uploads\/2023\/07\/130522448_m_normal_none.jpg","articleSection":["Econom\u00eda y finanzas","UY"],"inLanguage":"es-AR"},{"@type":"WebPage","@id":"https:\/\/alprestamo.com\/blog\/como-sigue-la-crisis-del-agua-en-uruguay\/","url":"https:\/\/alprestamo.com\/blog\/como-sigue-la-crisis-del-agua-en-uruguay\/","name":"C\u00f3mo sigue la crisis del agua en Uruguay","isPartOf":{"@id":"https:\/\/alprestamo.com\/blog\/#website"},"primaryImageOfPage":{"@id":"https:\/\/alprestamo.com\/blog\/como-sigue-la-crisis-del-agua-en-uruguay\/#primaryimage"},"image":{"@id":"https:\/\/alprestamo.com\/blog\/como-sigue-la-crisis-del-agua-en-uruguay\/#primaryimage"},"thumbnailUrl":"https:\/\/alprestamo.com\/blog\/wp-content\/uploads\/2023\/07\/130522448_m_normal_none.jpg","datePublished":"2023-07-19T16:27:32+00:00","dateModified":"2024-01-23T20:09:50+00:00","description":"Luego de algunas lluvias, el panorama parece diferente y la mejora en la calidad del suministro de agua luce mejor.&nbsp; \u00bfContin\u00faa la crisis del agua en","breadcrumb":{"@id":"https:\/\/alprestamo.com\/blog\/como-sigue-la-crisis-del-agua-en-uruguay\/#breadcrumb"},"inLanguage":"es-AR","potentialAction":[{"@type":"ReadAction","target":["https:\/\/alprestamo.com\/blog\/como-sigue-la-crisis-del-agua-en-uruguay\/"]}]},{"@type":"ImageObject","inLanguage":"es-AR","@id":"https:\/\/alprestamo.com\/blog\/como-sigue-la-crisis-del-agua-en-uruguay\/#primaryimage","url":"https:\/\/alprestamo.com\/blog\/wp-content\/uploads\/2023\/07\/130522448_m_normal_none.jpg","contentUrl":"https:\/\/alprestamo.com\/blog\/wp-content\/uploads\/2023\/07\/130522448_m_normal_none.jpg","width":2365,"height":1774},{"@type":"BreadcrumbList","@id":"https:\/\/alprestamo.com\/blog\/como-sigue-la-crisis-del-agua-en-uruguay\/#breadcrumb","itemListElement":[{"@type":"ListItem","position":1,"name":"Home","item":"https:\/\/alprestamo.com\/blog\/"},{"@type":"ListItem","position":2,"name":"C\u00f3mo sigue la crisis del agua en Uruguay"}]},{"@type":"WebSite","@id":"https:\/\/alprestamo.com\/blog\/#website","url":"https:\/\/alprestamo.com\/blog\/","name":"Alprestamo","description":"Hacemos que todo suceda","publisher":{"@id":"https:\/\/alprestamo.com\/blog\/#organization"},"potentialAction":[{"@type":"SearchAction","target":{"@type":"EntryPoint","urlTemplate":"https:\/\/alprestamo.com\/blog\/?s={search_term_string}"},"query-input":"required name=search_term_string"}],"inLanguage":"es-AR"},{"@type":"Organization","@id":"https:\/\/alprestamo.com\/blog\/#organization","name":"Alprestamo","url":"https:\/\/alprestamo.com\/blog\/","logo":{"@type":"ImageObject","inLanguage":"es-AR","@id":"https:\/\/alprestamo.com\/blog\/#\/schema\/logo\/image\/","url":"https:\/\/alprestamo.com\/blog\/wp-content\/uploads\/2022\/10\/Imagotipo_Blanco.svg","contentUrl":"https:\/\/alprestamo.com\/blog\/wp-content\/uploads\/2022\/10\/Imagotipo_Blanco.svg","width":1199,"height":203,"caption":"Alprestamo"},"image":{"@id":"https:\/\/alprestamo.com\/blog\/#\/schema\/logo\/image\/"}},{"@type":"Person","@id":"https:\/\/alprestamo.com\/blog\/#\/schema\/person\/4c568603ceb381762b4c9062d42c7627","name":"Ramiro Querejeta","image":{"@type":"ImageObject","inLanguage":"es-AR","@id":"https:\/\/alprestamo.com\/blog\/#\/schema\/person\/image\/","url":"https:\/\/alprestamo.com\/blog\/wp-content\/uploads\/2025\/08\/1688503693490-150x150.jpeg","contentUrl":"https:\/\/alprestamo.com\/blog\/wp-content\/uploads\/2025\/08\/1688503693490-150x150.jpeg","caption":"Ramiro Querejeta"},"url":"https:\/\/alprestamo.com\/blog\/author\/ramiro\/"}]}},"uagb_featured_image_src":{"full":["https:\/\/alprestamo.com\/blog\/wp-content\/uploads\/2023\/07\/130522448_m_normal_none.jpg",2365,1774,false],"thumbnail":["https:\/\/alprestamo.com\/blog\/wp-content\/uploads\/2023\/07\/130522448_m_normal_none-150x150.jpg",150,150,true],"medium":["https:\/\/alprestamo.com\/blog\/wp-content\/uploads\/2023\/07\/130522448_m_normal_none-300x225.jpg",300,225,true],"medium_large":["https:\/\/alprestamo.com\/blog\/wp-content\/uploads\/2023\/07\/130522448_m_normal_none-768x576.jpg",768,576,true],"large":["https:\/\/alprestamo.com\/blog\/wp-content\/uploads\/2023\/07\/130522448_m_normal_none-1024x768.jpg",1024,768,true],"1536x1536":["https:\/\/alprestamo.com\/blog\/wp-content\/uploads\/2023\/07\/130522448_m_normal_none-1536x1152.jpg",1536,1152,true],"2048x2048":["https:\/\/alprestamo.com\/blog\/wp-content\/uploads\/2023\/07\/130522448_m_normal_none-2048x1536.jpg",2048,1536,true]},"uagb_author_info":{"display_name":"Ramiro Querejeta","author_link":"https:\/\/alprestamo.com\/blog\/author\/ramiro\/"},"uagb_comment_info":0,"uagb_excerpt":"Luego de algunas lluvias, el panorama parece diferente y la mejora en la calidad del suministro de agua luce mejor.&nbsp; \u00bfContin\u00faa la crisis del agua en Uruguay? La crisis del agua en Uruguay parece haber pasado su punto m\u00e1s cr\u00edtico, seg\u00fan declaraciones del secretario de Presidencia, \u00c1lvaro Delgado, quien destac\u00f3 el crecimiento de las reservas&hellip;","rttpg_featured_image_url":{"full":["https:\/\/alprestamo.com\/blog\/wp-content\/uploads\/2023\/07\/130522448_m_normal_none.jpg",2365,1774,false],"landscape":["https:\/\/alprestamo.com\/blog\/wp-content\/uploads\/2023\/07\/130522448_m_normal_none.jpg",2365,1774,false],"portraits":["https:\/\/alprestamo.com\/blog\/wp-content\/uploads\/2023\/07\/130522448_m_normal_none.jpg",2365,1774,false],"thumbnail":["https:\/\/alprestamo.com\/blog\/wp-content\/uploads\/2023\/07\/130522448_m_normal_none-150x150.jpg",150,150,true],"medium":["https:\/\/alprestamo.com\/blog\/wp-content\/uploads\/2023\/07\/130522448_m_normal_none-300x225.jpg",300,225,true],"large":["https:\/\/alprestamo.com\/blog\/wp-content\/uploads\/2023\/07\/130522448_m_normal_none-1024x768.jpg",1024,768,true],"1536x1536":["https:\/\/alprestamo.com\/blog\/wp-content\/uploads\/2023\/07\/130522448_m_normal_none-1536x1152.jpg",1536,1152,true],"2048x2048":["https:\/\/alprestamo.com\/blog\/wp-content\/uploads\/2023\/07\/130522448_m_normal_none-2048x1536.jpg",2048,1536,true],"rt_custom":["https:\/\/alprestamo.com\/blog\/wp-content\/uploads\/2023\/07\/130522448_m_normal_none.jpg",2365,1774,false]},"rttpg_author":{"display_name":"Ramiro Querejeta","author_link":"https:\/\/alprestamo.com\/blog\/author\/ramiro\/"},"rttpg_comment":0,"rttpg_category":"<a href=\"https:\/\/alprestamo.com\/blog\/categoria\/uy\/economia-finanzas-uy\/\" rel=\"category tag\">Econom\u00eda y finanzas<\/a> <a href=\"https:\/\/alprestamo.com\/blog\/categoria\/uy\/\" rel=\"category tag\">UY<\/a>","rttpg_excerpt":"Luego de algunas lluvias, el panorama parece diferente y la mejora en la calidad del suministro de agua luce mejor.&nbsp; \u00bfContin\u00faa la crisis del agua en Uruguay? La crisis del agua en Uruguay parece haber pasado su punto m\u00e1s cr\u00edtico, seg\u00fan declaraciones del secretario de Presidencia, \u00c1lvaro Delgado, quien destac\u00f3 el crecimiento de las reservas&hellip;","_links":{"self":[{"href":"https:\/\/alprestamo.com\/blog\/wp-json\/wp\/v2\/posts\/24946"}],"collection":[{"href":"https:\/\/alprestamo.com\/blog\/wp-json\/wp\/v2\/posts"}],"about":[{"href":"https:\/\/alprestamo.com\/blog\/wp-json\/wp\/v2\/types\/post"}],"author":[{"embeddable":true,"href":"https:\/\/alprestamo.com\/blog\/wp-json\/wp\/v2\/users\/9"}],"replies":[{"embeddable":true,"href":"https:\/\/alprestamo.com\/blog\/wp-json\/wp\/v2\/comments?post=24946"}],"version-history":[{"count":4,"href":"https:\/\/alprestamo.com\/blog\/wp-json\/wp\/v2\/posts\/24946\/revisions"}],"predecessor-version":[{"id":36413,"href":"https:\/\/alprestamo.com\/blog\/wp-json\/wp\/v2\/posts\/24946\/revisions\/36413"}],"wp:featuredmedia":[{"embeddable":true,"href":"https:\/\/alprestamo.com\/blog\/wp-json\/wp\/v2\/media\/24956"}],"wp:attachment":[{"href":"https:\/\/alprestamo.com\/blog\/wp-json\/wp\/v2\/media?parent=24946"}],"wp:term":[{"taxonomy":"category","embeddable":true,"href":"https:\/\/alprestamo.com\/blog\/wp-json\/wp\/v2\/categories?post=24946"},{"taxonomy":"post_tag","embeddable":true,"href":"https:\/\/alprestamo.com\/blog\/wp-json\/wp\/v2\/tags?post=24946"}],"curies":[{"name":"wp","href":"https:\/\/api.w.org\/{rel}","templated":true}]}}