{"id":25034,"date":"2023-07-21T12:53:59","date_gmt":"2023-07-21T15:53:59","guid":{"rendered":"https:\/\/alprestamo.com\/blog\/?p=25034"},"modified":"2023-07-21T17:24:44","modified_gmt":"2023-07-21T20:24:44","slug":"programa-jovenes-en-accion-2023-como-acceder-y-sus-requisitos","status":"publish","type":"post","link":"https:\/\/alprestamo.com\/blog\/programa-jovenes-en-accion-2023-como-acceder-y-sus-requisitos\/","title":{"rendered":"Programa J\u00f3venes en acci\u00f3n 2023: c\u00f3mo acceder y sus requisitos"},"content":{"rendered":"\n<p>El Departamento de Prosperidad Social de Colombia (DPS) comunic\u00f3 el lanzamiento de <strong>J\u00f3venes en acci\u00f3n 2023<\/strong>, el programa social que tiene como fin mejorar la formaci\u00f3n profesional y t\u00e9cnica con apoyos econ\u00f3micos para aumentar las oportunidades de movilidad entre sus beneficiarios concentrando en fortalecer los procesos pedag\u00f3gicos y promover las habilidades acad\u00e9micas.&nbsp;<\/p>\n\n\n\n<p>Desde fines del mes de junio de <a href=\"https:\/\/alprestamo.com\/blog\/co\/ingreso-solidario-2023-como-acceder-al-beneficio-y-de-cuanto-es\/\">2023<\/a>, el <strong>DPS <\/strong>anunci\u00f3 que empezar\u00e1 a <strong>realizar transferencias a 264.455 personas <\/strong>que participan del programa. Estos incentivos ser\u00e1n repartidos a 212.821 alumnos que forman parte de Instituciones de Educaci\u00f3n Superior y 50.299 a quienes integren programas t\u00e9cnicos y tecnol\u00f3gicos del <strong>Servicio Nacional de Aprendizaje<\/strong> (<strong>SENA<\/strong>). Adem\u00e1s, la entidad tiene contemplada una inversi\u00f3n de 108 millones de pesos.&nbsp;<\/p>\n\n\n\n<h2 class=\"wp-block-heading\">Requisitos para acceder a J\u00f3venes en acci\u00f3n 2023<\/h2>\n\n\n\n<p>Esta<a href=\"https:\/\/alprestamo.com\/blog\/co\/que-programas-sociales-existen-en-colombia\/\"> programa social<\/a> tiene una serie de requisitos que son:&nbsp;<\/p>\n\n\n\n<ul class=\"wp-block-list\">\n<li><strong>Tener entre 14 y 28 a\u00f1os de edad&nbsp;<\/strong><\/li>\n\n\n\n<li><strong>Ser bachiller de media vocacional&nbsp;<\/strong><\/li>\n\n\n\n<li><strong>Estudiar en un nivel t\u00e9cnico, tecnol\u00f3gico o universitario en alguna instituci\u00f3n de educaci\u00f3n superior, o SENA con convenio de Prosperidad Social.&nbsp;<\/strong><\/li>\n\n\n\n<li><strong>No poseer un t\u00edtulo profesional universitario&nbsp;<\/strong><\/li>\n\n\n\n<li><strong>Estar inscripto en algunas de las bases de focalizaci\u00f3n poblacional del programa que certifica la situaci\u00f3n de vulnerabilidad o pobreza<\/strong><\/li>\n<\/ul>\n\n\n\n<h2 class=\"wp-block-heading\">C\u00f3mo inscribirse a J\u00f3venes en acci\u00f3n 2023&nbsp;<\/h2>\n\n\n\n<p>Para acceder al programa<a href=\"https:\/\/alprestamo.com\/blog\/co\/mundo-laboral-co\/jovenes-en-accion-como-recibo-el-incentivo\/\"> J\u00f3venes en acci\u00f3n<\/a> se debe ingresar al link del registro y completar la informaci\u00f3n requerida. Una vez cumplidos los requisitos, el sistema va a solicitar un correo electr\u00f3nico para verificar la cuenta.&nbsp;<\/p>\n\n\n\n<p>Para finalizar el registro, la persona tendr\u00e1 que ingresar al portal web de Prosperidad Social con su usuario y contrase\u00f1a. Una vez que se ingresa al portal se debe<strong> cargar el documento de identidad y el acta de grado de bachiller o diploma<\/strong>.&nbsp;<\/p>\n\n\n\n<h2 class=\"wp-block-heading\">C\u00f3mo se otorgan los montos del programa<\/h2>\n\n\n\n<p>De acuerdo al gobierno, el refuerzo econ\u00f3mico <strong>ser\u00e1 entregado de forma escalonada y progresiva con el Banco Davivienda y a trav\u00e9s de DaviPlata<\/strong> o mediante la modalidad de giro con apoyo de la entidad bancaria.&nbsp;<\/p>\n\n\n\n<p>Los beneficiarios deber\u00e1n esperar a que les llegue un mensaje de texto que dir\u00e1 la fecha y el lugar para retirar o reclamar el incentivo del programa.&nbsp;<\/p>\n\n\n\n<p>Por el momento, Prosperidad Social prev\u00e9 las inscripciones a <em>J\u00f3venes en acci\u00f3n 2023<\/em> a lo largo del segundo semestre del a\u00f1o.&nbsp;<\/p>\n","protected":false},"excerpt":{"rendered":"<p>El Departamento de Prosperidad Social de Colombia (DPS) comunic\u00f3 el lanzamiento de J\u00f3venes en acci\u00f3n 2023, el programa social que tiene como fin mejorar la formaci\u00f3n profesional y t\u00e9cnica con apoyos econ\u00f3micos para aumentar las oportunidades de movilidad entre sus beneficiarios concentrando en fortalecer los procesos pedag\u00f3gicos y promover las habilidades acad\u00e9micas.&nbsp; Desde fines del &hellip;<\/p>\n<p class=\"read-more\"> <a class=\"\" href=\"https:\/\/alprestamo.com\/blog\/programa-jovenes-en-accion-2023-como-acceder-y-sus-requisitos\/\"> <span class=\"screen-reader-text\">Programa J\u00f3venes en acci\u00f3n 2023: c\u00f3mo acceder y sus requisitos<\/span> Leer m\u00e1s &raquo;<\/a><\/p>\n","protected":false},"author":9,"featured_media":25041,"comment_status":"closed","ping_status":"closed","sticky":false,"template":"","format":"standard","meta":{"_uag_custom_page_level_css":"","site-sidebar-layout":"default","site-content-layout":"default","ast-global-header-display":"","ast-banner-title-visibility":"","ast-main-header-display":"","ast-hfb-above-header-display":"","ast-hfb-below-header-display":"","ast-hfb-mobile-header-display":"","site-post-title":"","ast-breadcrumbs-content":"","ast-featured-img":"","footer-sml-layout":"","theme-transparent-header-meta":"","adv-header-id-meta":"","stick-header-meta":"","header-above-stick-meta":"","header-main-stick-meta":"","header-below-stick-meta":"","footnotes":""},"categories":[98,100],"tags":[],"class_list":["post-25034","post","type-post","status-publish","format-standard","has-post-thumbnail","hentry","category-co","category-programas-sociales"],"acf":[],"yoast_head":"<!-- This site is optimized with the Yoast SEO plugin v23.2 - https:\/\/yoast.com\/wordpress\/plugins\/seo\/ -->\n<title>Programa J\u00f3venes en acci\u00f3n 2023: c\u00f3mo acceder y sus requisitos<\/title>\n<meta name=\"description\" content=\"El Departamento de Prosperidad Social de Colombia (DPS) comunic\u00f3 el lanzamiento de J\u00f3venes en acci\u00f3n 2023, el programa social que tiene como fin mejorar\" \/>\n<meta name=\"robots\" content=\"index, follow, max-snippet:-1, max-image-preview:large, max-video-preview:-1\" \/>\n<link rel=\"canonical\" href=\"https:\/\/alprestamo.com\/blog\/programa-jovenes-en-accion-2023-como-acceder-y-sus-requisitos\/\" \/>\n<meta property=\"og:locale\" content=\"es_ES\" \/>\n<meta property=\"og:type\" content=\"article\" \/>\n<meta property=\"og:title\" content=\"Programa J\u00f3venes en acci\u00f3n 2023: c\u00f3mo acceder y sus requisitos\" \/>\n<meta property=\"og:description\" content=\"El Departamento de Prosperidad Social de Colombia (DPS) comunic\u00f3 el lanzamiento de J\u00f3venes en acci\u00f3n 2023, el programa social que tiene como fin mejorar\" \/>\n<meta property=\"og:url\" content=\"https:\/\/alprestamo.com\/blog\/programa-jovenes-en-accion-2023-como-acceder-y-sus-requisitos\/\" \/>\n<meta property=\"og:site_name\" content=\"Alprestamo - Hacemos que todo suceda\" \/>\n<meta property=\"article:published_time\" content=\"2023-07-21T15:53:59+00:00\" \/>\n<meta property=\"article:modified_time\" content=\"2023-07-21T20:24:44+00:00\" \/>\n<meta property=\"og:image\" content=\"https:\/\/alprestamo.com\/blog\/wp-content\/uploads\/2023\/07\/Jovenes-en-accion.jpg\" \/>\n\t<meta property=\"og:image:width\" content=\"655\" \/>\n\t<meta property=\"og:image:height\" content=\"355\" \/>\n\t<meta property=\"og:image:type\" content=\"image\/jpeg\" \/>\n<meta name=\"author\" content=\"Ramiro Querejeta\" \/>\n<meta name=\"twitter:card\" content=\"summary_large_image\" \/>\n<meta name=\"twitter:label1\" content=\"Escrito por\" \/>\n\t<meta name=\"twitter:data1\" content=\"Ramiro Querejeta\" \/>\n\t<meta name=\"twitter:label2\" content=\"Tiempo de lectura\" \/>\n\t<meta name=\"twitter:data2\" content=\"2 minutos\" \/>\n<script type=\"application\/ld+json\" class=\"yoast-schema-graph\">{\"@context\":\"https:\/\/schema.org\",\"@graph\":[{\"@type\":\"NewsArticle\",\"@id\":\"https:\/\/alprestamo.com\/blog\/programa-jovenes-en-accion-2023-como-acceder-y-sus-requisitos\/#article\",\"isPartOf\":{\"@id\":\"https:\/\/alprestamo.com\/blog\/programa-jovenes-en-accion-2023-como-acceder-y-sus-requisitos\/\"},\"author\":{\"name\":\"Ramiro Querejeta\",\"@id\":\"https:\/\/alprestamo.com\/blog\/#\/schema\/person\/4c568603ceb381762b4c9062d42c7627\"},\"headline\":\"Programa J\u00f3venes en acci\u00f3n 2023: c\u00f3mo acceder y sus requisitos\",\"datePublished\":\"2023-07-21T15:53:59+00:00\",\"dateModified\":\"2023-07-21T20:24:44+00:00\",\"mainEntityOfPage\":{\"@id\":\"https:\/\/alprestamo.com\/blog\/programa-jovenes-en-accion-2023-como-acceder-y-sus-requisitos\/\"},\"wordCount\":423,\"publisher\":{\"@id\":\"https:\/\/alprestamo.com\/blog\/#organization\"},\"image\":{\"@id\":\"https:\/\/alprestamo.com\/blog\/programa-jovenes-en-accion-2023-como-acceder-y-sus-requisitos\/#primaryimage\"},\"thumbnailUrl\":\"https:\/\/alprestamo.com\/blog\/wp-content\/uploads\/2023\/07\/Jovenes-en-accion.jpg\",\"articleSection\":[\"CO\",\"Programas sociales\"],\"inLanguage\":\"es-AR\"},{\"@type\":\"WebPage\",\"@id\":\"https:\/\/alprestamo.com\/blog\/programa-jovenes-en-accion-2023-como-acceder-y-sus-requisitos\/\",\"url\":\"https:\/\/alprestamo.com\/blog\/programa-jovenes-en-accion-2023-como-acceder-y-sus-requisitos\/\",\"name\":\"Programa J\u00f3venes en acci\u00f3n 2023: c\u00f3mo acceder y sus requisitos\",\"isPartOf\":{\"@id\":\"https:\/\/alprestamo.com\/blog\/#website\"},\"primaryImageOfPage\":{\"@id\":\"https:\/\/alprestamo.com\/blog\/programa-jovenes-en-accion-2023-como-acceder-y-sus-requisitos\/#primaryimage\"},\"image\":{\"@id\":\"https:\/\/alprestamo.com\/blog\/programa-jovenes-en-accion-2023-como-acceder-y-sus-requisitos\/#primaryimage\"},\"thumbnailUrl\":\"https:\/\/alprestamo.com\/blog\/wp-content\/uploads\/2023\/07\/Jovenes-en-accion.jpg\",\"datePublished\":\"2023-07-21T15:53:59+00:00\",\"dateModified\":\"2023-07-21T20:24:44+00:00\",\"description\":\"El Departamento de Prosperidad Social de Colombia (DPS) comunic\u00f3 el lanzamiento de J\u00f3venes en acci\u00f3n 2023, el programa social que tiene como fin mejorar\",\"breadcrumb\":{\"@id\":\"https:\/\/alprestamo.com\/blog\/programa-jovenes-en-accion-2023-como-acceder-y-sus-requisitos\/#breadcrumb\"},\"inLanguage\":\"es-AR\",\"potentialAction\":[{\"@type\":\"ReadAction\",\"target\":[\"https:\/\/alprestamo.com\/blog\/programa-jovenes-en-accion-2023-como-acceder-y-sus-requisitos\/\"]}]},{\"@type\":\"ImageObject\",\"inLanguage\":\"es-AR\",\"@id\":\"https:\/\/alprestamo.com\/blog\/programa-jovenes-en-accion-2023-como-acceder-y-sus-requisitos\/#primaryimage\",\"url\":\"https:\/\/alprestamo.com\/blog\/wp-content\/uploads\/2023\/07\/Jovenes-en-accion.jpg\",\"contentUrl\":\"https:\/\/alprestamo.com\/blog\/wp-content\/uploads\/2023\/07\/Jovenes-en-accion.jpg\",\"width\":655,\"height\":355,\"caption\":\"Programa J\u00f3venes en Acci\u00f3n\"},{\"@type\":\"BreadcrumbList\",\"@id\":\"https:\/\/alprestamo.com\/blog\/programa-jovenes-en-accion-2023-como-acceder-y-sus-requisitos\/#breadcrumb\",\"itemListElement\":[{\"@type\":\"ListItem\",\"position\":1,\"name\":\"Home\",\"item\":\"https:\/\/alprestamo.com\/blog\/\"},{\"@type\":\"ListItem\",\"position\":2,\"name\":\"Programa J\u00f3venes en acci\u00f3n 2023: c\u00f3mo acceder y sus requisitos\"}]},{\"@type\":\"WebSite\",\"@id\":\"https:\/\/alprestamo.com\/blog\/#website\",\"url\":\"https:\/\/alprestamo.com\/blog\/\",\"name\":\"Alprestamo\",\"description\":\"Hacemos que todo suceda\",\"publisher\":{\"@id\":\"https:\/\/alprestamo.com\/blog\/#organization\"},\"potentialAction\":[{\"@type\":\"SearchAction\",\"target\":{\"@type\":\"EntryPoint\",\"urlTemplate\":\"https:\/\/alprestamo.com\/blog\/?s={search_term_string}\"},\"query-input\":\"required name=search_term_string\"}],\"inLanguage\":\"es-AR\"},{\"@type\":\"Organization\",\"@id\":\"https:\/\/alprestamo.com\/blog\/#organization\",\"name\":\"Alprestamo\",\"url\":\"https:\/\/alprestamo.com\/blog\/\",\"logo\":{\"@type\":\"ImageObject\",\"inLanguage\":\"es-AR\",\"@id\":\"https:\/\/alprestamo.com\/blog\/#\/schema\/logo\/image\/\",\"url\":\"https:\/\/alprestamo.com\/blog\/wp-content\/uploads\/2022\/10\/Imagotipo_Blanco.svg\",\"contentUrl\":\"https:\/\/alprestamo.com\/blog\/wp-content\/uploads\/2022\/10\/Imagotipo_Blanco.svg\",\"width\":1199,\"height\":203,\"caption\":\"Alprestamo\"},\"image\":{\"@id\":\"https:\/\/alprestamo.com\/blog\/#\/schema\/logo\/image\/\"}},{\"@type\":\"Person\",\"@id\":\"https:\/\/alprestamo.com\/blog\/#\/schema\/person\/4c568603ceb381762b4c9062d42c7627\",\"name\":\"Ramiro Querejeta\",\"image\":{\"@type\":\"ImageObject\",\"inLanguage\":\"es-AR\",\"@id\":\"https:\/\/alprestamo.com\/blog\/#\/schema\/person\/image\/\",\"url\":\"https:\/\/alprestamo.com\/blog\/wp-content\/uploads\/2025\/08\/1688503693490-150x150.jpeg\",\"contentUrl\":\"https:\/\/alprestamo.com\/blog\/wp-content\/uploads\/2025\/08\/1688503693490-150x150.jpeg\",\"caption\":\"Ramiro Querejeta\"},\"url\":\"https:\/\/alprestamo.com\/blog\/author\/ramiro\/\"}]}<\/script>\n<!-- \/ Yoast SEO plugin. -->","yoast_head_json":{"title":"Programa J\u00f3venes en acci\u00f3n 2023: c\u00f3mo acceder y sus requisitos","description":"El Departamento de Prosperidad Social de Colombia (DPS) comunic\u00f3 el lanzamiento de J\u00f3venes en acci\u00f3n 2023, el programa social que tiene como fin mejorar","robots":{"index":"index","follow":"follow","max-snippet":"max-snippet:-1","max-image-preview":"max-image-preview:large","max-video-preview":"max-video-preview:-1"},"canonical":"https:\/\/alprestamo.com\/blog\/programa-jovenes-en-accion-2023-como-acceder-y-sus-requisitos\/","og_locale":"es_ES","og_type":"article","og_title":"Programa J\u00f3venes en acci\u00f3n 2023: c\u00f3mo acceder y sus requisitos","og_description":"El Departamento de Prosperidad Social de Colombia (DPS) comunic\u00f3 el lanzamiento de J\u00f3venes en acci\u00f3n 2023, el programa social que tiene como fin mejorar","og_url":"https:\/\/alprestamo.com\/blog\/programa-jovenes-en-accion-2023-como-acceder-y-sus-requisitos\/","og_site_name":"Alprestamo - Hacemos que todo suceda","article_published_time":"2023-07-21T15:53:59+00:00","article_modified_time":"2023-07-21T20:24:44+00:00","og_image":[{"width":655,"height":355,"url":"https:\/\/alprestamo.com\/blog\/wp-content\/uploads\/2023\/07\/Jovenes-en-accion.jpg","type":"image\/jpeg"}],"author":"Ramiro Querejeta","twitter_card":"summary_large_image","twitter_misc":{"Escrito por":"Ramiro Querejeta","Tiempo de lectura":"2 minutos"},"schema":{"@context":"https:\/\/schema.org","@graph":[{"@type":"NewsArticle","@id":"https:\/\/alprestamo.com\/blog\/programa-jovenes-en-accion-2023-como-acceder-y-sus-requisitos\/#article","isPartOf":{"@id":"https:\/\/alprestamo.com\/blog\/programa-jovenes-en-accion-2023-como-acceder-y-sus-requisitos\/"},"author":{"name":"Ramiro Querejeta","@id":"https:\/\/alprestamo.com\/blog\/#\/schema\/person\/4c568603ceb381762b4c9062d42c7627"},"headline":"Programa J\u00f3venes en acci\u00f3n 2023: c\u00f3mo acceder y sus requisitos","datePublished":"2023-07-21T15:53:59+00:00","dateModified":"2023-07-21T20:24:44+00:00","mainEntityOfPage":{"@id":"https:\/\/alprestamo.com\/blog\/programa-jovenes-en-accion-2023-como-acceder-y-sus-requisitos\/"},"wordCount":423,"publisher":{"@id":"https:\/\/alprestamo.com\/blog\/#organization"},"image":{"@id":"https:\/\/alprestamo.com\/blog\/programa-jovenes-en-accion-2023-como-acceder-y-sus-requisitos\/#primaryimage"},"thumbnailUrl":"https:\/\/alprestamo.com\/blog\/wp-content\/uploads\/2023\/07\/Jovenes-en-accion.jpg","articleSection":["CO","Programas sociales"],"inLanguage":"es-AR"},{"@type":"WebPage","@id":"https:\/\/alprestamo.com\/blog\/programa-jovenes-en-accion-2023-como-acceder-y-sus-requisitos\/","url":"https:\/\/alprestamo.com\/blog\/programa-jovenes-en-accion-2023-como-acceder-y-sus-requisitos\/","name":"Programa J\u00f3venes en acci\u00f3n 2023: c\u00f3mo acceder y sus requisitos","isPartOf":{"@id":"https:\/\/alprestamo.com\/blog\/#website"},"primaryImageOfPage":{"@id":"https:\/\/alprestamo.com\/blog\/programa-jovenes-en-accion-2023-como-acceder-y-sus-requisitos\/#primaryimage"},"image":{"@id":"https:\/\/alprestamo.com\/blog\/programa-jovenes-en-accion-2023-como-acceder-y-sus-requisitos\/#primaryimage"},"thumbnailUrl":"https:\/\/alprestamo.com\/blog\/wp-content\/uploads\/2023\/07\/Jovenes-en-accion.jpg","datePublished":"2023-07-21T15:53:59+00:00","dateModified":"2023-07-21T20:24:44+00:00","description":"El Departamento de Prosperidad Social de Colombia (DPS) comunic\u00f3 el lanzamiento de J\u00f3venes en acci\u00f3n 2023, el programa social que tiene como fin mejorar","breadcrumb":{"@id":"https:\/\/alprestamo.com\/blog\/programa-jovenes-en-accion-2023-como-acceder-y-sus-requisitos\/#breadcrumb"},"inLanguage":"es-AR","potentialAction":[{"@type":"ReadAction","target":["https:\/\/alprestamo.com\/blog\/programa-jovenes-en-accion-2023-como-acceder-y-sus-requisitos\/"]}]},{"@type":"ImageObject","inLanguage":"es-AR","@id":"https:\/\/alprestamo.com\/blog\/programa-jovenes-en-accion-2023-como-acceder-y-sus-requisitos\/#primaryimage","url":"https:\/\/alprestamo.com\/blog\/wp-content\/uploads\/2023\/07\/Jovenes-en-accion.jpg","contentUrl":"https:\/\/alprestamo.com\/blog\/wp-content\/uploads\/2023\/07\/Jovenes-en-accion.jpg","width":655,"height":355,"caption":"Programa J\u00f3venes en Acci\u00f3n"},{"@type":"BreadcrumbList","@id":"https:\/\/alprestamo.com\/blog\/programa-jovenes-en-accion-2023-como-acceder-y-sus-requisitos\/#breadcrumb","itemListElement":[{"@type":"ListItem","position":1,"name":"Home","item":"https:\/\/alprestamo.com\/blog\/"},{"@type":"ListItem","position":2,"name":"Programa J\u00f3venes en acci\u00f3n 2023: c\u00f3mo acceder y sus requisitos"}]},{"@type":"WebSite","@id":"https:\/\/alprestamo.com\/blog\/#website","url":"https:\/\/alprestamo.com\/blog\/","name":"Alprestamo","description":"Hacemos que todo suceda","publisher":{"@id":"https:\/\/alprestamo.com\/blog\/#organization"},"potentialAction":[{"@type":"SearchAction","target":{"@type":"EntryPoint","urlTemplate":"https:\/\/alprestamo.com\/blog\/?s={search_term_string}"},"query-input":"required name=search_term_string"}],"inLanguage":"es-AR"},{"@type":"Organization","@id":"https:\/\/alprestamo.com\/blog\/#organization","name":"Alprestamo","url":"https:\/\/alprestamo.com\/blog\/","logo":{"@type":"ImageObject","inLanguage":"es-AR","@id":"https:\/\/alprestamo.com\/blog\/#\/schema\/logo\/image\/","url":"https:\/\/alprestamo.com\/blog\/wp-content\/uploads\/2022\/10\/Imagotipo_Blanco.svg","contentUrl":"https:\/\/alprestamo.com\/blog\/wp-content\/uploads\/2022\/10\/Imagotipo_Blanco.svg","width":1199,"height":203,"caption":"Alprestamo"},"image":{"@id":"https:\/\/alprestamo.com\/blog\/#\/schema\/logo\/image\/"}},{"@type":"Person","@id":"https:\/\/alprestamo.com\/blog\/#\/schema\/person\/4c568603ceb381762b4c9062d42c7627","name":"Ramiro Querejeta","image":{"@type":"ImageObject","inLanguage":"es-AR","@id":"https:\/\/alprestamo.com\/blog\/#\/schema\/person\/image\/","url":"https:\/\/alprestamo.com\/blog\/wp-content\/uploads\/2025\/08\/1688503693490-150x150.jpeg","contentUrl":"https:\/\/alprestamo.com\/blog\/wp-content\/uploads\/2025\/08\/1688503693490-150x150.jpeg","caption":"Ramiro Querejeta"},"url":"https:\/\/alprestamo.com\/blog\/author\/ramiro\/"}]}},"uagb_featured_image_src":{"full":["https:\/\/alprestamo.com\/blog\/wp-content\/uploads\/2023\/07\/Jovenes-en-accion.jpg",655,355,false],"thumbnail":["https:\/\/alprestamo.com\/blog\/wp-content\/uploads\/2023\/07\/Jovenes-en-accion-150x150.jpg",150,150,true],"medium":["https:\/\/alprestamo.com\/blog\/wp-content\/uploads\/2023\/07\/Jovenes-en-accion-300x163.jpg",300,163,true],"medium_large":["https:\/\/alprestamo.com\/blog\/wp-content\/uploads\/2023\/07\/Jovenes-en-accion.jpg",655,355,false],"large":["https:\/\/alprestamo.com\/blog\/wp-content\/uploads\/2023\/07\/Jovenes-en-accion.jpg",655,355,false],"1536x1536":["https:\/\/alprestamo.com\/blog\/wp-content\/uploads\/2023\/07\/Jovenes-en-accion.jpg",655,355,false],"2048x2048":["https:\/\/alprestamo.com\/blog\/wp-content\/uploads\/2023\/07\/Jovenes-en-accion.jpg",655,355,false]},"uagb_author_info":{"display_name":"Ramiro Querejeta","author_link":"https:\/\/alprestamo.com\/blog\/author\/ramiro\/"},"uagb_comment_info":0,"uagb_excerpt":"El Departamento de Prosperidad Social de Colombia (DPS) comunic\u00f3 el lanzamiento de J\u00f3venes en acci\u00f3n 2023, el programa social que tiene como fin mejorar la formaci\u00f3n profesional y t\u00e9cnica con apoyos econ\u00f3micos para aumentar las oportunidades de movilidad entre sus beneficiarios concentrando en fortalecer los procesos pedag\u00f3gicos y promover las habilidades acad\u00e9micas.&nbsp; Desde fines del&hellip;","rttpg_featured_image_url":{"full":["https:\/\/alprestamo.com\/blog\/wp-content\/uploads\/2023\/07\/Jovenes-en-accion.jpg",655,355,false],"landscape":["https:\/\/alprestamo.com\/blog\/wp-content\/uploads\/2023\/07\/Jovenes-en-accion.jpg",655,355,false],"portraits":["https:\/\/alprestamo.com\/blog\/wp-content\/uploads\/2023\/07\/Jovenes-en-accion.jpg",655,355,false],"thumbnail":["https:\/\/alprestamo.com\/blog\/wp-content\/uploads\/2023\/07\/Jovenes-en-accion-150x150.jpg",150,150,true],"medium":["https:\/\/alprestamo.com\/blog\/wp-content\/uploads\/2023\/07\/Jovenes-en-accion-300x163.jpg",300,163,true],"large":["https:\/\/alprestamo.com\/blog\/wp-content\/uploads\/2023\/07\/Jovenes-en-accion.jpg",655,355,false],"1536x1536":["https:\/\/alprestamo.com\/blog\/wp-content\/uploads\/2023\/07\/Jovenes-en-accion.jpg",655,355,false],"2048x2048":["https:\/\/alprestamo.com\/blog\/wp-content\/uploads\/2023\/07\/Jovenes-en-accion.jpg",655,355,false],"rt_custom":["https:\/\/alprestamo.com\/blog\/wp-content\/uploads\/2023\/07\/Jovenes-en-accion.jpg",655,355,false]},"rttpg_author":{"display_name":"Ramiro Querejeta","author_link":"https:\/\/alprestamo.com\/blog\/author\/ramiro\/"},"rttpg_comment":0,"rttpg_category":"<a href=\"https:\/\/alprestamo.com\/blog\/categoria\/co\/\" rel=\"category tag\">CO<\/a> <a href=\"https:\/\/alprestamo.com\/blog\/categoria\/co\/programas-sociales\/\" rel=\"category tag\">Programas sociales<\/a>","rttpg_excerpt":"El Departamento de Prosperidad Social de Colombia (DPS) comunic\u00f3 el lanzamiento de J\u00f3venes en acci\u00f3n 2023, el programa social que tiene como fin mejorar la formaci\u00f3n profesional y t\u00e9cnica con apoyos econ\u00f3micos para aumentar las oportunidades de movilidad entre sus beneficiarios concentrando en fortalecer los procesos pedag\u00f3gicos y promover las habilidades acad\u00e9micas.&nbsp; Desde fines del&hellip;","_links":{"self":[{"href":"https:\/\/alprestamo.com\/blog\/wp-json\/wp\/v2\/posts\/25034"}],"collection":[{"href":"https:\/\/alprestamo.com\/blog\/wp-json\/wp\/v2\/posts"}],"about":[{"href":"https:\/\/alprestamo.com\/blog\/wp-json\/wp\/v2\/types\/post"}],"author":[{"embeddable":true,"href":"https:\/\/alprestamo.com\/blog\/wp-json\/wp\/v2\/users\/9"}],"replies":[{"embeddable":true,"href":"https:\/\/alprestamo.com\/blog\/wp-json\/wp\/v2\/comments?post=25034"}],"version-history":[{"count":3,"href":"https:\/\/alprestamo.com\/blog\/wp-json\/wp\/v2\/posts\/25034\/revisions"}],"predecessor-version":[{"id":25042,"href":"https:\/\/alprestamo.com\/blog\/wp-json\/wp\/v2\/posts\/25034\/revisions\/25042"}],"wp:featuredmedia":[{"embeddable":true,"href":"https:\/\/alprestamo.com\/blog\/wp-json\/wp\/v2\/media\/25041"}],"wp:attachment":[{"href":"https:\/\/alprestamo.com\/blog\/wp-json\/wp\/v2\/media?parent=25034"}],"wp:term":[{"taxonomy":"category","embeddable":true,"href":"https:\/\/alprestamo.com\/blog\/wp-json\/wp\/v2\/categories?post=25034"},{"taxonomy":"post_tag","embeddable":true,"href":"https:\/\/alprestamo.com\/blog\/wp-json\/wp\/v2\/tags?post=25034"}],"curies":[{"name":"wp","href":"https:\/\/api.w.org\/{rel}","templated":true}]}}