{"id":25057,"date":"2023-07-24T10:56:14","date_gmt":"2023-07-24T13:56:14","guid":{"rendered":"https:\/\/alprestamo.com\/blog\/?p=25057"},"modified":"2023-07-24T10:56:15","modified_gmt":"2023-07-24T13:56:15","slug":"aumento-salarial-para-empleados-a-quienes-beneficia-y-de-cuanto-es","status":"publish","type":"post","link":"https:\/\/alprestamo.com\/blog\/aumento-salarial-para-empleados-a-quienes-beneficia-y-de-cuanto-es\/","title":{"rendered":"Aumento salarial para empleados: a qui\u00e9nes beneficia y de cu\u00e1nto es"},"content":{"rendered":"\n<p>El Poder Ejecutivo de Per\u00fa aprob\u00f3 un decreto por el que los<a href=\"https:\/\/alprestamo.com\/blog\/pe\/nuevo-proyecto-de-ley-de-contrataciones-del-estado-en-peru\/\"> trabajadores p\u00fablicos <\/a>tendr\u00e1n un<strong> aumento salarial.\u00a0<\/strong><\/p>\n\n\n\n<p>El decreto se dio a trav\u00e9s de la negociaci\u00f3n del Convenio Colectivo Centralizado 2023 junto con los sindicatos del sector p\u00fablico. Este aumento<strong> <a href=\"https:\/\/alprestamo.com\/blog\/pe\/gratificacion-2023-cuanto-se-cobra-y-quienes-la-reciben\/\">beneficia econ\u00f3micamente<\/a> a 565.000 trabajadores.<\/strong>\u00a0<\/p>\n\n\n\n<p>El costo fiscal del acuerdo colectivo rondar\u00eda los S\/919 millones y cuenta con el aval del <strong>Ministerio de Econom\u00eda y Finanzas (MEF)<\/strong>.&nbsp;&nbsp;<\/p>\n\n\n\n<h2 class=\"wp-block-heading\">De cu\u00e1nto es el aumento salarial para empleados p\u00fablicos<\/h2>\n\n\n\n<p>El acuerdo al que llegaron los empleados p\u00fablicos con el gobierno fue de <a href=\"https:\/\/alprestamo.com\/blog\/pe\/como-impactara-la-suba-de-salarios-en-peru\/\">un aumento<\/a> mensual permanente de S\/100, que se va a realizar en dos tramos; uno en enero de 2024 y otro en diciembre.\u00a0<\/p>\n\n\n\n<p>Adem\u00e1s, este aumento que impactar\u00e1 a cargas sociales y de naturaleza pensionable, tiene car\u00e1cter remunerativo y forma parte de la base de c\u00e1lculo de los beneficios laborales. Tambi\u00e9n se precisa en el acuerdo que el <strong>ingreso mensual total no debe ser mayor a S\/15600.\u00a0<\/strong><\/p>\n\n\n\n<h2 class=\"wp-block-heading\">Bono extraordinario&nbsp;<\/h2>\n\n\n\n<p>Este es el segundo convenio que se celebra en 2023 y adem\u00e1s del<em> aumento salarial <\/em>contempla un bono excepcional de S\/600 para quienes est\u00e9n bajo los reg\u00edmenes CAS, ley del servicio civil, carrera especial p\u00fablica penitenciaria y servicio diplom\u00e1tico.\u00a0<\/p>\n\n\n\n<p>De esta manera, quedan relegados del cobro del bono aquellos funcionarios que se encuentran en cargos directivos, de confianza o que re\u00fanen caracter\u00edsticas propias de un funcionario p\u00fablico. Tampoco podr\u00e1n cobrarlo quienes integren carreras especiales de los sectores de salud y educaci\u00f3n.&nbsp;<\/p>\n","protected":false},"excerpt":{"rendered":"<p>El Poder Ejecutivo de Per\u00fa aprob\u00f3 un decreto por el que los trabajadores p\u00fablicos tendr\u00e1n un aumento salarial.\u00a0 El decreto se dio a trav\u00e9s de la negociaci\u00f3n del Convenio Colectivo Centralizado 2023 junto con los sindicatos del sector p\u00fablico. Este aumento beneficia econ\u00f3micamente a 565.000 trabajadores.\u00a0 El costo fiscal del acuerdo colectivo rondar\u00eda los S\/919 &hellip;<\/p>\n<p class=\"read-more\"> <a class=\"\" href=\"https:\/\/alprestamo.com\/blog\/aumento-salarial-para-empleados-a-quienes-beneficia-y-de-cuanto-es\/\"> <span class=\"screen-reader-text\">Aumento salarial para empleados: a qui\u00e9nes beneficia y de cu\u00e1nto es<\/span> Leer m\u00e1s &raquo;<\/a><\/p>\n","protected":false},"author":9,"featured_media":25061,"comment_status":"closed","ping_status":"closed","sticky":false,"template":"","format":"standard","meta":{"_uag_custom_page_level_css":"","site-sidebar-layout":"default","site-content-layout":"default","ast-global-header-display":"","ast-banner-title-visibility":"","ast-main-header-display":"","ast-hfb-above-header-display":"","ast-hfb-below-header-display":"","ast-hfb-mobile-header-display":"","site-post-title":"","ast-breadcrumbs-content":"","ast-featured-img":"","footer-sml-layout":"","theme-transparent-header-meta":"","adv-header-id-meta":"","stick-header-meta":"","header-above-stick-meta":"","header-main-stick-meta":"","header-below-stick-meta":"","footnotes":""},"categories":[105,101],"tags":[],"class_list":["post-25057","post","type-post","status-publish","format-standard","has-post-thumbnail","hentry","category-mundo-laboral-pe","category-pe"],"acf":[],"yoast_head":"<!-- This site is optimized with the Yoast SEO plugin v23.2 - https:\/\/yoast.com\/wordpress\/plugins\/seo\/ -->\n<title>Aumento salarial para empleados: a qui\u00e9nes beneficia y de cu\u00e1nto es<\/title>\n<meta name=\"description\" content=\"El Poder Ejecutivo de Per\u00fa aprob\u00f3 un decreto por el que los trabajadores p\u00fablicos tendr\u00e1n un aumento salarial.\u00a0 El decreto se dio a trav\u00e9s de la\" \/>\n<meta name=\"robots\" content=\"index, follow, max-snippet:-1, max-image-preview:large, max-video-preview:-1\" \/>\n<link rel=\"canonical\" href=\"https:\/\/alprestamo.com\/blog\/aumento-salarial-para-empleados-a-quienes-beneficia-y-de-cuanto-es\/\" \/>\n<meta property=\"og:locale\" content=\"es_ES\" \/>\n<meta property=\"og:type\" content=\"article\" \/>\n<meta property=\"og:title\" content=\"Aumento salarial para empleados: a qui\u00e9nes beneficia y de cu\u00e1nto es\" \/>\n<meta property=\"og:description\" content=\"El Poder Ejecutivo de Per\u00fa aprob\u00f3 un decreto por el que los trabajadores p\u00fablicos tendr\u00e1n un aumento salarial.\u00a0 El decreto se dio a trav\u00e9s de la\" \/>\n<meta property=\"og:url\" content=\"https:\/\/alprestamo.com\/blog\/aumento-salarial-para-empleados-a-quienes-beneficia-y-de-cuanto-es\/\" \/>\n<meta property=\"og:site_name\" content=\"Alprestamo - Hacemos que todo suceda\" \/>\n<meta property=\"article:published_time\" content=\"2023-07-24T13:56:14+00:00\" \/>\n<meta property=\"article:modified_time\" content=\"2023-07-24T13:56:15+00:00\" \/>\n<meta property=\"og:image\" content=\"https:\/\/alprestamo.com\/blog\/wp-content\/uploads\/2023\/07\/soles-peruanos-aumento.jpg\" \/>\n\t<meta property=\"og:image:width\" content=\"1800\" \/>\n\t<meta property=\"og:image:height\" content=\"1212\" \/>\n\t<meta property=\"og:image:type\" content=\"image\/jpeg\" \/>\n<meta name=\"author\" content=\"Ramiro Querejeta\" \/>\n<meta name=\"twitter:card\" content=\"summary_large_image\" \/>\n<meta name=\"twitter:label1\" content=\"Escrito por\" \/>\n\t<meta name=\"twitter:data1\" content=\"Ramiro Querejeta\" \/>\n\t<meta name=\"twitter:label2\" content=\"Tiempo de lectura\" \/>\n\t<meta name=\"twitter:data2\" content=\"1 minuto\" \/>\n<script type=\"application\/ld+json\" class=\"yoast-schema-graph\">{\"@context\":\"https:\/\/schema.org\",\"@graph\":[{\"@type\":\"NewsArticle\",\"@id\":\"https:\/\/alprestamo.com\/blog\/aumento-salarial-para-empleados-a-quienes-beneficia-y-de-cuanto-es\/#article\",\"isPartOf\":{\"@id\":\"https:\/\/alprestamo.com\/blog\/aumento-salarial-para-empleados-a-quienes-beneficia-y-de-cuanto-es\/\"},\"author\":{\"name\":\"Ramiro Querejeta\",\"@id\":\"https:\/\/alprestamo.com\/blog\/#\/schema\/person\/4c568603ceb381762b4c9062d42c7627\"},\"headline\":\"Aumento salarial para empleados: a qui\u00e9nes beneficia y de cu\u00e1nto es\",\"datePublished\":\"2023-07-24T13:56:14+00:00\",\"dateModified\":\"2023-07-24T13:56:15+00:00\",\"mainEntityOfPage\":{\"@id\":\"https:\/\/alprestamo.com\/blog\/aumento-salarial-para-empleados-a-quienes-beneficia-y-de-cuanto-es\/\"},\"wordCount\":278,\"publisher\":{\"@id\":\"https:\/\/alprestamo.com\/blog\/#organization\"},\"image\":{\"@id\":\"https:\/\/alprestamo.com\/blog\/aumento-salarial-para-empleados-a-quienes-beneficia-y-de-cuanto-es\/#primaryimage\"},\"thumbnailUrl\":\"https:\/\/alprestamo.com\/blog\/wp-content\/uploads\/2023\/07\/soles-peruanos-aumento.jpg\",\"articleSection\":[\"Mundo laboral\",\"PE\"],\"inLanguage\":\"es-AR\"},{\"@type\":\"WebPage\",\"@id\":\"https:\/\/alprestamo.com\/blog\/aumento-salarial-para-empleados-a-quienes-beneficia-y-de-cuanto-es\/\",\"url\":\"https:\/\/alprestamo.com\/blog\/aumento-salarial-para-empleados-a-quienes-beneficia-y-de-cuanto-es\/\",\"name\":\"Aumento salarial para empleados: a qui\u00e9nes beneficia y de cu\u00e1nto es\",\"isPartOf\":{\"@id\":\"https:\/\/alprestamo.com\/blog\/#website\"},\"primaryImageOfPage\":{\"@id\":\"https:\/\/alprestamo.com\/blog\/aumento-salarial-para-empleados-a-quienes-beneficia-y-de-cuanto-es\/#primaryimage\"},\"image\":{\"@id\":\"https:\/\/alprestamo.com\/blog\/aumento-salarial-para-empleados-a-quienes-beneficia-y-de-cuanto-es\/#primaryimage\"},\"thumbnailUrl\":\"https:\/\/alprestamo.com\/blog\/wp-content\/uploads\/2023\/07\/soles-peruanos-aumento.jpg\",\"datePublished\":\"2023-07-24T13:56:14+00:00\",\"dateModified\":\"2023-07-24T13:56:15+00:00\",\"description\":\"El Poder Ejecutivo de Per\u00fa aprob\u00f3 un decreto por el que los trabajadores p\u00fablicos tendr\u00e1n un aumento salarial.\u00a0 El decreto se dio a trav\u00e9s de la\",\"breadcrumb\":{\"@id\":\"https:\/\/alprestamo.com\/blog\/aumento-salarial-para-empleados-a-quienes-beneficia-y-de-cuanto-es\/#breadcrumb\"},\"inLanguage\":\"es-AR\",\"potentialAction\":[{\"@type\":\"ReadAction\",\"target\":[\"https:\/\/alprestamo.com\/blog\/aumento-salarial-para-empleados-a-quienes-beneficia-y-de-cuanto-es\/\"]}]},{\"@type\":\"ImageObject\",\"inLanguage\":\"es-AR\",\"@id\":\"https:\/\/alprestamo.com\/blog\/aumento-salarial-para-empleados-a-quienes-beneficia-y-de-cuanto-es\/#primaryimage\",\"url\":\"https:\/\/alprestamo.com\/blog\/wp-content\/uploads\/2023\/07\/soles-peruanos-aumento.jpg\",\"contentUrl\":\"https:\/\/alprestamo.com\/blog\/wp-content\/uploads\/2023\/07\/soles-peruanos-aumento.jpg\",\"width\":1800,\"height\":1212,\"caption\":\"Bono de S\/600\"},{\"@type\":\"BreadcrumbList\",\"@id\":\"https:\/\/alprestamo.com\/blog\/aumento-salarial-para-empleados-a-quienes-beneficia-y-de-cuanto-es\/#breadcrumb\",\"itemListElement\":[{\"@type\":\"ListItem\",\"position\":1,\"name\":\"Home\",\"item\":\"https:\/\/alprestamo.com\/blog\/\"},{\"@type\":\"ListItem\",\"position\":2,\"name\":\"Aumento salarial para empleados: a qui\u00e9nes beneficia y de cu\u00e1nto es\"}]},{\"@type\":\"WebSite\",\"@id\":\"https:\/\/alprestamo.com\/blog\/#website\",\"url\":\"https:\/\/alprestamo.com\/blog\/\",\"name\":\"Alprestamo\",\"description\":\"Hacemos que todo suceda\",\"publisher\":{\"@id\":\"https:\/\/alprestamo.com\/blog\/#organization\"},\"potentialAction\":[{\"@type\":\"SearchAction\",\"target\":{\"@type\":\"EntryPoint\",\"urlTemplate\":\"https:\/\/alprestamo.com\/blog\/?s={search_term_string}\"},\"query-input\":\"required name=search_term_string\"}],\"inLanguage\":\"es-AR\"},{\"@type\":\"Organization\",\"@id\":\"https:\/\/alprestamo.com\/blog\/#organization\",\"name\":\"Alprestamo\",\"url\":\"https:\/\/alprestamo.com\/blog\/\",\"logo\":{\"@type\":\"ImageObject\",\"inLanguage\":\"es-AR\",\"@id\":\"https:\/\/alprestamo.com\/blog\/#\/schema\/logo\/image\/\",\"url\":\"https:\/\/alprestamo.com\/blog\/wp-content\/uploads\/2022\/10\/Imagotipo_Blanco.svg\",\"contentUrl\":\"https:\/\/alprestamo.com\/blog\/wp-content\/uploads\/2022\/10\/Imagotipo_Blanco.svg\",\"width\":1199,\"height\":203,\"caption\":\"Alprestamo\"},\"image\":{\"@id\":\"https:\/\/alprestamo.com\/blog\/#\/schema\/logo\/image\/\"}},{\"@type\":\"Person\",\"@id\":\"https:\/\/alprestamo.com\/blog\/#\/schema\/person\/4c568603ceb381762b4c9062d42c7627\",\"name\":\"Ramiro Querejeta\",\"image\":{\"@type\":\"ImageObject\",\"inLanguage\":\"es-AR\",\"@id\":\"https:\/\/alprestamo.com\/blog\/#\/schema\/person\/image\/\",\"url\":\"https:\/\/alprestamo.com\/blog\/wp-content\/uploads\/2025\/08\/1688503693490-150x150.jpeg\",\"contentUrl\":\"https:\/\/alprestamo.com\/blog\/wp-content\/uploads\/2025\/08\/1688503693490-150x150.jpeg\",\"caption\":\"Ramiro Querejeta\"},\"url\":\"https:\/\/alprestamo.com\/blog\/author\/ramiro\/\"}]}<\/script>\n<!-- \/ Yoast SEO plugin. -->","yoast_head_json":{"title":"Aumento salarial para empleados: a qui\u00e9nes beneficia y de cu\u00e1nto es","description":"El Poder Ejecutivo de Per\u00fa aprob\u00f3 un decreto por el que los trabajadores p\u00fablicos tendr\u00e1n un aumento salarial.\u00a0 El decreto se dio a trav\u00e9s de la","robots":{"index":"index","follow":"follow","max-snippet":"max-snippet:-1","max-image-preview":"max-image-preview:large","max-video-preview":"max-video-preview:-1"},"canonical":"https:\/\/alprestamo.com\/blog\/aumento-salarial-para-empleados-a-quienes-beneficia-y-de-cuanto-es\/","og_locale":"es_ES","og_type":"article","og_title":"Aumento salarial para empleados: a qui\u00e9nes beneficia y de cu\u00e1nto es","og_description":"El Poder Ejecutivo de Per\u00fa aprob\u00f3 un decreto por el que los trabajadores p\u00fablicos tendr\u00e1n un aumento salarial.\u00a0 El decreto se dio a trav\u00e9s de la","og_url":"https:\/\/alprestamo.com\/blog\/aumento-salarial-para-empleados-a-quienes-beneficia-y-de-cuanto-es\/","og_site_name":"Alprestamo - Hacemos que todo suceda","article_published_time":"2023-07-24T13:56:14+00:00","article_modified_time":"2023-07-24T13:56:15+00:00","og_image":[{"width":1800,"height":1212,"url":"https:\/\/alprestamo.com\/blog\/wp-content\/uploads\/2023\/07\/soles-peruanos-aumento.jpg","type":"image\/jpeg"}],"author":"Ramiro Querejeta","twitter_card":"summary_large_image","twitter_misc":{"Escrito por":"Ramiro Querejeta","Tiempo de lectura":"1 minuto"},"schema":{"@context":"https:\/\/schema.org","@graph":[{"@type":"NewsArticle","@id":"https:\/\/alprestamo.com\/blog\/aumento-salarial-para-empleados-a-quienes-beneficia-y-de-cuanto-es\/#article","isPartOf":{"@id":"https:\/\/alprestamo.com\/blog\/aumento-salarial-para-empleados-a-quienes-beneficia-y-de-cuanto-es\/"},"author":{"name":"Ramiro Querejeta","@id":"https:\/\/alprestamo.com\/blog\/#\/schema\/person\/4c568603ceb381762b4c9062d42c7627"},"headline":"Aumento salarial para empleados: a qui\u00e9nes beneficia y de cu\u00e1nto es","datePublished":"2023-07-24T13:56:14+00:00","dateModified":"2023-07-24T13:56:15+00:00","mainEntityOfPage":{"@id":"https:\/\/alprestamo.com\/blog\/aumento-salarial-para-empleados-a-quienes-beneficia-y-de-cuanto-es\/"},"wordCount":278,"publisher":{"@id":"https:\/\/alprestamo.com\/blog\/#organization"},"image":{"@id":"https:\/\/alprestamo.com\/blog\/aumento-salarial-para-empleados-a-quienes-beneficia-y-de-cuanto-es\/#primaryimage"},"thumbnailUrl":"https:\/\/alprestamo.com\/blog\/wp-content\/uploads\/2023\/07\/soles-peruanos-aumento.jpg","articleSection":["Mundo laboral","PE"],"inLanguage":"es-AR"},{"@type":"WebPage","@id":"https:\/\/alprestamo.com\/blog\/aumento-salarial-para-empleados-a-quienes-beneficia-y-de-cuanto-es\/","url":"https:\/\/alprestamo.com\/blog\/aumento-salarial-para-empleados-a-quienes-beneficia-y-de-cuanto-es\/","name":"Aumento salarial para empleados: a qui\u00e9nes beneficia y de cu\u00e1nto es","isPartOf":{"@id":"https:\/\/alprestamo.com\/blog\/#website"},"primaryImageOfPage":{"@id":"https:\/\/alprestamo.com\/blog\/aumento-salarial-para-empleados-a-quienes-beneficia-y-de-cuanto-es\/#primaryimage"},"image":{"@id":"https:\/\/alprestamo.com\/blog\/aumento-salarial-para-empleados-a-quienes-beneficia-y-de-cuanto-es\/#primaryimage"},"thumbnailUrl":"https:\/\/alprestamo.com\/blog\/wp-content\/uploads\/2023\/07\/soles-peruanos-aumento.jpg","datePublished":"2023-07-24T13:56:14+00:00","dateModified":"2023-07-24T13:56:15+00:00","description":"El Poder Ejecutivo de Per\u00fa aprob\u00f3 un decreto por el que los trabajadores p\u00fablicos tendr\u00e1n un aumento salarial.\u00a0 El decreto se dio a trav\u00e9s de la","breadcrumb":{"@id":"https:\/\/alprestamo.com\/blog\/aumento-salarial-para-empleados-a-quienes-beneficia-y-de-cuanto-es\/#breadcrumb"},"inLanguage":"es-AR","potentialAction":[{"@type":"ReadAction","target":["https:\/\/alprestamo.com\/blog\/aumento-salarial-para-empleados-a-quienes-beneficia-y-de-cuanto-es\/"]}]},{"@type":"ImageObject","inLanguage":"es-AR","@id":"https:\/\/alprestamo.com\/blog\/aumento-salarial-para-empleados-a-quienes-beneficia-y-de-cuanto-es\/#primaryimage","url":"https:\/\/alprestamo.com\/blog\/wp-content\/uploads\/2023\/07\/soles-peruanos-aumento.jpg","contentUrl":"https:\/\/alprestamo.com\/blog\/wp-content\/uploads\/2023\/07\/soles-peruanos-aumento.jpg","width":1800,"height":1212,"caption":"Bono de S\/600"},{"@type":"BreadcrumbList","@id":"https:\/\/alprestamo.com\/blog\/aumento-salarial-para-empleados-a-quienes-beneficia-y-de-cuanto-es\/#breadcrumb","itemListElement":[{"@type":"ListItem","position":1,"name":"Home","item":"https:\/\/alprestamo.com\/blog\/"},{"@type":"ListItem","position":2,"name":"Aumento salarial para empleados: a qui\u00e9nes beneficia y de cu\u00e1nto es"}]},{"@type":"WebSite","@id":"https:\/\/alprestamo.com\/blog\/#website","url":"https:\/\/alprestamo.com\/blog\/","name":"Alprestamo","description":"Hacemos que todo suceda","publisher":{"@id":"https:\/\/alprestamo.com\/blog\/#organization"},"potentialAction":[{"@type":"SearchAction","target":{"@type":"EntryPoint","urlTemplate":"https:\/\/alprestamo.com\/blog\/?s={search_term_string}"},"query-input":"required name=search_term_string"}],"inLanguage":"es-AR"},{"@type":"Organization","@id":"https:\/\/alprestamo.com\/blog\/#organization","name":"Alprestamo","url":"https:\/\/alprestamo.com\/blog\/","logo":{"@type":"ImageObject","inLanguage":"es-AR","@id":"https:\/\/alprestamo.com\/blog\/#\/schema\/logo\/image\/","url":"https:\/\/alprestamo.com\/blog\/wp-content\/uploads\/2022\/10\/Imagotipo_Blanco.svg","contentUrl":"https:\/\/alprestamo.com\/blog\/wp-content\/uploads\/2022\/10\/Imagotipo_Blanco.svg","width":1199,"height":203,"caption":"Alprestamo"},"image":{"@id":"https:\/\/alprestamo.com\/blog\/#\/schema\/logo\/image\/"}},{"@type":"Person","@id":"https:\/\/alprestamo.com\/blog\/#\/schema\/person\/4c568603ceb381762b4c9062d42c7627","name":"Ramiro Querejeta","image":{"@type":"ImageObject","inLanguage":"es-AR","@id":"https:\/\/alprestamo.com\/blog\/#\/schema\/person\/image\/","url":"https:\/\/alprestamo.com\/blog\/wp-content\/uploads\/2025\/08\/1688503693490-150x150.jpeg","contentUrl":"https:\/\/alprestamo.com\/blog\/wp-content\/uploads\/2025\/08\/1688503693490-150x150.jpeg","caption":"Ramiro Querejeta"},"url":"https:\/\/alprestamo.com\/blog\/author\/ramiro\/"}]}},"uagb_featured_image_src":{"full":["https:\/\/alprestamo.com\/blog\/wp-content\/uploads\/2023\/07\/soles-peruanos-aumento.jpg",1800,1212,false],"thumbnail":["https:\/\/alprestamo.com\/blog\/wp-content\/uploads\/2023\/07\/soles-peruanos-aumento-150x150.jpg",150,150,true],"medium":["https:\/\/alprestamo.com\/blog\/wp-content\/uploads\/2023\/07\/soles-peruanos-aumento-300x202.jpg",300,202,true],"medium_large":["https:\/\/alprestamo.com\/blog\/wp-content\/uploads\/2023\/07\/soles-peruanos-aumento-768x517.jpg",768,517,true],"large":["https:\/\/alprestamo.com\/blog\/wp-content\/uploads\/2023\/07\/soles-peruanos-aumento-1024x689.jpg",1024,689,true],"1536x1536":["https:\/\/alprestamo.com\/blog\/wp-content\/uploads\/2023\/07\/soles-peruanos-aumento-1536x1034.jpg",1536,1034,true],"2048x2048":["https:\/\/alprestamo.com\/blog\/wp-content\/uploads\/2023\/07\/soles-peruanos-aumento.jpg",1800,1212,false]},"uagb_author_info":{"display_name":"Ramiro Querejeta","author_link":"https:\/\/alprestamo.com\/blog\/author\/ramiro\/"},"uagb_comment_info":0,"uagb_excerpt":"El Poder Ejecutivo de Per\u00fa aprob\u00f3 un decreto por el que los trabajadores p\u00fablicos tendr\u00e1n un aumento salarial.\u00a0 El decreto se dio a trav\u00e9s de la negociaci\u00f3n del Convenio Colectivo Centralizado 2023 junto con los sindicatos del sector p\u00fablico. Este aumento beneficia econ\u00f3micamente a 565.000 trabajadores.\u00a0 El costo fiscal del acuerdo colectivo rondar\u00eda los S\/919&hellip;","rttpg_featured_image_url":{"full":["https:\/\/alprestamo.com\/blog\/wp-content\/uploads\/2023\/07\/soles-peruanos-aumento.jpg",1800,1212,false],"landscape":["https:\/\/alprestamo.com\/blog\/wp-content\/uploads\/2023\/07\/soles-peruanos-aumento.jpg",1800,1212,false],"portraits":["https:\/\/alprestamo.com\/blog\/wp-content\/uploads\/2023\/07\/soles-peruanos-aumento.jpg",1800,1212,false],"thumbnail":["https:\/\/alprestamo.com\/blog\/wp-content\/uploads\/2023\/07\/soles-peruanos-aumento-150x150.jpg",150,150,true],"medium":["https:\/\/alprestamo.com\/blog\/wp-content\/uploads\/2023\/07\/soles-peruanos-aumento-300x202.jpg",300,202,true],"large":["https:\/\/alprestamo.com\/blog\/wp-content\/uploads\/2023\/07\/soles-peruanos-aumento-1024x689.jpg",1024,689,true],"1536x1536":["https:\/\/alprestamo.com\/blog\/wp-content\/uploads\/2023\/07\/soles-peruanos-aumento-1536x1034.jpg",1536,1034,true],"2048x2048":["https:\/\/alprestamo.com\/blog\/wp-content\/uploads\/2023\/07\/soles-peruanos-aumento.jpg",1800,1212,false],"rt_custom":["https:\/\/alprestamo.com\/blog\/wp-content\/uploads\/2023\/07\/soles-peruanos-aumento.jpg",1800,1212,false]},"rttpg_author":{"display_name":"Ramiro Querejeta","author_link":"https:\/\/alprestamo.com\/blog\/author\/ramiro\/"},"rttpg_comment":0,"rttpg_category":"<a href=\"https:\/\/alprestamo.com\/blog\/categoria\/pe\/mundo-laboral-pe\/\" rel=\"category tag\">Mundo laboral<\/a> <a href=\"https:\/\/alprestamo.com\/blog\/categoria\/pe\/\" rel=\"category tag\">PE<\/a>","rttpg_excerpt":"El Poder Ejecutivo de Per\u00fa aprob\u00f3 un decreto por el que los trabajadores p\u00fablicos tendr\u00e1n un aumento salarial.\u00a0 El decreto se dio a trav\u00e9s de la negociaci\u00f3n del Convenio Colectivo Centralizado 2023 junto con los sindicatos del sector p\u00fablico. Este aumento beneficia econ\u00f3micamente a 565.000 trabajadores.\u00a0 El costo fiscal del acuerdo colectivo rondar\u00eda los S\/919&hellip;","_links":{"self":[{"href":"https:\/\/alprestamo.com\/blog\/wp-json\/wp\/v2\/posts\/25057"}],"collection":[{"href":"https:\/\/alprestamo.com\/blog\/wp-json\/wp\/v2\/posts"}],"about":[{"href":"https:\/\/alprestamo.com\/blog\/wp-json\/wp\/v2\/types\/post"}],"author":[{"embeddable":true,"href":"https:\/\/alprestamo.com\/blog\/wp-json\/wp\/v2\/users\/9"}],"replies":[{"embeddable":true,"href":"https:\/\/alprestamo.com\/blog\/wp-json\/wp\/v2\/comments?post=25057"}],"version-history":[{"count":2,"href":"https:\/\/alprestamo.com\/blog\/wp-json\/wp\/v2\/posts\/25057\/revisions"}],"predecessor-version":[{"id":25062,"href":"https:\/\/alprestamo.com\/blog\/wp-json\/wp\/v2\/posts\/25057\/revisions\/25062"}],"wp:featuredmedia":[{"embeddable":true,"href":"https:\/\/alprestamo.com\/blog\/wp-json\/wp\/v2\/media\/25061"}],"wp:attachment":[{"href":"https:\/\/alprestamo.com\/blog\/wp-json\/wp\/v2\/media?parent=25057"}],"wp:term":[{"taxonomy":"category","embeddable":true,"href":"https:\/\/alprestamo.com\/blog\/wp-json\/wp\/v2\/categories?post=25057"},{"taxonomy":"post_tag","embeddable":true,"href":"https:\/\/alprestamo.com\/blog\/wp-json\/wp\/v2\/tags?post=25057"}],"curies":[{"name":"wp","href":"https:\/\/api.w.org\/{rel}","templated":true}]}}