{"id":25111,"date":"2023-07-25T11:00:22","date_gmt":"2023-07-25T14:00:22","guid":{"rendered":"https:\/\/alprestamo.com\/blog\/?p=25111"},"modified":"2024-05-22T17:30:57","modified_gmt":"2024-05-22T20:30:57","slug":"sisben-a-que-programas-sociales-permite-acceder","status":"publish","type":"post","link":"https:\/\/alprestamo.com\/blog\/sisben-a-que-programas-sociales-permite-acceder\/","title":{"rendered":"Sisb\u00e9n: a qu\u00e9 programas sociales permite acceder"},"content":{"rendered":"\n<p>El <strong>Sisb\u00e9n <\/strong>permite el acceso a beneficios sociales o apoyos econ\u00f3micos a las poblaciones m\u00e1s vulnerables de Colombia y est\u00e1 coordinado con el Departamento Nacional de Planeaci\u00f3n.&nbsp;<\/p>\n\n\n\n<h2 class=\"wp-block-heading\">Programas sociales que coordina el Sisb\u00e9n<\/h2>\n\n\n\n<p>El <strong>Departamento Nacional de Planeaci\u00f3n<\/strong> elabor\u00f3 una<a href=\"https:\/\/alprestamo.com\/blog\/co\/que-programas-sociales-existen-en-colombia\/\" target=\"_blank\" rel=\"noreferrer noopener\"> lista de los programa sociales <\/a>que se encuentran coordinados con el Sisb\u00e9n, que puede ser consultados en los portales web de cada entidad nacional o distritales encargados de su ejecuci\u00f3n.\u00a0<\/p>\n\n\n\n<p>Igualmente, record\u00f3 que el Sisb\u00e9n <strong>no <a href=\"https:\/\/alprestamo.com\/blog\/co\/como-acceder-a-un-subsidio-en-colombia\/\" target=\"_blank\" rel=\"noreferrer noopener\">otorga subsidios<\/a> ni se responsabiliza de la entrada o salida de las personas fiscalizadas de los programas sociales <\/strong>que hay en Colombia.\u00a0<\/p>\n\n\n\n<p>A su vez, el departamento aclar\u00f3 que son las entidades las que administran los programas; los que establecen las condiciones a cumplir por las personas que desean acceder a estas ayudas sociales.&nbsp;<\/p>\n\n\n\n<p><strong>Los programas sociales que coordina el Sisb\u00e9n son<\/strong>:&nbsp;<\/p>\n\n\n\n<p>Icetex: Programa \u201cT\u00fa Eliges\u201d.<\/p>\n\n\n\n<p>Ministerio de Minas y Energ\u00eda: Subsidio Gas Licuado de Petr\u00f3leo (GLP).<\/p>\n\n\n\n<p>Ministerio de Salud y Protecci\u00f3n Social: R\u00e9gimen Subsidiado de Salud.<\/p>\n\n\n\n<p>Unidad Alimentaci\u00f3n Escolar: Programa de Alimentaci\u00f3n Escolar (PAE).<\/p>\n\n\n\n<p>Unidad para las V\u00edctimas: Atenci\u00f3n Humanitaria.<\/p>\n\n\n\n<p><strong>Instituto Colombiano de Bienestar Familiar (Icbf)<\/strong><\/p>\n\n\n\n<ul class=\"wp-block-list\">\n<li>Atenci\u00f3n Integral a la Primera Infancia.<\/li>\n\n\n\n<li>Infancia.<\/li>\n\n\n\n<li>Adolescencia y Juventud.<\/li>\n\n\n\n<li>Nutrici\u00f3n.<\/li>\n\n\n\n<li>Protecci\u00f3n (hogar gestor y otros similares).<\/li>\n\n\n\n<li>Familias y Comunidades.<\/li>\n<\/ul>\n\n\n\n<p><strong>Ministerio de Educaci\u00f3n<\/strong><\/p>\n\n\n\n<ul class=\"wp-block-list\">\n<li>Generaci\u00f3n E: Equidad.<\/li>\n\n\n\n<li>Generaci\u00f3n E: Excelencia.<\/li>\n\n\n\n<li>Pol\u00edtica de Gratuidad.<\/li>\n<\/ul>\n\n\n\n<p><strong>Ministerio de Vivienda<\/strong><\/p>\n\n\n\n<ul class=\"wp-block-list\">\n<li><a href=\"https:\/\/alprestamo.com\/blog\/co\/que-es-el-programa-cambia-mi-casa-y-como-puedo-aplicar\/\" target=\"_blank\" rel=\"noreferrer noopener\">Mi Casa Ya.<\/a><\/li>\n\n\n\n<li>Vivienda Rural.<\/li>\n\n\n\n<li>Casa Digna, Vida Digna.<\/li>\n<\/ul>\n\n\n\n<p><strong>Prosperidad Social<\/strong><\/p>\n\n\n\n<ul class=\"wp-block-list\">\n<li>Colombia Mayor.<\/li>\n\n\n\n<li>Compensaci\u00f3n de IVA.<\/li>\n\n\n\n<li>Emprendimientos Colectivos.<\/li>\n\n\n\n<li><a href=\"https:\/\/alprestamo.com\/blog\/co\/ingreso-solidario-2023-como-acceder-al-beneficio-y-de-cuanto-es\/\" target=\"_blank\" rel=\"noreferrer noopener\"><strong>Ingreso Solidario<\/strong>.<\/a><\/li>\n\n\n\n<li>Familias en Acci\u00f3n<\/li>\n\n\n\n<li><strong>J\u00f3venes en Acci\u00f3n<\/strong>.<\/li>\n\n\n\n<li>Mi Negocio.<\/li>\n\n\n\n<li>Red Unidos.<\/li>\n\n\n\n<li>RESA (Red de Seguridad Alimentaria).<\/li>\n<\/ul>\n\n\n\n<h2 class=\"wp-block-heading\">Funciones del Sisb\u00e9n<\/h2>\n\n\n\n<p>Desde 1995 hasta la actualidad, se han implementado <strong>cuatro versiones del Sisb\u00e9n<\/strong>, cada una con una metodolog\u00eda distinta, que se refiere como un conjunto de procedimientos para obtener el resultado que refleje las condiciones socioecon\u00f3micas de cada persona encuestada.&nbsp;<\/p>\n\n\n\n<p>El Sisb\u00e9n es el <strong>encargado de evaluar a la poblaci\u00f3n a partir de cinco dimensiones de bienesta<\/strong>r, donde prevalece el enfoque de inclusi\u00f3n productiva y social.&nbsp;<\/p>\n\n\n\n<p>Esta nueva categor\u00eda tiene en cuenta la capacidad de generar ingresos de los hogares a los que se encuesta, desde el punto de vista socioecon\u00f3mico. Al mismo tiempo, esta encuesta permite calcular el <strong>\u00cdndice de Pobreza Multidimensional (IPM)<\/strong>.&nbsp;<\/p>\n\n\n\n<h2 class=\"wp-block-heading\">Beneficios por acceder al Sisb\u00e9n<\/h2>\n\n\n\n<p>El <em>Sisb\u00e9n <\/em>permite o facilita los siguientes procesos:&nbsp;<\/p>\n\n\n\n<ul class=\"wp-block-list\">\n<li>Facilitar la clasificaci\u00f3n de los potenciales beneficiarios de programas sociales de forma r\u00e1pida, objetiva, uniforme y equitativa<\/li>\n<\/ul>\n\n\n\n<ul class=\"wp-block-list\">\n<li>Permitir la elaboraci\u00f3n de diagn\u00f3sticos socioecon\u00f3micos de la poblaci\u00f3n colombiana para el apoyo de la planificaci\u00f3n nacional y territorial, adem\u00e1s del dise\u00f1o y la implementaci\u00f3n de los programas sociales.&nbsp;<\/li>\n<\/ul>\n\n\n\n<ul class=\"wp-block-list\">\n<li>Contribuir al fortalecimiento institucional, a trav\u00e9s de un sistema moderno de informaci\u00f3n social que permita mejorar la identificaci\u00f3n de la poblaci\u00f3n<\/li>\n<\/ul>\n","protected":false},"excerpt":{"rendered":"<p>El Sisb\u00e9n permite el acceso a beneficios sociales o apoyos econ\u00f3micos a las poblaciones m\u00e1s vulnerables de Colombia y est\u00e1 coordinado con el Departamento Nacional de Planeaci\u00f3n.&nbsp; Programas sociales que coordina el Sisb\u00e9n El Departamento Nacional de Planeaci\u00f3n elabor\u00f3 una lista de los programa sociales que se encuentran coordinados con el Sisb\u00e9n, que puede ser &hellip;<\/p>\n<p class=\"read-more\"> <a class=\"\" href=\"https:\/\/alprestamo.com\/blog\/sisben-a-que-programas-sociales-permite-acceder\/\"> <span class=\"screen-reader-text\">Sisb\u00e9n: a qu\u00e9 programas sociales permite acceder<\/span> Leer m\u00e1s &raquo;<\/a><\/p>\n","protected":false},"author":9,"featured_media":25114,"comment_status":"closed","ping_status":"closed","sticky":false,"template":"","format":"standard","meta":{"_uag_custom_page_level_css":"","site-sidebar-layout":"default","site-content-layout":"default","ast-global-header-display":"","ast-banner-title-visibility":"","ast-main-header-display":"","ast-hfb-above-header-display":"","ast-hfb-below-header-display":"","ast-hfb-mobile-header-display":"","site-post-title":"","ast-breadcrumbs-content":"","ast-featured-img":"","footer-sml-layout":"","theme-transparent-header-meta":"","adv-header-id-meta":"","stick-header-meta":"","header-above-stick-meta":"","header-main-stick-meta":"","header-below-stick-meta":"","footnotes":""},"categories":[98,100],"tags":[],"class_list":["post-25111","post","type-post","status-publish","format-standard","has-post-thumbnail","hentry","category-co","category-programas-sociales"],"acf":[],"yoast_head":"<!-- This site is optimized with the Yoast SEO plugin v23.2 - https:\/\/yoast.com\/wordpress\/plugins\/seo\/ -->\n<title>Sisb\u00e9n: a qu\u00e9 programas sociales permite acceder<\/title>\n<meta name=\"description\" content=\"El Sisb\u00e9n permite el acceso a beneficios sociales o apoyos econ\u00f3micos a las poblaciones m\u00e1s vulnerables de Colombia y est\u00e1 coordinado con el Departamento\" \/>\n<meta name=\"robots\" content=\"index, follow, max-snippet:-1, max-image-preview:large, max-video-preview:-1\" \/>\n<link rel=\"canonical\" href=\"https:\/\/alprestamo.com\/blog\/sisben-a-que-programas-sociales-permite-acceder\/\" \/>\n<meta property=\"og:locale\" content=\"es_ES\" \/>\n<meta property=\"og:type\" content=\"article\" \/>\n<meta property=\"og:title\" content=\"Sisb\u00e9n: a qu\u00e9 programas sociales permite acceder\" \/>\n<meta property=\"og:description\" content=\"El Sisb\u00e9n permite el acceso a beneficios sociales o apoyos econ\u00f3micos a las poblaciones m\u00e1s vulnerables de Colombia y est\u00e1 coordinado con el Departamento\" \/>\n<meta property=\"og:url\" content=\"https:\/\/alprestamo.com\/blog\/sisben-a-que-programas-sociales-permite-acceder\/\" \/>\n<meta property=\"og:site_name\" content=\"Alprestamo - Hacemos que todo suceda\" \/>\n<meta property=\"article:published_time\" content=\"2023-07-25T14:00:22+00:00\" \/>\n<meta property=\"article:modified_time\" content=\"2024-05-22T20:30:57+00:00\" \/>\n<meta property=\"og:image\" content=\"https:\/\/alprestamo.com\/blog\/wp-content\/uploads\/2023\/07\/sisben-colombia.jpg\" \/>\n\t<meta property=\"og:image:width\" content=\"1000\" \/>\n\t<meta property=\"og:image:height\" content=\"716\" \/>\n\t<meta property=\"og:image:type\" content=\"image\/jpeg\" \/>\n<meta name=\"author\" content=\"Ramiro Querejeta\" \/>\n<meta name=\"twitter:card\" content=\"summary_large_image\" \/>\n<meta name=\"twitter:label1\" content=\"Escrito por\" \/>\n\t<meta name=\"twitter:data1\" content=\"Ramiro Querejeta\" \/>\n\t<meta name=\"twitter:label2\" content=\"Tiempo de lectura\" \/>\n\t<meta name=\"twitter:data2\" content=\"3 minutos\" \/>\n<script type=\"application\/ld+json\" class=\"yoast-schema-graph\">{\"@context\":\"https:\/\/schema.org\",\"@graph\":[{\"@type\":\"NewsArticle\",\"@id\":\"https:\/\/alprestamo.com\/blog\/sisben-a-que-programas-sociales-permite-acceder\/#article\",\"isPartOf\":{\"@id\":\"https:\/\/alprestamo.com\/blog\/sisben-a-que-programas-sociales-permite-acceder\/\"},\"author\":{\"name\":\"Ramiro Querejeta\",\"@id\":\"https:\/\/alprestamo.com\/blog\/#\/schema\/person\/4c568603ceb381762b4c9062d42c7627\"},\"headline\":\"Sisb\u00e9n: a qu\u00e9 programas sociales permite acceder\",\"datePublished\":\"2023-07-25T14:00:22+00:00\",\"dateModified\":\"2024-05-22T20:30:57+00:00\",\"mainEntityOfPage\":{\"@id\":\"https:\/\/alprestamo.com\/blog\/sisben-a-que-programas-sociales-permite-acceder\/\"},\"wordCount\":508,\"publisher\":{\"@id\":\"https:\/\/alprestamo.com\/blog\/#organization\"},\"image\":{\"@id\":\"https:\/\/alprestamo.com\/blog\/sisben-a-que-programas-sociales-permite-acceder\/#primaryimage\"},\"thumbnailUrl\":\"https:\/\/alprestamo.com\/blog\/wp-content\/uploads\/2023\/07\/sisben-colombia.jpg\",\"articleSection\":[\"CO\",\"Programas sociales\"],\"inLanguage\":\"es-AR\"},{\"@type\":\"WebPage\",\"@id\":\"https:\/\/alprestamo.com\/blog\/sisben-a-que-programas-sociales-permite-acceder\/\",\"url\":\"https:\/\/alprestamo.com\/blog\/sisben-a-que-programas-sociales-permite-acceder\/\",\"name\":\"Sisb\u00e9n: a qu\u00e9 programas sociales permite acceder\",\"isPartOf\":{\"@id\":\"https:\/\/alprestamo.com\/blog\/#website\"},\"primaryImageOfPage\":{\"@id\":\"https:\/\/alprestamo.com\/blog\/sisben-a-que-programas-sociales-permite-acceder\/#primaryimage\"},\"image\":{\"@id\":\"https:\/\/alprestamo.com\/blog\/sisben-a-que-programas-sociales-permite-acceder\/#primaryimage\"},\"thumbnailUrl\":\"https:\/\/alprestamo.com\/blog\/wp-content\/uploads\/2023\/07\/sisben-colombia.jpg\",\"datePublished\":\"2023-07-25T14:00:22+00:00\",\"dateModified\":\"2024-05-22T20:30:57+00:00\",\"description\":\"El Sisb\u00e9n permite el acceso a beneficios sociales o apoyos econ\u00f3micos a las poblaciones m\u00e1s vulnerables de Colombia y est\u00e1 coordinado con el Departamento\",\"breadcrumb\":{\"@id\":\"https:\/\/alprestamo.com\/blog\/sisben-a-que-programas-sociales-permite-acceder\/#breadcrumb\"},\"inLanguage\":\"es-AR\",\"potentialAction\":[{\"@type\":\"ReadAction\",\"target\":[\"https:\/\/alprestamo.com\/blog\/sisben-a-que-programas-sociales-permite-acceder\/\"]}]},{\"@type\":\"ImageObject\",\"inLanguage\":\"es-AR\",\"@id\":\"https:\/\/alprestamo.com\/blog\/sisben-a-que-programas-sociales-permite-acceder\/#primaryimage\",\"url\":\"https:\/\/alprestamo.com\/blog\/wp-content\/uploads\/2023\/07\/sisben-colombia.jpg\",\"contentUrl\":\"https:\/\/alprestamo.com\/blog\/wp-content\/uploads\/2023\/07\/sisben-colombia.jpg\",\"width\":1000,\"height\":716},{\"@type\":\"BreadcrumbList\",\"@id\":\"https:\/\/alprestamo.com\/blog\/sisben-a-que-programas-sociales-permite-acceder\/#breadcrumb\",\"itemListElement\":[{\"@type\":\"ListItem\",\"position\":1,\"name\":\"Home\",\"item\":\"https:\/\/alprestamo.com\/blog\/\"},{\"@type\":\"ListItem\",\"position\":2,\"name\":\"Sisb\u00e9n: a qu\u00e9 programas sociales permite acceder\"}]},{\"@type\":\"WebSite\",\"@id\":\"https:\/\/alprestamo.com\/blog\/#website\",\"url\":\"https:\/\/alprestamo.com\/blog\/\",\"name\":\"Alprestamo\",\"description\":\"Hacemos que todo suceda\",\"publisher\":{\"@id\":\"https:\/\/alprestamo.com\/blog\/#organization\"},\"potentialAction\":[{\"@type\":\"SearchAction\",\"target\":{\"@type\":\"EntryPoint\",\"urlTemplate\":\"https:\/\/alprestamo.com\/blog\/?s={search_term_string}\"},\"query-input\":\"required name=search_term_string\"}],\"inLanguage\":\"es-AR\"},{\"@type\":\"Organization\",\"@id\":\"https:\/\/alprestamo.com\/blog\/#organization\",\"name\":\"Alprestamo\",\"url\":\"https:\/\/alprestamo.com\/blog\/\",\"logo\":{\"@type\":\"ImageObject\",\"inLanguage\":\"es-AR\",\"@id\":\"https:\/\/alprestamo.com\/blog\/#\/schema\/logo\/image\/\",\"url\":\"https:\/\/alprestamo.com\/blog\/wp-content\/uploads\/2022\/10\/Imagotipo_Blanco.svg\",\"contentUrl\":\"https:\/\/alprestamo.com\/blog\/wp-content\/uploads\/2022\/10\/Imagotipo_Blanco.svg\",\"width\":1199,\"height\":203,\"caption\":\"Alprestamo\"},\"image\":{\"@id\":\"https:\/\/alprestamo.com\/blog\/#\/schema\/logo\/image\/\"}},{\"@type\":\"Person\",\"@id\":\"https:\/\/alprestamo.com\/blog\/#\/schema\/person\/4c568603ceb381762b4c9062d42c7627\",\"name\":\"Ramiro Querejeta\",\"image\":{\"@type\":\"ImageObject\",\"inLanguage\":\"es-AR\",\"@id\":\"https:\/\/alprestamo.com\/blog\/#\/schema\/person\/image\/\",\"url\":\"https:\/\/alprestamo.com\/blog\/wp-content\/uploads\/2025\/08\/1688503693490-150x150.jpeg\",\"contentUrl\":\"https:\/\/alprestamo.com\/blog\/wp-content\/uploads\/2025\/08\/1688503693490-150x150.jpeg\",\"caption\":\"Ramiro Querejeta\"},\"url\":\"https:\/\/alprestamo.com\/blog\/author\/ramiro\/\"}]}<\/script>\n<!-- \/ Yoast SEO plugin. -->","yoast_head_json":{"title":"Sisb\u00e9n: a qu\u00e9 programas sociales permite acceder","description":"El Sisb\u00e9n permite el acceso a beneficios sociales o apoyos econ\u00f3micos a las poblaciones m\u00e1s vulnerables de Colombia y est\u00e1 coordinado con el Departamento","robots":{"index":"index","follow":"follow","max-snippet":"max-snippet:-1","max-image-preview":"max-image-preview:large","max-video-preview":"max-video-preview:-1"},"canonical":"https:\/\/alprestamo.com\/blog\/sisben-a-que-programas-sociales-permite-acceder\/","og_locale":"es_ES","og_type":"article","og_title":"Sisb\u00e9n: a qu\u00e9 programas sociales permite acceder","og_description":"El Sisb\u00e9n permite el acceso a beneficios sociales o apoyos econ\u00f3micos a las poblaciones m\u00e1s vulnerables de Colombia y est\u00e1 coordinado con el Departamento","og_url":"https:\/\/alprestamo.com\/blog\/sisben-a-que-programas-sociales-permite-acceder\/","og_site_name":"Alprestamo - Hacemos que todo suceda","article_published_time":"2023-07-25T14:00:22+00:00","article_modified_time":"2024-05-22T20:30:57+00:00","og_image":[{"width":1000,"height":716,"url":"https:\/\/alprestamo.com\/blog\/wp-content\/uploads\/2023\/07\/sisben-colombia.jpg","type":"image\/jpeg"}],"author":"Ramiro Querejeta","twitter_card":"summary_large_image","twitter_misc":{"Escrito por":"Ramiro Querejeta","Tiempo de lectura":"3 minutos"},"schema":{"@context":"https:\/\/schema.org","@graph":[{"@type":"NewsArticle","@id":"https:\/\/alprestamo.com\/blog\/sisben-a-que-programas-sociales-permite-acceder\/#article","isPartOf":{"@id":"https:\/\/alprestamo.com\/blog\/sisben-a-que-programas-sociales-permite-acceder\/"},"author":{"name":"Ramiro Querejeta","@id":"https:\/\/alprestamo.com\/blog\/#\/schema\/person\/4c568603ceb381762b4c9062d42c7627"},"headline":"Sisb\u00e9n: a qu\u00e9 programas sociales permite acceder","datePublished":"2023-07-25T14:00:22+00:00","dateModified":"2024-05-22T20:30:57+00:00","mainEntityOfPage":{"@id":"https:\/\/alprestamo.com\/blog\/sisben-a-que-programas-sociales-permite-acceder\/"},"wordCount":508,"publisher":{"@id":"https:\/\/alprestamo.com\/blog\/#organization"},"image":{"@id":"https:\/\/alprestamo.com\/blog\/sisben-a-que-programas-sociales-permite-acceder\/#primaryimage"},"thumbnailUrl":"https:\/\/alprestamo.com\/blog\/wp-content\/uploads\/2023\/07\/sisben-colombia.jpg","articleSection":["CO","Programas sociales"],"inLanguage":"es-AR"},{"@type":"WebPage","@id":"https:\/\/alprestamo.com\/blog\/sisben-a-que-programas-sociales-permite-acceder\/","url":"https:\/\/alprestamo.com\/blog\/sisben-a-que-programas-sociales-permite-acceder\/","name":"Sisb\u00e9n: a qu\u00e9 programas sociales permite acceder","isPartOf":{"@id":"https:\/\/alprestamo.com\/blog\/#website"},"primaryImageOfPage":{"@id":"https:\/\/alprestamo.com\/blog\/sisben-a-que-programas-sociales-permite-acceder\/#primaryimage"},"image":{"@id":"https:\/\/alprestamo.com\/blog\/sisben-a-que-programas-sociales-permite-acceder\/#primaryimage"},"thumbnailUrl":"https:\/\/alprestamo.com\/blog\/wp-content\/uploads\/2023\/07\/sisben-colombia.jpg","datePublished":"2023-07-25T14:00:22+00:00","dateModified":"2024-05-22T20:30:57+00:00","description":"El Sisb\u00e9n permite el acceso a beneficios sociales o apoyos econ\u00f3micos a las poblaciones m\u00e1s vulnerables de Colombia y est\u00e1 coordinado con el Departamento","breadcrumb":{"@id":"https:\/\/alprestamo.com\/blog\/sisben-a-que-programas-sociales-permite-acceder\/#breadcrumb"},"inLanguage":"es-AR","potentialAction":[{"@type":"ReadAction","target":["https:\/\/alprestamo.com\/blog\/sisben-a-que-programas-sociales-permite-acceder\/"]}]},{"@type":"ImageObject","inLanguage":"es-AR","@id":"https:\/\/alprestamo.com\/blog\/sisben-a-que-programas-sociales-permite-acceder\/#primaryimage","url":"https:\/\/alprestamo.com\/blog\/wp-content\/uploads\/2023\/07\/sisben-colombia.jpg","contentUrl":"https:\/\/alprestamo.com\/blog\/wp-content\/uploads\/2023\/07\/sisben-colombia.jpg","width":1000,"height":716},{"@type":"BreadcrumbList","@id":"https:\/\/alprestamo.com\/blog\/sisben-a-que-programas-sociales-permite-acceder\/#breadcrumb","itemListElement":[{"@type":"ListItem","position":1,"name":"Home","item":"https:\/\/alprestamo.com\/blog\/"},{"@type":"ListItem","position":2,"name":"Sisb\u00e9n: a qu\u00e9 programas sociales permite acceder"}]},{"@type":"WebSite","@id":"https:\/\/alprestamo.com\/blog\/#website","url":"https:\/\/alprestamo.com\/blog\/","name":"Alprestamo","description":"Hacemos que todo suceda","publisher":{"@id":"https:\/\/alprestamo.com\/blog\/#organization"},"potentialAction":[{"@type":"SearchAction","target":{"@type":"EntryPoint","urlTemplate":"https:\/\/alprestamo.com\/blog\/?s={search_term_string}"},"query-input":"required name=search_term_string"}],"inLanguage":"es-AR"},{"@type":"Organization","@id":"https:\/\/alprestamo.com\/blog\/#organization","name":"Alprestamo","url":"https:\/\/alprestamo.com\/blog\/","logo":{"@type":"ImageObject","inLanguage":"es-AR","@id":"https:\/\/alprestamo.com\/blog\/#\/schema\/logo\/image\/","url":"https:\/\/alprestamo.com\/blog\/wp-content\/uploads\/2022\/10\/Imagotipo_Blanco.svg","contentUrl":"https:\/\/alprestamo.com\/blog\/wp-content\/uploads\/2022\/10\/Imagotipo_Blanco.svg","width":1199,"height":203,"caption":"Alprestamo"},"image":{"@id":"https:\/\/alprestamo.com\/blog\/#\/schema\/logo\/image\/"}},{"@type":"Person","@id":"https:\/\/alprestamo.com\/blog\/#\/schema\/person\/4c568603ceb381762b4c9062d42c7627","name":"Ramiro Querejeta","image":{"@type":"ImageObject","inLanguage":"es-AR","@id":"https:\/\/alprestamo.com\/blog\/#\/schema\/person\/image\/","url":"https:\/\/alprestamo.com\/blog\/wp-content\/uploads\/2025\/08\/1688503693490-150x150.jpeg","contentUrl":"https:\/\/alprestamo.com\/blog\/wp-content\/uploads\/2025\/08\/1688503693490-150x150.jpeg","caption":"Ramiro Querejeta"},"url":"https:\/\/alprestamo.com\/blog\/author\/ramiro\/"}]}},"uagb_featured_image_src":{"full":["https:\/\/alprestamo.com\/blog\/wp-content\/uploads\/2023\/07\/sisben-colombia.jpg",1000,716,false],"thumbnail":["https:\/\/alprestamo.com\/blog\/wp-content\/uploads\/2023\/07\/sisben-colombia-150x150.jpg",150,150,true],"medium":["https:\/\/alprestamo.com\/blog\/wp-content\/uploads\/2023\/07\/sisben-colombia-300x215.jpg",300,215,true],"medium_large":["https:\/\/alprestamo.com\/blog\/wp-content\/uploads\/2023\/07\/sisben-colombia-768x550.jpg",768,550,true],"large":["https:\/\/alprestamo.com\/blog\/wp-content\/uploads\/2023\/07\/sisben-colombia.jpg",1000,716,false],"1536x1536":["https:\/\/alprestamo.com\/blog\/wp-content\/uploads\/2023\/07\/sisben-colombia.jpg",1000,716,false],"2048x2048":["https:\/\/alprestamo.com\/blog\/wp-content\/uploads\/2023\/07\/sisben-colombia.jpg",1000,716,false]},"uagb_author_info":{"display_name":"Ramiro Querejeta","author_link":"https:\/\/alprestamo.com\/blog\/author\/ramiro\/"},"uagb_comment_info":0,"uagb_excerpt":"El Sisb\u00e9n permite el acceso a beneficios sociales o apoyos econ\u00f3micos a las poblaciones m\u00e1s vulnerables de Colombia y est\u00e1 coordinado con el Departamento Nacional de Planeaci\u00f3n.&nbsp; Programas sociales que coordina el Sisb\u00e9n El Departamento Nacional de Planeaci\u00f3n elabor\u00f3 una lista de los programa sociales que se encuentran coordinados con el Sisb\u00e9n, que puede ser&hellip;","rttpg_featured_image_url":{"full":["https:\/\/alprestamo.com\/blog\/wp-content\/uploads\/2023\/07\/sisben-colombia.jpg",1000,716,false],"landscape":["https:\/\/alprestamo.com\/blog\/wp-content\/uploads\/2023\/07\/sisben-colombia.jpg",1000,716,false],"portraits":["https:\/\/alprestamo.com\/blog\/wp-content\/uploads\/2023\/07\/sisben-colombia.jpg",1000,716,false],"thumbnail":["https:\/\/alprestamo.com\/blog\/wp-content\/uploads\/2023\/07\/sisben-colombia-150x150.jpg",150,150,true],"medium":["https:\/\/alprestamo.com\/blog\/wp-content\/uploads\/2023\/07\/sisben-colombia-300x215.jpg",300,215,true],"large":["https:\/\/alprestamo.com\/blog\/wp-content\/uploads\/2023\/07\/sisben-colombia.jpg",1000,716,false],"1536x1536":["https:\/\/alprestamo.com\/blog\/wp-content\/uploads\/2023\/07\/sisben-colombia.jpg",1000,716,false],"2048x2048":["https:\/\/alprestamo.com\/blog\/wp-content\/uploads\/2023\/07\/sisben-colombia.jpg",1000,716,false],"rt_custom":["https:\/\/alprestamo.com\/blog\/wp-content\/uploads\/2023\/07\/sisben-colombia.jpg",1000,716,false]},"rttpg_author":{"display_name":"Ramiro Querejeta","author_link":"https:\/\/alprestamo.com\/blog\/author\/ramiro\/"},"rttpg_comment":0,"rttpg_category":"<a href=\"https:\/\/alprestamo.com\/blog\/categoria\/co\/\" rel=\"category tag\">CO<\/a> <a href=\"https:\/\/alprestamo.com\/blog\/categoria\/co\/programas-sociales\/\" rel=\"category tag\">Programas sociales<\/a>","rttpg_excerpt":"El Sisb\u00e9n permite el acceso a beneficios sociales o apoyos econ\u00f3micos a las poblaciones m\u00e1s vulnerables de Colombia y est\u00e1 coordinado con el Departamento Nacional de Planeaci\u00f3n.&nbsp; Programas sociales que coordina el Sisb\u00e9n El Departamento Nacional de Planeaci\u00f3n elabor\u00f3 una lista de los programa sociales que se encuentran coordinados con el Sisb\u00e9n, que puede ser&hellip;","_links":{"self":[{"href":"https:\/\/alprestamo.com\/blog\/wp-json\/wp\/v2\/posts\/25111"}],"collection":[{"href":"https:\/\/alprestamo.com\/blog\/wp-json\/wp\/v2\/posts"}],"about":[{"href":"https:\/\/alprestamo.com\/blog\/wp-json\/wp\/v2\/types\/post"}],"author":[{"embeddable":true,"href":"https:\/\/alprestamo.com\/blog\/wp-json\/wp\/v2\/users\/9"}],"replies":[{"embeddable":true,"href":"https:\/\/alprestamo.com\/blog\/wp-json\/wp\/v2\/comments?post=25111"}],"version-history":[{"count":2,"href":"https:\/\/alprestamo.com\/blog\/wp-json\/wp\/v2\/posts\/25111\/revisions"}],"predecessor-version":[{"id":38196,"href":"https:\/\/alprestamo.com\/blog\/wp-json\/wp\/v2\/posts\/25111\/revisions\/38196"}],"wp:featuredmedia":[{"embeddable":true,"href":"https:\/\/alprestamo.com\/blog\/wp-json\/wp\/v2\/media\/25114"}],"wp:attachment":[{"href":"https:\/\/alprestamo.com\/blog\/wp-json\/wp\/v2\/media?parent=25111"}],"wp:term":[{"taxonomy":"category","embeddable":true,"href":"https:\/\/alprestamo.com\/blog\/wp-json\/wp\/v2\/categories?post=25111"},{"taxonomy":"post_tag","embeddable":true,"href":"https:\/\/alprestamo.com\/blog\/wp-json\/wp\/v2\/tags?post=25111"}],"curies":[{"name":"wp","href":"https:\/\/api.w.org\/{rel}","templated":true}]}}