{"id":25158,"date":"2023-07-26T11:28:36","date_gmt":"2023-07-26T14:28:36","guid":{"rendered":"https:\/\/alprestamo.com\/blog\/?p=25158"},"modified":"2024-01-23T17:09:56","modified_gmt":"2024-01-23T20:09:56","slug":"uruguay-extiende-al-subsidio-al-agua-embotellada-quienes-se-benefician","status":"publish","type":"post","link":"https:\/\/alprestamo.com\/blog\/uruguay-extiende-al-subsidio-al-agua-embotellada-quienes-se-benefician\/","title":{"rendered":"Uruguay extiende al subsidio al agua embotellada: qui\u00e9nes se benefician"},"content":{"rendered":"\n<p>El gobierno de Uruguay, a trav\u00e9s del Ministerio de Desarrollo Social (Mides), anunci\u00f3 la extensi\u00f3n por un mes m\u00e1s del <strong>subsidio al agua embotellada<\/strong> para la compra de hasta dos litros por d\u00eda.&nbsp;<\/p>\n\n\n\n<h2 class=\"wp-block-heading\">Subsidio al agua embotellada: qui\u00e9nes pueden acceder&nbsp;<\/h2>\n\n\n\n<p>La medida, que ya se hab\u00eda anunciado el 10 de mayo por la<a href=\"https:\/\/alprestamo.com\/blog\/uy\/economia-finanzas-uy\/como-sigue-la-crisis-del-agua-en-uruguay\/\"> crisis h\u00eddrica que presenta el pa\u00eds<\/a>,<strong> est\u00e1 destinada a la poblaci\u00f3n de Montevideo y el \u00e1rea metropolitana que se encuentra en una situaci\u00f3n socioecon\u00f3mica vulnerable<\/strong>. Esto es aproximadamente 540.000 personas.&nbsp;<\/p>\n\n\n\n<p>El <strong>ministro Desarrollo Social, Mart\u00edn Lema<\/strong>, declar\u00f3 en una rueda de prensa que la pasada extensi\u00f3n del<a href=\"https:\/\/alprestamo.com\/blog\/uy\/programas-sociales-uy\/subsidio-al-agua-para-jubilados-en-uruguay\/\"> subsidio al agua embotellada<\/a> terminaba el 1\u00b0 de agosto y ahora la fecha de finalizaci\u00f3n ser\u00e1 el 1\u00b0 de septiembre.&nbsp;&nbsp;&nbsp;<\/p>\n\n\n\n<p>\u201cCon el presidente Lacalle Pou decidimos mantener el apoyo econ\u00f3mico, destac\u00f3 Lema, quien adem\u00e1s agreg\u00f3 que los beneficiarios de Canelones y Montevideo est\u00e1n comprendidos por todos los<strong> integrantes que cobran asignaciones familiares Plan de Equidad, <a href=\"https:\/\/alprestamo.com\/blog\/uy\/programas-sociales-uy\/que-es-la-tarjeta-uruguay-social-y-como-la-solicito\/\">Tarjeta Uruguay Social<\/a> (TUS), asistencia a la vejez y los jubilados y pensionados que reciben el haber m\u00e1s bajo.&nbsp;<\/strong><\/p>\n\n\n\n<p>Cabe recordar que por la situaci\u00f3n, <strong>el 94% de los uruguayos comenzaron a tomar agua embotellada<\/strong>, cuando antes solo el 30% lo hac\u00eda. <\/p>\n\n\n\n<h2 class=\"wp-block-heading\">Situaci\u00f3n actual&nbsp;<\/h2>\n\n\n\n<p>La emergencia h\u00eddrica a\u00fan est\u00e1 latente y es por eso que el gobierno todav\u00eda mantiene este apoyo. \u201cSi bien los valores de cloruro y sodio volvieron a valores normales para que el agua de <strong>OSE (Obras Sanitarias del Estado)<\/strong> sea potable nuevamente, la crisis est\u00e1 lejos de terminar&#8221;, destac\u00f3 Lema.&nbsp;<br>A pesar de las declaraciones del ministro y del propio <strong>presidente Lacalle Pou<\/strong>, las autoridades de Obras Sanitarias del Estado indican que el pico de la situaci\u00f3n ya qued\u00f3 atr\u00e1s, a pesar de que se mantenga el <em>subsidio al agua embotellada<\/em>.<\/p>\n","protected":false},"excerpt":{"rendered":"<p>El gobierno de Uruguay, a trav\u00e9s del Ministerio de Desarrollo Social (Mides), anunci\u00f3 la extensi\u00f3n por un mes m\u00e1s del subsidio al agua embotellada para la compra de hasta dos litros por d\u00eda.&nbsp; Subsidio al agua embotellada: qui\u00e9nes pueden acceder&nbsp; La medida, que ya se hab\u00eda anunciado el 10 de mayo por la crisis h\u00eddrica &hellip;<\/p>\n<p class=\"read-more\"> <a class=\"\" href=\"https:\/\/alprestamo.com\/blog\/uruguay-extiende-al-subsidio-al-agua-embotellada-quienes-se-benefician\/\"> <span class=\"screen-reader-text\">Uruguay extiende al subsidio al agua embotellada: qui\u00e9nes se benefician<\/span> Leer m\u00e1s &raquo;<\/a><\/p>\n","protected":false},"author":9,"featured_media":25162,"comment_status":"closed","ping_status":"closed","sticky":false,"template":"","format":"standard","meta":{"_uag_custom_page_level_css":"","site-sidebar-layout":"default","site-content-layout":"default","ast-global-header-display":"","ast-banner-title-visibility":"","ast-main-header-display":"","ast-hfb-above-header-display":"","ast-hfb-below-header-display":"","ast-hfb-mobile-header-display":"","site-post-title":"","ast-breadcrumbs-content":"","ast-featured-img":"","footer-sml-layout":"","theme-transparent-header-meta":"","adv-header-id-meta":"","stick-header-meta":"","header-above-stick-meta":"","header-main-stick-meta":"","header-below-stick-meta":"","footnotes":""},"categories":[35,94],"tags":[],"class_list":["post-25158","post","type-post","status-publish","format-standard","has-post-thumbnail","hentry","category-programas-sociales-uy","category-uy"],"acf":[],"yoast_head":"<!-- This site is optimized with the Yoast SEO plugin v23.2 - https:\/\/yoast.com\/wordpress\/plugins\/seo\/ -->\n<title>Uruguay extiende al subsidio al agua embotellada: qui\u00e9nes se benefician<\/title>\n<meta name=\"description\" content=\"El gobierno de Uruguay, a trav\u00e9s del Ministerio de Desarrollo Social (Mides), anunci\u00f3 la extensi\u00f3n por un mes m\u00e1s del subsidio al agua embotellada para la\" \/>\n<meta name=\"robots\" content=\"index, follow, max-snippet:-1, max-image-preview:large, max-video-preview:-1\" \/>\n<link rel=\"canonical\" href=\"https:\/\/alprestamo.com\/blog\/uruguay-extiende-al-subsidio-al-agua-embotellada-quienes-se-benefician\/\" \/>\n<meta property=\"og:locale\" content=\"es_ES\" \/>\n<meta property=\"og:type\" content=\"article\" \/>\n<meta property=\"og:title\" content=\"Uruguay extiende al subsidio al agua embotellada: qui\u00e9nes se benefician\" \/>\n<meta property=\"og:description\" content=\"El gobierno de Uruguay, a trav\u00e9s del Ministerio de Desarrollo Social (Mides), anunci\u00f3 la extensi\u00f3n por un mes m\u00e1s del subsidio al agua embotellada para la\" \/>\n<meta property=\"og:url\" content=\"https:\/\/alprestamo.com\/blog\/uruguay-extiende-al-subsidio-al-agua-embotellada-quienes-se-benefician\/\" \/>\n<meta property=\"og:site_name\" content=\"Alprestamo - Hacemos que todo suceda\" \/>\n<meta property=\"article:published_time\" content=\"2023-07-26T14:28:36+00:00\" \/>\n<meta property=\"article:modified_time\" content=\"2024-01-23T20:09:56+00:00\" \/>\n<meta property=\"og:image\" content=\"https:\/\/alprestamo.com\/blog\/wp-content\/uploads\/2023\/07\/207870082_m_normal_none.jpg\" \/>\n\t<meta property=\"og:image:width\" content=\"2508\" \/>\n\t<meta property=\"og:image:height\" content=\"1672\" \/>\n\t<meta property=\"og:image:type\" content=\"image\/jpeg\" \/>\n<meta name=\"author\" content=\"Ramiro Querejeta\" \/>\n<meta name=\"twitter:card\" content=\"summary_large_image\" \/>\n<meta name=\"twitter:label1\" content=\"Escrito por\" \/>\n\t<meta name=\"twitter:data1\" content=\"Ramiro Querejeta\" \/>\n\t<meta name=\"twitter:label2\" content=\"Tiempo de lectura\" \/>\n\t<meta name=\"twitter:data2\" content=\"2 minutos\" \/>\n<script type=\"application\/ld+json\" class=\"yoast-schema-graph\">{\"@context\":\"https:\/\/schema.org\",\"@graph\":[{\"@type\":\"NewsArticle\",\"@id\":\"https:\/\/alprestamo.com\/blog\/uruguay-extiende-al-subsidio-al-agua-embotellada-quienes-se-benefician\/#article\",\"isPartOf\":{\"@id\":\"https:\/\/alprestamo.com\/blog\/uruguay-extiende-al-subsidio-al-agua-embotellada-quienes-se-benefician\/\"},\"author\":{\"name\":\"Ramiro Querejeta\",\"@id\":\"https:\/\/alprestamo.com\/blog\/#\/schema\/person\/4c568603ceb381762b4c9062d42c7627\"},\"headline\":\"Uruguay extiende al subsidio al agua embotellada: qui\u00e9nes se benefician\",\"datePublished\":\"2023-07-26T14:28:36+00:00\",\"dateModified\":\"2024-01-23T20:09:56+00:00\",\"mainEntityOfPage\":{\"@id\":\"https:\/\/alprestamo.com\/blog\/uruguay-extiende-al-subsidio-al-agua-embotellada-quienes-se-benefician\/\"},\"wordCount\":330,\"publisher\":{\"@id\":\"https:\/\/alprestamo.com\/blog\/#organization\"},\"image\":{\"@id\":\"https:\/\/alprestamo.com\/blog\/uruguay-extiende-al-subsidio-al-agua-embotellada-quienes-se-benefician\/#primaryimage\"},\"thumbnailUrl\":\"https:\/\/alprestamo.com\/blog\/wp-content\/uploads\/2023\/07\/207870082_m_normal_none.jpg\",\"articleSection\":[\"Programas sociales\",\"UY\"],\"inLanguage\":\"es-AR\"},{\"@type\":\"WebPage\",\"@id\":\"https:\/\/alprestamo.com\/blog\/uruguay-extiende-al-subsidio-al-agua-embotellada-quienes-se-benefician\/\",\"url\":\"https:\/\/alprestamo.com\/blog\/uruguay-extiende-al-subsidio-al-agua-embotellada-quienes-se-benefician\/\",\"name\":\"Uruguay extiende al subsidio al agua embotellada: qui\u00e9nes se benefician\",\"isPartOf\":{\"@id\":\"https:\/\/alprestamo.com\/blog\/#website\"},\"primaryImageOfPage\":{\"@id\":\"https:\/\/alprestamo.com\/blog\/uruguay-extiende-al-subsidio-al-agua-embotellada-quienes-se-benefician\/#primaryimage\"},\"image\":{\"@id\":\"https:\/\/alprestamo.com\/blog\/uruguay-extiende-al-subsidio-al-agua-embotellada-quienes-se-benefician\/#primaryimage\"},\"thumbnailUrl\":\"https:\/\/alprestamo.com\/blog\/wp-content\/uploads\/2023\/07\/207870082_m_normal_none.jpg\",\"datePublished\":\"2023-07-26T14:28:36+00:00\",\"dateModified\":\"2024-01-23T20:09:56+00:00\",\"description\":\"El gobierno de Uruguay, a trav\u00e9s del Ministerio de Desarrollo Social (Mides), anunci\u00f3 la extensi\u00f3n por un mes m\u00e1s del subsidio al agua embotellada para la\",\"breadcrumb\":{\"@id\":\"https:\/\/alprestamo.com\/blog\/uruguay-extiende-al-subsidio-al-agua-embotellada-quienes-se-benefician\/#breadcrumb\"},\"inLanguage\":\"es-AR\",\"potentialAction\":[{\"@type\":\"ReadAction\",\"target\":[\"https:\/\/alprestamo.com\/blog\/uruguay-extiende-al-subsidio-al-agua-embotellada-quienes-se-benefician\/\"]}]},{\"@type\":\"ImageObject\",\"inLanguage\":\"es-AR\",\"@id\":\"https:\/\/alprestamo.com\/blog\/uruguay-extiende-al-subsidio-al-agua-embotellada-quienes-se-benefician\/#primaryimage\",\"url\":\"https:\/\/alprestamo.com\/blog\/wp-content\/uploads\/2023\/07\/207870082_m_normal_none.jpg\",\"contentUrl\":\"https:\/\/alprestamo.com\/blog\/wp-content\/uploads\/2023\/07\/207870082_m_normal_none.jpg\",\"width\":2508,\"height\":1672,\"caption\":\"El gobierno mantendr\u00e1 el subsidio al agua embotellada\"},{\"@type\":\"BreadcrumbList\",\"@id\":\"https:\/\/alprestamo.com\/blog\/uruguay-extiende-al-subsidio-al-agua-embotellada-quienes-se-benefician\/#breadcrumb\",\"itemListElement\":[{\"@type\":\"ListItem\",\"position\":1,\"name\":\"Home\",\"item\":\"https:\/\/alprestamo.com\/blog\/\"},{\"@type\":\"ListItem\",\"position\":2,\"name\":\"Uruguay extiende al subsidio al agua embotellada: qui\u00e9nes se benefician\"}]},{\"@type\":\"WebSite\",\"@id\":\"https:\/\/alprestamo.com\/blog\/#website\",\"url\":\"https:\/\/alprestamo.com\/blog\/\",\"name\":\"Alprestamo\",\"description\":\"Hacemos que todo suceda\",\"publisher\":{\"@id\":\"https:\/\/alprestamo.com\/blog\/#organization\"},\"potentialAction\":[{\"@type\":\"SearchAction\",\"target\":{\"@type\":\"EntryPoint\",\"urlTemplate\":\"https:\/\/alprestamo.com\/blog\/?s={search_term_string}\"},\"query-input\":\"required name=search_term_string\"}],\"inLanguage\":\"es-AR\"},{\"@type\":\"Organization\",\"@id\":\"https:\/\/alprestamo.com\/blog\/#organization\",\"name\":\"Alprestamo\",\"url\":\"https:\/\/alprestamo.com\/blog\/\",\"logo\":{\"@type\":\"ImageObject\",\"inLanguage\":\"es-AR\",\"@id\":\"https:\/\/alprestamo.com\/blog\/#\/schema\/logo\/image\/\",\"url\":\"https:\/\/alprestamo.com\/blog\/wp-content\/uploads\/2022\/10\/Imagotipo_Blanco.svg\",\"contentUrl\":\"https:\/\/alprestamo.com\/blog\/wp-content\/uploads\/2022\/10\/Imagotipo_Blanco.svg\",\"width\":1199,\"height\":203,\"caption\":\"Alprestamo\"},\"image\":{\"@id\":\"https:\/\/alprestamo.com\/blog\/#\/schema\/logo\/image\/\"}},{\"@type\":\"Person\",\"@id\":\"https:\/\/alprestamo.com\/blog\/#\/schema\/person\/4c568603ceb381762b4c9062d42c7627\",\"name\":\"Ramiro Querejeta\",\"image\":{\"@type\":\"ImageObject\",\"inLanguage\":\"es-AR\",\"@id\":\"https:\/\/alprestamo.com\/blog\/#\/schema\/person\/image\/\",\"url\":\"https:\/\/alprestamo.com\/blog\/wp-content\/uploads\/2025\/08\/1688503693490-150x150.jpeg\",\"contentUrl\":\"https:\/\/alprestamo.com\/blog\/wp-content\/uploads\/2025\/08\/1688503693490-150x150.jpeg\",\"caption\":\"Ramiro Querejeta\"},\"url\":\"https:\/\/alprestamo.com\/blog\/author\/ramiro\/\"}]}<\/script>\n<!-- \/ Yoast SEO plugin. -->","yoast_head_json":{"title":"Uruguay extiende al subsidio al agua embotellada: qui\u00e9nes se benefician","description":"El gobierno de Uruguay, a trav\u00e9s del Ministerio de Desarrollo Social (Mides), anunci\u00f3 la extensi\u00f3n por un mes m\u00e1s del subsidio al agua embotellada para la","robots":{"index":"index","follow":"follow","max-snippet":"max-snippet:-1","max-image-preview":"max-image-preview:large","max-video-preview":"max-video-preview:-1"},"canonical":"https:\/\/alprestamo.com\/blog\/uruguay-extiende-al-subsidio-al-agua-embotellada-quienes-se-benefician\/","og_locale":"es_ES","og_type":"article","og_title":"Uruguay extiende al subsidio al agua embotellada: qui\u00e9nes se benefician","og_description":"El gobierno de Uruguay, a trav\u00e9s del Ministerio de Desarrollo Social (Mides), anunci\u00f3 la extensi\u00f3n por un mes m\u00e1s del subsidio al agua embotellada para la","og_url":"https:\/\/alprestamo.com\/blog\/uruguay-extiende-al-subsidio-al-agua-embotellada-quienes-se-benefician\/","og_site_name":"Alprestamo - Hacemos que todo suceda","article_published_time":"2023-07-26T14:28:36+00:00","article_modified_time":"2024-01-23T20:09:56+00:00","og_image":[{"width":2508,"height":1672,"url":"https:\/\/alprestamo.com\/blog\/wp-content\/uploads\/2023\/07\/207870082_m_normal_none.jpg","type":"image\/jpeg"}],"author":"Ramiro Querejeta","twitter_card":"summary_large_image","twitter_misc":{"Escrito por":"Ramiro Querejeta","Tiempo de lectura":"2 minutos"},"schema":{"@context":"https:\/\/schema.org","@graph":[{"@type":"NewsArticle","@id":"https:\/\/alprestamo.com\/blog\/uruguay-extiende-al-subsidio-al-agua-embotellada-quienes-se-benefician\/#article","isPartOf":{"@id":"https:\/\/alprestamo.com\/blog\/uruguay-extiende-al-subsidio-al-agua-embotellada-quienes-se-benefician\/"},"author":{"name":"Ramiro Querejeta","@id":"https:\/\/alprestamo.com\/blog\/#\/schema\/person\/4c568603ceb381762b4c9062d42c7627"},"headline":"Uruguay extiende al subsidio al agua embotellada: qui\u00e9nes se benefician","datePublished":"2023-07-26T14:28:36+00:00","dateModified":"2024-01-23T20:09:56+00:00","mainEntityOfPage":{"@id":"https:\/\/alprestamo.com\/blog\/uruguay-extiende-al-subsidio-al-agua-embotellada-quienes-se-benefician\/"},"wordCount":330,"publisher":{"@id":"https:\/\/alprestamo.com\/blog\/#organization"},"image":{"@id":"https:\/\/alprestamo.com\/blog\/uruguay-extiende-al-subsidio-al-agua-embotellada-quienes-se-benefician\/#primaryimage"},"thumbnailUrl":"https:\/\/alprestamo.com\/blog\/wp-content\/uploads\/2023\/07\/207870082_m_normal_none.jpg","articleSection":["Programas sociales","UY"],"inLanguage":"es-AR"},{"@type":"WebPage","@id":"https:\/\/alprestamo.com\/blog\/uruguay-extiende-al-subsidio-al-agua-embotellada-quienes-se-benefician\/","url":"https:\/\/alprestamo.com\/blog\/uruguay-extiende-al-subsidio-al-agua-embotellada-quienes-se-benefician\/","name":"Uruguay extiende al subsidio al agua embotellada: qui\u00e9nes se benefician","isPartOf":{"@id":"https:\/\/alprestamo.com\/blog\/#website"},"primaryImageOfPage":{"@id":"https:\/\/alprestamo.com\/blog\/uruguay-extiende-al-subsidio-al-agua-embotellada-quienes-se-benefician\/#primaryimage"},"image":{"@id":"https:\/\/alprestamo.com\/blog\/uruguay-extiende-al-subsidio-al-agua-embotellada-quienes-se-benefician\/#primaryimage"},"thumbnailUrl":"https:\/\/alprestamo.com\/blog\/wp-content\/uploads\/2023\/07\/207870082_m_normal_none.jpg","datePublished":"2023-07-26T14:28:36+00:00","dateModified":"2024-01-23T20:09:56+00:00","description":"El gobierno de Uruguay, a trav\u00e9s del Ministerio de Desarrollo Social (Mides), anunci\u00f3 la extensi\u00f3n por un mes m\u00e1s del subsidio al agua embotellada para la","breadcrumb":{"@id":"https:\/\/alprestamo.com\/blog\/uruguay-extiende-al-subsidio-al-agua-embotellada-quienes-se-benefician\/#breadcrumb"},"inLanguage":"es-AR","potentialAction":[{"@type":"ReadAction","target":["https:\/\/alprestamo.com\/blog\/uruguay-extiende-al-subsidio-al-agua-embotellada-quienes-se-benefician\/"]}]},{"@type":"ImageObject","inLanguage":"es-AR","@id":"https:\/\/alprestamo.com\/blog\/uruguay-extiende-al-subsidio-al-agua-embotellada-quienes-se-benefician\/#primaryimage","url":"https:\/\/alprestamo.com\/blog\/wp-content\/uploads\/2023\/07\/207870082_m_normal_none.jpg","contentUrl":"https:\/\/alprestamo.com\/blog\/wp-content\/uploads\/2023\/07\/207870082_m_normal_none.jpg","width":2508,"height":1672,"caption":"El gobierno mantendr\u00e1 el subsidio al agua embotellada"},{"@type":"BreadcrumbList","@id":"https:\/\/alprestamo.com\/blog\/uruguay-extiende-al-subsidio-al-agua-embotellada-quienes-se-benefician\/#breadcrumb","itemListElement":[{"@type":"ListItem","position":1,"name":"Home","item":"https:\/\/alprestamo.com\/blog\/"},{"@type":"ListItem","position":2,"name":"Uruguay extiende al subsidio al agua embotellada: qui\u00e9nes se benefician"}]},{"@type":"WebSite","@id":"https:\/\/alprestamo.com\/blog\/#website","url":"https:\/\/alprestamo.com\/blog\/","name":"Alprestamo","description":"Hacemos que todo suceda","publisher":{"@id":"https:\/\/alprestamo.com\/blog\/#organization"},"potentialAction":[{"@type":"SearchAction","target":{"@type":"EntryPoint","urlTemplate":"https:\/\/alprestamo.com\/blog\/?s={search_term_string}"},"query-input":"required name=search_term_string"}],"inLanguage":"es-AR"},{"@type":"Organization","@id":"https:\/\/alprestamo.com\/blog\/#organization","name":"Alprestamo","url":"https:\/\/alprestamo.com\/blog\/","logo":{"@type":"ImageObject","inLanguage":"es-AR","@id":"https:\/\/alprestamo.com\/blog\/#\/schema\/logo\/image\/","url":"https:\/\/alprestamo.com\/blog\/wp-content\/uploads\/2022\/10\/Imagotipo_Blanco.svg","contentUrl":"https:\/\/alprestamo.com\/blog\/wp-content\/uploads\/2022\/10\/Imagotipo_Blanco.svg","width":1199,"height":203,"caption":"Alprestamo"},"image":{"@id":"https:\/\/alprestamo.com\/blog\/#\/schema\/logo\/image\/"}},{"@type":"Person","@id":"https:\/\/alprestamo.com\/blog\/#\/schema\/person\/4c568603ceb381762b4c9062d42c7627","name":"Ramiro Querejeta","image":{"@type":"ImageObject","inLanguage":"es-AR","@id":"https:\/\/alprestamo.com\/blog\/#\/schema\/person\/image\/","url":"https:\/\/alprestamo.com\/blog\/wp-content\/uploads\/2025\/08\/1688503693490-150x150.jpeg","contentUrl":"https:\/\/alprestamo.com\/blog\/wp-content\/uploads\/2025\/08\/1688503693490-150x150.jpeg","caption":"Ramiro Querejeta"},"url":"https:\/\/alprestamo.com\/blog\/author\/ramiro\/"}]}},"uagb_featured_image_src":{"full":["https:\/\/alprestamo.com\/blog\/wp-content\/uploads\/2023\/07\/207870082_m_normal_none.jpg",2508,1672,false],"thumbnail":["https:\/\/alprestamo.com\/blog\/wp-content\/uploads\/2023\/07\/207870082_m_normal_none-150x150.jpg",150,150,true],"medium":["https:\/\/alprestamo.com\/blog\/wp-content\/uploads\/2023\/07\/207870082_m_normal_none-300x200.jpg",300,200,true],"medium_large":["https:\/\/alprestamo.com\/blog\/wp-content\/uploads\/2023\/07\/207870082_m_normal_none-768x512.jpg",768,512,true],"large":["https:\/\/alprestamo.com\/blog\/wp-content\/uploads\/2023\/07\/207870082_m_normal_none-1024x683.jpg",1024,683,true],"1536x1536":["https:\/\/alprestamo.com\/blog\/wp-content\/uploads\/2023\/07\/207870082_m_normal_none-1536x1024.jpg",1536,1024,true],"2048x2048":["https:\/\/alprestamo.com\/blog\/wp-content\/uploads\/2023\/07\/207870082_m_normal_none-2048x1365.jpg",2048,1365,true]},"uagb_author_info":{"display_name":"Ramiro Querejeta","author_link":"https:\/\/alprestamo.com\/blog\/author\/ramiro\/"},"uagb_comment_info":0,"uagb_excerpt":"El gobierno de Uruguay, a trav\u00e9s del Ministerio de Desarrollo Social (Mides), anunci\u00f3 la extensi\u00f3n por un mes m\u00e1s del subsidio al agua embotellada para la compra de hasta dos litros por d\u00eda.&nbsp; Subsidio al agua embotellada: qui\u00e9nes pueden acceder&nbsp; La medida, que ya se hab\u00eda anunciado el 10 de mayo por la crisis h\u00eddrica&hellip;","rttpg_featured_image_url":{"full":["https:\/\/alprestamo.com\/blog\/wp-content\/uploads\/2023\/07\/207870082_m_normal_none.jpg",2508,1672,false],"landscape":["https:\/\/alprestamo.com\/blog\/wp-content\/uploads\/2023\/07\/207870082_m_normal_none.jpg",2508,1672,false],"portraits":["https:\/\/alprestamo.com\/blog\/wp-content\/uploads\/2023\/07\/207870082_m_normal_none.jpg",2508,1672,false],"thumbnail":["https:\/\/alprestamo.com\/blog\/wp-content\/uploads\/2023\/07\/207870082_m_normal_none-150x150.jpg",150,150,true],"medium":["https:\/\/alprestamo.com\/blog\/wp-content\/uploads\/2023\/07\/207870082_m_normal_none-300x200.jpg",300,200,true],"large":["https:\/\/alprestamo.com\/blog\/wp-content\/uploads\/2023\/07\/207870082_m_normal_none-1024x683.jpg",1024,683,true],"1536x1536":["https:\/\/alprestamo.com\/blog\/wp-content\/uploads\/2023\/07\/207870082_m_normal_none-1536x1024.jpg",1536,1024,true],"2048x2048":["https:\/\/alprestamo.com\/blog\/wp-content\/uploads\/2023\/07\/207870082_m_normal_none-2048x1365.jpg",2048,1365,true],"rt_custom":["https:\/\/alprestamo.com\/blog\/wp-content\/uploads\/2023\/07\/207870082_m_normal_none.jpg",2508,1672,false]},"rttpg_author":{"display_name":"Ramiro Querejeta","author_link":"https:\/\/alprestamo.com\/blog\/author\/ramiro\/"},"rttpg_comment":0,"rttpg_category":"<a href=\"https:\/\/alprestamo.com\/blog\/categoria\/uy\/programas-sociales-uy\/\" rel=\"category tag\">Programas sociales<\/a> <a href=\"https:\/\/alprestamo.com\/blog\/categoria\/uy\/\" rel=\"category tag\">UY<\/a>","rttpg_excerpt":"El gobierno de Uruguay, a trav\u00e9s del Ministerio de Desarrollo Social (Mides), anunci\u00f3 la extensi\u00f3n por un mes m\u00e1s del subsidio al agua embotellada para la compra de hasta dos litros por d\u00eda.&nbsp; Subsidio al agua embotellada: qui\u00e9nes pueden acceder&nbsp; La medida, que ya se hab\u00eda anunciado el 10 de mayo por la crisis h\u00eddrica&hellip;","_links":{"self":[{"href":"https:\/\/alprestamo.com\/blog\/wp-json\/wp\/v2\/posts\/25158"}],"collection":[{"href":"https:\/\/alprestamo.com\/blog\/wp-json\/wp\/v2\/posts"}],"about":[{"href":"https:\/\/alprestamo.com\/blog\/wp-json\/wp\/v2\/types\/post"}],"author":[{"embeddable":true,"href":"https:\/\/alprestamo.com\/blog\/wp-json\/wp\/v2\/users\/9"}],"replies":[{"embeddable":true,"href":"https:\/\/alprestamo.com\/blog\/wp-json\/wp\/v2\/comments?post=25158"}],"version-history":[{"count":4,"href":"https:\/\/alprestamo.com\/blog\/wp-json\/wp\/v2\/posts\/25158\/revisions"}],"predecessor-version":[{"id":36411,"href":"https:\/\/alprestamo.com\/blog\/wp-json\/wp\/v2\/posts\/25158\/revisions\/36411"}],"wp:featuredmedia":[{"embeddable":true,"href":"https:\/\/alprestamo.com\/blog\/wp-json\/wp\/v2\/media\/25162"}],"wp:attachment":[{"href":"https:\/\/alprestamo.com\/blog\/wp-json\/wp\/v2\/media?parent=25158"}],"wp:term":[{"taxonomy":"category","embeddable":true,"href":"https:\/\/alprestamo.com\/blog\/wp-json\/wp\/v2\/categories?post=25158"},{"taxonomy":"post_tag","embeddable":true,"href":"https:\/\/alprestamo.com\/blog\/wp-json\/wp\/v2\/tags?post=25158"}],"curies":[{"name":"wp","href":"https:\/\/api.w.org\/{rel}","templated":true}]}}