{"id":25235,"date":"2023-07-27T16:06:05","date_gmt":"2023-07-27T19:06:05","guid":{"rendered":"https:\/\/alprestamo.com\/blog\/?p=25235"},"modified":"2023-07-27T16:27:34","modified_gmt":"2023-07-27T19:27:34","slug":"subsidio-al-empleo-joven-como-acceder-y-cuanto-se-puede-cobrar","status":"publish","type":"post","link":"https:\/\/alprestamo.com\/blog\/subsidio-al-empleo-joven-como-acceder-y-cuanto-se-puede-cobrar\/","title":{"rendered":"Subsidio al Empleo Joven: c\u00f3mo acceder y cu\u00e1nto se puede cobrar\u00a0"},"content":{"rendered":"\n<h2 class=\"wp-block-heading\">Qu\u00e9 es el Subsidio al Empleo Joven<\/h2>\n\n\n\n<p>El<strong> Subsidio al Empleo Joven <\/strong>es un aporte econ\u00f3mico que tiene como objetivo mejorar el sueldo de trabajadores j\u00f3venes que pertenecen al 40% m\u00e1s vulnerable de la poblaci\u00f3n e incentivar la contrataci\u00f3n de personas j\u00f3venes por parte de los empleadores.&nbsp;<\/p>\n\n\n\n<p>La ayuda estatal <strong>est\u00e1 dirigida a los trabajadores que se encuentran en una situaci\u00f3n vulnerable<\/strong> (40% de familias con menores ingresos del pa\u00eds), tengan entre 18 y 24 a\u00f1os, trabajen de manera dependiente o independiente&nbsp;&nbsp;<\/p>\n\n\n\n<h2 class=\"wp-block-heading\">C\u00f3mo se paga el Subsidio al Empleo Joven&nbsp;<\/h2>\n\n\n\n<p>El monto del subsidio <strong>var\u00eda dependiendo del caso<\/strong>, a partir de las rentas brutas del a\u00f1o en que postulan al beneficio.&nbsp;<\/p>\n\n\n\n<p>En caso de ser dependiente, el subsidio se paga de forma mensual o anual&nbsp; Si es independiente, la ayuda se paga de forma anual.&nbsp;<\/p>\n\n\n\n<p>En el caso de los pagos anuales, las <strong>transferencias se ejecutan en la CuentaRUT de BancoEstado<\/strong> o las<a href=\"https:\/\/alprestamo.com\/blog\/cl\/retiros-de-afp-para-comprar-una-vivienda-quienes-pueden-acceder\/\"> cuentas bancarias de los beneficiarios <\/a>el 15 de agosto del presente a\u00f1o.\u00a0<\/p>\n\n\n\n<p>El monto anual entrega un<strong> m\u00e1ximo de 646.973 pesos y el mensual es de 404.436 pesos<\/strong>.&nbsp;<\/p>\n\n\n\n<h2 class=\"wp-block-heading\">Requisitos para inscribirse al Empleo Joven&nbsp;<\/h2>\n\n\n\n<ul class=\"wp-block-list\">\n<li>Tener un trabajo formal vigente o ser trabajador independiente<\/li>\n\n\n\n<li>Tener entre 18 y 24 a\u00f1os&nbsp;<\/li>\n\n\n\n<li>Comprobar que se pertenece al 40% m\u00e1s vulnerable de la poblaci\u00f3n de acuerdo al Registro Social de Hogares<\/li>\n\n\n\n<li>En caso de ser mayor de 21 a\u00f1os, contar con Licencia de Ense\u00f1anza Media<\/li>\n\n\n\n<li>No trabajar en una instituci\u00f3n del Estado o una empresa con aporte estatal mayor al 50%.&nbsp;<\/li>\n\n\n\n<li>Comprobar una renta bruta anual inferior a $7.278.446. En caso de elegir la modalidad de subsidio mensual, esta debe ser de $606.537&nbsp;<\/li>\n\n\n\n<li>No ser beneficiario del Ingreso M\u00ednimo Garantizado<\/li>\n\n\n\n<li>Los trabajadores independientes deben estar al d\u00eda en el pago de cotizaciones previsionales y de salud.&nbsp;<\/li>\n<\/ul>\n\n\n\n<h2 class=\"wp-block-heading\">C\u00f3mo acceder al Subsidio al Empleo Joven&nbsp;<\/h2>\n\n\n\n<p>Lo primero que se debe hacer es registrarse en la web sence.gob.cl. Luego se debe completar el formulario en el sitio web.<\/p>\n\n\n\n<p>En el caso de que la postulaci\u00f3n sea aceptada, se recibir\u00e1 una notificaci\u00f3n dentro de los 92 d\u00edas corridos.&nbsp;<\/p>\n\n\n\n<p>En el caso de que la postulaci\u00f3n al<em> Subsidio al Empleo Joven<\/em> sea rechazada, se podr\u00e1 apelar. En ese caso, recibir\u00e1s una nueva respuesta a tu postulaci\u00f3n en un plazo de 90 a 120 d\u00edas h\u00e1biles.<\/p>\n","protected":false},"excerpt":{"rendered":"<p>Qu\u00e9 es el Subsidio al Empleo Joven El Subsidio al Empleo Joven es un aporte econ\u00f3mico que tiene como objetivo mejorar el sueldo de trabajadores j\u00f3venes que pertenecen al 40% m\u00e1s vulnerable de la poblaci\u00f3n e incentivar la contrataci\u00f3n de personas j\u00f3venes por parte de los empleadores.&nbsp; La ayuda estatal est\u00e1 dirigida a los trabajadores &hellip;<\/p>\n<p class=\"read-more\"> <a class=\"\" href=\"https:\/\/alprestamo.com\/blog\/subsidio-al-empleo-joven-como-acceder-y-cuanto-se-puede-cobrar\/\"> <span class=\"screen-reader-text\">Subsidio al Empleo Joven: c\u00f3mo acceder y cu\u00e1nto se puede cobrar\u00a0<\/span> Leer m\u00e1s &raquo;<\/a><\/p>\n","protected":false},"author":9,"featured_media":25257,"comment_status":"closed","ping_status":"closed","sticky":false,"template":"","format":"standard","meta":{"_uag_custom_page_level_css":"","site-sidebar-layout":"default","site-content-layout":"default","ast-global-header-display":"","ast-banner-title-visibility":"","ast-main-header-display":"","ast-hfb-above-header-display":"","ast-hfb-below-header-display":"","ast-hfb-mobile-header-display":"","site-post-title":"","ast-breadcrumbs-content":"","ast-featured-img":"","footer-sml-layout":"","theme-transparent-header-meta":"","adv-header-id-meta":"","stick-header-meta":"","header-above-stick-meta":"","header-main-stick-meta":"","header-below-stick-meta":"","footnotes":""},"categories":[148,153],"tags":[],"class_list":["post-25235","post","type-post","status-publish","format-standard","has-post-thumbnail","hentry","category-cl","category-programas-sociales-cl"],"acf":[],"yoast_head":"<!-- This site is optimized with the Yoast SEO plugin v23.2 - https:\/\/yoast.com\/wordpress\/plugins\/seo\/ -->\n<title>Subsidio al Empleo Joven: c\u00f3mo acceder y cu\u00e1nto se puede cobrar\u00a0<\/title>\n<meta name=\"description\" content=\"Qu\u00e9 es el Subsidio al Empleo Joven El Subsidio al Empleo Joven es un aporte econ\u00f3mico que tiene como objetivo mejorar el sueldo de trabajadores j\u00f3venes\" \/>\n<meta name=\"robots\" content=\"index, follow, max-snippet:-1, max-image-preview:large, max-video-preview:-1\" \/>\n<link rel=\"canonical\" href=\"https:\/\/alprestamo.com\/blog\/subsidio-al-empleo-joven-como-acceder-y-cuanto-se-puede-cobrar\/\" \/>\n<meta property=\"og:locale\" content=\"es_ES\" \/>\n<meta property=\"og:type\" content=\"article\" \/>\n<meta property=\"og:title\" content=\"Subsidio al Empleo Joven: c\u00f3mo acceder y cu\u00e1nto se puede cobrar\u00a0\" \/>\n<meta property=\"og:description\" content=\"Qu\u00e9 es el Subsidio al Empleo Joven El Subsidio al Empleo Joven es un aporte econ\u00f3mico que tiene como objetivo mejorar el sueldo de trabajadores j\u00f3venes\" \/>\n<meta property=\"og:url\" content=\"https:\/\/alprestamo.com\/blog\/subsidio-al-empleo-joven-como-acceder-y-cuanto-se-puede-cobrar\/\" \/>\n<meta property=\"og:site_name\" content=\"Alprestamo - Hacemos que todo suceda\" \/>\n<meta property=\"article:published_time\" content=\"2023-07-27T19:06:05+00:00\" \/>\n<meta property=\"article:modified_time\" content=\"2023-07-27T19:27:34+00:00\" \/>\n<meta property=\"og:image\" content=\"https:\/\/alprestamo.com\/blog\/wp-content\/uploads\/2023\/07\/subsidio-empleo-joven.webp\" \/>\n\t<meta property=\"og:image:width\" content=\"1130\" \/>\n\t<meta property=\"og:image:height\" content=\"662\" \/>\n\t<meta property=\"og:image:type\" content=\"image\/webp\" \/>\n<meta name=\"author\" content=\"Ramiro Querejeta\" \/>\n<meta name=\"twitter:card\" content=\"summary_large_image\" \/>\n<meta name=\"twitter:label1\" content=\"Escrito por\" \/>\n\t<meta name=\"twitter:data1\" content=\"Ramiro Querejeta\" \/>\n\t<meta name=\"twitter:label2\" content=\"Tiempo de lectura\" \/>\n\t<meta name=\"twitter:data2\" content=\"2 minutos\" \/>\n<script type=\"application\/ld+json\" class=\"yoast-schema-graph\">{\"@context\":\"https:\/\/schema.org\",\"@graph\":[{\"@type\":\"NewsArticle\",\"@id\":\"https:\/\/alprestamo.com\/blog\/subsidio-al-empleo-joven-como-acceder-y-cuanto-se-puede-cobrar\/#article\",\"isPartOf\":{\"@id\":\"https:\/\/alprestamo.com\/blog\/subsidio-al-empleo-joven-como-acceder-y-cuanto-se-puede-cobrar\/\"},\"author\":{\"name\":\"Ramiro Querejeta\",\"@id\":\"https:\/\/alprestamo.com\/blog\/#\/schema\/person\/4c568603ceb381762b4c9062d42c7627\"},\"headline\":\"Subsidio al Empleo Joven: c\u00f3mo acceder y cu\u00e1nto se puede cobrar\u00a0\",\"datePublished\":\"2023-07-27T19:06:05+00:00\",\"dateModified\":\"2023-07-27T19:27:34+00:00\",\"mainEntityOfPage\":{\"@id\":\"https:\/\/alprestamo.com\/blog\/subsidio-al-empleo-joven-como-acceder-y-cuanto-se-puede-cobrar\/\"},\"wordCount\":423,\"publisher\":{\"@id\":\"https:\/\/alprestamo.com\/blog\/#organization\"},\"image\":{\"@id\":\"https:\/\/alprestamo.com\/blog\/subsidio-al-empleo-joven-como-acceder-y-cuanto-se-puede-cobrar\/#primaryimage\"},\"thumbnailUrl\":\"https:\/\/alprestamo.com\/blog\/wp-content\/uploads\/2023\/07\/subsidio-empleo-joven.webp\",\"articleSection\":[\"CL\",\"Programas Sociales\"],\"inLanguage\":\"es-AR\"},{\"@type\":\"WebPage\",\"@id\":\"https:\/\/alprestamo.com\/blog\/subsidio-al-empleo-joven-como-acceder-y-cuanto-se-puede-cobrar\/\",\"url\":\"https:\/\/alprestamo.com\/blog\/subsidio-al-empleo-joven-como-acceder-y-cuanto-se-puede-cobrar\/\",\"name\":\"Subsidio al Empleo Joven: c\u00f3mo acceder y cu\u00e1nto se puede cobrar\u00a0\",\"isPartOf\":{\"@id\":\"https:\/\/alprestamo.com\/blog\/#website\"},\"primaryImageOfPage\":{\"@id\":\"https:\/\/alprestamo.com\/blog\/subsidio-al-empleo-joven-como-acceder-y-cuanto-se-puede-cobrar\/#primaryimage\"},\"image\":{\"@id\":\"https:\/\/alprestamo.com\/blog\/subsidio-al-empleo-joven-como-acceder-y-cuanto-se-puede-cobrar\/#primaryimage\"},\"thumbnailUrl\":\"https:\/\/alprestamo.com\/blog\/wp-content\/uploads\/2023\/07\/subsidio-empleo-joven.webp\",\"datePublished\":\"2023-07-27T19:06:05+00:00\",\"dateModified\":\"2023-07-27T19:27:34+00:00\",\"description\":\"Qu\u00e9 es el Subsidio al Empleo Joven El Subsidio al Empleo Joven es un aporte econ\u00f3mico que tiene como objetivo mejorar el sueldo de trabajadores j\u00f3venes\",\"breadcrumb\":{\"@id\":\"https:\/\/alprestamo.com\/blog\/subsidio-al-empleo-joven-como-acceder-y-cuanto-se-puede-cobrar\/#breadcrumb\"},\"inLanguage\":\"es-AR\",\"potentialAction\":[{\"@type\":\"ReadAction\",\"target\":[\"https:\/\/alprestamo.com\/blog\/subsidio-al-empleo-joven-como-acceder-y-cuanto-se-puede-cobrar\/\"]}]},{\"@type\":\"ImageObject\",\"inLanguage\":\"es-AR\",\"@id\":\"https:\/\/alprestamo.com\/blog\/subsidio-al-empleo-joven-como-acceder-y-cuanto-se-puede-cobrar\/#primaryimage\",\"url\":\"https:\/\/alprestamo.com\/blog\/wp-content\/uploads\/2023\/07\/subsidio-empleo-joven.webp\",\"contentUrl\":\"https:\/\/alprestamo.com\/blog\/wp-content\/uploads\/2023\/07\/subsidio-empleo-joven.webp\",\"width\":1130,\"height\":662},{\"@type\":\"BreadcrumbList\",\"@id\":\"https:\/\/alprestamo.com\/blog\/subsidio-al-empleo-joven-como-acceder-y-cuanto-se-puede-cobrar\/#breadcrumb\",\"itemListElement\":[{\"@type\":\"ListItem\",\"position\":1,\"name\":\"Home\",\"item\":\"https:\/\/alprestamo.com\/blog\/\"},{\"@type\":\"ListItem\",\"position\":2,\"name\":\"Subsidio al Empleo Joven: c\u00f3mo acceder y cu\u00e1nto se puede cobrar\u00a0\"}]},{\"@type\":\"WebSite\",\"@id\":\"https:\/\/alprestamo.com\/blog\/#website\",\"url\":\"https:\/\/alprestamo.com\/blog\/\",\"name\":\"Alprestamo\",\"description\":\"Hacemos que todo suceda\",\"publisher\":{\"@id\":\"https:\/\/alprestamo.com\/blog\/#organization\"},\"potentialAction\":[{\"@type\":\"SearchAction\",\"target\":{\"@type\":\"EntryPoint\",\"urlTemplate\":\"https:\/\/alprestamo.com\/blog\/?s={search_term_string}\"},\"query-input\":\"required name=search_term_string\"}],\"inLanguage\":\"es-AR\"},{\"@type\":\"Organization\",\"@id\":\"https:\/\/alprestamo.com\/blog\/#organization\",\"name\":\"Alprestamo\",\"url\":\"https:\/\/alprestamo.com\/blog\/\",\"logo\":{\"@type\":\"ImageObject\",\"inLanguage\":\"es-AR\",\"@id\":\"https:\/\/alprestamo.com\/blog\/#\/schema\/logo\/image\/\",\"url\":\"https:\/\/alprestamo.com\/blog\/wp-content\/uploads\/2022\/10\/Imagotipo_Blanco.svg\",\"contentUrl\":\"https:\/\/alprestamo.com\/blog\/wp-content\/uploads\/2022\/10\/Imagotipo_Blanco.svg\",\"width\":1199,\"height\":203,\"caption\":\"Alprestamo\"},\"image\":{\"@id\":\"https:\/\/alprestamo.com\/blog\/#\/schema\/logo\/image\/\"}},{\"@type\":\"Person\",\"@id\":\"https:\/\/alprestamo.com\/blog\/#\/schema\/person\/4c568603ceb381762b4c9062d42c7627\",\"name\":\"Ramiro Querejeta\",\"image\":{\"@type\":\"ImageObject\",\"inLanguage\":\"es-AR\",\"@id\":\"https:\/\/alprestamo.com\/blog\/#\/schema\/person\/image\/\",\"url\":\"https:\/\/alprestamo.com\/blog\/wp-content\/uploads\/2025\/08\/1688503693490-150x150.jpeg\",\"contentUrl\":\"https:\/\/alprestamo.com\/blog\/wp-content\/uploads\/2025\/08\/1688503693490-150x150.jpeg\",\"caption\":\"Ramiro Querejeta\"},\"url\":\"https:\/\/alprestamo.com\/blog\/author\/ramiro\/\"}]}<\/script>\n<!-- \/ Yoast SEO plugin. -->","yoast_head_json":{"title":"Subsidio al Empleo Joven: c\u00f3mo acceder y cu\u00e1nto se puede cobrar\u00a0","description":"Qu\u00e9 es el Subsidio al Empleo Joven El Subsidio al Empleo Joven es un aporte econ\u00f3mico que tiene como objetivo mejorar el sueldo de trabajadores j\u00f3venes","robots":{"index":"index","follow":"follow","max-snippet":"max-snippet:-1","max-image-preview":"max-image-preview:large","max-video-preview":"max-video-preview:-1"},"canonical":"https:\/\/alprestamo.com\/blog\/subsidio-al-empleo-joven-como-acceder-y-cuanto-se-puede-cobrar\/","og_locale":"es_ES","og_type":"article","og_title":"Subsidio al Empleo Joven: c\u00f3mo acceder y cu\u00e1nto se puede cobrar\u00a0","og_description":"Qu\u00e9 es el Subsidio al Empleo Joven El Subsidio al Empleo Joven es un aporte econ\u00f3mico que tiene como objetivo mejorar el sueldo de trabajadores j\u00f3venes","og_url":"https:\/\/alprestamo.com\/blog\/subsidio-al-empleo-joven-como-acceder-y-cuanto-se-puede-cobrar\/","og_site_name":"Alprestamo - Hacemos que todo suceda","article_published_time":"2023-07-27T19:06:05+00:00","article_modified_time":"2023-07-27T19:27:34+00:00","og_image":[{"width":1130,"height":662,"url":"https:\/\/alprestamo.com\/blog\/wp-content\/uploads\/2023\/07\/subsidio-empleo-joven.webp","type":"image\/webp"}],"author":"Ramiro Querejeta","twitter_card":"summary_large_image","twitter_misc":{"Escrito por":"Ramiro Querejeta","Tiempo de lectura":"2 minutos"},"schema":{"@context":"https:\/\/schema.org","@graph":[{"@type":"NewsArticle","@id":"https:\/\/alprestamo.com\/blog\/subsidio-al-empleo-joven-como-acceder-y-cuanto-se-puede-cobrar\/#article","isPartOf":{"@id":"https:\/\/alprestamo.com\/blog\/subsidio-al-empleo-joven-como-acceder-y-cuanto-se-puede-cobrar\/"},"author":{"name":"Ramiro Querejeta","@id":"https:\/\/alprestamo.com\/blog\/#\/schema\/person\/4c568603ceb381762b4c9062d42c7627"},"headline":"Subsidio al Empleo Joven: c\u00f3mo acceder y cu\u00e1nto se puede cobrar\u00a0","datePublished":"2023-07-27T19:06:05+00:00","dateModified":"2023-07-27T19:27:34+00:00","mainEntityOfPage":{"@id":"https:\/\/alprestamo.com\/blog\/subsidio-al-empleo-joven-como-acceder-y-cuanto-se-puede-cobrar\/"},"wordCount":423,"publisher":{"@id":"https:\/\/alprestamo.com\/blog\/#organization"},"image":{"@id":"https:\/\/alprestamo.com\/blog\/subsidio-al-empleo-joven-como-acceder-y-cuanto-se-puede-cobrar\/#primaryimage"},"thumbnailUrl":"https:\/\/alprestamo.com\/blog\/wp-content\/uploads\/2023\/07\/subsidio-empleo-joven.webp","articleSection":["CL","Programas Sociales"],"inLanguage":"es-AR"},{"@type":"WebPage","@id":"https:\/\/alprestamo.com\/blog\/subsidio-al-empleo-joven-como-acceder-y-cuanto-se-puede-cobrar\/","url":"https:\/\/alprestamo.com\/blog\/subsidio-al-empleo-joven-como-acceder-y-cuanto-se-puede-cobrar\/","name":"Subsidio al Empleo Joven: c\u00f3mo acceder y cu\u00e1nto se puede cobrar\u00a0","isPartOf":{"@id":"https:\/\/alprestamo.com\/blog\/#website"},"primaryImageOfPage":{"@id":"https:\/\/alprestamo.com\/blog\/subsidio-al-empleo-joven-como-acceder-y-cuanto-se-puede-cobrar\/#primaryimage"},"image":{"@id":"https:\/\/alprestamo.com\/blog\/subsidio-al-empleo-joven-como-acceder-y-cuanto-se-puede-cobrar\/#primaryimage"},"thumbnailUrl":"https:\/\/alprestamo.com\/blog\/wp-content\/uploads\/2023\/07\/subsidio-empleo-joven.webp","datePublished":"2023-07-27T19:06:05+00:00","dateModified":"2023-07-27T19:27:34+00:00","description":"Qu\u00e9 es el Subsidio al Empleo Joven El Subsidio al Empleo Joven es un aporte econ\u00f3mico que tiene como objetivo mejorar el sueldo de trabajadores j\u00f3venes","breadcrumb":{"@id":"https:\/\/alprestamo.com\/blog\/subsidio-al-empleo-joven-como-acceder-y-cuanto-se-puede-cobrar\/#breadcrumb"},"inLanguage":"es-AR","potentialAction":[{"@type":"ReadAction","target":["https:\/\/alprestamo.com\/blog\/subsidio-al-empleo-joven-como-acceder-y-cuanto-se-puede-cobrar\/"]}]},{"@type":"ImageObject","inLanguage":"es-AR","@id":"https:\/\/alprestamo.com\/blog\/subsidio-al-empleo-joven-como-acceder-y-cuanto-se-puede-cobrar\/#primaryimage","url":"https:\/\/alprestamo.com\/blog\/wp-content\/uploads\/2023\/07\/subsidio-empleo-joven.webp","contentUrl":"https:\/\/alprestamo.com\/blog\/wp-content\/uploads\/2023\/07\/subsidio-empleo-joven.webp","width":1130,"height":662},{"@type":"BreadcrumbList","@id":"https:\/\/alprestamo.com\/blog\/subsidio-al-empleo-joven-como-acceder-y-cuanto-se-puede-cobrar\/#breadcrumb","itemListElement":[{"@type":"ListItem","position":1,"name":"Home","item":"https:\/\/alprestamo.com\/blog\/"},{"@type":"ListItem","position":2,"name":"Subsidio al Empleo Joven: c\u00f3mo acceder y cu\u00e1nto se puede cobrar\u00a0"}]},{"@type":"WebSite","@id":"https:\/\/alprestamo.com\/blog\/#website","url":"https:\/\/alprestamo.com\/blog\/","name":"Alprestamo","description":"Hacemos que todo suceda","publisher":{"@id":"https:\/\/alprestamo.com\/blog\/#organization"},"potentialAction":[{"@type":"SearchAction","target":{"@type":"EntryPoint","urlTemplate":"https:\/\/alprestamo.com\/blog\/?s={search_term_string}"},"query-input":"required name=search_term_string"}],"inLanguage":"es-AR"},{"@type":"Organization","@id":"https:\/\/alprestamo.com\/blog\/#organization","name":"Alprestamo","url":"https:\/\/alprestamo.com\/blog\/","logo":{"@type":"ImageObject","inLanguage":"es-AR","@id":"https:\/\/alprestamo.com\/blog\/#\/schema\/logo\/image\/","url":"https:\/\/alprestamo.com\/blog\/wp-content\/uploads\/2022\/10\/Imagotipo_Blanco.svg","contentUrl":"https:\/\/alprestamo.com\/blog\/wp-content\/uploads\/2022\/10\/Imagotipo_Blanco.svg","width":1199,"height":203,"caption":"Alprestamo"},"image":{"@id":"https:\/\/alprestamo.com\/blog\/#\/schema\/logo\/image\/"}},{"@type":"Person","@id":"https:\/\/alprestamo.com\/blog\/#\/schema\/person\/4c568603ceb381762b4c9062d42c7627","name":"Ramiro Querejeta","image":{"@type":"ImageObject","inLanguage":"es-AR","@id":"https:\/\/alprestamo.com\/blog\/#\/schema\/person\/image\/","url":"https:\/\/alprestamo.com\/blog\/wp-content\/uploads\/2025\/08\/1688503693490-150x150.jpeg","contentUrl":"https:\/\/alprestamo.com\/blog\/wp-content\/uploads\/2025\/08\/1688503693490-150x150.jpeg","caption":"Ramiro Querejeta"},"url":"https:\/\/alprestamo.com\/blog\/author\/ramiro\/"}]}},"uagb_featured_image_src":{"full":["https:\/\/alprestamo.com\/blog\/wp-content\/uploads\/2023\/07\/subsidio-empleo-joven.webp",1130,662,false],"thumbnail":["https:\/\/alprestamo.com\/blog\/wp-content\/uploads\/2023\/07\/subsidio-empleo-joven-150x150.webp",150,150,true],"medium":["https:\/\/alprestamo.com\/blog\/wp-content\/uploads\/2023\/07\/subsidio-empleo-joven-300x176.webp",300,176,true],"medium_large":["https:\/\/alprestamo.com\/blog\/wp-content\/uploads\/2023\/07\/subsidio-empleo-joven-768x450.webp",768,450,true],"large":["https:\/\/alprestamo.com\/blog\/wp-content\/uploads\/2023\/07\/subsidio-empleo-joven-1024x600.webp",1024,600,true],"1536x1536":["https:\/\/alprestamo.com\/blog\/wp-content\/uploads\/2023\/07\/subsidio-empleo-joven.webp",1130,662,false],"2048x2048":["https:\/\/alprestamo.com\/blog\/wp-content\/uploads\/2023\/07\/subsidio-empleo-joven.webp",1130,662,false]},"uagb_author_info":{"display_name":"Ramiro Querejeta","author_link":"https:\/\/alprestamo.com\/blog\/author\/ramiro\/"},"uagb_comment_info":0,"uagb_excerpt":"Qu\u00e9 es el Subsidio al Empleo Joven El Subsidio al Empleo Joven es un aporte econ\u00f3mico que tiene como objetivo mejorar el sueldo de trabajadores j\u00f3venes que pertenecen al 40% m\u00e1s vulnerable de la poblaci\u00f3n e incentivar la contrataci\u00f3n de personas j\u00f3venes por parte de los empleadores.&nbsp; La ayuda estatal est\u00e1 dirigida a los trabajadores&hellip;","rttpg_featured_image_url":{"full":["https:\/\/alprestamo.com\/blog\/wp-content\/uploads\/2023\/07\/subsidio-empleo-joven.webp",1130,662,false],"landscape":["https:\/\/alprestamo.com\/blog\/wp-content\/uploads\/2023\/07\/subsidio-empleo-joven.webp",1130,662,false],"portraits":["https:\/\/alprestamo.com\/blog\/wp-content\/uploads\/2023\/07\/subsidio-empleo-joven.webp",1130,662,false],"thumbnail":["https:\/\/alprestamo.com\/blog\/wp-content\/uploads\/2023\/07\/subsidio-empleo-joven-150x150.webp",150,150,true],"medium":["https:\/\/alprestamo.com\/blog\/wp-content\/uploads\/2023\/07\/subsidio-empleo-joven-300x176.webp",300,176,true],"large":["https:\/\/alprestamo.com\/blog\/wp-content\/uploads\/2023\/07\/subsidio-empleo-joven-1024x600.webp",1024,600,true],"1536x1536":["https:\/\/alprestamo.com\/blog\/wp-content\/uploads\/2023\/07\/subsidio-empleo-joven.webp",1130,662,false],"2048x2048":["https:\/\/alprestamo.com\/blog\/wp-content\/uploads\/2023\/07\/subsidio-empleo-joven.webp",1130,662,false],"rt_custom":["https:\/\/alprestamo.com\/blog\/wp-content\/uploads\/2023\/07\/subsidio-empleo-joven.webp",1130,662,false]},"rttpg_author":{"display_name":"Ramiro Querejeta","author_link":"https:\/\/alprestamo.com\/blog\/author\/ramiro\/"},"rttpg_comment":0,"rttpg_category":"<a href=\"https:\/\/alprestamo.com\/blog\/categoria\/cl\/\" rel=\"category tag\">CL<\/a> <a href=\"https:\/\/alprestamo.com\/blog\/categoria\/cl\/programas-sociales-cl\/\" rel=\"category tag\">Programas Sociales<\/a>","rttpg_excerpt":"Qu\u00e9 es el Subsidio al Empleo Joven El Subsidio al Empleo Joven es un aporte econ\u00f3mico que tiene como objetivo mejorar el sueldo de trabajadores j\u00f3venes que pertenecen al 40% m\u00e1s vulnerable de la poblaci\u00f3n e incentivar la contrataci\u00f3n de personas j\u00f3venes por parte de los empleadores.&nbsp; La ayuda estatal est\u00e1 dirigida a los trabajadores&hellip;","_links":{"self":[{"href":"https:\/\/alprestamo.com\/blog\/wp-json\/wp\/v2\/posts\/25235"}],"collection":[{"href":"https:\/\/alprestamo.com\/blog\/wp-json\/wp\/v2\/posts"}],"about":[{"href":"https:\/\/alprestamo.com\/blog\/wp-json\/wp\/v2\/types\/post"}],"author":[{"embeddable":true,"href":"https:\/\/alprestamo.com\/blog\/wp-json\/wp\/v2\/users\/9"}],"replies":[{"embeddable":true,"href":"https:\/\/alprestamo.com\/blog\/wp-json\/wp\/v2\/comments?post=25235"}],"version-history":[{"count":2,"href":"https:\/\/alprestamo.com\/blog\/wp-json\/wp\/v2\/posts\/25235\/revisions"}],"predecessor-version":[{"id":25281,"href":"https:\/\/alprestamo.com\/blog\/wp-json\/wp\/v2\/posts\/25235\/revisions\/25281"}],"wp:featuredmedia":[{"embeddable":true,"href":"https:\/\/alprestamo.com\/blog\/wp-json\/wp\/v2\/media\/25257"}],"wp:attachment":[{"href":"https:\/\/alprestamo.com\/blog\/wp-json\/wp\/v2\/media?parent=25235"}],"wp:term":[{"taxonomy":"category","embeddable":true,"href":"https:\/\/alprestamo.com\/blog\/wp-json\/wp\/v2\/categories?post=25235"},{"taxonomy":"post_tag","embeddable":true,"href":"https:\/\/alprestamo.com\/blog\/wp-json\/wp\/v2\/tags?post=25235"}],"curies":[{"name":"wp","href":"https:\/\/api.w.org\/{rel}","templated":true}]}}