{"id":25356,"date":"2023-07-31T12:20:43","date_gmt":"2023-07-31T15:20:43","guid":{"rendered":"https:\/\/alprestamo.com\/blog\/?p=25356"},"modified":"2023-07-31T12:20:45","modified_gmt":"2023-07-31T15:20:45","slug":"subsidios-a-la-vivienda-en-bogota-como-anotarse","status":"publish","type":"post","link":"https:\/\/alprestamo.com\/blog\/subsidios-a-la-vivienda-en-bogota-como-anotarse\/","title":{"rendered":"Subsidios a la vivienda en Bogot\u00e1: c\u00f3mo anotarse"},"content":{"rendered":"\n<p>Para todos aquellos bogotanos, la alcald\u00eda de la ciudad record\u00f3 que hasta el lunes 31 de julio se encontrar\u00e1 abierta la segunda convocatoria del a\u00f1o del programa Oferta Preferente, que ofrece<strong> subsidios a la vivienda en Bogot\u00e1<\/strong>.<\/p>\n\n\n\n<h2 class=\"wp-block-heading\">Detalles del subsidio&nbsp;<\/h2>\n\n\n\n<p>Una vez cerrada la convocatoria, la<strong> Secretar\u00eda de H\u00e1bitat <\/strong>validar\u00e1 que el hogar que haya<a href=\"https:\/\/alprestamo.com\/blog\/co\/como-acceder-a-un-subsidio-en-colombia\/\"> solicitado el subsidio<\/a> cumpla con los requisitos. Si la persona cumple con todo lo requerido, ser\u00e1 contactado por la constructora del proyecto que eligi\u00f3, para que luego pueda ir a la sala de ventas y vincularse al proyecto. Una vez vinculado, <strong>la entidad realizar\u00e1 el proceso de asignaci\u00f3n del subsidio.\u00a0\u00a0<\/strong><\/p>\n\n\n\n<p>Cabe destacar que cada hogar s\u00f3lo puede registrarse a un proyecto. Si est\u00e1 registrado en otro, el sistema no lo habilitar\u00e1 el registro.&nbsp;<\/p>\n\n\n\n<p>Es importante destacar tambi\u00e9n que <strong>el registro no implica ser beneficiario de subsidios del programa<\/strong>, ya que depender\u00e1 del cumplimiento de los requisitos, la calificaci\u00f3n y la prioridad que realice la Secretar\u00eda, adem\u00e1s de la disponibilidad de <a href=\"https:\/\/alprestamo.com\/blog\/co\/que-es-el-programa-cambia-mi-casa-y-como-puedo-aplicar\/\">unidades de vivienda<\/a> que haya en cada proyecto.\u00a0<\/p>\n\n\n\n<p>Una vez que se haya asignado el total de unidades, la lista de inscriptos perder\u00e1 su vigencia. Las comunicaciones con relaci\u00f3n a la convocatoria se realizar\u00e1n al correo electr\u00f3nico que se declare en el formulario de inscripci\u00f3n.&nbsp;<\/p>\n\n\n\n<h2 class=\"wp-block-heading\">Montos de los subsidios a la vivienda en Bogot\u00e1<\/h2>\n\n\n\n<p>Existen<strong> dos tipos de montos <\/strong>para quienes cumplen con las <a href=\"https:\/\/alprestamo.com\/blog\/co\/que-programas-sociales-existen-en-colombia\/\">condiciones de vulnerabilidad<\/a>:\u00a0<\/p>\n\n\n\n<ul class=\"wp-block-list\">\n<li>30 salarios m\u00ednimos para hogares que no se encuentren afiliados a una caja de compensaci\u00f3n familiar&nbsp;<\/li>\n\n\n\n<li>20 salarios m\u00ednimos para hogares que est\u00e9n afiliados a una caja de compensaci\u00f3n familiar&nbsp;<\/li>\n<\/ul>\n\n\n\n<h2 class=\"wp-block-heading\">C\u00f3mo solicitar el subsidio a la vivienda en Bogot\u00e1<\/h2>\n\n\n\n<p>Para postularse a los <em>subsidios a la vivienda en Bogot\u00e1 <\/em>hay que ingresar a suav.habitatbogota.gov.co\/forms\/oferta-preferente-2023I, elegir el proyecto que mejor se adecue y clickear en el bot\u00f3n de iniciar registro.<\/p>\n","protected":false},"excerpt":{"rendered":"<p>Para todos aquellos bogotanos, la alcald\u00eda de la ciudad record\u00f3 que hasta el lunes 31 de julio se encontrar\u00e1 abierta la segunda convocatoria del a\u00f1o del programa Oferta Preferente, que ofrece subsidios a la vivienda en Bogot\u00e1. Detalles del subsidio&nbsp; Una vez cerrada la convocatoria, la Secretar\u00eda de H\u00e1bitat validar\u00e1 que el hogar que haya &hellip;<\/p>\n<p class=\"read-more\"> <a class=\"\" href=\"https:\/\/alprestamo.com\/blog\/subsidios-a-la-vivienda-en-bogota-como-anotarse\/\"> <span class=\"screen-reader-text\">Subsidios a la vivienda en Bogot\u00e1: c\u00f3mo anotarse<\/span> Leer m\u00e1s &raquo;<\/a><\/p>\n","protected":false},"author":9,"featured_media":25359,"comment_status":"closed","ping_status":"closed","sticky":false,"template":"","format":"standard","meta":{"_uag_custom_page_level_css":"","site-sidebar-layout":"default","site-content-layout":"default","ast-global-header-display":"","ast-banner-title-visibility":"","ast-main-header-display":"","ast-hfb-above-header-display":"","ast-hfb-below-header-display":"","ast-hfb-mobile-header-display":"","site-post-title":"","ast-breadcrumbs-content":"","ast-featured-img":"","footer-sml-layout":"","theme-transparent-header-meta":"","adv-header-id-meta":"","stick-header-meta":"","header-above-stick-meta":"","header-main-stick-meta":"","header-below-stick-meta":"","footnotes":""},"categories":[98,100],"tags":[],"class_list":["post-25356","post","type-post","status-publish","format-standard","has-post-thumbnail","hentry","category-co","category-programas-sociales"],"acf":[],"yoast_head":"<!-- This site is optimized with the Yoast SEO plugin v23.2 - https:\/\/yoast.com\/wordpress\/plugins\/seo\/ -->\n<title>Subsidios a la vivienda en Bogot\u00e1: c\u00f3mo anotarse<\/title>\n<meta name=\"description\" content=\"Para todos aquellos bogotanos, la alcald\u00eda de la ciudad record\u00f3 que hasta el lunes 31 de julio se encontrar\u00e1 abierta la segunda convocatoria del a\u00f1o del\" \/>\n<meta name=\"robots\" content=\"index, follow, max-snippet:-1, max-image-preview:large, max-video-preview:-1\" \/>\n<link rel=\"canonical\" href=\"https:\/\/alprestamo.com\/blog\/subsidios-a-la-vivienda-en-bogota-como-anotarse\/\" \/>\n<meta property=\"og:locale\" content=\"es_ES\" \/>\n<meta property=\"og:type\" content=\"article\" \/>\n<meta property=\"og:title\" content=\"Subsidios a la vivienda en Bogot\u00e1: c\u00f3mo anotarse\" \/>\n<meta property=\"og:description\" content=\"Para todos aquellos bogotanos, la alcald\u00eda de la ciudad record\u00f3 que hasta el lunes 31 de julio se encontrar\u00e1 abierta la segunda convocatoria del a\u00f1o del\" \/>\n<meta property=\"og:url\" content=\"https:\/\/alprestamo.com\/blog\/subsidios-a-la-vivienda-en-bogota-como-anotarse\/\" \/>\n<meta property=\"og:site_name\" content=\"Alprestamo - Hacemos que todo suceda\" \/>\n<meta property=\"article:published_time\" content=\"2023-07-31T15:20:43+00:00\" \/>\n<meta property=\"article:modified_time\" content=\"2023-07-31T15:20:45+00:00\" \/>\n<meta property=\"og:image\" content=\"https:\/\/alprestamo.com\/blog\/wp-content\/uploads\/2023\/07\/subsidios_vivienda.png\" \/>\n\t<meta property=\"og:image:width\" content=\"640\" \/>\n\t<meta property=\"og:image:height\" content=\"360\" \/>\n\t<meta property=\"og:image:type\" content=\"image\/png\" \/>\n<meta name=\"author\" content=\"Ramiro Querejeta\" \/>\n<meta name=\"twitter:card\" content=\"summary_large_image\" \/>\n<meta name=\"twitter:label1\" content=\"Escrito por\" \/>\n\t<meta name=\"twitter:data1\" content=\"Ramiro Querejeta\" \/>\n\t<meta name=\"twitter:label2\" content=\"Tiempo de lectura\" \/>\n\t<meta name=\"twitter:data2\" content=\"2 minutos\" \/>\n<script type=\"application\/ld+json\" class=\"yoast-schema-graph\">{\"@context\":\"https:\/\/schema.org\",\"@graph\":[{\"@type\":\"NewsArticle\",\"@id\":\"https:\/\/alprestamo.com\/blog\/subsidios-a-la-vivienda-en-bogota-como-anotarse\/#article\",\"isPartOf\":{\"@id\":\"https:\/\/alprestamo.com\/blog\/subsidios-a-la-vivienda-en-bogota-como-anotarse\/\"},\"author\":{\"name\":\"Ramiro Querejeta\",\"@id\":\"https:\/\/alprestamo.com\/blog\/#\/schema\/person\/4c568603ceb381762b4c9062d42c7627\"},\"headline\":\"Subsidios a la vivienda en Bogot\u00e1: c\u00f3mo anotarse\",\"datePublished\":\"2023-07-31T15:20:43+00:00\",\"dateModified\":\"2023-07-31T15:20:45+00:00\",\"mainEntityOfPage\":{\"@id\":\"https:\/\/alprestamo.com\/blog\/subsidios-a-la-vivienda-en-bogota-como-anotarse\/\"},\"wordCount\":339,\"publisher\":{\"@id\":\"https:\/\/alprestamo.com\/blog\/#organization\"},\"image\":{\"@id\":\"https:\/\/alprestamo.com\/blog\/subsidios-a-la-vivienda-en-bogota-como-anotarse\/#primaryimage\"},\"thumbnailUrl\":\"https:\/\/alprestamo.com\/blog\/wp-content\/uploads\/2023\/07\/subsidios_vivienda.png\",\"articleSection\":[\"CO\",\"Programas sociales\"],\"inLanguage\":\"es-AR\"},{\"@type\":\"WebPage\",\"@id\":\"https:\/\/alprestamo.com\/blog\/subsidios-a-la-vivienda-en-bogota-como-anotarse\/\",\"url\":\"https:\/\/alprestamo.com\/blog\/subsidios-a-la-vivienda-en-bogota-como-anotarse\/\",\"name\":\"Subsidios a la vivienda en Bogot\u00e1: c\u00f3mo anotarse\",\"isPartOf\":{\"@id\":\"https:\/\/alprestamo.com\/blog\/#website\"},\"primaryImageOfPage\":{\"@id\":\"https:\/\/alprestamo.com\/blog\/subsidios-a-la-vivienda-en-bogota-como-anotarse\/#primaryimage\"},\"image\":{\"@id\":\"https:\/\/alprestamo.com\/blog\/subsidios-a-la-vivienda-en-bogota-como-anotarse\/#primaryimage\"},\"thumbnailUrl\":\"https:\/\/alprestamo.com\/blog\/wp-content\/uploads\/2023\/07\/subsidios_vivienda.png\",\"datePublished\":\"2023-07-31T15:20:43+00:00\",\"dateModified\":\"2023-07-31T15:20:45+00:00\",\"description\":\"Para todos aquellos bogotanos, la alcald\u00eda de la ciudad record\u00f3 que hasta el lunes 31 de julio se encontrar\u00e1 abierta la segunda convocatoria del a\u00f1o del\",\"breadcrumb\":{\"@id\":\"https:\/\/alprestamo.com\/blog\/subsidios-a-la-vivienda-en-bogota-como-anotarse\/#breadcrumb\"},\"inLanguage\":\"es-AR\",\"potentialAction\":[{\"@type\":\"ReadAction\",\"target\":[\"https:\/\/alprestamo.com\/blog\/subsidios-a-la-vivienda-en-bogota-como-anotarse\/\"]}]},{\"@type\":\"ImageObject\",\"inLanguage\":\"es-AR\",\"@id\":\"https:\/\/alprestamo.com\/blog\/subsidios-a-la-vivienda-en-bogota-como-anotarse\/#primaryimage\",\"url\":\"https:\/\/alprestamo.com\/blog\/wp-content\/uploads\/2023\/07\/subsidios_vivienda.png\",\"contentUrl\":\"https:\/\/alprestamo.com\/blog\/wp-content\/uploads\/2023\/07\/subsidios_vivienda.png\",\"width\":640,\"height\":360,\"caption\":\"Subsidios a la vivienda en Bogot\u00e1\"},{\"@type\":\"BreadcrumbList\",\"@id\":\"https:\/\/alprestamo.com\/blog\/subsidios-a-la-vivienda-en-bogota-como-anotarse\/#breadcrumb\",\"itemListElement\":[{\"@type\":\"ListItem\",\"position\":1,\"name\":\"Home\",\"item\":\"https:\/\/alprestamo.com\/blog\/\"},{\"@type\":\"ListItem\",\"position\":2,\"name\":\"Subsidios a la vivienda en Bogot\u00e1: c\u00f3mo anotarse\"}]},{\"@type\":\"WebSite\",\"@id\":\"https:\/\/alprestamo.com\/blog\/#website\",\"url\":\"https:\/\/alprestamo.com\/blog\/\",\"name\":\"Alprestamo\",\"description\":\"Hacemos que todo suceda\",\"publisher\":{\"@id\":\"https:\/\/alprestamo.com\/blog\/#organization\"},\"potentialAction\":[{\"@type\":\"SearchAction\",\"target\":{\"@type\":\"EntryPoint\",\"urlTemplate\":\"https:\/\/alprestamo.com\/blog\/?s={search_term_string}\"},\"query-input\":\"required name=search_term_string\"}],\"inLanguage\":\"es-AR\"},{\"@type\":\"Organization\",\"@id\":\"https:\/\/alprestamo.com\/blog\/#organization\",\"name\":\"Alprestamo\",\"url\":\"https:\/\/alprestamo.com\/blog\/\",\"logo\":{\"@type\":\"ImageObject\",\"inLanguage\":\"es-AR\",\"@id\":\"https:\/\/alprestamo.com\/blog\/#\/schema\/logo\/image\/\",\"url\":\"https:\/\/alprestamo.com\/blog\/wp-content\/uploads\/2022\/10\/Imagotipo_Blanco.svg\",\"contentUrl\":\"https:\/\/alprestamo.com\/blog\/wp-content\/uploads\/2022\/10\/Imagotipo_Blanco.svg\",\"width\":1199,\"height\":203,\"caption\":\"Alprestamo\"},\"image\":{\"@id\":\"https:\/\/alprestamo.com\/blog\/#\/schema\/logo\/image\/\"}},{\"@type\":\"Person\",\"@id\":\"https:\/\/alprestamo.com\/blog\/#\/schema\/person\/4c568603ceb381762b4c9062d42c7627\",\"name\":\"Ramiro Querejeta\",\"image\":{\"@type\":\"ImageObject\",\"inLanguage\":\"es-AR\",\"@id\":\"https:\/\/alprestamo.com\/blog\/#\/schema\/person\/image\/\",\"url\":\"https:\/\/alprestamo.com\/blog\/wp-content\/uploads\/2025\/08\/1688503693490-150x150.jpeg\",\"contentUrl\":\"https:\/\/alprestamo.com\/blog\/wp-content\/uploads\/2025\/08\/1688503693490-150x150.jpeg\",\"caption\":\"Ramiro Querejeta\"},\"url\":\"https:\/\/alprestamo.com\/blog\/author\/ramiro\/\"}]}<\/script>\n<!-- \/ Yoast SEO plugin. -->","yoast_head_json":{"title":"Subsidios a la vivienda en Bogot\u00e1: c\u00f3mo anotarse","description":"Para todos aquellos bogotanos, la alcald\u00eda de la ciudad record\u00f3 que hasta el lunes 31 de julio se encontrar\u00e1 abierta la segunda convocatoria del a\u00f1o del","robots":{"index":"index","follow":"follow","max-snippet":"max-snippet:-1","max-image-preview":"max-image-preview:large","max-video-preview":"max-video-preview:-1"},"canonical":"https:\/\/alprestamo.com\/blog\/subsidios-a-la-vivienda-en-bogota-como-anotarse\/","og_locale":"es_ES","og_type":"article","og_title":"Subsidios a la vivienda en Bogot\u00e1: c\u00f3mo anotarse","og_description":"Para todos aquellos bogotanos, la alcald\u00eda de la ciudad record\u00f3 que hasta el lunes 31 de julio se encontrar\u00e1 abierta la segunda convocatoria del a\u00f1o del","og_url":"https:\/\/alprestamo.com\/blog\/subsidios-a-la-vivienda-en-bogota-como-anotarse\/","og_site_name":"Alprestamo - Hacemos que todo suceda","article_published_time":"2023-07-31T15:20:43+00:00","article_modified_time":"2023-07-31T15:20:45+00:00","og_image":[{"width":640,"height":360,"url":"https:\/\/alprestamo.com\/blog\/wp-content\/uploads\/2023\/07\/subsidios_vivienda.png","type":"image\/png"}],"author":"Ramiro Querejeta","twitter_card":"summary_large_image","twitter_misc":{"Escrito por":"Ramiro Querejeta","Tiempo de lectura":"2 minutos"},"schema":{"@context":"https:\/\/schema.org","@graph":[{"@type":"NewsArticle","@id":"https:\/\/alprestamo.com\/blog\/subsidios-a-la-vivienda-en-bogota-como-anotarse\/#article","isPartOf":{"@id":"https:\/\/alprestamo.com\/blog\/subsidios-a-la-vivienda-en-bogota-como-anotarse\/"},"author":{"name":"Ramiro Querejeta","@id":"https:\/\/alprestamo.com\/blog\/#\/schema\/person\/4c568603ceb381762b4c9062d42c7627"},"headline":"Subsidios a la vivienda en Bogot\u00e1: c\u00f3mo anotarse","datePublished":"2023-07-31T15:20:43+00:00","dateModified":"2023-07-31T15:20:45+00:00","mainEntityOfPage":{"@id":"https:\/\/alprestamo.com\/blog\/subsidios-a-la-vivienda-en-bogota-como-anotarse\/"},"wordCount":339,"publisher":{"@id":"https:\/\/alprestamo.com\/blog\/#organization"},"image":{"@id":"https:\/\/alprestamo.com\/blog\/subsidios-a-la-vivienda-en-bogota-como-anotarse\/#primaryimage"},"thumbnailUrl":"https:\/\/alprestamo.com\/blog\/wp-content\/uploads\/2023\/07\/subsidios_vivienda.png","articleSection":["CO","Programas sociales"],"inLanguage":"es-AR"},{"@type":"WebPage","@id":"https:\/\/alprestamo.com\/blog\/subsidios-a-la-vivienda-en-bogota-como-anotarse\/","url":"https:\/\/alprestamo.com\/blog\/subsidios-a-la-vivienda-en-bogota-como-anotarse\/","name":"Subsidios a la vivienda en Bogot\u00e1: c\u00f3mo anotarse","isPartOf":{"@id":"https:\/\/alprestamo.com\/blog\/#website"},"primaryImageOfPage":{"@id":"https:\/\/alprestamo.com\/blog\/subsidios-a-la-vivienda-en-bogota-como-anotarse\/#primaryimage"},"image":{"@id":"https:\/\/alprestamo.com\/blog\/subsidios-a-la-vivienda-en-bogota-como-anotarse\/#primaryimage"},"thumbnailUrl":"https:\/\/alprestamo.com\/blog\/wp-content\/uploads\/2023\/07\/subsidios_vivienda.png","datePublished":"2023-07-31T15:20:43+00:00","dateModified":"2023-07-31T15:20:45+00:00","description":"Para todos aquellos bogotanos, la alcald\u00eda de la ciudad record\u00f3 que hasta el lunes 31 de julio se encontrar\u00e1 abierta la segunda convocatoria del a\u00f1o del","breadcrumb":{"@id":"https:\/\/alprestamo.com\/blog\/subsidios-a-la-vivienda-en-bogota-como-anotarse\/#breadcrumb"},"inLanguage":"es-AR","potentialAction":[{"@type":"ReadAction","target":["https:\/\/alprestamo.com\/blog\/subsidios-a-la-vivienda-en-bogota-como-anotarse\/"]}]},{"@type":"ImageObject","inLanguage":"es-AR","@id":"https:\/\/alprestamo.com\/blog\/subsidios-a-la-vivienda-en-bogota-como-anotarse\/#primaryimage","url":"https:\/\/alprestamo.com\/blog\/wp-content\/uploads\/2023\/07\/subsidios_vivienda.png","contentUrl":"https:\/\/alprestamo.com\/blog\/wp-content\/uploads\/2023\/07\/subsidios_vivienda.png","width":640,"height":360,"caption":"Subsidios a la vivienda en Bogot\u00e1"},{"@type":"BreadcrumbList","@id":"https:\/\/alprestamo.com\/blog\/subsidios-a-la-vivienda-en-bogota-como-anotarse\/#breadcrumb","itemListElement":[{"@type":"ListItem","position":1,"name":"Home","item":"https:\/\/alprestamo.com\/blog\/"},{"@type":"ListItem","position":2,"name":"Subsidios a la vivienda en Bogot\u00e1: c\u00f3mo anotarse"}]},{"@type":"WebSite","@id":"https:\/\/alprestamo.com\/blog\/#website","url":"https:\/\/alprestamo.com\/blog\/","name":"Alprestamo","description":"Hacemos que todo suceda","publisher":{"@id":"https:\/\/alprestamo.com\/blog\/#organization"},"potentialAction":[{"@type":"SearchAction","target":{"@type":"EntryPoint","urlTemplate":"https:\/\/alprestamo.com\/blog\/?s={search_term_string}"},"query-input":"required name=search_term_string"}],"inLanguage":"es-AR"},{"@type":"Organization","@id":"https:\/\/alprestamo.com\/blog\/#organization","name":"Alprestamo","url":"https:\/\/alprestamo.com\/blog\/","logo":{"@type":"ImageObject","inLanguage":"es-AR","@id":"https:\/\/alprestamo.com\/blog\/#\/schema\/logo\/image\/","url":"https:\/\/alprestamo.com\/blog\/wp-content\/uploads\/2022\/10\/Imagotipo_Blanco.svg","contentUrl":"https:\/\/alprestamo.com\/blog\/wp-content\/uploads\/2022\/10\/Imagotipo_Blanco.svg","width":1199,"height":203,"caption":"Alprestamo"},"image":{"@id":"https:\/\/alprestamo.com\/blog\/#\/schema\/logo\/image\/"}},{"@type":"Person","@id":"https:\/\/alprestamo.com\/blog\/#\/schema\/person\/4c568603ceb381762b4c9062d42c7627","name":"Ramiro Querejeta","image":{"@type":"ImageObject","inLanguage":"es-AR","@id":"https:\/\/alprestamo.com\/blog\/#\/schema\/person\/image\/","url":"https:\/\/alprestamo.com\/blog\/wp-content\/uploads\/2025\/08\/1688503693490-150x150.jpeg","contentUrl":"https:\/\/alprestamo.com\/blog\/wp-content\/uploads\/2025\/08\/1688503693490-150x150.jpeg","caption":"Ramiro Querejeta"},"url":"https:\/\/alprestamo.com\/blog\/author\/ramiro\/"}]}},"uagb_featured_image_src":{"full":["https:\/\/alprestamo.com\/blog\/wp-content\/uploads\/2023\/07\/subsidios_vivienda.png",640,360,false],"thumbnail":["https:\/\/alprestamo.com\/blog\/wp-content\/uploads\/2023\/07\/subsidios_vivienda-150x150.png",150,150,true],"medium":["https:\/\/alprestamo.com\/blog\/wp-content\/uploads\/2023\/07\/subsidios_vivienda-300x169.png",300,169,true],"medium_large":["https:\/\/alprestamo.com\/blog\/wp-content\/uploads\/2023\/07\/subsidios_vivienda.png",640,360,false],"large":["https:\/\/alprestamo.com\/blog\/wp-content\/uploads\/2023\/07\/subsidios_vivienda.png",640,360,false],"1536x1536":["https:\/\/alprestamo.com\/blog\/wp-content\/uploads\/2023\/07\/subsidios_vivienda.png",640,360,false],"2048x2048":["https:\/\/alprestamo.com\/blog\/wp-content\/uploads\/2023\/07\/subsidios_vivienda.png",640,360,false]},"uagb_author_info":{"display_name":"Ramiro Querejeta","author_link":"https:\/\/alprestamo.com\/blog\/author\/ramiro\/"},"uagb_comment_info":0,"uagb_excerpt":"Para todos aquellos bogotanos, la alcald\u00eda de la ciudad record\u00f3 que hasta el lunes 31 de julio se encontrar\u00e1 abierta la segunda convocatoria del a\u00f1o del programa Oferta Preferente, que ofrece subsidios a la vivienda en Bogot\u00e1. Detalles del subsidio&nbsp; Una vez cerrada la convocatoria, la Secretar\u00eda de H\u00e1bitat validar\u00e1 que el hogar que haya&hellip;","rttpg_featured_image_url":{"full":["https:\/\/alprestamo.com\/blog\/wp-content\/uploads\/2023\/07\/subsidios_vivienda.png",640,360,false],"landscape":["https:\/\/alprestamo.com\/blog\/wp-content\/uploads\/2023\/07\/subsidios_vivienda.png",640,360,false],"portraits":["https:\/\/alprestamo.com\/blog\/wp-content\/uploads\/2023\/07\/subsidios_vivienda.png",640,360,false],"thumbnail":["https:\/\/alprestamo.com\/blog\/wp-content\/uploads\/2023\/07\/subsidios_vivienda-150x150.png",150,150,true],"medium":["https:\/\/alprestamo.com\/blog\/wp-content\/uploads\/2023\/07\/subsidios_vivienda-300x169.png",300,169,true],"large":["https:\/\/alprestamo.com\/blog\/wp-content\/uploads\/2023\/07\/subsidios_vivienda.png",640,360,false],"1536x1536":["https:\/\/alprestamo.com\/blog\/wp-content\/uploads\/2023\/07\/subsidios_vivienda.png",640,360,false],"2048x2048":["https:\/\/alprestamo.com\/blog\/wp-content\/uploads\/2023\/07\/subsidios_vivienda.png",640,360,false],"rt_custom":["https:\/\/alprestamo.com\/blog\/wp-content\/uploads\/2023\/07\/subsidios_vivienda.png",640,360,false]},"rttpg_author":{"display_name":"Ramiro Querejeta","author_link":"https:\/\/alprestamo.com\/blog\/author\/ramiro\/"},"rttpg_comment":0,"rttpg_category":"<a href=\"https:\/\/alprestamo.com\/blog\/categoria\/co\/\" rel=\"category tag\">CO<\/a> <a href=\"https:\/\/alprestamo.com\/blog\/categoria\/co\/programas-sociales\/\" rel=\"category tag\">Programas sociales<\/a>","rttpg_excerpt":"Para todos aquellos bogotanos, la alcald\u00eda de la ciudad record\u00f3 que hasta el lunes 31 de julio se encontrar\u00e1 abierta la segunda convocatoria del a\u00f1o del programa Oferta Preferente, que ofrece subsidios a la vivienda en Bogot\u00e1. Detalles del subsidio&nbsp; Una vez cerrada la convocatoria, la Secretar\u00eda de H\u00e1bitat validar\u00e1 que el hogar que haya&hellip;","_links":{"self":[{"href":"https:\/\/alprestamo.com\/blog\/wp-json\/wp\/v2\/posts\/25356"}],"collection":[{"href":"https:\/\/alprestamo.com\/blog\/wp-json\/wp\/v2\/posts"}],"about":[{"href":"https:\/\/alprestamo.com\/blog\/wp-json\/wp\/v2\/types\/post"}],"author":[{"embeddable":true,"href":"https:\/\/alprestamo.com\/blog\/wp-json\/wp\/v2\/users\/9"}],"replies":[{"embeddable":true,"href":"https:\/\/alprestamo.com\/blog\/wp-json\/wp\/v2\/comments?post=25356"}],"version-history":[{"count":1,"href":"https:\/\/alprestamo.com\/blog\/wp-json\/wp\/v2\/posts\/25356\/revisions"}],"predecessor-version":[{"id":25360,"href":"https:\/\/alprestamo.com\/blog\/wp-json\/wp\/v2\/posts\/25356\/revisions\/25360"}],"wp:featuredmedia":[{"embeddable":true,"href":"https:\/\/alprestamo.com\/blog\/wp-json\/wp\/v2\/media\/25359"}],"wp:attachment":[{"href":"https:\/\/alprestamo.com\/blog\/wp-json\/wp\/v2\/media?parent=25356"}],"wp:term":[{"taxonomy":"category","embeddable":true,"href":"https:\/\/alprestamo.com\/blog\/wp-json\/wp\/v2\/categories?post=25356"},{"taxonomy":"post_tag","embeddable":true,"href":"https:\/\/alprestamo.com\/blog\/wp-json\/wp\/v2\/tags?post=25356"}],"curies":[{"name":"wp","href":"https:\/\/api.w.org\/{rel}","templated":true}]}}