{"id":25361,"date":"2023-07-31T12:47:34","date_gmt":"2023-07-31T15:47:34","guid":{"rendered":"https:\/\/alprestamo.com\/blog\/?p=25361"},"modified":"2024-01-23T17:09:47","modified_gmt":"2024-01-23T20:09:47","slug":"aumenta-el-boleto-del-transporte-en-uruguay-cuanto-saldra-a-partir-de-ahora","status":"publish","type":"post","link":"https:\/\/alprestamo.com\/blog\/aumenta-el-boleto-del-transporte-en-uruguay-cuanto-saldra-a-partir-de-ahora\/","title":{"rendered":"Aumenta el boleto del transporte en Uruguay: cu\u00e1nto saldr\u00e1 a partir de ahora"},"content":{"rendered":"\n<p>El gobierno aprob\u00f3 un nuevo incremento del <strong>boleto del transporte en Uruguay<\/strong> suburbano e interdepartamental a partir del 1\u00b0 de agosto, luego de la firma del decreto por parte de Luis Lacalle Pou.&nbsp;&nbsp;<\/p>\n\n\n\n<h2 class=\"wp-block-heading\">De cu\u00e1nto ser\u00e1 el aumento del transporte en Uruguay&nbsp;<\/h2>\n\n\n\n<p>En el caso del boleto del <strong>transporte interdepartamenta<\/strong>l, <strong><a href=\"https:\/\/alprestamo.com\/blog\/uy\/economia-finanzas-uy\/de-cuanto-sera-el-ajuste-salarial-en-uruguay\/\">el aumento ser\u00e1 <\/a>del 2%<\/strong>, en promedio. Por su parte, el<strong> boleto suburbano tendr\u00eda un incremento del 4,5%<\/strong> en promedio.&nbsp;<\/p>\n\n\n\n<p>De esta forma, el boleto del transporte en <a href=\"https:\/\/alprestamo.com\/blog\/uy\/programas-sociales-uy\/uruguay-extiende-al-subsidio-al-agua-embotellada-quienes-se-benefician\/\">Uruguay<\/a> de hasta 8 kil\u00f3metros tendr\u00e1 un incremento de 48 a 50 pesos; hasta 16 kil\u00f3metros, de 55 a 58, el de 24 kil\u00f3metros, de 67 a 70; y el de 28 kil\u00f3metros de 71 a 74 pesos.&nbsp;<\/p>\n\n\n\n<p>A su vez, el boleto de hasta 36 kil\u00f3metros ser\u00e1 de 79 (antes 76); y el de hasta 60 kil\u00f3metros de 118 (antes 113).&nbsp;<\/p>\n\n\n\n<p>El <strong>boleto dentro de los l\u00edmites de Montevideo tendr\u00e1 un aumento de 3 pesos<\/strong>, de 70 a 73.&nbsp;<\/p>\n\n\n\n<p>Este aumento tiene que ver con el ajuste salarial acordado con los sindicatos de transporte por parte del gobierno uruguayo.<\/p>\n\n\n\n<h2 class=\"wp-block-heading\">Aumenta el boleto del transporte en Uruguay pero no los combustibles<\/h2>\n\n\n\n<p>Si bien el aumento del <em>boleto del transporte en Uruguay <\/em>es un hecho, el<a href=\"https:\/\/alprestamo.com\/blog\/uy\/economia-finanzas-uy\/que-va-a-pasar-con-el-precio-del-combustible-en-agosto\/\"> incremento del valor de la gasolina en Uruguay <\/a>no est\u00e1 confirmado y de hecho se espera que no tenga cambios en el mes de agosto. De esta forma, se alivia un nuevo traslado a precios de lo que ser\u00eda un aumento en los combustibles.<\/p>\n","protected":false},"excerpt":{"rendered":"<p>El gobierno aprob\u00f3 un nuevo incremento del boleto del transporte en Uruguay suburbano e interdepartamental a partir del 1\u00b0 de agosto, luego de la firma del decreto por parte de Luis Lacalle Pou.&nbsp;&nbsp; De cu\u00e1nto ser\u00e1 el aumento del transporte en Uruguay&nbsp; En el caso del boleto del transporte interdepartamental, el aumento ser\u00e1 del 2%, &hellip;<\/p>\n<p class=\"read-more\"> <a class=\"\" href=\"https:\/\/alprestamo.com\/blog\/aumenta-el-boleto-del-transporte-en-uruguay-cuanto-saldra-a-partir-de-ahora\/\"> <span class=\"screen-reader-text\">Aumenta el boleto del transporte en Uruguay: cu\u00e1nto saldr\u00e1 a partir de ahora<\/span> Leer m\u00e1s &raquo;<\/a><\/p>\n","protected":false},"author":9,"featured_media":25372,"comment_status":"closed","ping_status":"closed","sticky":false,"template":"","format":"standard","meta":{"_uag_custom_page_level_css":"","site-sidebar-layout":"default","site-content-layout":"default","ast-global-header-display":"","ast-banner-title-visibility":"","ast-main-header-display":"","ast-hfb-above-header-display":"","ast-hfb-below-header-display":"","ast-hfb-mobile-header-display":"","site-post-title":"","ast-breadcrumbs-content":"","ast-featured-img":"","footer-sml-layout":"","theme-transparent-header-meta":"","adv-header-id-meta":"","stick-header-meta":"","header-above-stick-meta":"","header-main-stick-meta":"","header-below-stick-meta":"","footnotes":""},"categories":[36,94],"tags":[],"class_list":["post-25361","post","type-post","status-publish","format-standard","has-post-thumbnail","hentry","category-economia-finanzas-uy","category-uy"],"acf":[],"yoast_head":"<!-- This site is optimized with the Yoast SEO plugin v23.2 - https:\/\/yoast.com\/wordpress\/plugins\/seo\/ -->\n<title>Aumenta el boleto del transporte en Uruguay: cu\u00e1nto saldr\u00e1 a partir de ahora<\/title>\n<meta name=\"description\" content=\"El gobierno aprob\u00f3 un nuevo incremento del boleto del transporte en Uruguay suburbano e interdepartamental a partir del 1\u00b0 de agosto, luego de la firma\" \/>\n<meta name=\"robots\" content=\"index, follow, max-snippet:-1, max-image-preview:large, max-video-preview:-1\" \/>\n<link rel=\"canonical\" href=\"https:\/\/alprestamo.com\/blog\/aumenta-el-boleto-del-transporte-en-uruguay-cuanto-saldra-a-partir-de-ahora\/\" \/>\n<meta property=\"og:locale\" content=\"es_ES\" \/>\n<meta property=\"og:type\" content=\"article\" \/>\n<meta property=\"og:title\" content=\"Aumenta el boleto del transporte en Uruguay: cu\u00e1nto saldr\u00e1 a partir de ahora\" \/>\n<meta property=\"og:description\" content=\"El gobierno aprob\u00f3 un nuevo incremento del boleto del transporte en Uruguay suburbano e interdepartamental a partir del 1\u00b0 de agosto, luego de la firma\" \/>\n<meta property=\"og:url\" content=\"https:\/\/alprestamo.com\/blog\/aumenta-el-boleto-del-transporte-en-uruguay-cuanto-saldra-a-partir-de-ahora\/\" \/>\n<meta property=\"og:site_name\" content=\"Alprestamo - Hacemos que todo suceda\" \/>\n<meta property=\"article:published_time\" content=\"2023-07-31T15:47:34+00:00\" \/>\n<meta property=\"article:modified_time\" content=\"2024-01-23T20:09:47+00:00\" \/>\n<meta property=\"og:image\" content=\"https:\/\/alprestamo.com\/blog\/wp-content\/uploads\/2023\/07\/transporte-uruguay-e1694531705671.jpg\" \/>\n\t<meta property=\"og:image:width\" content=\"900\" \/>\n\t<meta property=\"og:image:height\" content=\"500\" \/>\n\t<meta property=\"og:image:type\" content=\"image\/jpeg\" \/>\n<meta name=\"author\" content=\"Ramiro Querejeta\" \/>\n<meta name=\"twitter:card\" content=\"summary_large_image\" \/>\n<meta name=\"twitter:label1\" content=\"Escrito por\" \/>\n\t<meta name=\"twitter:data1\" content=\"Ramiro Querejeta\" \/>\n\t<meta name=\"twitter:label2\" content=\"Tiempo de lectura\" \/>\n\t<meta name=\"twitter:data2\" content=\"1 minuto\" \/>\n<script type=\"application\/ld+json\" class=\"yoast-schema-graph\">{\"@context\":\"https:\/\/schema.org\",\"@graph\":[{\"@type\":\"NewsArticle\",\"@id\":\"https:\/\/alprestamo.com\/blog\/aumenta-el-boleto-del-transporte-en-uruguay-cuanto-saldra-a-partir-de-ahora\/#article\",\"isPartOf\":{\"@id\":\"https:\/\/alprestamo.com\/blog\/aumenta-el-boleto-del-transporte-en-uruguay-cuanto-saldra-a-partir-de-ahora\/\"},\"author\":{\"name\":\"Ramiro Querejeta\",\"@id\":\"https:\/\/alprestamo.com\/blog\/#\/schema\/person\/4c568603ceb381762b4c9062d42c7627\"},\"headline\":\"Aumenta el boleto del transporte en Uruguay: cu\u00e1nto saldr\u00e1 a partir de ahora\",\"datePublished\":\"2023-07-31T15:47:34+00:00\",\"dateModified\":\"2024-01-23T20:09:47+00:00\",\"mainEntityOfPage\":{\"@id\":\"https:\/\/alprestamo.com\/blog\/aumenta-el-boleto-del-transporte-en-uruguay-cuanto-saldra-a-partir-de-ahora\/\"},\"wordCount\":254,\"publisher\":{\"@id\":\"https:\/\/alprestamo.com\/blog\/#organization\"},\"image\":{\"@id\":\"https:\/\/alprestamo.com\/blog\/aumenta-el-boleto-del-transporte-en-uruguay-cuanto-saldra-a-partir-de-ahora\/#primaryimage\"},\"thumbnailUrl\":\"https:\/\/alprestamo.com\/blog\/wp-content\/uploads\/2023\/07\/transporte-uruguay-e1694531705671.jpg\",\"articleSection\":[\"Econom\u00eda y finanzas\",\"UY\"],\"inLanguage\":\"es-AR\"},{\"@type\":\"WebPage\",\"@id\":\"https:\/\/alprestamo.com\/blog\/aumenta-el-boleto-del-transporte-en-uruguay-cuanto-saldra-a-partir-de-ahora\/\",\"url\":\"https:\/\/alprestamo.com\/blog\/aumenta-el-boleto-del-transporte-en-uruguay-cuanto-saldra-a-partir-de-ahora\/\",\"name\":\"Aumenta el boleto del transporte en Uruguay: cu\u00e1nto saldr\u00e1 a partir de ahora\",\"isPartOf\":{\"@id\":\"https:\/\/alprestamo.com\/blog\/#website\"},\"primaryImageOfPage\":{\"@id\":\"https:\/\/alprestamo.com\/blog\/aumenta-el-boleto-del-transporte-en-uruguay-cuanto-saldra-a-partir-de-ahora\/#primaryimage\"},\"image\":{\"@id\":\"https:\/\/alprestamo.com\/blog\/aumenta-el-boleto-del-transporte-en-uruguay-cuanto-saldra-a-partir-de-ahora\/#primaryimage\"},\"thumbnailUrl\":\"https:\/\/alprestamo.com\/blog\/wp-content\/uploads\/2023\/07\/transporte-uruguay-e1694531705671.jpg\",\"datePublished\":\"2023-07-31T15:47:34+00:00\",\"dateModified\":\"2024-01-23T20:09:47+00:00\",\"description\":\"El gobierno aprob\u00f3 un nuevo incremento del boleto del transporte en Uruguay suburbano e interdepartamental a partir del 1\u00b0 de agosto, luego de la firma\",\"breadcrumb\":{\"@id\":\"https:\/\/alprestamo.com\/blog\/aumenta-el-boleto-del-transporte-en-uruguay-cuanto-saldra-a-partir-de-ahora\/#breadcrumb\"},\"inLanguage\":\"es-AR\",\"potentialAction\":[{\"@type\":\"ReadAction\",\"target\":[\"https:\/\/alprestamo.com\/blog\/aumenta-el-boleto-del-transporte-en-uruguay-cuanto-saldra-a-partir-de-ahora\/\"]}]},{\"@type\":\"ImageObject\",\"inLanguage\":\"es-AR\",\"@id\":\"https:\/\/alprestamo.com\/blog\/aumenta-el-boleto-del-transporte-en-uruguay-cuanto-saldra-a-partir-de-ahora\/#primaryimage\",\"url\":\"https:\/\/alprestamo.com\/blog\/wp-content\/uploads\/2023\/07\/transporte-uruguay-e1694531705671.jpg\",\"contentUrl\":\"https:\/\/alprestamo.com\/blog\/wp-content\/uploads\/2023\/07\/transporte-uruguay-e1694531705671.jpg\",\"width\":900,\"height\":500,\"caption\":\"Colectivos de transporte\"},{\"@type\":\"BreadcrumbList\",\"@id\":\"https:\/\/alprestamo.com\/blog\/aumenta-el-boleto-del-transporte-en-uruguay-cuanto-saldra-a-partir-de-ahora\/#breadcrumb\",\"itemListElement\":[{\"@type\":\"ListItem\",\"position\":1,\"name\":\"Home\",\"item\":\"https:\/\/alprestamo.com\/blog\/\"},{\"@type\":\"ListItem\",\"position\":2,\"name\":\"Aumenta el boleto del transporte en Uruguay: cu\u00e1nto saldr\u00e1 a partir de ahora\"}]},{\"@type\":\"WebSite\",\"@id\":\"https:\/\/alprestamo.com\/blog\/#website\",\"url\":\"https:\/\/alprestamo.com\/blog\/\",\"name\":\"Alprestamo\",\"description\":\"Hacemos que todo suceda\",\"publisher\":{\"@id\":\"https:\/\/alprestamo.com\/blog\/#organization\"},\"potentialAction\":[{\"@type\":\"SearchAction\",\"target\":{\"@type\":\"EntryPoint\",\"urlTemplate\":\"https:\/\/alprestamo.com\/blog\/?s={search_term_string}\"},\"query-input\":\"required name=search_term_string\"}],\"inLanguage\":\"es-AR\"},{\"@type\":\"Organization\",\"@id\":\"https:\/\/alprestamo.com\/blog\/#organization\",\"name\":\"Alprestamo\",\"url\":\"https:\/\/alprestamo.com\/blog\/\",\"logo\":{\"@type\":\"ImageObject\",\"inLanguage\":\"es-AR\",\"@id\":\"https:\/\/alprestamo.com\/blog\/#\/schema\/logo\/image\/\",\"url\":\"https:\/\/alprestamo.com\/blog\/wp-content\/uploads\/2022\/10\/Imagotipo_Blanco.svg\",\"contentUrl\":\"https:\/\/alprestamo.com\/blog\/wp-content\/uploads\/2022\/10\/Imagotipo_Blanco.svg\",\"width\":1199,\"height\":203,\"caption\":\"Alprestamo\"},\"image\":{\"@id\":\"https:\/\/alprestamo.com\/blog\/#\/schema\/logo\/image\/\"}},{\"@type\":\"Person\",\"@id\":\"https:\/\/alprestamo.com\/blog\/#\/schema\/person\/4c568603ceb381762b4c9062d42c7627\",\"name\":\"Ramiro Querejeta\",\"image\":{\"@type\":\"ImageObject\",\"inLanguage\":\"es-AR\",\"@id\":\"https:\/\/alprestamo.com\/blog\/#\/schema\/person\/image\/\",\"url\":\"https:\/\/alprestamo.com\/blog\/wp-content\/uploads\/2025\/08\/1688503693490-150x150.jpeg\",\"contentUrl\":\"https:\/\/alprestamo.com\/blog\/wp-content\/uploads\/2025\/08\/1688503693490-150x150.jpeg\",\"caption\":\"Ramiro Querejeta\"},\"url\":\"https:\/\/alprestamo.com\/blog\/author\/ramiro\/\"}]}<\/script>\n<!-- \/ Yoast SEO plugin. -->","yoast_head_json":{"title":"Aumenta el boleto del transporte en Uruguay: cu\u00e1nto saldr\u00e1 a partir de ahora","description":"El gobierno aprob\u00f3 un nuevo incremento del boleto del transporte en Uruguay suburbano e interdepartamental a partir del 1\u00b0 de agosto, luego de la firma","robots":{"index":"index","follow":"follow","max-snippet":"max-snippet:-1","max-image-preview":"max-image-preview:large","max-video-preview":"max-video-preview:-1"},"canonical":"https:\/\/alprestamo.com\/blog\/aumenta-el-boleto-del-transporte-en-uruguay-cuanto-saldra-a-partir-de-ahora\/","og_locale":"es_ES","og_type":"article","og_title":"Aumenta el boleto del transporte en Uruguay: cu\u00e1nto saldr\u00e1 a partir de ahora","og_description":"El gobierno aprob\u00f3 un nuevo incremento del boleto del transporte en Uruguay suburbano e interdepartamental a partir del 1\u00b0 de agosto, luego de la firma","og_url":"https:\/\/alprestamo.com\/blog\/aumenta-el-boleto-del-transporte-en-uruguay-cuanto-saldra-a-partir-de-ahora\/","og_site_name":"Alprestamo - Hacemos que todo suceda","article_published_time":"2023-07-31T15:47:34+00:00","article_modified_time":"2024-01-23T20:09:47+00:00","og_image":[{"width":900,"height":500,"url":"https:\/\/alprestamo.com\/blog\/wp-content\/uploads\/2023\/07\/transporte-uruguay-e1694531705671.jpg","type":"image\/jpeg"}],"author":"Ramiro Querejeta","twitter_card":"summary_large_image","twitter_misc":{"Escrito por":"Ramiro Querejeta","Tiempo de lectura":"1 minuto"},"schema":{"@context":"https:\/\/schema.org","@graph":[{"@type":"NewsArticle","@id":"https:\/\/alprestamo.com\/blog\/aumenta-el-boleto-del-transporte-en-uruguay-cuanto-saldra-a-partir-de-ahora\/#article","isPartOf":{"@id":"https:\/\/alprestamo.com\/blog\/aumenta-el-boleto-del-transporte-en-uruguay-cuanto-saldra-a-partir-de-ahora\/"},"author":{"name":"Ramiro Querejeta","@id":"https:\/\/alprestamo.com\/blog\/#\/schema\/person\/4c568603ceb381762b4c9062d42c7627"},"headline":"Aumenta el boleto del transporte en Uruguay: cu\u00e1nto saldr\u00e1 a partir de ahora","datePublished":"2023-07-31T15:47:34+00:00","dateModified":"2024-01-23T20:09:47+00:00","mainEntityOfPage":{"@id":"https:\/\/alprestamo.com\/blog\/aumenta-el-boleto-del-transporte-en-uruguay-cuanto-saldra-a-partir-de-ahora\/"},"wordCount":254,"publisher":{"@id":"https:\/\/alprestamo.com\/blog\/#organization"},"image":{"@id":"https:\/\/alprestamo.com\/blog\/aumenta-el-boleto-del-transporte-en-uruguay-cuanto-saldra-a-partir-de-ahora\/#primaryimage"},"thumbnailUrl":"https:\/\/alprestamo.com\/blog\/wp-content\/uploads\/2023\/07\/transporte-uruguay-e1694531705671.jpg","articleSection":["Econom\u00eda y finanzas","UY"],"inLanguage":"es-AR"},{"@type":"WebPage","@id":"https:\/\/alprestamo.com\/blog\/aumenta-el-boleto-del-transporte-en-uruguay-cuanto-saldra-a-partir-de-ahora\/","url":"https:\/\/alprestamo.com\/blog\/aumenta-el-boleto-del-transporte-en-uruguay-cuanto-saldra-a-partir-de-ahora\/","name":"Aumenta el boleto del transporte en Uruguay: cu\u00e1nto saldr\u00e1 a partir de ahora","isPartOf":{"@id":"https:\/\/alprestamo.com\/blog\/#website"},"primaryImageOfPage":{"@id":"https:\/\/alprestamo.com\/blog\/aumenta-el-boleto-del-transporte-en-uruguay-cuanto-saldra-a-partir-de-ahora\/#primaryimage"},"image":{"@id":"https:\/\/alprestamo.com\/blog\/aumenta-el-boleto-del-transporte-en-uruguay-cuanto-saldra-a-partir-de-ahora\/#primaryimage"},"thumbnailUrl":"https:\/\/alprestamo.com\/blog\/wp-content\/uploads\/2023\/07\/transporte-uruguay-e1694531705671.jpg","datePublished":"2023-07-31T15:47:34+00:00","dateModified":"2024-01-23T20:09:47+00:00","description":"El gobierno aprob\u00f3 un nuevo incremento del boleto del transporte en Uruguay suburbano e interdepartamental a partir del 1\u00b0 de agosto, luego de la firma","breadcrumb":{"@id":"https:\/\/alprestamo.com\/blog\/aumenta-el-boleto-del-transporte-en-uruguay-cuanto-saldra-a-partir-de-ahora\/#breadcrumb"},"inLanguage":"es-AR","potentialAction":[{"@type":"ReadAction","target":["https:\/\/alprestamo.com\/blog\/aumenta-el-boleto-del-transporte-en-uruguay-cuanto-saldra-a-partir-de-ahora\/"]}]},{"@type":"ImageObject","inLanguage":"es-AR","@id":"https:\/\/alprestamo.com\/blog\/aumenta-el-boleto-del-transporte-en-uruguay-cuanto-saldra-a-partir-de-ahora\/#primaryimage","url":"https:\/\/alprestamo.com\/blog\/wp-content\/uploads\/2023\/07\/transporte-uruguay-e1694531705671.jpg","contentUrl":"https:\/\/alprestamo.com\/blog\/wp-content\/uploads\/2023\/07\/transporte-uruguay-e1694531705671.jpg","width":900,"height":500,"caption":"Colectivos de transporte"},{"@type":"BreadcrumbList","@id":"https:\/\/alprestamo.com\/blog\/aumenta-el-boleto-del-transporte-en-uruguay-cuanto-saldra-a-partir-de-ahora\/#breadcrumb","itemListElement":[{"@type":"ListItem","position":1,"name":"Home","item":"https:\/\/alprestamo.com\/blog\/"},{"@type":"ListItem","position":2,"name":"Aumenta el boleto del transporte en Uruguay: cu\u00e1nto saldr\u00e1 a partir de ahora"}]},{"@type":"WebSite","@id":"https:\/\/alprestamo.com\/blog\/#website","url":"https:\/\/alprestamo.com\/blog\/","name":"Alprestamo","description":"Hacemos que todo suceda","publisher":{"@id":"https:\/\/alprestamo.com\/blog\/#organization"},"potentialAction":[{"@type":"SearchAction","target":{"@type":"EntryPoint","urlTemplate":"https:\/\/alprestamo.com\/blog\/?s={search_term_string}"},"query-input":"required name=search_term_string"}],"inLanguage":"es-AR"},{"@type":"Organization","@id":"https:\/\/alprestamo.com\/blog\/#organization","name":"Alprestamo","url":"https:\/\/alprestamo.com\/blog\/","logo":{"@type":"ImageObject","inLanguage":"es-AR","@id":"https:\/\/alprestamo.com\/blog\/#\/schema\/logo\/image\/","url":"https:\/\/alprestamo.com\/blog\/wp-content\/uploads\/2022\/10\/Imagotipo_Blanco.svg","contentUrl":"https:\/\/alprestamo.com\/blog\/wp-content\/uploads\/2022\/10\/Imagotipo_Blanco.svg","width":1199,"height":203,"caption":"Alprestamo"},"image":{"@id":"https:\/\/alprestamo.com\/blog\/#\/schema\/logo\/image\/"}},{"@type":"Person","@id":"https:\/\/alprestamo.com\/blog\/#\/schema\/person\/4c568603ceb381762b4c9062d42c7627","name":"Ramiro Querejeta","image":{"@type":"ImageObject","inLanguage":"es-AR","@id":"https:\/\/alprestamo.com\/blog\/#\/schema\/person\/image\/","url":"https:\/\/alprestamo.com\/blog\/wp-content\/uploads\/2025\/08\/1688503693490-150x150.jpeg","contentUrl":"https:\/\/alprestamo.com\/blog\/wp-content\/uploads\/2025\/08\/1688503693490-150x150.jpeg","caption":"Ramiro Querejeta"},"url":"https:\/\/alprestamo.com\/blog\/author\/ramiro\/"}]}},"uagb_featured_image_src":{"full":["https:\/\/alprestamo.com\/blog\/wp-content\/uploads\/2023\/07\/transporte-uruguay-e1694531705671.jpg",900,500,false],"thumbnail":["https:\/\/alprestamo.com\/blog\/wp-content\/uploads\/2023\/07\/transporte-uruguay-e1694531705671-150x150.jpg",150,150,true],"medium":["https:\/\/alprestamo.com\/blog\/wp-content\/uploads\/2023\/07\/transporte-uruguay-e1694531705671-300x167.jpg",300,167,true],"medium_large":["https:\/\/alprestamo.com\/blog\/wp-content\/uploads\/2023\/07\/transporte-uruguay-e1694531705671-768x427.jpg",768,427,true],"large":["https:\/\/alprestamo.com\/blog\/wp-content\/uploads\/2023\/07\/transporte-uruguay-e1694531705671.jpg",900,500,false],"1536x1536":["https:\/\/alprestamo.com\/blog\/wp-content\/uploads\/2023\/07\/transporte-uruguay-e1694531705671.jpg",900,500,false],"2048x2048":["https:\/\/alprestamo.com\/blog\/wp-content\/uploads\/2023\/07\/transporte-uruguay-e1694531705671.jpg",900,500,false]},"uagb_author_info":{"display_name":"Ramiro Querejeta","author_link":"https:\/\/alprestamo.com\/blog\/author\/ramiro\/"},"uagb_comment_info":0,"uagb_excerpt":"El gobierno aprob\u00f3 un nuevo incremento del boleto del transporte en Uruguay suburbano e interdepartamental a partir del 1\u00b0 de agosto, luego de la firma del decreto por parte de Luis Lacalle Pou.&nbsp;&nbsp; De cu\u00e1nto ser\u00e1 el aumento del transporte en Uruguay&nbsp; En el caso del boleto del transporte interdepartamental, el aumento ser\u00e1 del 2%,&hellip;","rttpg_featured_image_url":{"full":["https:\/\/alprestamo.com\/blog\/wp-content\/uploads\/2023\/07\/transporte-uruguay-e1694531705671.jpg",900,500,false],"landscape":["https:\/\/alprestamo.com\/blog\/wp-content\/uploads\/2023\/07\/transporte-uruguay-e1694531705671.jpg",900,500,false],"portraits":["https:\/\/alprestamo.com\/blog\/wp-content\/uploads\/2023\/07\/transporte-uruguay-e1694531705671.jpg",900,500,false],"thumbnail":["https:\/\/alprestamo.com\/blog\/wp-content\/uploads\/2023\/07\/transporte-uruguay-e1694531705671-150x150.jpg",150,150,true],"medium":["https:\/\/alprestamo.com\/blog\/wp-content\/uploads\/2023\/07\/transporte-uruguay-e1694531705671-300x167.jpg",300,167,true],"large":["https:\/\/alprestamo.com\/blog\/wp-content\/uploads\/2023\/07\/transporte-uruguay-e1694531705671.jpg",900,500,false],"1536x1536":["https:\/\/alprestamo.com\/blog\/wp-content\/uploads\/2023\/07\/transporte-uruguay-e1694531705671.jpg",900,500,false],"2048x2048":["https:\/\/alprestamo.com\/blog\/wp-content\/uploads\/2023\/07\/transporte-uruguay-e1694531705671.jpg",900,500,false],"rt_custom":["https:\/\/alprestamo.com\/blog\/wp-content\/uploads\/2023\/07\/transporte-uruguay-e1694531705671.jpg",900,500,false]},"rttpg_author":{"display_name":"Ramiro Querejeta","author_link":"https:\/\/alprestamo.com\/blog\/author\/ramiro\/"},"rttpg_comment":0,"rttpg_category":"<a href=\"https:\/\/alprestamo.com\/blog\/categoria\/uy\/economia-finanzas-uy\/\" rel=\"category tag\">Econom\u00eda y finanzas<\/a> <a href=\"https:\/\/alprestamo.com\/blog\/categoria\/uy\/\" rel=\"category tag\">UY<\/a>","rttpg_excerpt":"El gobierno aprob\u00f3 un nuevo incremento del boleto del transporte en Uruguay suburbano e interdepartamental a partir del 1\u00b0 de agosto, luego de la firma del decreto por parte de Luis Lacalle Pou.&nbsp;&nbsp; De cu\u00e1nto ser\u00e1 el aumento del transporte en Uruguay&nbsp; En el caso del boleto del transporte interdepartamental, el aumento ser\u00e1 del 2%,&hellip;","_links":{"self":[{"href":"https:\/\/alprestamo.com\/blog\/wp-json\/wp\/v2\/posts\/25361"}],"collection":[{"href":"https:\/\/alprestamo.com\/blog\/wp-json\/wp\/v2\/posts"}],"about":[{"href":"https:\/\/alprestamo.com\/blog\/wp-json\/wp\/v2\/types\/post"}],"author":[{"embeddable":true,"href":"https:\/\/alprestamo.com\/blog\/wp-json\/wp\/v2\/users\/9"}],"replies":[{"embeddable":true,"href":"https:\/\/alprestamo.com\/blog\/wp-json\/wp\/v2\/comments?post=25361"}],"version-history":[{"count":3,"href":"https:\/\/alprestamo.com\/blog\/wp-json\/wp\/v2\/posts\/25361\/revisions"}],"predecessor-version":[{"id":25374,"href":"https:\/\/alprestamo.com\/blog\/wp-json\/wp\/v2\/posts\/25361\/revisions\/25374"}],"wp:featuredmedia":[{"embeddable":true,"href":"https:\/\/alprestamo.com\/blog\/wp-json\/wp\/v2\/media\/25372"}],"wp:attachment":[{"href":"https:\/\/alprestamo.com\/blog\/wp-json\/wp\/v2\/media?parent=25361"}],"wp:term":[{"taxonomy":"category","embeddable":true,"href":"https:\/\/alprestamo.com\/blog\/wp-json\/wp\/v2\/categories?post=25361"},{"taxonomy":"post_tag","embeddable":true,"href":"https:\/\/alprestamo.com\/blog\/wp-json\/wp\/v2\/tags?post=25361"}],"curies":[{"name":"wp","href":"https:\/\/api.w.org\/{rel}","templated":true}]}}