{"id":25534,"date":"2023-08-03T12:10:24","date_gmt":"2023-08-03T15:10:24","guid":{"rendered":"https:\/\/alprestamo.com\/blog\/?p=25534"},"modified":"2023-08-03T13:40:10","modified_gmt":"2023-08-03T16:40:10","slug":"calendario-de-pagos-de-programas-sociales-en-agosto","status":"publish","type":"post","link":"https:\/\/alprestamo.com\/blog\/calendario-de-pagos-de-programas-sociales-en-agosto\/","title":{"rendered":"Calendario de pagos de programas sociales en agosto"},"content":{"rendered":"\n<p>Consulta las novedades y las fechas de cobro de los principales <strong>programas sociales<\/strong> en Colombia en agosto de 2023.&nbsp;<\/p>\n\n\n\n<h2 class=\"wp-block-heading\">Renta Ciudadana<\/h2>\n\n\n\n<p>Para el mes de agosto, se espera que<strong> Prosperidad Social<\/strong> realice verificaciones para todas las personas que presentaron inconvenientes en e<a href=\"https:\/\/alprestamo.com\/blog\/co\/renta-ciudadana-como-se-si-recibi-mi-subsidio-en-el-banco-agrario-2\/\">l pago de la<strong> Renta Ciudadana<\/strong><\/a>. Mientras tanto, algunas personas pueden operar con el <strong>Programa Familias en Acci\u00f3n<\/strong>, por lo que las<a href=\"https:\/\/alprestamo.com\/blog\/co\/ayudas-economicas-2023-como-saber-si-puedo-cobrar-hasta-740-000\/\"> ayudas<\/a> se dan cada dos meses y se espera que arranquen a principios de septiembre o tal vez antes.<\/p>\n\n\n\n<p>Las inscripciones todav\u00eda se encuentran suspendidas, dado que est\u00e1n actualizando la base de datos y creando nuevos criterios. A\u00fan as\u00ed, hay que recordar que tienen <strong>prioridad las madres cabezas de hogar con ni\u00f1os en primera infancia<\/strong>, pero dando prioridad tambi\u00e9n a hogares que tengan personas con discapacidad y no puedan trabajar.&nbsp;<\/p>\n\n\n\n<h2 class=\"wp-block-heading\">Devoluci\u00f3n de IVA 2023&nbsp;<\/h2>\n\n\n\n<p>Desde hace tiempo se espera que inicie el pago o la<strong> Devoluci\u00f3n de IVA 2023<\/strong>, aunque a\u00fan quedan pendientes giros del cierre del a\u00f1o 2022 de aquellos hogares que no llegaron a cobrarlo, que en algunos casos es de hasta tres giros. En ese caso, los pagos son de $80.000 cada dos meses.&nbsp;<\/p>\n\n\n\n<p>En agosto, se espera que los pagos extraordinarios de Devoluci\u00f3n del IVA se inicien, al igual que los primeros giros de este a\u00f1o. Cabe destacar que<strong> hay nuevos beneficiarios de esta ayuda social<\/strong>, por lo que Prosperidad Social anunci\u00f3 que se encuentra trabajando en el mejoramiento de este programa y quieren sumarlo a la Renta Ciudadana.<\/p>\n\n\n\n<h2 class=\"wp-block-heading\">Colombia Mayor<\/h2>\n\n\n\n<p>Desde el 19 de julio comenzaron los pagos del sexto ciclo, por lo que se espera que para finales de este mes pueda comenzar el s\u00e9ptimo, aunque falta la confirmaci\u00f3n de Prosperidad.&nbsp;<\/p>\n\n\n\n<p>Respecto al aumento del cobro de<strong> <a href=\"https:\/\/alprestamo.com\/blog\/co\/colombia-mayor-que-es-y-quienes-lo-reciben\/\">Colombia Mayor<\/a><\/strong>, este depende de la aprobaci\u00f3n del Congreso en la Reforma pensional.<\/p>\n\n\n\n<p>Actualmente, el <strong>pago del <a href=\"https:\/\/alprestamo.com\/blog\/co\/como-acceder-a-un-subsidio-en-colombia\/\">subsidio <\/a>ser\u00eda de $223.000<\/strong> por mes en vez de $80.000<\/p>\n\n\n\n<h2 class=\"wp-block-heading\">J\u00f3venes en Acci\u00f3n&nbsp;<\/h2>\n\n\n\n<p>El cronograma de pagos de este programa social puede estar d\u00e1ndose para fines de este mes de agosto por su operador, <strong>Daviplata<\/strong>.&nbsp;<\/p>\n\n\n\n<p>A su vez<a href=\"https:\/\/alprestamo.com\/blog\/co\/programa-jovenes-en-accion-2023-como-acceder-y-sus-requisitos\/\">,<strong> J\u00f3venes en Acci\u00f3n<\/strong><\/a> se encuentra en proceso de inscripci\u00f3n para personas de 14 a 28 a\u00f1os, graduados de bachillerato, que tengan actualizado el <a href=\"https:\/\/alprestamo.com\/blog\/co\/sisben-a-que-programas-sociales-permite-acceder\/\">Sisben<\/a> IV y desde los grupos A, B y C1.&nbsp;<\/p>\n\n\n\n<h2 class=\"wp-block-heading\">Bono de $500 mil&nbsp;<\/h2>\n\n\n\n<p>Sobre el pago del<a href=\"https:\/\/alprestamo.com\/blog\/co\/bono-de-500-mil-pesos-en-colombia-como-saber-si-eres-elegible-para-recibirlo\/\"> bono de 500 mil pesos<\/a>, a los damnificados se realiza a trav\u00e9s de la Unidad de Riesgo. Si bien los municipios son los que se encargan de autorizar el cronograma de pagos y la entidad por la cual se van a pagar, se puede consultar toda la informaci\u00f3n en el portal oficial de Prosperidad Social (prosperidadsocial.gov.co). All\u00ed se pueden consultar todas las dudas de este programa social y todos los que contin\u00faan vigentes al mes de agosto en Colombia.&nbsp;<\/p>\n","protected":false},"excerpt":{"rendered":"<p>Consulta las novedades y las fechas de cobro de los principales programas sociales en Colombia en agosto de 2023.&nbsp; Renta Ciudadana Para el mes de agosto, se espera que Prosperidad Social realice verificaciones para todas las personas que presentaron inconvenientes en el pago de la Renta Ciudadana. Mientras tanto, algunas personas pueden operar con el &hellip;<\/p>\n<p class=\"read-more\"> <a class=\"\" href=\"https:\/\/alprestamo.com\/blog\/calendario-de-pagos-de-programas-sociales-en-agosto\/\"> <span class=\"screen-reader-text\">Calendario de pagos de programas sociales en agosto<\/span> Leer m\u00e1s &raquo;<\/a><\/p>\n","protected":false},"author":9,"featured_media":25537,"comment_status":"closed","ping_status":"closed","sticky":false,"template":"","format":"standard","meta":{"_uag_custom_page_level_css":"","site-sidebar-layout":"default","site-content-layout":"default","ast-global-header-display":"","ast-banner-title-visibility":"","ast-main-header-display":"","ast-hfb-above-header-display":"","ast-hfb-below-header-display":"","ast-hfb-mobile-header-display":"","site-post-title":"","ast-breadcrumbs-content":"","ast-featured-img":"","footer-sml-layout":"","theme-transparent-header-meta":"","adv-header-id-meta":"","stick-header-meta":"","header-above-stick-meta":"","header-main-stick-meta":"","header-below-stick-meta":"","footnotes":""},"categories":[98,100],"tags":[],"class_list":["post-25534","post","type-post","status-publish","format-standard","has-post-thumbnail","hentry","category-co","category-programas-sociales"],"acf":[],"yoast_head":"<!-- This site is optimized with the Yoast SEO plugin v23.2 - https:\/\/yoast.com\/wordpress\/plugins\/seo\/ -->\n<title>Calendario de pagos de programas sociales en agosto<\/title>\n<meta name=\"description\" content=\"Consulta las novedades y las fechas de cobro de los principales programas sociales en Colombia en agosto de 2023.&nbsp; Renta Ciudadana Para el mes de\" \/>\n<meta name=\"robots\" content=\"index, follow, max-snippet:-1, max-image-preview:large, max-video-preview:-1\" \/>\n<link rel=\"canonical\" href=\"https:\/\/alprestamo.com\/blog\/calendario-de-pagos-de-programas-sociales-en-agosto\/\" \/>\n<meta property=\"og:locale\" content=\"es_ES\" \/>\n<meta property=\"og:type\" content=\"article\" \/>\n<meta property=\"og:title\" content=\"Calendario de pagos de programas sociales en agosto\" \/>\n<meta property=\"og:description\" content=\"Consulta las novedades y las fechas de cobro de los principales programas sociales en Colombia en agosto de 2023.&nbsp; Renta Ciudadana Para el mes de\" \/>\n<meta property=\"og:url\" content=\"https:\/\/alprestamo.com\/blog\/calendario-de-pagos-de-programas-sociales-en-agosto\/\" \/>\n<meta property=\"og:site_name\" content=\"Alprestamo - Hacemos que todo suceda\" \/>\n<meta property=\"article:published_time\" content=\"2023-08-03T15:10:24+00:00\" \/>\n<meta property=\"article:modified_time\" content=\"2023-08-03T16:40:10+00:00\" \/>\n<meta property=\"og:image\" content=\"https:\/\/alprestamo.com\/blog\/wp-content\/uploads\/2023\/08\/prosperidad-social-colombia.webp\" \/>\n\t<meta property=\"og:image:width\" content=\"800\" \/>\n\t<meta property=\"og:image:height\" content=\"450\" \/>\n\t<meta property=\"og:image:type\" content=\"image\/webp\" \/>\n<meta name=\"author\" content=\"Ramiro Querejeta\" \/>\n<meta name=\"twitter:card\" content=\"summary_large_image\" \/>\n<meta name=\"twitter:label1\" content=\"Escrito por\" \/>\n\t<meta name=\"twitter:data1\" content=\"Ramiro Querejeta\" \/>\n\t<meta name=\"twitter:label2\" content=\"Tiempo de lectura\" \/>\n\t<meta name=\"twitter:data2\" content=\"2 minutos\" \/>\n<script type=\"application\/ld+json\" class=\"yoast-schema-graph\">{\"@context\":\"https:\/\/schema.org\",\"@graph\":[{\"@type\":\"NewsArticle\",\"@id\":\"https:\/\/alprestamo.com\/blog\/calendario-de-pagos-de-programas-sociales-en-agosto\/#article\",\"isPartOf\":{\"@id\":\"https:\/\/alprestamo.com\/blog\/calendario-de-pagos-de-programas-sociales-en-agosto\/\"},\"author\":{\"name\":\"Ramiro Querejeta\",\"@id\":\"https:\/\/alprestamo.com\/blog\/#\/schema\/person\/4c568603ceb381762b4c9062d42c7627\"},\"headline\":\"Calendario de pagos de programas sociales en agosto\",\"datePublished\":\"2023-08-03T15:10:24+00:00\",\"dateModified\":\"2023-08-03T16:40:10+00:00\",\"mainEntityOfPage\":{\"@id\":\"https:\/\/alprestamo.com\/blog\/calendario-de-pagos-de-programas-sociales-en-agosto\/\"},\"wordCount\":495,\"publisher\":{\"@id\":\"https:\/\/alprestamo.com\/blog\/#organization\"},\"image\":{\"@id\":\"https:\/\/alprestamo.com\/blog\/calendario-de-pagos-de-programas-sociales-en-agosto\/#primaryimage\"},\"thumbnailUrl\":\"https:\/\/alprestamo.com\/blog\/wp-content\/uploads\/2023\/08\/prosperidad-social-colombia.webp\",\"articleSection\":[\"CO\",\"Programas sociales\"],\"inLanguage\":\"es-AR\"},{\"@type\":\"WebPage\",\"@id\":\"https:\/\/alprestamo.com\/blog\/calendario-de-pagos-de-programas-sociales-en-agosto\/\",\"url\":\"https:\/\/alprestamo.com\/blog\/calendario-de-pagos-de-programas-sociales-en-agosto\/\",\"name\":\"Calendario de pagos de programas sociales en agosto\",\"isPartOf\":{\"@id\":\"https:\/\/alprestamo.com\/blog\/#website\"},\"primaryImageOfPage\":{\"@id\":\"https:\/\/alprestamo.com\/blog\/calendario-de-pagos-de-programas-sociales-en-agosto\/#primaryimage\"},\"image\":{\"@id\":\"https:\/\/alprestamo.com\/blog\/calendario-de-pagos-de-programas-sociales-en-agosto\/#primaryimage\"},\"thumbnailUrl\":\"https:\/\/alprestamo.com\/blog\/wp-content\/uploads\/2023\/08\/prosperidad-social-colombia.webp\",\"datePublished\":\"2023-08-03T15:10:24+00:00\",\"dateModified\":\"2023-08-03T16:40:10+00:00\",\"description\":\"Consulta las novedades y las fechas de cobro de los principales programas sociales en Colombia en agosto de 2023.&nbsp; Renta Ciudadana Para el mes de\",\"breadcrumb\":{\"@id\":\"https:\/\/alprestamo.com\/blog\/calendario-de-pagos-de-programas-sociales-en-agosto\/#breadcrumb\"},\"inLanguage\":\"es-AR\",\"potentialAction\":[{\"@type\":\"ReadAction\",\"target\":[\"https:\/\/alprestamo.com\/blog\/calendario-de-pagos-de-programas-sociales-en-agosto\/\"]}]},{\"@type\":\"ImageObject\",\"inLanguage\":\"es-AR\",\"@id\":\"https:\/\/alprestamo.com\/blog\/calendario-de-pagos-de-programas-sociales-en-agosto\/#primaryimage\",\"url\":\"https:\/\/alprestamo.com\/blog\/wp-content\/uploads\/2023\/08\/prosperidad-social-colombia.webp\",\"contentUrl\":\"https:\/\/alprestamo.com\/blog\/wp-content\/uploads\/2023\/08\/prosperidad-social-colombia.webp\",\"width\":800,\"height\":450},{\"@type\":\"BreadcrumbList\",\"@id\":\"https:\/\/alprestamo.com\/blog\/calendario-de-pagos-de-programas-sociales-en-agosto\/#breadcrumb\",\"itemListElement\":[{\"@type\":\"ListItem\",\"position\":1,\"name\":\"Home\",\"item\":\"https:\/\/alprestamo.com\/blog\/\"},{\"@type\":\"ListItem\",\"position\":2,\"name\":\"Calendario de pagos de programas sociales en agosto\"}]},{\"@type\":\"WebSite\",\"@id\":\"https:\/\/alprestamo.com\/blog\/#website\",\"url\":\"https:\/\/alprestamo.com\/blog\/\",\"name\":\"Alprestamo\",\"description\":\"Hacemos que todo suceda\",\"publisher\":{\"@id\":\"https:\/\/alprestamo.com\/blog\/#organization\"},\"potentialAction\":[{\"@type\":\"SearchAction\",\"target\":{\"@type\":\"EntryPoint\",\"urlTemplate\":\"https:\/\/alprestamo.com\/blog\/?s={search_term_string}\"},\"query-input\":\"required name=search_term_string\"}],\"inLanguage\":\"es-AR\"},{\"@type\":\"Organization\",\"@id\":\"https:\/\/alprestamo.com\/blog\/#organization\",\"name\":\"Alprestamo\",\"url\":\"https:\/\/alprestamo.com\/blog\/\",\"logo\":{\"@type\":\"ImageObject\",\"inLanguage\":\"es-AR\",\"@id\":\"https:\/\/alprestamo.com\/blog\/#\/schema\/logo\/image\/\",\"url\":\"https:\/\/alprestamo.com\/blog\/wp-content\/uploads\/2022\/10\/Imagotipo_Blanco.svg\",\"contentUrl\":\"https:\/\/alprestamo.com\/blog\/wp-content\/uploads\/2022\/10\/Imagotipo_Blanco.svg\",\"width\":1199,\"height\":203,\"caption\":\"Alprestamo\"},\"image\":{\"@id\":\"https:\/\/alprestamo.com\/blog\/#\/schema\/logo\/image\/\"}},{\"@type\":\"Person\",\"@id\":\"https:\/\/alprestamo.com\/blog\/#\/schema\/person\/4c568603ceb381762b4c9062d42c7627\",\"name\":\"Ramiro Querejeta\",\"image\":{\"@type\":\"ImageObject\",\"inLanguage\":\"es-AR\",\"@id\":\"https:\/\/alprestamo.com\/blog\/#\/schema\/person\/image\/\",\"url\":\"https:\/\/alprestamo.com\/blog\/wp-content\/uploads\/2025\/08\/1688503693490-150x150.jpeg\",\"contentUrl\":\"https:\/\/alprestamo.com\/blog\/wp-content\/uploads\/2025\/08\/1688503693490-150x150.jpeg\",\"caption\":\"Ramiro Querejeta\"},\"url\":\"https:\/\/alprestamo.com\/blog\/author\/ramiro\/\"}]}<\/script>\n<!-- \/ Yoast SEO plugin. -->","yoast_head_json":{"title":"Calendario de pagos de programas sociales en agosto","description":"Consulta las novedades y las fechas de cobro de los principales programas sociales en Colombia en agosto de 2023.&nbsp; Renta Ciudadana Para el mes de","robots":{"index":"index","follow":"follow","max-snippet":"max-snippet:-1","max-image-preview":"max-image-preview:large","max-video-preview":"max-video-preview:-1"},"canonical":"https:\/\/alprestamo.com\/blog\/calendario-de-pagos-de-programas-sociales-en-agosto\/","og_locale":"es_ES","og_type":"article","og_title":"Calendario de pagos de programas sociales en agosto","og_description":"Consulta las novedades y las fechas de cobro de los principales programas sociales en Colombia en agosto de 2023.&nbsp; Renta Ciudadana Para el mes de","og_url":"https:\/\/alprestamo.com\/blog\/calendario-de-pagos-de-programas-sociales-en-agosto\/","og_site_name":"Alprestamo - Hacemos que todo suceda","article_published_time":"2023-08-03T15:10:24+00:00","article_modified_time":"2023-08-03T16:40:10+00:00","og_image":[{"width":800,"height":450,"url":"https:\/\/alprestamo.com\/blog\/wp-content\/uploads\/2023\/08\/prosperidad-social-colombia.webp","type":"image\/webp"}],"author":"Ramiro Querejeta","twitter_card":"summary_large_image","twitter_misc":{"Escrito por":"Ramiro Querejeta","Tiempo de lectura":"2 minutos"},"schema":{"@context":"https:\/\/schema.org","@graph":[{"@type":"NewsArticle","@id":"https:\/\/alprestamo.com\/blog\/calendario-de-pagos-de-programas-sociales-en-agosto\/#article","isPartOf":{"@id":"https:\/\/alprestamo.com\/blog\/calendario-de-pagos-de-programas-sociales-en-agosto\/"},"author":{"name":"Ramiro Querejeta","@id":"https:\/\/alprestamo.com\/blog\/#\/schema\/person\/4c568603ceb381762b4c9062d42c7627"},"headline":"Calendario de pagos de programas sociales en agosto","datePublished":"2023-08-03T15:10:24+00:00","dateModified":"2023-08-03T16:40:10+00:00","mainEntityOfPage":{"@id":"https:\/\/alprestamo.com\/blog\/calendario-de-pagos-de-programas-sociales-en-agosto\/"},"wordCount":495,"publisher":{"@id":"https:\/\/alprestamo.com\/blog\/#organization"},"image":{"@id":"https:\/\/alprestamo.com\/blog\/calendario-de-pagos-de-programas-sociales-en-agosto\/#primaryimage"},"thumbnailUrl":"https:\/\/alprestamo.com\/blog\/wp-content\/uploads\/2023\/08\/prosperidad-social-colombia.webp","articleSection":["CO","Programas sociales"],"inLanguage":"es-AR"},{"@type":"WebPage","@id":"https:\/\/alprestamo.com\/blog\/calendario-de-pagos-de-programas-sociales-en-agosto\/","url":"https:\/\/alprestamo.com\/blog\/calendario-de-pagos-de-programas-sociales-en-agosto\/","name":"Calendario de pagos de programas sociales en agosto","isPartOf":{"@id":"https:\/\/alprestamo.com\/blog\/#website"},"primaryImageOfPage":{"@id":"https:\/\/alprestamo.com\/blog\/calendario-de-pagos-de-programas-sociales-en-agosto\/#primaryimage"},"image":{"@id":"https:\/\/alprestamo.com\/blog\/calendario-de-pagos-de-programas-sociales-en-agosto\/#primaryimage"},"thumbnailUrl":"https:\/\/alprestamo.com\/blog\/wp-content\/uploads\/2023\/08\/prosperidad-social-colombia.webp","datePublished":"2023-08-03T15:10:24+00:00","dateModified":"2023-08-03T16:40:10+00:00","description":"Consulta las novedades y las fechas de cobro de los principales programas sociales en Colombia en agosto de 2023.&nbsp; Renta Ciudadana Para el mes de","breadcrumb":{"@id":"https:\/\/alprestamo.com\/blog\/calendario-de-pagos-de-programas-sociales-en-agosto\/#breadcrumb"},"inLanguage":"es-AR","potentialAction":[{"@type":"ReadAction","target":["https:\/\/alprestamo.com\/blog\/calendario-de-pagos-de-programas-sociales-en-agosto\/"]}]},{"@type":"ImageObject","inLanguage":"es-AR","@id":"https:\/\/alprestamo.com\/blog\/calendario-de-pagos-de-programas-sociales-en-agosto\/#primaryimage","url":"https:\/\/alprestamo.com\/blog\/wp-content\/uploads\/2023\/08\/prosperidad-social-colombia.webp","contentUrl":"https:\/\/alprestamo.com\/blog\/wp-content\/uploads\/2023\/08\/prosperidad-social-colombia.webp","width":800,"height":450},{"@type":"BreadcrumbList","@id":"https:\/\/alprestamo.com\/blog\/calendario-de-pagos-de-programas-sociales-en-agosto\/#breadcrumb","itemListElement":[{"@type":"ListItem","position":1,"name":"Home","item":"https:\/\/alprestamo.com\/blog\/"},{"@type":"ListItem","position":2,"name":"Calendario de pagos de programas sociales en agosto"}]},{"@type":"WebSite","@id":"https:\/\/alprestamo.com\/blog\/#website","url":"https:\/\/alprestamo.com\/blog\/","name":"Alprestamo","description":"Hacemos que todo suceda","publisher":{"@id":"https:\/\/alprestamo.com\/blog\/#organization"},"potentialAction":[{"@type":"SearchAction","target":{"@type":"EntryPoint","urlTemplate":"https:\/\/alprestamo.com\/blog\/?s={search_term_string}"},"query-input":"required name=search_term_string"}],"inLanguage":"es-AR"},{"@type":"Organization","@id":"https:\/\/alprestamo.com\/blog\/#organization","name":"Alprestamo","url":"https:\/\/alprestamo.com\/blog\/","logo":{"@type":"ImageObject","inLanguage":"es-AR","@id":"https:\/\/alprestamo.com\/blog\/#\/schema\/logo\/image\/","url":"https:\/\/alprestamo.com\/blog\/wp-content\/uploads\/2022\/10\/Imagotipo_Blanco.svg","contentUrl":"https:\/\/alprestamo.com\/blog\/wp-content\/uploads\/2022\/10\/Imagotipo_Blanco.svg","width":1199,"height":203,"caption":"Alprestamo"},"image":{"@id":"https:\/\/alprestamo.com\/blog\/#\/schema\/logo\/image\/"}},{"@type":"Person","@id":"https:\/\/alprestamo.com\/blog\/#\/schema\/person\/4c568603ceb381762b4c9062d42c7627","name":"Ramiro Querejeta","image":{"@type":"ImageObject","inLanguage":"es-AR","@id":"https:\/\/alprestamo.com\/blog\/#\/schema\/person\/image\/","url":"https:\/\/alprestamo.com\/blog\/wp-content\/uploads\/2025\/08\/1688503693490-150x150.jpeg","contentUrl":"https:\/\/alprestamo.com\/blog\/wp-content\/uploads\/2025\/08\/1688503693490-150x150.jpeg","caption":"Ramiro Querejeta"},"url":"https:\/\/alprestamo.com\/blog\/author\/ramiro\/"}]}},"uagb_featured_image_src":{"full":["https:\/\/alprestamo.com\/blog\/wp-content\/uploads\/2023\/08\/prosperidad-social-colombia.webp",800,450,false],"thumbnail":["https:\/\/alprestamo.com\/blog\/wp-content\/uploads\/2023\/08\/prosperidad-social-colombia-150x150.webp",150,150,true],"medium":["https:\/\/alprestamo.com\/blog\/wp-content\/uploads\/2023\/08\/prosperidad-social-colombia-300x169.webp",300,169,true],"medium_large":["https:\/\/alprestamo.com\/blog\/wp-content\/uploads\/2023\/08\/prosperidad-social-colombia-768x432.webp",768,432,true],"large":["https:\/\/alprestamo.com\/blog\/wp-content\/uploads\/2023\/08\/prosperidad-social-colombia.webp",800,450,false],"1536x1536":["https:\/\/alprestamo.com\/blog\/wp-content\/uploads\/2023\/08\/prosperidad-social-colombia.webp",800,450,false],"2048x2048":["https:\/\/alprestamo.com\/blog\/wp-content\/uploads\/2023\/08\/prosperidad-social-colombia.webp",800,450,false]},"uagb_author_info":{"display_name":"Ramiro Querejeta","author_link":"https:\/\/alprestamo.com\/blog\/author\/ramiro\/"},"uagb_comment_info":0,"uagb_excerpt":"Consulta las novedades y las fechas de cobro de los principales programas sociales en Colombia en agosto de 2023.&nbsp; Renta Ciudadana Para el mes de agosto, se espera que Prosperidad Social realice verificaciones para todas las personas que presentaron inconvenientes en el pago de la Renta Ciudadana. Mientras tanto, algunas personas pueden operar con el&hellip;","rttpg_featured_image_url":{"full":["https:\/\/alprestamo.com\/blog\/wp-content\/uploads\/2023\/08\/prosperidad-social-colombia.webp",800,450,false],"landscape":["https:\/\/alprestamo.com\/blog\/wp-content\/uploads\/2023\/08\/prosperidad-social-colombia.webp",800,450,false],"portraits":["https:\/\/alprestamo.com\/blog\/wp-content\/uploads\/2023\/08\/prosperidad-social-colombia.webp",800,450,false],"thumbnail":["https:\/\/alprestamo.com\/blog\/wp-content\/uploads\/2023\/08\/prosperidad-social-colombia-150x150.webp",150,150,true],"medium":["https:\/\/alprestamo.com\/blog\/wp-content\/uploads\/2023\/08\/prosperidad-social-colombia-300x169.webp",300,169,true],"large":["https:\/\/alprestamo.com\/blog\/wp-content\/uploads\/2023\/08\/prosperidad-social-colombia.webp",800,450,false],"1536x1536":["https:\/\/alprestamo.com\/blog\/wp-content\/uploads\/2023\/08\/prosperidad-social-colombia.webp",800,450,false],"2048x2048":["https:\/\/alprestamo.com\/blog\/wp-content\/uploads\/2023\/08\/prosperidad-social-colombia.webp",800,450,false],"rt_custom":["https:\/\/alprestamo.com\/blog\/wp-content\/uploads\/2023\/08\/prosperidad-social-colombia.webp",800,450,false]},"rttpg_author":{"display_name":"Ramiro Querejeta","author_link":"https:\/\/alprestamo.com\/blog\/author\/ramiro\/"},"rttpg_comment":0,"rttpg_category":"<a href=\"https:\/\/alprestamo.com\/blog\/categoria\/co\/\" rel=\"category tag\">CO<\/a> <a href=\"https:\/\/alprestamo.com\/blog\/categoria\/co\/programas-sociales\/\" rel=\"category tag\">Programas sociales<\/a>","rttpg_excerpt":"Consulta las novedades y las fechas de cobro de los principales programas sociales en Colombia en agosto de 2023.&nbsp; Renta Ciudadana Para el mes de agosto, se espera que Prosperidad Social realice verificaciones para todas las personas que presentaron inconvenientes en el pago de la Renta Ciudadana. Mientras tanto, algunas personas pueden operar con el&hellip;","_links":{"self":[{"href":"https:\/\/alprestamo.com\/blog\/wp-json\/wp\/v2\/posts\/25534"}],"collection":[{"href":"https:\/\/alprestamo.com\/blog\/wp-json\/wp\/v2\/posts"}],"about":[{"href":"https:\/\/alprestamo.com\/blog\/wp-json\/wp\/v2\/types\/post"}],"author":[{"embeddable":true,"href":"https:\/\/alprestamo.com\/blog\/wp-json\/wp\/v2\/users\/9"}],"replies":[{"embeddable":true,"href":"https:\/\/alprestamo.com\/blog\/wp-json\/wp\/v2\/comments?post=25534"}],"version-history":[{"count":3,"href":"https:\/\/alprestamo.com\/blog\/wp-json\/wp\/v2\/posts\/25534\/revisions"}],"predecessor-version":[{"id":25550,"href":"https:\/\/alprestamo.com\/blog\/wp-json\/wp\/v2\/posts\/25534\/revisions\/25550"}],"wp:featuredmedia":[{"embeddable":true,"href":"https:\/\/alprestamo.com\/blog\/wp-json\/wp\/v2\/media\/25537"}],"wp:attachment":[{"href":"https:\/\/alprestamo.com\/blog\/wp-json\/wp\/v2\/media?parent=25534"}],"wp:term":[{"taxonomy":"category","embeddable":true,"href":"https:\/\/alprestamo.com\/blog\/wp-json\/wp\/v2\/categories?post=25534"},{"taxonomy":"post_tag","embeddable":true,"href":"https:\/\/alprestamo.com\/blog\/wp-json\/wp\/v2\/tags?post=25534"}],"curies":[{"name":"wp","href":"https:\/\/api.w.org\/{rel}","templated":true}]}}