{"id":25691,"date":"2023-08-08T12:04:20","date_gmt":"2023-08-08T15:04:20","guid":{"rendered":"https:\/\/alprestamo.com\/blog\/?p=25691"},"modified":"2024-07-11T15:41:20","modified_gmt":"2024-07-11T18:41:20","slug":"mi-casa-ya-quienes-pueden-acceder-a-subsidios-para-la-vivienda","status":"publish","type":"post","link":"https:\/\/alprestamo.com\/blog\/mi-casa-ya-quienes-pueden-acceder-a-subsidios-para-la-vivienda\/","title":{"rendered":"Mi Casa Ya: qui\u00e9nes pueden acceder a subsidios para la vivienda"},"content":{"rendered":"\n<h2 class=\"wp-block-heading\">Llamado para solicitar Mi Casa Ya<\/h2>\n\n\n\n<p>A trav\u00e9s del <strong>Ministerio de Vivienda<\/strong>, el gobierno de Colombia realiz\u00f3 un llamado para que familias, bancos y constructores sigan tramitando solicitudes de <strong>Mi Casa Ya<\/strong>, debido a que el 15 de agosto se retomar\u00e1 la asignaci\u00f3n de subsidios.\u00a0<\/p>\n\n\n\n<p>Gracias a un presupuesto aprobado de $1 bill\u00f3n, el ministerio busca otorgar 75.000 subsidios este 2023.\u00a0<\/p>\n\n\n\n<p>Colombia <strong>subi\u00f3 a un ritmo promedio de 17.000 subsidios para <a href=\"https:\/\/alprestamo.com\/blog\/co\/que-es-el-programa-cambia-mi-casa-y-como-puedo-aplicar\/\">casas <\/a>entre 2018 y 2020<\/strong>, pasando de 33.000 a 50.000, que se garantizar\u00e1n entre los a\u00f1os 2023 y 2026.&nbsp;<\/p>\n\n\n\n<p>Tan solo este a\u00f1o se asignaron 18.592 subsidios de Mi Casa Ya por un valor de $567.205 millones, y se han solicitado 19.103 coberturas, 7417 para VIP y 11.686 para VIS.&nbsp;<\/p>\n\n\n\n<h2 class=\"wp-block-heading\">Proceso de asignaciones&nbsp;<\/h2>\n\n\n\n<p>Mientras se adecuan las gestiones requeridas, el Ministerio sigue recibiendo la documentaci\u00f3n de las <a href=\"https:\/\/alprestamo.com\/blog\/co\/subsidios-a-la-vivienda-en-bogota-como-anotarse\/\">viviendas <\/a>y adelantando los procesos de revisi\u00f3n, con el objetivo de asignar los subsidios una vez finalicen los tr\u00e1mites, a partir del 15 de agosto. Hoy en d\u00eda, se <strong>tienen 7500 subsidios listos para asignar<\/strong> cuando est\u00e9n disponibles los recursos de la adici\u00f3n en el presupuesto de la entidad, detall\u00f3 Catalina Velasco Campuzano, ministra de Vivienda.<\/p>\n\n\n\n<p>A partir de la reanudaci\u00f3n de la entrega de planes de Mi Casa Ya, el 21 de abril, se <strong>asignaron aproximadamente 1900 subsidios semanales<\/strong>, superando de esta forma el promedio de 1200 asignaciones semanales de a\u00f1os anteriores.&nbsp;<\/p>\n\n\n\n<p>El objetivo del<strong> gobierno de Colombia<\/strong> es que contin\u00faen los tr\u00e1mites pendientes y radicar las solicitudes. \u201cEstamos avanzando r\u00e1pidamente en el procedimiento descrito para seguir apoyando a los hogares en su prop\u00f3sito de poseer una vivienda propia\u201d, comunicaron desde el <strong>Ministerio de Vivienda<\/strong>.&nbsp;<\/p>\n\n\n\n<h2 class=\"wp-block-heading\">C\u00f3mo se solicita Mi Casa Ya<\/h2>\n\n\n\n<p>Para poder acceder a Mi Casa Ya, se debe:<\/p>\n\n\n\n<ul class=\"wp-block-list\">\n<li>Seleccionar la vivienda tipo VIS o VIP de su preferencia<\/li>\n\n\n\n<li>Acudir a la entidad de cr\u00e9dito o de econom\u00eda solidaria de preferencia del hogar, para comenzar el proceso de compra de vivienda.&nbsp;<\/li>\n\n\n\n<li>Estas entidades realizan una primera validaci\u00f3n de requisitos a trav\u00e9s de la plataforma que opera el programa, en donde se determina si se cumple con el requisito de<a href=\"https:\/\/alprestamo.com\/blog\/co\/sisben-a-que-programas-sociales-permite-acceder\/\"> <strong>Sisb\u00e9n<\/strong><\/a><strong> IV<\/strong>, no ser propietario y no haber recibido alg\u00fan subsidio de vivienda o cobertura previamente.&nbsp;<\/li>\n\n\n\n<li>En caso de cumplir con los requisitos, se gestionar\u00e1 el cr\u00e9dito hipotecario con la entidad.&nbsp;<\/li>\n\n\n\n<li>Las propias entidades realizan la carga de la documentaci\u00f3n requerida en la plataforma del Ministerio de Vivienda.&nbsp;<\/li>\n<\/ul>\n\n\n\n<h2 class=\"wp-block-heading\">Qui\u00e9nes pueden recibir el subsidio de Mi Casa Ya<\/h2>\n\n\n\n<p>Los colombianos interesados en adquirir una vivienda nueva a trav\u00e9s de este programa social deber\u00e1n cumplir con lo siguiente:\u00a0<\/p>\n\n\n\n<ul class=\"wp-block-list\">\n<li>No haber sido beneficiario de otro subsidio de vivienda o cobertura de la tasa de inter\u00e9s<\/li>\n\n\n\n<li>No ser propietario de otra vivienda en el territorio nacional<\/li>\n\n\n\n<li>Haber realizado la encuesta Sisben IV y tener una clasificaci\u00f3n entre A1 y D20 para hogares urbanos y rurales&nbsp;<\/li>\n\n\n\n<li>Tener un ingreso mensual o menor a 4 salarios m\u00ednimos&nbsp;<\/li>\n<\/ul>\n\n\n\n<p>Cabe recordar que los hogares clasificados en los<strong> subgrupos A1 y C8<\/strong> recibir\u00e1n un subsidio de <em>Mi Casa Ya<\/em> a la cuota inicial equivalente a 30 salarios m\u00ednimos mensuales vigentes, y a los<strong> hogares entre C9 y D20 un subsidio correspondiente a 20 salarios m\u00ednimos<\/strong>.&nbsp;<\/p>\n","protected":false},"excerpt":{"rendered":"<p>Llamado para solicitar Mi Casa Ya A trav\u00e9s del Ministerio de Vivienda, el gobierno de Colombia realiz\u00f3 un llamado para que familias, bancos y constructores sigan tramitando solicitudes de Mi Casa Ya, debido a que el 15 de agosto se retomar\u00e1 la asignaci\u00f3n de subsidios.\u00a0 Gracias a un presupuesto aprobado de $1 bill\u00f3n, el ministerio &hellip;<\/p>\n<p class=\"read-more\"> <a class=\"\" href=\"https:\/\/alprestamo.com\/blog\/mi-casa-ya-quienes-pueden-acceder-a-subsidios-para-la-vivienda\/\"> <span class=\"screen-reader-text\">Mi Casa Ya: qui\u00e9nes pueden acceder a subsidios para la vivienda<\/span> Leer m\u00e1s &raquo;<\/a><\/p>\n","protected":false},"author":9,"featured_media":25694,"comment_status":"closed","ping_status":"closed","sticky":false,"template":"","format":"standard","meta":{"_uag_custom_page_level_css":"","site-sidebar-layout":"default","site-content-layout":"default","ast-global-header-display":"","ast-banner-title-visibility":"","ast-main-header-display":"","ast-hfb-above-header-display":"","ast-hfb-below-header-display":"","ast-hfb-mobile-header-display":"","site-post-title":"","ast-breadcrumbs-content":"","ast-featured-img":"","footer-sml-layout":"","theme-transparent-header-meta":"","adv-header-id-meta":"","stick-header-meta":"","header-above-stick-meta":"","header-main-stick-meta":"","header-below-stick-meta":"","footnotes":""},"categories":[98,100],"tags":[],"class_list":["post-25691","post","type-post","status-publish","format-standard","has-post-thumbnail","hentry","category-co","category-programas-sociales"],"acf":[],"yoast_head":"<!-- This site is optimized with the Yoast SEO plugin v23.2 - https:\/\/yoast.com\/wordpress\/plugins\/seo\/ -->\n<title>Mi Casa Ya: qui\u00e9nes pueden acceder a subsidios para la vivienda<\/title>\n<meta name=\"description\" content=\"Llamado para solicitar Mi Casa Ya A trav\u00e9s del Ministerio de Vivienda, el gobierno de Colombia realiz\u00f3 un llamado para que familias, bancos y\" \/>\n<meta name=\"robots\" content=\"index, follow, max-snippet:-1, max-image-preview:large, max-video-preview:-1\" \/>\n<link rel=\"canonical\" href=\"https:\/\/alprestamo.com\/blog\/mi-casa-ya-quienes-pueden-acceder-a-subsidios-para-la-vivienda\/\" \/>\n<meta property=\"og:locale\" content=\"es_ES\" \/>\n<meta property=\"og:type\" content=\"article\" \/>\n<meta property=\"og:title\" content=\"Mi Casa Ya: qui\u00e9nes pueden acceder a subsidios para la vivienda\" \/>\n<meta property=\"og:description\" content=\"Llamado para solicitar Mi Casa Ya A trav\u00e9s del Ministerio de Vivienda, el gobierno de Colombia realiz\u00f3 un llamado para que familias, bancos y\" \/>\n<meta property=\"og:url\" content=\"https:\/\/alprestamo.com\/blog\/mi-casa-ya-quienes-pueden-acceder-a-subsidios-para-la-vivienda\/\" \/>\n<meta property=\"og:site_name\" content=\"Alprestamo - Hacemos que todo suceda\" \/>\n<meta property=\"article:published_time\" content=\"2023-08-08T15:04:20+00:00\" \/>\n<meta property=\"article:modified_time\" content=\"2024-07-11T18:41:20+00:00\" \/>\n<meta property=\"og:image\" content=\"https:\/\/alprestamo.com\/blog\/wp-content\/uploads\/2023\/08\/mi-casa-ya.jpg\" \/>\n\t<meta property=\"og:image:width\" content=\"600\" \/>\n\t<meta property=\"og:image:height\" content=\"320\" \/>\n\t<meta property=\"og:image:type\" content=\"image\/jpeg\" \/>\n<meta name=\"author\" content=\"Ramiro Querejeta\" \/>\n<meta name=\"twitter:card\" content=\"summary_large_image\" \/>\n<meta name=\"twitter:label1\" content=\"Escrito por\" \/>\n\t<meta name=\"twitter:data1\" content=\"Ramiro Querejeta\" \/>\n\t<meta name=\"twitter:label2\" content=\"Tiempo de lectura\" \/>\n\t<meta name=\"twitter:data2\" content=\"3 minutos\" \/>\n<script type=\"application\/ld+json\" class=\"yoast-schema-graph\">{\"@context\":\"https:\/\/schema.org\",\"@graph\":[{\"@type\":\"NewsArticle\",\"@id\":\"https:\/\/alprestamo.com\/blog\/mi-casa-ya-quienes-pueden-acceder-a-subsidios-para-la-vivienda\/#article\",\"isPartOf\":{\"@id\":\"https:\/\/alprestamo.com\/blog\/mi-casa-ya-quienes-pueden-acceder-a-subsidios-para-la-vivienda\/\"},\"author\":{\"name\":\"Ramiro Querejeta\",\"@id\":\"https:\/\/alprestamo.com\/blog\/#\/schema\/person\/4c568603ceb381762b4c9062d42c7627\"},\"headline\":\"Mi Casa Ya: qui\u00e9nes pueden acceder a subsidios para la vivienda\",\"datePublished\":\"2023-08-08T15:04:20+00:00\",\"dateModified\":\"2024-07-11T18:41:20+00:00\",\"mainEntityOfPage\":{\"@id\":\"https:\/\/alprestamo.com\/blog\/mi-casa-ya-quienes-pueden-acceder-a-subsidios-para-la-vivienda\/\"},\"wordCount\":561,\"publisher\":{\"@id\":\"https:\/\/alprestamo.com\/blog\/#organization\"},\"image\":{\"@id\":\"https:\/\/alprestamo.com\/blog\/mi-casa-ya-quienes-pueden-acceder-a-subsidios-para-la-vivienda\/#primaryimage\"},\"thumbnailUrl\":\"https:\/\/alprestamo.com\/blog\/wp-content\/uploads\/2023\/08\/mi-casa-ya.jpg\",\"articleSection\":[\"CO\",\"Programas sociales\"],\"inLanguage\":\"es-AR\"},{\"@type\":\"WebPage\",\"@id\":\"https:\/\/alprestamo.com\/blog\/mi-casa-ya-quienes-pueden-acceder-a-subsidios-para-la-vivienda\/\",\"url\":\"https:\/\/alprestamo.com\/blog\/mi-casa-ya-quienes-pueden-acceder-a-subsidios-para-la-vivienda\/\",\"name\":\"Mi Casa Ya: qui\u00e9nes pueden acceder a subsidios para la vivienda\",\"isPartOf\":{\"@id\":\"https:\/\/alprestamo.com\/blog\/#website\"},\"primaryImageOfPage\":{\"@id\":\"https:\/\/alprestamo.com\/blog\/mi-casa-ya-quienes-pueden-acceder-a-subsidios-para-la-vivienda\/#primaryimage\"},\"image\":{\"@id\":\"https:\/\/alprestamo.com\/blog\/mi-casa-ya-quienes-pueden-acceder-a-subsidios-para-la-vivienda\/#primaryimage\"},\"thumbnailUrl\":\"https:\/\/alprestamo.com\/blog\/wp-content\/uploads\/2023\/08\/mi-casa-ya.jpg\",\"datePublished\":\"2023-08-08T15:04:20+00:00\",\"dateModified\":\"2024-07-11T18:41:20+00:00\",\"description\":\"Llamado para solicitar Mi Casa Ya A trav\u00e9s del Ministerio de Vivienda, el gobierno de Colombia realiz\u00f3 un llamado para que familias, bancos y\",\"breadcrumb\":{\"@id\":\"https:\/\/alprestamo.com\/blog\/mi-casa-ya-quienes-pueden-acceder-a-subsidios-para-la-vivienda\/#breadcrumb\"},\"inLanguage\":\"es-AR\",\"potentialAction\":[{\"@type\":\"ReadAction\",\"target\":[\"https:\/\/alprestamo.com\/blog\/mi-casa-ya-quienes-pueden-acceder-a-subsidios-para-la-vivienda\/\"]}]},{\"@type\":\"ImageObject\",\"inLanguage\":\"es-AR\",\"@id\":\"https:\/\/alprestamo.com\/blog\/mi-casa-ya-quienes-pueden-acceder-a-subsidios-para-la-vivienda\/#primaryimage\",\"url\":\"https:\/\/alprestamo.com\/blog\/wp-content\/uploads\/2023\/08\/mi-casa-ya.jpg\",\"contentUrl\":\"https:\/\/alprestamo.com\/blog\/wp-content\/uploads\/2023\/08\/mi-casa-ya.jpg\",\"width\":600,\"height\":320},{\"@type\":\"BreadcrumbList\",\"@id\":\"https:\/\/alprestamo.com\/blog\/mi-casa-ya-quienes-pueden-acceder-a-subsidios-para-la-vivienda\/#breadcrumb\",\"itemListElement\":[{\"@type\":\"ListItem\",\"position\":1,\"name\":\"Home\",\"item\":\"https:\/\/alprestamo.com\/blog\/\"},{\"@type\":\"ListItem\",\"position\":2,\"name\":\"Mi Casa Ya: qui\u00e9nes pueden acceder a subsidios para la vivienda\"}]},{\"@type\":\"WebSite\",\"@id\":\"https:\/\/alprestamo.com\/blog\/#website\",\"url\":\"https:\/\/alprestamo.com\/blog\/\",\"name\":\"Alprestamo\",\"description\":\"Hacemos que todo suceda\",\"publisher\":{\"@id\":\"https:\/\/alprestamo.com\/blog\/#organization\"},\"potentialAction\":[{\"@type\":\"SearchAction\",\"target\":{\"@type\":\"EntryPoint\",\"urlTemplate\":\"https:\/\/alprestamo.com\/blog\/?s={search_term_string}\"},\"query-input\":\"required name=search_term_string\"}],\"inLanguage\":\"es-AR\"},{\"@type\":\"Organization\",\"@id\":\"https:\/\/alprestamo.com\/blog\/#organization\",\"name\":\"Alprestamo\",\"url\":\"https:\/\/alprestamo.com\/blog\/\",\"logo\":{\"@type\":\"ImageObject\",\"inLanguage\":\"es-AR\",\"@id\":\"https:\/\/alprestamo.com\/blog\/#\/schema\/logo\/image\/\",\"url\":\"https:\/\/alprestamo.com\/blog\/wp-content\/uploads\/2022\/10\/Imagotipo_Blanco.svg\",\"contentUrl\":\"https:\/\/alprestamo.com\/blog\/wp-content\/uploads\/2022\/10\/Imagotipo_Blanco.svg\",\"width\":1199,\"height\":203,\"caption\":\"Alprestamo\"},\"image\":{\"@id\":\"https:\/\/alprestamo.com\/blog\/#\/schema\/logo\/image\/\"}},{\"@type\":\"Person\",\"@id\":\"https:\/\/alprestamo.com\/blog\/#\/schema\/person\/4c568603ceb381762b4c9062d42c7627\",\"name\":\"Ramiro Querejeta\",\"image\":{\"@type\":\"ImageObject\",\"inLanguage\":\"es-AR\",\"@id\":\"https:\/\/alprestamo.com\/blog\/#\/schema\/person\/image\/\",\"url\":\"https:\/\/alprestamo.com\/blog\/wp-content\/uploads\/2025\/08\/1688503693490-150x150.jpeg\",\"contentUrl\":\"https:\/\/alprestamo.com\/blog\/wp-content\/uploads\/2025\/08\/1688503693490-150x150.jpeg\",\"caption\":\"Ramiro Querejeta\"},\"url\":\"https:\/\/alprestamo.com\/blog\/author\/ramiro\/\"}]}<\/script>\n<!-- \/ Yoast SEO plugin. -->","yoast_head_json":{"title":"Mi Casa Ya: qui\u00e9nes pueden acceder a subsidios para la vivienda","description":"Llamado para solicitar Mi Casa Ya A trav\u00e9s del Ministerio de Vivienda, el gobierno de Colombia realiz\u00f3 un llamado para que familias, bancos y","robots":{"index":"index","follow":"follow","max-snippet":"max-snippet:-1","max-image-preview":"max-image-preview:large","max-video-preview":"max-video-preview:-1"},"canonical":"https:\/\/alprestamo.com\/blog\/mi-casa-ya-quienes-pueden-acceder-a-subsidios-para-la-vivienda\/","og_locale":"es_ES","og_type":"article","og_title":"Mi Casa Ya: qui\u00e9nes pueden acceder a subsidios para la vivienda","og_description":"Llamado para solicitar Mi Casa Ya A trav\u00e9s del Ministerio de Vivienda, el gobierno de Colombia realiz\u00f3 un llamado para que familias, bancos y","og_url":"https:\/\/alprestamo.com\/blog\/mi-casa-ya-quienes-pueden-acceder-a-subsidios-para-la-vivienda\/","og_site_name":"Alprestamo - Hacemos que todo suceda","article_published_time":"2023-08-08T15:04:20+00:00","article_modified_time":"2024-07-11T18:41:20+00:00","og_image":[{"width":600,"height":320,"url":"https:\/\/alprestamo.com\/blog\/wp-content\/uploads\/2023\/08\/mi-casa-ya.jpg","type":"image\/jpeg"}],"author":"Ramiro Querejeta","twitter_card":"summary_large_image","twitter_misc":{"Escrito por":"Ramiro Querejeta","Tiempo de lectura":"3 minutos"},"schema":{"@context":"https:\/\/schema.org","@graph":[{"@type":"NewsArticle","@id":"https:\/\/alprestamo.com\/blog\/mi-casa-ya-quienes-pueden-acceder-a-subsidios-para-la-vivienda\/#article","isPartOf":{"@id":"https:\/\/alprestamo.com\/blog\/mi-casa-ya-quienes-pueden-acceder-a-subsidios-para-la-vivienda\/"},"author":{"name":"Ramiro Querejeta","@id":"https:\/\/alprestamo.com\/blog\/#\/schema\/person\/4c568603ceb381762b4c9062d42c7627"},"headline":"Mi Casa Ya: qui\u00e9nes pueden acceder a subsidios para la vivienda","datePublished":"2023-08-08T15:04:20+00:00","dateModified":"2024-07-11T18:41:20+00:00","mainEntityOfPage":{"@id":"https:\/\/alprestamo.com\/blog\/mi-casa-ya-quienes-pueden-acceder-a-subsidios-para-la-vivienda\/"},"wordCount":561,"publisher":{"@id":"https:\/\/alprestamo.com\/blog\/#organization"},"image":{"@id":"https:\/\/alprestamo.com\/blog\/mi-casa-ya-quienes-pueden-acceder-a-subsidios-para-la-vivienda\/#primaryimage"},"thumbnailUrl":"https:\/\/alprestamo.com\/blog\/wp-content\/uploads\/2023\/08\/mi-casa-ya.jpg","articleSection":["CO","Programas sociales"],"inLanguage":"es-AR"},{"@type":"WebPage","@id":"https:\/\/alprestamo.com\/blog\/mi-casa-ya-quienes-pueden-acceder-a-subsidios-para-la-vivienda\/","url":"https:\/\/alprestamo.com\/blog\/mi-casa-ya-quienes-pueden-acceder-a-subsidios-para-la-vivienda\/","name":"Mi Casa Ya: qui\u00e9nes pueden acceder a subsidios para la vivienda","isPartOf":{"@id":"https:\/\/alprestamo.com\/blog\/#website"},"primaryImageOfPage":{"@id":"https:\/\/alprestamo.com\/blog\/mi-casa-ya-quienes-pueden-acceder-a-subsidios-para-la-vivienda\/#primaryimage"},"image":{"@id":"https:\/\/alprestamo.com\/blog\/mi-casa-ya-quienes-pueden-acceder-a-subsidios-para-la-vivienda\/#primaryimage"},"thumbnailUrl":"https:\/\/alprestamo.com\/blog\/wp-content\/uploads\/2023\/08\/mi-casa-ya.jpg","datePublished":"2023-08-08T15:04:20+00:00","dateModified":"2024-07-11T18:41:20+00:00","description":"Llamado para solicitar Mi Casa Ya A trav\u00e9s del Ministerio de Vivienda, el gobierno de Colombia realiz\u00f3 un llamado para que familias, bancos y","breadcrumb":{"@id":"https:\/\/alprestamo.com\/blog\/mi-casa-ya-quienes-pueden-acceder-a-subsidios-para-la-vivienda\/#breadcrumb"},"inLanguage":"es-AR","potentialAction":[{"@type":"ReadAction","target":["https:\/\/alprestamo.com\/blog\/mi-casa-ya-quienes-pueden-acceder-a-subsidios-para-la-vivienda\/"]}]},{"@type":"ImageObject","inLanguage":"es-AR","@id":"https:\/\/alprestamo.com\/blog\/mi-casa-ya-quienes-pueden-acceder-a-subsidios-para-la-vivienda\/#primaryimage","url":"https:\/\/alprestamo.com\/blog\/wp-content\/uploads\/2023\/08\/mi-casa-ya.jpg","contentUrl":"https:\/\/alprestamo.com\/blog\/wp-content\/uploads\/2023\/08\/mi-casa-ya.jpg","width":600,"height":320},{"@type":"BreadcrumbList","@id":"https:\/\/alprestamo.com\/blog\/mi-casa-ya-quienes-pueden-acceder-a-subsidios-para-la-vivienda\/#breadcrumb","itemListElement":[{"@type":"ListItem","position":1,"name":"Home","item":"https:\/\/alprestamo.com\/blog\/"},{"@type":"ListItem","position":2,"name":"Mi Casa Ya: qui\u00e9nes pueden acceder a subsidios para la vivienda"}]},{"@type":"WebSite","@id":"https:\/\/alprestamo.com\/blog\/#website","url":"https:\/\/alprestamo.com\/blog\/","name":"Alprestamo","description":"Hacemos que todo suceda","publisher":{"@id":"https:\/\/alprestamo.com\/blog\/#organization"},"potentialAction":[{"@type":"SearchAction","target":{"@type":"EntryPoint","urlTemplate":"https:\/\/alprestamo.com\/blog\/?s={search_term_string}"},"query-input":"required name=search_term_string"}],"inLanguage":"es-AR"},{"@type":"Organization","@id":"https:\/\/alprestamo.com\/blog\/#organization","name":"Alprestamo","url":"https:\/\/alprestamo.com\/blog\/","logo":{"@type":"ImageObject","inLanguage":"es-AR","@id":"https:\/\/alprestamo.com\/blog\/#\/schema\/logo\/image\/","url":"https:\/\/alprestamo.com\/blog\/wp-content\/uploads\/2022\/10\/Imagotipo_Blanco.svg","contentUrl":"https:\/\/alprestamo.com\/blog\/wp-content\/uploads\/2022\/10\/Imagotipo_Blanco.svg","width":1199,"height":203,"caption":"Alprestamo"},"image":{"@id":"https:\/\/alprestamo.com\/blog\/#\/schema\/logo\/image\/"}},{"@type":"Person","@id":"https:\/\/alprestamo.com\/blog\/#\/schema\/person\/4c568603ceb381762b4c9062d42c7627","name":"Ramiro Querejeta","image":{"@type":"ImageObject","inLanguage":"es-AR","@id":"https:\/\/alprestamo.com\/blog\/#\/schema\/person\/image\/","url":"https:\/\/alprestamo.com\/blog\/wp-content\/uploads\/2025\/08\/1688503693490-150x150.jpeg","contentUrl":"https:\/\/alprestamo.com\/blog\/wp-content\/uploads\/2025\/08\/1688503693490-150x150.jpeg","caption":"Ramiro Querejeta"},"url":"https:\/\/alprestamo.com\/blog\/author\/ramiro\/"}]}},"uagb_featured_image_src":{"full":["https:\/\/alprestamo.com\/blog\/wp-content\/uploads\/2023\/08\/mi-casa-ya.jpg",600,320,false],"thumbnail":["https:\/\/alprestamo.com\/blog\/wp-content\/uploads\/2023\/08\/mi-casa-ya-150x150.jpg",150,150,true],"medium":["https:\/\/alprestamo.com\/blog\/wp-content\/uploads\/2023\/08\/mi-casa-ya-300x160.jpg",300,160,true],"medium_large":["https:\/\/alprestamo.com\/blog\/wp-content\/uploads\/2023\/08\/mi-casa-ya.jpg",600,320,false],"large":["https:\/\/alprestamo.com\/blog\/wp-content\/uploads\/2023\/08\/mi-casa-ya.jpg",600,320,false],"1536x1536":["https:\/\/alprestamo.com\/blog\/wp-content\/uploads\/2023\/08\/mi-casa-ya.jpg",600,320,false],"2048x2048":["https:\/\/alprestamo.com\/blog\/wp-content\/uploads\/2023\/08\/mi-casa-ya.jpg",600,320,false]},"uagb_author_info":{"display_name":"Ramiro Querejeta","author_link":"https:\/\/alprestamo.com\/blog\/author\/ramiro\/"},"uagb_comment_info":0,"uagb_excerpt":"Llamado para solicitar Mi Casa Ya A trav\u00e9s del Ministerio de Vivienda, el gobierno de Colombia realiz\u00f3 un llamado para que familias, bancos y constructores sigan tramitando solicitudes de Mi Casa Ya, debido a que el 15 de agosto se retomar\u00e1 la asignaci\u00f3n de subsidios.\u00a0 Gracias a un presupuesto aprobado de $1 bill\u00f3n, el ministerio&hellip;","rttpg_featured_image_url":{"full":["https:\/\/alprestamo.com\/blog\/wp-content\/uploads\/2023\/08\/mi-casa-ya.jpg",600,320,false],"landscape":["https:\/\/alprestamo.com\/blog\/wp-content\/uploads\/2023\/08\/mi-casa-ya.jpg",600,320,false],"portraits":["https:\/\/alprestamo.com\/blog\/wp-content\/uploads\/2023\/08\/mi-casa-ya.jpg",600,320,false],"thumbnail":["https:\/\/alprestamo.com\/blog\/wp-content\/uploads\/2023\/08\/mi-casa-ya-150x150.jpg",150,150,true],"medium":["https:\/\/alprestamo.com\/blog\/wp-content\/uploads\/2023\/08\/mi-casa-ya-300x160.jpg",300,160,true],"large":["https:\/\/alprestamo.com\/blog\/wp-content\/uploads\/2023\/08\/mi-casa-ya.jpg",600,320,false],"1536x1536":["https:\/\/alprestamo.com\/blog\/wp-content\/uploads\/2023\/08\/mi-casa-ya.jpg",600,320,false],"2048x2048":["https:\/\/alprestamo.com\/blog\/wp-content\/uploads\/2023\/08\/mi-casa-ya.jpg",600,320,false],"rt_custom":["https:\/\/alprestamo.com\/blog\/wp-content\/uploads\/2023\/08\/mi-casa-ya.jpg",600,320,false]},"rttpg_author":{"display_name":"Ramiro Querejeta","author_link":"https:\/\/alprestamo.com\/blog\/author\/ramiro\/"},"rttpg_comment":0,"rttpg_category":"<a href=\"https:\/\/alprestamo.com\/blog\/categoria\/co\/\" rel=\"category tag\">CO<\/a> <a href=\"https:\/\/alprestamo.com\/blog\/categoria\/co\/programas-sociales\/\" rel=\"category tag\">Programas sociales<\/a>","rttpg_excerpt":"Llamado para solicitar Mi Casa Ya A trav\u00e9s del Ministerio de Vivienda, el gobierno de Colombia realiz\u00f3 un llamado para que familias, bancos y constructores sigan tramitando solicitudes de Mi Casa Ya, debido a que el 15 de agosto se retomar\u00e1 la asignaci\u00f3n de subsidios.\u00a0 Gracias a un presupuesto aprobado de $1 bill\u00f3n, el ministerio&hellip;","_links":{"self":[{"href":"https:\/\/alprestamo.com\/blog\/wp-json\/wp\/v2\/posts\/25691"}],"collection":[{"href":"https:\/\/alprestamo.com\/blog\/wp-json\/wp\/v2\/posts"}],"about":[{"href":"https:\/\/alprestamo.com\/blog\/wp-json\/wp\/v2\/types\/post"}],"author":[{"embeddable":true,"href":"https:\/\/alprestamo.com\/blog\/wp-json\/wp\/v2\/users\/9"}],"replies":[{"embeddable":true,"href":"https:\/\/alprestamo.com\/blog\/wp-json\/wp\/v2\/comments?post=25691"}],"version-history":[{"count":3,"href":"https:\/\/alprestamo.com\/blog\/wp-json\/wp\/v2\/posts\/25691\/revisions"}],"predecessor-version":[{"id":38757,"href":"https:\/\/alprestamo.com\/blog\/wp-json\/wp\/v2\/posts\/25691\/revisions\/38757"}],"wp:featuredmedia":[{"embeddable":true,"href":"https:\/\/alprestamo.com\/blog\/wp-json\/wp\/v2\/media\/25694"}],"wp:attachment":[{"href":"https:\/\/alprestamo.com\/blog\/wp-json\/wp\/v2\/media?parent=25691"}],"wp:term":[{"taxonomy":"category","embeddable":true,"href":"https:\/\/alprestamo.com\/blog\/wp-json\/wp\/v2\/categories?post=25691"},{"taxonomy":"post_tag","embeddable":true,"href":"https:\/\/alprestamo.com\/blog\/wp-json\/wp\/v2\/tags?post=25691"}],"curies":[{"name":"wp","href":"https:\/\/api.w.org\/{rel}","templated":true}]}}