{"id":25902,"date":"2023-08-11T13:14:26","date_gmt":"2023-08-11T16:14:26","guid":{"rendered":"https:\/\/alprestamo.com\/blog\/?p=25902"},"modified":"2023-08-11T15:16:34","modified_gmt":"2023-08-11T18:16:34","slug":"colombia-mayor-2023-cuando-se-paga","status":"publish","type":"post","link":"https:\/\/alprestamo.com\/blog\/colombia-mayor-2023-cuando-se-paga\/","title":{"rendered":"Colombia Mayor 2023: cu\u00e1ndo se paga"},"content":{"rendered":"\n<p>El <a href=\"https:\/\/alprestamo.com\/blog\/co\/que-programas-sociales-existen-en-colombia\/\">programa social<\/a> <strong>Colombia Mayor<\/strong> comienza el s\u00e9ptimo ciclo de pagos para el 2023 para la entrega de subsidios a 1.622.175 beneficiarios de todo el pa\u00eds.&nbsp;<\/p>\n\n\n\n<p>Este programa se ha convertido en algo fundamental para<strong> otorgar <a href=\"https:\/\/alprestamo.com\/blog\/co\/ayudas-economicas-2023-como-saber-si-puedo-cobrar-hasta-740-000\/\">asistencia econ\u00f3mica<\/a><\/strong><a href=\"https:\/\/alprestamo.com\/blog\/co\/ayudas-economicas-2023-como-saber-si-puedo-cobrar-hasta-740-000\/\"> <\/a>a quienes han contribuido a la sociedad a lo largo de su vida productiva y que en su etapa de jubilaci\u00f3n, requieren de un apoyo.&nbsp;<\/p>\n\n\n\n<h2 class=\"wp-block-heading\">C\u00f3mo formar parte de Colombia Mayor<\/h2>\n\n\n\n<p>Para acceder a esta ayuda, es necesario cumplir los siguientes requisitos:&nbsp;<\/p>\n\n\n\n<ul class=\"wp-block-list\">\n<li>Ser colombiano<\/li>\n\n\n\n<li>Haber residido los \u00faltimos diez a\u00f1os en <strong>Colombia<\/strong><\/li>\n\n\n\n<li>Tener al menos tres a\u00f1os de la edad que se requiere para <a href=\"https:\/\/alprestamo.com\/blog\/co\/pensiones-sin-subsidio-como-es-la-propuesta\/\">pensionarse <\/a>por vejez (54 para las mujeres y 59 para los hombres).<\/li>\n\n\n\n<li>Carecer de rentas o ingresos para subsistir. De acuerdo al<strong> <a href=\"https:\/\/alprestamo.com\/blog\/co\/sisben-a-que-programas-sociales-permite-acceder\/\">Sisb\u00e9n IV<\/a><\/strong>, se consideran los niveles A, B y C hasta el subgrupo C1.&nbsp;<\/li>\n<\/ul>\n\n\n\n<h2 class=\"wp-block-heading\">Proceso de inscripci\u00f3n a Colombia Mayor<\/h2>\n\n\n\n<p>En caso de cumplir con los requisitos, el proceso de inscripci\u00f3n es el siguiente:&nbsp;<\/p>\n\n\n\n<p>Primero debes acercarte a la alcald\u00eda de tu Municipio. En general, este tr\u00e1mite se realiza en la <strong>Oficina de Atenci\u00f3n al Adulto Mayor<\/strong>. En caso de que residas en la ciudad de Bogot\u00e1, el proceso se lleva a cabo en las Subdirecciones <strong>Locales de la Secretar\u00eda de Integraci\u00f3n Social<\/strong>, conocidas previamente como <strong>COL<\/strong>.&nbsp;<\/p>\n\n\n\n<p>Una vez en la alcald\u00eda, deber\u00e1s presentar tu c\u00e9dula de ciudadan\u00eda y posteriormente se proceder\u00e1 a registrar la inscripci\u00f3n en e<strong>l Sistema de Informaci\u00f3n de Colombia Mayor<\/strong>.&nbsp;<\/p>\n\n\n\n<p>Una vez realizado el registro, se lleva a cabo una validaci\u00f3n m\u00e1s profunda, a trav\u00e9s de la comparaci\u00f3n de bases de datos externas para corroborar que el solicitante no se encuentra recibiendo alguna otra pensi\u00f3n o renta.&nbsp;<\/p>\n\n\n\n<p>Completada la validaci\u00f3n de elegibilidad, la informaci\u00f3n de los posibles beneficiarios se ingresa en el sistema y se aplican los criterios de priorizaci\u00f3n que determinan el orden de asignaci\u00f3n de cupos que est\u00e9n disponibles. Las listas de prioridad son fundamentales, ya que cada municipio posee un n\u00famero de cupos asignados. Una vez que los cupos se liberan, la asignaci\u00f3n se realiza de acuerdo al orden de cada ciclo de Colombia Mayor. <\/p>\n\n\n\n<p>Cuando los cupos est\u00e1n disponibles y los listados de prioridad fueron establecidos, se asignan los cupos a los beneficiarios del programa. Aqu\u00ed se asegura que los que tienen mayor necesidad sean atendidos en primer lugar.&nbsp;<\/p>\n\n\n\n<h2 class=\"wp-block-heading\">Fecha y forma de pago de Colombia Mayor&nbsp;<\/h2>\n\n\n\n<p>El s\u00e9ptimo<a href=\"https:\/\/alprestamo.com\/blog\/co\/calendario-de-pagos-de-programas-sociales-en-agosto\/\"> ciclo de pagos<\/a> de <em>Colombia Mayor<\/em> fue anunciado por Prosperidad Social para dar continuidad en seguridad financiera a los adultos mayores colombianos. Entre el 10 y 24 de agosto, los beneficiarios del programa podr\u00e1n recibir sus desembolsos en los puntos de pago<strong> SuperGIROS <\/strong>y aliados.&nbsp;<\/p>\n\n\n\n<p>Cabe destacar las medidas para facilitar el cobro, como la posibilidad de recibir el pago en el domicilio para aquellos mayores de 90 a\u00f1os o con problemas de salud.&nbsp;<\/p>\n","protected":false},"excerpt":{"rendered":"<p>El programa social Colombia Mayor comienza el s\u00e9ptimo ciclo de pagos para el 2023 para la entrega de subsidios a 1.622.175 beneficiarios de todo el pa\u00eds.&nbsp; Este programa se ha convertido en algo fundamental para otorgar asistencia econ\u00f3mica a quienes han contribuido a la sociedad a lo largo de su vida productiva y que en &hellip;<\/p>\n<p class=\"read-more\"> <a class=\"\" href=\"https:\/\/alprestamo.com\/blog\/colombia-mayor-2023-cuando-se-paga\/\"> <span class=\"screen-reader-text\">Colombia Mayor 2023: cu\u00e1ndo se paga<\/span> Leer m\u00e1s &raquo;<\/a><\/p>\n","protected":false},"author":9,"featured_media":25908,"comment_status":"closed","ping_status":"closed","sticky":false,"template":"","format":"standard","meta":{"_uag_custom_page_level_css":"","site-sidebar-layout":"default","site-content-layout":"default","ast-global-header-display":"","ast-banner-title-visibility":"","ast-main-header-display":"","ast-hfb-above-header-display":"","ast-hfb-below-header-display":"","ast-hfb-mobile-header-display":"","site-post-title":"","ast-breadcrumbs-content":"","ast-featured-img":"","footer-sml-layout":"","theme-transparent-header-meta":"","adv-header-id-meta":"","stick-header-meta":"","header-above-stick-meta":"","header-main-stick-meta":"","header-below-stick-meta":"","footnotes":""},"categories":[98,100],"tags":[],"class_list":["post-25902","post","type-post","status-publish","format-standard","has-post-thumbnail","hentry","category-co","category-programas-sociales"],"acf":[],"yoast_head":"<!-- This site is optimized with the Yoast SEO plugin v23.2 - https:\/\/yoast.com\/wordpress\/plugins\/seo\/ -->\n<title>Colombia Mayor 2023: cu\u00e1ndo se paga<\/title>\n<meta name=\"description\" content=\"El programa social Colombia Mayor comienza el s\u00e9ptimo ciclo de pagos para el 2023 para la entrega de subsidios a 1.622.175 beneficiarios de todo el\" \/>\n<meta name=\"robots\" content=\"index, follow, max-snippet:-1, max-image-preview:large, max-video-preview:-1\" \/>\n<link rel=\"canonical\" href=\"https:\/\/alprestamo.com\/blog\/colombia-mayor-2023-cuando-se-paga\/\" \/>\n<meta property=\"og:locale\" content=\"es_ES\" \/>\n<meta property=\"og:type\" content=\"article\" \/>\n<meta property=\"og:title\" content=\"Colombia Mayor 2023: cu\u00e1ndo se paga\" \/>\n<meta property=\"og:description\" content=\"El programa social Colombia Mayor comienza el s\u00e9ptimo ciclo de pagos para el 2023 para la entrega de subsidios a 1.622.175 beneficiarios de todo el\" \/>\n<meta property=\"og:url\" content=\"https:\/\/alprestamo.com\/blog\/colombia-mayor-2023-cuando-se-paga\/\" \/>\n<meta property=\"og:site_name\" content=\"Alprestamo - Hacemos que todo suceda\" \/>\n<meta property=\"article:published_time\" content=\"2023-08-11T16:14:26+00:00\" \/>\n<meta property=\"article:modified_time\" content=\"2023-08-11T18:16:34+00:00\" \/>\n<meta property=\"og:image\" content=\"https:\/\/alprestamo.com\/blog\/wp-content\/uploads\/2023\/08\/colombia-mayor.jpg\" \/>\n\t<meta property=\"og:image:width\" content=\"1920\" \/>\n\t<meta property=\"og:image:height\" content=\"1080\" \/>\n\t<meta property=\"og:image:type\" content=\"image\/jpeg\" \/>\n<meta name=\"author\" content=\"Ramiro Querejeta\" \/>\n<meta name=\"twitter:card\" content=\"summary_large_image\" \/>\n<meta name=\"twitter:label1\" content=\"Escrito por\" \/>\n\t<meta name=\"twitter:data1\" content=\"Ramiro Querejeta\" \/>\n\t<meta name=\"twitter:label2\" content=\"Tiempo de lectura\" \/>\n\t<meta name=\"twitter:data2\" content=\"3 minutos\" \/>\n<script type=\"application\/ld+json\" class=\"yoast-schema-graph\">{\"@context\":\"https:\/\/schema.org\",\"@graph\":[{\"@type\":\"NewsArticle\",\"@id\":\"https:\/\/alprestamo.com\/blog\/colombia-mayor-2023-cuando-se-paga\/#article\",\"isPartOf\":{\"@id\":\"https:\/\/alprestamo.com\/blog\/colombia-mayor-2023-cuando-se-paga\/\"},\"author\":{\"name\":\"Ramiro Querejeta\",\"@id\":\"https:\/\/alprestamo.com\/blog\/#\/schema\/person\/4c568603ceb381762b4c9062d42c7627\"},\"headline\":\"Colombia Mayor 2023: cu\u00e1ndo se paga\",\"datePublished\":\"2023-08-11T16:14:26+00:00\",\"dateModified\":\"2023-08-11T18:16:34+00:00\",\"mainEntityOfPage\":{\"@id\":\"https:\/\/alprestamo.com\/blog\/colombia-mayor-2023-cuando-se-paga\/\"},\"wordCount\":513,\"publisher\":{\"@id\":\"https:\/\/alprestamo.com\/blog\/#organization\"},\"image\":{\"@id\":\"https:\/\/alprestamo.com\/blog\/colombia-mayor-2023-cuando-se-paga\/#primaryimage\"},\"thumbnailUrl\":\"https:\/\/alprestamo.com\/blog\/wp-content\/uploads\/2023\/08\/colombia-mayor.jpg\",\"articleSection\":[\"CO\",\"Programas sociales\"],\"inLanguage\":\"es-AR\"},{\"@type\":\"WebPage\",\"@id\":\"https:\/\/alprestamo.com\/blog\/colombia-mayor-2023-cuando-se-paga\/\",\"url\":\"https:\/\/alprestamo.com\/blog\/colombia-mayor-2023-cuando-se-paga\/\",\"name\":\"Colombia Mayor 2023: cu\u00e1ndo se paga\",\"isPartOf\":{\"@id\":\"https:\/\/alprestamo.com\/blog\/#website\"},\"primaryImageOfPage\":{\"@id\":\"https:\/\/alprestamo.com\/blog\/colombia-mayor-2023-cuando-se-paga\/#primaryimage\"},\"image\":{\"@id\":\"https:\/\/alprestamo.com\/blog\/colombia-mayor-2023-cuando-se-paga\/#primaryimage\"},\"thumbnailUrl\":\"https:\/\/alprestamo.com\/blog\/wp-content\/uploads\/2023\/08\/colombia-mayor.jpg\",\"datePublished\":\"2023-08-11T16:14:26+00:00\",\"dateModified\":\"2023-08-11T18:16:34+00:00\",\"description\":\"El programa social Colombia Mayor comienza el s\u00e9ptimo ciclo de pagos para el 2023 para la entrega de subsidios a 1.622.175 beneficiarios de todo el\",\"breadcrumb\":{\"@id\":\"https:\/\/alprestamo.com\/blog\/colombia-mayor-2023-cuando-se-paga\/#breadcrumb\"},\"inLanguage\":\"es-AR\",\"potentialAction\":[{\"@type\":\"ReadAction\",\"target\":[\"https:\/\/alprestamo.com\/blog\/colombia-mayor-2023-cuando-se-paga\/\"]}]},{\"@type\":\"ImageObject\",\"inLanguage\":\"es-AR\",\"@id\":\"https:\/\/alprestamo.com\/blog\/colombia-mayor-2023-cuando-se-paga\/#primaryimage\",\"url\":\"https:\/\/alprestamo.com\/blog\/wp-content\/uploads\/2023\/08\/colombia-mayor.jpg\",\"contentUrl\":\"https:\/\/alprestamo.com\/blog\/wp-content\/uploads\/2023\/08\/colombia-mayor.jpg\",\"width\":1920,\"height\":1080,\"caption\":\"Consulta las fechas de pago de Colombia Mayor\"},{\"@type\":\"BreadcrumbList\",\"@id\":\"https:\/\/alprestamo.com\/blog\/colombia-mayor-2023-cuando-se-paga\/#breadcrumb\",\"itemListElement\":[{\"@type\":\"ListItem\",\"position\":1,\"name\":\"Home\",\"item\":\"https:\/\/alprestamo.com\/blog\/\"},{\"@type\":\"ListItem\",\"position\":2,\"name\":\"Colombia Mayor 2023: cu\u00e1ndo se paga\"}]},{\"@type\":\"WebSite\",\"@id\":\"https:\/\/alprestamo.com\/blog\/#website\",\"url\":\"https:\/\/alprestamo.com\/blog\/\",\"name\":\"Alprestamo\",\"description\":\"Hacemos que todo suceda\",\"publisher\":{\"@id\":\"https:\/\/alprestamo.com\/blog\/#organization\"},\"potentialAction\":[{\"@type\":\"SearchAction\",\"target\":{\"@type\":\"EntryPoint\",\"urlTemplate\":\"https:\/\/alprestamo.com\/blog\/?s={search_term_string}\"},\"query-input\":\"required name=search_term_string\"}],\"inLanguage\":\"es-AR\"},{\"@type\":\"Organization\",\"@id\":\"https:\/\/alprestamo.com\/blog\/#organization\",\"name\":\"Alprestamo\",\"url\":\"https:\/\/alprestamo.com\/blog\/\",\"logo\":{\"@type\":\"ImageObject\",\"inLanguage\":\"es-AR\",\"@id\":\"https:\/\/alprestamo.com\/blog\/#\/schema\/logo\/image\/\",\"url\":\"https:\/\/alprestamo.com\/blog\/wp-content\/uploads\/2022\/10\/Imagotipo_Blanco.svg\",\"contentUrl\":\"https:\/\/alprestamo.com\/blog\/wp-content\/uploads\/2022\/10\/Imagotipo_Blanco.svg\",\"width\":1199,\"height\":203,\"caption\":\"Alprestamo\"},\"image\":{\"@id\":\"https:\/\/alprestamo.com\/blog\/#\/schema\/logo\/image\/\"}},{\"@type\":\"Person\",\"@id\":\"https:\/\/alprestamo.com\/blog\/#\/schema\/person\/4c568603ceb381762b4c9062d42c7627\",\"name\":\"Ramiro Querejeta\",\"image\":{\"@type\":\"ImageObject\",\"inLanguage\":\"es-AR\",\"@id\":\"https:\/\/alprestamo.com\/blog\/#\/schema\/person\/image\/\",\"url\":\"https:\/\/alprestamo.com\/blog\/wp-content\/uploads\/2025\/08\/1688503693490-150x150.jpeg\",\"contentUrl\":\"https:\/\/alprestamo.com\/blog\/wp-content\/uploads\/2025\/08\/1688503693490-150x150.jpeg\",\"caption\":\"Ramiro Querejeta\"},\"url\":\"https:\/\/alprestamo.com\/blog\/author\/ramiro\/\"}]}<\/script>\n<!-- \/ Yoast SEO plugin. -->","yoast_head_json":{"title":"Colombia Mayor 2023: cu\u00e1ndo se paga","description":"El programa social Colombia Mayor comienza el s\u00e9ptimo ciclo de pagos para el 2023 para la entrega de subsidios a 1.622.175 beneficiarios de todo el","robots":{"index":"index","follow":"follow","max-snippet":"max-snippet:-1","max-image-preview":"max-image-preview:large","max-video-preview":"max-video-preview:-1"},"canonical":"https:\/\/alprestamo.com\/blog\/colombia-mayor-2023-cuando-se-paga\/","og_locale":"es_ES","og_type":"article","og_title":"Colombia Mayor 2023: cu\u00e1ndo se paga","og_description":"El programa social Colombia Mayor comienza el s\u00e9ptimo ciclo de pagos para el 2023 para la entrega de subsidios a 1.622.175 beneficiarios de todo el","og_url":"https:\/\/alprestamo.com\/blog\/colombia-mayor-2023-cuando-se-paga\/","og_site_name":"Alprestamo - Hacemos que todo suceda","article_published_time":"2023-08-11T16:14:26+00:00","article_modified_time":"2023-08-11T18:16:34+00:00","og_image":[{"width":1920,"height":1080,"url":"https:\/\/alprestamo.com\/blog\/wp-content\/uploads\/2023\/08\/colombia-mayor.jpg","type":"image\/jpeg"}],"author":"Ramiro Querejeta","twitter_card":"summary_large_image","twitter_misc":{"Escrito por":"Ramiro Querejeta","Tiempo de lectura":"3 minutos"},"schema":{"@context":"https:\/\/schema.org","@graph":[{"@type":"NewsArticle","@id":"https:\/\/alprestamo.com\/blog\/colombia-mayor-2023-cuando-se-paga\/#article","isPartOf":{"@id":"https:\/\/alprestamo.com\/blog\/colombia-mayor-2023-cuando-se-paga\/"},"author":{"name":"Ramiro Querejeta","@id":"https:\/\/alprestamo.com\/blog\/#\/schema\/person\/4c568603ceb381762b4c9062d42c7627"},"headline":"Colombia Mayor 2023: cu\u00e1ndo se paga","datePublished":"2023-08-11T16:14:26+00:00","dateModified":"2023-08-11T18:16:34+00:00","mainEntityOfPage":{"@id":"https:\/\/alprestamo.com\/blog\/colombia-mayor-2023-cuando-se-paga\/"},"wordCount":513,"publisher":{"@id":"https:\/\/alprestamo.com\/blog\/#organization"},"image":{"@id":"https:\/\/alprestamo.com\/blog\/colombia-mayor-2023-cuando-se-paga\/#primaryimage"},"thumbnailUrl":"https:\/\/alprestamo.com\/blog\/wp-content\/uploads\/2023\/08\/colombia-mayor.jpg","articleSection":["CO","Programas sociales"],"inLanguage":"es-AR"},{"@type":"WebPage","@id":"https:\/\/alprestamo.com\/blog\/colombia-mayor-2023-cuando-se-paga\/","url":"https:\/\/alprestamo.com\/blog\/colombia-mayor-2023-cuando-se-paga\/","name":"Colombia Mayor 2023: cu\u00e1ndo se paga","isPartOf":{"@id":"https:\/\/alprestamo.com\/blog\/#website"},"primaryImageOfPage":{"@id":"https:\/\/alprestamo.com\/blog\/colombia-mayor-2023-cuando-se-paga\/#primaryimage"},"image":{"@id":"https:\/\/alprestamo.com\/blog\/colombia-mayor-2023-cuando-se-paga\/#primaryimage"},"thumbnailUrl":"https:\/\/alprestamo.com\/blog\/wp-content\/uploads\/2023\/08\/colombia-mayor.jpg","datePublished":"2023-08-11T16:14:26+00:00","dateModified":"2023-08-11T18:16:34+00:00","description":"El programa social Colombia Mayor comienza el s\u00e9ptimo ciclo de pagos para el 2023 para la entrega de subsidios a 1.622.175 beneficiarios de todo el","breadcrumb":{"@id":"https:\/\/alprestamo.com\/blog\/colombia-mayor-2023-cuando-se-paga\/#breadcrumb"},"inLanguage":"es-AR","potentialAction":[{"@type":"ReadAction","target":["https:\/\/alprestamo.com\/blog\/colombia-mayor-2023-cuando-se-paga\/"]}]},{"@type":"ImageObject","inLanguage":"es-AR","@id":"https:\/\/alprestamo.com\/blog\/colombia-mayor-2023-cuando-se-paga\/#primaryimage","url":"https:\/\/alprestamo.com\/blog\/wp-content\/uploads\/2023\/08\/colombia-mayor.jpg","contentUrl":"https:\/\/alprestamo.com\/blog\/wp-content\/uploads\/2023\/08\/colombia-mayor.jpg","width":1920,"height":1080,"caption":"Consulta las fechas de pago de Colombia Mayor"},{"@type":"BreadcrumbList","@id":"https:\/\/alprestamo.com\/blog\/colombia-mayor-2023-cuando-se-paga\/#breadcrumb","itemListElement":[{"@type":"ListItem","position":1,"name":"Home","item":"https:\/\/alprestamo.com\/blog\/"},{"@type":"ListItem","position":2,"name":"Colombia Mayor 2023: cu\u00e1ndo se paga"}]},{"@type":"WebSite","@id":"https:\/\/alprestamo.com\/blog\/#website","url":"https:\/\/alprestamo.com\/blog\/","name":"Alprestamo","description":"Hacemos que todo suceda","publisher":{"@id":"https:\/\/alprestamo.com\/blog\/#organization"},"potentialAction":[{"@type":"SearchAction","target":{"@type":"EntryPoint","urlTemplate":"https:\/\/alprestamo.com\/blog\/?s={search_term_string}"},"query-input":"required name=search_term_string"}],"inLanguage":"es-AR"},{"@type":"Organization","@id":"https:\/\/alprestamo.com\/blog\/#organization","name":"Alprestamo","url":"https:\/\/alprestamo.com\/blog\/","logo":{"@type":"ImageObject","inLanguage":"es-AR","@id":"https:\/\/alprestamo.com\/blog\/#\/schema\/logo\/image\/","url":"https:\/\/alprestamo.com\/blog\/wp-content\/uploads\/2022\/10\/Imagotipo_Blanco.svg","contentUrl":"https:\/\/alprestamo.com\/blog\/wp-content\/uploads\/2022\/10\/Imagotipo_Blanco.svg","width":1199,"height":203,"caption":"Alprestamo"},"image":{"@id":"https:\/\/alprestamo.com\/blog\/#\/schema\/logo\/image\/"}},{"@type":"Person","@id":"https:\/\/alprestamo.com\/blog\/#\/schema\/person\/4c568603ceb381762b4c9062d42c7627","name":"Ramiro Querejeta","image":{"@type":"ImageObject","inLanguage":"es-AR","@id":"https:\/\/alprestamo.com\/blog\/#\/schema\/person\/image\/","url":"https:\/\/alprestamo.com\/blog\/wp-content\/uploads\/2025\/08\/1688503693490-150x150.jpeg","contentUrl":"https:\/\/alprestamo.com\/blog\/wp-content\/uploads\/2025\/08\/1688503693490-150x150.jpeg","caption":"Ramiro Querejeta"},"url":"https:\/\/alprestamo.com\/blog\/author\/ramiro\/"}]}},"uagb_featured_image_src":{"full":["https:\/\/alprestamo.com\/blog\/wp-content\/uploads\/2023\/08\/colombia-mayor.jpg",1920,1080,false],"thumbnail":["https:\/\/alprestamo.com\/blog\/wp-content\/uploads\/2023\/08\/colombia-mayor-150x150.jpg",150,150,true],"medium":["https:\/\/alprestamo.com\/blog\/wp-content\/uploads\/2023\/08\/colombia-mayor-300x169.jpg",300,169,true],"medium_large":["https:\/\/alprestamo.com\/blog\/wp-content\/uploads\/2023\/08\/colombia-mayor-768x432.jpg",768,432,true],"large":["https:\/\/alprestamo.com\/blog\/wp-content\/uploads\/2023\/08\/colombia-mayor-1024x576.jpg",1024,576,true],"1536x1536":["https:\/\/alprestamo.com\/blog\/wp-content\/uploads\/2023\/08\/colombia-mayor-1536x864.jpg",1536,864,true],"2048x2048":["https:\/\/alprestamo.com\/blog\/wp-content\/uploads\/2023\/08\/colombia-mayor.jpg",1920,1080,false]},"uagb_author_info":{"display_name":"Ramiro Querejeta","author_link":"https:\/\/alprestamo.com\/blog\/author\/ramiro\/"},"uagb_comment_info":0,"uagb_excerpt":"El programa social Colombia Mayor comienza el s\u00e9ptimo ciclo de pagos para el 2023 para la entrega de subsidios a 1.622.175 beneficiarios de todo el pa\u00eds.&nbsp; Este programa se ha convertido en algo fundamental para otorgar asistencia econ\u00f3mica a quienes han contribuido a la sociedad a lo largo de su vida productiva y que en&hellip;","rttpg_featured_image_url":{"full":["https:\/\/alprestamo.com\/blog\/wp-content\/uploads\/2023\/08\/colombia-mayor.jpg",1920,1080,false],"landscape":["https:\/\/alprestamo.com\/blog\/wp-content\/uploads\/2023\/08\/colombia-mayor.jpg",1920,1080,false],"portraits":["https:\/\/alprestamo.com\/blog\/wp-content\/uploads\/2023\/08\/colombia-mayor.jpg",1920,1080,false],"thumbnail":["https:\/\/alprestamo.com\/blog\/wp-content\/uploads\/2023\/08\/colombia-mayor-150x150.jpg",150,150,true],"medium":["https:\/\/alprestamo.com\/blog\/wp-content\/uploads\/2023\/08\/colombia-mayor-300x169.jpg",300,169,true],"large":["https:\/\/alprestamo.com\/blog\/wp-content\/uploads\/2023\/08\/colombia-mayor-1024x576.jpg",1024,576,true],"1536x1536":["https:\/\/alprestamo.com\/blog\/wp-content\/uploads\/2023\/08\/colombia-mayor-1536x864.jpg",1536,864,true],"2048x2048":["https:\/\/alprestamo.com\/blog\/wp-content\/uploads\/2023\/08\/colombia-mayor.jpg",1920,1080,false],"rt_custom":["https:\/\/alprestamo.com\/blog\/wp-content\/uploads\/2023\/08\/colombia-mayor.jpg",1920,1080,false]},"rttpg_author":{"display_name":"Ramiro Querejeta","author_link":"https:\/\/alprestamo.com\/blog\/author\/ramiro\/"},"rttpg_comment":0,"rttpg_category":"<a href=\"https:\/\/alprestamo.com\/blog\/categoria\/co\/\" rel=\"category tag\">CO<\/a> <a href=\"https:\/\/alprestamo.com\/blog\/categoria\/co\/programas-sociales\/\" rel=\"category tag\">Programas sociales<\/a>","rttpg_excerpt":"El programa social Colombia Mayor comienza el s\u00e9ptimo ciclo de pagos para el 2023 para la entrega de subsidios a 1.622.175 beneficiarios de todo el pa\u00eds.&nbsp; Este programa se ha convertido en algo fundamental para otorgar asistencia econ\u00f3mica a quienes han contribuido a la sociedad a lo largo de su vida productiva y que en&hellip;","_links":{"self":[{"href":"https:\/\/alprestamo.com\/blog\/wp-json\/wp\/v2\/posts\/25902"}],"collection":[{"href":"https:\/\/alprestamo.com\/blog\/wp-json\/wp\/v2\/posts"}],"about":[{"href":"https:\/\/alprestamo.com\/blog\/wp-json\/wp\/v2\/types\/post"}],"author":[{"embeddable":true,"href":"https:\/\/alprestamo.com\/blog\/wp-json\/wp\/v2\/users\/9"}],"replies":[{"embeddable":true,"href":"https:\/\/alprestamo.com\/blog\/wp-json\/wp\/v2\/comments?post=25902"}],"version-history":[{"count":2,"href":"https:\/\/alprestamo.com\/blog\/wp-json\/wp\/v2\/posts\/25902\/revisions"}],"predecessor-version":[{"id":25923,"href":"https:\/\/alprestamo.com\/blog\/wp-json\/wp\/v2\/posts\/25902\/revisions\/25923"}],"wp:featuredmedia":[{"embeddable":true,"href":"https:\/\/alprestamo.com\/blog\/wp-json\/wp\/v2\/media\/25908"}],"wp:attachment":[{"href":"https:\/\/alprestamo.com\/blog\/wp-json\/wp\/v2\/media?parent=25902"}],"wp:term":[{"taxonomy":"category","embeddable":true,"href":"https:\/\/alprestamo.com\/blog\/wp-json\/wp\/v2\/categories?post=25902"},{"taxonomy":"post_tag","embeddable":true,"href":"https:\/\/alprestamo.com\/blog\/wp-json\/wp\/v2\/tags?post=25902"}],"curies":[{"name":"wp","href":"https:\/\/api.w.org\/{rel}","templated":true}]}}