{"id":25928,"date":"2023-08-11T17:21:36","date_gmt":"2023-08-11T20:21:36","guid":{"rendered":"https:\/\/alprestamo.com\/blog\/?p=25928"},"modified":"2023-09-27T17:18:39","modified_gmt":"2023-09-27T20:18:39","slug":"brecha-de-precios-entre-argentina-y-uruguay","status":"publish","type":"post","link":"https:\/\/alprestamo.com\/blog\/brecha-de-precios-entre-argentina-y-uruguay\/","title":{"rendered":"Brecha de precios entre Argentina y Uruguay"},"content":{"rendered":"\n<p>La diferencia o brecha de<strong> precios entre Argentina y Uruguay<\/strong> alcanz\u00f3 126% en el mes de julio, la cifra m\u00e1s baja desde que comenz\u00f3 el 2023. Estas son cifras del \u00faltimo informe Indicador de <a href=\"https:\/\/alprestamo.com\/blog\/uy\/economia-finanzas-uy\/que-va-a-pasar-con-el-precio-del-combustible-en-agosto\/\">Precios <\/a>Fronterizos, elaborado por el<strong> Observatorio Econ\u00f3mico de la Universidad Cat\u00f3lica en Salto<\/strong>.&nbsp;<\/p>\n\n\n\n<p>El informe demuestra que es un 56% m\u00e1s barato realizar compras en <strong>Concordia <\/strong>(Argentina) que en <strong>Salto <\/strong>(Uruguay). Por el contrario, comprar en Salto es un 126% m\u00e1s caro que en Concordia.&nbsp;<\/p>\n\n\n\n<p>Respecto al mes anterior, en mayo, esta medici\u00f3n se encontraba en 144%, por lo que el dato de julio es el mejor o el m\u00e1s bajo del a\u00f1o. En enero, la diferencia era de 144%, 127% en febrero y en marzo al igual que en mayo, de 144%.&nbsp;<\/p>\n\n\n\n<h2 class=\"wp-block-heading\">Diferencia de precios por productos&nbsp;<\/h2>\n\n\n\n<p>La diferencia m\u00e1s grande de precios entre Argentina y <a href=\"https:\/\/alprestamo.com\/blog\/uy\/economia-finanzas-uy\/de-cuanto-sera-el-ajuste-salarial-en-uruguay\/\">Uruguay <\/a>se encuentra en el rubro Bienes Diversos (incluye canasta higiene) donde <strong>alcanza 233%<\/strong>. Le siguen bebidas alcoh\u00f3licas y tabaco con 209% , productos del hogar con 179% y alimentos y bebidas no alcoh\u00f3licas con una diferencia en 123%.&nbsp;<\/p>\n\n\n\n<p>Sin embargo, el rubro alimentos es el m\u00e1s importante dentro del <strong>Indicador de Precios Fronterizos<\/strong>, ya que representa casi la mitad (49%). Espec\u00edficamente, la diferencia de precios baj\u00f3 un 17% en el mes de julio en comparaci\u00f3n con mayo.<\/p>\n\n\n\n<p>A pesar de esto, hay siete art\u00edculos (galletitas dulces, aceite, pulpa de tomate, leche en polvo, entre otros) que <a href=\"https:\/\/alprestamo.com\/blog\/uy\/economia-finanzas-uy\/aumenta-el-boleto-del-transporte-en-uruguay-cuanto-saldra-a-partir-de-ahora\/\">aumentaron<\/a> la diferencia de precios debido al aumento de la <strong>inflaci\u00f3n en Argentina<\/strong>.&nbsp;<\/p>\n\n\n\n<p>La reducci\u00f3n de los<em> precios entre Argentina y Uruguay<\/em> para los productos mencionados se explica por el aumento de la inflaci\u00f3n en el pa\u00eds vecino en el rubro de alimentos y bebidas no alcoh\u00f3licas, que tuvo un incremento de 4,2% durante junio. En el mismo periodo en Uruguay, la inflaci\u00f3n de los alimentos fue negativa (-1,31%).&nbsp;<\/p>\n","protected":false},"excerpt":{"rendered":"<p>La diferencia o brecha de precios entre Argentina y Uruguay alcanz\u00f3 126% en el mes de julio, la cifra m\u00e1s baja desde que comenz\u00f3 el 2023. Estas son cifras del \u00faltimo informe Indicador de Precios Fronterizos, elaborado por el Observatorio Econ\u00f3mico de la Universidad Cat\u00f3lica en Salto.&nbsp; El informe demuestra que es un 56% m\u00e1s &hellip;<\/p>\n<p class=\"read-more\"> <a class=\"\" href=\"https:\/\/alprestamo.com\/blog\/brecha-de-precios-entre-argentina-y-uruguay\/\"> <span class=\"screen-reader-text\">Brecha de precios entre Argentina y Uruguay<\/span> Leer m\u00e1s &raquo;<\/a><\/p>\n","protected":false},"author":9,"featured_media":25933,"comment_status":"closed","ping_status":"closed","sticky":false,"template":"","format":"standard","meta":{"_uag_custom_page_level_css":"","site-sidebar-layout":"default","site-content-layout":"default","ast-global-header-display":"","ast-banner-title-visibility":"","ast-main-header-display":"","ast-hfb-above-header-display":"","ast-hfb-below-header-display":"","ast-hfb-mobile-header-display":"","site-post-title":"","ast-breadcrumbs-content":"","ast-featured-img":"","footer-sml-layout":"","theme-transparent-header-meta":"","adv-header-id-meta":"","stick-header-meta":"","header-above-stick-meta":"","header-main-stick-meta":"","header-below-stick-meta":"","footnotes":""},"categories":[36,94],"tags":[],"class_list":["post-25928","post","type-post","status-publish","format-standard","has-post-thumbnail","hentry","category-economia-finanzas-uy","category-uy"],"acf":[],"yoast_head":"<!-- This site is optimized with the Yoast SEO plugin v23.2 - https:\/\/yoast.com\/wordpress\/plugins\/seo\/ -->\n<title>Brecha de precios entre Argentina y Uruguay<\/title>\n<meta name=\"description\" content=\"La diferencia o brecha de precios entre Argentina y Uruguay alcanz\u00f3 126% en el mes de julio, la cifra m\u00e1s baja desde que comenz\u00f3 el 2023. Estas son cifras\" \/>\n<meta name=\"robots\" content=\"index, follow, max-snippet:-1, max-image-preview:large, max-video-preview:-1\" \/>\n<link rel=\"canonical\" href=\"https:\/\/alprestamo.com\/blog\/brecha-de-precios-entre-argentina-y-uruguay\/\" \/>\n<meta property=\"og:locale\" content=\"es_ES\" \/>\n<meta property=\"og:type\" content=\"article\" \/>\n<meta property=\"og:title\" content=\"Brecha de precios entre Argentina y Uruguay\" \/>\n<meta property=\"og:description\" content=\"La diferencia o brecha de precios entre Argentina y Uruguay alcanz\u00f3 126% en el mes de julio, la cifra m\u00e1s baja desde que comenz\u00f3 el 2023. Estas son cifras\" \/>\n<meta property=\"og:url\" content=\"https:\/\/alprestamo.com\/blog\/brecha-de-precios-entre-argentina-y-uruguay\/\" \/>\n<meta property=\"og:site_name\" content=\"Alprestamo - Hacemos que todo suceda\" \/>\n<meta property=\"article:published_time\" content=\"2023-08-11T20:21:36+00:00\" \/>\n<meta property=\"article:modified_time\" content=\"2023-09-27T20:18:39+00:00\" \/>\n<meta property=\"og:image\" content=\"https:\/\/alprestamo.com\/blog\/wp-content\/uploads\/2023\/08\/200816060_m_normal_none-scaled.jpg\" \/>\n\t<meta property=\"og:image:width\" content=\"2560\" \/>\n\t<meta property=\"og:image:height\" content=\"1434\" \/>\n\t<meta property=\"og:image:type\" content=\"image\/jpeg\" \/>\n<meta name=\"author\" content=\"Ramiro Querejeta\" \/>\n<meta name=\"twitter:card\" content=\"summary_large_image\" \/>\n<meta name=\"twitter:label1\" content=\"Escrito por\" \/>\n\t<meta name=\"twitter:data1\" content=\"Ramiro Querejeta\" \/>\n\t<meta name=\"twitter:label2\" content=\"Tiempo de lectura\" \/>\n\t<meta name=\"twitter:data2\" content=\"2 minutos\" \/>\n<script type=\"application\/ld+json\" class=\"yoast-schema-graph\">{\"@context\":\"https:\/\/schema.org\",\"@graph\":[{\"@type\":\"NewsArticle\",\"@id\":\"https:\/\/alprestamo.com\/blog\/brecha-de-precios-entre-argentina-y-uruguay\/#article\",\"isPartOf\":{\"@id\":\"https:\/\/alprestamo.com\/blog\/brecha-de-precios-entre-argentina-y-uruguay\/\"},\"author\":{\"name\":\"Ramiro Querejeta\",\"@id\":\"https:\/\/alprestamo.com\/blog\/#\/schema\/person\/4c568603ceb381762b4c9062d42c7627\"},\"headline\":\"Brecha de precios entre Argentina y Uruguay\",\"datePublished\":\"2023-08-11T20:21:36+00:00\",\"dateModified\":\"2023-09-27T20:18:39+00:00\",\"mainEntityOfPage\":{\"@id\":\"https:\/\/alprestamo.com\/blog\/brecha-de-precios-entre-argentina-y-uruguay\/\"},\"wordCount\":326,\"publisher\":{\"@id\":\"https:\/\/alprestamo.com\/blog\/#organization\"},\"image\":{\"@id\":\"https:\/\/alprestamo.com\/blog\/brecha-de-precios-entre-argentina-y-uruguay\/#primaryimage\"},\"thumbnailUrl\":\"https:\/\/alprestamo.com\/blog\/wp-content\/uploads\/2023\/08\/200816060_m_normal_none-scaled.jpg\",\"articleSection\":[\"Econom\u00eda y finanzas\",\"UY\"],\"inLanguage\":\"es-AR\"},{\"@type\":\"WebPage\",\"@id\":\"https:\/\/alprestamo.com\/blog\/brecha-de-precios-entre-argentina-y-uruguay\/\",\"url\":\"https:\/\/alprestamo.com\/blog\/brecha-de-precios-entre-argentina-y-uruguay\/\",\"name\":\"Brecha de precios entre Argentina y Uruguay\",\"isPartOf\":{\"@id\":\"https:\/\/alprestamo.com\/blog\/#website\"},\"primaryImageOfPage\":{\"@id\":\"https:\/\/alprestamo.com\/blog\/brecha-de-precios-entre-argentina-y-uruguay\/#primaryimage\"},\"image\":{\"@id\":\"https:\/\/alprestamo.com\/blog\/brecha-de-precios-entre-argentina-y-uruguay\/#primaryimage\"},\"thumbnailUrl\":\"https:\/\/alprestamo.com\/blog\/wp-content\/uploads\/2023\/08\/200816060_m_normal_none-scaled.jpg\",\"datePublished\":\"2023-08-11T20:21:36+00:00\",\"dateModified\":\"2023-09-27T20:18:39+00:00\",\"description\":\"La diferencia o brecha de precios entre Argentina y Uruguay alcanz\u00f3 126% en el mes de julio, la cifra m\u00e1s baja desde que comenz\u00f3 el 2023. Estas son cifras\",\"breadcrumb\":{\"@id\":\"https:\/\/alprestamo.com\/blog\/brecha-de-precios-entre-argentina-y-uruguay\/#breadcrumb\"},\"inLanguage\":\"es-AR\",\"potentialAction\":[{\"@type\":\"ReadAction\",\"target\":[\"https:\/\/alprestamo.com\/blog\/brecha-de-precios-entre-argentina-y-uruguay\/\"]}]},{\"@type\":\"ImageObject\",\"inLanguage\":\"es-AR\",\"@id\":\"https:\/\/alprestamo.com\/blog\/brecha-de-precios-entre-argentina-y-uruguay\/#primaryimage\",\"url\":\"https:\/\/alprestamo.com\/blog\/wp-content\/uploads\/2023\/08\/200816060_m_normal_none-scaled.jpg\",\"contentUrl\":\"https:\/\/alprestamo.com\/blog\/wp-content\/uploads\/2023\/08\/200816060_m_normal_none-scaled.jpg\",\"width\":2560,\"height\":1434,\"caption\":\"Precios en Uruguay\"},{\"@type\":\"BreadcrumbList\",\"@id\":\"https:\/\/alprestamo.com\/blog\/brecha-de-precios-entre-argentina-y-uruguay\/#breadcrumb\",\"itemListElement\":[{\"@type\":\"ListItem\",\"position\":1,\"name\":\"Home\",\"item\":\"https:\/\/alprestamo.com\/blog\/\"},{\"@type\":\"ListItem\",\"position\":2,\"name\":\"Brecha de precios entre Argentina y Uruguay\"}]},{\"@type\":\"WebSite\",\"@id\":\"https:\/\/alprestamo.com\/blog\/#website\",\"url\":\"https:\/\/alprestamo.com\/blog\/\",\"name\":\"Alprestamo\",\"description\":\"Hacemos que todo suceda\",\"publisher\":{\"@id\":\"https:\/\/alprestamo.com\/blog\/#organization\"},\"potentialAction\":[{\"@type\":\"SearchAction\",\"target\":{\"@type\":\"EntryPoint\",\"urlTemplate\":\"https:\/\/alprestamo.com\/blog\/?s={search_term_string}\"},\"query-input\":\"required name=search_term_string\"}],\"inLanguage\":\"es-AR\"},{\"@type\":\"Organization\",\"@id\":\"https:\/\/alprestamo.com\/blog\/#organization\",\"name\":\"Alprestamo\",\"url\":\"https:\/\/alprestamo.com\/blog\/\",\"logo\":{\"@type\":\"ImageObject\",\"inLanguage\":\"es-AR\",\"@id\":\"https:\/\/alprestamo.com\/blog\/#\/schema\/logo\/image\/\",\"url\":\"https:\/\/alprestamo.com\/blog\/wp-content\/uploads\/2022\/10\/Imagotipo_Blanco.svg\",\"contentUrl\":\"https:\/\/alprestamo.com\/blog\/wp-content\/uploads\/2022\/10\/Imagotipo_Blanco.svg\",\"width\":1199,\"height\":203,\"caption\":\"Alprestamo\"},\"image\":{\"@id\":\"https:\/\/alprestamo.com\/blog\/#\/schema\/logo\/image\/\"}},{\"@type\":\"Person\",\"@id\":\"https:\/\/alprestamo.com\/blog\/#\/schema\/person\/4c568603ceb381762b4c9062d42c7627\",\"name\":\"Ramiro Querejeta\",\"image\":{\"@type\":\"ImageObject\",\"inLanguage\":\"es-AR\",\"@id\":\"https:\/\/alprestamo.com\/blog\/#\/schema\/person\/image\/\",\"url\":\"https:\/\/alprestamo.com\/blog\/wp-content\/uploads\/2025\/08\/1688503693490-150x150.jpeg\",\"contentUrl\":\"https:\/\/alprestamo.com\/blog\/wp-content\/uploads\/2025\/08\/1688503693490-150x150.jpeg\",\"caption\":\"Ramiro Querejeta\"},\"url\":\"https:\/\/alprestamo.com\/blog\/author\/ramiro\/\"}]}<\/script>\n<!-- \/ Yoast SEO plugin. -->","yoast_head_json":{"title":"Brecha de precios entre Argentina y Uruguay","description":"La diferencia o brecha de precios entre Argentina y Uruguay alcanz\u00f3 126% en el mes de julio, la cifra m\u00e1s baja desde que comenz\u00f3 el 2023. Estas son cifras","robots":{"index":"index","follow":"follow","max-snippet":"max-snippet:-1","max-image-preview":"max-image-preview:large","max-video-preview":"max-video-preview:-1"},"canonical":"https:\/\/alprestamo.com\/blog\/brecha-de-precios-entre-argentina-y-uruguay\/","og_locale":"es_ES","og_type":"article","og_title":"Brecha de precios entre Argentina y Uruguay","og_description":"La diferencia o brecha de precios entre Argentina y Uruguay alcanz\u00f3 126% en el mes de julio, la cifra m\u00e1s baja desde que comenz\u00f3 el 2023. Estas son cifras","og_url":"https:\/\/alprestamo.com\/blog\/brecha-de-precios-entre-argentina-y-uruguay\/","og_site_name":"Alprestamo - Hacemos que todo suceda","article_published_time":"2023-08-11T20:21:36+00:00","article_modified_time":"2023-09-27T20:18:39+00:00","og_image":[{"width":2560,"height":1434,"url":"https:\/\/alprestamo.com\/blog\/wp-content\/uploads\/2023\/08\/200816060_m_normal_none-scaled.jpg","type":"image\/jpeg"}],"author":"Ramiro Querejeta","twitter_card":"summary_large_image","twitter_misc":{"Escrito por":"Ramiro Querejeta","Tiempo de lectura":"2 minutos"},"schema":{"@context":"https:\/\/schema.org","@graph":[{"@type":"NewsArticle","@id":"https:\/\/alprestamo.com\/blog\/brecha-de-precios-entre-argentina-y-uruguay\/#article","isPartOf":{"@id":"https:\/\/alprestamo.com\/blog\/brecha-de-precios-entre-argentina-y-uruguay\/"},"author":{"name":"Ramiro Querejeta","@id":"https:\/\/alprestamo.com\/blog\/#\/schema\/person\/4c568603ceb381762b4c9062d42c7627"},"headline":"Brecha de precios entre Argentina y Uruguay","datePublished":"2023-08-11T20:21:36+00:00","dateModified":"2023-09-27T20:18:39+00:00","mainEntityOfPage":{"@id":"https:\/\/alprestamo.com\/blog\/brecha-de-precios-entre-argentina-y-uruguay\/"},"wordCount":326,"publisher":{"@id":"https:\/\/alprestamo.com\/blog\/#organization"},"image":{"@id":"https:\/\/alprestamo.com\/blog\/brecha-de-precios-entre-argentina-y-uruguay\/#primaryimage"},"thumbnailUrl":"https:\/\/alprestamo.com\/blog\/wp-content\/uploads\/2023\/08\/200816060_m_normal_none-scaled.jpg","articleSection":["Econom\u00eda y finanzas","UY"],"inLanguage":"es-AR"},{"@type":"WebPage","@id":"https:\/\/alprestamo.com\/blog\/brecha-de-precios-entre-argentina-y-uruguay\/","url":"https:\/\/alprestamo.com\/blog\/brecha-de-precios-entre-argentina-y-uruguay\/","name":"Brecha de precios entre Argentina y Uruguay","isPartOf":{"@id":"https:\/\/alprestamo.com\/blog\/#website"},"primaryImageOfPage":{"@id":"https:\/\/alprestamo.com\/blog\/brecha-de-precios-entre-argentina-y-uruguay\/#primaryimage"},"image":{"@id":"https:\/\/alprestamo.com\/blog\/brecha-de-precios-entre-argentina-y-uruguay\/#primaryimage"},"thumbnailUrl":"https:\/\/alprestamo.com\/blog\/wp-content\/uploads\/2023\/08\/200816060_m_normal_none-scaled.jpg","datePublished":"2023-08-11T20:21:36+00:00","dateModified":"2023-09-27T20:18:39+00:00","description":"La diferencia o brecha de precios entre Argentina y Uruguay alcanz\u00f3 126% en el mes de julio, la cifra m\u00e1s baja desde que comenz\u00f3 el 2023. Estas son cifras","breadcrumb":{"@id":"https:\/\/alprestamo.com\/blog\/brecha-de-precios-entre-argentina-y-uruguay\/#breadcrumb"},"inLanguage":"es-AR","potentialAction":[{"@type":"ReadAction","target":["https:\/\/alprestamo.com\/blog\/brecha-de-precios-entre-argentina-y-uruguay\/"]}]},{"@type":"ImageObject","inLanguage":"es-AR","@id":"https:\/\/alprestamo.com\/blog\/brecha-de-precios-entre-argentina-y-uruguay\/#primaryimage","url":"https:\/\/alprestamo.com\/blog\/wp-content\/uploads\/2023\/08\/200816060_m_normal_none-scaled.jpg","contentUrl":"https:\/\/alprestamo.com\/blog\/wp-content\/uploads\/2023\/08\/200816060_m_normal_none-scaled.jpg","width":2560,"height":1434,"caption":"Precios en Uruguay"},{"@type":"BreadcrumbList","@id":"https:\/\/alprestamo.com\/blog\/brecha-de-precios-entre-argentina-y-uruguay\/#breadcrumb","itemListElement":[{"@type":"ListItem","position":1,"name":"Home","item":"https:\/\/alprestamo.com\/blog\/"},{"@type":"ListItem","position":2,"name":"Brecha de precios entre Argentina y Uruguay"}]},{"@type":"WebSite","@id":"https:\/\/alprestamo.com\/blog\/#website","url":"https:\/\/alprestamo.com\/blog\/","name":"Alprestamo","description":"Hacemos que todo suceda","publisher":{"@id":"https:\/\/alprestamo.com\/blog\/#organization"},"potentialAction":[{"@type":"SearchAction","target":{"@type":"EntryPoint","urlTemplate":"https:\/\/alprestamo.com\/blog\/?s={search_term_string}"},"query-input":"required name=search_term_string"}],"inLanguage":"es-AR"},{"@type":"Organization","@id":"https:\/\/alprestamo.com\/blog\/#organization","name":"Alprestamo","url":"https:\/\/alprestamo.com\/blog\/","logo":{"@type":"ImageObject","inLanguage":"es-AR","@id":"https:\/\/alprestamo.com\/blog\/#\/schema\/logo\/image\/","url":"https:\/\/alprestamo.com\/blog\/wp-content\/uploads\/2022\/10\/Imagotipo_Blanco.svg","contentUrl":"https:\/\/alprestamo.com\/blog\/wp-content\/uploads\/2022\/10\/Imagotipo_Blanco.svg","width":1199,"height":203,"caption":"Alprestamo"},"image":{"@id":"https:\/\/alprestamo.com\/blog\/#\/schema\/logo\/image\/"}},{"@type":"Person","@id":"https:\/\/alprestamo.com\/blog\/#\/schema\/person\/4c568603ceb381762b4c9062d42c7627","name":"Ramiro Querejeta","image":{"@type":"ImageObject","inLanguage":"es-AR","@id":"https:\/\/alprestamo.com\/blog\/#\/schema\/person\/image\/","url":"https:\/\/alprestamo.com\/blog\/wp-content\/uploads\/2025\/08\/1688503693490-150x150.jpeg","contentUrl":"https:\/\/alprestamo.com\/blog\/wp-content\/uploads\/2025\/08\/1688503693490-150x150.jpeg","caption":"Ramiro Querejeta"},"url":"https:\/\/alprestamo.com\/blog\/author\/ramiro\/"}]}},"uagb_featured_image_src":{"full":["https:\/\/alprestamo.com\/blog\/wp-content\/uploads\/2023\/08\/200816060_m_normal_none-scaled.jpg",2560,1434,false],"thumbnail":["https:\/\/alprestamo.com\/blog\/wp-content\/uploads\/2023\/08\/200816060_m_normal_none-150x150.jpg",150,150,true],"medium":["https:\/\/alprestamo.com\/blog\/wp-content\/uploads\/2023\/08\/200816060_m_normal_none-300x168.jpg",300,168,true],"medium_large":["https:\/\/alprestamo.com\/blog\/wp-content\/uploads\/2023\/08\/200816060_m_normal_none-768x430.jpg",768,430,true],"large":["https:\/\/alprestamo.com\/blog\/wp-content\/uploads\/2023\/08\/200816060_m_normal_none-1024x574.jpg",1024,574,true],"1536x1536":["https:\/\/alprestamo.com\/blog\/wp-content\/uploads\/2023\/08\/200816060_m_normal_none-1536x861.jpg",1536,861,true],"2048x2048":["https:\/\/alprestamo.com\/blog\/wp-content\/uploads\/2023\/08\/200816060_m_normal_none-2048x1148.jpg",2048,1148,true]},"uagb_author_info":{"display_name":"Ramiro Querejeta","author_link":"https:\/\/alprestamo.com\/blog\/author\/ramiro\/"},"uagb_comment_info":0,"uagb_excerpt":"La diferencia o brecha de precios entre Argentina y Uruguay alcanz\u00f3 126% en el mes de julio, la cifra m\u00e1s baja desde que comenz\u00f3 el 2023. Estas son cifras del \u00faltimo informe Indicador de Precios Fronterizos, elaborado por el Observatorio Econ\u00f3mico de la Universidad Cat\u00f3lica en Salto.&nbsp; El informe demuestra que es un 56% m\u00e1s&hellip;","rttpg_featured_image_url":{"full":["https:\/\/alprestamo.com\/blog\/wp-content\/uploads\/2023\/08\/200816060_m_normal_none-scaled.jpg",2560,1434,false],"landscape":["https:\/\/alprestamo.com\/blog\/wp-content\/uploads\/2023\/08\/200816060_m_normal_none-scaled.jpg",2560,1434,false],"portraits":["https:\/\/alprestamo.com\/blog\/wp-content\/uploads\/2023\/08\/200816060_m_normal_none-scaled.jpg",2560,1434,false],"thumbnail":["https:\/\/alprestamo.com\/blog\/wp-content\/uploads\/2023\/08\/200816060_m_normal_none-150x150.jpg",150,150,true],"medium":["https:\/\/alprestamo.com\/blog\/wp-content\/uploads\/2023\/08\/200816060_m_normal_none-300x168.jpg",300,168,true],"large":["https:\/\/alprestamo.com\/blog\/wp-content\/uploads\/2023\/08\/200816060_m_normal_none-1024x574.jpg",1024,574,true],"1536x1536":["https:\/\/alprestamo.com\/blog\/wp-content\/uploads\/2023\/08\/200816060_m_normal_none-1536x861.jpg",1536,861,true],"2048x2048":["https:\/\/alprestamo.com\/blog\/wp-content\/uploads\/2023\/08\/200816060_m_normal_none-2048x1148.jpg",2048,1148,true],"rt_custom":["https:\/\/alprestamo.com\/blog\/wp-content\/uploads\/2023\/08\/200816060_m_normal_none-scaled.jpg",2560,1434,false]},"rttpg_author":{"display_name":"Ramiro Querejeta","author_link":"https:\/\/alprestamo.com\/blog\/author\/ramiro\/"},"rttpg_comment":0,"rttpg_category":"<a href=\"https:\/\/alprestamo.com\/blog\/categoria\/uy\/economia-finanzas-uy\/\" rel=\"category tag\">Econom\u00eda y finanzas<\/a> <a href=\"https:\/\/alprestamo.com\/blog\/categoria\/uy\/\" rel=\"category tag\">UY<\/a>","rttpg_excerpt":"La diferencia o brecha de precios entre Argentina y Uruguay alcanz\u00f3 126% en el mes de julio, la cifra m\u00e1s baja desde que comenz\u00f3 el 2023. Estas son cifras del \u00faltimo informe Indicador de Precios Fronterizos, elaborado por el Observatorio Econ\u00f3mico de la Universidad Cat\u00f3lica en Salto.&nbsp; El informe demuestra que es un 56% m\u00e1s&hellip;","_links":{"self":[{"href":"https:\/\/alprestamo.com\/blog\/wp-json\/wp\/v2\/posts\/25928"}],"collection":[{"href":"https:\/\/alprestamo.com\/blog\/wp-json\/wp\/v2\/posts"}],"about":[{"href":"https:\/\/alprestamo.com\/blog\/wp-json\/wp\/v2\/types\/post"}],"author":[{"embeddable":true,"href":"https:\/\/alprestamo.com\/blog\/wp-json\/wp\/v2\/users\/9"}],"replies":[{"embeddable":true,"href":"https:\/\/alprestamo.com\/blog\/wp-json\/wp\/v2\/comments?post=25928"}],"version-history":[{"count":5,"href":"https:\/\/alprestamo.com\/blog\/wp-json\/wp\/v2\/posts\/25928\/revisions"}],"predecessor-version":[{"id":30742,"href":"https:\/\/alprestamo.com\/blog\/wp-json\/wp\/v2\/posts\/25928\/revisions\/30742"}],"wp:featuredmedia":[{"embeddable":true,"href":"https:\/\/alprestamo.com\/blog\/wp-json\/wp\/v2\/media\/25933"}],"wp:attachment":[{"href":"https:\/\/alprestamo.com\/blog\/wp-json\/wp\/v2\/media?parent=25928"}],"wp:term":[{"taxonomy":"category","embeddable":true,"href":"https:\/\/alprestamo.com\/blog\/wp-json\/wp\/v2\/categories?post=25928"},{"taxonomy":"post_tag","embeddable":true,"href":"https:\/\/alprestamo.com\/blog\/wp-json\/wp\/v2\/tags?post=25928"}],"curies":[{"name":"wp","href":"https:\/\/api.w.org\/{rel}","templated":true}]}}