{"id":25951,"date":"2023-08-14T12:09:40","date_gmt":"2023-08-14T15:09:40","guid":{"rendered":"https:\/\/alprestamo.com\/blog\/?p=25951"},"modified":"2023-08-28T12:16:10","modified_gmt":"2023-08-28T15:16:10","slug":"dolar-oficial-el-gobierno-devaluo-un-22","status":"publish","type":"post","link":"https:\/\/alprestamo.com\/blog\/dolar-oficial-el-gobierno-devaluo-un-22\/","title":{"rendered":"D\u00f3lar oficial: el gobierno devalu\u00f3 un 22%"},"content":{"rendered":"\n<p>A trav\u00e9s del <strong>Banco Central (BCRA)<\/strong>, el <a href=\"https:\/\/alprestamo.com\/blog\/ar\/programas-sociales-ar\/que-planes-sociales-preve-el-gobierno-argentino-para-el-2023\/\">gobierno <\/a>tom\u00f3 la decisi\u00f3n de llevar el<strong> d\u00f3lar oficial <\/strong>a un valor de $365, lo que marca una devaluaci\u00f3n contra el peso del 22% y una suba de $62 respecto a la cotizaci\u00f3n del viernes previo a las elecciones ($287).&nbsp;<\/p>\n\n\n\n<h2 class=\"wp-block-heading\">Decisi\u00f3n de devaluar el d\u00f3lar oficial&nbsp;<\/h2>\n\n\n\n<p>En las primeras horas de operaciones en el mercado, lo primero que se movi\u00f3 al alza fue el d\u00f3lar oficial, que alcanz\u00f3 los 365 pesos, luego que el gobierno decidiera dejar de intervenir en el mercado y devaluar de forma brusca, en vez de hacerlo de forma gradual todos los d\u00edas.&nbsp;<\/p>\n\n\n\n<p>Esta afecta de manera directa tanto al <strong>d\u00f3lar minorista<\/strong> (el que compran algunos ahorristas) y el mayorista (al que acceden los importadores), y de forma indirecta a los d\u00f3lares financieros y el <a href=\"https:\/\/alprestamo.com\/blog\/ar\/consejos-financieros-ar\/rulo-entre-el-dolar-mep-y-blue-que-es-y-como-se-hace\/\">d\u00f3lar blue<\/a>. <\/p>\n\n\n\n<p>El ente que conduce <strong>Miguel Pesce<\/strong> se adelant\u00f3 a la presi\u00f3n que iba a tener el mercado de cambios luego de la victoria de <strong>Javier Milei <\/strong>en las<a href=\"https:\/\/alprestamo.com\/blog\/ar\/ultimo-momento-ar\/que-puede-pasar-con-el-dolar-y-las-acciones-despues-de-las-elecciones-paso\/\"> <strong>elecciones PASO<\/strong><\/a><strong> <\/strong>y dej\u00f3 de vender reservas para contener a la divisa norteamericana. Esta era una de las exigencias del <strong>Fondo Monetario Internacional (FMI) <\/strong>para que realice un desembolso de 7500 millones de d\u00f3lares.&nbsp;<\/p>\n\n\n\n<p>De acuerdo a lo comunicado por el gobierno, este <strong>tipo de cambio de $365<\/strong> se mantendr\u00eda hasta las elecciones generales de octubre (23 de ese mes).&nbsp;<\/p>\n\n\n\n<h2 class=\"wp-block-heading\">Suba de tasa de inter\u00e9s&nbsp;<\/h2>\n\n\n\n<p>Adem\u00e1s de la suba del d\u00f3lar oficial en sus dos versiones (minorista y mayorista), el Banco Central decidi\u00f3 realizar una <a href=\"https:\/\/alprestamo.com\/blog\/ar\/ultimo-momento-ar\/como-me-beneficia-la-suba-de-las-tasas-de-interes-de-los-plazos-fijos\/\">suba en la tasa de inter\u00e9s<\/a> de referencia al 118%.&nbsp;<\/p>\n\n\n\n<p>De esta forma, la tasa del plazo fijo tradicional (<strong>TNA, Tasa Nominal Anual<\/strong>) alcanza 118% y de forma efectiva (<strong>TEA<\/strong>) el 209%.&nbsp;<\/p>\n\n\n\n<p>La devaluaci\u00f3n del d\u00f3lar oficial tiene coincidencia con la suba de tasas, ya que el gobierno busca mantener una tasa real positiva (que le gane a la inflaci\u00f3n y a la variaci\u00f3n del d\u00f3lar) y de esta forma incentivar a que las personas inviertan en pesos.&nbsp;<\/p>\n\n\n\n<p>Desde el BCRA comunicaron, adem\u00e1s, que se \u201ccontinuar\u00e1 monitoreando la evoluci\u00f3n general de precios, la din\u00e1mica del mercado financiero y de cambios y de los agregados monetarios a los efectos de calibrar la pol\u00edtica de tasas\u201d.&nbsp;<\/p>\n\n\n\n<p>Si quer\u00e9s estar al tanto de las \u00faltimas noticias del <em>d\u00f3lar oficial<\/em> y el resto de las cotizaciones, as\u00ed como del mercado en general, podes seguirnos en <a href=\"https:\/\/t.me\/alprestamo\">telegram <\/a><\/p>\n","protected":false},"excerpt":{"rendered":"<p>A trav\u00e9s del Banco Central (BCRA), el gobierno tom\u00f3 la decisi\u00f3n de llevar el d\u00f3lar oficial a un valor de $365, lo que marca una devaluaci\u00f3n contra el peso del 22% y una suba de $62 respecto a la cotizaci\u00f3n del viernes previo a las elecciones ($287).&nbsp; Decisi\u00f3n de devaluar el d\u00f3lar oficial&nbsp; En las &hellip;<\/p>\n<p class=\"read-more\"> <a class=\"\" href=\"https:\/\/alprestamo.com\/blog\/dolar-oficial-el-gobierno-devaluo-un-22\/\"> <span class=\"screen-reader-text\">D\u00f3lar oficial: el gobierno devalu\u00f3 un 22%<\/span> Leer m\u00e1s &raquo;<\/a><\/p>\n","protected":false},"author":9,"featured_media":25956,"comment_status":"closed","ping_status":"closed","sticky":false,"template":"","format":"standard","meta":{"_uag_custom_page_level_css":"","site-sidebar-layout":"default","site-content-layout":"default","ast-global-header-display":"","ast-banner-title-visibility":"","ast-main-header-display":"","ast-hfb-above-header-display":"","ast-hfb-below-header-display":"","ast-hfb-mobile-header-display":"","site-post-title":"","ast-breadcrumbs-content":"","ast-featured-img":"","footer-sml-layout":"","theme-transparent-header-meta":"","adv-header-id-meta":"","stick-header-meta":"","header-above-stick-meta":"","header-main-stick-meta":"","header-below-stick-meta":"","footnotes":""},"categories":[92,180],"tags":[],"class_list":["post-25951","post","type-post","status-publish","format-standard","has-post-thumbnail","hentry","category-ar","category-dolar"],"acf":[],"yoast_head":"<!-- This site is optimized with the Yoast SEO plugin v23.2 - https:\/\/yoast.com\/wordpress\/plugins\/seo\/ -->\n<title>D\u00f3lar oficial: el gobierno devalu\u00f3 un 22%<\/title>\n<meta name=\"description\" content=\"A trav\u00e9s del Banco Central (BCRA), el gobierno tom\u00f3 la decisi\u00f3n de llevar el d\u00f3lar oficial a un valor de $365, lo que marca una devaluaci\u00f3n contra el peso\" \/>\n<meta name=\"robots\" content=\"index, follow, max-snippet:-1, max-image-preview:large, max-video-preview:-1\" \/>\n<link rel=\"canonical\" href=\"https:\/\/alprestamo.com\/blog\/dolar-oficial-el-gobierno-devaluo-un-22\/\" \/>\n<meta property=\"og:locale\" content=\"es_ES\" \/>\n<meta property=\"og:type\" content=\"article\" \/>\n<meta property=\"og:title\" content=\"D\u00f3lar oficial: el gobierno devalu\u00f3 un 22%\" \/>\n<meta property=\"og:description\" content=\"A trav\u00e9s del Banco Central (BCRA), el gobierno tom\u00f3 la decisi\u00f3n de llevar el d\u00f3lar oficial a un valor de $365, lo que marca una devaluaci\u00f3n contra el peso\" \/>\n<meta property=\"og:url\" content=\"https:\/\/alprestamo.com\/blog\/dolar-oficial-el-gobierno-devaluo-un-22\/\" \/>\n<meta property=\"og:site_name\" content=\"Alprestamo - Hacemos que todo suceda\" \/>\n<meta property=\"article:published_time\" content=\"2023-08-14T15:09:40+00:00\" \/>\n<meta property=\"article:modified_time\" content=\"2023-08-28T15:16:10+00:00\" \/>\n<meta property=\"og:image\" content=\"https:\/\/alprestamo.com\/blog\/wp-content\/uploads\/2023\/08\/114478024_m_normal_none-2.jpg\" \/>\n\t<meta property=\"og:image:width\" content=\"2508\" \/>\n\t<meta property=\"og:image:height\" content=\"1672\" \/>\n\t<meta property=\"og:image:type\" content=\"image\/jpeg\" \/>\n<meta name=\"author\" content=\"Ramiro Querejeta\" \/>\n<meta name=\"twitter:card\" content=\"summary_large_image\" \/>\n<meta name=\"twitter:label1\" content=\"Escrito por\" \/>\n\t<meta name=\"twitter:data1\" content=\"Ramiro Querejeta\" \/>\n\t<meta name=\"twitter:label2\" content=\"Tiempo de lectura\" \/>\n\t<meta name=\"twitter:data2\" content=\"2 minutos\" \/>\n<script type=\"application\/ld+json\" class=\"yoast-schema-graph\">{\"@context\":\"https:\/\/schema.org\",\"@graph\":[{\"@type\":\"NewsArticle\",\"@id\":\"https:\/\/alprestamo.com\/blog\/dolar-oficial-el-gobierno-devaluo-un-22\/#article\",\"isPartOf\":{\"@id\":\"https:\/\/alprestamo.com\/blog\/dolar-oficial-el-gobierno-devaluo-un-22\/\"},\"author\":{\"name\":\"Ramiro Querejeta\",\"@id\":\"https:\/\/alprestamo.com\/blog\/#\/schema\/person\/4c568603ceb381762b4c9062d42c7627\"},\"headline\":\"D\u00f3lar oficial: el gobierno devalu\u00f3 un 22%\",\"datePublished\":\"2023-08-14T15:09:40+00:00\",\"dateModified\":\"2023-08-28T15:16:10+00:00\",\"mainEntityOfPage\":{\"@id\":\"https:\/\/alprestamo.com\/blog\/dolar-oficial-el-gobierno-devaluo-un-22\/\"},\"wordCount\":429,\"publisher\":{\"@id\":\"https:\/\/alprestamo.com\/blog\/#organization\"},\"image\":{\"@id\":\"https:\/\/alprestamo.com\/blog\/dolar-oficial-el-gobierno-devaluo-un-22\/#primaryimage\"},\"thumbnailUrl\":\"https:\/\/alprestamo.com\/blog\/wp-content\/uploads\/2023\/08\/114478024_m_normal_none-2.jpg\",\"articleSection\":[\"AR\",\"D\u00f3lar\"],\"inLanguage\":\"es-AR\"},{\"@type\":\"WebPage\",\"@id\":\"https:\/\/alprestamo.com\/blog\/dolar-oficial-el-gobierno-devaluo-un-22\/\",\"url\":\"https:\/\/alprestamo.com\/blog\/dolar-oficial-el-gobierno-devaluo-un-22\/\",\"name\":\"D\u00f3lar oficial: el gobierno devalu\u00f3 un 22%\",\"isPartOf\":{\"@id\":\"https:\/\/alprestamo.com\/blog\/#website\"},\"primaryImageOfPage\":{\"@id\":\"https:\/\/alprestamo.com\/blog\/dolar-oficial-el-gobierno-devaluo-un-22\/#primaryimage\"},\"image\":{\"@id\":\"https:\/\/alprestamo.com\/blog\/dolar-oficial-el-gobierno-devaluo-un-22\/#primaryimage\"},\"thumbnailUrl\":\"https:\/\/alprestamo.com\/blog\/wp-content\/uploads\/2023\/08\/114478024_m_normal_none-2.jpg\",\"datePublished\":\"2023-08-14T15:09:40+00:00\",\"dateModified\":\"2023-08-28T15:16:10+00:00\",\"description\":\"A trav\u00e9s del Banco Central (BCRA), el gobierno tom\u00f3 la decisi\u00f3n de llevar el d\u00f3lar oficial a un valor de $365, lo que marca una devaluaci\u00f3n contra el peso\",\"breadcrumb\":{\"@id\":\"https:\/\/alprestamo.com\/blog\/dolar-oficial-el-gobierno-devaluo-un-22\/#breadcrumb\"},\"inLanguage\":\"es-AR\",\"potentialAction\":[{\"@type\":\"ReadAction\",\"target\":[\"https:\/\/alprestamo.com\/blog\/dolar-oficial-el-gobierno-devaluo-un-22\/\"]}]},{\"@type\":\"ImageObject\",\"inLanguage\":\"es-AR\",\"@id\":\"https:\/\/alprestamo.com\/blog\/dolar-oficial-el-gobierno-devaluo-un-22\/#primaryimage\",\"url\":\"https:\/\/alprestamo.com\/blog\/wp-content\/uploads\/2023\/08\/114478024_m_normal_none-2.jpg\",\"contentUrl\":\"https:\/\/alprestamo.com\/blog\/wp-content\/uploads\/2023\/08\/114478024_m_normal_none-2.jpg\",\"width\":2508,\"height\":1672,\"caption\":\"El d\u00f3lar oficial en Argentina tuvo un salto brusco\"},{\"@type\":\"BreadcrumbList\",\"@id\":\"https:\/\/alprestamo.com\/blog\/dolar-oficial-el-gobierno-devaluo-un-22\/#breadcrumb\",\"itemListElement\":[{\"@type\":\"ListItem\",\"position\":1,\"name\":\"Home\",\"item\":\"https:\/\/alprestamo.com\/blog\/\"},{\"@type\":\"ListItem\",\"position\":2,\"name\":\"D\u00f3lar oficial: el gobierno devalu\u00f3 un 22%\"}]},{\"@type\":\"WebSite\",\"@id\":\"https:\/\/alprestamo.com\/blog\/#website\",\"url\":\"https:\/\/alprestamo.com\/blog\/\",\"name\":\"Alprestamo\",\"description\":\"Hacemos que todo suceda\",\"publisher\":{\"@id\":\"https:\/\/alprestamo.com\/blog\/#organization\"},\"potentialAction\":[{\"@type\":\"SearchAction\",\"target\":{\"@type\":\"EntryPoint\",\"urlTemplate\":\"https:\/\/alprestamo.com\/blog\/?s={search_term_string}\"},\"query-input\":\"required name=search_term_string\"}],\"inLanguage\":\"es-AR\"},{\"@type\":\"Organization\",\"@id\":\"https:\/\/alprestamo.com\/blog\/#organization\",\"name\":\"Alprestamo\",\"url\":\"https:\/\/alprestamo.com\/blog\/\",\"logo\":{\"@type\":\"ImageObject\",\"inLanguage\":\"es-AR\",\"@id\":\"https:\/\/alprestamo.com\/blog\/#\/schema\/logo\/image\/\",\"url\":\"https:\/\/alprestamo.com\/blog\/wp-content\/uploads\/2022\/10\/Imagotipo_Blanco.svg\",\"contentUrl\":\"https:\/\/alprestamo.com\/blog\/wp-content\/uploads\/2022\/10\/Imagotipo_Blanco.svg\",\"width\":1199,\"height\":203,\"caption\":\"Alprestamo\"},\"image\":{\"@id\":\"https:\/\/alprestamo.com\/blog\/#\/schema\/logo\/image\/\"}},{\"@type\":\"Person\",\"@id\":\"https:\/\/alprestamo.com\/blog\/#\/schema\/person\/4c568603ceb381762b4c9062d42c7627\",\"name\":\"Ramiro Querejeta\",\"image\":{\"@type\":\"ImageObject\",\"inLanguage\":\"es-AR\",\"@id\":\"https:\/\/alprestamo.com\/blog\/#\/schema\/person\/image\/\",\"url\":\"https:\/\/alprestamo.com\/blog\/wp-content\/uploads\/2025\/08\/1688503693490-150x150.jpeg\",\"contentUrl\":\"https:\/\/alprestamo.com\/blog\/wp-content\/uploads\/2025\/08\/1688503693490-150x150.jpeg\",\"caption\":\"Ramiro Querejeta\"},\"url\":\"https:\/\/alprestamo.com\/blog\/author\/ramiro\/\"}]}<\/script>\n<!-- \/ Yoast SEO plugin. -->","yoast_head_json":{"title":"D\u00f3lar oficial: el gobierno devalu\u00f3 un 22%","description":"A trav\u00e9s del Banco Central (BCRA), el gobierno tom\u00f3 la decisi\u00f3n de llevar el d\u00f3lar oficial a un valor de $365, lo que marca una devaluaci\u00f3n contra el peso","robots":{"index":"index","follow":"follow","max-snippet":"max-snippet:-1","max-image-preview":"max-image-preview:large","max-video-preview":"max-video-preview:-1"},"canonical":"https:\/\/alprestamo.com\/blog\/dolar-oficial-el-gobierno-devaluo-un-22\/","og_locale":"es_ES","og_type":"article","og_title":"D\u00f3lar oficial: el gobierno devalu\u00f3 un 22%","og_description":"A trav\u00e9s del Banco Central (BCRA), el gobierno tom\u00f3 la decisi\u00f3n de llevar el d\u00f3lar oficial a un valor de $365, lo que marca una devaluaci\u00f3n contra el peso","og_url":"https:\/\/alprestamo.com\/blog\/dolar-oficial-el-gobierno-devaluo-un-22\/","og_site_name":"Alprestamo - Hacemos que todo suceda","article_published_time":"2023-08-14T15:09:40+00:00","article_modified_time":"2023-08-28T15:16:10+00:00","og_image":[{"width":2508,"height":1672,"url":"https:\/\/alprestamo.com\/blog\/wp-content\/uploads\/2023\/08\/114478024_m_normal_none-2.jpg","type":"image\/jpeg"}],"author":"Ramiro Querejeta","twitter_card":"summary_large_image","twitter_misc":{"Escrito por":"Ramiro Querejeta","Tiempo de lectura":"2 minutos"},"schema":{"@context":"https:\/\/schema.org","@graph":[{"@type":"NewsArticle","@id":"https:\/\/alprestamo.com\/blog\/dolar-oficial-el-gobierno-devaluo-un-22\/#article","isPartOf":{"@id":"https:\/\/alprestamo.com\/blog\/dolar-oficial-el-gobierno-devaluo-un-22\/"},"author":{"name":"Ramiro Querejeta","@id":"https:\/\/alprestamo.com\/blog\/#\/schema\/person\/4c568603ceb381762b4c9062d42c7627"},"headline":"D\u00f3lar oficial: el gobierno devalu\u00f3 un 22%","datePublished":"2023-08-14T15:09:40+00:00","dateModified":"2023-08-28T15:16:10+00:00","mainEntityOfPage":{"@id":"https:\/\/alprestamo.com\/blog\/dolar-oficial-el-gobierno-devaluo-un-22\/"},"wordCount":429,"publisher":{"@id":"https:\/\/alprestamo.com\/blog\/#organization"},"image":{"@id":"https:\/\/alprestamo.com\/blog\/dolar-oficial-el-gobierno-devaluo-un-22\/#primaryimage"},"thumbnailUrl":"https:\/\/alprestamo.com\/blog\/wp-content\/uploads\/2023\/08\/114478024_m_normal_none-2.jpg","articleSection":["AR","D\u00f3lar"],"inLanguage":"es-AR"},{"@type":"WebPage","@id":"https:\/\/alprestamo.com\/blog\/dolar-oficial-el-gobierno-devaluo-un-22\/","url":"https:\/\/alprestamo.com\/blog\/dolar-oficial-el-gobierno-devaluo-un-22\/","name":"D\u00f3lar oficial: el gobierno devalu\u00f3 un 22%","isPartOf":{"@id":"https:\/\/alprestamo.com\/blog\/#website"},"primaryImageOfPage":{"@id":"https:\/\/alprestamo.com\/blog\/dolar-oficial-el-gobierno-devaluo-un-22\/#primaryimage"},"image":{"@id":"https:\/\/alprestamo.com\/blog\/dolar-oficial-el-gobierno-devaluo-un-22\/#primaryimage"},"thumbnailUrl":"https:\/\/alprestamo.com\/blog\/wp-content\/uploads\/2023\/08\/114478024_m_normal_none-2.jpg","datePublished":"2023-08-14T15:09:40+00:00","dateModified":"2023-08-28T15:16:10+00:00","description":"A trav\u00e9s del Banco Central (BCRA), el gobierno tom\u00f3 la decisi\u00f3n de llevar el d\u00f3lar oficial a un valor de $365, lo que marca una devaluaci\u00f3n contra el peso","breadcrumb":{"@id":"https:\/\/alprestamo.com\/blog\/dolar-oficial-el-gobierno-devaluo-un-22\/#breadcrumb"},"inLanguage":"es-AR","potentialAction":[{"@type":"ReadAction","target":["https:\/\/alprestamo.com\/blog\/dolar-oficial-el-gobierno-devaluo-un-22\/"]}]},{"@type":"ImageObject","inLanguage":"es-AR","@id":"https:\/\/alprestamo.com\/blog\/dolar-oficial-el-gobierno-devaluo-un-22\/#primaryimage","url":"https:\/\/alprestamo.com\/blog\/wp-content\/uploads\/2023\/08\/114478024_m_normal_none-2.jpg","contentUrl":"https:\/\/alprestamo.com\/blog\/wp-content\/uploads\/2023\/08\/114478024_m_normal_none-2.jpg","width":2508,"height":1672,"caption":"El d\u00f3lar oficial en Argentina tuvo un salto brusco"},{"@type":"BreadcrumbList","@id":"https:\/\/alprestamo.com\/blog\/dolar-oficial-el-gobierno-devaluo-un-22\/#breadcrumb","itemListElement":[{"@type":"ListItem","position":1,"name":"Home","item":"https:\/\/alprestamo.com\/blog\/"},{"@type":"ListItem","position":2,"name":"D\u00f3lar oficial: el gobierno devalu\u00f3 un 22%"}]},{"@type":"WebSite","@id":"https:\/\/alprestamo.com\/blog\/#website","url":"https:\/\/alprestamo.com\/blog\/","name":"Alprestamo","description":"Hacemos que todo suceda","publisher":{"@id":"https:\/\/alprestamo.com\/blog\/#organization"},"potentialAction":[{"@type":"SearchAction","target":{"@type":"EntryPoint","urlTemplate":"https:\/\/alprestamo.com\/blog\/?s={search_term_string}"},"query-input":"required name=search_term_string"}],"inLanguage":"es-AR"},{"@type":"Organization","@id":"https:\/\/alprestamo.com\/blog\/#organization","name":"Alprestamo","url":"https:\/\/alprestamo.com\/blog\/","logo":{"@type":"ImageObject","inLanguage":"es-AR","@id":"https:\/\/alprestamo.com\/blog\/#\/schema\/logo\/image\/","url":"https:\/\/alprestamo.com\/blog\/wp-content\/uploads\/2022\/10\/Imagotipo_Blanco.svg","contentUrl":"https:\/\/alprestamo.com\/blog\/wp-content\/uploads\/2022\/10\/Imagotipo_Blanco.svg","width":1199,"height":203,"caption":"Alprestamo"},"image":{"@id":"https:\/\/alprestamo.com\/blog\/#\/schema\/logo\/image\/"}},{"@type":"Person","@id":"https:\/\/alprestamo.com\/blog\/#\/schema\/person\/4c568603ceb381762b4c9062d42c7627","name":"Ramiro Querejeta","image":{"@type":"ImageObject","inLanguage":"es-AR","@id":"https:\/\/alprestamo.com\/blog\/#\/schema\/person\/image\/","url":"https:\/\/alprestamo.com\/blog\/wp-content\/uploads\/2025\/08\/1688503693490-150x150.jpeg","contentUrl":"https:\/\/alprestamo.com\/blog\/wp-content\/uploads\/2025\/08\/1688503693490-150x150.jpeg","caption":"Ramiro Querejeta"},"url":"https:\/\/alprestamo.com\/blog\/author\/ramiro\/"}]}},"uagb_featured_image_src":{"full":["https:\/\/alprestamo.com\/blog\/wp-content\/uploads\/2023\/08\/114478024_m_normal_none-2.jpg",2508,1672,false],"thumbnail":["https:\/\/alprestamo.com\/blog\/wp-content\/uploads\/2023\/08\/114478024_m_normal_none-2-150x150.jpg",150,150,true],"medium":["https:\/\/alprestamo.com\/blog\/wp-content\/uploads\/2023\/08\/114478024_m_normal_none-2-300x200.jpg",300,200,true],"medium_large":["https:\/\/alprestamo.com\/blog\/wp-content\/uploads\/2023\/08\/114478024_m_normal_none-2-768x512.jpg",768,512,true],"large":["https:\/\/alprestamo.com\/blog\/wp-content\/uploads\/2023\/08\/114478024_m_normal_none-2-1024x683.jpg",1024,683,true],"1536x1536":["https:\/\/alprestamo.com\/blog\/wp-content\/uploads\/2023\/08\/114478024_m_normal_none-2-1536x1024.jpg",1536,1024,true],"2048x2048":["https:\/\/alprestamo.com\/blog\/wp-content\/uploads\/2023\/08\/114478024_m_normal_none-2-2048x1365.jpg",2048,1365,true]},"uagb_author_info":{"display_name":"Ramiro Querejeta","author_link":"https:\/\/alprestamo.com\/blog\/author\/ramiro\/"},"uagb_comment_info":0,"uagb_excerpt":"A trav\u00e9s del Banco Central (BCRA), el gobierno tom\u00f3 la decisi\u00f3n de llevar el d\u00f3lar oficial a un valor de $365, lo que marca una devaluaci\u00f3n contra el peso del 22% y una suba de $62 respecto a la cotizaci\u00f3n del viernes previo a las elecciones ($287).&nbsp; Decisi\u00f3n de devaluar el d\u00f3lar oficial&nbsp; En las&hellip;","rttpg_featured_image_url":{"full":["https:\/\/alprestamo.com\/blog\/wp-content\/uploads\/2023\/08\/114478024_m_normal_none-2.jpg",2508,1672,false],"landscape":["https:\/\/alprestamo.com\/blog\/wp-content\/uploads\/2023\/08\/114478024_m_normal_none-2.jpg",2508,1672,false],"portraits":["https:\/\/alprestamo.com\/blog\/wp-content\/uploads\/2023\/08\/114478024_m_normal_none-2.jpg",2508,1672,false],"thumbnail":["https:\/\/alprestamo.com\/blog\/wp-content\/uploads\/2023\/08\/114478024_m_normal_none-2-150x150.jpg",150,150,true],"medium":["https:\/\/alprestamo.com\/blog\/wp-content\/uploads\/2023\/08\/114478024_m_normal_none-2-300x200.jpg",300,200,true],"large":["https:\/\/alprestamo.com\/blog\/wp-content\/uploads\/2023\/08\/114478024_m_normal_none-2-1024x683.jpg",1024,683,true],"1536x1536":["https:\/\/alprestamo.com\/blog\/wp-content\/uploads\/2023\/08\/114478024_m_normal_none-2-1536x1024.jpg",1536,1024,true],"2048x2048":["https:\/\/alprestamo.com\/blog\/wp-content\/uploads\/2023\/08\/114478024_m_normal_none-2-2048x1365.jpg",2048,1365,true],"rt_custom":["https:\/\/alprestamo.com\/blog\/wp-content\/uploads\/2023\/08\/114478024_m_normal_none-2.jpg",2508,1672,false]},"rttpg_author":{"display_name":"Ramiro Querejeta","author_link":"https:\/\/alprestamo.com\/blog\/author\/ramiro\/"},"rttpg_comment":0,"rttpg_category":"<a href=\"https:\/\/alprestamo.com\/blog\/categoria\/ar\/\" rel=\"category tag\">AR<\/a> <a href=\"https:\/\/alprestamo.com\/blog\/categoria\/ar\/dolar\/\" rel=\"category tag\">D\u00f3lar<\/a>","rttpg_excerpt":"A trav\u00e9s del Banco Central (BCRA), el gobierno tom\u00f3 la decisi\u00f3n de llevar el d\u00f3lar oficial a un valor de $365, lo que marca una devaluaci\u00f3n contra el peso del 22% y una suba de $62 respecto a la cotizaci\u00f3n del viernes previo a las elecciones ($287).&nbsp; Decisi\u00f3n de devaluar el d\u00f3lar oficial&nbsp; En las&hellip;","_links":{"self":[{"href":"https:\/\/alprestamo.com\/blog\/wp-json\/wp\/v2\/posts\/25951"}],"collection":[{"href":"https:\/\/alprestamo.com\/blog\/wp-json\/wp\/v2\/posts"}],"about":[{"href":"https:\/\/alprestamo.com\/blog\/wp-json\/wp\/v2\/types\/post"}],"author":[{"embeddable":true,"href":"https:\/\/alprestamo.com\/blog\/wp-json\/wp\/v2\/users\/9"}],"replies":[{"embeddable":true,"href":"https:\/\/alprestamo.com\/blog\/wp-json\/wp\/v2\/comments?post=25951"}],"version-history":[{"count":4,"href":"https:\/\/alprestamo.com\/blog\/wp-json\/wp\/v2\/posts\/25951\/revisions"}],"predecessor-version":[{"id":27092,"href":"https:\/\/alprestamo.com\/blog\/wp-json\/wp\/v2\/posts\/25951\/revisions\/27092"}],"wp:featuredmedia":[{"embeddable":true,"href":"https:\/\/alprestamo.com\/blog\/wp-json\/wp\/v2\/media\/25956"}],"wp:attachment":[{"href":"https:\/\/alprestamo.com\/blog\/wp-json\/wp\/v2\/media?parent=25951"}],"wp:term":[{"taxonomy":"category","embeddable":true,"href":"https:\/\/alprestamo.com\/blog\/wp-json\/wp\/v2\/categories?post=25951"},{"taxonomy":"post_tag","embeddable":true,"href":"https:\/\/alprestamo.com\/blog\/wp-json\/wp\/v2\/tags?post=25951"}],"curies":[{"name":"wp","href":"https:\/\/api.w.org\/{rel}","templated":true}]}}