{"id":26106,"date":"2023-08-17T10:57:25","date_gmt":"2023-08-17T13:57:25","guid":{"rendered":"https:\/\/alprestamo.com\/blog\/?p=26106"},"modified":"2023-08-17T11:01:23","modified_gmt":"2023-08-17T14:01:23","slug":"ayuda-economica-de-500-mil-para-jefes-y-jefas-de-familia-como-cobrarla","status":"publish","type":"post","link":"https:\/\/alprestamo.com\/blog\/ayuda-economica-de-500-mil-para-jefes-y-jefas-de-familia-como-cobrarla\/","title":{"rendered":"Ayuda econ\u00f3mica de $500 mil para jefes y jefas de familia: c\u00f3mo cobrarla"},"content":{"rendered":"\n<p>Jefes y jefas de <a href=\"https:\/\/alprestamo.com\/blog\/co\/que-es-el-programa-familias-en-accion-y-quienes-son-sus-beneficiarios\/\">familia <\/a>que se encuentren registrados en el RUNDA, que sean elegibles para recibir esta ayuda y que no tuvieron la posibilidad de cobrar entregas anteriores,  ya pueden consultar los pagos del mes de agosto. <\/p>\n\n\n\n<h2 class=\"wp-block-heading\">Qui\u00e9nes pueden recibir la ayuda econ\u00f3mica de $500 mil&nbsp;<\/h2>\n\n\n\n<p>La <strong>ayuda econ\u00f3mica de $500 mil<\/strong> viene directamente del <strong>Gobierno Nacional<\/strong> de <a href=\"https:\/\/alprestamo.com\/blog\/co\/colombia-mayor-2023-cuando-se-paga\/\">Colombia<\/a>, con el objetivo de favorecer a quienes sufrieron las consecuencias de la ola invernal en el a\u00f1o 2022 en la ciudad de <strong>Cartagena<\/strong>.&nbsp;<\/p>\n\n\n\n<p>Estos pagos est\u00e1n dirigidos a los habitantes de esta ciudad que no pudieron acceder a la ayuda a principios de 2023 debido a errores en sus nombres o n\u00fameros de c\u00e9dula.&nbsp;<\/p>\n\n\n\n<p>En total ser\u00e1n unas 3440 personas de Cartagena las que cobren esta <a href=\"https:\/\/alprestamo.com\/blog\/co\/ayudas-economicas-2023-como-saber-si-puedo-cobrar-hasta-740-000\/\">ayuda<\/a> en la fase actual de pagos.&nbsp;<\/p>\n\n\n\n<h2 class=\"wp-block-heading\">Registro para la ayuda econ\u00f3mica de $500 mil&nbsp;<\/h2>\n\n\n\n<p>La <strong>Unidad Nacional para la Gesti\u00f3n de Riesgo de Desastres (UNGRD)<\/strong> anunci\u00f3 que este beneficio es entregado directamente por el gobierno, mientras que el proceso de selecci\u00f3n se realiz\u00f3 a trav\u00e9s del registro de damnificados de la ciudad de Cartagena que se encuentran en la plataforma <strong>RUNDA<\/strong>.&nbsp;<\/p>\n\n\n\n<p>Cabe destacar que este auxilio se entrega una sola vez, por lo que aquellas personas que ya recibieron esta ayuda econ\u00f3mica no volver\u00e1n a recibirla en este nuevo desembolso.&nbsp;<\/p>\n\n\n\n<h2 class=\"wp-block-heading\">Pagos de agosto de la ayuda econ\u00f3mica&nbsp;<\/h2>\n\n\n\n<p>El<strong> Banco Agrario de Colombia<\/strong> es el encargado de gestionar los pagos de la ayuda econ\u00f3mica, en colaboraci\u00f3n con <strong>SuperGIROS y SuRed.<\/strong>&nbsp;<\/p>\n\n\n\n<p>Para verificar la disponibilidad del pago, deber\u00e1s ingresar con tu n\u00famero de documento al portal \u201cYa lleg\u00f3 mi Giro\u201d, en donde podr\u00e1s confirmar si tienes un cobro pendiente.&nbsp;<\/p>\n\n\n\n<p>Adem\u00e1s, en el enlace que dispone la UNGRD podr\u00e1s revisar si tu hogar es correspondiente de esa<em> ayuda econ\u00f3mica de $500 mil<\/em>.&nbsp;<\/p>\n","protected":false},"excerpt":{"rendered":"<p>Jefes y jefas de familia que se encuentren registrados en el RUNDA, que sean elegibles para recibir esta ayuda y que no tuvieron la posibilidad de cobrar entregas anteriores, ya pueden consultar los pagos del mes de agosto. Qui\u00e9nes pueden recibir la ayuda econ\u00f3mica de $500 mil&nbsp; La ayuda econ\u00f3mica de $500 mil viene directamente &hellip;<\/p>\n<p class=\"read-more\"> <a class=\"\" href=\"https:\/\/alprestamo.com\/blog\/ayuda-economica-de-500-mil-para-jefes-y-jefas-de-familia-como-cobrarla\/\"> <span class=\"screen-reader-text\">Ayuda econ\u00f3mica de $500 mil para jefes y jefas de familia: c\u00f3mo cobrarla<\/span> Leer m\u00e1s &raquo;<\/a><\/p>\n","protected":false},"author":9,"featured_media":25048,"comment_status":"closed","ping_status":"closed","sticky":false,"template":"","format":"standard","meta":{"_uag_custom_page_level_css":"","site-sidebar-layout":"default","site-content-layout":"default","ast-global-header-display":"","ast-banner-title-visibility":"","ast-main-header-display":"","ast-hfb-above-header-display":"","ast-hfb-below-header-display":"","ast-hfb-mobile-header-display":"","site-post-title":"","ast-breadcrumbs-content":"","ast-featured-img":"","footer-sml-layout":"","theme-transparent-header-meta":"","adv-header-id-meta":"","stick-header-meta":"","header-above-stick-meta":"","header-main-stick-meta":"","header-below-stick-meta":"","footnotes":""},"categories":[98,100],"tags":[],"class_list":["post-26106","post","type-post","status-publish","format-standard","has-post-thumbnail","hentry","category-co","category-programas-sociales"],"acf":[],"yoast_head":"<!-- This site is optimized with the Yoast SEO plugin v23.2 - https:\/\/yoast.com\/wordpress\/plugins\/seo\/ -->\n<title>Ayuda econ\u00f3mica de $500 mil para jefes y jefas de familia: c\u00f3mo cobrarla<\/title>\n<meta name=\"description\" content=\"Jefes y jefas de familia que se encuentren registrados en el RUNDA, que sean elegibles para recibir esta ayuda y que no tuvieron la posibilidad de cobrar\" \/>\n<meta name=\"robots\" content=\"index, follow, max-snippet:-1, max-image-preview:large, max-video-preview:-1\" \/>\n<link rel=\"canonical\" href=\"https:\/\/alprestamo.com\/blog\/ayuda-economica-de-500-mil-para-jefes-y-jefas-de-familia-como-cobrarla\/\" \/>\n<meta property=\"og:locale\" content=\"es_ES\" \/>\n<meta property=\"og:type\" content=\"article\" \/>\n<meta property=\"og:title\" content=\"Ayuda econ\u00f3mica de $500 mil para jefes y jefas de familia: c\u00f3mo cobrarla\" \/>\n<meta property=\"og:description\" content=\"Jefes y jefas de familia que se encuentren registrados en el RUNDA, que sean elegibles para recibir esta ayuda y que no tuvieron la posibilidad de cobrar\" \/>\n<meta property=\"og:url\" content=\"https:\/\/alprestamo.com\/blog\/ayuda-economica-de-500-mil-para-jefes-y-jefas-de-familia-como-cobrarla\/\" \/>\n<meta property=\"og:site_name\" content=\"Alprestamo - Hacemos que todo suceda\" \/>\n<meta property=\"article:published_time\" content=\"2023-08-17T13:57:25+00:00\" \/>\n<meta property=\"article:modified_time\" content=\"2023-08-17T14:01:23+00:00\" \/>\n<meta property=\"og:image\" content=\"https:\/\/alprestamo.com\/blog\/wp-content\/uploads\/2023\/07\/132755759_m_normal_none.jpg\" \/>\n\t<meta property=\"og:image:width\" content=\"2365\" \/>\n\t<meta property=\"og:image:height\" content=\"1774\" \/>\n\t<meta property=\"og:image:type\" content=\"image\/jpeg\" \/>\n<meta name=\"author\" content=\"Ramiro Querejeta\" \/>\n<meta name=\"twitter:card\" content=\"summary_large_image\" \/>\n<meta name=\"twitter:label1\" content=\"Escrito por\" \/>\n\t<meta name=\"twitter:data1\" content=\"Ramiro Querejeta\" \/>\n\t<meta name=\"twitter:label2\" content=\"Tiempo de lectura\" \/>\n\t<meta name=\"twitter:data2\" content=\"2 minutos\" \/>\n<script type=\"application\/ld+json\" class=\"yoast-schema-graph\">{\"@context\":\"https:\/\/schema.org\",\"@graph\":[{\"@type\":\"NewsArticle\",\"@id\":\"https:\/\/alprestamo.com\/blog\/ayuda-economica-de-500-mil-para-jefes-y-jefas-de-familia-como-cobrarla\/#article\",\"isPartOf\":{\"@id\":\"https:\/\/alprestamo.com\/blog\/ayuda-economica-de-500-mil-para-jefes-y-jefas-de-familia-como-cobrarla\/\"},\"author\":{\"name\":\"Ramiro Querejeta\",\"@id\":\"https:\/\/alprestamo.com\/blog\/#\/schema\/person\/4c568603ceb381762b4c9062d42c7627\"},\"headline\":\"Ayuda econ\u00f3mica de $500 mil para jefes y jefas de familia: c\u00f3mo cobrarla\",\"datePublished\":\"2023-08-17T13:57:25+00:00\",\"dateModified\":\"2023-08-17T14:01:23+00:00\",\"mainEntityOfPage\":{\"@id\":\"https:\/\/alprestamo.com\/blog\/ayuda-economica-de-500-mil-para-jefes-y-jefas-de-familia-como-cobrarla\/\"},\"wordCount\":337,\"publisher\":{\"@id\":\"https:\/\/alprestamo.com\/blog\/#organization\"},\"image\":{\"@id\":\"https:\/\/alprestamo.com\/blog\/ayuda-economica-de-500-mil-para-jefes-y-jefas-de-familia-como-cobrarla\/#primaryimage\"},\"thumbnailUrl\":\"https:\/\/alprestamo.com\/blog\/wp-content\/uploads\/2023\/07\/132755759_m_normal_none.jpg\",\"articleSection\":[\"CO\",\"Programas sociales\"],\"inLanguage\":\"es-AR\"},{\"@type\":\"WebPage\",\"@id\":\"https:\/\/alprestamo.com\/blog\/ayuda-economica-de-500-mil-para-jefes-y-jefas-de-familia-como-cobrarla\/\",\"url\":\"https:\/\/alprestamo.com\/blog\/ayuda-economica-de-500-mil-para-jefes-y-jefas-de-familia-como-cobrarla\/\",\"name\":\"Ayuda econ\u00f3mica de $500 mil para jefes y jefas de familia: c\u00f3mo cobrarla\",\"isPartOf\":{\"@id\":\"https:\/\/alprestamo.com\/blog\/#website\"},\"primaryImageOfPage\":{\"@id\":\"https:\/\/alprestamo.com\/blog\/ayuda-economica-de-500-mil-para-jefes-y-jefas-de-familia-como-cobrarla\/#primaryimage\"},\"image\":{\"@id\":\"https:\/\/alprestamo.com\/blog\/ayuda-economica-de-500-mil-para-jefes-y-jefas-de-familia-como-cobrarla\/#primaryimage\"},\"thumbnailUrl\":\"https:\/\/alprestamo.com\/blog\/wp-content\/uploads\/2023\/07\/132755759_m_normal_none.jpg\",\"datePublished\":\"2023-08-17T13:57:25+00:00\",\"dateModified\":\"2023-08-17T14:01:23+00:00\",\"description\":\"Jefes y jefas de familia que se encuentren registrados en el RUNDA, que sean elegibles para recibir esta ayuda y que no tuvieron la posibilidad de cobrar\",\"breadcrumb\":{\"@id\":\"https:\/\/alprestamo.com\/blog\/ayuda-economica-de-500-mil-para-jefes-y-jefas-de-familia-como-cobrarla\/#breadcrumb\"},\"inLanguage\":\"es-AR\",\"potentialAction\":[{\"@type\":\"ReadAction\",\"target\":[\"https:\/\/alprestamo.com\/blog\/ayuda-economica-de-500-mil-para-jefes-y-jefas-de-familia-como-cobrarla\/\"]}]},{\"@type\":\"ImageObject\",\"inLanguage\":\"es-AR\",\"@id\":\"https:\/\/alprestamo.com\/blog\/ayuda-economica-de-500-mil-para-jefes-y-jefas-de-familia-como-cobrarla\/#primaryimage\",\"url\":\"https:\/\/alprestamo.com\/blog\/wp-content\/uploads\/2023\/07\/132755759_m_normal_none.jpg\",\"contentUrl\":\"https:\/\/alprestamo.com\/blog\/wp-content\/uploads\/2023\/07\/132755759_m_normal_none.jpg\",\"width\":2365,\"height\":1774,\"caption\":\"Ingreso M\u00ednimo Garantizado\"},{\"@type\":\"BreadcrumbList\",\"@id\":\"https:\/\/alprestamo.com\/blog\/ayuda-economica-de-500-mil-para-jefes-y-jefas-de-familia-como-cobrarla\/#breadcrumb\",\"itemListElement\":[{\"@type\":\"ListItem\",\"position\":1,\"name\":\"Home\",\"item\":\"https:\/\/alprestamo.com\/blog\/\"},{\"@type\":\"ListItem\",\"position\":2,\"name\":\"Ayuda econ\u00f3mica de $500 mil para jefes y jefas de familia: c\u00f3mo cobrarla\"}]},{\"@type\":\"WebSite\",\"@id\":\"https:\/\/alprestamo.com\/blog\/#website\",\"url\":\"https:\/\/alprestamo.com\/blog\/\",\"name\":\"Alprestamo\",\"description\":\"Hacemos que todo suceda\",\"publisher\":{\"@id\":\"https:\/\/alprestamo.com\/blog\/#organization\"},\"potentialAction\":[{\"@type\":\"SearchAction\",\"target\":{\"@type\":\"EntryPoint\",\"urlTemplate\":\"https:\/\/alprestamo.com\/blog\/?s={search_term_string}\"},\"query-input\":\"required name=search_term_string\"}],\"inLanguage\":\"es-AR\"},{\"@type\":\"Organization\",\"@id\":\"https:\/\/alprestamo.com\/blog\/#organization\",\"name\":\"Alprestamo\",\"url\":\"https:\/\/alprestamo.com\/blog\/\",\"logo\":{\"@type\":\"ImageObject\",\"inLanguage\":\"es-AR\",\"@id\":\"https:\/\/alprestamo.com\/blog\/#\/schema\/logo\/image\/\",\"url\":\"https:\/\/alprestamo.com\/blog\/wp-content\/uploads\/2022\/10\/Imagotipo_Blanco.svg\",\"contentUrl\":\"https:\/\/alprestamo.com\/blog\/wp-content\/uploads\/2022\/10\/Imagotipo_Blanco.svg\",\"width\":1199,\"height\":203,\"caption\":\"Alprestamo\"},\"image\":{\"@id\":\"https:\/\/alprestamo.com\/blog\/#\/schema\/logo\/image\/\"}},{\"@type\":\"Person\",\"@id\":\"https:\/\/alprestamo.com\/blog\/#\/schema\/person\/4c568603ceb381762b4c9062d42c7627\",\"name\":\"Ramiro Querejeta\",\"image\":{\"@type\":\"ImageObject\",\"inLanguage\":\"es-AR\",\"@id\":\"https:\/\/alprestamo.com\/blog\/#\/schema\/person\/image\/\",\"url\":\"https:\/\/alprestamo.com\/blog\/wp-content\/uploads\/2025\/08\/1688503693490-150x150.jpeg\",\"contentUrl\":\"https:\/\/alprestamo.com\/blog\/wp-content\/uploads\/2025\/08\/1688503693490-150x150.jpeg\",\"caption\":\"Ramiro Querejeta\"},\"url\":\"https:\/\/alprestamo.com\/blog\/author\/ramiro\/\"}]}<\/script>\n<!-- \/ Yoast SEO plugin. -->","yoast_head_json":{"title":"Ayuda econ\u00f3mica de $500 mil para jefes y jefas de familia: c\u00f3mo cobrarla","description":"Jefes y jefas de familia que se encuentren registrados en el RUNDA, que sean elegibles para recibir esta ayuda y que no tuvieron la posibilidad de cobrar","robots":{"index":"index","follow":"follow","max-snippet":"max-snippet:-1","max-image-preview":"max-image-preview:large","max-video-preview":"max-video-preview:-1"},"canonical":"https:\/\/alprestamo.com\/blog\/ayuda-economica-de-500-mil-para-jefes-y-jefas-de-familia-como-cobrarla\/","og_locale":"es_ES","og_type":"article","og_title":"Ayuda econ\u00f3mica de $500 mil para jefes y jefas de familia: c\u00f3mo cobrarla","og_description":"Jefes y jefas de familia que se encuentren registrados en el RUNDA, que sean elegibles para recibir esta ayuda y que no tuvieron la posibilidad de cobrar","og_url":"https:\/\/alprestamo.com\/blog\/ayuda-economica-de-500-mil-para-jefes-y-jefas-de-familia-como-cobrarla\/","og_site_name":"Alprestamo - Hacemos que todo suceda","article_published_time":"2023-08-17T13:57:25+00:00","article_modified_time":"2023-08-17T14:01:23+00:00","og_image":[{"width":2365,"height":1774,"url":"https:\/\/alprestamo.com\/blog\/wp-content\/uploads\/2023\/07\/132755759_m_normal_none.jpg","type":"image\/jpeg"}],"author":"Ramiro Querejeta","twitter_card":"summary_large_image","twitter_misc":{"Escrito por":"Ramiro Querejeta","Tiempo de lectura":"2 minutos"},"schema":{"@context":"https:\/\/schema.org","@graph":[{"@type":"NewsArticle","@id":"https:\/\/alprestamo.com\/blog\/ayuda-economica-de-500-mil-para-jefes-y-jefas-de-familia-como-cobrarla\/#article","isPartOf":{"@id":"https:\/\/alprestamo.com\/blog\/ayuda-economica-de-500-mil-para-jefes-y-jefas-de-familia-como-cobrarla\/"},"author":{"name":"Ramiro Querejeta","@id":"https:\/\/alprestamo.com\/blog\/#\/schema\/person\/4c568603ceb381762b4c9062d42c7627"},"headline":"Ayuda econ\u00f3mica de $500 mil para jefes y jefas de familia: c\u00f3mo cobrarla","datePublished":"2023-08-17T13:57:25+00:00","dateModified":"2023-08-17T14:01:23+00:00","mainEntityOfPage":{"@id":"https:\/\/alprestamo.com\/blog\/ayuda-economica-de-500-mil-para-jefes-y-jefas-de-familia-como-cobrarla\/"},"wordCount":337,"publisher":{"@id":"https:\/\/alprestamo.com\/blog\/#organization"},"image":{"@id":"https:\/\/alprestamo.com\/blog\/ayuda-economica-de-500-mil-para-jefes-y-jefas-de-familia-como-cobrarla\/#primaryimage"},"thumbnailUrl":"https:\/\/alprestamo.com\/blog\/wp-content\/uploads\/2023\/07\/132755759_m_normal_none.jpg","articleSection":["CO","Programas sociales"],"inLanguage":"es-AR"},{"@type":"WebPage","@id":"https:\/\/alprestamo.com\/blog\/ayuda-economica-de-500-mil-para-jefes-y-jefas-de-familia-como-cobrarla\/","url":"https:\/\/alprestamo.com\/blog\/ayuda-economica-de-500-mil-para-jefes-y-jefas-de-familia-como-cobrarla\/","name":"Ayuda econ\u00f3mica de $500 mil para jefes y jefas de familia: c\u00f3mo cobrarla","isPartOf":{"@id":"https:\/\/alprestamo.com\/blog\/#website"},"primaryImageOfPage":{"@id":"https:\/\/alprestamo.com\/blog\/ayuda-economica-de-500-mil-para-jefes-y-jefas-de-familia-como-cobrarla\/#primaryimage"},"image":{"@id":"https:\/\/alprestamo.com\/blog\/ayuda-economica-de-500-mil-para-jefes-y-jefas-de-familia-como-cobrarla\/#primaryimage"},"thumbnailUrl":"https:\/\/alprestamo.com\/blog\/wp-content\/uploads\/2023\/07\/132755759_m_normal_none.jpg","datePublished":"2023-08-17T13:57:25+00:00","dateModified":"2023-08-17T14:01:23+00:00","description":"Jefes y jefas de familia que se encuentren registrados en el RUNDA, que sean elegibles para recibir esta ayuda y que no tuvieron la posibilidad de cobrar","breadcrumb":{"@id":"https:\/\/alprestamo.com\/blog\/ayuda-economica-de-500-mil-para-jefes-y-jefas-de-familia-como-cobrarla\/#breadcrumb"},"inLanguage":"es-AR","potentialAction":[{"@type":"ReadAction","target":["https:\/\/alprestamo.com\/blog\/ayuda-economica-de-500-mil-para-jefes-y-jefas-de-familia-como-cobrarla\/"]}]},{"@type":"ImageObject","inLanguage":"es-AR","@id":"https:\/\/alprestamo.com\/blog\/ayuda-economica-de-500-mil-para-jefes-y-jefas-de-familia-como-cobrarla\/#primaryimage","url":"https:\/\/alprestamo.com\/blog\/wp-content\/uploads\/2023\/07\/132755759_m_normal_none.jpg","contentUrl":"https:\/\/alprestamo.com\/blog\/wp-content\/uploads\/2023\/07\/132755759_m_normal_none.jpg","width":2365,"height":1774,"caption":"Ingreso M\u00ednimo Garantizado"},{"@type":"BreadcrumbList","@id":"https:\/\/alprestamo.com\/blog\/ayuda-economica-de-500-mil-para-jefes-y-jefas-de-familia-como-cobrarla\/#breadcrumb","itemListElement":[{"@type":"ListItem","position":1,"name":"Home","item":"https:\/\/alprestamo.com\/blog\/"},{"@type":"ListItem","position":2,"name":"Ayuda econ\u00f3mica de $500 mil para jefes y jefas de familia: c\u00f3mo cobrarla"}]},{"@type":"WebSite","@id":"https:\/\/alprestamo.com\/blog\/#website","url":"https:\/\/alprestamo.com\/blog\/","name":"Alprestamo","description":"Hacemos que todo suceda","publisher":{"@id":"https:\/\/alprestamo.com\/blog\/#organization"},"potentialAction":[{"@type":"SearchAction","target":{"@type":"EntryPoint","urlTemplate":"https:\/\/alprestamo.com\/blog\/?s={search_term_string}"},"query-input":"required name=search_term_string"}],"inLanguage":"es-AR"},{"@type":"Organization","@id":"https:\/\/alprestamo.com\/blog\/#organization","name":"Alprestamo","url":"https:\/\/alprestamo.com\/blog\/","logo":{"@type":"ImageObject","inLanguage":"es-AR","@id":"https:\/\/alprestamo.com\/blog\/#\/schema\/logo\/image\/","url":"https:\/\/alprestamo.com\/blog\/wp-content\/uploads\/2022\/10\/Imagotipo_Blanco.svg","contentUrl":"https:\/\/alprestamo.com\/blog\/wp-content\/uploads\/2022\/10\/Imagotipo_Blanco.svg","width":1199,"height":203,"caption":"Alprestamo"},"image":{"@id":"https:\/\/alprestamo.com\/blog\/#\/schema\/logo\/image\/"}},{"@type":"Person","@id":"https:\/\/alprestamo.com\/blog\/#\/schema\/person\/4c568603ceb381762b4c9062d42c7627","name":"Ramiro Querejeta","image":{"@type":"ImageObject","inLanguage":"es-AR","@id":"https:\/\/alprestamo.com\/blog\/#\/schema\/person\/image\/","url":"https:\/\/alprestamo.com\/blog\/wp-content\/uploads\/2025\/08\/1688503693490-150x150.jpeg","contentUrl":"https:\/\/alprestamo.com\/blog\/wp-content\/uploads\/2025\/08\/1688503693490-150x150.jpeg","caption":"Ramiro Querejeta"},"url":"https:\/\/alprestamo.com\/blog\/author\/ramiro\/"}]}},"uagb_featured_image_src":{"full":["https:\/\/alprestamo.com\/blog\/wp-content\/uploads\/2023\/07\/132755759_m_normal_none.jpg",2365,1774,false],"thumbnail":["https:\/\/alprestamo.com\/blog\/wp-content\/uploads\/2023\/07\/132755759_m_normal_none-150x150.jpg",150,150,true],"medium":["https:\/\/alprestamo.com\/blog\/wp-content\/uploads\/2023\/07\/132755759_m_normal_none-300x225.jpg",300,225,true],"medium_large":["https:\/\/alprestamo.com\/blog\/wp-content\/uploads\/2023\/07\/132755759_m_normal_none-768x576.jpg",768,576,true],"large":["https:\/\/alprestamo.com\/blog\/wp-content\/uploads\/2023\/07\/132755759_m_normal_none-1024x768.jpg",1024,768,true],"1536x1536":["https:\/\/alprestamo.com\/blog\/wp-content\/uploads\/2023\/07\/132755759_m_normal_none-1536x1152.jpg",1536,1152,true],"2048x2048":["https:\/\/alprestamo.com\/blog\/wp-content\/uploads\/2023\/07\/132755759_m_normal_none-2048x1536.jpg",2048,1536,true]},"uagb_author_info":{"display_name":"Ramiro Querejeta","author_link":"https:\/\/alprestamo.com\/blog\/author\/ramiro\/"},"uagb_comment_info":0,"uagb_excerpt":"Jefes y jefas de familia que se encuentren registrados en el RUNDA, que sean elegibles para recibir esta ayuda y que no tuvieron la posibilidad de cobrar entregas anteriores, ya pueden consultar los pagos del mes de agosto. Qui\u00e9nes pueden recibir la ayuda econ\u00f3mica de $500 mil&nbsp; La ayuda econ\u00f3mica de $500 mil viene directamente&hellip;","rttpg_featured_image_url":{"full":["https:\/\/alprestamo.com\/blog\/wp-content\/uploads\/2023\/07\/132755759_m_normal_none.jpg",2365,1774,false],"landscape":["https:\/\/alprestamo.com\/blog\/wp-content\/uploads\/2023\/07\/132755759_m_normal_none.jpg",2365,1774,false],"portraits":["https:\/\/alprestamo.com\/blog\/wp-content\/uploads\/2023\/07\/132755759_m_normal_none.jpg",2365,1774,false],"thumbnail":["https:\/\/alprestamo.com\/blog\/wp-content\/uploads\/2023\/07\/132755759_m_normal_none-150x150.jpg",150,150,true],"medium":["https:\/\/alprestamo.com\/blog\/wp-content\/uploads\/2023\/07\/132755759_m_normal_none-300x225.jpg",300,225,true],"large":["https:\/\/alprestamo.com\/blog\/wp-content\/uploads\/2023\/07\/132755759_m_normal_none-1024x768.jpg",1024,768,true],"1536x1536":["https:\/\/alprestamo.com\/blog\/wp-content\/uploads\/2023\/07\/132755759_m_normal_none-1536x1152.jpg",1536,1152,true],"2048x2048":["https:\/\/alprestamo.com\/blog\/wp-content\/uploads\/2023\/07\/132755759_m_normal_none-2048x1536.jpg",2048,1536,true],"rt_custom":["https:\/\/alprestamo.com\/blog\/wp-content\/uploads\/2023\/07\/132755759_m_normal_none.jpg",2365,1774,false]},"rttpg_author":{"display_name":"Ramiro Querejeta","author_link":"https:\/\/alprestamo.com\/blog\/author\/ramiro\/"},"rttpg_comment":0,"rttpg_category":"<a href=\"https:\/\/alprestamo.com\/blog\/categoria\/co\/\" rel=\"category tag\">CO<\/a> <a href=\"https:\/\/alprestamo.com\/blog\/categoria\/co\/programas-sociales\/\" rel=\"category tag\">Programas sociales<\/a>","rttpg_excerpt":"Jefes y jefas de familia que se encuentren registrados en el RUNDA, que sean elegibles para recibir esta ayuda y que no tuvieron la posibilidad de cobrar entregas anteriores, ya pueden consultar los pagos del mes de agosto. Qui\u00e9nes pueden recibir la ayuda econ\u00f3mica de $500 mil&nbsp; La ayuda econ\u00f3mica de $500 mil viene directamente&hellip;","_links":{"self":[{"href":"https:\/\/alprestamo.com\/blog\/wp-json\/wp\/v2\/posts\/26106"}],"collection":[{"href":"https:\/\/alprestamo.com\/blog\/wp-json\/wp\/v2\/posts"}],"about":[{"href":"https:\/\/alprestamo.com\/blog\/wp-json\/wp\/v2\/types\/post"}],"author":[{"embeddable":true,"href":"https:\/\/alprestamo.com\/blog\/wp-json\/wp\/v2\/users\/9"}],"replies":[{"embeddable":true,"href":"https:\/\/alprestamo.com\/blog\/wp-json\/wp\/v2\/comments?post=26106"}],"version-history":[{"count":3,"href":"https:\/\/alprestamo.com\/blog\/wp-json\/wp\/v2\/posts\/26106\/revisions"}],"predecessor-version":[{"id":26115,"href":"https:\/\/alprestamo.com\/blog\/wp-json\/wp\/v2\/posts\/26106\/revisions\/26115"}],"wp:featuredmedia":[{"embeddable":true,"href":"https:\/\/alprestamo.com\/blog\/wp-json\/wp\/v2\/media\/25048"}],"wp:attachment":[{"href":"https:\/\/alprestamo.com\/blog\/wp-json\/wp\/v2\/media?parent=26106"}],"wp:term":[{"taxonomy":"category","embeddable":true,"href":"https:\/\/alprestamo.com\/blog\/wp-json\/wp\/v2\/categories?post=26106"},{"taxonomy":"post_tag","embeddable":true,"href":"https:\/\/alprestamo.com\/blog\/wp-json\/wp\/v2\/tags?post=26106"}],"curies":[{"name":"wp","href":"https:\/\/api.w.org\/{rel}","templated":true}]}}