{"id":26283,"date":"2023-08-18T18:24:02","date_gmt":"2023-08-18T21:24:02","guid":{"rendered":"https:\/\/alprestamo.com\/blog\/?p=26283"},"modified":"2023-08-22T10:57:46","modified_gmt":"2023-08-22T13:57:46","slug":"ayuda-economica-2023-comienzan-pagos-de-agosto","status":"publish","type":"post","link":"https:\/\/alprestamo.com\/blog\/ayuda-economica-2023-comienzan-pagos-de-agosto\/","title":{"rendered":"Ayuda Econ\u00f3mica 2023: comienzan pagos de agosto"},"content":{"rendered":"\n<p>El gobierno de Colombia comenz\u00f3 con los pagos de la<strong> Ayuda Econ\u00f3mica<\/strong> 2023 de agosto, que otorga un fortalecimiento de los ingresos de las familias m\u00e1s vulnerables.&nbsp;<\/p>\n\n\n\n<h2 class=\"wp-block-heading\">Inversi\u00f3n y monto de los pagos&nbsp;<\/h2>\n\n\n\n<p>La base maestra ser\u00e1 el principal instrumento para identificar y clasificar a los beneficiarios, garantizando que la ayuda llegue a quienes la necesitan.&nbsp;<\/p>\n\n\n\n<p>Con una inversi\u00f3n de m\u00e1s de 50 mil millones solamente para el mes de agosto, se ver\u00e1n beneficiados 272.503 hogares, alcanzando 355 mil millones de pesos en dispersiones durante todo el a\u00f1o.&nbsp;<\/p>\n\n\n\n<p>Por lo tanto, los beneficiarios deben consultar si poseen transferencias monetarias. El monto se ajusta seg\u00fan las necesidades particulares y la composici\u00f3n del hogar, por lo que var\u00eda <strong>entre $300.000 y $740.000<\/strong>.&nbsp;<\/p>\n\n\n\n<h2 class=\"wp-block-heading\">Actualizaci\u00f3n de datos de Ayuda Econ\u00f3mica 2023<\/h2>\n\n\n\n<p>Para que las Ayudas Econ\u00f3micas lleguen a las familias, es necesario que los datos de los beneficiarios se encuentren al d\u00eda. Es por eso que se realiza un llamado para actualizar la informaci\u00f3n en las subdirecciones locales, espec\u00edficamente en los n\u00fameros de celular.&nbsp;<\/p>\n\n\n\n<p>Quienes recibieron pagos pero tienen dificultades relacionadas con el<strong> Permiso por Protecci\u00f3n Temporal (PPT)<\/strong> deben tambi\u00e9n acercarse a estos puntos de atenci\u00f3n.&nbsp;<\/p>\n\n\n\n<h2 class=\"wp-block-heading\">Requisitos para acceder a la Ayuda Econ\u00f3mica<\/h2>\n\n\n\n<p>Para poder cobrar la Ayuda Econ\u00f3mica, es necesario estar registrado en el Sisb\u00e9n IV, en los grupos A o B de la ciudad de Bogot\u00e1. A su vez, se requiere tener una cuenta activa en algunas de estas entidades: <strong>Daviplata, Nequi, Bancolombia a la Mano, MOVii, Powwi o Dale.&nbsp;<\/strong><\/p>\n\n\n\n<h2 class=\"wp-block-heading\">Consulta de pagos&nbsp;<\/h2>\n\n\n\n<p>Para verificar si hay alg\u00fan pago pendiente, se debe ingresar a la p\u00e1gina web de Prosperidad Social y consultar si tu hogar forma parte de los beneficiarios que recibir\u00e1n esta ayuda econ\u00f3mica en el mes de agosto.&nbsp;<\/p>\n\n\n\n<p>Luego debes completar tus datos (nombre, DNI, fecha de expedici\u00f3n de documento, etc) y la consulta te dar\u00e1 la informaci\u00f3n necesaria.<\/p>\n","protected":false},"excerpt":{"rendered":"<p>El gobierno de Colombia comenz\u00f3 con los pagos de la Ayuda Econ\u00f3mica 2023 de agosto, que otorga un fortalecimiento de los ingresos de las familias m\u00e1s vulnerables.&nbsp; Inversi\u00f3n y monto de los pagos&nbsp; La base maestra ser\u00e1 el principal instrumento para identificar y clasificar a los beneficiarios, garantizando que la ayuda llegue a quienes la &hellip;<\/p>\n<p class=\"read-more\"> <a class=\"\" href=\"https:\/\/alprestamo.com\/blog\/ayuda-economica-2023-comienzan-pagos-de-agosto\/\"> <span class=\"screen-reader-text\">Ayuda Econ\u00f3mica 2023: comienzan pagos de agosto<\/span> Leer m\u00e1s &raquo;<\/a><\/p>\n","protected":false},"author":9,"featured_media":24963,"comment_status":"closed","ping_status":"closed","sticky":false,"template":"","format":"standard","meta":{"_uag_custom_page_level_css":"","site-sidebar-layout":"default","site-content-layout":"default","ast-global-header-display":"","ast-banner-title-visibility":"","ast-main-header-display":"","ast-hfb-above-header-display":"","ast-hfb-below-header-display":"","ast-hfb-mobile-header-display":"","site-post-title":"","ast-breadcrumbs-content":"","ast-featured-img":"","footer-sml-layout":"","theme-transparent-header-meta":"","adv-header-id-meta":"","stick-header-meta":"","header-above-stick-meta":"","header-main-stick-meta":"","header-below-stick-meta":"","footnotes":""},"categories":[98,100],"tags":[],"class_list":["post-26283","post","type-post","status-publish","format-standard","has-post-thumbnail","hentry","category-co","category-programas-sociales"],"acf":[],"yoast_head":"<!-- This site is optimized with the Yoast SEO plugin v23.2 - https:\/\/yoast.com\/wordpress\/plugins\/seo\/ -->\n<title>Ayuda Econ\u00f3mica 2023: comienzan pagos de agosto<\/title>\n<meta name=\"description\" content=\"El gobierno de Colombia comenz\u00f3 con los pagos de la Ayuda Econ\u00f3mica 2023 de agosto, que otorga un fortalecimiento de los ingresos de las familias m\u00e1s\" \/>\n<meta name=\"robots\" content=\"index, follow, max-snippet:-1, max-image-preview:large, max-video-preview:-1\" \/>\n<link rel=\"canonical\" href=\"https:\/\/alprestamo.com\/blog\/ayuda-economica-2023-comienzan-pagos-de-agosto\/\" \/>\n<meta property=\"og:locale\" content=\"es_ES\" \/>\n<meta property=\"og:type\" content=\"article\" \/>\n<meta property=\"og:title\" content=\"Ayuda Econ\u00f3mica 2023: comienzan pagos de agosto\" \/>\n<meta property=\"og:description\" content=\"El gobierno de Colombia comenz\u00f3 con los pagos de la Ayuda Econ\u00f3mica 2023 de agosto, que otorga un fortalecimiento de los ingresos de las familias m\u00e1s\" \/>\n<meta property=\"og:url\" content=\"https:\/\/alprestamo.com\/blog\/ayuda-economica-2023-comienzan-pagos-de-agosto\/\" \/>\n<meta property=\"og:site_name\" content=\"Alprestamo - Hacemos que todo suceda\" \/>\n<meta property=\"article:published_time\" content=\"2023-08-18T21:24:02+00:00\" \/>\n<meta property=\"article:modified_time\" content=\"2023-08-22T13:57:46+00:00\" \/>\n<meta property=\"og:image\" content=\"https:\/\/alprestamo.com\/blog\/wp-content\/uploads\/2023\/07\/119611958_m_normal_none.jpg\" \/>\n\t<meta property=\"og:image:width\" content=\"2508\" \/>\n\t<meta property=\"og:image:height\" content=\"1672\" \/>\n\t<meta property=\"og:image:type\" content=\"image\/jpeg\" \/>\n<meta name=\"author\" content=\"Ramiro Querejeta\" \/>\n<meta name=\"twitter:card\" content=\"summary_large_image\" \/>\n<meta name=\"twitter:label1\" content=\"Escrito por\" \/>\n\t<meta name=\"twitter:data1\" content=\"Ramiro Querejeta\" \/>\n\t<meta name=\"twitter:label2\" content=\"Tiempo de lectura\" \/>\n\t<meta name=\"twitter:data2\" content=\"2 minutos\" \/>\n<script type=\"application\/ld+json\" class=\"yoast-schema-graph\">{\"@context\":\"https:\/\/schema.org\",\"@graph\":[{\"@type\":\"NewsArticle\",\"@id\":\"https:\/\/alprestamo.com\/blog\/ayuda-economica-2023-comienzan-pagos-de-agosto\/#article\",\"isPartOf\":{\"@id\":\"https:\/\/alprestamo.com\/blog\/ayuda-economica-2023-comienzan-pagos-de-agosto\/\"},\"author\":{\"name\":\"Ramiro Querejeta\",\"@id\":\"https:\/\/alprestamo.com\/blog\/#\/schema\/person\/4c568603ceb381762b4c9062d42c7627\"},\"headline\":\"Ayuda Econ\u00f3mica 2023: comienzan pagos de agosto\",\"datePublished\":\"2023-08-18T21:24:02+00:00\",\"dateModified\":\"2023-08-22T13:57:46+00:00\",\"mainEntityOfPage\":{\"@id\":\"https:\/\/alprestamo.com\/blog\/ayuda-economica-2023-comienzan-pagos-de-agosto\/\"},\"wordCount\":348,\"publisher\":{\"@id\":\"https:\/\/alprestamo.com\/blog\/#organization\"},\"image\":{\"@id\":\"https:\/\/alprestamo.com\/blog\/ayuda-economica-2023-comienzan-pagos-de-agosto\/#primaryimage\"},\"thumbnailUrl\":\"https:\/\/alprestamo.com\/blog\/wp-content\/uploads\/2023\/07\/119611958_m_normal_none.jpg\",\"articleSection\":[\"CO\",\"Programas sociales\"],\"inLanguage\":\"es-AR\"},{\"@type\":\"WebPage\",\"@id\":\"https:\/\/alprestamo.com\/blog\/ayuda-economica-2023-comienzan-pagos-de-agosto\/\",\"url\":\"https:\/\/alprestamo.com\/blog\/ayuda-economica-2023-comienzan-pagos-de-agosto\/\",\"name\":\"Ayuda Econ\u00f3mica 2023: comienzan pagos de agosto\",\"isPartOf\":{\"@id\":\"https:\/\/alprestamo.com\/blog\/#website\"},\"primaryImageOfPage\":{\"@id\":\"https:\/\/alprestamo.com\/blog\/ayuda-economica-2023-comienzan-pagos-de-agosto\/#primaryimage\"},\"image\":{\"@id\":\"https:\/\/alprestamo.com\/blog\/ayuda-economica-2023-comienzan-pagos-de-agosto\/#primaryimage\"},\"thumbnailUrl\":\"https:\/\/alprestamo.com\/blog\/wp-content\/uploads\/2023\/07\/119611958_m_normal_none.jpg\",\"datePublished\":\"2023-08-18T21:24:02+00:00\",\"dateModified\":\"2023-08-22T13:57:46+00:00\",\"description\":\"El gobierno de Colombia comenz\u00f3 con los pagos de la Ayuda Econ\u00f3mica 2023 de agosto, que otorga un fortalecimiento de los ingresos de las familias m\u00e1s\",\"breadcrumb\":{\"@id\":\"https:\/\/alprestamo.com\/blog\/ayuda-economica-2023-comienzan-pagos-de-agosto\/#breadcrumb\"},\"inLanguage\":\"es-AR\",\"potentialAction\":[{\"@type\":\"ReadAction\",\"target\":[\"https:\/\/alprestamo.com\/blog\/ayuda-economica-2023-comienzan-pagos-de-agosto\/\"]}]},{\"@type\":\"ImageObject\",\"inLanguage\":\"es-AR\",\"@id\":\"https:\/\/alprestamo.com\/blog\/ayuda-economica-2023-comienzan-pagos-de-agosto\/#primaryimage\",\"url\":\"https:\/\/alprestamo.com\/blog\/wp-content\/uploads\/2023\/07\/119611958_m_normal_none.jpg\",\"contentUrl\":\"https:\/\/alprestamo.com\/blog\/wp-content\/uploads\/2023\/07\/119611958_m_normal_none.jpg\",\"width\":2508,\"height\":1672,\"caption\":\"Cobro del Ingreso Solidario\"},{\"@type\":\"BreadcrumbList\",\"@id\":\"https:\/\/alprestamo.com\/blog\/ayuda-economica-2023-comienzan-pagos-de-agosto\/#breadcrumb\",\"itemListElement\":[{\"@type\":\"ListItem\",\"position\":1,\"name\":\"Home\",\"item\":\"https:\/\/alprestamo.com\/blog\/\"},{\"@type\":\"ListItem\",\"position\":2,\"name\":\"Ayuda Econ\u00f3mica 2023: comienzan pagos de agosto\"}]},{\"@type\":\"WebSite\",\"@id\":\"https:\/\/alprestamo.com\/blog\/#website\",\"url\":\"https:\/\/alprestamo.com\/blog\/\",\"name\":\"Alprestamo\",\"description\":\"Hacemos que todo suceda\",\"publisher\":{\"@id\":\"https:\/\/alprestamo.com\/blog\/#organization\"},\"potentialAction\":[{\"@type\":\"SearchAction\",\"target\":{\"@type\":\"EntryPoint\",\"urlTemplate\":\"https:\/\/alprestamo.com\/blog\/?s={search_term_string}\"},\"query-input\":\"required name=search_term_string\"}],\"inLanguage\":\"es-AR\"},{\"@type\":\"Organization\",\"@id\":\"https:\/\/alprestamo.com\/blog\/#organization\",\"name\":\"Alprestamo\",\"url\":\"https:\/\/alprestamo.com\/blog\/\",\"logo\":{\"@type\":\"ImageObject\",\"inLanguage\":\"es-AR\",\"@id\":\"https:\/\/alprestamo.com\/blog\/#\/schema\/logo\/image\/\",\"url\":\"https:\/\/alprestamo.com\/blog\/wp-content\/uploads\/2022\/10\/Imagotipo_Blanco.svg\",\"contentUrl\":\"https:\/\/alprestamo.com\/blog\/wp-content\/uploads\/2022\/10\/Imagotipo_Blanco.svg\",\"width\":1199,\"height\":203,\"caption\":\"Alprestamo\"},\"image\":{\"@id\":\"https:\/\/alprestamo.com\/blog\/#\/schema\/logo\/image\/\"}},{\"@type\":\"Person\",\"@id\":\"https:\/\/alprestamo.com\/blog\/#\/schema\/person\/4c568603ceb381762b4c9062d42c7627\",\"name\":\"Ramiro Querejeta\",\"image\":{\"@type\":\"ImageObject\",\"inLanguage\":\"es-AR\",\"@id\":\"https:\/\/alprestamo.com\/blog\/#\/schema\/person\/image\/\",\"url\":\"https:\/\/alprestamo.com\/blog\/wp-content\/uploads\/2025\/08\/1688503693490-150x150.jpeg\",\"contentUrl\":\"https:\/\/alprestamo.com\/blog\/wp-content\/uploads\/2025\/08\/1688503693490-150x150.jpeg\",\"caption\":\"Ramiro Querejeta\"},\"url\":\"https:\/\/alprestamo.com\/blog\/author\/ramiro\/\"}]}<\/script>\n<!-- \/ Yoast SEO plugin. -->","yoast_head_json":{"title":"Ayuda Econ\u00f3mica 2023: comienzan pagos de agosto","description":"El gobierno de Colombia comenz\u00f3 con los pagos de la Ayuda Econ\u00f3mica 2023 de agosto, que otorga un fortalecimiento de los ingresos de las familias m\u00e1s","robots":{"index":"index","follow":"follow","max-snippet":"max-snippet:-1","max-image-preview":"max-image-preview:large","max-video-preview":"max-video-preview:-1"},"canonical":"https:\/\/alprestamo.com\/blog\/ayuda-economica-2023-comienzan-pagos-de-agosto\/","og_locale":"es_ES","og_type":"article","og_title":"Ayuda Econ\u00f3mica 2023: comienzan pagos de agosto","og_description":"El gobierno de Colombia comenz\u00f3 con los pagos de la Ayuda Econ\u00f3mica 2023 de agosto, que otorga un fortalecimiento de los ingresos de las familias m\u00e1s","og_url":"https:\/\/alprestamo.com\/blog\/ayuda-economica-2023-comienzan-pagos-de-agosto\/","og_site_name":"Alprestamo - Hacemos que todo suceda","article_published_time":"2023-08-18T21:24:02+00:00","article_modified_time":"2023-08-22T13:57:46+00:00","og_image":[{"width":2508,"height":1672,"url":"https:\/\/alprestamo.com\/blog\/wp-content\/uploads\/2023\/07\/119611958_m_normal_none.jpg","type":"image\/jpeg"}],"author":"Ramiro Querejeta","twitter_card":"summary_large_image","twitter_misc":{"Escrito por":"Ramiro Querejeta","Tiempo de lectura":"2 minutos"},"schema":{"@context":"https:\/\/schema.org","@graph":[{"@type":"NewsArticle","@id":"https:\/\/alprestamo.com\/blog\/ayuda-economica-2023-comienzan-pagos-de-agosto\/#article","isPartOf":{"@id":"https:\/\/alprestamo.com\/blog\/ayuda-economica-2023-comienzan-pagos-de-agosto\/"},"author":{"name":"Ramiro Querejeta","@id":"https:\/\/alprestamo.com\/blog\/#\/schema\/person\/4c568603ceb381762b4c9062d42c7627"},"headline":"Ayuda Econ\u00f3mica 2023: comienzan pagos de agosto","datePublished":"2023-08-18T21:24:02+00:00","dateModified":"2023-08-22T13:57:46+00:00","mainEntityOfPage":{"@id":"https:\/\/alprestamo.com\/blog\/ayuda-economica-2023-comienzan-pagos-de-agosto\/"},"wordCount":348,"publisher":{"@id":"https:\/\/alprestamo.com\/blog\/#organization"},"image":{"@id":"https:\/\/alprestamo.com\/blog\/ayuda-economica-2023-comienzan-pagos-de-agosto\/#primaryimage"},"thumbnailUrl":"https:\/\/alprestamo.com\/blog\/wp-content\/uploads\/2023\/07\/119611958_m_normal_none.jpg","articleSection":["CO","Programas sociales"],"inLanguage":"es-AR"},{"@type":"WebPage","@id":"https:\/\/alprestamo.com\/blog\/ayuda-economica-2023-comienzan-pagos-de-agosto\/","url":"https:\/\/alprestamo.com\/blog\/ayuda-economica-2023-comienzan-pagos-de-agosto\/","name":"Ayuda Econ\u00f3mica 2023: comienzan pagos de agosto","isPartOf":{"@id":"https:\/\/alprestamo.com\/blog\/#website"},"primaryImageOfPage":{"@id":"https:\/\/alprestamo.com\/blog\/ayuda-economica-2023-comienzan-pagos-de-agosto\/#primaryimage"},"image":{"@id":"https:\/\/alprestamo.com\/blog\/ayuda-economica-2023-comienzan-pagos-de-agosto\/#primaryimage"},"thumbnailUrl":"https:\/\/alprestamo.com\/blog\/wp-content\/uploads\/2023\/07\/119611958_m_normal_none.jpg","datePublished":"2023-08-18T21:24:02+00:00","dateModified":"2023-08-22T13:57:46+00:00","description":"El gobierno de Colombia comenz\u00f3 con los pagos de la Ayuda Econ\u00f3mica 2023 de agosto, que otorga un fortalecimiento de los ingresos de las familias m\u00e1s","breadcrumb":{"@id":"https:\/\/alprestamo.com\/blog\/ayuda-economica-2023-comienzan-pagos-de-agosto\/#breadcrumb"},"inLanguage":"es-AR","potentialAction":[{"@type":"ReadAction","target":["https:\/\/alprestamo.com\/blog\/ayuda-economica-2023-comienzan-pagos-de-agosto\/"]}]},{"@type":"ImageObject","inLanguage":"es-AR","@id":"https:\/\/alprestamo.com\/blog\/ayuda-economica-2023-comienzan-pagos-de-agosto\/#primaryimage","url":"https:\/\/alprestamo.com\/blog\/wp-content\/uploads\/2023\/07\/119611958_m_normal_none.jpg","contentUrl":"https:\/\/alprestamo.com\/blog\/wp-content\/uploads\/2023\/07\/119611958_m_normal_none.jpg","width":2508,"height":1672,"caption":"Cobro del Ingreso Solidario"},{"@type":"BreadcrumbList","@id":"https:\/\/alprestamo.com\/blog\/ayuda-economica-2023-comienzan-pagos-de-agosto\/#breadcrumb","itemListElement":[{"@type":"ListItem","position":1,"name":"Home","item":"https:\/\/alprestamo.com\/blog\/"},{"@type":"ListItem","position":2,"name":"Ayuda Econ\u00f3mica 2023: comienzan pagos de agosto"}]},{"@type":"WebSite","@id":"https:\/\/alprestamo.com\/blog\/#website","url":"https:\/\/alprestamo.com\/blog\/","name":"Alprestamo","description":"Hacemos que todo suceda","publisher":{"@id":"https:\/\/alprestamo.com\/blog\/#organization"},"potentialAction":[{"@type":"SearchAction","target":{"@type":"EntryPoint","urlTemplate":"https:\/\/alprestamo.com\/blog\/?s={search_term_string}"},"query-input":"required name=search_term_string"}],"inLanguage":"es-AR"},{"@type":"Organization","@id":"https:\/\/alprestamo.com\/blog\/#organization","name":"Alprestamo","url":"https:\/\/alprestamo.com\/blog\/","logo":{"@type":"ImageObject","inLanguage":"es-AR","@id":"https:\/\/alprestamo.com\/blog\/#\/schema\/logo\/image\/","url":"https:\/\/alprestamo.com\/blog\/wp-content\/uploads\/2022\/10\/Imagotipo_Blanco.svg","contentUrl":"https:\/\/alprestamo.com\/blog\/wp-content\/uploads\/2022\/10\/Imagotipo_Blanco.svg","width":1199,"height":203,"caption":"Alprestamo"},"image":{"@id":"https:\/\/alprestamo.com\/blog\/#\/schema\/logo\/image\/"}},{"@type":"Person","@id":"https:\/\/alprestamo.com\/blog\/#\/schema\/person\/4c568603ceb381762b4c9062d42c7627","name":"Ramiro Querejeta","image":{"@type":"ImageObject","inLanguage":"es-AR","@id":"https:\/\/alprestamo.com\/blog\/#\/schema\/person\/image\/","url":"https:\/\/alprestamo.com\/blog\/wp-content\/uploads\/2025\/08\/1688503693490-150x150.jpeg","contentUrl":"https:\/\/alprestamo.com\/blog\/wp-content\/uploads\/2025\/08\/1688503693490-150x150.jpeg","caption":"Ramiro Querejeta"},"url":"https:\/\/alprestamo.com\/blog\/author\/ramiro\/"}]}},"uagb_featured_image_src":{"full":["https:\/\/alprestamo.com\/blog\/wp-content\/uploads\/2023\/07\/119611958_m_normal_none.jpg",2508,1672,false],"thumbnail":["https:\/\/alprestamo.com\/blog\/wp-content\/uploads\/2023\/07\/119611958_m_normal_none-150x150.jpg",150,150,true],"medium":["https:\/\/alprestamo.com\/blog\/wp-content\/uploads\/2023\/07\/119611958_m_normal_none-300x200.jpg",300,200,true],"medium_large":["https:\/\/alprestamo.com\/blog\/wp-content\/uploads\/2023\/07\/119611958_m_normal_none-768x512.jpg",768,512,true],"large":["https:\/\/alprestamo.com\/blog\/wp-content\/uploads\/2023\/07\/119611958_m_normal_none-1024x683.jpg",1024,683,true],"1536x1536":["https:\/\/alprestamo.com\/blog\/wp-content\/uploads\/2023\/07\/119611958_m_normal_none-1536x1024.jpg",1536,1024,true],"2048x2048":["https:\/\/alprestamo.com\/blog\/wp-content\/uploads\/2023\/07\/119611958_m_normal_none-2048x1365.jpg",2048,1365,true]},"uagb_author_info":{"display_name":"Ramiro Querejeta","author_link":"https:\/\/alprestamo.com\/blog\/author\/ramiro\/"},"uagb_comment_info":0,"uagb_excerpt":"El gobierno de Colombia comenz\u00f3 con los pagos de la Ayuda Econ\u00f3mica 2023 de agosto, que otorga un fortalecimiento de los ingresos de las familias m\u00e1s vulnerables.&nbsp; Inversi\u00f3n y monto de los pagos&nbsp; La base maestra ser\u00e1 el principal instrumento para identificar y clasificar a los beneficiarios, garantizando que la ayuda llegue a quienes la&hellip;","rttpg_featured_image_url":{"full":["https:\/\/alprestamo.com\/blog\/wp-content\/uploads\/2023\/07\/119611958_m_normal_none.jpg",2508,1672,false],"landscape":["https:\/\/alprestamo.com\/blog\/wp-content\/uploads\/2023\/07\/119611958_m_normal_none.jpg",2508,1672,false],"portraits":["https:\/\/alprestamo.com\/blog\/wp-content\/uploads\/2023\/07\/119611958_m_normal_none.jpg",2508,1672,false],"thumbnail":["https:\/\/alprestamo.com\/blog\/wp-content\/uploads\/2023\/07\/119611958_m_normal_none-150x150.jpg",150,150,true],"medium":["https:\/\/alprestamo.com\/blog\/wp-content\/uploads\/2023\/07\/119611958_m_normal_none-300x200.jpg",300,200,true],"large":["https:\/\/alprestamo.com\/blog\/wp-content\/uploads\/2023\/07\/119611958_m_normal_none-1024x683.jpg",1024,683,true],"1536x1536":["https:\/\/alprestamo.com\/blog\/wp-content\/uploads\/2023\/07\/119611958_m_normal_none-1536x1024.jpg",1536,1024,true],"2048x2048":["https:\/\/alprestamo.com\/blog\/wp-content\/uploads\/2023\/07\/119611958_m_normal_none-2048x1365.jpg",2048,1365,true],"rt_custom":["https:\/\/alprestamo.com\/blog\/wp-content\/uploads\/2023\/07\/119611958_m_normal_none.jpg",2508,1672,false]},"rttpg_author":{"display_name":"Ramiro Querejeta","author_link":"https:\/\/alprestamo.com\/blog\/author\/ramiro\/"},"rttpg_comment":0,"rttpg_category":"<a href=\"https:\/\/alprestamo.com\/blog\/categoria\/co\/\" rel=\"category tag\">CO<\/a> <a href=\"https:\/\/alprestamo.com\/blog\/categoria\/co\/programas-sociales\/\" rel=\"category tag\">Programas sociales<\/a>","rttpg_excerpt":"El gobierno de Colombia comenz\u00f3 con los pagos de la Ayuda Econ\u00f3mica 2023 de agosto, que otorga un fortalecimiento de los ingresos de las familias m\u00e1s vulnerables.&nbsp; Inversi\u00f3n y monto de los pagos&nbsp; La base maestra ser\u00e1 el principal instrumento para identificar y clasificar a los beneficiarios, garantizando que la ayuda llegue a quienes la&hellip;","_links":{"self":[{"href":"https:\/\/alprestamo.com\/blog\/wp-json\/wp\/v2\/posts\/26283"}],"collection":[{"href":"https:\/\/alprestamo.com\/blog\/wp-json\/wp\/v2\/posts"}],"about":[{"href":"https:\/\/alprestamo.com\/blog\/wp-json\/wp\/v2\/types\/post"}],"author":[{"embeddable":true,"href":"https:\/\/alprestamo.com\/blog\/wp-json\/wp\/v2\/users\/9"}],"replies":[{"embeddable":true,"href":"https:\/\/alprestamo.com\/blog\/wp-json\/wp\/v2\/comments?post=26283"}],"version-history":[{"count":1,"href":"https:\/\/alprestamo.com\/blog\/wp-json\/wp\/v2\/posts\/26283\/revisions"}],"predecessor-version":[{"id":26306,"href":"https:\/\/alprestamo.com\/blog\/wp-json\/wp\/v2\/posts\/26283\/revisions\/26306"}],"wp:featuredmedia":[{"embeddable":true,"href":"https:\/\/alprestamo.com\/blog\/wp-json\/wp\/v2\/media\/24963"}],"wp:attachment":[{"href":"https:\/\/alprestamo.com\/blog\/wp-json\/wp\/v2\/media?parent=26283"}],"wp:term":[{"taxonomy":"category","embeddable":true,"href":"https:\/\/alprestamo.com\/blog\/wp-json\/wp\/v2\/categories?post=26283"},{"taxonomy":"post_tag","embeddable":true,"href":"https:\/\/alprestamo.com\/blog\/wp-json\/wp\/v2\/tags?post=26283"}],"curies":[{"name":"wp","href":"https:\/\/api.w.org\/{rel}","templated":true}]}}