{"id":26392,"date":"2023-08-22T11:04:16","date_gmt":"2023-08-22T14:04:16","guid":{"rendered":"https:\/\/alprestamo.com\/blog\/?p=26392"},"modified":"2023-08-22T11:04:17","modified_gmt":"2023-08-22T14:04:17","slug":"cambios-en-el-sisben-cuales-son-y-como-saber-si-me-afecta","status":"publish","type":"post","link":"https:\/\/alprestamo.com\/blog\/cambios-en-el-sisben-cuales-son-y-como-saber-si-me-afecta\/","title":{"rendered":"Cambios en el Sisb\u00e9n: cu\u00e1les son y c\u00f3mo saber si me afecta"},"content":{"rendered":"\n<p>El<strong> Sistema de Identificaci\u00f3n de Potenciales Beneficiarios de Programas Sociales (Sisb\u00e9n) <\/strong>comunic\u00f3 un cambio para aquellas personas incluidas en los estratos 1 y 2 en Colombia, y que forman parte de ese registro.&nbsp;<\/p>\n\n\n\n<p>El <a href=\"https:\/\/alprestamo.com\/blog\/co\/sisben-a-que-programas-sociales-permite-acceder\/\">Sisb\u00e9n <\/a>tiene como objetivo focalizar las inversiones en <a href=\"https:\/\/alprestamo.com\/blog\/co\/ayuda-economica-2023-comienzan-pagos-de-agosto\/\">ayudas econ\u00f3micas<\/a> que lleva a cabo el gobierno y garantizar que el dinero destinado llegue a quienes m\u00e1s lo necesitan.\u00a0<\/p>\n\n\n\n<h2 class=\"wp-block-heading\">Qu\u00e9 cambios se vienen en el Sisb\u00e9n&nbsp;<\/h2>\n\n\n\n<p>Jorge Iv\u00e1n Gonzalez, director del<strong> Departamento Nacional de Planeaci\u00f3n<\/strong>, detall\u00f3 algunos de los cambios que se realizar\u00e1n. De acuerdo a la entidad, los cambios se llevar\u00e1n a cabo debido a que aproximadamente 3,5 millones de hogares se encuentran recibiendo <a href=\"https:\/\/alprestamo.com\/blog\/co\/subsidio-por-desempleo-2023-como-recibirlo\/\">subsidios <\/a>y no son considerados vulnerables o pobres. Dentro de esos 3,5 millones, 540.000 viviendas de estrato 1 no deber\u00edan recibir alg\u00fan tipo de <a href=\"https:\/\/alprestamo.com\/blog\/co\/cual-es-el-programa-social-de-colombia-que-devuelve-hasta-80-000\/\">programa social<\/a>. <\/p>\n\n\n\n<p>Para efectivizar el sistema, uno de los cambios ser\u00eda la puesta en funcionamiento del <strong>Registro Social de Hogares (RSH)<\/strong>, una nueva herramienta que articular\u00e1 la oferta de programas sociales con identificaci\u00f3n de beneficiarios reales. Con esta decisi\u00f3n se estima que m\u00e1s familias puedan acceder a los beneficios monetarios del gobierno, ya que la entidad, adem\u00e1s de realizar un seguimiento, evaluar\u00e1 la progresividad y la incidencia de las ayudas que se entregan.&nbsp;<\/p>\n\n\n\n<h2 class=\"wp-block-heading\">Qu\u00e9 es el Registro Social de Hogares y para qu\u00e9 sirve<\/h2>\n\n\n\n<p>A trav\u00e9s de este instrumento, se genera una mejor articulaci\u00f3n de la oferta nacional y territorial de<strong> programas sociales en Colombia<\/strong>, para identificar concurrencias, duplicidades y complementariedades. A ra\u00edz de estos cambios, se podr\u00e1 llevar a cabo una mejor identificaci\u00f3n de brechas entre las necesidades poblaciones y oferta social.&nbsp;<\/p>\n\n\n\n<h2 class=\"wp-block-heading\">C\u00f3mo formar parte del Registro Social de Hogares&nbsp;<\/h2>\n\n\n\n<p>Quienes quieran formar parte del RSH (en reemplazo del <em>Sisb\u00e9n<\/em>) deben realizar los siguientes pasos:&nbsp;<\/p>\n\n\n\n<ul class=\"wp-block-list\">\n<li>Escribir un correo electr\u00f3nico a la casilla <a href=\"mailto:rshnacional@dnp.gov.co\">rshnacional@dnp.gov.co<\/a> solicitando iniciar el proceso de vinculaci\u00f3n con la entidad que representa<\/li>\n\n\n\n<li>El DNP remitir\u00e1 ese acuerdo de intercambio de informaci\u00f3n diccionario de variables y un agendamiento para socializar el RSH de la entidad<\/li>\n\n\n\n<li>Se agendar\u00e1n mesas t\u00e9cnicas para la selecci\u00f3n de variables a intercambiar y definici\u00f3n del mecanismo de conexi\u00f3n para consumir las bases en el RSH.&nbsp;&nbsp;<\/li>\n\n\n\n<li>Se entregar\u00e1n credenciales de acceso al RSH para que la entidad comience la consulta de la informaci\u00f3n, ingresando al m\u00f3dulo de entidades.&nbsp;<\/li>\n<\/ul>\n","protected":false},"excerpt":{"rendered":"<p>El Sistema de Identificaci\u00f3n de Potenciales Beneficiarios de Programas Sociales (Sisb\u00e9n) comunic\u00f3 un cambio para aquellas personas incluidas en los estratos 1 y 2 en Colombia, y que forman parte de ese registro.&nbsp; El Sisb\u00e9n tiene como objetivo focalizar las inversiones en ayudas econ\u00f3micas que lleva a cabo el gobierno y garantizar que el dinero &hellip;<\/p>\n<p class=\"read-more\"> <a class=\"\" href=\"https:\/\/alprestamo.com\/blog\/cambios-en-el-sisben-cuales-son-y-como-saber-si-me-afecta\/\"> <span class=\"screen-reader-text\">Cambios en el Sisb\u00e9n: cu\u00e1les son y c\u00f3mo saber si me afecta<\/span> Leer m\u00e1s &raquo;<\/a><\/p>\n","protected":false},"author":9,"featured_media":26396,"comment_status":"closed","ping_status":"closed","sticky":false,"template":"","format":"standard","meta":{"_uag_custom_page_level_css":"","site-sidebar-layout":"default","site-content-layout":"default","ast-global-header-display":"","ast-banner-title-visibility":"","ast-main-header-display":"","ast-hfb-above-header-display":"","ast-hfb-below-header-display":"","ast-hfb-mobile-header-display":"","site-post-title":"","ast-breadcrumbs-content":"","ast-featured-img":"","footer-sml-layout":"","theme-transparent-header-meta":"","adv-header-id-meta":"","stick-header-meta":"","header-above-stick-meta":"","header-main-stick-meta":"","header-below-stick-meta":"","footnotes":""},"categories":[98,100],"tags":[],"class_list":["post-26392","post","type-post","status-publish","format-standard","has-post-thumbnail","hentry","category-co","category-programas-sociales"],"acf":[],"yoast_head":"<!-- This site is optimized with the Yoast SEO plugin v23.2 - https:\/\/yoast.com\/wordpress\/plugins\/seo\/ -->\n<title>Cambios en el Sisb\u00e9n: cu\u00e1les son y c\u00f3mo saber si me afecta<\/title>\n<meta name=\"description\" content=\"El Sistema de Identificaci\u00f3n de Potenciales Beneficiarios de Programas Sociales (Sisb\u00e9n) comunic\u00f3 un cambio para aquellas personas incluidas en los\" \/>\n<meta name=\"robots\" content=\"index, follow, max-snippet:-1, max-image-preview:large, max-video-preview:-1\" \/>\n<link rel=\"canonical\" href=\"https:\/\/alprestamo.com\/blog\/cambios-en-el-sisben-cuales-son-y-como-saber-si-me-afecta\/\" \/>\n<meta property=\"og:locale\" content=\"es_ES\" \/>\n<meta property=\"og:type\" content=\"article\" \/>\n<meta property=\"og:title\" content=\"Cambios en el Sisb\u00e9n: cu\u00e1les son y c\u00f3mo saber si me afecta\" \/>\n<meta property=\"og:description\" content=\"El Sistema de Identificaci\u00f3n de Potenciales Beneficiarios de Programas Sociales (Sisb\u00e9n) comunic\u00f3 un cambio para aquellas personas incluidas en los\" \/>\n<meta property=\"og:url\" content=\"https:\/\/alprestamo.com\/blog\/cambios-en-el-sisben-cuales-son-y-como-saber-si-me-afecta\/\" \/>\n<meta property=\"og:site_name\" content=\"Alprestamo - Hacemos que todo suceda\" \/>\n<meta property=\"article:published_time\" content=\"2023-08-22T14:04:16+00:00\" \/>\n<meta property=\"article:modified_time\" content=\"2023-08-22T14:04:17+00:00\" \/>\n<meta property=\"og:image\" content=\"https:\/\/alprestamo.com\/blog\/wp-content\/uploads\/2023\/08\/sisben.png\" \/>\n\t<meta property=\"og:image:width\" content=\"1738\" \/>\n\t<meta property=\"og:image:height\" content=\"1075\" \/>\n\t<meta property=\"og:image:type\" content=\"image\/png\" \/>\n<meta name=\"author\" content=\"Ramiro Querejeta\" \/>\n<meta name=\"twitter:card\" content=\"summary_large_image\" \/>\n<meta name=\"twitter:label1\" content=\"Escrito por\" \/>\n\t<meta name=\"twitter:data1\" content=\"Ramiro Querejeta\" \/>\n\t<meta name=\"twitter:label2\" content=\"Tiempo de lectura\" \/>\n\t<meta name=\"twitter:data2\" content=\"2 minutos\" \/>\n<script type=\"application\/ld+json\" class=\"yoast-schema-graph\">{\"@context\":\"https:\/\/schema.org\",\"@graph\":[{\"@type\":\"NewsArticle\",\"@id\":\"https:\/\/alprestamo.com\/blog\/cambios-en-el-sisben-cuales-son-y-como-saber-si-me-afecta\/#article\",\"isPartOf\":{\"@id\":\"https:\/\/alprestamo.com\/blog\/cambios-en-el-sisben-cuales-son-y-como-saber-si-me-afecta\/\"},\"author\":{\"name\":\"Ramiro Querejeta\",\"@id\":\"https:\/\/alprestamo.com\/blog\/#\/schema\/person\/4c568603ceb381762b4c9062d42c7627\"},\"headline\":\"Cambios en el Sisb\u00e9n: cu\u00e1les son y c\u00f3mo saber si me afecta\",\"datePublished\":\"2023-08-22T14:04:16+00:00\",\"dateModified\":\"2023-08-22T14:04:17+00:00\",\"mainEntityOfPage\":{\"@id\":\"https:\/\/alprestamo.com\/blog\/cambios-en-el-sisben-cuales-son-y-como-saber-si-me-afecta\/\"},\"wordCount\":430,\"publisher\":{\"@id\":\"https:\/\/alprestamo.com\/blog\/#organization\"},\"image\":{\"@id\":\"https:\/\/alprestamo.com\/blog\/cambios-en-el-sisben-cuales-son-y-como-saber-si-me-afecta\/#primaryimage\"},\"thumbnailUrl\":\"https:\/\/alprestamo.com\/blog\/wp-content\/uploads\/2023\/08\/sisben.png\",\"articleSection\":[\"CO\",\"Programas sociales\"],\"inLanguage\":\"es-AR\"},{\"@type\":\"WebPage\",\"@id\":\"https:\/\/alprestamo.com\/blog\/cambios-en-el-sisben-cuales-son-y-como-saber-si-me-afecta\/\",\"url\":\"https:\/\/alprestamo.com\/blog\/cambios-en-el-sisben-cuales-son-y-como-saber-si-me-afecta\/\",\"name\":\"Cambios en el Sisb\u00e9n: cu\u00e1les son y c\u00f3mo saber si me afecta\",\"isPartOf\":{\"@id\":\"https:\/\/alprestamo.com\/blog\/#website\"},\"primaryImageOfPage\":{\"@id\":\"https:\/\/alprestamo.com\/blog\/cambios-en-el-sisben-cuales-son-y-como-saber-si-me-afecta\/#primaryimage\"},\"image\":{\"@id\":\"https:\/\/alprestamo.com\/blog\/cambios-en-el-sisben-cuales-son-y-como-saber-si-me-afecta\/#primaryimage\"},\"thumbnailUrl\":\"https:\/\/alprestamo.com\/blog\/wp-content\/uploads\/2023\/08\/sisben.png\",\"datePublished\":\"2023-08-22T14:04:16+00:00\",\"dateModified\":\"2023-08-22T14:04:17+00:00\",\"description\":\"El Sistema de Identificaci\u00f3n de Potenciales Beneficiarios de Programas Sociales (Sisb\u00e9n) comunic\u00f3 un cambio para aquellas personas incluidas en los\",\"breadcrumb\":{\"@id\":\"https:\/\/alprestamo.com\/blog\/cambios-en-el-sisben-cuales-son-y-como-saber-si-me-afecta\/#breadcrumb\"},\"inLanguage\":\"es-AR\",\"potentialAction\":[{\"@type\":\"ReadAction\",\"target\":[\"https:\/\/alprestamo.com\/blog\/cambios-en-el-sisben-cuales-son-y-como-saber-si-me-afecta\/\"]}]},{\"@type\":\"ImageObject\",\"inLanguage\":\"es-AR\",\"@id\":\"https:\/\/alprestamo.com\/blog\/cambios-en-el-sisben-cuales-son-y-como-saber-si-me-afecta\/#primaryimage\",\"url\":\"https:\/\/alprestamo.com\/blog\/wp-content\/uploads\/2023\/08\/sisben.png\",\"contentUrl\":\"https:\/\/alprestamo.com\/blog\/wp-content\/uploads\/2023\/08\/sisben.png\",\"width\":1738,\"height\":1075,\"caption\":\"Logo de Sisb\u00e9n\"},{\"@type\":\"BreadcrumbList\",\"@id\":\"https:\/\/alprestamo.com\/blog\/cambios-en-el-sisben-cuales-son-y-como-saber-si-me-afecta\/#breadcrumb\",\"itemListElement\":[{\"@type\":\"ListItem\",\"position\":1,\"name\":\"Home\",\"item\":\"https:\/\/alprestamo.com\/blog\/\"},{\"@type\":\"ListItem\",\"position\":2,\"name\":\"Cambios en el Sisb\u00e9n: cu\u00e1les son y c\u00f3mo saber si me afecta\"}]},{\"@type\":\"WebSite\",\"@id\":\"https:\/\/alprestamo.com\/blog\/#website\",\"url\":\"https:\/\/alprestamo.com\/blog\/\",\"name\":\"Alprestamo\",\"description\":\"Hacemos que todo suceda\",\"publisher\":{\"@id\":\"https:\/\/alprestamo.com\/blog\/#organization\"},\"potentialAction\":[{\"@type\":\"SearchAction\",\"target\":{\"@type\":\"EntryPoint\",\"urlTemplate\":\"https:\/\/alprestamo.com\/blog\/?s={search_term_string}\"},\"query-input\":\"required name=search_term_string\"}],\"inLanguage\":\"es-AR\"},{\"@type\":\"Organization\",\"@id\":\"https:\/\/alprestamo.com\/blog\/#organization\",\"name\":\"Alprestamo\",\"url\":\"https:\/\/alprestamo.com\/blog\/\",\"logo\":{\"@type\":\"ImageObject\",\"inLanguage\":\"es-AR\",\"@id\":\"https:\/\/alprestamo.com\/blog\/#\/schema\/logo\/image\/\",\"url\":\"https:\/\/alprestamo.com\/blog\/wp-content\/uploads\/2022\/10\/Imagotipo_Blanco.svg\",\"contentUrl\":\"https:\/\/alprestamo.com\/blog\/wp-content\/uploads\/2022\/10\/Imagotipo_Blanco.svg\",\"width\":1199,\"height\":203,\"caption\":\"Alprestamo\"},\"image\":{\"@id\":\"https:\/\/alprestamo.com\/blog\/#\/schema\/logo\/image\/\"}},{\"@type\":\"Person\",\"@id\":\"https:\/\/alprestamo.com\/blog\/#\/schema\/person\/4c568603ceb381762b4c9062d42c7627\",\"name\":\"Ramiro Querejeta\",\"image\":{\"@type\":\"ImageObject\",\"inLanguage\":\"es-AR\",\"@id\":\"https:\/\/alprestamo.com\/blog\/#\/schema\/person\/image\/\",\"url\":\"https:\/\/alprestamo.com\/blog\/wp-content\/uploads\/2025\/08\/1688503693490-150x150.jpeg\",\"contentUrl\":\"https:\/\/alprestamo.com\/blog\/wp-content\/uploads\/2025\/08\/1688503693490-150x150.jpeg\",\"caption\":\"Ramiro Querejeta\"},\"url\":\"https:\/\/alprestamo.com\/blog\/author\/ramiro\/\"}]}<\/script>\n<!-- \/ Yoast SEO plugin. -->","yoast_head_json":{"title":"Cambios en el Sisb\u00e9n: cu\u00e1les son y c\u00f3mo saber si me afecta","description":"El Sistema de Identificaci\u00f3n de Potenciales Beneficiarios de Programas Sociales (Sisb\u00e9n) comunic\u00f3 un cambio para aquellas personas incluidas en los","robots":{"index":"index","follow":"follow","max-snippet":"max-snippet:-1","max-image-preview":"max-image-preview:large","max-video-preview":"max-video-preview:-1"},"canonical":"https:\/\/alprestamo.com\/blog\/cambios-en-el-sisben-cuales-son-y-como-saber-si-me-afecta\/","og_locale":"es_ES","og_type":"article","og_title":"Cambios en el Sisb\u00e9n: cu\u00e1les son y c\u00f3mo saber si me afecta","og_description":"El Sistema de Identificaci\u00f3n de Potenciales Beneficiarios de Programas Sociales (Sisb\u00e9n) comunic\u00f3 un cambio para aquellas personas incluidas en los","og_url":"https:\/\/alprestamo.com\/blog\/cambios-en-el-sisben-cuales-son-y-como-saber-si-me-afecta\/","og_site_name":"Alprestamo - Hacemos que todo suceda","article_published_time":"2023-08-22T14:04:16+00:00","article_modified_time":"2023-08-22T14:04:17+00:00","og_image":[{"width":1738,"height":1075,"url":"https:\/\/alprestamo.com\/blog\/wp-content\/uploads\/2023\/08\/sisben.png","type":"image\/png"}],"author":"Ramiro Querejeta","twitter_card":"summary_large_image","twitter_misc":{"Escrito por":"Ramiro Querejeta","Tiempo de lectura":"2 minutos"},"schema":{"@context":"https:\/\/schema.org","@graph":[{"@type":"NewsArticle","@id":"https:\/\/alprestamo.com\/blog\/cambios-en-el-sisben-cuales-son-y-como-saber-si-me-afecta\/#article","isPartOf":{"@id":"https:\/\/alprestamo.com\/blog\/cambios-en-el-sisben-cuales-son-y-como-saber-si-me-afecta\/"},"author":{"name":"Ramiro Querejeta","@id":"https:\/\/alprestamo.com\/blog\/#\/schema\/person\/4c568603ceb381762b4c9062d42c7627"},"headline":"Cambios en el Sisb\u00e9n: cu\u00e1les son y c\u00f3mo saber si me afecta","datePublished":"2023-08-22T14:04:16+00:00","dateModified":"2023-08-22T14:04:17+00:00","mainEntityOfPage":{"@id":"https:\/\/alprestamo.com\/blog\/cambios-en-el-sisben-cuales-son-y-como-saber-si-me-afecta\/"},"wordCount":430,"publisher":{"@id":"https:\/\/alprestamo.com\/blog\/#organization"},"image":{"@id":"https:\/\/alprestamo.com\/blog\/cambios-en-el-sisben-cuales-son-y-como-saber-si-me-afecta\/#primaryimage"},"thumbnailUrl":"https:\/\/alprestamo.com\/blog\/wp-content\/uploads\/2023\/08\/sisben.png","articleSection":["CO","Programas sociales"],"inLanguage":"es-AR"},{"@type":"WebPage","@id":"https:\/\/alprestamo.com\/blog\/cambios-en-el-sisben-cuales-son-y-como-saber-si-me-afecta\/","url":"https:\/\/alprestamo.com\/blog\/cambios-en-el-sisben-cuales-son-y-como-saber-si-me-afecta\/","name":"Cambios en el Sisb\u00e9n: cu\u00e1les son y c\u00f3mo saber si me afecta","isPartOf":{"@id":"https:\/\/alprestamo.com\/blog\/#website"},"primaryImageOfPage":{"@id":"https:\/\/alprestamo.com\/blog\/cambios-en-el-sisben-cuales-son-y-como-saber-si-me-afecta\/#primaryimage"},"image":{"@id":"https:\/\/alprestamo.com\/blog\/cambios-en-el-sisben-cuales-son-y-como-saber-si-me-afecta\/#primaryimage"},"thumbnailUrl":"https:\/\/alprestamo.com\/blog\/wp-content\/uploads\/2023\/08\/sisben.png","datePublished":"2023-08-22T14:04:16+00:00","dateModified":"2023-08-22T14:04:17+00:00","description":"El Sistema de Identificaci\u00f3n de Potenciales Beneficiarios de Programas Sociales (Sisb\u00e9n) comunic\u00f3 un cambio para aquellas personas incluidas en los","breadcrumb":{"@id":"https:\/\/alprestamo.com\/blog\/cambios-en-el-sisben-cuales-son-y-como-saber-si-me-afecta\/#breadcrumb"},"inLanguage":"es-AR","potentialAction":[{"@type":"ReadAction","target":["https:\/\/alprestamo.com\/blog\/cambios-en-el-sisben-cuales-son-y-como-saber-si-me-afecta\/"]}]},{"@type":"ImageObject","inLanguage":"es-AR","@id":"https:\/\/alprestamo.com\/blog\/cambios-en-el-sisben-cuales-son-y-como-saber-si-me-afecta\/#primaryimage","url":"https:\/\/alprestamo.com\/blog\/wp-content\/uploads\/2023\/08\/sisben.png","contentUrl":"https:\/\/alprestamo.com\/blog\/wp-content\/uploads\/2023\/08\/sisben.png","width":1738,"height":1075,"caption":"Logo de Sisb\u00e9n"},{"@type":"BreadcrumbList","@id":"https:\/\/alprestamo.com\/blog\/cambios-en-el-sisben-cuales-son-y-como-saber-si-me-afecta\/#breadcrumb","itemListElement":[{"@type":"ListItem","position":1,"name":"Home","item":"https:\/\/alprestamo.com\/blog\/"},{"@type":"ListItem","position":2,"name":"Cambios en el Sisb\u00e9n: cu\u00e1les son y c\u00f3mo saber si me afecta"}]},{"@type":"WebSite","@id":"https:\/\/alprestamo.com\/blog\/#website","url":"https:\/\/alprestamo.com\/blog\/","name":"Alprestamo","description":"Hacemos que todo suceda","publisher":{"@id":"https:\/\/alprestamo.com\/blog\/#organization"},"potentialAction":[{"@type":"SearchAction","target":{"@type":"EntryPoint","urlTemplate":"https:\/\/alprestamo.com\/blog\/?s={search_term_string}"},"query-input":"required name=search_term_string"}],"inLanguage":"es-AR"},{"@type":"Organization","@id":"https:\/\/alprestamo.com\/blog\/#organization","name":"Alprestamo","url":"https:\/\/alprestamo.com\/blog\/","logo":{"@type":"ImageObject","inLanguage":"es-AR","@id":"https:\/\/alprestamo.com\/blog\/#\/schema\/logo\/image\/","url":"https:\/\/alprestamo.com\/blog\/wp-content\/uploads\/2022\/10\/Imagotipo_Blanco.svg","contentUrl":"https:\/\/alprestamo.com\/blog\/wp-content\/uploads\/2022\/10\/Imagotipo_Blanco.svg","width":1199,"height":203,"caption":"Alprestamo"},"image":{"@id":"https:\/\/alprestamo.com\/blog\/#\/schema\/logo\/image\/"}},{"@type":"Person","@id":"https:\/\/alprestamo.com\/blog\/#\/schema\/person\/4c568603ceb381762b4c9062d42c7627","name":"Ramiro Querejeta","image":{"@type":"ImageObject","inLanguage":"es-AR","@id":"https:\/\/alprestamo.com\/blog\/#\/schema\/person\/image\/","url":"https:\/\/alprestamo.com\/blog\/wp-content\/uploads\/2025\/08\/1688503693490-150x150.jpeg","contentUrl":"https:\/\/alprestamo.com\/blog\/wp-content\/uploads\/2025\/08\/1688503693490-150x150.jpeg","caption":"Ramiro Querejeta"},"url":"https:\/\/alprestamo.com\/blog\/author\/ramiro\/"}]}},"uagb_featured_image_src":{"full":["https:\/\/alprestamo.com\/blog\/wp-content\/uploads\/2023\/08\/sisben.png",1738,1075,false],"thumbnail":["https:\/\/alprestamo.com\/blog\/wp-content\/uploads\/2023\/08\/sisben-150x150.png",150,150,true],"medium":["https:\/\/alprestamo.com\/blog\/wp-content\/uploads\/2023\/08\/sisben-300x186.png",300,186,true],"medium_large":["https:\/\/alprestamo.com\/blog\/wp-content\/uploads\/2023\/08\/sisben-768x475.png",768,475,true],"large":["https:\/\/alprestamo.com\/blog\/wp-content\/uploads\/2023\/08\/sisben-1024x633.png",1024,633,true],"1536x1536":["https:\/\/alprestamo.com\/blog\/wp-content\/uploads\/2023\/08\/sisben-1536x950.png",1536,950,true],"2048x2048":["https:\/\/alprestamo.com\/blog\/wp-content\/uploads\/2023\/08\/sisben.png",1738,1075,false]},"uagb_author_info":{"display_name":"Ramiro Querejeta","author_link":"https:\/\/alprestamo.com\/blog\/author\/ramiro\/"},"uagb_comment_info":0,"uagb_excerpt":"El Sistema de Identificaci\u00f3n de Potenciales Beneficiarios de Programas Sociales (Sisb\u00e9n) comunic\u00f3 un cambio para aquellas personas incluidas en los estratos 1 y 2 en Colombia, y que forman parte de ese registro.&nbsp; El Sisb\u00e9n tiene como objetivo focalizar las inversiones en ayudas econ\u00f3micas que lleva a cabo el gobierno y garantizar que el dinero&hellip;","rttpg_featured_image_url":{"full":["https:\/\/alprestamo.com\/blog\/wp-content\/uploads\/2023\/08\/sisben.png",1738,1075,false],"landscape":["https:\/\/alprestamo.com\/blog\/wp-content\/uploads\/2023\/08\/sisben.png",1738,1075,false],"portraits":["https:\/\/alprestamo.com\/blog\/wp-content\/uploads\/2023\/08\/sisben.png",1738,1075,false],"thumbnail":["https:\/\/alprestamo.com\/blog\/wp-content\/uploads\/2023\/08\/sisben-150x150.png",150,150,true],"medium":["https:\/\/alprestamo.com\/blog\/wp-content\/uploads\/2023\/08\/sisben-300x186.png",300,186,true],"large":["https:\/\/alprestamo.com\/blog\/wp-content\/uploads\/2023\/08\/sisben-1024x633.png",1024,633,true],"1536x1536":["https:\/\/alprestamo.com\/blog\/wp-content\/uploads\/2023\/08\/sisben-1536x950.png",1536,950,true],"2048x2048":["https:\/\/alprestamo.com\/blog\/wp-content\/uploads\/2023\/08\/sisben.png",1738,1075,false],"rt_custom":["https:\/\/alprestamo.com\/blog\/wp-content\/uploads\/2023\/08\/sisben.png",1738,1075,false]},"rttpg_author":{"display_name":"Ramiro Querejeta","author_link":"https:\/\/alprestamo.com\/blog\/author\/ramiro\/"},"rttpg_comment":0,"rttpg_category":"<a href=\"https:\/\/alprestamo.com\/blog\/categoria\/co\/\" rel=\"category tag\">CO<\/a> <a href=\"https:\/\/alprestamo.com\/blog\/categoria\/co\/programas-sociales\/\" rel=\"category tag\">Programas sociales<\/a>","rttpg_excerpt":"El Sistema de Identificaci\u00f3n de Potenciales Beneficiarios de Programas Sociales (Sisb\u00e9n) comunic\u00f3 un cambio para aquellas personas incluidas en los estratos 1 y 2 en Colombia, y que forman parte de ese registro.&nbsp; El Sisb\u00e9n tiene como objetivo focalizar las inversiones en ayudas econ\u00f3micas que lleva a cabo el gobierno y garantizar que el dinero&hellip;","_links":{"self":[{"href":"https:\/\/alprestamo.com\/blog\/wp-json\/wp\/v2\/posts\/26392"}],"collection":[{"href":"https:\/\/alprestamo.com\/blog\/wp-json\/wp\/v2\/posts"}],"about":[{"href":"https:\/\/alprestamo.com\/blog\/wp-json\/wp\/v2\/types\/post"}],"author":[{"embeddable":true,"href":"https:\/\/alprestamo.com\/blog\/wp-json\/wp\/v2\/users\/9"}],"replies":[{"embeddable":true,"href":"https:\/\/alprestamo.com\/blog\/wp-json\/wp\/v2\/comments?post=26392"}],"version-history":[{"count":2,"href":"https:\/\/alprestamo.com\/blog\/wp-json\/wp\/v2\/posts\/26392\/revisions"}],"predecessor-version":[{"id":26397,"href":"https:\/\/alprestamo.com\/blog\/wp-json\/wp\/v2\/posts\/26392\/revisions\/26397"}],"wp:featuredmedia":[{"embeddable":true,"href":"https:\/\/alprestamo.com\/blog\/wp-json\/wp\/v2\/media\/26396"}],"wp:attachment":[{"href":"https:\/\/alprestamo.com\/blog\/wp-json\/wp\/v2\/media?parent=26392"}],"wp:term":[{"taxonomy":"category","embeddable":true,"href":"https:\/\/alprestamo.com\/blog\/wp-json\/wp\/v2\/categories?post=26392"},{"taxonomy":"post_tag","embeddable":true,"href":"https:\/\/alprestamo.com\/blog\/wp-json\/wp\/v2\/tags?post=26392"}],"curies":[{"name":"wp","href":"https:\/\/api.w.org\/{rel}","templated":true}]}}