{"id":26653,"date":"2023-08-25T12:44:04","date_gmt":"2023-08-25T15:44:04","guid":{"rendered":"https:\/\/alprestamo.com\/blog\/?p=26653"},"modified":"2023-08-25T12:44:05","modified_gmt":"2023-08-25T15:44:05","slug":"mi-beca-para-empezar-cuando-depositan-los-fondos-de-septiembre","status":"publish","type":"post","link":"https:\/\/alprestamo.com\/blog\/mi-beca-para-empezar-cuando-depositan-los-fondos-de-septiembre\/","title":{"rendered":"Mi Beca para Empezar: cu\u00e1ndo depositan los fondos de septiembre"},"content":{"rendered":"\n<p>El <strong>ciclo escolar 2023-2024<\/strong> est\u00e1 por comenzar, por lo que luego de adquirir la ayuda para la compra de uniformes y \u00fatiles escolares, el pr\u00f3ximo pago de <strong>Mi Beca para Empezar<\/strong> corresponde a septiembre.&nbsp;<\/p>\n\n\n\n<p>Seg\u00fan el calendario de pagos de <a href=\"https:\/\/alprestamo.com\/blog\/mx\/programas-sociales-mx\/mi-beca-para-empezar-hasta-cuando-es-la-fecha-para-inscribirse\/\">Mi Beca para Empezar<\/a>, el dep\u00f3sito de ese mes ser\u00e1 el primero del ciclo 23-24. En este periodo se contabilizan un<strong> total de 10 dep\u00f3sitos <\/strong>que las y los beneficiarios cobrar\u00e1n de forma peri\u00f3dica y hasta junio de 2024.\u00a0<\/p>\n\n\n\n<h2 class=\"wp-block-heading\">Cu\u00e1ndo cobro el monto de Mi Beca para Empezar en septiembre<\/h2>\n\n\n\n<p>Pese a la cercan\u00eda del inicio del mes, el gobierno mexicano no comunic\u00f3 la fecha exacta en que se har\u00e1 el pago.&nbsp;<\/p>\n\n\n\n<p>Todav\u00eda no se ha dado a conocer informaci\u00f3n oficial, por lo que es probable que el monto de la <a href=\"https:\/\/alprestamo.com\/blog\/mx\/programas-sociales-mx\/beca-jovenes-escribiendo-el-futuro-cuanto-paga-y-como-inscribirse\/\">beca <\/a>se lleve a cabo los primeros d\u00edas del mes. Es por eso que si eres beneficiario de Mi Beca para Empezar, debes estar atento a las redes sociales y canales oficiales de comunicaci\u00f3n del <a href=\"https:\/\/alprestamo.com\/blog\/mx\/programas-sociales-mx\/que-programas-sociales-ofrecera-el-estado-mexicano-en-el-2023\/\">programa<\/a>.\u00a0<\/p>\n\n\n\n<h2 class=\"wp-block-heading\">Montos que entrega Mi Beca para Empezar<\/h2>\n\n\n\n<p>La cantidad de dinero que otorga Mi Beca para Empezar var\u00eda de acuerdo al <strong>nivel educativo <\/strong>de los alumnos y alumnas. Para esta ocasi\u00f3n, las autoridades aprobaron un <strong>incremento de la beca del 20%,<\/strong> por lo que los dep\u00f3sitos quedar\u00edan de esta forma:&nbsp;<\/p>\n\n\n\n<p>Preescolar: 600 pesos por mes<\/p>\n\n\n\n<p>Primaria: 650 pesos por mes<\/p>\n\n\n\n<p>Secundaria: 650 pesos por mes&nbsp;<\/p>\n\n\n\n<p>Centros de Atenci\u00f3n M\u00faltiple (CAM): 600 pesos por mes<\/p>\n\n\n\n<h2 class=\"wp-block-heading\">Registro para el cobro de Mi Beca para Empezar<\/h2>\n\n\n\n<p>Para<a href=\"https:\/\/alprestamo.com\/blog\/mx\/programas-sociales-mx\/beca-benito-juarez-2023-de-cuanto-es-el-nuevo-monto-y-donde-me-registro\/\"> registrarse y poder acceder<\/a> a<em> Mi Beca para Empezar<\/em> se deben seguir los siguientes pasos:\u00a0<\/p>\n\n\n\n<ul class=\"wp-block-list\">\n<li>Ingresar a la p\u00e1gina web del siguiente <a href=\"https:\/\/www.mibecaparaempezar.cdmx.gob.mx\/\">enlace&nbsp;<\/a><\/li>\n\n\n\n<li>Hacer clic en el bot\u00f3n \u201cregistrate\u201d<\/li>\n\n\n\n<li>Ingresa tus datos personales<\/li>\n\n\n\n<li>Sube una copia de la CURP de la o el beneficiario<\/li>\n\n\n\n<li>Subir una copia de la identificaci\u00f3n oficial vigente del tutor<\/li>\n\n\n\n<li>Contestar la encuesta socioecon\u00f3mica<\/li>\n\n\n\n<li>Hacer clic en \u201cenviar\u201d&nbsp;<\/li>\n<\/ul>\n","protected":false},"excerpt":{"rendered":"<p>El ciclo escolar 2023-2024 est\u00e1 por comenzar, por lo que luego de adquirir la ayuda para la compra de uniformes y \u00fatiles escolares, el pr\u00f3ximo pago de Mi Beca para Empezar corresponde a septiembre.&nbsp; Seg\u00fan el calendario de pagos de Mi Beca para Empezar, el dep\u00f3sito de ese mes ser\u00e1 el primero del ciclo 23-24. &hellip;<\/p>\n<p class=\"read-more\"> <a class=\"\" href=\"https:\/\/alprestamo.com\/blog\/mi-beca-para-empezar-cuando-depositan-los-fondos-de-septiembre\/\"> <span class=\"screen-reader-text\">Mi Beca para Empezar: cu\u00e1ndo depositan los fondos de septiembre<\/span> Leer m\u00e1s &raquo;<\/a><\/p>\n","protected":false},"author":9,"featured_media":26656,"comment_status":"closed","ping_status":"closed","sticky":false,"template":"","format":"standard","meta":{"_uag_custom_page_level_css":"","site-sidebar-layout":"default","site-content-layout":"default","ast-global-header-display":"","ast-banner-title-visibility":"","ast-main-header-display":"","ast-hfb-above-header-display":"","ast-hfb-below-header-display":"","ast-hfb-mobile-header-display":"","site-post-title":"","ast-breadcrumbs-content":"","ast-featured-img":"","footer-sml-layout":"","theme-transparent-header-meta":"","adv-header-id-meta":"","stick-header-meta":"","header-above-stick-meta":"","header-main-stick-meta":"","header-below-stick-meta":"","footnotes":""},"categories":[130,32],"tags":[],"class_list":["post-26653","post","type-post","status-publish","format-standard","has-post-thumbnail","hentry","category-mx","category-programas-sociales-mx"],"acf":[],"yoast_head":"<!-- This site is optimized with the Yoast SEO plugin v23.2 - https:\/\/yoast.com\/wordpress\/plugins\/seo\/ -->\n<title>Mi Beca para Empezar: cu\u00e1ndo depositan los fondos de septiembre<\/title>\n<meta name=\"description\" content=\"El ciclo escolar 2023-2024 est\u00e1 por comenzar, por lo que luego de adquirir la ayuda para la compra de uniformes y \u00fatiles escolares, el pr\u00f3ximo pago de Mi\" \/>\n<meta name=\"robots\" content=\"index, follow, max-snippet:-1, max-image-preview:large, max-video-preview:-1\" \/>\n<link rel=\"canonical\" href=\"https:\/\/alprestamo.com\/blog\/mi-beca-para-empezar-cuando-depositan-los-fondos-de-septiembre\/\" \/>\n<meta property=\"og:locale\" content=\"es_ES\" \/>\n<meta property=\"og:type\" content=\"article\" \/>\n<meta property=\"og:title\" content=\"Mi Beca para Empezar: cu\u00e1ndo depositan los fondos de septiembre\" \/>\n<meta property=\"og:description\" content=\"El ciclo escolar 2023-2024 est\u00e1 por comenzar, por lo que luego de adquirir la ayuda para la compra de uniformes y \u00fatiles escolares, el pr\u00f3ximo pago de Mi\" \/>\n<meta property=\"og:url\" content=\"https:\/\/alprestamo.com\/blog\/mi-beca-para-empezar-cuando-depositan-los-fondos-de-septiembre\/\" \/>\n<meta property=\"og:site_name\" content=\"Alprestamo - Hacemos que todo suceda\" \/>\n<meta property=\"article:published_time\" content=\"2023-08-25T15:44:04+00:00\" \/>\n<meta property=\"article:modified_time\" content=\"2023-08-25T15:44:05+00:00\" \/>\n<meta property=\"og:image\" content=\"https:\/\/alprestamo.com\/blog\/wp-content\/uploads\/2023\/08\/mi-beca-para-empezar-mx.jpg\" \/>\n\t<meta property=\"og:image:width\" content=\"1050\" \/>\n\t<meta property=\"og:image:height\" content=\"620\" \/>\n\t<meta property=\"og:image:type\" content=\"image\/jpeg\" \/>\n<meta name=\"author\" content=\"Ramiro Querejeta\" \/>\n<meta name=\"twitter:card\" content=\"summary_large_image\" \/>\n<meta name=\"twitter:label1\" content=\"Escrito por\" \/>\n\t<meta name=\"twitter:data1\" content=\"Ramiro Querejeta\" \/>\n\t<meta name=\"twitter:label2\" content=\"Tiempo de lectura\" \/>\n\t<meta name=\"twitter:data2\" content=\"2 minutos\" \/>\n<script type=\"application\/ld+json\" class=\"yoast-schema-graph\">{\"@context\":\"https:\/\/schema.org\",\"@graph\":[{\"@type\":\"NewsArticle\",\"@id\":\"https:\/\/alprestamo.com\/blog\/mi-beca-para-empezar-cuando-depositan-los-fondos-de-septiembre\/#article\",\"isPartOf\":{\"@id\":\"https:\/\/alprestamo.com\/blog\/mi-beca-para-empezar-cuando-depositan-los-fondos-de-septiembre\/\"},\"author\":{\"name\":\"Ramiro Querejeta\",\"@id\":\"https:\/\/alprestamo.com\/blog\/#\/schema\/person\/4c568603ceb381762b4c9062d42c7627\"},\"headline\":\"Mi Beca para Empezar: cu\u00e1ndo depositan los fondos de septiembre\",\"datePublished\":\"2023-08-25T15:44:04+00:00\",\"dateModified\":\"2023-08-25T15:44:05+00:00\",\"mainEntityOfPage\":{\"@id\":\"https:\/\/alprestamo.com\/blog\/mi-beca-para-empezar-cuando-depositan-los-fondos-de-septiembre\/\"},\"wordCount\":345,\"publisher\":{\"@id\":\"https:\/\/alprestamo.com\/blog\/#organization\"},\"image\":{\"@id\":\"https:\/\/alprestamo.com\/blog\/mi-beca-para-empezar-cuando-depositan-los-fondos-de-septiembre\/#primaryimage\"},\"thumbnailUrl\":\"https:\/\/alprestamo.com\/blog\/wp-content\/uploads\/2023\/08\/mi-beca-para-empezar-mx.jpg\",\"articleSection\":[\"MX\",\"Programas Sociales\"],\"inLanguage\":\"es-AR\"},{\"@type\":\"WebPage\",\"@id\":\"https:\/\/alprestamo.com\/blog\/mi-beca-para-empezar-cuando-depositan-los-fondos-de-septiembre\/\",\"url\":\"https:\/\/alprestamo.com\/blog\/mi-beca-para-empezar-cuando-depositan-los-fondos-de-septiembre\/\",\"name\":\"Mi Beca para Empezar: cu\u00e1ndo depositan los fondos de septiembre\",\"isPartOf\":{\"@id\":\"https:\/\/alprestamo.com\/blog\/#website\"},\"primaryImageOfPage\":{\"@id\":\"https:\/\/alprestamo.com\/blog\/mi-beca-para-empezar-cuando-depositan-los-fondos-de-septiembre\/#primaryimage\"},\"image\":{\"@id\":\"https:\/\/alprestamo.com\/blog\/mi-beca-para-empezar-cuando-depositan-los-fondos-de-septiembre\/#primaryimage\"},\"thumbnailUrl\":\"https:\/\/alprestamo.com\/blog\/wp-content\/uploads\/2023\/08\/mi-beca-para-empezar-mx.jpg\",\"datePublished\":\"2023-08-25T15:44:04+00:00\",\"dateModified\":\"2023-08-25T15:44:05+00:00\",\"description\":\"El ciclo escolar 2023-2024 est\u00e1 por comenzar, por lo que luego de adquirir la ayuda para la compra de uniformes y \u00fatiles escolares, el pr\u00f3ximo pago de Mi\",\"breadcrumb\":{\"@id\":\"https:\/\/alprestamo.com\/blog\/mi-beca-para-empezar-cuando-depositan-los-fondos-de-septiembre\/#breadcrumb\"},\"inLanguage\":\"es-AR\",\"potentialAction\":[{\"@type\":\"ReadAction\",\"target\":[\"https:\/\/alprestamo.com\/blog\/mi-beca-para-empezar-cuando-depositan-los-fondos-de-septiembre\/\"]}]},{\"@type\":\"ImageObject\",\"inLanguage\":\"es-AR\",\"@id\":\"https:\/\/alprestamo.com\/blog\/mi-beca-para-empezar-cuando-depositan-los-fondos-de-septiembre\/#primaryimage\",\"url\":\"https:\/\/alprestamo.com\/blog\/wp-content\/uploads\/2023\/08\/mi-beca-para-empezar-mx.jpg\",\"contentUrl\":\"https:\/\/alprestamo.com\/blog\/wp-content\/uploads\/2023\/08\/mi-beca-para-empezar-mx.jpg\",\"width\":1050,\"height\":620,\"caption\":\"Tarjeta de Mi Beca para Empezar\"},{\"@type\":\"BreadcrumbList\",\"@id\":\"https:\/\/alprestamo.com\/blog\/mi-beca-para-empezar-cuando-depositan-los-fondos-de-septiembre\/#breadcrumb\",\"itemListElement\":[{\"@type\":\"ListItem\",\"position\":1,\"name\":\"Home\",\"item\":\"https:\/\/alprestamo.com\/blog\/\"},{\"@type\":\"ListItem\",\"position\":2,\"name\":\"Mi Beca para Empezar: cu\u00e1ndo depositan los fondos de septiembre\"}]},{\"@type\":\"WebSite\",\"@id\":\"https:\/\/alprestamo.com\/blog\/#website\",\"url\":\"https:\/\/alprestamo.com\/blog\/\",\"name\":\"Alprestamo\",\"description\":\"Hacemos que todo suceda\",\"publisher\":{\"@id\":\"https:\/\/alprestamo.com\/blog\/#organization\"},\"potentialAction\":[{\"@type\":\"SearchAction\",\"target\":{\"@type\":\"EntryPoint\",\"urlTemplate\":\"https:\/\/alprestamo.com\/blog\/?s={search_term_string}\"},\"query-input\":\"required name=search_term_string\"}],\"inLanguage\":\"es-AR\"},{\"@type\":\"Organization\",\"@id\":\"https:\/\/alprestamo.com\/blog\/#organization\",\"name\":\"Alprestamo\",\"url\":\"https:\/\/alprestamo.com\/blog\/\",\"logo\":{\"@type\":\"ImageObject\",\"inLanguage\":\"es-AR\",\"@id\":\"https:\/\/alprestamo.com\/blog\/#\/schema\/logo\/image\/\",\"url\":\"https:\/\/alprestamo.com\/blog\/wp-content\/uploads\/2022\/10\/Imagotipo_Blanco.svg\",\"contentUrl\":\"https:\/\/alprestamo.com\/blog\/wp-content\/uploads\/2022\/10\/Imagotipo_Blanco.svg\",\"width\":1199,\"height\":203,\"caption\":\"Alprestamo\"},\"image\":{\"@id\":\"https:\/\/alprestamo.com\/blog\/#\/schema\/logo\/image\/\"}},{\"@type\":\"Person\",\"@id\":\"https:\/\/alprestamo.com\/blog\/#\/schema\/person\/4c568603ceb381762b4c9062d42c7627\",\"name\":\"Ramiro Querejeta\",\"image\":{\"@type\":\"ImageObject\",\"inLanguage\":\"es-AR\",\"@id\":\"https:\/\/alprestamo.com\/blog\/#\/schema\/person\/image\/\",\"url\":\"https:\/\/alprestamo.com\/blog\/wp-content\/uploads\/2025\/08\/1688503693490-150x150.jpeg\",\"contentUrl\":\"https:\/\/alprestamo.com\/blog\/wp-content\/uploads\/2025\/08\/1688503693490-150x150.jpeg\",\"caption\":\"Ramiro Querejeta\"},\"url\":\"https:\/\/alprestamo.com\/blog\/author\/ramiro\/\"}]}<\/script>\n<!-- \/ Yoast SEO plugin. -->","yoast_head_json":{"title":"Mi Beca para Empezar: cu\u00e1ndo depositan los fondos de septiembre","description":"El ciclo escolar 2023-2024 est\u00e1 por comenzar, por lo que luego de adquirir la ayuda para la compra de uniformes y \u00fatiles escolares, el pr\u00f3ximo pago de Mi","robots":{"index":"index","follow":"follow","max-snippet":"max-snippet:-1","max-image-preview":"max-image-preview:large","max-video-preview":"max-video-preview:-1"},"canonical":"https:\/\/alprestamo.com\/blog\/mi-beca-para-empezar-cuando-depositan-los-fondos-de-septiembre\/","og_locale":"es_ES","og_type":"article","og_title":"Mi Beca para Empezar: cu\u00e1ndo depositan los fondos de septiembre","og_description":"El ciclo escolar 2023-2024 est\u00e1 por comenzar, por lo que luego de adquirir la ayuda para la compra de uniformes y \u00fatiles escolares, el pr\u00f3ximo pago de Mi","og_url":"https:\/\/alprestamo.com\/blog\/mi-beca-para-empezar-cuando-depositan-los-fondos-de-septiembre\/","og_site_name":"Alprestamo - Hacemos que todo suceda","article_published_time":"2023-08-25T15:44:04+00:00","article_modified_time":"2023-08-25T15:44:05+00:00","og_image":[{"width":1050,"height":620,"url":"https:\/\/alprestamo.com\/blog\/wp-content\/uploads\/2023\/08\/mi-beca-para-empezar-mx.jpg","type":"image\/jpeg"}],"author":"Ramiro Querejeta","twitter_card":"summary_large_image","twitter_misc":{"Escrito por":"Ramiro Querejeta","Tiempo de lectura":"2 minutos"},"schema":{"@context":"https:\/\/schema.org","@graph":[{"@type":"NewsArticle","@id":"https:\/\/alprestamo.com\/blog\/mi-beca-para-empezar-cuando-depositan-los-fondos-de-septiembre\/#article","isPartOf":{"@id":"https:\/\/alprestamo.com\/blog\/mi-beca-para-empezar-cuando-depositan-los-fondos-de-septiembre\/"},"author":{"name":"Ramiro Querejeta","@id":"https:\/\/alprestamo.com\/blog\/#\/schema\/person\/4c568603ceb381762b4c9062d42c7627"},"headline":"Mi Beca para Empezar: cu\u00e1ndo depositan los fondos de septiembre","datePublished":"2023-08-25T15:44:04+00:00","dateModified":"2023-08-25T15:44:05+00:00","mainEntityOfPage":{"@id":"https:\/\/alprestamo.com\/blog\/mi-beca-para-empezar-cuando-depositan-los-fondos-de-septiembre\/"},"wordCount":345,"publisher":{"@id":"https:\/\/alprestamo.com\/blog\/#organization"},"image":{"@id":"https:\/\/alprestamo.com\/blog\/mi-beca-para-empezar-cuando-depositan-los-fondos-de-septiembre\/#primaryimage"},"thumbnailUrl":"https:\/\/alprestamo.com\/blog\/wp-content\/uploads\/2023\/08\/mi-beca-para-empezar-mx.jpg","articleSection":["MX","Programas Sociales"],"inLanguage":"es-AR"},{"@type":"WebPage","@id":"https:\/\/alprestamo.com\/blog\/mi-beca-para-empezar-cuando-depositan-los-fondos-de-septiembre\/","url":"https:\/\/alprestamo.com\/blog\/mi-beca-para-empezar-cuando-depositan-los-fondos-de-septiembre\/","name":"Mi Beca para Empezar: cu\u00e1ndo depositan los fondos de septiembre","isPartOf":{"@id":"https:\/\/alprestamo.com\/blog\/#website"},"primaryImageOfPage":{"@id":"https:\/\/alprestamo.com\/blog\/mi-beca-para-empezar-cuando-depositan-los-fondos-de-septiembre\/#primaryimage"},"image":{"@id":"https:\/\/alprestamo.com\/blog\/mi-beca-para-empezar-cuando-depositan-los-fondos-de-septiembre\/#primaryimage"},"thumbnailUrl":"https:\/\/alprestamo.com\/blog\/wp-content\/uploads\/2023\/08\/mi-beca-para-empezar-mx.jpg","datePublished":"2023-08-25T15:44:04+00:00","dateModified":"2023-08-25T15:44:05+00:00","description":"El ciclo escolar 2023-2024 est\u00e1 por comenzar, por lo que luego de adquirir la ayuda para la compra de uniformes y \u00fatiles escolares, el pr\u00f3ximo pago de Mi","breadcrumb":{"@id":"https:\/\/alprestamo.com\/blog\/mi-beca-para-empezar-cuando-depositan-los-fondos-de-septiembre\/#breadcrumb"},"inLanguage":"es-AR","potentialAction":[{"@type":"ReadAction","target":["https:\/\/alprestamo.com\/blog\/mi-beca-para-empezar-cuando-depositan-los-fondos-de-septiembre\/"]}]},{"@type":"ImageObject","inLanguage":"es-AR","@id":"https:\/\/alprestamo.com\/blog\/mi-beca-para-empezar-cuando-depositan-los-fondos-de-septiembre\/#primaryimage","url":"https:\/\/alprestamo.com\/blog\/wp-content\/uploads\/2023\/08\/mi-beca-para-empezar-mx.jpg","contentUrl":"https:\/\/alprestamo.com\/blog\/wp-content\/uploads\/2023\/08\/mi-beca-para-empezar-mx.jpg","width":1050,"height":620,"caption":"Tarjeta de Mi Beca para Empezar"},{"@type":"BreadcrumbList","@id":"https:\/\/alprestamo.com\/blog\/mi-beca-para-empezar-cuando-depositan-los-fondos-de-septiembre\/#breadcrumb","itemListElement":[{"@type":"ListItem","position":1,"name":"Home","item":"https:\/\/alprestamo.com\/blog\/"},{"@type":"ListItem","position":2,"name":"Mi Beca para Empezar: cu\u00e1ndo depositan los fondos de septiembre"}]},{"@type":"WebSite","@id":"https:\/\/alprestamo.com\/blog\/#website","url":"https:\/\/alprestamo.com\/blog\/","name":"Alprestamo","description":"Hacemos que todo suceda","publisher":{"@id":"https:\/\/alprestamo.com\/blog\/#organization"},"potentialAction":[{"@type":"SearchAction","target":{"@type":"EntryPoint","urlTemplate":"https:\/\/alprestamo.com\/blog\/?s={search_term_string}"},"query-input":"required name=search_term_string"}],"inLanguage":"es-AR"},{"@type":"Organization","@id":"https:\/\/alprestamo.com\/blog\/#organization","name":"Alprestamo","url":"https:\/\/alprestamo.com\/blog\/","logo":{"@type":"ImageObject","inLanguage":"es-AR","@id":"https:\/\/alprestamo.com\/blog\/#\/schema\/logo\/image\/","url":"https:\/\/alprestamo.com\/blog\/wp-content\/uploads\/2022\/10\/Imagotipo_Blanco.svg","contentUrl":"https:\/\/alprestamo.com\/blog\/wp-content\/uploads\/2022\/10\/Imagotipo_Blanco.svg","width":1199,"height":203,"caption":"Alprestamo"},"image":{"@id":"https:\/\/alprestamo.com\/blog\/#\/schema\/logo\/image\/"}},{"@type":"Person","@id":"https:\/\/alprestamo.com\/blog\/#\/schema\/person\/4c568603ceb381762b4c9062d42c7627","name":"Ramiro Querejeta","image":{"@type":"ImageObject","inLanguage":"es-AR","@id":"https:\/\/alprestamo.com\/blog\/#\/schema\/person\/image\/","url":"https:\/\/alprestamo.com\/blog\/wp-content\/uploads\/2025\/08\/1688503693490-150x150.jpeg","contentUrl":"https:\/\/alprestamo.com\/blog\/wp-content\/uploads\/2025\/08\/1688503693490-150x150.jpeg","caption":"Ramiro Querejeta"},"url":"https:\/\/alprestamo.com\/blog\/author\/ramiro\/"}]}},"uagb_featured_image_src":{"full":["https:\/\/alprestamo.com\/blog\/wp-content\/uploads\/2023\/08\/mi-beca-para-empezar-mx.jpg",1050,620,false],"thumbnail":["https:\/\/alprestamo.com\/blog\/wp-content\/uploads\/2023\/08\/mi-beca-para-empezar-mx-150x150.jpg",150,150,true],"medium":["https:\/\/alprestamo.com\/blog\/wp-content\/uploads\/2023\/08\/mi-beca-para-empezar-mx-300x177.jpg",300,177,true],"medium_large":["https:\/\/alprestamo.com\/blog\/wp-content\/uploads\/2023\/08\/mi-beca-para-empezar-mx-768x453.jpg",768,453,true],"large":["https:\/\/alprestamo.com\/blog\/wp-content\/uploads\/2023\/08\/mi-beca-para-empezar-mx-1024x605.jpg",1024,605,true],"1536x1536":["https:\/\/alprestamo.com\/blog\/wp-content\/uploads\/2023\/08\/mi-beca-para-empezar-mx.jpg",1050,620,false],"2048x2048":["https:\/\/alprestamo.com\/blog\/wp-content\/uploads\/2023\/08\/mi-beca-para-empezar-mx.jpg",1050,620,false]},"uagb_author_info":{"display_name":"Ramiro Querejeta","author_link":"https:\/\/alprestamo.com\/blog\/author\/ramiro\/"},"uagb_comment_info":0,"uagb_excerpt":"El ciclo escolar 2023-2024 est\u00e1 por comenzar, por lo que luego de adquirir la ayuda para la compra de uniformes y \u00fatiles escolares, el pr\u00f3ximo pago de Mi Beca para Empezar corresponde a septiembre.&nbsp; Seg\u00fan el calendario de pagos de Mi Beca para Empezar, el dep\u00f3sito de ese mes ser\u00e1 el primero del ciclo 23-24.&hellip;","rttpg_featured_image_url":{"full":["https:\/\/alprestamo.com\/blog\/wp-content\/uploads\/2023\/08\/mi-beca-para-empezar-mx.jpg",1050,620,false],"landscape":["https:\/\/alprestamo.com\/blog\/wp-content\/uploads\/2023\/08\/mi-beca-para-empezar-mx.jpg",1050,620,false],"portraits":["https:\/\/alprestamo.com\/blog\/wp-content\/uploads\/2023\/08\/mi-beca-para-empezar-mx.jpg",1050,620,false],"thumbnail":["https:\/\/alprestamo.com\/blog\/wp-content\/uploads\/2023\/08\/mi-beca-para-empezar-mx-150x150.jpg",150,150,true],"medium":["https:\/\/alprestamo.com\/blog\/wp-content\/uploads\/2023\/08\/mi-beca-para-empezar-mx-300x177.jpg",300,177,true],"large":["https:\/\/alprestamo.com\/blog\/wp-content\/uploads\/2023\/08\/mi-beca-para-empezar-mx-1024x605.jpg",1024,605,true],"1536x1536":["https:\/\/alprestamo.com\/blog\/wp-content\/uploads\/2023\/08\/mi-beca-para-empezar-mx.jpg",1050,620,false],"2048x2048":["https:\/\/alprestamo.com\/blog\/wp-content\/uploads\/2023\/08\/mi-beca-para-empezar-mx.jpg",1050,620,false],"rt_custom":["https:\/\/alprestamo.com\/blog\/wp-content\/uploads\/2023\/08\/mi-beca-para-empezar-mx.jpg",1050,620,false]},"rttpg_author":{"display_name":"Ramiro Querejeta","author_link":"https:\/\/alprestamo.com\/blog\/author\/ramiro\/"},"rttpg_comment":0,"rttpg_category":"<a href=\"https:\/\/alprestamo.com\/blog\/categoria\/mx\/\" rel=\"category tag\">MX<\/a> <a href=\"https:\/\/alprestamo.com\/blog\/categoria\/mx\/programas-sociales-mx\/\" rel=\"category tag\">Programas Sociales<\/a>","rttpg_excerpt":"El ciclo escolar 2023-2024 est\u00e1 por comenzar, por lo que luego de adquirir la ayuda para la compra de uniformes y \u00fatiles escolares, el pr\u00f3ximo pago de Mi Beca para Empezar corresponde a septiembre.&nbsp; Seg\u00fan el calendario de pagos de Mi Beca para Empezar, el dep\u00f3sito de ese mes ser\u00e1 el primero del ciclo 23-24.&hellip;","_links":{"self":[{"href":"https:\/\/alprestamo.com\/blog\/wp-json\/wp\/v2\/posts\/26653"}],"collection":[{"href":"https:\/\/alprestamo.com\/blog\/wp-json\/wp\/v2\/posts"}],"about":[{"href":"https:\/\/alprestamo.com\/blog\/wp-json\/wp\/v2\/types\/post"}],"author":[{"embeddable":true,"href":"https:\/\/alprestamo.com\/blog\/wp-json\/wp\/v2\/users\/9"}],"replies":[{"embeddable":true,"href":"https:\/\/alprestamo.com\/blog\/wp-json\/wp\/v2\/comments?post=26653"}],"version-history":[{"count":2,"href":"https:\/\/alprestamo.com\/blog\/wp-json\/wp\/v2\/posts\/26653\/revisions"}],"predecessor-version":[{"id":26658,"href":"https:\/\/alprestamo.com\/blog\/wp-json\/wp\/v2\/posts\/26653\/revisions\/26658"}],"wp:featuredmedia":[{"embeddable":true,"href":"https:\/\/alprestamo.com\/blog\/wp-json\/wp\/v2\/media\/26656"}],"wp:attachment":[{"href":"https:\/\/alprestamo.com\/blog\/wp-json\/wp\/v2\/media?parent=26653"}],"wp:term":[{"taxonomy":"category","embeddable":true,"href":"https:\/\/alprestamo.com\/blog\/wp-json\/wp\/v2\/categories?post=26653"},{"taxonomy":"post_tag","embeddable":true,"href":"https:\/\/alprestamo.com\/blog\/wp-json\/wp\/v2\/tags?post=26653"}],"curies":[{"name":"wp","href":"https:\/\/api.w.org\/{rel}","templated":true}]}}