{"id":26685,"date":"2023-08-28T10:00:00","date_gmt":"2023-08-28T13:00:00","guid":{"rendered":"https:\/\/alprestamo.com\/blog\/?p=26685"},"modified":"2023-08-28T10:00:00","modified_gmt":"2023-08-28T13:00:00","slug":"habra-un-subsidio-para-la-compra-de-carne","status":"publish","type":"post","link":"https:\/\/alprestamo.com\/blog\/habra-un-subsidio-para-la-compra-de-carne\/","title":{"rendered":"\u00bfHabr\u00e1 un subsidio para la compra de carne?"},"content":{"rendered":"\n<p>La <strong>inflaci\u00f3n en Colombia <\/strong>de m\u00e1s del 11% ha tenido efectos muy negativos en la poblaci\u00f3n, sobre todo en la alimentaci\u00f3n. En este contexto, uno de los alimentos m\u00e1s afectados fue la <strong>carne<\/strong>, registrando niveles m\u00ednimos de venta en el a\u00f1o.&nbsp;<\/p>\n\n\n\n<h2 class=\"wp-block-heading\">Subsidio a la compra de carne&nbsp;<\/h2>\n\n\n\n<p>El gerente de la subasta ganadera <strong>Subastar<\/strong>, <strong>Eduardo Kerguel\u00e9n<\/strong>, propuso como soluci\u00f3n para las familias m\u00e1s vulnerables y de menores ingresos, un<strong> subsidio a la compra de carne<\/strong> para incentivar el consumo y el acceso a una fuente de alimentaci\u00f3n muy necesaria, especialmente para las personas en edad de desarrollo.\u00a0<\/p>\n\n\n\n<p>El esquema sugerido por Kerguel\u00e9n es el siguiente:&nbsp;<\/p>\n\n\n\n<ul class=\"wp-block-list\">\n<li>Aporte de Fedeg\u00e1n: usar recursos del <strong>Fondo de Fomento Ganadero y Lechero<\/strong><\/li>\n\n\n\n<li>Subsidio del Estado: el gobierno colombiano asumir\u00eda una parte del costo para hacer la carne bovina m\u00e1s accesible<\/li>\n\n\n\n<li>Integraci\u00f3n en PAE: inclusi\u00f3n de carne bovina de calidad en los <strong>Planes de Alimentaci\u00f3n Escolar<\/strong>, respaldados por administradores locales y departamentales. Con esto se busca reemplazar alimentos procesados y lactosueros, incentivando una mejor dieta para los m\u00e1s peque\u00f1os.&nbsp;<\/li>\n<\/ul>\n\n\n\n<h2 class=\"wp-block-heading\">Mataderos de carne municipales<\/h2>\n\n\n\n<p>Para reducir el costo del procesamiento de la carne, el presidente <strong>Gustavo Petro <\/strong>hab\u00eda promovido la idea de reabrir los mataderos municipales. Sobre esto, Guillermo Alonso Jaramillo,<strong> ministro de Salud<\/strong>, confirm\u00f3 que hubo avances, y anunciando una resoluci\u00f3n para su reapertura.\u00a0<\/p>\n\n\n\n<p>Jos\u00e9 F\u00e9lix Lafaurie, presidente de Fedeg\u00e1n, apoy\u00f3 la propuesta y se\u00f1al\u00f3 la importancia que tiene especialmente para los municipios con poblaciones entre 10 mil y 20 mil habitantes.\u00a0<\/p>\n","protected":false},"excerpt":{"rendered":"<p>La inflaci\u00f3n en Colombia de m\u00e1s del 11% ha tenido efectos muy negativos en la poblaci\u00f3n, sobre todo en la alimentaci\u00f3n. En este contexto, uno de los alimentos m\u00e1s afectados fue la carne, registrando niveles m\u00ednimos de venta en el a\u00f1o.&nbsp; Subsidio a la compra de carne&nbsp; El gerente de la subasta ganadera Subastar, Eduardo &hellip;<\/p>\n<p class=\"read-more\"> <a class=\"\" href=\"https:\/\/alprestamo.com\/blog\/habra-un-subsidio-para-la-compra-de-carne\/\"> <span class=\"screen-reader-text\">\u00bfHabr\u00e1 un subsidio para la compra de carne?<\/span> Leer m\u00e1s &raquo;<\/a><\/p>\n","protected":false},"author":9,"featured_media":26700,"comment_status":"closed","ping_status":"closed","sticky":false,"template":"","format":"standard","meta":{"_uag_custom_page_level_css":"","site-sidebar-layout":"default","site-content-layout":"default","ast-global-header-display":"","ast-banner-title-visibility":"","ast-main-header-display":"","ast-hfb-above-header-display":"","ast-hfb-below-header-display":"","ast-hfb-mobile-header-display":"","site-post-title":"","ast-breadcrumbs-content":"","ast-featured-img":"","footer-sml-layout":"","theme-transparent-header-meta":"","adv-header-id-meta":"","stick-header-meta":"","header-above-stick-meta":"","header-main-stick-meta":"","header-below-stick-meta":"","footnotes":""},"categories":[98,100],"tags":[],"class_list":["post-26685","post","type-post","status-publish","format-standard","has-post-thumbnail","hentry","category-co","category-programas-sociales"],"acf":[],"yoast_head":"<!-- This site is optimized with the Yoast SEO plugin v23.2 - https:\/\/yoast.com\/wordpress\/plugins\/seo\/ -->\n<title>\u00bfHabr\u00e1 un subsidio para la compra de carne?<\/title>\n<meta name=\"description\" content=\"La inflaci\u00f3n en Colombia de m\u00e1s del 11% ha tenido efectos muy negativos en la poblaci\u00f3n, sobre todo en la alimentaci\u00f3n. En este contexto, uno de los\" \/>\n<meta name=\"robots\" content=\"index, follow, max-snippet:-1, max-image-preview:large, max-video-preview:-1\" \/>\n<link rel=\"canonical\" href=\"https:\/\/alprestamo.com\/blog\/habra-un-subsidio-para-la-compra-de-carne\/\" \/>\n<meta property=\"og:locale\" content=\"es_ES\" \/>\n<meta property=\"og:type\" content=\"article\" \/>\n<meta property=\"og:title\" content=\"\u00bfHabr\u00e1 un subsidio para la compra de carne?\" \/>\n<meta property=\"og:description\" content=\"La inflaci\u00f3n en Colombia de m\u00e1s del 11% ha tenido efectos muy negativos en la poblaci\u00f3n, sobre todo en la alimentaci\u00f3n. En este contexto, uno de los\" \/>\n<meta property=\"og:url\" content=\"https:\/\/alprestamo.com\/blog\/habra-un-subsidio-para-la-compra-de-carne\/\" \/>\n<meta property=\"og:site_name\" content=\"Alprestamo - Hacemos que todo suceda\" \/>\n<meta property=\"article:published_time\" content=\"2023-08-28T13:00:00+00:00\" \/>\n<meta property=\"og:image\" content=\"https:\/\/alprestamo.com\/blog\/wp-content\/uploads\/2023\/08\/carniceria-colombia.jpg\" \/>\n\t<meta property=\"og:image:width\" content=\"1050\" \/>\n\t<meta property=\"og:image:height\" content=\"551\" \/>\n\t<meta property=\"og:image:type\" content=\"image\/jpeg\" \/>\n<meta name=\"author\" content=\"Ramiro Querejeta\" \/>\n<meta name=\"twitter:card\" content=\"summary_large_image\" \/>\n<meta name=\"twitter:label1\" content=\"Escrito por\" \/>\n\t<meta name=\"twitter:data1\" content=\"Ramiro Querejeta\" \/>\n\t<meta name=\"twitter:label2\" content=\"Tiempo de lectura\" \/>\n\t<meta name=\"twitter:data2\" content=\"1 minuto\" \/>\n<script type=\"application\/ld+json\" class=\"yoast-schema-graph\">{\"@context\":\"https:\/\/schema.org\",\"@graph\":[{\"@type\":\"NewsArticle\",\"@id\":\"https:\/\/alprestamo.com\/blog\/habra-un-subsidio-para-la-compra-de-carne\/#article\",\"isPartOf\":{\"@id\":\"https:\/\/alprestamo.com\/blog\/habra-un-subsidio-para-la-compra-de-carne\/\"},\"author\":{\"name\":\"Ramiro Querejeta\",\"@id\":\"https:\/\/alprestamo.com\/blog\/#\/schema\/person\/4c568603ceb381762b4c9062d42c7627\"},\"headline\":\"\u00bfHabr\u00e1 un subsidio para la compra de carne?\",\"datePublished\":\"2023-08-28T13:00:00+00:00\",\"dateModified\":\"2023-08-28T13:00:00+00:00\",\"mainEntityOfPage\":{\"@id\":\"https:\/\/alprestamo.com\/blog\/habra-un-subsidio-para-la-compra-de-carne\/\"},\"wordCount\":280,\"publisher\":{\"@id\":\"https:\/\/alprestamo.com\/blog\/#organization\"},\"image\":{\"@id\":\"https:\/\/alprestamo.com\/blog\/habra-un-subsidio-para-la-compra-de-carne\/#primaryimage\"},\"thumbnailUrl\":\"https:\/\/alprestamo.com\/blog\/wp-content\/uploads\/2023\/08\/carniceria-colombia.jpg\",\"articleSection\":[\"CO\",\"Programas sociales\"],\"inLanguage\":\"es-AR\"},{\"@type\":\"WebPage\",\"@id\":\"https:\/\/alprestamo.com\/blog\/habra-un-subsidio-para-la-compra-de-carne\/\",\"url\":\"https:\/\/alprestamo.com\/blog\/habra-un-subsidio-para-la-compra-de-carne\/\",\"name\":\"\u00bfHabr\u00e1 un subsidio para la compra de carne?\",\"isPartOf\":{\"@id\":\"https:\/\/alprestamo.com\/blog\/#website\"},\"primaryImageOfPage\":{\"@id\":\"https:\/\/alprestamo.com\/blog\/habra-un-subsidio-para-la-compra-de-carne\/#primaryimage\"},\"image\":{\"@id\":\"https:\/\/alprestamo.com\/blog\/habra-un-subsidio-para-la-compra-de-carne\/#primaryimage\"},\"thumbnailUrl\":\"https:\/\/alprestamo.com\/blog\/wp-content\/uploads\/2023\/08\/carniceria-colombia.jpg\",\"datePublished\":\"2023-08-28T13:00:00+00:00\",\"dateModified\":\"2023-08-28T13:00:00+00:00\",\"description\":\"La inflaci\u00f3n en Colombia de m\u00e1s del 11% ha tenido efectos muy negativos en la poblaci\u00f3n, sobre todo en la alimentaci\u00f3n. En este contexto, uno de los\",\"breadcrumb\":{\"@id\":\"https:\/\/alprestamo.com\/blog\/habra-un-subsidio-para-la-compra-de-carne\/#breadcrumb\"},\"inLanguage\":\"es-AR\",\"potentialAction\":[{\"@type\":\"ReadAction\",\"target\":[\"https:\/\/alprestamo.com\/blog\/habra-un-subsidio-para-la-compra-de-carne\/\"]}]},{\"@type\":\"ImageObject\",\"inLanguage\":\"es-AR\",\"@id\":\"https:\/\/alprestamo.com\/blog\/habra-un-subsidio-para-la-compra-de-carne\/#primaryimage\",\"url\":\"https:\/\/alprestamo.com\/blog\/wp-content\/uploads\/2023\/08\/carniceria-colombia.jpg\",\"contentUrl\":\"https:\/\/alprestamo.com\/blog\/wp-content\/uploads\/2023\/08\/carniceria-colombia.jpg\",\"width\":1050,\"height\":551,\"caption\":\"Carne en Colombia\"},{\"@type\":\"BreadcrumbList\",\"@id\":\"https:\/\/alprestamo.com\/blog\/habra-un-subsidio-para-la-compra-de-carne\/#breadcrumb\",\"itemListElement\":[{\"@type\":\"ListItem\",\"position\":1,\"name\":\"Home\",\"item\":\"https:\/\/alprestamo.com\/blog\/\"},{\"@type\":\"ListItem\",\"position\":2,\"name\":\"\u00bfHabr\u00e1 un subsidio para la compra de carne?\"}]},{\"@type\":\"WebSite\",\"@id\":\"https:\/\/alprestamo.com\/blog\/#website\",\"url\":\"https:\/\/alprestamo.com\/blog\/\",\"name\":\"Alprestamo\",\"description\":\"Hacemos que todo suceda\",\"publisher\":{\"@id\":\"https:\/\/alprestamo.com\/blog\/#organization\"},\"potentialAction\":[{\"@type\":\"SearchAction\",\"target\":{\"@type\":\"EntryPoint\",\"urlTemplate\":\"https:\/\/alprestamo.com\/blog\/?s={search_term_string}\"},\"query-input\":\"required name=search_term_string\"}],\"inLanguage\":\"es-AR\"},{\"@type\":\"Organization\",\"@id\":\"https:\/\/alprestamo.com\/blog\/#organization\",\"name\":\"Alprestamo\",\"url\":\"https:\/\/alprestamo.com\/blog\/\",\"logo\":{\"@type\":\"ImageObject\",\"inLanguage\":\"es-AR\",\"@id\":\"https:\/\/alprestamo.com\/blog\/#\/schema\/logo\/image\/\",\"url\":\"https:\/\/alprestamo.com\/blog\/wp-content\/uploads\/2022\/10\/Imagotipo_Blanco.svg\",\"contentUrl\":\"https:\/\/alprestamo.com\/blog\/wp-content\/uploads\/2022\/10\/Imagotipo_Blanco.svg\",\"width\":1199,\"height\":203,\"caption\":\"Alprestamo\"},\"image\":{\"@id\":\"https:\/\/alprestamo.com\/blog\/#\/schema\/logo\/image\/\"}},{\"@type\":\"Person\",\"@id\":\"https:\/\/alprestamo.com\/blog\/#\/schema\/person\/4c568603ceb381762b4c9062d42c7627\",\"name\":\"Ramiro Querejeta\",\"image\":{\"@type\":\"ImageObject\",\"inLanguage\":\"es-AR\",\"@id\":\"https:\/\/alprestamo.com\/blog\/#\/schema\/person\/image\/\",\"url\":\"https:\/\/alprestamo.com\/blog\/wp-content\/uploads\/2025\/08\/1688503693490-150x150.jpeg\",\"contentUrl\":\"https:\/\/alprestamo.com\/blog\/wp-content\/uploads\/2025\/08\/1688503693490-150x150.jpeg\",\"caption\":\"Ramiro Querejeta\"},\"url\":\"https:\/\/alprestamo.com\/blog\/author\/ramiro\/\"}]}<\/script>\n<!-- \/ Yoast SEO plugin. -->","yoast_head_json":{"title":"\u00bfHabr\u00e1 un subsidio para la compra de carne?","description":"La inflaci\u00f3n en Colombia de m\u00e1s del 11% ha tenido efectos muy negativos en la poblaci\u00f3n, sobre todo en la alimentaci\u00f3n. En este contexto, uno de los","robots":{"index":"index","follow":"follow","max-snippet":"max-snippet:-1","max-image-preview":"max-image-preview:large","max-video-preview":"max-video-preview:-1"},"canonical":"https:\/\/alprestamo.com\/blog\/habra-un-subsidio-para-la-compra-de-carne\/","og_locale":"es_ES","og_type":"article","og_title":"\u00bfHabr\u00e1 un subsidio para la compra de carne?","og_description":"La inflaci\u00f3n en Colombia de m\u00e1s del 11% ha tenido efectos muy negativos en la poblaci\u00f3n, sobre todo en la alimentaci\u00f3n. En este contexto, uno de los","og_url":"https:\/\/alprestamo.com\/blog\/habra-un-subsidio-para-la-compra-de-carne\/","og_site_name":"Alprestamo - Hacemos que todo suceda","article_published_time":"2023-08-28T13:00:00+00:00","og_image":[{"width":1050,"height":551,"url":"https:\/\/alprestamo.com\/blog\/wp-content\/uploads\/2023\/08\/carniceria-colombia.jpg","type":"image\/jpeg"}],"author":"Ramiro Querejeta","twitter_card":"summary_large_image","twitter_misc":{"Escrito por":"Ramiro Querejeta","Tiempo de lectura":"1 minuto"},"schema":{"@context":"https:\/\/schema.org","@graph":[{"@type":"NewsArticle","@id":"https:\/\/alprestamo.com\/blog\/habra-un-subsidio-para-la-compra-de-carne\/#article","isPartOf":{"@id":"https:\/\/alprestamo.com\/blog\/habra-un-subsidio-para-la-compra-de-carne\/"},"author":{"name":"Ramiro Querejeta","@id":"https:\/\/alprestamo.com\/blog\/#\/schema\/person\/4c568603ceb381762b4c9062d42c7627"},"headline":"\u00bfHabr\u00e1 un subsidio para la compra de carne?","datePublished":"2023-08-28T13:00:00+00:00","dateModified":"2023-08-28T13:00:00+00:00","mainEntityOfPage":{"@id":"https:\/\/alprestamo.com\/blog\/habra-un-subsidio-para-la-compra-de-carne\/"},"wordCount":280,"publisher":{"@id":"https:\/\/alprestamo.com\/blog\/#organization"},"image":{"@id":"https:\/\/alprestamo.com\/blog\/habra-un-subsidio-para-la-compra-de-carne\/#primaryimage"},"thumbnailUrl":"https:\/\/alprestamo.com\/blog\/wp-content\/uploads\/2023\/08\/carniceria-colombia.jpg","articleSection":["CO","Programas sociales"],"inLanguage":"es-AR"},{"@type":"WebPage","@id":"https:\/\/alprestamo.com\/blog\/habra-un-subsidio-para-la-compra-de-carne\/","url":"https:\/\/alprestamo.com\/blog\/habra-un-subsidio-para-la-compra-de-carne\/","name":"\u00bfHabr\u00e1 un subsidio para la compra de carne?","isPartOf":{"@id":"https:\/\/alprestamo.com\/blog\/#website"},"primaryImageOfPage":{"@id":"https:\/\/alprestamo.com\/blog\/habra-un-subsidio-para-la-compra-de-carne\/#primaryimage"},"image":{"@id":"https:\/\/alprestamo.com\/blog\/habra-un-subsidio-para-la-compra-de-carne\/#primaryimage"},"thumbnailUrl":"https:\/\/alprestamo.com\/blog\/wp-content\/uploads\/2023\/08\/carniceria-colombia.jpg","datePublished":"2023-08-28T13:00:00+00:00","dateModified":"2023-08-28T13:00:00+00:00","description":"La inflaci\u00f3n en Colombia de m\u00e1s del 11% ha tenido efectos muy negativos en la poblaci\u00f3n, sobre todo en la alimentaci\u00f3n. En este contexto, uno de los","breadcrumb":{"@id":"https:\/\/alprestamo.com\/blog\/habra-un-subsidio-para-la-compra-de-carne\/#breadcrumb"},"inLanguage":"es-AR","potentialAction":[{"@type":"ReadAction","target":["https:\/\/alprestamo.com\/blog\/habra-un-subsidio-para-la-compra-de-carne\/"]}]},{"@type":"ImageObject","inLanguage":"es-AR","@id":"https:\/\/alprestamo.com\/blog\/habra-un-subsidio-para-la-compra-de-carne\/#primaryimage","url":"https:\/\/alprestamo.com\/blog\/wp-content\/uploads\/2023\/08\/carniceria-colombia.jpg","contentUrl":"https:\/\/alprestamo.com\/blog\/wp-content\/uploads\/2023\/08\/carniceria-colombia.jpg","width":1050,"height":551,"caption":"Carne en Colombia"},{"@type":"BreadcrumbList","@id":"https:\/\/alprestamo.com\/blog\/habra-un-subsidio-para-la-compra-de-carne\/#breadcrumb","itemListElement":[{"@type":"ListItem","position":1,"name":"Home","item":"https:\/\/alprestamo.com\/blog\/"},{"@type":"ListItem","position":2,"name":"\u00bfHabr\u00e1 un subsidio para la compra de carne?"}]},{"@type":"WebSite","@id":"https:\/\/alprestamo.com\/blog\/#website","url":"https:\/\/alprestamo.com\/blog\/","name":"Alprestamo","description":"Hacemos que todo suceda","publisher":{"@id":"https:\/\/alprestamo.com\/blog\/#organization"},"potentialAction":[{"@type":"SearchAction","target":{"@type":"EntryPoint","urlTemplate":"https:\/\/alprestamo.com\/blog\/?s={search_term_string}"},"query-input":"required name=search_term_string"}],"inLanguage":"es-AR"},{"@type":"Organization","@id":"https:\/\/alprestamo.com\/blog\/#organization","name":"Alprestamo","url":"https:\/\/alprestamo.com\/blog\/","logo":{"@type":"ImageObject","inLanguage":"es-AR","@id":"https:\/\/alprestamo.com\/blog\/#\/schema\/logo\/image\/","url":"https:\/\/alprestamo.com\/blog\/wp-content\/uploads\/2022\/10\/Imagotipo_Blanco.svg","contentUrl":"https:\/\/alprestamo.com\/blog\/wp-content\/uploads\/2022\/10\/Imagotipo_Blanco.svg","width":1199,"height":203,"caption":"Alprestamo"},"image":{"@id":"https:\/\/alprestamo.com\/blog\/#\/schema\/logo\/image\/"}},{"@type":"Person","@id":"https:\/\/alprestamo.com\/blog\/#\/schema\/person\/4c568603ceb381762b4c9062d42c7627","name":"Ramiro Querejeta","image":{"@type":"ImageObject","inLanguage":"es-AR","@id":"https:\/\/alprestamo.com\/blog\/#\/schema\/person\/image\/","url":"https:\/\/alprestamo.com\/blog\/wp-content\/uploads\/2025\/08\/1688503693490-150x150.jpeg","contentUrl":"https:\/\/alprestamo.com\/blog\/wp-content\/uploads\/2025\/08\/1688503693490-150x150.jpeg","caption":"Ramiro Querejeta"},"url":"https:\/\/alprestamo.com\/blog\/author\/ramiro\/"}]}},"uagb_featured_image_src":{"full":["https:\/\/alprestamo.com\/blog\/wp-content\/uploads\/2023\/08\/carniceria-colombia.jpg",1050,551,false],"thumbnail":["https:\/\/alprestamo.com\/blog\/wp-content\/uploads\/2023\/08\/carniceria-colombia-150x150.jpg",150,150,true],"medium":["https:\/\/alprestamo.com\/blog\/wp-content\/uploads\/2023\/08\/carniceria-colombia-300x157.jpg",300,157,true],"medium_large":["https:\/\/alprestamo.com\/blog\/wp-content\/uploads\/2023\/08\/carniceria-colombia-768x403.jpg",768,403,true],"large":["https:\/\/alprestamo.com\/blog\/wp-content\/uploads\/2023\/08\/carniceria-colombia-1024x537.jpg",1024,537,true],"1536x1536":["https:\/\/alprestamo.com\/blog\/wp-content\/uploads\/2023\/08\/carniceria-colombia.jpg",1050,551,false],"2048x2048":["https:\/\/alprestamo.com\/blog\/wp-content\/uploads\/2023\/08\/carniceria-colombia.jpg",1050,551,false]},"uagb_author_info":{"display_name":"Ramiro Querejeta","author_link":"https:\/\/alprestamo.com\/blog\/author\/ramiro\/"},"uagb_comment_info":0,"uagb_excerpt":"La inflaci\u00f3n en Colombia de m\u00e1s del 11% ha tenido efectos muy negativos en la poblaci\u00f3n, sobre todo en la alimentaci\u00f3n. En este contexto, uno de los alimentos m\u00e1s afectados fue la carne, registrando niveles m\u00ednimos de venta en el a\u00f1o.&nbsp; Subsidio a la compra de carne&nbsp; El gerente de la subasta ganadera Subastar, Eduardo&hellip;","rttpg_featured_image_url":{"full":["https:\/\/alprestamo.com\/blog\/wp-content\/uploads\/2023\/08\/carniceria-colombia.jpg",1050,551,false],"landscape":["https:\/\/alprestamo.com\/blog\/wp-content\/uploads\/2023\/08\/carniceria-colombia.jpg",1050,551,false],"portraits":["https:\/\/alprestamo.com\/blog\/wp-content\/uploads\/2023\/08\/carniceria-colombia.jpg",1050,551,false],"thumbnail":["https:\/\/alprestamo.com\/blog\/wp-content\/uploads\/2023\/08\/carniceria-colombia-150x150.jpg",150,150,true],"medium":["https:\/\/alprestamo.com\/blog\/wp-content\/uploads\/2023\/08\/carniceria-colombia-300x157.jpg",300,157,true],"large":["https:\/\/alprestamo.com\/blog\/wp-content\/uploads\/2023\/08\/carniceria-colombia-1024x537.jpg",1024,537,true],"1536x1536":["https:\/\/alprestamo.com\/blog\/wp-content\/uploads\/2023\/08\/carniceria-colombia.jpg",1050,551,false],"2048x2048":["https:\/\/alprestamo.com\/blog\/wp-content\/uploads\/2023\/08\/carniceria-colombia.jpg",1050,551,false],"rt_custom":["https:\/\/alprestamo.com\/blog\/wp-content\/uploads\/2023\/08\/carniceria-colombia.jpg",1050,551,false]},"rttpg_author":{"display_name":"Ramiro Querejeta","author_link":"https:\/\/alprestamo.com\/blog\/author\/ramiro\/"},"rttpg_comment":0,"rttpg_category":"<a href=\"https:\/\/alprestamo.com\/blog\/categoria\/co\/\" rel=\"category tag\">CO<\/a> <a href=\"https:\/\/alprestamo.com\/blog\/categoria\/co\/programas-sociales\/\" rel=\"category tag\">Programas sociales<\/a>","rttpg_excerpt":"La inflaci\u00f3n en Colombia de m\u00e1s del 11% ha tenido efectos muy negativos en la poblaci\u00f3n, sobre todo en la alimentaci\u00f3n. En este contexto, uno de los alimentos m\u00e1s afectados fue la carne, registrando niveles m\u00ednimos de venta en el a\u00f1o.&nbsp; Subsidio a la compra de carne&nbsp; El gerente de la subasta ganadera Subastar, Eduardo&hellip;","_links":{"self":[{"href":"https:\/\/alprestamo.com\/blog\/wp-json\/wp\/v2\/posts\/26685"}],"collection":[{"href":"https:\/\/alprestamo.com\/blog\/wp-json\/wp\/v2\/posts"}],"about":[{"href":"https:\/\/alprestamo.com\/blog\/wp-json\/wp\/v2\/types\/post"}],"author":[{"embeddable":true,"href":"https:\/\/alprestamo.com\/blog\/wp-json\/wp\/v2\/users\/9"}],"replies":[{"embeddable":true,"href":"https:\/\/alprestamo.com\/blog\/wp-json\/wp\/v2\/comments?post=26685"}],"version-history":[{"count":4,"href":"https:\/\/alprestamo.com\/blog\/wp-json\/wp\/v2\/posts\/26685\/revisions"}],"predecessor-version":[{"id":26702,"href":"https:\/\/alprestamo.com\/blog\/wp-json\/wp\/v2\/posts\/26685\/revisions\/26702"}],"wp:featuredmedia":[{"embeddable":true,"href":"https:\/\/alprestamo.com\/blog\/wp-json\/wp\/v2\/media\/26700"}],"wp:attachment":[{"href":"https:\/\/alprestamo.com\/blog\/wp-json\/wp\/v2\/media?parent=26685"}],"wp:term":[{"taxonomy":"category","embeddable":true,"href":"https:\/\/alprestamo.com\/blog\/wp-json\/wp\/v2\/categories?post=26685"},{"taxonomy":"post_tag","embeddable":true,"href":"https:\/\/alprestamo.com\/blog\/wp-json\/wp\/v2\/tags?post=26685"}],"curies":[{"name":"wp","href":"https:\/\/api.w.org\/{rel}","templated":true}]}}