{"id":27527,"date":"2023-08-29T12:25:24","date_gmt":"2023-08-29T15:25:24","guid":{"rendered":"https:\/\/alprestamo.com\/blog\/?p=27527"},"modified":"2024-01-23T16:29:44","modified_gmt":"2024-01-23T19:29:44","slug":"como-ahorrar-en-la-tarifa-de-energia-electrica","status":"publish","type":"post","link":"https:\/\/alprestamo.com\/blog\/como-ahorrar-en-la-tarifa-de-energia-electrica\/","title":{"rendered":"C\u00f3mo ahorrar en la tarifa de energ\u00eda el\u00e9ctrica"},"content":{"rendered":"\n<p>Las <strong>tarifas inteligentes de energ\u00eda el\u00e9ctrica <\/strong>en los hogares de Uruguay crecieron de manera exponencial en los \u00faltimos tres a\u00f1os. Actualmente, hay cerca de 230 mil clientes que utilizan esta forma. En esta nota te dejamos algunos consejos para comenzar a ahorrar en tu <strong>tarifa <\/strong>de electricidad sin resignar comodidad.&nbsp;<\/p>\n\n\n\n<h2 class=\"wp-block-heading\">Horario punta de energ\u00eda el\u00e9ctrica&nbsp;<\/h2>\n\n\n\n<p>La tarifa <strong>Doble Horario<\/strong> baja de 6 a 4 horas el <strong>Horario Punta <\/strong>(la franja horaria m\u00e1s cara) y otorga una tarifa m\u00e1s accesible durante las otras 20 horas del d\u00eda. Esta modalidad es de lunes a viernes, y todo el d\u00eda los fines de semana y feriados.&nbsp;<\/p>\n\n\n\n<p>Quienes contratan esta modalidad tarifaria pueden seleccionar el horario punta en caso de tener un <strong>medidor inteligente<\/strong>. Las opciones disponibles son cuatro horas consecutivas: desde las 17 a 21, de 18 a 22 o 19 a 23 horas.&nbsp;<\/p>\n\n\n\n<p>Desde <strong>UTE <\/strong>recomiendan escoger bien el horario punta, siendo este en donde menor cantidad de energ\u00eda se consuma, y consumir m\u00e1s <strong>electricidad <\/strong>en los horarios m\u00e1s econ\u00f3micos.&nbsp;<\/p>\n\n\n\n<h2 class=\"wp-block-heading\">Agua caliente<\/h2>\n\n\n\n<p>Para el consumo de agua caliente, se recomienda instalar un timer en el termotanque y programarlo para que deje de funcionar durante el horario punta. Esto permite tener agua caliente las 24 horas sin restricciones y a un menor precio, ya que el termotanque solo estar\u00e1 encendido en los horarios m\u00e1s econ\u00f3micos, y dada su aislaci\u00f3n mantendr\u00e1 el agua caliente durante el horario punta.&nbsp;<\/p>\n\n\n\n<h2 class=\"wp-block-heading\">Lavado de ropa y vajilla&nbsp;<\/h2>\n\n\n\n<p>Respecto al lavado, secado y planchado de ropa, es conveniente hacerlo en los horarios m\u00e1s econ\u00f3micos. Para esto se puede programar la lavadora en ese horario o colocar un timer. Lo propio para el lavado de la vajilla, ya sea a mano o con m\u00e1quina.&nbsp;<\/p>\n\n\n\n<h2 class=\"wp-block-heading\">Iluminaci\u00f3n&nbsp;<\/h2>\n\n\n\n<p>Sustituir l\u00e1mparas tradicionales por las de<strong> bajo consumo<\/strong>. Estas ahorran cerca de un 80% y duran 8 veces m\u00e1s que las tradicionales. La calefacci\u00f3n con cable radiante el\u00e9ctrico tambi\u00e9n es una buena opci\u00f3n, ya que se puede calentar el ambiente durante todo el d\u00eda, pero fuera del horario punta.&nbsp;<\/p>\n\n\n\n<h2 class=\"wp-block-heading\">Cu\u00e1nto se puede ahorrar&nbsp;<\/h2>\n\n\n\n<p>Un informe de UTE demostr\u00f3 que en 2021 los clientes que se adhirieron al plan de la tarifa inteligente lograron un ahorro promedio de 21% en la tarifa el\u00e9ctrica mensual respecto a la tarifa residencial tradicional.&nbsp;<\/p>\n\n\n\n<p>La contrataci\u00f3n de tarifas inteligentes de energ\u00eda el\u00e9ctrica en los <strong>hogares de Uruguay<\/strong> creci\u00f3 un 122% respecto a 2019, de acuerdo a datos del mes de junio de este a\u00f1o.&nbsp;<\/p>\n","protected":false},"excerpt":{"rendered":"<p>Las tarifas inteligentes de energ\u00eda el\u00e9ctrica en los hogares de Uruguay crecieron de manera exponencial en los \u00faltimos tres a\u00f1os. Actualmente, hay cerca de 230 mil clientes que utilizan esta forma. En esta nota te dejamos algunos consejos para comenzar a ahorrar en tu tarifa de electricidad sin resignar comodidad.&nbsp; Horario punta de energ\u00eda el\u00e9ctrica&nbsp; &hellip;<\/p>\n<p class=\"read-more\"> <a class=\"\" href=\"https:\/\/alprestamo.com\/blog\/como-ahorrar-en-la-tarifa-de-energia-electrica\/\"> <span class=\"screen-reader-text\">C\u00f3mo ahorrar en la tarifa de energ\u00eda el\u00e9ctrica<\/span> Leer m\u00e1s &raquo;<\/a><\/p>\n","protected":false},"author":9,"featured_media":33104,"comment_status":"closed","ping_status":"closed","sticky":false,"template":"","format":"standard","meta":{"_uag_custom_page_level_css":"","site-sidebar-layout":"default","site-content-layout":"default","ast-global-header-display":"","ast-banner-title-visibility":"","ast-main-header-display":"","ast-hfb-above-header-display":"","ast-hfb-below-header-display":"","ast-hfb-mobile-header-display":"","site-post-title":"","ast-breadcrumbs-content":"","ast-featured-img":"","footer-sml-layout":"","theme-transparent-header-meta":"","adv-header-id-meta":"","stick-header-meta":"","header-above-stick-meta":"","header-main-stick-meta":"","header-below-stick-meta":"","footnotes":""},"categories":[21,94],"tags":[],"class_list":["post-27527","post","type-post","status-publish","format-standard","has-post-thumbnail","hentry","category-consejos-financieros-uy","category-uy"],"acf":[],"yoast_head":"<!-- This site is optimized with the Yoast SEO plugin v23.2 - https:\/\/yoast.com\/wordpress\/plugins\/seo\/ -->\n<title>C\u00f3mo ahorrar en la tarifa de energ\u00eda el\u00e9ctrica<\/title>\n<meta name=\"description\" content=\"Las tarifas inteligentes de energ\u00eda el\u00e9ctrica en los hogares de Uruguay crecieron de manera exponencial en los \u00faltimos tres a\u00f1os. Actualmente, hay cerca\" \/>\n<meta name=\"robots\" content=\"index, follow, max-snippet:-1, max-image-preview:large, max-video-preview:-1\" \/>\n<link rel=\"canonical\" href=\"https:\/\/alprestamo.com\/blog\/como-ahorrar-en-la-tarifa-de-energia-electrica\/\" \/>\n<meta property=\"og:locale\" content=\"es_ES\" \/>\n<meta property=\"og:type\" content=\"article\" \/>\n<meta property=\"og:title\" content=\"C\u00f3mo ahorrar en la tarifa de energ\u00eda el\u00e9ctrica\" \/>\n<meta property=\"og:description\" content=\"Las tarifas inteligentes de energ\u00eda el\u00e9ctrica en los hogares de Uruguay crecieron de manera exponencial en los \u00faltimos tres a\u00f1os. Actualmente, hay cerca\" \/>\n<meta property=\"og:url\" content=\"https:\/\/alprestamo.com\/blog\/como-ahorrar-en-la-tarifa-de-energia-electrica\/\" \/>\n<meta property=\"og:site_name\" content=\"Alprestamo - Hacemos que todo suceda\" \/>\n<meta property=\"article:published_time\" content=\"2023-08-29T15:25:24+00:00\" \/>\n<meta property=\"article:modified_time\" content=\"2024-01-23T19:29:44+00:00\" \/>\n<meta property=\"og:image\" content=\"https:\/\/alprestamo.com\/blog\/wp-content\/uploads\/2023\/08\/tarifa-de-energia.webp\" \/>\n\t<meta property=\"og:image:width\" content=\"900\" \/>\n\t<meta property=\"og:image:height\" content=\"530\" \/>\n\t<meta property=\"og:image:type\" content=\"image\/webp\" \/>\n<meta name=\"author\" content=\"Ramiro Querejeta\" \/>\n<meta name=\"twitter:card\" content=\"summary_large_image\" \/>\n<meta name=\"twitter:label1\" content=\"Escrito por\" \/>\n\t<meta name=\"twitter:data1\" content=\"Ramiro Querejeta\" \/>\n\t<meta name=\"twitter:label2\" content=\"Tiempo de lectura\" \/>\n\t<meta name=\"twitter:data2\" content=\"2 minutos\" \/>\n<script type=\"application\/ld+json\" class=\"yoast-schema-graph\">{\"@context\":\"https:\/\/schema.org\",\"@graph\":[{\"@type\":\"NewsArticle\",\"@id\":\"https:\/\/alprestamo.com\/blog\/como-ahorrar-en-la-tarifa-de-energia-electrica\/#article\",\"isPartOf\":{\"@id\":\"https:\/\/alprestamo.com\/blog\/como-ahorrar-en-la-tarifa-de-energia-electrica\/\"},\"author\":{\"name\":\"Ramiro Querejeta\",\"@id\":\"https:\/\/alprestamo.com\/blog\/#\/schema\/person\/4c568603ceb381762b4c9062d42c7627\"},\"headline\":\"C\u00f3mo ahorrar en la tarifa de energ\u00eda el\u00e9ctrica\",\"datePublished\":\"2023-08-29T15:25:24+00:00\",\"dateModified\":\"2024-01-23T19:29:44+00:00\",\"mainEntityOfPage\":{\"@id\":\"https:\/\/alprestamo.com\/blog\/como-ahorrar-en-la-tarifa-de-energia-electrica\/\"},\"wordCount\":444,\"publisher\":{\"@id\":\"https:\/\/alprestamo.com\/blog\/#organization\"},\"image\":{\"@id\":\"https:\/\/alprestamo.com\/blog\/como-ahorrar-en-la-tarifa-de-energia-electrica\/#primaryimage\"},\"thumbnailUrl\":\"https:\/\/alprestamo.com\/blog\/wp-content\/uploads\/2023\/08\/tarifa-de-energia.webp\",\"articleSection\":[\"Consejos financieros\",\"UY\"],\"inLanguage\":\"es-AR\"},{\"@type\":\"WebPage\",\"@id\":\"https:\/\/alprestamo.com\/blog\/como-ahorrar-en-la-tarifa-de-energia-electrica\/\",\"url\":\"https:\/\/alprestamo.com\/blog\/como-ahorrar-en-la-tarifa-de-energia-electrica\/\",\"name\":\"C\u00f3mo ahorrar en la tarifa de energ\u00eda el\u00e9ctrica\",\"isPartOf\":{\"@id\":\"https:\/\/alprestamo.com\/blog\/#website\"},\"primaryImageOfPage\":{\"@id\":\"https:\/\/alprestamo.com\/blog\/como-ahorrar-en-la-tarifa-de-energia-electrica\/#primaryimage\"},\"image\":{\"@id\":\"https:\/\/alprestamo.com\/blog\/como-ahorrar-en-la-tarifa-de-energia-electrica\/#primaryimage\"},\"thumbnailUrl\":\"https:\/\/alprestamo.com\/blog\/wp-content\/uploads\/2023\/08\/tarifa-de-energia.webp\",\"datePublished\":\"2023-08-29T15:25:24+00:00\",\"dateModified\":\"2024-01-23T19:29:44+00:00\",\"description\":\"Las tarifas inteligentes de energ\u00eda el\u00e9ctrica en los hogares de Uruguay crecieron de manera exponencial en los \u00faltimos tres a\u00f1os. Actualmente, hay cerca\",\"breadcrumb\":{\"@id\":\"https:\/\/alprestamo.com\/blog\/como-ahorrar-en-la-tarifa-de-energia-electrica\/#breadcrumb\"},\"inLanguage\":\"es-AR\",\"potentialAction\":[{\"@type\":\"ReadAction\",\"target\":[\"https:\/\/alprestamo.com\/blog\/como-ahorrar-en-la-tarifa-de-energia-electrica\/\"]}]},{\"@type\":\"ImageObject\",\"inLanguage\":\"es-AR\",\"@id\":\"https:\/\/alprestamo.com\/blog\/como-ahorrar-en-la-tarifa-de-energia-electrica\/#primaryimage\",\"url\":\"https:\/\/alprestamo.com\/blog\/wp-content\/uploads\/2023\/08\/tarifa-de-energia.webp\",\"contentUrl\":\"https:\/\/alprestamo.com\/blog\/wp-content\/uploads\/2023\/08\/tarifa-de-energia.webp\",\"width\":900,\"height\":530,\"caption\":\"Una persona sostiene una tarifa de energ\u00eda de UTE\"},{\"@type\":\"BreadcrumbList\",\"@id\":\"https:\/\/alprestamo.com\/blog\/como-ahorrar-en-la-tarifa-de-energia-electrica\/#breadcrumb\",\"itemListElement\":[{\"@type\":\"ListItem\",\"position\":1,\"name\":\"Home\",\"item\":\"https:\/\/alprestamo.com\/blog\/\"},{\"@type\":\"ListItem\",\"position\":2,\"name\":\"C\u00f3mo ahorrar en la tarifa de energ\u00eda el\u00e9ctrica\"}]},{\"@type\":\"WebSite\",\"@id\":\"https:\/\/alprestamo.com\/blog\/#website\",\"url\":\"https:\/\/alprestamo.com\/blog\/\",\"name\":\"Alprestamo\",\"description\":\"Hacemos que todo suceda\",\"publisher\":{\"@id\":\"https:\/\/alprestamo.com\/blog\/#organization\"},\"potentialAction\":[{\"@type\":\"SearchAction\",\"target\":{\"@type\":\"EntryPoint\",\"urlTemplate\":\"https:\/\/alprestamo.com\/blog\/?s={search_term_string}\"},\"query-input\":\"required name=search_term_string\"}],\"inLanguage\":\"es-AR\"},{\"@type\":\"Organization\",\"@id\":\"https:\/\/alprestamo.com\/blog\/#organization\",\"name\":\"Alprestamo\",\"url\":\"https:\/\/alprestamo.com\/blog\/\",\"logo\":{\"@type\":\"ImageObject\",\"inLanguage\":\"es-AR\",\"@id\":\"https:\/\/alprestamo.com\/blog\/#\/schema\/logo\/image\/\",\"url\":\"https:\/\/alprestamo.com\/blog\/wp-content\/uploads\/2022\/10\/Imagotipo_Blanco.svg\",\"contentUrl\":\"https:\/\/alprestamo.com\/blog\/wp-content\/uploads\/2022\/10\/Imagotipo_Blanco.svg\",\"width\":1199,\"height\":203,\"caption\":\"Alprestamo\"},\"image\":{\"@id\":\"https:\/\/alprestamo.com\/blog\/#\/schema\/logo\/image\/\"}},{\"@type\":\"Person\",\"@id\":\"https:\/\/alprestamo.com\/blog\/#\/schema\/person\/4c568603ceb381762b4c9062d42c7627\",\"name\":\"Ramiro Querejeta\",\"image\":{\"@type\":\"ImageObject\",\"inLanguage\":\"es-AR\",\"@id\":\"https:\/\/alprestamo.com\/blog\/#\/schema\/person\/image\/\",\"url\":\"https:\/\/alprestamo.com\/blog\/wp-content\/uploads\/2025\/08\/1688503693490-150x150.jpeg\",\"contentUrl\":\"https:\/\/alprestamo.com\/blog\/wp-content\/uploads\/2025\/08\/1688503693490-150x150.jpeg\",\"caption\":\"Ramiro Querejeta\"},\"url\":\"https:\/\/alprestamo.com\/blog\/author\/ramiro\/\"}]}<\/script>\n<!-- \/ Yoast SEO plugin. -->","yoast_head_json":{"title":"C\u00f3mo ahorrar en la tarifa de energ\u00eda el\u00e9ctrica","description":"Las tarifas inteligentes de energ\u00eda el\u00e9ctrica en los hogares de Uruguay crecieron de manera exponencial en los \u00faltimos tres a\u00f1os. Actualmente, hay cerca","robots":{"index":"index","follow":"follow","max-snippet":"max-snippet:-1","max-image-preview":"max-image-preview:large","max-video-preview":"max-video-preview:-1"},"canonical":"https:\/\/alprestamo.com\/blog\/como-ahorrar-en-la-tarifa-de-energia-electrica\/","og_locale":"es_ES","og_type":"article","og_title":"C\u00f3mo ahorrar en la tarifa de energ\u00eda el\u00e9ctrica","og_description":"Las tarifas inteligentes de energ\u00eda el\u00e9ctrica en los hogares de Uruguay crecieron de manera exponencial en los \u00faltimos tres a\u00f1os. Actualmente, hay cerca","og_url":"https:\/\/alprestamo.com\/blog\/como-ahorrar-en-la-tarifa-de-energia-electrica\/","og_site_name":"Alprestamo - Hacemos que todo suceda","article_published_time":"2023-08-29T15:25:24+00:00","article_modified_time":"2024-01-23T19:29:44+00:00","og_image":[{"width":900,"height":530,"url":"https:\/\/alprestamo.com\/blog\/wp-content\/uploads\/2023\/08\/tarifa-de-energia.webp","type":"image\/webp"}],"author":"Ramiro Querejeta","twitter_card":"summary_large_image","twitter_misc":{"Escrito por":"Ramiro Querejeta","Tiempo de lectura":"2 minutos"},"schema":{"@context":"https:\/\/schema.org","@graph":[{"@type":"NewsArticle","@id":"https:\/\/alprestamo.com\/blog\/como-ahorrar-en-la-tarifa-de-energia-electrica\/#article","isPartOf":{"@id":"https:\/\/alprestamo.com\/blog\/como-ahorrar-en-la-tarifa-de-energia-electrica\/"},"author":{"name":"Ramiro Querejeta","@id":"https:\/\/alprestamo.com\/blog\/#\/schema\/person\/4c568603ceb381762b4c9062d42c7627"},"headline":"C\u00f3mo ahorrar en la tarifa de energ\u00eda el\u00e9ctrica","datePublished":"2023-08-29T15:25:24+00:00","dateModified":"2024-01-23T19:29:44+00:00","mainEntityOfPage":{"@id":"https:\/\/alprestamo.com\/blog\/como-ahorrar-en-la-tarifa-de-energia-electrica\/"},"wordCount":444,"publisher":{"@id":"https:\/\/alprestamo.com\/blog\/#organization"},"image":{"@id":"https:\/\/alprestamo.com\/blog\/como-ahorrar-en-la-tarifa-de-energia-electrica\/#primaryimage"},"thumbnailUrl":"https:\/\/alprestamo.com\/blog\/wp-content\/uploads\/2023\/08\/tarifa-de-energia.webp","articleSection":["Consejos financieros","UY"],"inLanguage":"es-AR"},{"@type":"WebPage","@id":"https:\/\/alprestamo.com\/blog\/como-ahorrar-en-la-tarifa-de-energia-electrica\/","url":"https:\/\/alprestamo.com\/blog\/como-ahorrar-en-la-tarifa-de-energia-electrica\/","name":"C\u00f3mo ahorrar en la tarifa de energ\u00eda el\u00e9ctrica","isPartOf":{"@id":"https:\/\/alprestamo.com\/blog\/#website"},"primaryImageOfPage":{"@id":"https:\/\/alprestamo.com\/blog\/como-ahorrar-en-la-tarifa-de-energia-electrica\/#primaryimage"},"image":{"@id":"https:\/\/alprestamo.com\/blog\/como-ahorrar-en-la-tarifa-de-energia-electrica\/#primaryimage"},"thumbnailUrl":"https:\/\/alprestamo.com\/blog\/wp-content\/uploads\/2023\/08\/tarifa-de-energia.webp","datePublished":"2023-08-29T15:25:24+00:00","dateModified":"2024-01-23T19:29:44+00:00","description":"Las tarifas inteligentes de energ\u00eda el\u00e9ctrica en los hogares de Uruguay crecieron de manera exponencial en los \u00faltimos tres a\u00f1os. Actualmente, hay cerca","breadcrumb":{"@id":"https:\/\/alprestamo.com\/blog\/como-ahorrar-en-la-tarifa-de-energia-electrica\/#breadcrumb"},"inLanguage":"es-AR","potentialAction":[{"@type":"ReadAction","target":["https:\/\/alprestamo.com\/blog\/como-ahorrar-en-la-tarifa-de-energia-electrica\/"]}]},{"@type":"ImageObject","inLanguage":"es-AR","@id":"https:\/\/alprestamo.com\/blog\/como-ahorrar-en-la-tarifa-de-energia-electrica\/#primaryimage","url":"https:\/\/alprestamo.com\/blog\/wp-content\/uploads\/2023\/08\/tarifa-de-energia.webp","contentUrl":"https:\/\/alprestamo.com\/blog\/wp-content\/uploads\/2023\/08\/tarifa-de-energia.webp","width":900,"height":530,"caption":"Una persona sostiene una tarifa de energ\u00eda de UTE"},{"@type":"BreadcrumbList","@id":"https:\/\/alprestamo.com\/blog\/como-ahorrar-en-la-tarifa-de-energia-electrica\/#breadcrumb","itemListElement":[{"@type":"ListItem","position":1,"name":"Home","item":"https:\/\/alprestamo.com\/blog\/"},{"@type":"ListItem","position":2,"name":"C\u00f3mo ahorrar en la tarifa de energ\u00eda el\u00e9ctrica"}]},{"@type":"WebSite","@id":"https:\/\/alprestamo.com\/blog\/#website","url":"https:\/\/alprestamo.com\/blog\/","name":"Alprestamo","description":"Hacemos que todo suceda","publisher":{"@id":"https:\/\/alprestamo.com\/blog\/#organization"},"potentialAction":[{"@type":"SearchAction","target":{"@type":"EntryPoint","urlTemplate":"https:\/\/alprestamo.com\/blog\/?s={search_term_string}"},"query-input":"required name=search_term_string"}],"inLanguage":"es-AR"},{"@type":"Organization","@id":"https:\/\/alprestamo.com\/blog\/#organization","name":"Alprestamo","url":"https:\/\/alprestamo.com\/blog\/","logo":{"@type":"ImageObject","inLanguage":"es-AR","@id":"https:\/\/alprestamo.com\/blog\/#\/schema\/logo\/image\/","url":"https:\/\/alprestamo.com\/blog\/wp-content\/uploads\/2022\/10\/Imagotipo_Blanco.svg","contentUrl":"https:\/\/alprestamo.com\/blog\/wp-content\/uploads\/2022\/10\/Imagotipo_Blanco.svg","width":1199,"height":203,"caption":"Alprestamo"},"image":{"@id":"https:\/\/alprestamo.com\/blog\/#\/schema\/logo\/image\/"}},{"@type":"Person","@id":"https:\/\/alprestamo.com\/blog\/#\/schema\/person\/4c568603ceb381762b4c9062d42c7627","name":"Ramiro Querejeta","image":{"@type":"ImageObject","inLanguage":"es-AR","@id":"https:\/\/alprestamo.com\/blog\/#\/schema\/person\/image\/","url":"https:\/\/alprestamo.com\/blog\/wp-content\/uploads\/2025\/08\/1688503693490-150x150.jpeg","contentUrl":"https:\/\/alprestamo.com\/blog\/wp-content\/uploads\/2025\/08\/1688503693490-150x150.jpeg","caption":"Ramiro Querejeta"},"url":"https:\/\/alprestamo.com\/blog\/author\/ramiro\/"}]}},"uagb_featured_image_src":{"full":["https:\/\/alprestamo.com\/blog\/wp-content\/uploads\/2023\/08\/tarifa-de-energia.webp",900,530,false],"thumbnail":["https:\/\/alprestamo.com\/blog\/wp-content\/uploads\/2023\/08\/tarifa-de-energia-150x150.webp",150,150,true],"medium":["https:\/\/alprestamo.com\/blog\/wp-content\/uploads\/2023\/08\/tarifa-de-energia-300x177.webp",300,177,true],"medium_large":["https:\/\/alprestamo.com\/blog\/wp-content\/uploads\/2023\/08\/tarifa-de-energia-768x452.webp",768,452,true],"large":["https:\/\/alprestamo.com\/blog\/wp-content\/uploads\/2023\/08\/tarifa-de-energia.webp",900,530,false],"1536x1536":["https:\/\/alprestamo.com\/blog\/wp-content\/uploads\/2023\/08\/tarifa-de-energia.webp",900,530,false],"2048x2048":["https:\/\/alprestamo.com\/blog\/wp-content\/uploads\/2023\/08\/tarifa-de-energia.webp",900,530,false]},"uagb_author_info":{"display_name":"Ramiro Querejeta","author_link":"https:\/\/alprestamo.com\/blog\/author\/ramiro\/"},"uagb_comment_info":0,"uagb_excerpt":"Las tarifas inteligentes de energ\u00eda el\u00e9ctrica en los hogares de Uruguay crecieron de manera exponencial en los \u00faltimos tres a\u00f1os. Actualmente, hay cerca de 230 mil clientes que utilizan esta forma. En esta nota te dejamos algunos consejos para comenzar a ahorrar en tu tarifa de electricidad sin resignar comodidad.&nbsp; Horario punta de energ\u00eda el\u00e9ctrica&nbsp;&hellip;","rttpg_featured_image_url":{"full":["https:\/\/alprestamo.com\/blog\/wp-content\/uploads\/2023\/08\/tarifa-de-energia.webp",900,530,false],"landscape":["https:\/\/alprestamo.com\/blog\/wp-content\/uploads\/2023\/08\/tarifa-de-energia.webp",900,530,false],"portraits":["https:\/\/alprestamo.com\/blog\/wp-content\/uploads\/2023\/08\/tarifa-de-energia.webp",900,530,false],"thumbnail":["https:\/\/alprestamo.com\/blog\/wp-content\/uploads\/2023\/08\/tarifa-de-energia-150x150.webp",150,150,true],"medium":["https:\/\/alprestamo.com\/blog\/wp-content\/uploads\/2023\/08\/tarifa-de-energia-300x177.webp",300,177,true],"large":["https:\/\/alprestamo.com\/blog\/wp-content\/uploads\/2023\/08\/tarifa-de-energia.webp",900,530,false],"1536x1536":["https:\/\/alprestamo.com\/blog\/wp-content\/uploads\/2023\/08\/tarifa-de-energia.webp",900,530,false],"2048x2048":["https:\/\/alprestamo.com\/blog\/wp-content\/uploads\/2023\/08\/tarifa-de-energia.webp",900,530,false],"rt_custom":["https:\/\/alprestamo.com\/blog\/wp-content\/uploads\/2023\/08\/tarifa-de-energia.webp",900,530,false]},"rttpg_author":{"display_name":"Ramiro Querejeta","author_link":"https:\/\/alprestamo.com\/blog\/author\/ramiro\/"},"rttpg_comment":0,"rttpg_category":"<a href=\"https:\/\/alprestamo.com\/blog\/categoria\/uy\/consejos-financieros-uy\/\" rel=\"category tag\">Consejos financieros<\/a> <a href=\"https:\/\/alprestamo.com\/blog\/categoria\/uy\/\" rel=\"category tag\">UY<\/a>","rttpg_excerpt":"Las tarifas inteligentes de energ\u00eda el\u00e9ctrica en los hogares de Uruguay crecieron de manera exponencial en los \u00faltimos tres a\u00f1os. Actualmente, hay cerca de 230 mil clientes que utilizan esta forma. En esta nota te dejamos algunos consejos para comenzar a ahorrar en tu tarifa de electricidad sin resignar comodidad.&nbsp; Horario punta de energ\u00eda el\u00e9ctrica&nbsp;&hellip;","_links":{"self":[{"href":"https:\/\/alprestamo.com\/blog\/wp-json\/wp\/v2\/posts\/27527"}],"collection":[{"href":"https:\/\/alprestamo.com\/blog\/wp-json\/wp\/v2\/posts"}],"about":[{"href":"https:\/\/alprestamo.com\/blog\/wp-json\/wp\/v2\/types\/post"}],"author":[{"embeddable":true,"href":"https:\/\/alprestamo.com\/blog\/wp-json\/wp\/v2\/users\/9"}],"replies":[{"embeddable":true,"href":"https:\/\/alprestamo.com\/blog\/wp-json\/wp\/v2\/comments?post=27527"}],"version-history":[{"count":5,"href":"https:\/\/alprestamo.com\/blog\/wp-json\/wp\/v2\/posts\/27527\/revisions"}],"predecessor-version":[{"id":33105,"href":"https:\/\/alprestamo.com\/blog\/wp-json\/wp\/v2\/posts\/27527\/revisions\/33105"}],"wp:featuredmedia":[{"embeddable":true,"href":"https:\/\/alprestamo.com\/blog\/wp-json\/wp\/v2\/media\/33104"}],"wp:attachment":[{"href":"https:\/\/alprestamo.com\/blog\/wp-json\/wp\/v2\/media?parent=27527"}],"wp:term":[{"taxonomy":"category","embeddable":true,"href":"https:\/\/alprestamo.com\/blog\/wp-json\/wp\/v2\/categories?post=27527"},{"taxonomy":"post_tag","embeddable":true,"href":"https:\/\/alprestamo.com\/blog\/wp-json\/wp\/v2\/tags?post=27527"}],"curies":[{"name":"wp","href":"https:\/\/api.w.org\/{rel}","templated":true}]}}