{"id":27578,"date":"2023-09-04T10:59:54","date_gmt":"2023-09-04T13:59:54","guid":{"rendered":"https:\/\/alprestamo.com\/blog\/?p=27578"},"modified":"2023-09-04T10:59:56","modified_gmt":"2023-09-04T13:59:56","slug":"anuncian-cuarto-ciclo-de-pagos-de-jovenes-en-accion","status":"publish","type":"post","link":"https:\/\/alprestamo.com\/blog\/anuncian-cuarto-ciclo-de-pagos-de-jovenes-en-accion\/","title":{"rendered":"Anuncian cuarto ciclo de pagos de J\u00f3venes en Acci\u00f3n"},"content":{"rendered":"\n<p>El <strong>Departamento de Prosperidad Social <\/strong>comunic\u00f3 que desde el viernes 25 de agosto hasta el 13 de septiembre, los beneficiarios del programa <strong>J\u00f3venes en Acci\u00f3n <\/strong>podr\u00e1n reclamar transferencias del <a href=\"https:\/\/alprestamo.com\/blog\/co\/programa-jovenes-en-accion-conozca-las-fecha-de-inscripcion\/\">cuarto pago de 2023<\/a>.&nbsp;<\/p>\n\n\n\n<p>Este cuarto ciclo de transferencias tiene como objetivo apoyar a casi 125 mil j\u00f3venes que han cumplido con los requisitos con <strong>pagos de hasta $400.000<\/strong>.&nbsp;<\/p>\n\n\n\n<h2 class=\"wp-block-heading\">Qui\u00e9nes pueden cobrar los pagos de J\u00f3venes en Acci\u00f3n&nbsp;<\/h2>\n\n\n\n<p>Quienes pueden recibir los pagos del programa son 76.832 participantes pertenecientes a 53 instituciones de educaci\u00f3n superior, que ya realizaron su proceso de verificaci\u00f3n y finalmente, 45.895 de los <a href=\"https:\/\/alprestamo.com\/blog\/co\/que-es-el-programa-familias-en-accion-y-quienes-son-sus-beneficiarios\/\">beneficiarios <\/a>estudiantes de programas t\u00e9cnicos y tecnol\u00f3gicos del Sena, que han cumplido su verificaci\u00f3n entre abril y mayo de 2023.&nbsp;<\/p>\n\n\n\n<h2 class=\"wp-block-heading\">C\u00f3mo se realizan los pagos del cuarto ciclo<\/h2>\n\n\n\n<p>Prosperidad Social detall\u00f3 que la ayuda econ\u00f3mica se entregar\u00e1 de forma escalonada y progresiva en el <strong>Banco Davivienda<\/strong>, quien cuenta con el producto financiero <strong>DaviPlata<\/strong>, o mediante la modalidad de giro con el apoyo de los aliados del banco.&nbsp;<\/p>\n\n\n\n<p>Quienes forman parte del<a href=\"https:\/\/alprestamo.com\/blog\/co\/cual-es-el-programa-social-de-colombia-que-devuelve-hasta-80-000\/\"> programa social<\/a> deben esperar un mensaje de texto en el que se les notifica el lugar y la fecha para retirar o reclamar los incentivos que ofrece J\u00f3venes en Acci\u00f3n.&nbsp;<\/p>\n\n\n\n<p>En caso de haber alg\u00fan error en el aplicativo de la entidad bancaria, el beneficiario deber\u00e1 <strong>comunicarse con el #688<\/strong> o seleccionar la opci\u00f3n de \u201cNecesitas ayuda\u201d desde la aplicaci\u00f3n.&nbsp;<\/p>\n\n\n\n<h2 class=\"wp-block-heading\">Qui\u00e9nes pueden inscribirse a J\u00f3venes en Acci\u00f3n&nbsp;<\/h2>\n\n\n\n<p>Prosperidad Social comunic\u00f3 que las personas interesadas en ingresar al programa deben cumplir los siguientes requisitos:&nbsp;<\/p>\n\n\n\n<ul class=\"wp-block-list\">\n<li>Tener entre 14 y 28 a\u00f1os<\/li>\n\n\n\n<li>Ser bachiller de media vocacional<\/li>\n\n\n\n<li>No poseer t\u00edtulo universitario<\/li>\n\n\n\n<li>Estar incluido en al menos una de las bases de focalizaci\u00f3n poblacional del programa, que certifique su situaci\u00f3n de vulnerabilidad o pobreza.&nbsp;<\/li>\n<\/ul>\n\n\n\n<p>Adem\u00e1s, los interesados en ingresar a <em>J\u00f3venes en Acci\u00f3n <\/em>deben estar matriculados en algunas de las instituciones de Educaci\u00f3n Superior P\u00fablica con las que el programa social tiene convenio en el Sena, en cualquier modalidad.<\/p>\n","protected":false},"excerpt":{"rendered":"<p>El Departamento de Prosperidad Social comunic\u00f3 que desde el viernes 25 de agosto hasta el 13 de septiembre, los beneficiarios del programa J\u00f3venes en Acci\u00f3n podr\u00e1n reclamar transferencias del cuarto pago de 2023.&nbsp; Este cuarto ciclo de transferencias tiene como objetivo apoyar a casi 125 mil j\u00f3venes que han cumplido con los requisitos con pagos &hellip;<\/p>\n<p class=\"read-more\"> <a class=\"\" href=\"https:\/\/alprestamo.com\/blog\/anuncian-cuarto-ciclo-de-pagos-de-jovenes-en-accion\/\"> <span class=\"screen-reader-text\">Anuncian cuarto ciclo de pagos de J\u00f3venes en Acci\u00f3n<\/span> Leer m\u00e1s &raquo;<\/a><\/p>\n","protected":false},"author":9,"featured_media":27595,"comment_status":"closed","ping_status":"closed","sticky":false,"template":"","format":"standard","meta":{"_uag_custom_page_level_css":"","site-sidebar-layout":"default","site-content-layout":"default","ast-global-header-display":"","ast-banner-title-visibility":"","ast-main-header-display":"","ast-hfb-above-header-display":"","ast-hfb-below-header-display":"","ast-hfb-mobile-header-display":"","site-post-title":"","ast-breadcrumbs-content":"","ast-featured-img":"","footer-sml-layout":"","theme-transparent-header-meta":"","adv-header-id-meta":"","stick-header-meta":"","header-above-stick-meta":"","header-main-stick-meta":"","header-below-stick-meta":"","footnotes":""},"categories":[98,100],"tags":[],"class_list":["post-27578","post","type-post","status-publish","format-standard","has-post-thumbnail","hentry","category-co","category-programas-sociales"],"acf":[],"yoast_head":"<!-- This site is optimized with the Yoast SEO plugin v23.2 - https:\/\/yoast.com\/wordpress\/plugins\/seo\/ -->\n<title>Anuncian cuarto ciclo de pagos de J\u00f3venes en Acci\u00f3n<\/title>\n<meta name=\"description\" content=\"El Departamento de Prosperidad Social comunic\u00f3 que desde el viernes 25 de agosto hasta el 13 de septiembre, los beneficiarios del programa J\u00f3venes en\" \/>\n<meta name=\"robots\" content=\"index, follow, max-snippet:-1, max-image-preview:large, max-video-preview:-1\" \/>\n<link rel=\"canonical\" href=\"https:\/\/alprestamo.com\/blog\/anuncian-cuarto-ciclo-de-pagos-de-jovenes-en-accion\/\" \/>\n<meta property=\"og:locale\" content=\"es_ES\" \/>\n<meta property=\"og:type\" content=\"article\" \/>\n<meta property=\"og:title\" content=\"Anuncian cuarto ciclo de pagos de J\u00f3venes en Acci\u00f3n\" \/>\n<meta property=\"og:description\" content=\"El Departamento de Prosperidad Social comunic\u00f3 que desde el viernes 25 de agosto hasta el 13 de septiembre, los beneficiarios del programa J\u00f3venes en\" \/>\n<meta property=\"og:url\" content=\"https:\/\/alprestamo.com\/blog\/anuncian-cuarto-ciclo-de-pagos-de-jovenes-en-accion\/\" \/>\n<meta property=\"og:site_name\" content=\"Alprestamo - Hacemos que todo suceda\" \/>\n<meta property=\"article:published_time\" content=\"2023-09-04T13:59:54+00:00\" \/>\n<meta property=\"article:modified_time\" content=\"2023-09-04T13:59:56+00:00\" \/>\n<meta property=\"og:image\" content=\"https:\/\/alprestamo.com\/blog\/wp-content\/uploads\/2023\/08\/jovenes-en-accion.webp\" \/>\n\t<meta property=\"og:image:width\" content=\"1000\" \/>\n\t<meta property=\"og:image:height\" content=\"716\" \/>\n\t<meta property=\"og:image:type\" content=\"image\/webp\" \/>\n<meta name=\"author\" content=\"Ramiro Querejeta\" \/>\n<meta name=\"twitter:card\" content=\"summary_large_image\" \/>\n<meta name=\"twitter:label1\" content=\"Escrito por\" \/>\n\t<meta name=\"twitter:data1\" content=\"Ramiro Querejeta\" \/>\n\t<meta name=\"twitter:label2\" content=\"Tiempo de lectura\" \/>\n\t<meta name=\"twitter:data2\" content=\"2 minutos\" \/>\n<script type=\"application\/ld+json\" class=\"yoast-schema-graph\">{\"@context\":\"https:\/\/schema.org\",\"@graph\":[{\"@type\":\"NewsArticle\",\"@id\":\"https:\/\/alprestamo.com\/blog\/anuncian-cuarto-ciclo-de-pagos-de-jovenes-en-accion\/#article\",\"isPartOf\":{\"@id\":\"https:\/\/alprestamo.com\/blog\/anuncian-cuarto-ciclo-de-pagos-de-jovenes-en-accion\/\"},\"author\":{\"name\":\"Ramiro Querejeta\",\"@id\":\"https:\/\/alprestamo.com\/blog\/#\/schema\/person\/4c568603ceb381762b4c9062d42c7627\"},\"headline\":\"Anuncian cuarto ciclo de pagos de J\u00f3venes en Acci\u00f3n\",\"datePublished\":\"2023-09-04T13:59:54+00:00\",\"dateModified\":\"2023-09-04T13:59:56+00:00\",\"mainEntityOfPage\":{\"@id\":\"https:\/\/alprestamo.com\/blog\/anuncian-cuarto-ciclo-de-pagos-de-jovenes-en-accion\/\"},\"wordCount\":362,\"publisher\":{\"@id\":\"https:\/\/alprestamo.com\/blog\/#organization\"},\"image\":{\"@id\":\"https:\/\/alprestamo.com\/blog\/anuncian-cuarto-ciclo-de-pagos-de-jovenes-en-accion\/#primaryimage\"},\"thumbnailUrl\":\"https:\/\/alprestamo.com\/blog\/wp-content\/uploads\/2023\/08\/jovenes-en-accion.webp\",\"articleSection\":[\"CO\",\"Programas sociales\"],\"inLanguage\":\"es-AR\"},{\"@type\":\"WebPage\",\"@id\":\"https:\/\/alprestamo.com\/blog\/anuncian-cuarto-ciclo-de-pagos-de-jovenes-en-accion\/\",\"url\":\"https:\/\/alprestamo.com\/blog\/anuncian-cuarto-ciclo-de-pagos-de-jovenes-en-accion\/\",\"name\":\"Anuncian cuarto ciclo de pagos de J\u00f3venes en Acci\u00f3n\",\"isPartOf\":{\"@id\":\"https:\/\/alprestamo.com\/blog\/#website\"},\"primaryImageOfPage\":{\"@id\":\"https:\/\/alprestamo.com\/blog\/anuncian-cuarto-ciclo-de-pagos-de-jovenes-en-accion\/#primaryimage\"},\"image\":{\"@id\":\"https:\/\/alprestamo.com\/blog\/anuncian-cuarto-ciclo-de-pagos-de-jovenes-en-accion\/#primaryimage\"},\"thumbnailUrl\":\"https:\/\/alprestamo.com\/blog\/wp-content\/uploads\/2023\/08\/jovenes-en-accion.webp\",\"datePublished\":\"2023-09-04T13:59:54+00:00\",\"dateModified\":\"2023-09-04T13:59:56+00:00\",\"description\":\"El Departamento de Prosperidad Social comunic\u00f3 que desde el viernes 25 de agosto hasta el 13 de septiembre, los beneficiarios del programa J\u00f3venes en\",\"breadcrumb\":{\"@id\":\"https:\/\/alprestamo.com\/blog\/anuncian-cuarto-ciclo-de-pagos-de-jovenes-en-accion\/#breadcrumb\"},\"inLanguage\":\"es-AR\",\"potentialAction\":[{\"@type\":\"ReadAction\",\"target\":[\"https:\/\/alprestamo.com\/blog\/anuncian-cuarto-ciclo-de-pagos-de-jovenes-en-accion\/\"]}]},{\"@type\":\"ImageObject\",\"inLanguage\":\"es-AR\",\"@id\":\"https:\/\/alprestamo.com\/blog\/anuncian-cuarto-ciclo-de-pagos-de-jovenes-en-accion\/#primaryimage\",\"url\":\"https:\/\/alprestamo.com\/blog\/wp-content\/uploads\/2023\/08\/jovenes-en-accion.webp\",\"contentUrl\":\"https:\/\/alprestamo.com\/blog\/wp-content\/uploads\/2023\/08\/jovenes-en-accion.webp\",\"width\":1000,\"height\":716,\"caption\":\"J\u00f3venes en Acci\u00f3n 2023\"},{\"@type\":\"BreadcrumbList\",\"@id\":\"https:\/\/alprestamo.com\/blog\/anuncian-cuarto-ciclo-de-pagos-de-jovenes-en-accion\/#breadcrumb\",\"itemListElement\":[{\"@type\":\"ListItem\",\"position\":1,\"name\":\"Home\",\"item\":\"https:\/\/alprestamo.com\/blog\/\"},{\"@type\":\"ListItem\",\"position\":2,\"name\":\"Anuncian cuarto ciclo de pagos de J\u00f3venes en Acci\u00f3n\"}]},{\"@type\":\"WebSite\",\"@id\":\"https:\/\/alprestamo.com\/blog\/#website\",\"url\":\"https:\/\/alprestamo.com\/blog\/\",\"name\":\"Alprestamo\",\"description\":\"Hacemos que todo suceda\",\"publisher\":{\"@id\":\"https:\/\/alprestamo.com\/blog\/#organization\"},\"potentialAction\":[{\"@type\":\"SearchAction\",\"target\":{\"@type\":\"EntryPoint\",\"urlTemplate\":\"https:\/\/alprestamo.com\/blog\/?s={search_term_string}\"},\"query-input\":\"required name=search_term_string\"}],\"inLanguage\":\"es-AR\"},{\"@type\":\"Organization\",\"@id\":\"https:\/\/alprestamo.com\/blog\/#organization\",\"name\":\"Alprestamo\",\"url\":\"https:\/\/alprestamo.com\/blog\/\",\"logo\":{\"@type\":\"ImageObject\",\"inLanguage\":\"es-AR\",\"@id\":\"https:\/\/alprestamo.com\/blog\/#\/schema\/logo\/image\/\",\"url\":\"https:\/\/alprestamo.com\/blog\/wp-content\/uploads\/2022\/10\/Imagotipo_Blanco.svg\",\"contentUrl\":\"https:\/\/alprestamo.com\/blog\/wp-content\/uploads\/2022\/10\/Imagotipo_Blanco.svg\",\"width\":1199,\"height\":203,\"caption\":\"Alprestamo\"},\"image\":{\"@id\":\"https:\/\/alprestamo.com\/blog\/#\/schema\/logo\/image\/\"}},{\"@type\":\"Person\",\"@id\":\"https:\/\/alprestamo.com\/blog\/#\/schema\/person\/4c568603ceb381762b4c9062d42c7627\",\"name\":\"Ramiro Querejeta\",\"image\":{\"@type\":\"ImageObject\",\"inLanguage\":\"es-AR\",\"@id\":\"https:\/\/alprestamo.com\/blog\/#\/schema\/person\/image\/\",\"url\":\"https:\/\/alprestamo.com\/blog\/wp-content\/uploads\/2025\/08\/1688503693490-150x150.jpeg\",\"contentUrl\":\"https:\/\/alprestamo.com\/blog\/wp-content\/uploads\/2025\/08\/1688503693490-150x150.jpeg\",\"caption\":\"Ramiro Querejeta\"},\"url\":\"https:\/\/alprestamo.com\/blog\/author\/ramiro\/\"}]}<\/script>\n<!-- \/ Yoast SEO plugin. -->","yoast_head_json":{"title":"Anuncian cuarto ciclo de pagos de J\u00f3venes en Acci\u00f3n","description":"El Departamento de Prosperidad Social comunic\u00f3 que desde el viernes 25 de agosto hasta el 13 de septiembre, los beneficiarios del programa J\u00f3venes en","robots":{"index":"index","follow":"follow","max-snippet":"max-snippet:-1","max-image-preview":"max-image-preview:large","max-video-preview":"max-video-preview:-1"},"canonical":"https:\/\/alprestamo.com\/blog\/anuncian-cuarto-ciclo-de-pagos-de-jovenes-en-accion\/","og_locale":"es_ES","og_type":"article","og_title":"Anuncian cuarto ciclo de pagos de J\u00f3venes en Acci\u00f3n","og_description":"El Departamento de Prosperidad Social comunic\u00f3 que desde el viernes 25 de agosto hasta el 13 de septiembre, los beneficiarios del programa J\u00f3venes en","og_url":"https:\/\/alprestamo.com\/blog\/anuncian-cuarto-ciclo-de-pagos-de-jovenes-en-accion\/","og_site_name":"Alprestamo - Hacemos que todo suceda","article_published_time":"2023-09-04T13:59:54+00:00","article_modified_time":"2023-09-04T13:59:56+00:00","og_image":[{"width":1000,"height":716,"url":"https:\/\/alprestamo.com\/blog\/wp-content\/uploads\/2023\/08\/jovenes-en-accion.webp","type":"image\/webp"}],"author":"Ramiro Querejeta","twitter_card":"summary_large_image","twitter_misc":{"Escrito por":"Ramiro Querejeta","Tiempo de lectura":"2 minutos"},"schema":{"@context":"https:\/\/schema.org","@graph":[{"@type":"NewsArticle","@id":"https:\/\/alprestamo.com\/blog\/anuncian-cuarto-ciclo-de-pagos-de-jovenes-en-accion\/#article","isPartOf":{"@id":"https:\/\/alprestamo.com\/blog\/anuncian-cuarto-ciclo-de-pagos-de-jovenes-en-accion\/"},"author":{"name":"Ramiro Querejeta","@id":"https:\/\/alprestamo.com\/blog\/#\/schema\/person\/4c568603ceb381762b4c9062d42c7627"},"headline":"Anuncian cuarto ciclo de pagos de J\u00f3venes en Acci\u00f3n","datePublished":"2023-09-04T13:59:54+00:00","dateModified":"2023-09-04T13:59:56+00:00","mainEntityOfPage":{"@id":"https:\/\/alprestamo.com\/blog\/anuncian-cuarto-ciclo-de-pagos-de-jovenes-en-accion\/"},"wordCount":362,"publisher":{"@id":"https:\/\/alprestamo.com\/blog\/#organization"},"image":{"@id":"https:\/\/alprestamo.com\/blog\/anuncian-cuarto-ciclo-de-pagos-de-jovenes-en-accion\/#primaryimage"},"thumbnailUrl":"https:\/\/alprestamo.com\/blog\/wp-content\/uploads\/2023\/08\/jovenes-en-accion.webp","articleSection":["CO","Programas sociales"],"inLanguage":"es-AR"},{"@type":"WebPage","@id":"https:\/\/alprestamo.com\/blog\/anuncian-cuarto-ciclo-de-pagos-de-jovenes-en-accion\/","url":"https:\/\/alprestamo.com\/blog\/anuncian-cuarto-ciclo-de-pagos-de-jovenes-en-accion\/","name":"Anuncian cuarto ciclo de pagos de J\u00f3venes en Acci\u00f3n","isPartOf":{"@id":"https:\/\/alprestamo.com\/blog\/#website"},"primaryImageOfPage":{"@id":"https:\/\/alprestamo.com\/blog\/anuncian-cuarto-ciclo-de-pagos-de-jovenes-en-accion\/#primaryimage"},"image":{"@id":"https:\/\/alprestamo.com\/blog\/anuncian-cuarto-ciclo-de-pagos-de-jovenes-en-accion\/#primaryimage"},"thumbnailUrl":"https:\/\/alprestamo.com\/blog\/wp-content\/uploads\/2023\/08\/jovenes-en-accion.webp","datePublished":"2023-09-04T13:59:54+00:00","dateModified":"2023-09-04T13:59:56+00:00","description":"El Departamento de Prosperidad Social comunic\u00f3 que desde el viernes 25 de agosto hasta el 13 de septiembre, los beneficiarios del programa J\u00f3venes en","breadcrumb":{"@id":"https:\/\/alprestamo.com\/blog\/anuncian-cuarto-ciclo-de-pagos-de-jovenes-en-accion\/#breadcrumb"},"inLanguage":"es-AR","potentialAction":[{"@type":"ReadAction","target":["https:\/\/alprestamo.com\/blog\/anuncian-cuarto-ciclo-de-pagos-de-jovenes-en-accion\/"]}]},{"@type":"ImageObject","inLanguage":"es-AR","@id":"https:\/\/alprestamo.com\/blog\/anuncian-cuarto-ciclo-de-pagos-de-jovenes-en-accion\/#primaryimage","url":"https:\/\/alprestamo.com\/blog\/wp-content\/uploads\/2023\/08\/jovenes-en-accion.webp","contentUrl":"https:\/\/alprestamo.com\/blog\/wp-content\/uploads\/2023\/08\/jovenes-en-accion.webp","width":1000,"height":716,"caption":"J\u00f3venes en Acci\u00f3n 2023"},{"@type":"BreadcrumbList","@id":"https:\/\/alprestamo.com\/blog\/anuncian-cuarto-ciclo-de-pagos-de-jovenes-en-accion\/#breadcrumb","itemListElement":[{"@type":"ListItem","position":1,"name":"Home","item":"https:\/\/alprestamo.com\/blog\/"},{"@type":"ListItem","position":2,"name":"Anuncian cuarto ciclo de pagos de J\u00f3venes en Acci\u00f3n"}]},{"@type":"WebSite","@id":"https:\/\/alprestamo.com\/blog\/#website","url":"https:\/\/alprestamo.com\/blog\/","name":"Alprestamo","description":"Hacemos que todo suceda","publisher":{"@id":"https:\/\/alprestamo.com\/blog\/#organization"},"potentialAction":[{"@type":"SearchAction","target":{"@type":"EntryPoint","urlTemplate":"https:\/\/alprestamo.com\/blog\/?s={search_term_string}"},"query-input":"required name=search_term_string"}],"inLanguage":"es-AR"},{"@type":"Organization","@id":"https:\/\/alprestamo.com\/blog\/#organization","name":"Alprestamo","url":"https:\/\/alprestamo.com\/blog\/","logo":{"@type":"ImageObject","inLanguage":"es-AR","@id":"https:\/\/alprestamo.com\/blog\/#\/schema\/logo\/image\/","url":"https:\/\/alprestamo.com\/blog\/wp-content\/uploads\/2022\/10\/Imagotipo_Blanco.svg","contentUrl":"https:\/\/alprestamo.com\/blog\/wp-content\/uploads\/2022\/10\/Imagotipo_Blanco.svg","width":1199,"height":203,"caption":"Alprestamo"},"image":{"@id":"https:\/\/alprestamo.com\/blog\/#\/schema\/logo\/image\/"}},{"@type":"Person","@id":"https:\/\/alprestamo.com\/blog\/#\/schema\/person\/4c568603ceb381762b4c9062d42c7627","name":"Ramiro Querejeta","image":{"@type":"ImageObject","inLanguage":"es-AR","@id":"https:\/\/alprestamo.com\/blog\/#\/schema\/person\/image\/","url":"https:\/\/alprestamo.com\/blog\/wp-content\/uploads\/2025\/08\/1688503693490-150x150.jpeg","contentUrl":"https:\/\/alprestamo.com\/blog\/wp-content\/uploads\/2025\/08\/1688503693490-150x150.jpeg","caption":"Ramiro Querejeta"},"url":"https:\/\/alprestamo.com\/blog\/author\/ramiro\/"}]}},"uagb_featured_image_src":{"full":["https:\/\/alprestamo.com\/blog\/wp-content\/uploads\/2023\/08\/jovenes-en-accion.webp",1000,716,false],"thumbnail":["https:\/\/alprestamo.com\/blog\/wp-content\/uploads\/2023\/08\/jovenes-en-accion-150x150.webp",150,150,true],"medium":["https:\/\/alprestamo.com\/blog\/wp-content\/uploads\/2023\/08\/jovenes-en-accion-300x215.webp",300,215,true],"medium_large":["https:\/\/alprestamo.com\/blog\/wp-content\/uploads\/2023\/08\/jovenes-en-accion-768x550.webp",768,550,true],"large":["https:\/\/alprestamo.com\/blog\/wp-content\/uploads\/2023\/08\/jovenes-en-accion.webp",1000,716,false],"1536x1536":["https:\/\/alprestamo.com\/blog\/wp-content\/uploads\/2023\/08\/jovenes-en-accion.webp",1000,716,false],"2048x2048":["https:\/\/alprestamo.com\/blog\/wp-content\/uploads\/2023\/08\/jovenes-en-accion.webp",1000,716,false]},"uagb_author_info":{"display_name":"Ramiro Querejeta","author_link":"https:\/\/alprestamo.com\/blog\/author\/ramiro\/"},"uagb_comment_info":0,"uagb_excerpt":"El Departamento de Prosperidad Social comunic\u00f3 que desde el viernes 25 de agosto hasta el 13 de septiembre, los beneficiarios del programa J\u00f3venes en Acci\u00f3n podr\u00e1n reclamar transferencias del cuarto pago de 2023.&nbsp; Este cuarto ciclo de transferencias tiene como objetivo apoyar a casi 125 mil j\u00f3venes que han cumplido con los requisitos con pagos&hellip;","rttpg_featured_image_url":{"full":["https:\/\/alprestamo.com\/blog\/wp-content\/uploads\/2023\/08\/jovenes-en-accion.webp",1000,716,false],"landscape":["https:\/\/alprestamo.com\/blog\/wp-content\/uploads\/2023\/08\/jovenes-en-accion.webp",1000,716,false],"portraits":["https:\/\/alprestamo.com\/blog\/wp-content\/uploads\/2023\/08\/jovenes-en-accion.webp",1000,716,false],"thumbnail":["https:\/\/alprestamo.com\/blog\/wp-content\/uploads\/2023\/08\/jovenes-en-accion-150x150.webp",150,150,true],"medium":["https:\/\/alprestamo.com\/blog\/wp-content\/uploads\/2023\/08\/jovenes-en-accion-300x215.webp",300,215,true],"large":["https:\/\/alprestamo.com\/blog\/wp-content\/uploads\/2023\/08\/jovenes-en-accion.webp",1000,716,false],"1536x1536":["https:\/\/alprestamo.com\/blog\/wp-content\/uploads\/2023\/08\/jovenes-en-accion.webp",1000,716,false],"2048x2048":["https:\/\/alprestamo.com\/blog\/wp-content\/uploads\/2023\/08\/jovenes-en-accion.webp",1000,716,false],"rt_custom":["https:\/\/alprestamo.com\/blog\/wp-content\/uploads\/2023\/08\/jovenes-en-accion.webp",1000,716,false]},"rttpg_author":{"display_name":"Ramiro Querejeta","author_link":"https:\/\/alprestamo.com\/blog\/author\/ramiro\/"},"rttpg_comment":0,"rttpg_category":"<a href=\"https:\/\/alprestamo.com\/blog\/categoria\/co\/\" rel=\"category tag\">CO<\/a> <a href=\"https:\/\/alprestamo.com\/blog\/categoria\/co\/programas-sociales\/\" rel=\"category tag\">Programas sociales<\/a>","rttpg_excerpt":"El Departamento de Prosperidad Social comunic\u00f3 que desde el viernes 25 de agosto hasta el 13 de septiembre, los beneficiarios del programa J\u00f3venes en Acci\u00f3n podr\u00e1n reclamar transferencias del cuarto pago de 2023.&nbsp; Este cuarto ciclo de transferencias tiene como objetivo apoyar a casi 125 mil j\u00f3venes que han cumplido con los requisitos con pagos&hellip;","_links":{"self":[{"href":"https:\/\/alprestamo.com\/blog\/wp-json\/wp\/v2\/posts\/27578"}],"collection":[{"href":"https:\/\/alprestamo.com\/blog\/wp-json\/wp\/v2\/posts"}],"about":[{"href":"https:\/\/alprestamo.com\/blog\/wp-json\/wp\/v2\/types\/post"}],"author":[{"embeddable":true,"href":"https:\/\/alprestamo.com\/blog\/wp-json\/wp\/v2\/users\/9"}],"replies":[{"embeddable":true,"href":"https:\/\/alprestamo.com\/blog\/wp-json\/wp\/v2\/comments?post=27578"}],"version-history":[{"count":6,"href":"https:\/\/alprestamo.com\/blog\/wp-json\/wp\/v2\/posts\/27578\/revisions"}],"predecessor-version":[{"id":27598,"href":"https:\/\/alprestamo.com\/blog\/wp-json\/wp\/v2\/posts\/27578\/revisions\/27598"}],"wp:featuredmedia":[{"embeddable":true,"href":"https:\/\/alprestamo.com\/blog\/wp-json\/wp\/v2\/media\/27595"}],"wp:attachment":[{"href":"https:\/\/alprestamo.com\/blog\/wp-json\/wp\/v2\/media?parent=27578"}],"wp:term":[{"taxonomy":"category","embeddable":true,"href":"https:\/\/alprestamo.com\/blog\/wp-json\/wp\/v2\/categories?post=27578"},{"taxonomy":"post_tag","embeddable":true,"href":"https:\/\/alprestamo.com\/blog\/wp-json\/wp\/v2\/tags?post=27578"}],"curies":[{"name":"wp","href":"https:\/\/api.w.org\/{rel}","templated":true}]}}