{"id":28028,"date":"2023-08-31T11:00:00","date_gmt":"2023-08-31T14:00:00","guid":{"rendered":"https:\/\/alprestamo.com\/blog\/?p=28028"},"modified":"2023-09-04T17:13:47","modified_gmt":"2023-09-04T20:13:47","slug":"pago-retroactivo-de-mi-beca-para-empezar-de-que-se-trata-y-quienes-lo-cobran","status":"publish","type":"post","link":"https:\/\/alprestamo.com\/blog\/pago-retroactivo-de-mi-beca-para-empezar-de-que-se-trata-y-quienes-lo-cobran\/","title":{"rendered":"Pago retroactivo de Mi Beca para Empezar: de qu\u00e9 se trata y qui\u00e9nes lo cobran"},"content":{"rendered":"\n<p>La convocatoria para la inscripci\u00f3n al programa social de ayuda econ\u00f3mica <strong>Mi Beca para Empezar<\/strong> ya se encuentra habilitada, seg\u00fan inform\u00f3 el gobierno de la CDMX.&nbsp;<\/p>\n\n\n\n<p>Para el ciclo escolar que est\u00e1 por comenzar, el <strong>monto de la beca tendr\u00e1 un incremento del 20% <\/strong>y entregar\u00e1 600 pesos a los alumnos de preescolar y CAM, mientras que los de primaria y secundaria cobrar\u00e1n 650 pesos.&nbsp;<\/p>\n\n\n\n<h2 class=\"wp-block-heading\">Pago retroactivo de Mi Beca para Empezar<\/h2>\n\n\n\n<p>Quienes concluyan el registro antes del 30 de septiembre podr\u00e1n recibir los <strong>pagos retroactivos<\/strong> correspondientes a los meses de septiembre y octubre.&nbsp;<\/p>\n\n\n\n<p>Los pagos retroactivos son aquellos que corresponden a meses anteriores y se reciben en una fecha posterior.&nbsp;<\/p>\n\n\n\n<p>Sumado a esto, quienes se registren entre el 28 de agosto y el 30 de septiembre van a poder acceder a los <strong>apoyos econ\u00f3micos de entre 970 y 1180 pesos<\/strong> para uniformes escolares.&nbsp;<\/p>\n\n\n\n<p>Los padres de familia que lleven a cabo el registro de forma posterior a esa fecha solamente recibir\u00e1n los apoyos de noviembre en adelante.&nbsp;<\/p>\n\n\n\n<h2 class=\"wp-block-heading\">Como me registro a Mi Beca para Empezar<\/h2>\n\n\n\n<p>Los interesados en registrar a sus hijos en el programa de<em> Mi Beca para Empezar<\/em> deben realizar lo siguiente:&nbsp;<\/p>\n\n\n\n<ul class=\"wp-block-list\">\n<li>Entrar a la plataforma de Mi Beca para Empezar<\/li>\n\n\n\n<li>Hacer clic en \u201ciniciar\u201d<\/li>\n\n\n\n<li>Ingresar a la plataforma con la Llave CDMX del padre, madre o tutor<\/li>\n\n\n\n<li>Completar el formulario requerido donde se solicitar\u00e1 informaci\u00f3n como tutor, como por ejemplo n\u00famero de celular, correo, esc\u00e1ner de identificaci\u00f3n oficial y comprobante de domicilio.&nbsp;<\/li>\n\n\n\n<li>Seleccionar la opci\u00f3n registrar a un beneficiario<\/li>\n\n\n\n<li>Captura la CURP del ni\u00f1o\/a y hacer clic en validar<\/li>\n\n\n\n<li>Agregar el parentesco<\/li>\n\n\n\n<li>Completar la encuesta&nbsp;<\/li>\n<\/ul>\n","protected":false},"excerpt":{"rendered":"<p>La convocatoria para la inscripci\u00f3n al programa social de ayuda econ\u00f3mica Mi Beca para Empezar ya se encuentra habilitada, seg\u00fan inform\u00f3 el gobierno de la CDMX.&nbsp; Para el ciclo escolar que est\u00e1 por comenzar, el monto de la beca tendr\u00e1 un incremento del 20% y entregar\u00e1 600 pesos a los alumnos de preescolar y CAM, &hellip;<\/p>\n<p class=\"read-more\"> <a class=\"\" href=\"https:\/\/alprestamo.com\/blog\/pago-retroactivo-de-mi-beca-para-empezar-de-que-se-trata-y-quienes-lo-cobran\/\"> <span class=\"screen-reader-text\">Pago retroactivo de Mi Beca para Empezar: de qu\u00e9 se trata y qui\u00e9nes lo cobran<\/span> Leer m\u00e1s &raquo;<\/a><\/p>\n","protected":false},"author":9,"featured_media":26656,"comment_status":"closed","ping_status":"closed","sticky":false,"template":"","format":"standard","meta":{"_uag_custom_page_level_css":"","site-sidebar-layout":"default","site-content-layout":"default","ast-global-header-display":"","ast-banner-title-visibility":"","ast-main-header-display":"","ast-hfb-above-header-display":"","ast-hfb-below-header-display":"","ast-hfb-mobile-header-display":"","site-post-title":"","ast-breadcrumbs-content":"","ast-featured-img":"","footer-sml-layout":"","theme-transparent-header-meta":"","adv-header-id-meta":"","stick-header-meta":"","header-above-stick-meta":"","header-main-stick-meta":"","header-below-stick-meta":"","footnotes":""},"categories":[130,32],"tags":[],"class_list":["post-28028","post","type-post","status-publish","format-standard","has-post-thumbnail","hentry","category-mx","category-programas-sociales-mx"],"acf":[],"yoast_head":"<!-- This site is optimized with the Yoast SEO plugin v23.2 - https:\/\/yoast.com\/wordpress\/plugins\/seo\/ -->\n<title>Pago retroactivo de Mi Beca para Empezar: de qu\u00e9 se trata y qui\u00e9nes lo cobran<\/title>\n<meta name=\"description\" content=\"La convocatoria para la inscripci\u00f3n al programa social de ayuda econ\u00f3mica Mi Beca para Empezar ya se encuentra habilitada, seg\u00fan inform\u00f3 el gobierno de la\" \/>\n<meta name=\"robots\" content=\"index, follow, max-snippet:-1, max-image-preview:large, max-video-preview:-1\" \/>\n<link rel=\"canonical\" href=\"https:\/\/alprestamo.com\/blog\/pago-retroactivo-de-mi-beca-para-empezar-de-que-se-trata-y-quienes-lo-cobran\/\" \/>\n<meta property=\"og:locale\" content=\"es_ES\" \/>\n<meta property=\"og:type\" content=\"article\" \/>\n<meta property=\"og:title\" content=\"Pago retroactivo de Mi Beca para Empezar: de qu\u00e9 se trata y qui\u00e9nes lo cobran\" \/>\n<meta property=\"og:description\" content=\"La convocatoria para la inscripci\u00f3n al programa social de ayuda econ\u00f3mica Mi Beca para Empezar ya se encuentra habilitada, seg\u00fan inform\u00f3 el gobierno de la\" \/>\n<meta property=\"og:url\" content=\"https:\/\/alprestamo.com\/blog\/pago-retroactivo-de-mi-beca-para-empezar-de-que-se-trata-y-quienes-lo-cobran\/\" \/>\n<meta property=\"og:site_name\" content=\"Alprestamo - Hacemos que todo suceda\" \/>\n<meta property=\"article:published_time\" content=\"2023-08-31T14:00:00+00:00\" \/>\n<meta property=\"article:modified_time\" content=\"2023-09-04T20:13:47+00:00\" \/>\n<meta property=\"og:image\" content=\"https:\/\/alprestamo.com\/blog\/wp-content\/uploads\/2023\/08\/mi-beca-para-empezar-mx.jpg\" \/>\n\t<meta property=\"og:image:width\" content=\"1050\" \/>\n\t<meta property=\"og:image:height\" content=\"620\" \/>\n\t<meta property=\"og:image:type\" content=\"image\/jpeg\" \/>\n<meta name=\"author\" content=\"Ramiro Querejeta\" \/>\n<meta name=\"twitter:card\" content=\"summary_large_image\" \/>\n<meta name=\"twitter:label1\" content=\"Escrito por\" \/>\n\t<meta name=\"twitter:data1\" content=\"Ramiro Querejeta\" \/>\n\t<meta name=\"twitter:label2\" content=\"Tiempo de lectura\" \/>\n\t<meta name=\"twitter:data2\" content=\"1 minuto\" \/>\n<script type=\"application\/ld+json\" class=\"yoast-schema-graph\">{\"@context\":\"https:\/\/schema.org\",\"@graph\":[{\"@type\":\"NewsArticle\",\"@id\":\"https:\/\/alprestamo.com\/blog\/pago-retroactivo-de-mi-beca-para-empezar-de-que-se-trata-y-quienes-lo-cobran\/#article\",\"isPartOf\":{\"@id\":\"https:\/\/alprestamo.com\/blog\/pago-retroactivo-de-mi-beca-para-empezar-de-que-se-trata-y-quienes-lo-cobran\/\"},\"author\":{\"name\":\"Ramiro Querejeta\",\"@id\":\"https:\/\/alprestamo.com\/blog\/#\/schema\/person\/4c568603ceb381762b4c9062d42c7627\"},\"headline\":\"Pago retroactivo de Mi Beca para Empezar: de qu\u00e9 se trata y qui\u00e9nes lo cobran\",\"datePublished\":\"2023-08-31T14:00:00+00:00\",\"dateModified\":\"2023-09-04T20:13:47+00:00\",\"mainEntityOfPage\":{\"@id\":\"https:\/\/alprestamo.com\/blog\/pago-retroactivo-de-mi-beca-para-empezar-de-que-se-trata-y-quienes-lo-cobran\/\"},\"wordCount\":300,\"publisher\":{\"@id\":\"https:\/\/alprestamo.com\/blog\/#organization\"},\"image\":{\"@id\":\"https:\/\/alprestamo.com\/blog\/pago-retroactivo-de-mi-beca-para-empezar-de-que-se-trata-y-quienes-lo-cobran\/#primaryimage\"},\"thumbnailUrl\":\"https:\/\/alprestamo.com\/blog\/wp-content\/uploads\/2023\/08\/mi-beca-para-empezar-mx.jpg\",\"articleSection\":[\"MX\",\"Programas Sociales\"],\"inLanguage\":\"es-AR\"},{\"@type\":\"WebPage\",\"@id\":\"https:\/\/alprestamo.com\/blog\/pago-retroactivo-de-mi-beca-para-empezar-de-que-se-trata-y-quienes-lo-cobran\/\",\"url\":\"https:\/\/alprestamo.com\/blog\/pago-retroactivo-de-mi-beca-para-empezar-de-que-se-trata-y-quienes-lo-cobran\/\",\"name\":\"Pago retroactivo de Mi Beca para Empezar: de qu\u00e9 se trata y qui\u00e9nes lo cobran\",\"isPartOf\":{\"@id\":\"https:\/\/alprestamo.com\/blog\/#website\"},\"primaryImageOfPage\":{\"@id\":\"https:\/\/alprestamo.com\/blog\/pago-retroactivo-de-mi-beca-para-empezar-de-que-se-trata-y-quienes-lo-cobran\/#primaryimage\"},\"image\":{\"@id\":\"https:\/\/alprestamo.com\/blog\/pago-retroactivo-de-mi-beca-para-empezar-de-que-se-trata-y-quienes-lo-cobran\/#primaryimage\"},\"thumbnailUrl\":\"https:\/\/alprestamo.com\/blog\/wp-content\/uploads\/2023\/08\/mi-beca-para-empezar-mx.jpg\",\"datePublished\":\"2023-08-31T14:00:00+00:00\",\"dateModified\":\"2023-09-04T20:13:47+00:00\",\"description\":\"La convocatoria para la inscripci\u00f3n al programa social de ayuda econ\u00f3mica Mi Beca para Empezar ya se encuentra habilitada, seg\u00fan inform\u00f3 el gobierno de la\",\"breadcrumb\":{\"@id\":\"https:\/\/alprestamo.com\/blog\/pago-retroactivo-de-mi-beca-para-empezar-de-que-se-trata-y-quienes-lo-cobran\/#breadcrumb\"},\"inLanguage\":\"es-AR\",\"potentialAction\":[{\"@type\":\"ReadAction\",\"target\":[\"https:\/\/alprestamo.com\/blog\/pago-retroactivo-de-mi-beca-para-empezar-de-que-se-trata-y-quienes-lo-cobran\/\"]}]},{\"@type\":\"ImageObject\",\"inLanguage\":\"es-AR\",\"@id\":\"https:\/\/alprestamo.com\/blog\/pago-retroactivo-de-mi-beca-para-empezar-de-que-se-trata-y-quienes-lo-cobran\/#primaryimage\",\"url\":\"https:\/\/alprestamo.com\/blog\/wp-content\/uploads\/2023\/08\/mi-beca-para-empezar-mx.jpg\",\"contentUrl\":\"https:\/\/alprestamo.com\/blog\/wp-content\/uploads\/2023\/08\/mi-beca-para-empezar-mx.jpg\",\"width\":1050,\"height\":620,\"caption\":\"Tarjeta de Mi Beca para Empezar\"},{\"@type\":\"BreadcrumbList\",\"@id\":\"https:\/\/alprestamo.com\/blog\/pago-retroactivo-de-mi-beca-para-empezar-de-que-se-trata-y-quienes-lo-cobran\/#breadcrumb\",\"itemListElement\":[{\"@type\":\"ListItem\",\"position\":1,\"name\":\"Home\",\"item\":\"https:\/\/alprestamo.com\/blog\/\"},{\"@type\":\"ListItem\",\"position\":2,\"name\":\"Pago retroactivo de Mi Beca para Empezar: de qu\u00e9 se trata y qui\u00e9nes lo cobran\"}]},{\"@type\":\"WebSite\",\"@id\":\"https:\/\/alprestamo.com\/blog\/#website\",\"url\":\"https:\/\/alprestamo.com\/blog\/\",\"name\":\"Alprestamo\",\"description\":\"Hacemos que todo suceda\",\"publisher\":{\"@id\":\"https:\/\/alprestamo.com\/blog\/#organization\"},\"potentialAction\":[{\"@type\":\"SearchAction\",\"target\":{\"@type\":\"EntryPoint\",\"urlTemplate\":\"https:\/\/alprestamo.com\/blog\/?s={search_term_string}\"},\"query-input\":\"required name=search_term_string\"}],\"inLanguage\":\"es-AR\"},{\"@type\":\"Organization\",\"@id\":\"https:\/\/alprestamo.com\/blog\/#organization\",\"name\":\"Alprestamo\",\"url\":\"https:\/\/alprestamo.com\/blog\/\",\"logo\":{\"@type\":\"ImageObject\",\"inLanguage\":\"es-AR\",\"@id\":\"https:\/\/alprestamo.com\/blog\/#\/schema\/logo\/image\/\",\"url\":\"https:\/\/alprestamo.com\/blog\/wp-content\/uploads\/2022\/10\/Imagotipo_Blanco.svg\",\"contentUrl\":\"https:\/\/alprestamo.com\/blog\/wp-content\/uploads\/2022\/10\/Imagotipo_Blanco.svg\",\"width\":1199,\"height\":203,\"caption\":\"Alprestamo\"},\"image\":{\"@id\":\"https:\/\/alprestamo.com\/blog\/#\/schema\/logo\/image\/\"}},{\"@type\":\"Person\",\"@id\":\"https:\/\/alprestamo.com\/blog\/#\/schema\/person\/4c568603ceb381762b4c9062d42c7627\",\"name\":\"Ramiro Querejeta\",\"image\":{\"@type\":\"ImageObject\",\"inLanguage\":\"es-AR\",\"@id\":\"https:\/\/alprestamo.com\/blog\/#\/schema\/person\/image\/\",\"url\":\"https:\/\/alprestamo.com\/blog\/wp-content\/uploads\/2025\/08\/1688503693490-150x150.jpeg\",\"contentUrl\":\"https:\/\/alprestamo.com\/blog\/wp-content\/uploads\/2025\/08\/1688503693490-150x150.jpeg\",\"caption\":\"Ramiro Querejeta\"},\"url\":\"https:\/\/alprestamo.com\/blog\/author\/ramiro\/\"}]}<\/script>\n<!-- \/ Yoast SEO plugin. -->","yoast_head_json":{"title":"Pago retroactivo de Mi Beca para Empezar: de qu\u00e9 se trata y qui\u00e9nes lo cobran","description":"La convocatoria para la inscripci\u00f3n al programa social de ayuda econ\u00f3mica Mi Beca para Empezar ya se encuentra habilitada, seg\u00fan inform\u00f3 el gobierno de la","robots":{"index":"index","follow":"follow","max-snippet":"max-snippet:-1","max-image-preview":"max-image-preview:large","max-video-preview":"max-video-preview:-1"},"canonical":"https:\/\/alprestamo.com\/blog\/pago-retroactivo-de-mi-beca-para-empezar-de-que-se-trata-y-quienes-lo-cobran\/","og_locale":"es_ES","og_type":"article","og_title":"Pago retroactivo de Mi Beca para Empezar: de qu\u00e9 se trata y qui\u00e9nes lo cobran","og_description":"La convocatoria para la inscripci\u00f3n al programa social de ayuda econ\u00f3mica Mi Beca para Empezar ya se encuentra habilitada, seg\u00fan inform\u00f3 el gobierno de la","og_url":"https:\/\/alprestamo.com\/blog\/pago-retroactivo-de-mi-beca-para-empezar-de-que-se-trata-y-quienes-lo-cobran\/","og_site_name":"Alprestamo - Hacemos que todo suceda","article_published_time":"2023-08-31T14:00:00+00:00","article_modified_time":"2023-09-04T20:13:47+00:00","og_image":[{"width":1050,"height":620,"url":"https:\/\/alprestamo.com\/blog\/wp-content\/uploads\/2023\/08\/mi-beca-para-empezar-mx.jpg","type":"image\/jpeg"}],"author":"Ramiro Querejeta","twitter_card":"summary_large_image","twitter_misc":{"Escrito por":"Ramiro Querejeta","Tiempo de lectura":"1 minuto"},"schema":{"@context":"https:\/\/schema.org","@graph":[{"@type":"NewsArticle","@id":"https:\/\/alprestamo.com\/blog\/pago-retroactivo-de-mi-beca-para-empezar-de-que-se-trata-y-quienes-lo-cobran\/#article","isPartOf":{"@id":"https:\/\/alprestamo.com\/blog\/pago-retroactivo-de-mi-beca-para-empezar-de-que-se-trata-y-quienes-lo-cobran\/"},"author":{"name":"Ramiro Querejeta","@id":"https:\/\/alprestamo.com\/blog\/#\/schema\/person\/4c568603ceb381762b4c9062d42c7627"},"headline":"Pago retroactivo de Mi Beca para Empezar: de qu\u00e9 se trata y qui\u00e9nes lo cobran","datePublished":"2023-08-31T14:00:00+00:00","dateModified":"2023-09-04T20:13:47+00:00","mainEntityOfPage":{"@id":"https:\/\/alprestamo.com\/blog\/pago-retroactivo-de-mi-beca-para-empezar-de-que-se-trata-y-quienes-lo-cobran\/"},"wordCount":300,"publisher":{"@id":"https:\/\/alprestamo.com\/blog\/#organization"},"image":{"@id":"https:\/\/alprestamo.com\/blog\/pago-retroactivo-de-mi-beca-para-empezar-de-que-se-trata-y-quienes-lo-cobran\/#primaryimage"},"thumbnailUrl":"https:\/\/alprestamo.com\/blog\/wp-content\/uploads\/2023\/08\/mi-beca-para-empezar-mx.jpg","articleSection":["MX","Programas Sociales"],"inLanguage":"es-AR"},{"@type":"WebPage","@id":"https:\/\/alprestamo.com\/blog\/pago-retroactivo-de-mi-beca-para-empezar-de-que-se-trata-y-quienes-lo-cobran\/","url":"https:\/\/alprestamo.com\/blog\/pago-retroactivo-de-mi-beca-para-empezar-de-que-se-trata-y-quienes-lo-cobran\/","name":"Pago retroactivo de Mi Beca para Empezar: de qu\u00e9 se trata y qui\u00e9nes lo cobran","isPartOf":{"@id":"https:\/\/alprestamo.com\/blog\/#website"},"primaryImageOfPage":{"@id":"https:\/\/alprestamo.com\/blog\/pago-retroactivo-de-mi-beca-para-empezar-de-que-se-trata-y-quienes-lo-cobran\/#primaryimage"},"image":{"@id":"https:\/\/alprestamo.com\/blog\/pago-retroactivo-de-mi-beca-para-empezar-de-que-se-trata-y-quienes-lo-cobran\/#primaryimage"},"thumbnailUrl":"https:\/\/alprestamo.com\/blog\/wp-content\/uploads\/2023\/08\/mi-beca-para-empezar-mx.jpg","datePublished":"2023-08-31T14:00:00+00:00","dateModified":"2023-09-04T20:13:47+00:00","description":"La convocatoria para la inscripci\u00f3n al programa social de ayuda econ\u00f3mica Mi Beca para Empezar ya se encuentra habilitada, seg\u00fan inform\u00f3 el gobierno de la","breadcrumb":{"@id":"https:\/\/alprestamo.com\/blog\/pago-retroactivo-de-mi-beca-para-empezar-de-que-se-trata-y-quienes-lo-cobran\/#breadcrumb"},"inLanguage":"es-AR","potentialAction":[{"@type":"ReadAction","target":["https:\/\/alprestamo.com\/blog\/pago-retroactivo-de-mi-beca-para-empezar-de-que-se-trata-y-quienes-lo-cobran\/"]}]},{"@type":"ImageObject","inLanguage":"es-AR","@id":"https:\/\/alprestamo.com\/blog\/pago-retroactivo-de-mi-beca-para-empezar-de-que-se-trata-y-quienes-lo-cobran\/#primaryimage","url":"https:\/\/alprestamo.com\/blog\/wp-content\/uploads\/2023\/08\/mi-beca-para-empezar-mx.jpg","contentUrl":"https:\/\/alprestamo.com\/blog\/wp-content\/uploads\/2023\/08\/mi-beca-para-empezar-mx.jpg","width":1050,"height":620,"caption":"Tarjeta de Mi Beca para Empezar"},{"@type":"BreadcrumbList","@id":"https:\/\/alprestamo.com\/blog\/pago-retroactivo-de-mi-beca-para-empezar-de-que-se-trata-y-quienes-lo-cobran\/#breadcrumb","itemListElement":[{"@type":"ListItem","position":1,"name":"Home","item":"https:\/\/alprestamo.com\/blog\/"},{"@type":"ListItem","position":2,"name":"Pago retroactivo de Mi Beca para Empezar: de qu\u00e9 se trata y qui\u00e9nes lo cobran"}]},{"@type":"WebSite","@id":"https:\/\/alprestamo.com\/blog\/#website","url":"https:\/\/alprestamo.com\/blog\/","name":"Alprestamo","description":"Hacemos que todo suceda","publisher":{"@id":"https:\/\/alprestamo.com\/blog\/#organization"},"potentialAction":[{"@type":"SearchAction","target":{"@type":"EntryPoint","urlTemplate":"https:\/\/alprestamo.com\/blog\/?s={search_term_string}"},"query-input":"required name=search_term_string"}],"inLanguage":"es-AR"},{"@type":"Organization","@id":"https:\/\/alprestamo.com\/blog\/#organization","name":"Alprestamo","url":"https:\/\/alprestamo.com\/blog\/","logo":{"@type":"ImageObject","inLanguage":"es-AR","@id":"https:\/\/alprestamo.com\/blog\/#\/schema\/logo\/image\/","url":"https:\/\/alprestamo.com\/blog\/wp-content\/uploads\/2022\/10\/Imagotipo_Blanco.svg","contentUrl":"https:\/\/alprestamo.com\/blog\/wp-content\/uploads\/2022\/10\/Imagotipo_Blanco.svg","width":1199,"height":203,"caption":"Alprestamo"},"image":{"@id":"https:\/\/alprestamo.com\/blog\/#\/schema\/logo\/image\/"}},{"@type":"Person","@id":"https:\/\/alprestamo.com\/blog\/#\/schema\/person\/4c568603ceb381762b4c9062d42c7627","name":"Ramiro Querejeta","image":{"@type":"ImageObject","inLanguage":"es-AR","@id":"https:\/\/alprestamo.com\/blog\/#\/schema\/person\/image\/","url":"https:\/\/alprestamo.com\/blog\/wp-content\/uploads\/2025\/08\/1688503693490-150x150.jpeg","contentUrl":"https:\/\/alprestamo.com\/blog\/wp-content\/uploads\/2025\/08\/1688503693490-150x150.jpeg","caption":"Ramiro Querejeta"},"url":"https:\/\/alprestamo.com\/blog\/author\/ramiro\/"}]}},"uagb_featured_image_src":{"full":["https:\/\/alprestamo.com\/blog\/wp-content\/uploads\/2023\/08\/mi-beca-para-empezar-mx.jpg",1050,620,false],"thumbnail":["https:\/\/alprestamo.com\/blog\/wp-content\/uploads\/2023\/08\/mi-beca-para-empezar-mx-150x150.jpg",150,150,true],"medium":["https:\/\/alprestamo.com\/blog\/wp-content\/uploads\/2023\/08\/mi-beca-para-empezar-mx-300x177.jpg",300,177,true],"medium_large":["https:\/\/alprestamo.com\/blog\/wp-content\/uploads\/2023\/08\/mi-beca-para-empezar-mx-768x453.jpg",768,453,true],"large":["https:\/\/alprestamo.com\/blog\/wp-content\/uploads\/2023\/08\/mi-beca-para-empezar-mx-1024x605.jpg",1024,605,true],"1536x1536":["https:\/\/alprestamo.com\/blog\/wp-content\/uploads\/2023\/08\/mi-beca-para-empezar-mx.jpg",1050,620,false],"2048x2048":["https:\/\/alprestamo.com\/blog\/wp-content\/uploads\/2023\/08\/mi-beca-para-empezar-mx.jpg",1050,620,false]},"uagb_author_info":{"display_name":"Ramiro Querejeta","author_link":"https:\/\/alprestamo.com\/blog\/author\/ramiro\/"},"uagb_comment_info":0,"uagb_excerpt":"La convocatoria para la inscripci\u00f3n al programa social de ayuda econ\u00f3mica Mi Beca para Empezar ya se encuentra habilitada, seg\u00fan inform\u00f3 el gobierno de la CDMX.&nbsp; Para el ciclo escolar que est\u00e1 por comenzar, el monto de la beca tendr\u00e1 un incremento del 20% y entregar\u00e1 600 pesos a los alumnos de preescolar y CAM,&hellip;","rttpg_featured_image_url":{"full":["https:\/\/alprestamo.com\/blog\/wp-content\/uploads\/2023\/08\/mi-beca-para-empezar-mx.jpg",1050,620,false],"landscape":["https:\/\/alprestamo.com\/blog\/wp-content\/uploads\/2023\/08\/mi-beca-para-empezar-mx.jpg",1050,620,false],"portraits":["https:\/\/alprestamo.com\/blog\/wp-content\/uploads\/2023\/08\/mi-beca-para-empezar-mx.jpg",1050,620,false],"thumbnail":["https:\/\/alprestamo.com\/blog\/wp-content\/uploads\/2023\/08\/mi-beca-para-empezar-mx-150x150.jpg",150,150,true],"medium":["https:\/\/alprestamo.com\/blog\/wp-content\/uploads\/2023\/08\/mi-beca-para-empezar-mx-300x177.jpg",300,177,true],"large":["https:\/\/alprestamo.com\/blog\/wp-content\/uploads\/2023\/08\/mi-beca-para-empezar-mx-1024x605.jpg",1024,605,true],"1536x1536":["https:\/\/alprestamo.com\/blog\/wp-content\/uploads\/2023\/08\/mi-beca-para-empezar-mx.jpg",1050,620,false],"2048x2048":["https:\/\/alprestamo.com\/blog\/wp-content\/uploads\/2023\/08\/mi-beca-para-empezar-mx.jpg",1050,620,false],"rt_custom":["https:\/\/alprestamo.com\/blog\/wp-content\/uploads\/2023\/08\/mi-beca-para-empezar-mx.jpg",1050,620,false]},"rttpg_author":{"display_name":"Ramiro Querejeta","author_link":"https:\/\/alprestamo.com\/blog\/author\/ramiro\/"},"rttpg_comment":0,"rttpg_category":"<a href=\"https:\/\/alprestamo.com\/blog\/categoria\/mx\/\" rel=\"category tag\">MX<\/a> <a href=\"https:\/\/alprestamo.com\/blog\/categoria\/mx\/programas-sociales-mx\/\" rel=\"category tag\">Programas Sociales<\/a>","rttpg_excerpt":"La convocatoria para la inscripci\u00f3n al programa social de ayuda econ\u00f3mica Mi Beca para Empezar ya se encuentra habilitada, seg\u00fan inform\u00f3 el gobierno de la CDMX.&nbsp; Para el ciclo escolar que est\u00e1 por comenzar, el monto de la beca tendr\u00e1 un incremento del 20% y entregar\u00e1 600 pesos a los alumnos de preescolar y CAM,&hellip;","_links":{"self":[{"href":"https:\/\/alprestamo.com\/blog\/wp-json\/wp\/v2\/posts\/28028"}],"collection":[{"href":"https:\/\/alprestamo.com\/blog\/wp-json\/wp\/v2\/posts"}],"about":[{"href":"https:\/\/alprestamo.com\/blog\/wp-json\/wp\/v2\/types\/post"}],"author":[{"embeddable":true,"href":"https:\/\/alprestamo.com\/blog\/wp-json\/wp\/v2\/users\/9"}],"replies":[{"embeddable":true,"href":"https:\/\/alprestamo.com\/blog\/wp-json\/wp\/v2\/comments?post=28028"}],"version-history":[{"count":3,"href":"https:\/\/alprestamo.com\/blog\/wp-json\/wp\/v2\/posts\/28028\/revisions"}],"predecessor-version":[{"id":28034,"href":"https:\/\/alprestamo.com\/blog\/wp-json\/wp\/v2\/posts\/28028\/revisions\/28034"}],"wp:featuredmedia":[{"embeddable":true,"href":"https:\/\/alprestamo.com\/blog\/wp-json\/wp\/v2\/media\/26656"}],"wp:attachment":[{"href":"https:\/\/alprestamo.com\/blog\/wp-json\/wp\/v2\/media?parent=28028"}],"wp:term":[{"taxonomy":"category","embeddable":true,"href":"https:\/\/alprestamo.com\/blog\/wp-json\/wp\/v2\/categories?post=28028"},{"taxonomy":"post_tag","embeddable":true,"href":"https:\/\/alprestamo.com\/blog\/wp-json\/wp\/v2\/tags?post=28028"}],"curies":[{"name":"wp","href":"https:\/\/api.w.org\/{rel}","templated":true}]}}