{"id":28374,"date":"2023-09-01T15:38:05","date_gmt":"2023-09-01T18:38:05","guid":{"rendered":"https:\/\/alprestamo.com\/blog\/?p=28374"},"modified":"2023-09-01T15:40:28","modified_gmt":"2023-09-01T18:40:28","slug":"calendario-de-pagos-de-programa-sociales-en-septiembre","status":"publish","type":"post","link":"https:\/\/alprestamo.com\/blog\/calendario-de-pagos-de-programa-sociales-en-septiembre\/","title":{"rendered":"Calendario de pagos de programa sociales en septiembre"},"content":{"rendered":"\n<p>Desde la Renta Ciudadana hasta Devoluci\u00f3n del IVA, te contamos los detalles de los <strong>pagos de los programas sociales <\/strong>en septiembre.&nbsp;&nbsp;<\/p>\n\n\n\n<h2 class=\"wp-block-heading\">Colombia Mayor&nbsp;<\/h2>\n\n\n\n<p>El <strong><a href=\"https:\/\/alprestamo.com\/blog\/co\/colombia-mayor-que-es-y-quienes-lo-reciben\/\">programa destinado a los adultos mayores<\/a> de Colombia<\/strong> anunci\u00f3 la fecha de pago de su n\u00f3mina del mes de agosto (a cobrar en septiembre) que <strong>ser\u00e1 el 7 de este mes<\/strong>. Adem\u00e1s, varias alcald\u00edas han publicado la lista de nuevos beneficiarios. Tambi\u00e9n se espera que en la pr\u00f3xima reforma pensional el monto que se entregue a los beneficiarios pueda aumentar.\u00a0<\/p>\n\n\n\n<h2 class=\"wp-block-heading\">Devoluci\u00f3n del IVA<\/h2>\n\n\n\n<p>Los pagos de la <strong>Devoluci\u00f3n del IVA<\/strong> comenzar\u00e1n pronto, de acuerdo a lo anunciado por Prosperidad Social, mientras que las alcald\u00edas municipales han publicado una lista con los beneficiarios y los montos a cobrar. Los hogares anotados recibir\u00e1n un <strong>primer pago acumulado de $267.000<\/strong>, mientras que <a href=\"https:\/\/alprestamo.com\/blog\/co\/pagos-pendientes-de-devolucion-del-iva-a-quienes-les-corresponde\/\">aquellos que tienen pagos pendientes<\/a> del a\u00f1o pasado, $80.000 y $160.000.\u00a0<\/p>\n\n\n\n<h2 class=\"wp-block-heading\">Ingreso M\u00ednimo Garantizado&nbsp;<\/h2>\n\n\n\n<p>Dentro de los primeros diez d\u00edas de cada mes es que comienzan los <a href=\"https:\/\/alprestamo.com\/blog\/co\/ingreso-minimo-garantizado-canales-de-entrega-montos-y-requisitos\/\">pagos del IMG<\/a>.\u00a0Durante agosto, los pagos de este <a href=\"https:\/\/alprestamo.com\/blog\/co\/habra-un-subsidio-para-la-compra-de-carne\/\">subsidio <\/a>fueron escalonados. Se estima que m\u00e1s de 272 mil hogares se beneficiar\u00e1n debido al <strong>Ingreso M\u00ednimo Garantizado<\/strong>.\u00a0<\/p>\n\n\n\n<p>En caso de requerir m\u00e1s detalles sobre los pagos o tener alguna duda, puedes hacerlo a trav\u00e9s de este enlace o en alguna de las 16 sucursales locales de la <strong>Secretar\u00eda Distrital de Integraci\u00f3n Social<\/strong>.&nbsp;<\/p>\n\n\n\n<h2 class=\"wp-block-heading\">J\u00f3venes en Acci\u00f3n&nbsp;<\/h2>\n\n\n\n<p>El <strong>cuarto ciclo de pagos de J\u00f3venes en Acci\u00f3n <\/strong>se ha anunciado oficialmente entre el 25 de agosto y el 13 de septiembre, en el que un total de casi 125.000 j\u00f3venes se encuentran en condiciones de recibir el subsidio debido a que han cumplido con los requisitos.&nbsp;<\/p>\n\n\n\n<p>Estos pagos se llevan a cabo de forma escalonada y progresiva, en alianza con el banco <strong>Davivienda<\/strong>, a trav\u00e9s de su plataforma financiera <strong>Daviplata<\/strong>.&nbsp;&nbsp;<\/p>\n\n\n\n<h2 class=\"wp-block-heading\">Renta Ciudadana&nbsp;<\/h2>\n\n\n\n<p>De acuerdo al <strong>Banco Agrario de Colombia<\/strong>, e<a href=\"https:\/\/alprestamo.com\/blog\/co\/renta-ciudadana-como-cuando-y-donde-cobrar-el-subsidio-de-hasta-500-mil\/\">l tercer ciclo de pagos de la <strong>Renta Ciudadana<\/strong><\/a><strong> <\/strong>comenzar\u00e1 en septiembre. Seg\u00fan el Departamento de Prosperidad Social, casi 800.000 viviendas que hab\u00edan sido suspendidas de la ayuda econ\u00f3mica ahora estar\u00e1n habilitadas.\u00a0<\/p>\n\n\n\n<p>Cabe recordar que debido a la nueva resoluci\u00f3n 1827, <strong>no se podr\u00e1 recibir de forma simult\u00e1nea la Renta Ciudadana y la Compensaci\u00f3n del IVA<\/strong> a partir de la cuarta entrega de pagos.<\/p>\n","protected":false},"excerpt":{"rendered":"<p>Desde la Renta Ciudadana hasta Devoluci\u00f3n del IVA, te contamos los detalles de los pagos de los programas sociales en septiembre.&nbsp;&nbsp; Colombia Mayor&nbsp; El programa destinado a los adultos mayores de Colombia anunci\u00f3 la fecha de pago de su n\u00f3mina del mes de agosto (a cobrar en septiembre) que ser\u00e1 el 7 de este mes. &hellip;<\/p>\n<p class=\"read-more\"> <a class=\"\" href=\"https:\/\/alprestamo.com\/blog\/calendario-de-pagos-de-programa-sociales-en-septiembre\/\"> <span class=\"screen-reader-text\">Calendario de pagos de programa sociales en septiembre<\/span> Leer m\u00e1s &raquo;<\/a><\/p>\n","protected":false},"author":9,"featured_media":26049,"comment_status":"closed","ping_status":"closed","sticky":false,"template":"","format":"standard","meta":{"_uag_custom_page_level_css":"","site-sidebar-layout":"default","site-content-layout":"default","ast-global-header-display":"","ast-banner-title-visibility":"","ast-main-header-display":"","ast-hfb-above-header-display":"","ast-hfb-below-header-display":"","ast-hfb-mobile-header-display":"","site-post-title":"","ast-breadcrumbs-content":"","ast-featured-img":"","footer-sml-layout":"","theme-transparent-header-meta":"","adv-header-id-meta":"","stick-header-meta":"","header-above-stick-meta":"","header-main-stick-meta":"","header-below-stick-meta":"","footnotes":""},"categories":[98,100],"tags":[],"class_list":["post-28374","post","type-post","status-publish","format-standard","has-post-thumbnail","hentry","category-co","category-programas-sociales"],"acf":[],"yoast_head":"<!-- This site is optimized with the Yoast SEO plugin v23.2 - https:\/\/yoast.com\/wordpress\/plugins\/seo\/ -->\n<title>Calendario de pagos de programa sociales en septiembre<\/title>\n<meta name=\"description\" content=\"Desde la Renta Ciudadana hasta Devoluci\u00f3n del IVA, te contamos los detalles de los pagos de los programas sociales en septiembre.&nbsp;&nbsp; Colombia\" \/>\n<meta name=\"robots\" content=\"index, follow, max-snippet:-1, max-image-preview:large, max-video-preview:-1\" \/>\n<link rel=\"canonical\" href=\"https:\/\/alprestamo.com\/blog\/calendario-de-pagos-de-programa-sociales-en-septiembre\/\" \/>\n<meta property=\"og:locale\" content=\"es_ES\" \/>\n<meta property=\"og:type\" content=\"article\" \/>\n<meta property=\"og:title\" content=\"Calendario de pagos de programa sociales en septiembre\" \/>\n<meta property=\"og:description\" content=\"Desde la Renta Ciudadana hasta Devoluci\u00f3n del IVA, te contamos los detalles de los pagos de los programas sociales en septiembre.&nbsp;&nbsp; Colombia\" \/>\n<meta property=\"og:url\" content=\"https:\/\/alprestamo.com\/blog\/calendario-de-pagos-de-programa-sociales-en-septiembre\/\" \/>\n<meta property=\"og:site_name\" content=\"Alprestamo - Hacemos que todo suceda\" \/>\n<meta property=\"article:published_time\" content=\"2023-09-01T18:38:05+00:00\" \/>\n<meta property=\"article:modified_time\" content=\"2023-09-01T18:40:28+00:00\" \/>\n<meta property=\"og:image\" content=\"https:\/\/alprestamo.com\/blog\/wp-content\/uploads\/2023\/08\/pesos-colombianos-img.jpg\" \/>\n\t<meta property=\"og:image:width\" content=\"1024\" \/>\n\t<meta property=\"og:image:height\" content=\"683\" \/>\n\t<meta property=\"og:image:type\" content=\"image\/jpeg\" \/>\n<meta name=\"author\" content=\"Ramiro Querejeta\" \/>\n<meta name=\"twitter:card\" content=\"summary_large_image\" \/>\n<meta name=\"twitter:label1\" content=\"Escrito por\" \/>\n\t<meta name=\"twitter:data1\" content=\"Ramiro Querejeta\" \/>\n\t<meta name=\"twitter:label2\" content=\"Tiempo de lectura\" \/>\n\t<meta name=\"twitter:data2\" content=\"2 minutos\" \/>\n<script type=\"application\/ld+json\" class=\"yoast-schema-graph\">{\"@context\":\"https:\/\/schema.org\",\"@graph\":[{\"@type\":\"NewsArticle\",\"@id\":\"https:\/\/alprestamo.com\/blog\/calendario-de-pagos-de-programa-sociales-en-septiembre\/#article\",\"isPartOf\":{\"@id\":\"https:\/\/alprestamo.com\/blog\/calendario-de-pagos-de-programa-sociales-en-septiembre\/\"},\"author\":{\"name\":\"Ramiro Querejeta\",\"@id\":\"https:\/\/alprestamo.com\/blog\/#\/schema\/person\/4c568603ceb381762b4c9062d42c7627\"},\"headline\":\"Calendario de pagos de programa sociales en septiembre\",\"datePublished\":\"2023-09-01T18:38:05+00:00\",\"dateModified\":\"2023-09-01T18:40:28+00:00\",\"mainEntityOfPage\":{\"@id\":\"https:\/\/alprestamo.com\/blog\/calendario-de-pagos-de-programa-sociales-en-septiembre\/\"},\"wordCount\":411,\"publisher\":{\"@id\":\"https:\/\/alprestamo.com\/blog\/#organization\"},\"image\":{\"@id\":\"https:\/\/alprestamo.com\/blog\/calendario-de-pagos-de-programa-sociales-en-septiembre\/#primaryimage\"},\"thumbnailUrl\":\"https:\/\/alprestamo.com\/blog\/wp-content\/uploads\/2023\/08\/pesos-colombianos-img.jpg\",\"articleSection\":[\"CO\",\"Programas sociales\"],\"inLanguage\":\"es-AR\"},{\"@type\":\"WebPage\",\"@id\":\"https:\/\/alprestamo.com\/blog\/calendario-de-pagos-de-programa-sociales-en-septiembre\/\",\"url\":\"https:\/\/alprestamo.com\/blog\/calendario-de-pagos-de-programa-sociales-en-septiembre\/\",\"name\":\"Calendario de pagos de programa sociales en septiembre\",\"isPartOf\":{\"@id\":\"https:\/\/alprestamo.com\/blog\/#website\"},\"primaryImageOfPage\":{\"@id\":\"https:\/\/alprestamo.com\/blog\/calendario-de-pagos-de-programa-sociales-en-septiembre\/#primaryimage\"},\"image\":{\"@id\":\"https:\/\/alprestamo.com\/blog\/calendario-de-pagos-de-programa-sociales-en-septiembre\/#primaryimage\"},\"thumbnailUrl\":\"https:\/\/alprestamo.com\/blog\/wp-content\/uploads\/2023\/08\/pesos-colombianos-img.jpg\",\"datePublished\":\"2023-09-01T18:38:05+00:00\",\"dateModified\":\"2023-09-01T18:40:28+00:00\",\"description\":\"Desde la Renta Ciudadana hasta Devoluci\u00f3n del IVA, te contamos los detalles de los pagos de los programas sociales en septiembre.&nbsp;&nbsp; Colombia\",\"breadcrumb\":{\"@id\":\"https:\/\/alprestamo.com\/blog\/calendario-de-pagos-de-programa-sociales-en-septiembre\/#breadcrumb\"},\"inLanguage\":\"es-AR\",\"potentialAction\":[{\"@type\":\"ReadAction\",\"target\":[\"https:\/\/alprestamo.com\/blog\/calendario-de-pagos-de-programa-sociales-en-septiembre\/\"]}]},{\"@type\":\"ImageObject\",\"inLanguage\":\"es-AR\",\"@id\":\"https:\/\/alprestamo.com\/blog\/calendario-de-pagos-de-programa-sociales-en-septiembre\/#primaryimage\",\"url\":\"https:\/\/alprestamo.com\/blog\/wp-content\/uploads\/2023\/08\/pesos-colombianos-img.jpg\",\"contentUrl\":\"https:\/\/alprestamo.com\/blog\/wp-content\/uploads\/2023\/08\/pesos-colombianos-img.jpg\",\"width\":1024,\"height\":683,\"caption\":\"Salario m\u00ednimo en Colombia\"},{\"@type\":\"BreadcrumbList\",\"@id\":\"https:\/\/alprestamo.com\/blog\/calendario-de-pagos-de-programa-sociales-en-septiembre\/#breadcrumb\",\"itemListElement\":[{\"@type\":\"ListItem\",\"position\":1,\"name\":\"Home\",\"item\":\"https:\/\/alprestamo.com\/blog\/\"},{\"@type\":\"ListItem\",\"position\":2,\"name\":\"Calendario de pagos de programa sociales en septiembre\"}]},{\"@type\":\"WebSite\",\"@id\":\"https:\/\/alprestamo.com\/blog\/#website\",\"url\":\"https:\/\/alprestamo.com\/blog\/\",\"name\":\"Alprestamo\",\"description\":\"Hacemos que todo suceda\",\"publisher\":{\"@id\":\"https:\/\/alprestamo.com\/blog\/#organization\"},\"potentialAction\":[{\"@type\":\"SearchAction\",\"target\":{\"@type\":\"EntryPoint\",\"urlTemplate\":\"https:\/\/alprestamo.com\/blog\/?s={search_term_string}\"},\"query-input\":\"required name=search_term_string\"}],\"inLanguage\":\"es-AR\"},{\"@type\":\"Organization\",\"@id\":\"https:\/\/alprestamo.com\/blog\/#organization\",\"name\":\"Alprestamo\",\"url\":\"https:\/\/alprestamo.com\/blog\/\",\"logo\":{\"@type\":\"ImageObject\",\"inLanguage\":\"es-AR\",\"@id\":\"https:\/\/alprestamo.com\/blog\/#\/schema\/logo\/image\/\",\"url\":\"https:\/\/alprestamo.com\/blog\/wp-content\/uploads\/2022\/10\/Imagotipo_Blanco.svg\",\"contentUrl\":\"https:\/\/alprestamo.com\/blog\/wp-content\/uploads\/2022\/10\/Imagotipo_Blanco.svg\",\"width\":1199,\"height\":203,\"caption\":\"Alprestamo\"},\"image\":{\"@id\":\"https:\/\/alprestamo.com\/blog\/#\/schema\/logo\/image\/\"}},{\"@type\":\"Person\",\"@id\":\"https:\/\/alprestamo.com\/blog\/#\/schema\/person\/4c568603ceb381762b4c9062d42c7627\",\"name\":\"Ramiro Querejeta\",\"image\":{\"@type\":\"ImageObject\",\"inLanguage\":\"es-AR\",\"@id\":\"https:\/\/alprestamo.com\/blog\/#\/schema\/person\/image\/\",\"url\":\"https:\/\/alprestamo.com\/blog\/wp-content\/uploads\/2025\/08\/1688503693490-150x150.jpeg\",\"contentUrl\":\"https:\/\/alprestamo.com\/blog\/wp-content\/uploads\/2025\/08\/1688503693490-150x150.jpeg\",\"caption\":\"Ramiro Querejeta\"},\"url\":\"https:\/\/alprestamo.com\/blog\/author\/ramiro\/\"}]}<\/script>\n<!-- \/ Yoast SEO plugin. -->","yoast_head_json":{"title":"Calendario de pagos de programa sociales en septiembre","description":"Desde la Renta Ciudadana hasta Devoluci\u00f3n del IVA, te contamos los detalles de los pagos de los programas sociales en septiembre.&nbsp;&nbsp; Colombia","robots":{"index":"index","follow":"follow","max-snippet":"max-snippet:-1","max-image-preview":"max-image-preview:large","max-video-preview":"max-video-preview:-1"},"canonical":"https:\/\/alprestamo.com\/blog\/calendario-de-pagos-de-programa-sociales-en-septiembre\/","og_locale":"es_ES","og_type":"article","og_title":"Calendario de pagos de programa sociales en septiembre","og_description":"Desde la Renta Ciudadana hasta Devoluci\u00f3n del IVA, te contamos los detalles de los pagos de los programas sociales en septiembre.&nbsp;&nbsp; Colombia","og_url":"https:\/\/alprestamo.com\/blog\/calendario-de-pagos-de-programa-sociales-en-septiembre\/","og_site_name":"Alprestamo - Hacemos que todo suceda","article_published_time":"2023-09-01T18:38:05+00:00","article_modified_time":"2023-09-01T18:40:28+00:00","og_image":[{"width":1024,"height":683,"url":"https:\/\/alprestamo.com\/blog\/wp-content\/uploads\/2023\/08\/pesos-colombianos-img.jpg","type":"image\/jpeg"}],"author":"Ramiro Querejeta","twitter_card":"summary_large_image","twitter_misc":{"Escrito por":"Ramiro Querejeta","Tiempo de lectura":"2 minutos"},"schema":{"@context":"https:\/\/schema.org","@graph":[{"@type":"NewsArticle","@id":"https:\/\/alprestamo.com\/blog\/calendario-de-pagos-de-programa-sociales-en-septiembre\/#article","isPartOf":{"@id":"https:\/\/alprestamo.com\/blog\/calendario-de-pagos-de-programa-sociales-en-septiembre\/"},"author":{"name":"Ramiro Querejeta","@id":"https:\/\/alprestamo.com\/blog\/#\/schema\/person\/4c568603ceb381762b4c9062d42c7627"},"headline":"Calendario de pagos de programa sociales en septiembre","datePublished":"2023-09-01T18:38:05+00:00","dateModified":"2023-09-01T18:40:28+00:00","mainEntityOfPage":{"@id":"https:\/\/alprestamo.com\/blog\/calendario-de-pagos-de-programa-sociales-en-septiembre\/"},"wordCount":411,"publisher":{"@id":"https:\/\/alprestamo.com\/blog\/#organization"},"image":{"@id":"https:\/\/alprestamo.com\/blog\/calendario-de-pagos-de-programa-sociales-en-septiembre\/#primaryimage"},"thumbnailUrl":"https:\/\/alprestamo.com\/blog\/wp-content\/uploads\/2023\/08\/pesos-colombianos-img.jpg","articleSection":["CO","Programas sociales"],"inLanguage":"es-AR"},{"@type":"WebPage","@id":"https:\/\/alprestamo.com\/blog\/calendario-de-pagos-de-programa-sociales-en-septiembre\/","url":"https:\/\/alprestamo.com\/blog\/calendario-de-pagos-de-programa-sociales-en-septiembre\/","name":"Calendario de pagos de programa sociales en septiembre","isPartOf":{"@id":"https:\/\/alprestamo.com\/blog\/#website"},"primaryImageOfPage":{"@id":"https:\/\/alprestamo.com\/blog\/calendario-de-pagos-de-programa-sociales-en-septiembre\/#primaryimage"},"image":{"@id":"https:\/\/alprestamo.com\/blog\/calendario-de-pagos-de-programa-sociales-en-septiembre\/#primaryimage"},"thumbnailUrl":"https:\/\/alprestamo.com\/blog\/wp-content\/uploads\/2023\/08\/pesos-colombianos-img.jpg","datePublished":"2023-09-01T18:38:05+00:00","dateModified":"2023-09-01T18:40:28+00:00","description":"Desde la Renta Ciudadana hasta Devoluci\u00f3n del IVA, te contamos los detalles de los pagos de los programas sociales en septiembre.&nbsp;&nbsp; Colombia","breadcrumb":{"@id":"https:\/\/alprestamo.com\/blog\/calendario-de-pagos-de-programa-sociales-en-septiembre\/#breadcrumb"},"inLanguage":"es-AR","potentialAction":[{"@type":"ReadAction","target":["https:\/\/alprestamo.com\/blog\/calendario-de-pagos-de-programa-sociales-en-septiembre\/"]}]},{"@type":"ImageObject","inLanguage":"es-AR","@id":"https:\/\/alprestamo.com\/blog\/calendario-de-pagos-de-programa-sociales-en-septiembre\/#primaryimage","url":"https:\/\/alprestamo.com\/blog\/wp-content\/uploads\/2023\/08\/pesos-colombianos-img.jpg","contentUrl":"https:\/\/alprestamo.com\/blog\/wp-content\/uploads\/2023\/08\/pesos-colombianos-img.jpg","width":1024,"height":683,"caption":"Salario m\u00ednimo en Colombia"},{"@type":"BreadcrumbList","@id":"https:\/\/alprestamo.com\/blog\/calendario-de-pagos-de-programa-sociales-en-septiembre\/#breadcrumb","itemListElement":[{"@type":"ListItem","position":1,"name":"Home","item":"https:\/\/alprestamo.com\/blog\/"},{"@type":"ListItem","position":2,"name":"Calendario de pagos de programa sociales en septiembre"}]},{"@type":"WebSite","@id":"https:\/\/alprestamo.com\/blog\/#website","url":"https:\/\/alprestamo.com\/blog\/","name":"Alprestamo","description":"Hacemos que todo suceda","publisher":{"@id":"https:\/\/alprestamo.com\/blog\/#organization"},"potentialAction":[{"@type":"SearchAction","target":{"@type":"EntryPoint","urlTemplate":"https:\/\/alprestamo.com\/blog\/?s={search_term_string}"},"query-input":"required name=search_term_string"}],"inLanguage":"es-AR"},{"@type":"Organization","@id":"https:\/\/alprestamo.com\/blog\/#organization","name":"Alprestamo","url":"https:\/\/alprestamo.com\/blog\/","logo":{"@type":"ImageObject","inLanguage":"es-AR","@id":"https:\/\/alprestamo.com\/blog\/#\/schema\/logo\/image\/","url":"https:\/\/alprestamo.com\/blog\/wp-content\/uploads\/2022\/10\/Imagotipo_Blanco.svg","contentUrl":"https:\/\/alprestamo.com\/blog\/wp-content\/uploads\/2022\/10\/Imagotipo_Blanco.svg","width":1199,"height":203,"caption":"Alprestamo"},"image":{"@id":"https:\/\/alprestamo.com\/blog\/#\/schema\/logo\/image\/"}},{"@type":"Person","@id":"https:\/\/alprestamo.com\/blog\/#\/schema\/person\/4c568603ceb381762b4c9062d42c7627","name":"Ramiro Querejeta","image":{"@type":"ImageObject","inLanguage":"es-AR","@id":"https:\/\/alprestamo.com\/blog\/#\/schema\/person\/image\/","url":"https:\/\/alprestamo.com\/blog\/wp-content\/uploads\/2025\/08\/1688503693490-150x150.jpeg","contentUrl":"https:\/\/alprestamo.com\/blog\/wp-content\/uploads\/2025\/08\/1688503693490-150x150.jpeg","caption":"Ramiro Querejeta"},"url":"https:\/\/alprestamo.com\/blog\/author\/ramiro\/"}]}},"uagb_featured_image_src":{"full":["https:\/\/alprestamo.com\/blog\/wp-content\/uploads\/2023\/08\/pesos-colombianos-img.jpg",1024,683,false],"thumbnail":["https:\/\/alprestamo.com\/blog\/wp-content\/uploads\/2023\/08\/pesos-colombianos-img-150x150.jpg",150,150,true],"medium":["https:\/\/alprestamo.com\/blog\/wp-content\/uploads\/2023\/08\/pesos-colombianos-img-300x200.jpg",300,200,true],"medium_large":["https:\/\/alprestamo.com\/blog\/wp-content\/uploads\/2023\/08\/pesos-colombianos-img-768x512.jpg",768,512,true],"large":["https:\/\/alprestamo.com\/blog\/wp-content\/uploads\/2023\/08\/pesos-colombianos-img.jpg",1024,683,false],"1536x1536":["https:\/\/alprestamo.com\/blog\/wp-content\/uploads\/2023\/08\/pesos-colombianos-img.jpg",1024,683,false],"2048x2048":["https:\/\/alprestamo.com\/blog\/wp-content\/uploads\/2023\/08\/pesos-colombianos-img.jpg",1024,683,false]},"uagb_author_info":{"display_name":"Ramiro Querejeta","author_link":"https:\/\/alprestamo.com\/blog\/author\/ramiro\/"},"uagb_comment_info":0,"uagb_excerpt":"Desde la Renta Ciudadana hasta Devoluci\u00f3n del IVA, te contamos los detalles de los pagos de los programas sociales en septiembre.&nbsp;&nbsp; Colombia Mayor&nbsp; El programa destinado a los adultos mayores de Colombia anunci\u00f3 la fecha de pago de su n\u00f3mina del mes de agosto (a cobrar en septiembre) que ser\u00e1 el 7 de este mes.&hellip;","rttpg_featured_image_url":{"full":["https:\/\/alprestamo.com\/blog\/wp-content\/uploads\/2023\/08\/pesos-colombianos-img.jpg",1024,683,false],"landscape":["https:\/\/alprestamo.com\/blog\/wp-content\/uploads\/2023\/08\/pesos-colombianos-img.jpg",1024,683,false],"portraits":["https:\/\/alprestamo.com\/blog\/wp-content\/uploads\/2023\/08\/pesos-colombianos-img.jpg",1024,683,false],"thumbnail":["https:\/\/alprestamo.com\/blog\/wp-content\/uploads\/2023\/08\/pesos-colombianos-img-150x150.jpg",150,150,true],"medium":["https:\/\/alprestamo.com\/blog\/wp-content\/uploads\/2023\/08\/pesos-colombianos-img-300x200.jpg",300,200,true],"large":["https:\/\/alprestamo.com\/blog\/wp-content\/uploads\/2023\/08\/pesos-colombianos-img.jpg",1024,683,false],"1536x1536":["https:\/\/alprestamo.com\/blog\/wp-content\/uploads\/2023\/08\/pesos-colombianos-img.jpg",1024,683,false],"2048x2048":["https:\/\/alprestamo.com\/blog\/wp-content\/uploads\/2023\/08\/pesos-colombianos-img.jpg",1024,683,false],"rt_custom":["https:\/\/alprestamo.com\/blog\/wp-content\/uploads\/2023\/08\/pesos-colombianos-img.jpg",1024,683,false]},"rttpg_author":{"display_name":"Ramiro Querejeta","author_link":"https:\/\/alprestamo.com\/blog\/author\/ramiro\/"},"rttpg_comment":0,"rttpg_category":"<a href=\"https:\/\/alprestamo.com\/blog\/categoria\/co\/\" rel=\"category tag\">CO<\/a> <a href=\"https:\/\/alprestamo.com\/blog\/categoria\/co\/programas-sociales\/\" rel=\"category tag\">Programas sociales<\/a>","rttpg_excerpt":"Desde la Renta Ciudadana hasta Devoluci\u00f3n del IVA, te contamos los detalles de los pagos de los programas sociales en septiembre.&nbsp;&nbsp; Colombia Mayor&nbsp; El programa destinado a los adultos mayores de Colombia anunci\u00f3 la fecha de pago de su n\u00f3mina del mes de agosto (a cobrar en septiembre) que ser\u00e1 el 7 de este mes.&hellip;","_links":{"self":[{"href":"https:\/\/alprestamo.com\/blog\/wp-json\/wp\/v2\/posts\/28374"}],"collection":[{"href":"https:\/\/alprestamo.com\/blog\/wp-json\/wp\/v2\/posts"}],"about":[{"href":"https:\/\/alprestamo.com\/blog\/wp-json\/wp\/v2\/types\/post"}],"author":[{"embeddable":true,"href":"https:\/\/alprestamo.com\/blog\/wp-json\/wp\/v2\/users\/9"}],"replies":[{"embeddable":true,"href":"https:\/\/alprestamo.com\/blog\/wp-json\/wp\/v2\/comments?post=28374"}],"version-history":[{"count":3,"href":"https:\/\/alprestamo.com\/blog\/wp-json\/wp\/v2\/posts\/28374\/revisions"}],"predecessor-version":[{"id":28393,"href":"https:\/\/alprestamo.com\/blog\/wp-json\/wp\/v2\/posts\/28374\/revisions\/28393"}],"wp:featuredmedia":[{"embeddable":true,"href":"https:\/\/alprestamo.com\/blog\/wp-json\/wp\/v2\/media\/26049"}],"wp:attachment":[{"href":"https:\/\/alprestamo.com\/blog\/wp-json\/wp\/v2\/media?parent=28374"}],"wp:term":[{"taxonomy":"category","embeddable":true,"href":"https:\/\/alprestamo.com\/blog\/wp-json\/wp\/v2\/categories?post=28374"},{"taxonomy":"post_tag","embeddable":true,"href":"https:\/\/alprestamo.com\/blog\/wp-json\/wp\/v2\/tags?post=28374"}],"curies":[{"name":"wp","href":"https:\/\/api.w.org\/{rel}","templated":true}]}}