{"id":28428,"date":"2023-09-03T11:30:00","date_gmt":"2023-09-03T14:30:00","guid":{"rendered":"https:\/\/alprestamo.com\/blog\/?p=28428"},"modified":"2024-01-23T16:29:05","modified_gmt":"2024-01-23T19:29:05","slug":"desempleo-en-uruguay-crece-entre-los-jovenes-de-hasta-24-anos","status":"publish","type":"post","link":"https:\/\/alprestamo.com\/blog\/desempleo-en-uruguay-crece-entre-los-jovenes-de-hasta-24-anos\/","title":{"rendered":"Desempleo en Uruguay crece entre los j\u00f3venes de hasta 24 a\u00f1os"},"content":{"rendered":"\n<p>El <strong>Instituto Nacional de Estad\u00edstica (INE) <\/strong>public\u00f3 las cifras del empleo y arrojaron que el <strong>desempleo en Uruguay <\/strong>se mantiene alto entre los m\u00e1s j\u00f3venes. Actualmente afecta al 43,2% de las personas que integran la franja de edad de entre los 14 a 24 a\u00f1os.&nbsp;<\/p>\n\n\n\n<p>Este dato corresponde al mes de julio y comprende el primer semestre del 2023.&nbsp;Adem\u00e1s, el informe determina que existe una gran cantidad de<a href=\"https:\/\/alprestamo.com\/blog\/uy\/programas-sociales-uy\/que-es-y-como-se-accede-a-uruguay-trabaja\/\"> j\u00f3venes de 25 a 29 a\u00f1os que se encuentran desempleados<\/a>, afectando al 11,7%.&nbsp;<\/p>\n\n\n\n<p>Sin embargo, a medida que se avanza en los grupos etarios, el <strong>dato de desempleo comienza a bajar<\/strong>, ya que en las personas de entre 30 y 34 a\u00f1os es del 5,8%; entre 35 a 44 a\u00f1os es del 4,4%; entre 45 a 54 a\u00f1os del 4,2%; entre 55 a 64 del 3,8% y entre personas mayores de 65 es de 2,8%.&nbsp;<\/p>\n\n\n\n<h2 class=\"wp-block-heading\">Desempleo en Uruguay en julio<\/h2>\n\n\n\n<p><\/p>\n\n\n\n<p>El dato personas sin <a href=\"https:\/\/alprestamo.com\/blog\/uy\/programas-sociales-uy\/remuneracion-inscripcion-y-sorteo-de-yo-estudio-y-trabajo\/\">trabajo <\/a>a nivel nacional se ubic\u00f3 en 7,8% (nivel m\u00e1s bajo de 2023), mientras que la de empleo se encuentra en 58.6%. La tasa de actividad, por su parte, es del 63,5%.&nbsp;<\/p>\n\n\n\n<p>Diferenciado por sexo, la tasa de actividad entre los hombres fue de 72,4%, la de empleo 67,2% y la de desempleo 7,2%.<\/p>\n\n\n\n<p>Por el lado de las mujeres, la tasa de actividad se ubic\u00f3 en 55,4%, con una tasa de desempleo en 50,7% y un desempleo del 8,5%.<\/p>\n\n\n\n<p>En cuanto a los no registrados, el porcentaje fue de 22,8% en los hombres y 20,7% en las mujeres, mientras que el porcentaje de subempleo se encontr\u00f3 en 7,6% para los hombres y 12% en las mujeres.<\/p>\n","protected":false},"excerpt":{"rendered":"<p>El Instituto Nacional de Estad\u00edstica (INE) public\u00f3 las cifras del empleo y arrojaron que el desempleo en Uruguay se mantiene alto entre los m\u00e1s j\u00f3venes. Actualmente afecta al 43,2% de las personas que integran la franja de edad de entre los 14 a 24 a\u00f1os.&nbsp; Este dato corresponde al mes de julio y comprende el &hellip;<\/p>\n<p class=\"read-more\"> <a class=\"\" href=\"https:\/\/alprestamo.com\/blog\/desempleo-en-uruguay-crece-entre-los-jovenes-de-hasta-24-anos\/\"> <span class=\"screen-reader-text\">Desempleo en Uruguay crece entre los j\u00f3venes de hasta 24 a\u00f1os<\/span> Leer m\u00e1s &raquo;<\/a><\/p>\n","protected":false},"author":9,"featured_media":28439,"comment_status":"closed","ping_status":"closed","sticky":false,"template":"","format":"standard","meta":{"_uag_custom_page_level_css":"","site-sidebar-layout":"default","site-content-layout":"default","ast-global-header-display":"","ast-banner-title-visibility":"","ast-main-header-display":"","ast-hfb-above-header-display":"","ast-hfb-below-header-display":"","ast-hfb-mobile-header-display":"","site-post-title":"","ast-breadcrumbs-content":"","ast-featured-img":"","footer-sml-layout":"","theme-transparent-header-meta":"","adv-header-id-meta":"","stick-header-meta":"","header-above-stick-meta":"","header-main-stick-meta":"","header-below-stick-meta":"","footnotes":""},"categories":[125,94],"tags":[],"class_list":["post-28428","post","type-post","status-publish","format-standard","has-post-thumbnail","hentry","category-mundo-laboral-uy","category-uy"],"acf":[],"yoast_head":"<!-- This site is optimized with the Yoast SEO plugin v23.2 - https:\/\/yoast.com\/wordpress\/plugins\/seo\/ -->\n<title>Desempleo en Uruguay crece entre los j\u00f3venes de hasta 24 a\u00f1os<\/title>\n<meta name=\"description\" content=\"El Instituto Nacional de Estad\u00edstica (INE) public\u00f3 las cifras del empleo y arrojaron que el desempleo en Uruguay se mantiene alto entre los m\u00e1s j\u00f3venes.\" \/>\n<meta name=\"robots\" content=\"index, follow, max-snippet:-1, max-image-preview:large, max-video-preview:-1\" \/>\n<link rel=\"canonical\" href=\"https:\/\/alprestamo.com\/blog\/desempleo-en-uruguay-crece-entre-los-jovenes-de-hasta-24-anos\/\" \/>\n<meta property=\"og:locale\" content=\"es_ES\" \/>\n<meta property=\"og:type\" content=\"article\" \/>\n<meta property=\"og:title\" content=\"Desempleo en Uruguay crece entre los j\u00f3venes de hasta 24 a\u00f1os\" \/>\n<meta property=\"og:description\" content=\"El Instituto Nacional de Estad\u00edstica (INE) public\u00f3 las cifras del empleo y arrojaron que el desempleo en Uruguay se mantiene alto entre los m\u00e1s j\u00f3venes.\" \/>\n<meta property=\"og:url\" content=\"https:\/\/alprestamo.com\/blog\/desempleo-en-uruguay-crece-entre-los-jovenes-de-hasta-24-anos\/\" \/>\n<meta property=\"og:site_name\" content=\"Alprestamo - Hacemos que todo suceda\" \/>\n<meta property=\"article:published_time\" content=\"2023-09-03T14:30:00+00:00\" \/>\n<meta property=\"article:modified_time\" content=\"2024-01-23T19:29:05+00:00\" \/>\n<meta property=\"og:image\" content=\"https:\/\/alprestamo.com\/blog\/wp-content\/uploads\/2023\/09\/desempleo-en-Uruguay.webp\" \/>\n\t<meta property=\"og:image:width\" content=\"1200\" \/>\n\t<meta property=\"og:image:height\" content=\"675\" \/>\n\t<meta property=\"og:image:type\" content=\"image\/webp\" \/>\n<meta name=\"author\" content=\"Ramiro Querejeta\" \/>\n<meta name=\"twitter:card\" content=\"summary_large_image\" \/>\n<meta name=\"twitter:label1\" content=\"Escrito por\" \/>\n\t<meta name=\"twitter:data1\" content=\"Ramiro Querejeta\" \/>\n\t<meta name=\"twitter:label2\" content=\"Tiempo de lectura\" \/>\n\t<meta name=\"twitter:data2\" content=\"1 minuto\" \/>\n<script type=\"application\/ld+json\" class=\"yoast-schema-graph\">{\"@context\":\"https:\/\/schema.org\",\"@graph\":[{\"@type\":\"NewsArticle\",\"@id\":\"https:\/\/alprestamo.com\/blog\/desempleo-en-uruguay-crece-entre-los-jovenes-de-hasta-24-anos\/#article\",\"isPartOf\":{\"@id\":\"https:\/\/alprestamo.com\/blog\/desempleo-en-uruguay-crece-entre-los-jovenes-de-hasta-24-anos\/\"},\"author\":{\"name\":\"Ramiro Querejeta\",\"@id\":\"https:\/\/alprestamo.com\/blog\/#\/schema\/person\/4c568603ceb381762b4c9062d42c7627\"},\"headline\":\"Desempleo en Uruguay crece entre los j\u00f3venes de hasta 24 a\u00f1os\",\"datePublished\":\"2023-09-03T14:30:00+00:00\",\"dateModified\":\"2024-01-23T19:29:05+00:00\",\"mainEntityOfPage\":{\"@id\":\"https:\/\/alprestamo.com\/blog\/desempleo-en-uruguay-crece-entre-los-jovenes-de-hasta-24-anos\/\"},\"wordCount\":263,\"publisher\":{\"@id\":\"https:\/\/alprestamo.com\/blog\/#organization\"},\"image\":{\"@id\":\"https:\/\/alprestamo.com\/blog\/desempleo-en-uruguay-crece-entre-los-jovenes-de-hasta-24-anos\/#primaryimage\"},\"thumbnailUrl\":\"https:\/\/alprestamo.com\/blog\/wp-content\/uploads\/2023\/09\/desempleo-en-Uruguay.webp\",\"articleSection\":[\"Mundo laboral\",\"UY\"],\"inLanguage\":\"es-AR\"},{\"@type\":\"WebPage\",\"@id\":\"https:\/\/alprestamo.com\/blog\/desempleo-en-uruguay-crece-entre-los-jovenes-de-hasta-24-anos\/\",\"url\":\"https:\/\/alprestamo.com\/blog\/desempleo-en-uruguay-crece-entre-los-jovenes-de-hasta-24-anos\/\",\"name\":\"Desempleo en Uruguay crece entre los j\u00f3venes de hasta 24 a\u00f1os\",\"isPartOf\":{\"@id\":\"https:\/\/alprestamo.com\/blog\/#website\"},\"primaryImageOfPage\":{\"@id\":\"https:\/\/alprestamo.com\/blog\/desempleo-en-uruguay-crece-entre-los-jovenes-de-hasta-24-anos\/#primaryimage\"},\"image\":{\"@id\":\"https:\/\/alprestamo.com\/blog\/desempleo-en-uruguay-crece-entre-los-jovenes-de-hasta-24-anos\/#primaryimage\"},\"thumbnailUrl\":\"https:\/\/alprestamo.com\/blog\/wp-content\/uploads\/2023\/09\/desempleo-en-Uruguay.webp\",\"datePublished\":\"2023-09-03T14:30:00+00:00\",\"dateModified\":\"2024-01-23T19:29:05+00:00\",\"description\":\"El Instituto Nacional de Estad\u00edstica (INE) public\u00f3 las cifras del empleo y arrojaron que el desempleo en Uruguay se mantiene alto entre los m\u00e1s j\u00f3venes.\",\"breadcrumb\":{\"@id\":\"https:\/\/alprestamo.com\/blog\/desempleo-en-uruguay-crece-entre-los-jovenes-de-hasta-24-anos\/#breadcrumb\"},\"inLanguage\":\"es-AR\",\"potentialAction\":[{\"@type\":\"ReadAction\",\"target\":[\"https:\/\/alprestamo.com\/blog\/desempleo-en-uruguay-crece-entre-los-jovenes-de-hasta-24-anos\/\"]}]},{\"@type\":\"ImageObject\",\"inLanguage\":\"es-AR\",\"@id\":\"https:\/\/alprestamo.com\/blog\/desempleo-en-uruguay-crece-entre-los-jovenes-de-hasta-24-anos\/#primaryimage\",\"url\":\"https:\/\/alprestamo.com\/blog\/wp-content\/uploads\/2023\/09\/desempleo-en-Uruguay.webp\",\"contentUrl\":\"https:\/\/alprestamo.com\/blog\/wp-content\/uploads\/2023\/09\/desempleo-en-Uruguay.webp\",\"width\":1200,\"height\":675,\"caption\":\"Desempleo en Uruguay\"},{\"@type\":\"BreadcrumbList\",\"@id\":\"https:\/\/alprestamo.com\/blog\/desempleo-en-uruguay-crece-entre-los-jovenes-de-hasta-24-anos\/#breadcrumb\",\"itemListElement\":[{\"@type\":\"ListItem\",\"position\":1,\"name\":\"Home\",\"item\":\"https:\/\/alprestamo.com\/blog\/\"},{\"@type\":\"ListItem\",\"position\":2,\"name\":\"Desempleo en Uruguay crece entre los j\u00f3venes de hasta 24 a\u00f1os\"}]},{\"@type\":\"WebSite\",\"@id\":\"https:\/\/alprestamo.com\/blog\/#website\",\"url\":\"https:\/\/alprestamo.com\/blog\/\",\"name\":\"Alprestamo\",\"description\":\"Hacemos que todo suceda\",\"publisher\":{\"@id\":\"https:\/\/alprestamo.com\/blog\/#organization\"},\"potentialAction\":[{\"@type\":\"SearchAction\",\"target\":{\"@type\":\"EntryPoint\",\"urlTemplate\":\"https:\/\/alprestamo.com\/blog\/?s={search_term_string}\"},\"query-input\":\"required name=search_term_string\"}],\"inLanguage\":\"es-AR\"},{\"@type\":\"Organization\",\"@id\":\"https:\/\/alprestamo.com\/blog\/#organization\",\"name\":\"Alprestamo\",\"url\":\"https:\/\/alprestamo.com\/blog\/\",\"logo\":{\"@type\":\"ImageObject\",\"inLanguage\":\"es-AR\",\"@id\":\"https:\/\/alprestamo.com\/blog\/#\/schema\/logo\/image\/\",\"url\":\"https:\/\/alprestamo.com\/blog\/wp-content\/uploads\/2022\/10\/Imagotipo_Blanco.svg\",\"contentUrl\":\"https:\/\/alprestamo.com\/blog\/wp-content\/uploads\/2022\/10\/Imagotipo_Blanco.svg\",\"width\":1199,\"height\":203,\"caption\":\"Alprestamo\"},\"image\":{\"@id\":\"https:\/\/alprestamo.com\/blog\/#\/schema\/logo\/image\/\"}},{\"@type\":\"Person\",\"@id\":\"https:\/\/alprestamo.com\/blog\/#\/schema\/person\/4c568603ceb381762b4c9062d42c7627\",\"name\":\"Ramiro Querejeta\",\"image\":{\"@type\":\"ImageObject\",\"inLanguage\":\"es-AR\",\"@id\":\"https:\/\/alprestamo.com\/blog\/#\/schema\/person\/image\/\",\"url\":\"https:\/\/alprestamo.com\/blog\/wp-content\/uploads\/2025\/08\/1688503693490-150x150.jpeg\",\"contentUrl\":\"https:\/\/alprestamo.com\/blog\/wp-content\/uploads\/2025\/08\/1688503693490-150x150.jpeg\",\"caption\":\"Ramiro Querejeta\"},\"url\":\"https:\/\/alprestamo.com\/blog\/author\/ramiro\/\"}]}<\/script>\n<!-- \/ Yoast SEO plugin. -->","yoast_head_json":{"title":"Desempleo en Uruguay crece entre los j\u00f3venes de hasta 24 a\u00f1os","description":"El Instituto Nacional de Estad\u00edstica (INE) public\u00f3 las cifras del empleo y arrojaron que el desempleo en Uruguay se mantiene alto entre los m\u00e1s j\u00f3venes.","robots":{"index":"index","follow":"follow","max-snippet":"max-snippet:-1","max-image-preview":"max-image-preview:large","max-video-preview":"max-video-preview:-1"},"canonical":"https:\/\/alprestamo.com\/blog\/desempleo-en-uruguay-crece-entre-los-jovenes-de-hasta-24-anos\/","og_locale":"es_ES","og_type":"article","og_title":"Desempleo en Uruguay crece entre los j\u00f3venes de hasta 24 a\u00f1os","og_description":"El Instituto Nacional de Estad\u00edstica (INE) public\u00f3 las cifras del empleo y arrojaron que el desempleo en Uruguay se mantiene alto entre los m\u00e1s j\u00f3venes.","og_url":"https:\/\/alprestamo.com\/blog\/desempleo-en-uruguay-crece-entre-los-jovenes-de-hasta-24-anos\/","og_site_name":"Alprestamo - Hacemos que todo suceda","article_published_time":"2023-09-03T14:30:00+00:00","article_modified_time":"2024-01-23T19:29:05+00:00","og_image":[{"width":1200,"height":675,"url":"https:\/\/alprestamo.com\/blog\/wp-content\/uploads\/2023\/09\/desempleo-en-Uruguay.webp","type":"image\/webp"}],"author":"Ramiro Querejeta","twitter_card":"summary_large_image","twitter_misc":{"Escrito por":"Ramiro Querejeta","Tiempo de lectura":"1 minuto"},"schema":{"@context":"https:\/\/schema.org","@graph":[{"@type":"NewsArticle","@id":"https:\/\/alprestamo.com\/blog\/desempleo-en-uruguay-crece-entre-los-jovenes-de-hasta-24-anos\/#article","isPartOf":{"@id":"https:\/\/alprestamo.com\/blog\/desempleo-en-uruguay-crece-entre-los-jovenes-de-hasta-24-anos\/"},"author":{"name":"Ramiro Querejeta","@id":"https:\/\/alprestamo.com\/blog\/#\/schema\/person\/4c568603ceb381762b4c9062d42c7627"},"headline":"Desempleo en Uruguay crece entre los j\u00f3venes de hasta 24 a\u00f1os","datePublished":"2023-09-03T14:30:00+00:00","dateModified":"2024-01-23T19:29:05+00:00","mainEntityOfPage":{"@id":"https:\/\/alprestamo.com\/blog\/desempleo-en-uruguay-crece-entre-los-jovenes-de-hasta-24-anos\/"},"wordCount":263,"publisher":{"@id":"https:\/\/alprestamo.com\/blog\/#organization"},"image":{"@id":"https:\/\/alprestamo.com\/blog\/desempleo-en-uruguay-crece-entre-los-jovenes-de-hasta-24-anos\/#primaryimage"},"thumbnailUrl":"https:\/\/alprestamo.com\/blog\/wp-content\/uploads\/2023\/09\/desempleo-en-Uruguay.webp","articleSection":["Mundo laboral","UY"],"inLanguage":"es-AR"},{"@type":"WebPage","@id":"https:\/\/alprestamo.com\/blog\/desempleo-en-uruguay-crece-entre-los-jovenes-de-hasta-24-anos\/","url":"https:\/\/alprestamo.com\/blog\/desempleo-en-uruguay-crece-entre-los-jovenes-de-hasta-24-anos\/","name":"Desempleo en Uruguay crece entre los j\u00f3venes de hasta 24 a\u00f1os","isPartOf":{"@id":"https:\/\/alprestamo.com\/blog\/#website"},"primaryImageOfPage":{"@id":"https:\/\/alprestamo.com\/blog\/desempleo-en-uruguay-crece-entre-los-jovenes-de-hasta-24-anos\/#primaryimage"},"image":{"@id":"https:\/\/alprestamo.com\/blog\/desempleo-en-uruguay-crece-entre-los-jovenes-de-hasta-24-anos\/#primaryimage"},"thumbnailUrl":"https:\/\/alprestamo.com\/blog\/wp-content\/uploads\/2023\/09\/desempleo-en-Uruguay.webp","datePublished":"2023-09-03T14:30:00+00:00","dateModified":"2024-01-23T19:29:05+00:00","description":"El Instituto Nacional de Estad\u00edstica (INE) public\u00f3 las cifras del empleo y arrojaron que el desempleo en Uruguay se mantiene alto entre los m\u00e1s j\u00f3venes.","breadcrumb":{"@id":"https:\/\/alprestamo.com\/blog\/desempleo-en-uruguay-crece-entre-los-jovenes-de-hasta-24-anos\/#breadcrumb"},"inLanguage":"es-AR","potentialAction":[{"@type":"ReadAction","target":["https:\/\/alprestamo.com\/blog\/desempleo-en-uruguay-crece-entre-los-jovenes-de-hasta-24-anos\/"]}]},{"@type":"ImageObject","inLanguage":"es-AR","@id":"https:\/\/alprestamo.com\/blog\/desempleo-en-uruguay-crece-entre-los-jovenes-de-hasta-24-anos\/#primaryimage","url":"https:\/\/alprestamo.com\/blog\/wp-content\/uploads\/2023\/09\/desempleo-en-Uruguay.webp","contentUrl":"https:\/\/alprestamo.com\/blog\/wp-content\/uploads\/2023\/09\/desempleo-en-Uruguay.webp","width":1200,"height":675,"caption":"Desempleo en Uruguay"},{"@type":"BreadcrumbList","@id":"https:\/\/alprestamo.com\/blog\/desempleo-en-uruguay-crece-entre-los-jovenes-de-hasta-24-anos\/#breadcrumb","itemListElement":[{"@type":"ListItem","position":1,"name":"Home","item":"https:\/\/alprestamo.com\/blog\/"},{"@type":"ListItem","position":2,"name":"Desempleo en Uruguay crece entre los j\u00f3venes de hasta 24 a\u00f1os"}]},{"@type":"WebSite","@id":"https:\/\/alprestamo.com\/blog\/#website","url":"https:\/\/alprestamo.com\/blog\/","name":"Alprestamo","description":"Hacemos que todo suceda","publisher":{"@id":"https:\/\/alprestamo.com\/blog\/#organization"},"potentialAction":[{"@type":"SearchAction","target":{"@type":"EntryPoint","urlTemplate":"https:\/\/alprestamo.com\/blog\/?s={search_term_string}"},"query-input":"required name=search_term_string"}],"inLanguage":"es-AR"},{"@type":"Organization","@id":"https:\/\/alprestamo.com\/blog\/#organization","name":"Alprestamo","url":"https:\/\/alprestamo.com\/blog\/","logo":{"@type":"ImageObject","inLanguage":"es-AR","@id":"https:\/\/alprestamo.com\/blog\/#\/schema\/logo\/image\/","url":"https:\/\/alprestamo.com\/blog\/wp-content\/uploads\/2022\/10\/Imagotipo_Blanco.svg","contentUrl":"https:\/\/alprestamo.com\/blog\/wp-content\/uploads\/2022\/10\/Imagotipo_Blanco.svg","width":1199,"height":203,"caption":"Alprestamo"},"image":{"@id":"https:\/\/alprestamo.com\/blog\/#\/schema\/logo\/image\/"}},{"@type":"Person","@id":"https:\/\/alprestamo.com\/blog\/#\/schema\/person\/4c568603ceb381762b4c9062d42c7627","name":"Ramiro Querejeta","image":{"@type":"ImageObject","inLanguage":"es-AR","@id":"https:\/\/alprestamo.com\/blog\/#\/schema\/person\/image\/","url":"https:\/\/alprestamo.com\/blog\/wp-content\/uploads\/2025\/08\/1688503693490-150x150.jpeg","contentUrl":"https:\/\/alprestamo.com\/blog\/wp-content\/uploads\/2025\/08\/1688503693490-150x150.jpeg","caption":"Ramiro Querejeta"},"url":"https:\/\/alprestamo.com\/blog\/author\/ramiro\/"}]}},"uagb_featured_image_src":{"full":["https:\/\/alprestamo.com\/blog\/wp-content\/uploads\/2023\/09\/desempleo-en-Uruguay.webp",1200,675,false],"thumbnail":["https:\/\/alprestamo.com\/blog\/wp-content\/uploads\/2023\/09\/desempleo-en-Uruguay-150x150.webp",150,150,true],"medium":["https:\/\/alprestamo.com\/blog\/wp-content\/uploads\/2023\/09\/desempleo-en-Uruguay-300x169.webp",300,169,true],"medium_large":["https:\/\/alprestamo.com\/blog\/wp-content\/uploads\/2023\/09\/desempleo-en-Uruguay-768x432.webp",768,432,true],"large":["https:\/\/alprestamo.com\/blog\/wp-content\/uploads\/2023\/09\/desempleo-en-Uruguay-1024x576.webp",1024,576,true],"1536x1536":["https:\/\/alprestamo.com\/blog\/wp-content\/uploads\/2023\/09\/desempleo-en-Uruguay.webp",1200,675,false],"2048x2048":["https:\/\/alprestamo.com\/blog\/wp-content\/uploads\/2023\/09\/desempleo-en-Uruguay.webp",1200,675,false]},"uagb_author_info":{"display_name":"Ramiro Querejeta","author_link":"https:\/\/alprestamo.com\/blog\/author\/ramiro\/"},"uagb_comment_info":0,"uagb_excerpt":"El Instituto Nacional de Estad\u00edstica (INE) public\u00f3 las cifras del empleo y arrojaron que el desempleo en Uruguay se mantiene alto entre los m\u00e1s j\u00f3venes. Actualmente afecta al 43,2% de las personas que integran la franja de edad de entre los 14 a 24 a\u00f1os.&nbsp; Este dato corresponde al mes de julio y comprende el&hellip;","rttpg_featured_image_url":{"full":["https:\/\/alprestamo.com\/blog\/wp-content\/uploads\/2023\/09\/desempleo-en-Uruguay.webp",1200,675,false],"landscape":["https:\/\/alprestamo.com\/blog\/wp-content\/uploads\/2023\/09\/desempleo-en-Uruguay.webp",1200,675,false],"portraits":["https:\/\/alprestamo.com\/blog\/wp-content\/uploads\/2023\/09\/desempleo-en-Uruguay.webp",1200,675,false],"thumbnail":["https:\/\/alprestamo.com\/blog\/wp-content\/uploads\/2023\/09\/desempleo-en-Uruguay-150x150.webp",150,150,true],"medium":["https:\/\/alprestamo.com\/blog\/wp-content\/uploads\/2023\/09\/desempleo-en-Uruguay-300x169.webp",300,169,true],"large":["https:\/\/alprestamo.com\/blog\/wp-content\/uploads\/2023\/09\/desempleo-en-Uruguay-1024x576.webp",1024,576,true],"1536x1536":["https:\/\/alprestamo.com\/blog\/wp-content\/uploads\/2023\/09\/desempleo-en-Uruguay.webp",1200,675,false],"2048x2048":["https:\/\/alprestamo.com\/blog\/wp-content\/uploads\/2023\/09\/desempleo-en-Uruguay.webp",1200,675,false],"rt_custom":["https:\/\/alprestamo.com\/blog\/wp-content\/uploads\/2023\/09\/desempleo-en-Uruguay.webp",1200,675,false]},"rttpg_author":{"display_name":"Ramiro Querejeta","author_link":"https:\/\/alprestamo.com\/blog\/author\/ramiro\/"},"rttpg_comment":0,"rttpg_category":"<a href=\"https:\/\/alprestamo.com\/blog\/categoria\/uy\/mundo-laboral-uy\/\" rel=\"category tag\">Mundo laboral<\/a> <a href=\"https:\/\/alprestamo.com\/blog\/categoria\/uy\/\" rel=\"category tag\">UY<\/a>","rttpg_excerpt":"El Instituto Nacional de Estad\u00edstica (INE) public\u00f3 las cifras del empleo y arrojaron que el desempleo en Uruguay se mantiene alto entre los m\u00e1s j\u00f3venes. Actualmente afecta al 43,2% de las personas que integran la franja de edad de entre los 14 a 24 a\u00f1os.&nbsp; Este dato corresponde al mes de julio y comprende el&hellip;","_links":{"self":[{"href":"https:\/\/alprestamo.com\/blog\/wp-json\/wp\/v2\/posts\/28428"}],"collection":[{"href":"https:\/\/alprestamo.com\/blog\/wp-json\/wp\/v2\/posts"}],"about":[{"href":"https:\/\/alprestamo.com\/blog\/wp-json\/wp\/v2\/types\/post"}],"author":[{"embeddable":true,"href":"https:\/\/alprestamo.com\/blog\/wp-json\/wp\/v2\/users\/9"}],"replies":[{"embeddable":true,"href":"https:\/\/alprestamo.com\/blog\/wp-json\/wp\/v2\/comments?post=28428"}],"version-history":[{"count":6,"href":"https:\/\/alprestamo.com\/blog\/wp-json\/wp\/v2\/posts\/28428\/revisions"}],"predecessor-version":[{"id":30727,"href":"https:\/\/alprestamo.com\/blog\/wp-json\/wp\/v2\/posts\/28428\/revisions\/30727"}],"wp:featuredmedia":[{"embeddable":true,"href":"https:\/\/alprestamo.com\/blog\/wp-json\/wp\/v2\/media\/28439"}],"wp:attachment":[{"href":"https:\/\/alprestamo.com\/blog\/wp-json\/wp\/v2\/media?parent=28428"}],"wp:term":[{"taxonomy":"category","embeddable":true,"href":"https:\/\/alprestamo.com\/blog\/wp-json\/wp\/v2\/categories?post=28428"},{"taxonomy":"post_tag","embeddable":true,"href":"https:\/\/alprestamo.com\/blog\/wp-json\/wp\/v2\/tags?post=28428"}],"curies":[{"name":"wp","href":"https:\/\/api.w.org\/{rel}","templated":true}]}}